{"id":233351,"date":"2021-07-22T09:01:59","date_gmt":"2021-07-22T12:01:59","guid":{"rendered":"https:\/\/franciscanos.org.br\/noticias\/?p=233351"},"modified":"2021-07-22T09:01:59","modified_gmt":"2021-07-22T12:01:59","slug":"usf-esta-com-inscricoes-abertas-para-o-vestibular-social","status":"publish","type":"post","link":"https:\/\/franciscanos.org.br\/noticias\/usf-esta-com-inscricoes-abertas-para-o-vestibular-social.html","title":{"rendered":"USF est\u00e1 com inscri\u00e7\u00f5es abertas para o Vestibular Social"},"content":{"rendered":"<p><img loading=\"lazy\" class=\"alignnone wp-image-233352 size-full\" src=\"https:\/\/franciscanos.org.br\/noticias\/wp-content\/uploads\/2021\/07\/usf_22.jpg\" alt=\"\" width=\"1280\" height=\"721\" srcset=\"https:\/\/franciscanos.org.br\/noticias\/wp-content\/uploads\/2021\/07\/usf_22.jpg 1280w, https:\/\/franciscanos.org.br\/noticias\/wp-content\/uploads\/2021\/07\/usf_22-450x253.jpg 450w, https:\/\/franciscanos.org.br\/noticias\/wp-content\/uploads\/2021\/07\/usf_22-1024x577.jpg 1024w, https:\/\/franciscanos.org.br\/noticias\/wp-content\/uploads\/2021\/07\/usf_22-768x433.jpg 768w, https:\/\/franciscanos.org.br\/noticias\/wp-content\/uploads\/2021\/07\/usf_22-150x84.jpg 150w\" sizes=\"(max-width: 1280px) 100vw, 1280px\" \/><\/p>\n<p>A Universidade S\u00e3o Francisco (USF) est\u00e1 com inscri\u00e7\u00f5es abertas para o Vestibular Social. Est\u00e3o sendo ofertadas 551 bolsas de estudo de 50% para cursos de gradua\u00e7\u00e3o, presenciais e a dist\u00e2ncia, ofertados nos c\u00e2mpus e polos de Atibaia, Amparo, Bragan\u00e7a Paulista, Campinas, Cambu\u00ed-MG, Itatiba, Paul\u00ednia e Petr\u00f3polis-RJ. Inscri\u00e7\u00f5es em usf.edu.br\/vestibularsocial.<\/p>\n<p>Para participar, o candidato deve realizar a inscri\u00e7\u00e3o gratuita e agendar a sua prova online, que consiste em uma reda\u00e7\u00e3o. A classifica\u00e7\u00e3o \u00e9 por ordem de matr\u00edcula, enquanto houver vagas.<\/p>\n<p><strong>Para participar o candidato deve:<\/strong><\/p>\n<p>&#8211; Ser brasileiro nato ou naturalizado;<br \/>\n&#8211; N\u00e3o ter diploma de curso superior;<br \/>\n&#8211; Ter cursado o ensino m\u00e9dio completo em escola da rede p\u00fablica ou na rede privada, na condi\u00e7\u00e3o de bolsista integral da pr\u00f3pria escola;<br \/>\n&#8211; Possuir renda familiar de at\u00e9 tr\u00eas sal\u00e1rios m\u00ednimo;<br \/>\n&#8211; Ter patrim\u00f4nio compat\u00edvel com a renda familiar de at\u00e9 tr\u00eas sal\u00e1rios m\u00ednimo;<br \/>\n&#8211; N\u00e3o ter v\u00ednculo acad\u00eamico com a USF ou n\u00e3o ter sido discente dos cursos de gradua\u00e7\u00e3o da USF no ano corrente nem no anterior;<br \/>\n&#8211; N\u00e3o ser benefici\u00e1rio de outro Programa de bolsas e\/ou financiamentos governamentais ou da pr\u00f3pria USF.<\/p>\n<p>As inscri\u00e7\u00f5es podem ser realizadas at\u00e9 o dia <strong>13 de agosto.<\/strong><\/p>\n<p>Todas as informa\u00e7\u00f5es est\u00e3o dispon\u00edveis no edital.<\/p>\n<p><strong>Confira a lista de Cursos ofertados:<\/strong> &#8211; Administra\u00e7\u00e3o, An\u00e1lise e desenvolvimento de Sistemas, Biomedicina, Ci\u00eancias Cont\u00e1beis, Ci\u00eancias Econ\u00f4micas, Com\u00e9rcio Exterior, Direito, Educa\u00e7\u00e3o F\u00edsica, Enfermagem, Engenharia Agron\u00f4mica, Engenharia Civil, Engenharia de Computa\u00e7\u00e3o, Engenharia de Produ\u00e7\u00e3o, Engenharia El\u00e9trica, Engenharia Mec\u00e2nica, Engenharia Qu\u00edmica, Farm\u00e1cia, Filosofia, Fisioterapia, Gest\u00e3o Comercial, Gest\u00e3o da Produ\u00e7\u00e3o Industrial, Gest\u00e3o da Qualidade, Gest\u00e3o de Recursos Humanos, Gest\u00e3o do Agroneg\u00f3cio, Gest\u00e3o Financeira, Gest\u00e3o Hospitalar, Gest\u00e3o P\u00fablica, Hist\u00f3ria, Letra (Portugu\u00eas e Ingl\u00eas), Log\u00edstica, Marketing, Medicina Veterin\u00e1ria, Nutri\u00e7\u00e3o, Odontologia, Pedagogia, Processos Gerenciais, Psicologia, Servi\u00e7o Social e Teologia.<\/p>\n<p>Inscri\u00e7\u00f5es em <a href=\"http:\/\/usf.edu.br\/vestibularsocial\">usf.edu.br\/vestibularsocial<\/a>.<\/p>\n<hr \/>\n<p><em>Ana Paula Moreira<\/em><\/p>\n","protected":false},"excerpt":{"rendered":"<p>Universidade S\u00e3o Francisco<\/p>\n","protected":false},"author":3,"featured_media":233353,"comment_status":"open","ping_status":"open","sticky":false,"template":"","format":"standard","meta":[],"categories":[1],"tags":[354],"acf":[],"yoast_head":"<!-- This site is optimized with the Yoast SEO plugin v19.2 - https:\/\/yoast.com\/wordpress\/plugins\/seo\/ -->\n<title>USF est\u00e1 com inscri\u00e7\u00f5es abertas para o Vestibular Social - Not\u00edcias - Franciscanos<\/title>\n<meta name=\"robots\" content=\"index, follow, max-snippet:-1, max-image-preview:large, max-video-preview:-1\" \/>\n<link rel=\"canonical\" href=\"https:\/\/franciscanos.org.br\/noticias\/usf-esta-com-inscricoes-abertas-para-o-vestibular-social.html\" \/>\n<meta property=\"og:locale\" content=\"pt_BR\" \/>\n<meta property=\"og:type\" content=\"article\" \/>\n<meta property=\"og:title\" content=\"USF est\u00e1 com inscri\u00e7\u00f5es abertas para o Vestibular Social - Not\u00edcias - Franciscanos\" \/>\n<meta property=\"og:description\" content=\"Universidade S\u00e3o Francisco\" \/>\n<meta property=\"og:url\" content=\"https:\/\/franciscanos.org.br\/noticias\/usf-esta-com-inscricoes-abertas-para-o-vestibular-social.html\" \/>\n<meta property=\"og:site_name\" content=\"Not\u00edcias - Franciscanos\" \/>\n<meta property=\"article:published_time\" content=\"2021-07-22T12:01:59+00:00\" \/>\n<meta property=\"og:image\" content=\"https:\/\/franciscanos.org.br\/noticias\/wp-content\/uploads\/2021\/07\/usf_22d.jpg\" \/>\n\t<meta property=\"og:image:width\" content=\"800\" \/>\n\t<meta property=\"og:image:height\" content=\"550\" \/>\n\t<meta property=\"og:image:type\" content=\"image\/jpeg\" \/>\n<meta name=\"author\" content=\"moacir\" \/>\n<meta name=\"twitter:card\" content=\"summary_large_image\" \/>\n<meta name=\"twitter:label1\" content=\"Escrito por\" \/>\n\t<meta name=\"twitter:data1\" content=\"moacir\" \/>\n\t<meta name=\"twitter:label2\" content=\"Est. tempo de leitura\" \/>\n\t<meta name=\"twitter:data2\" content=\"2 minutos\" \/>\n<script type=\"application\/ld+json\" class=\"yoast-schema-graph\">{\"@context\":\"https:\/\/schema.org\",\"@graph\":[{\"@type\":\"WebSite\",\"@id\":\"https:\/\/franciscanos.org.br\/noticias\/#website\",\"url\":\"https:\/\/franciscanos.org.br\/noticias\/\",\"name\":\"Not\u00edcias - Franciscanos\",\"description\":\"Prov\u00edncia Franciscana da Imaculada Concei\u00e7\u00e3o do Brasil - Ordem dos Frades Menores - OFM\",\"potentialAction\":[{\"@type\":\"SearchAction\",\"target\":{\"@type\":\"EntryPoint\",\"urlTemplate\":\"https:\/\/franciscanos.org.br\/noticias\/?s={search_term_string}\"},\"query-input\":\"required name=search_term_string\"}],\"inLanguage\":\"pt-BR\"},{\"@type\":\"ImageObject\",\"inLanguage\":\"pt-BR\",\"@id\":\"https:\/\/franciscanos.org.br\/noticias\/usf-esta-com-inscricoes-abertas-para-o-vestibular-social.html#primaryimage\",\"url\":\"https:\/\/franciscanos.org.br\/noticias\/wp-content\/uploads\/2021\/07\/usf_22d.jpg\",\"contentUrl\":\"https:\/\/franciscanos.org.br\/noticias\/wp-content\/uploads\/2021\/07\/usf_22d.jpg\",\"width\":800,\"height\":550},{\"@type\":\"WebPage\",\"@id\":\"https:\/\/franciscanos.org.br\/noticias\/usf-esta-com-inscricoes-abertas-para-o-vestibular-social.html#webpage\",\"url\":\"https:\/\/franciscanos.org.br\/noticias\/usf-esta-com-inscricoes-abertas-para-o-vestibular-social.html\",\"name\":\"USF est\u00e1 com inscri\u00e7\u00f5es abertas para o Vestibular Social - Not\u00edcias - Franciscanos\",\"isPartOf\":{\"@id\":\"https:\/\/franciscanos.org.br\/noticias\/#website\"},\"primaryImageOfPage\":{\"@id\":\"https:\/\/franciscanos.org.br\/noticias\/usf-esta-com-inscricoes-abertas-para-o-vestibular-social.html#primaryimage\"},\"datePublished\":\"2021-07-22T12:01:59+00:00\",\"dateModified\":\"2021-07-22T12:01:59+00:00\",\"author\":{\"@id\":\"https:\/\/franciscanos.org.br\/noticias\/#\/schema\/person\/b5c8cba458c330ccff548b056e95a5d4\"},\"breadcrumb\":{\"@id\":\"https:\/\/franciscanos.org.br\/noticias\/usf-esta-com-inscricoes-abertas-para-o-vestibular-social.html#breadcrumb\"},\"inLanguage\":\"pt-BR\",\"potentialAction\":[{\"@type\":\"ReadAction\",\"target\":[\"https:\/\/franciscanos.org.br\/noticias\/usf-esta-com-inscricoes-abertas-para-o-vestibular-social.html\"]}]},{\"@type\":\"BreadcrumbList\",\"@id\":\"https:\/\/franciscanos.org.br\/noticias\/usf-esta-com-inscricoes-abertas-para-o-vestibular-social.html#breadcrumb\",\"itemListElement\":[{\"@type\":\"ListItem\",\"position\":1,\"name\":\"Home\",\"item\":\"https:\/\/franciscanos.org.br\/noticias\"},{\"@type\":\"ListItem\",\"position\":2,\"name\":\"USF est\u00e1 com inscri\u00e7\u00f5es abertas para o Vestibular Social\"}]},{\"@type\":\"Person\",\"@id\":\"https:\/\/franciscanos.org.br\/noticias\/#\/schema\/person\/b5c8cba458c330ccff548b056e95a5d4\",\"name\":\"moacir\",\"image\":{\"@type\":\"ImageObject\",\"inLanguage\":\"pt-BR\",\"@id\":\"https:\/\/franciscanos.org.br\/noticias\/#\/schema\/person\/image\/\",\"url\":\"https:\/\/secure.gravatar.com\/avatar\/d08aa2ce4c8dd416d4479aa8536fcf64?s=96&d=mm&r=g\",\"contentUrl\":\"https:\/\/secure.gravatar.com\/avatar\/d08aa2ce4c8dd416d4479aa8536fcf64?s=96&d=mm&r=g\",\"caption\":\"moacir\"},\"url\":\"https:\/\/franciscanos.org.br\/noticias\/author\/moacir\"}]}<\/script>\n<!-- \/ Yoast SEO plugin. -->","yoast_head_json":{"title":"USF est\u00e1 com inscri\u00e7\u00f5es abertas para o Vestibular Social - Not\u00edcias - Franciscanos","robots":{"index":"index","follow":"follow","max-snippet":"max-snippet:-1","max-image-preview":"max-image-preview:large","max-video-preview":"max-video-preview:-1"},"canonical":"https:\/\/franciscanos.org.br\/noticias\/usf-esta-com-inscricoes-abertas-para-o-vestibular-social.html","og_locale":"pt_BR","og_type":"article","og_title":"USF est\u00e1 com inscri\u00e7\u00f5es abertas para o Vestibular Social - Not\u00edcias - Franciscanos","og_description":"Universidade S\u00e3o Francisco","og_url":"https:\/\/franciscanos.org.br\/noticias\/usf-esta-com-inscricoes-abertas-para-o-vestibular-social.html","og_site_name":"Not\u00edcias - Franciscanos","article_published_time":"2021-07-22T12:01:59+00:00","og_image":[{"width":800,"height":550,"url":"https:\/\/franciscanos.org.br\/noticias\/wp-content\/uploads\/2021\/07\/usf_22d.jpg","type":"image\/jpeg"}],"author":"moacir","twitter_card":"summary_large_image","twitter_misc":{"Escrito por":"moacir","Est. tempo de leitura":"2 minutos"},"schema":{"@context":"https:\/\/schema.org","@graph":[{"@type":"WebSite","@id":"https:\/\/franciscanos.org.br\/noticias\/#website","url":"https:\/\/franciscanos.org.br\/noticias\/","name":"Not\u00edcias - Franciscanos","description":"Prov\u00edncia Franciscana da Imaculada Concei\u00e7\u00e3o do Brasil - Ordem dos Frades Menores - OFM","potentialAction":[{"@type":"SearchAction","target":{"@type":"EntryPoint","urlTemplate":"https:\/\/franciscanos.org.br\/noticias\/?s={search_term_string}"},"query-input":"required name=search_term_string"}],"inLanguage":"pt-BR"},{"@type":"ImageObject","inLanguage":"pt-BR","@id":"https:\/\/franciscanos.org.br\/noticias\/usf-esta-com-inscricoes-abertas-para-o-vestibular-social.html#primaryimage","url":"https:\/\/franciscanos.org.br\/noticias\/wp-content\/uploads\/2021\/07\/usf_22d.jpg","contentUrl":"https:\/\/franciscanos.org.br\/noticias\/wp-content\/uploads\/2021\/07\/usf_22d.jpg","width":800,"height":550},{"@type":"WebPage","@id":"https:\/\/franciscanos.org.br\/noticias\/usf-esta-com-inscricoes-abertas-para-o-vestibular-social.html#webpage","url":"https:\/\/franciscanos.org.br\/noticias\/usf-esta-com-inscricoes-abertas-para-o-vestibular-social.html","name":"USF est\u00e1 com inscri\u00e7\u00f5es abertas para o Vestibular Social - Not\u00edcias - Franciscanos","isPartOf":{"@id":"https:\/\/franciscanos.org.br\/noticias\/#website"},"primaryImageOfPage":{"@id":"https:\/\/franciscanos.org.br\/noticias\/usf-esta-com-inscricoes-abertas-para-o-vestibular-social.html#primaryimage"},"datePublished":"2021-07-22T12:01:59+00:00","dateModified":"2021-07-22T12:01:59+00:00","author":{"@id":"https:\/\/franciscanos.org.br\/noticias\/#\/schema\/person\/b5c8cba458c330ccff548b056e95a5d4"},"breadcrumb":{"@id":"https:\/\/franciscanos.org.br\/noticias\/usf-esta-com-inscricoes-abertas-para-o-vestibular-social.html#breadcrumb"},"inLanguage":"pt-BR","potentialAction":[{"@type":"ReadAction","target":["https:\/\/franciscanos.org.br\/noticias\/usf-esta-com-inscricoes-abertas-para-o-vestibular-social.html"]}]},{"@type":"BreadcrumbList","@id":"https:\/\/franciscanos.org.br\/noticias\/usf-esta-com-inscricoes-abertas-para-o-vestibular-social.html#breadcrumb","itemListElement":[{"@type":"ListItem","position":1,"name":"Home","item":"https:\/\/franciscanos.org.br\/noticias"},{"@type":"ListItem","position":2,"name":"USF est\u00e1 com inscri\u00e7\u00f5es abertas para o Vestibular Social"}]},{"@type":"Person","@id":"https:\/\/franciscanos.org.br\/noticias\/#\/schema\/person\/b5c8cba458c330ccff548b056e95a5d4","name":"moacir","image":{"@type":"ImageObject","inLanguage":"pt-BR","@id":"https:\/\/franciscanos.org.br\/noticias\/#\/schema\/person\/image\/","url":"https:\/\/secure.gravatar.com\/avatar\/d08aa2ce4c8dd416d4479aa8536fcf64?s=96&d=mm&r=g","contentUrl":"https:\/\/secure.gravatar.com\/avatar\/d08aa2ce4c8dd416d4479aa8536fcf64?s=96&d=mm&r=g","caption":"moacir"},"url":"https:\/\/franciscanos.org.br\/noticias\/author\/moacir"}]}},"_links":{"self":[{"href":"https:\/\/franciscanos.org.br\/noticias\/wp-json\/wp\/v2\/posts\/233351"}],"collection":[{"href":"https:\/\/franciscanos.org.br\/noticias\/wp-json\/wp\/v2\/posts"}],"about":[{"href":"https:\/\/franciscanos.org.br\/noticias\/wp-json\/wp\/v2\/types\/post"}],"author":[{"embeddable":true,"href":"https:\/\/franciscanos.org.br\/noticias\/wp-json\/wp\/v2\/users\/3"}],"replies":[{"embeddable":true,"href":"https:\/\/franciscanos.org.br\/noticias\/wp-json\/wp\/v2\/comments?post=233351"}],"version-history":[{"count":1,"href":"https:\/\/franciscanos.org.br\/noticias\/wp-json\/wp\/v2\/posts\/233351\/revisions"}],"predecessor-version":[{"id":233354,"href":"https:\/\/franciscanos.org.br\/noticias\/wp-json\/wp\/v2\/posts\/233351\/revisions\/233354"}],"wp:featuredmedia":[{"embeddable":true,"href":"https:\/\/franciscanos.org.br\/noticias\/wp-json\/wp\/v2\/media\/233353"}],"wp:attachment":[{"href":"https:\/\/franciscanos.org.br\/noticias\/wp-json\/wp\/v2\/media?parent=233351"}],"wp:term":[{"taxonomy":"category","embeddable":true,"href":"https:\/\/franciscanos.org.br\/noticias\/wp-json\/wp\/v2\/categories?post=233351"},{"taxonomy":"post_tag","embeddable":true,"href":"https:\/\/franciscanos.org.br\/noticias\/wp-json\/wp\/v2\/tags?post=233351"}],"curies":[{"name":"wp","href":"https:\/\/api.w.org\/{rel}","templated":true}]}}