{"id":233341,"date":"2021-07-22T08:15:22","date_gmt":"2021-07-22T11:15:22","guid":{"rendered":"https:\/\/franciscanos.org.br\/noticias\/?p=233341"},"modified":"2021-07-22T08:49:02","modified_gmt":"2021-07-22T11:49:02","slug":"cesarvisitador","status":"publish","type":"post","link":"https:\/\/franciscanos.org.br\/noticias\/cesarvisitador.html","title":{"rendered":"Frei C\u00e9sar \u00e9 nomeado Visitador da Prov\u00edncia da Imaculada"},"content":{"rendered":"<p><img loading=\"lazy\" class=\"alignnone wp-image-233345 size-full\" src=\"https:\/\/franciscanos.org.br\/noticias\/wp-content\/uploads\/2021\/07\/cesar_22_07.jpg\" alt=\"\" width=\"1280\" height=\"720\" srcset=\"https:\/\/franciscanos.org.br\/noticias\/wp-content\/uploads\/2021\/07\/cesar_22_07.jpg 1280w, https:\/\/franciscanos.org.br\/noticias\/wp-content\/uploads\/2021\/07\/cesar_22_07-450x253.jpg 450w, https:\/\/franciscanos.org.br\/noticias\/wp-content\/uploads\/2021\/07\/cesar_22_07-1024x576.jpg 1024w, https:\/\/franciscanos.org.br\/noticias\/wp-content\/uploads\/2021\/07\/cesar_22_07-768x432.jpg 768w, https:\/\/franciscanos.org.br\/noticias\/wp-content\/uploads\/2021\/07\/cesar_22_07-150x84.jpg 150w\" sizes=\"(max-width: 1280px) 100vw, 1280px\" \/><\/p>\n<p>O novo Ministro Geral da Ordem dos Frades Menores, Frei Massimo Fusarelli, eleito no \u00faltimo dia 13 de julho em Roma, nomeou nesta quarta-feira (21\/7), Frei C\u00e9sar K\u00fclkamp, agora eleito Definidor Geral para a Am\u00e9rica Latina, para ser o Visitador Geral da Prov\u00edncia da Imaculada Concei\u00e7\u00e3o do Brasil, que estar\u00e1 em Cap\u00edtulo Provincial, previsto para o pr\u00f3ximo m\u00eas de novembro.<\/p>\n<p>Segundo o Vig\u00e1rio Provincial, Frei Gustavo Medella a nomea\u00e7\u00e3o veio por causa de um pedido do Definit\u00f3rio Provincial em vista da elei\u00e7\u00e3o de Frei C\u00e9sar como Definidor Geral. &#8220;Uma vez que o nosso Cap\u00edtulo passa a ter a miss\u00e3o de eleger o pr\u00f3ximo Ministro Provincial e precisa, necessariamente, de receber a Visita Can\u00f4nica e como Frei C\u00e9sar j\u00e1 tinha iniciado este trabalho, o Definit\u00f3rio Provincial achou por bem que ele prosseguisse, assim poder\u00edamos manter basicamente o planejamento que temos at\u00e9 agora para o nosso Cap\u00edtulo&#8221;, explicou Frei Medella.<\/p>\n<p>Na Visita Can\u00f4nica que est\u00e1 concluindo, Frei C\u00e9sar\u00a0 est\u00e1 conversando pessoalmente com cada um dos quase 380 frades da Prov\u00edncia e da Miss\u00e3o de Angola, al\u00e9m de buscar informa\u00e7\u00f5es e impress\u00f5es sobre o trabalho de evangeliza\u00e7\u00e3o realizado pelos irm\u00e3os.<\/p>\n<p>Segundo as Constitui\u00e7\u00f5es Gerais, em nome do Ministro Geral, o Visitador vai at\u00e9 as fraternidades para: conversar com cada um dos frades; conhecer as suas condi\u00e7\u00f5es; examinar as iniciativas; fomentar as atividades; promover o esp\u00edrito de fraternidade; admoestar e confortar a cada um dos frades segundo a Regra e corrigir-los em nome e com a autoridade do Ministro Geral (cf. CCGG Art. 213 e RB 10,1, RnB 4,2)\u201d.<\/p>\n<p>No pr\u00f3ximo dia 4 de agosto, Dia do Padre e de S\u00e3o Jo\u00e3o Maria Viannney, o Definit\u00f3rio Provincial se re\u00fane com a miss\u00e3o de eleger o Ministro Provincial que vai exercer esse servi\u00e7o at\u00e9 o Cap\u00edtulo Provincial.<\/p>\n<p>Fazem parte do Governo e do Definit\u00f3rio, Frei Gustavo Medella, como Vig\u00e1rio Provincial, e Frei Jo\u00e3o Mannes; Frei Paulo Pereira; Frei M\u00e1rio Tagliari; Frei Daniel Dellandrea; Frei Alexandre Magno e Frei Jo\u00e3o Francisco da Silva, como Definidores.<\/p>\n<p>A Prov\u00edncia Franciscana da Imaculada Concei\u00e7\u00e3o est\u00e1 presente no Brasil e em Angola. No Brasil, tem fraternidades nos Estados de Santa Catarina, Paran\u00e1, S\u00e3o Paulo, Rio de Janeiro e Esp\u00edrito Santo, agrupadas em 6 Regionais.<\/p>\n","protected":false},"excerpt":{"rendered":"<p>Cap\u00edtulo Provincial <\/p>\n","protected":false},"author":3,"featured_media":233347,"comment_status":"open","ping_status":"open","sticky":false,"template":"","format":"standard","meta":[],"categories":[1],"tags":[323],"acf":[],"yoast_head":"<!-- This site is optimized with the Yoast SEO plugin v19.2 - https:\/\/yoast.com\/wordpress\/plugins\/seo\/ -->\n<title>Frei C\u00e9sar \u00e9 nomeado Visitador da Prov\u00edncia da Imaculada - Not\u00edcias - Franciscanos<\/title>\n<meta name=\"robots\" content=\"index, follow, max-snippet:-1, max-image-preview:large, max-video-preview:-1\" \/>\n<link rel=\"canonical\" href=\"https:\/\/franciscanos.org.br\/noticias\/cesarvisitador.html\" \/>\n<meta property=\"og:locale\" content=\"pt_BR\" \/>\n<meta property=\"og:type\" content=\"article\" \/>\n<meta property=\"og:title\" content=\"Frei C\u00e9sar \u00e9 nomeado Visitador da Prov\u00edncia da Imaculada - Not\u00edcias - Franciscanos\" \/>\n<meta property=\"og:description\" content=\"Cap\u00edtulo Provincial\" \/>\n<meta property=\"og:url\" content=\"https:\/\/franciscanos.org.br\/noticias\/cesarvisitador.html\" \/>\n<meta property=\"og:site_name\" content=\"Not\u00edcias - Franciscanos\" \/>\n<meta property=\"article:published_time\" content=\"2021-07-22T11:15:22+00:00\" \/>\n<meta property=\"article:modified_time\" content=\"2021-07-22T11:49:02+00:00\" \/>\n<meta property=\"og:image\" content=\"https:\/\/franciscanos.org.br\/noticias\/wp-content\/uploads\/2021\/07\/cesar_22_07d.jpg\" \/>\n\t<meta property=\"og:image:width\" content=\"800\" \/>\n\t<meta property=\"og:image:height\" content=\"550\" \/>\n\t<meta property=\"og:image:type\" content=\"image\/jpeg\" \/>\n<meta name=\"author\" content=\"moacir\" \/>\n<meta name=\"twitter:card\" content=\"summary_large_image\" \/>\n<meta name=\"twitter:label1\" content=\"Escrito por\" \/>\n\t<meta name=\"twitter:data1\" content=\"moacir\" \/>\n\t<meta name=\"twitter:label2\" content=\"Est. tempo de leitura\" \/>\n\t<meta name=\"twitter:data2\" content=\"2 minutos\" \/>\n<script type=\"application\/ld+json\" class=\"yoast-schema-graph\">{\"@context\":\"https:\/\/schema.org\",\"@graph\":[{\"@type\":\"WebSite\",\"@id\":\"https:\/\/franciscanos.org.br\/noticias\/#website\",\"url\":\"https:\/\/franciscanos.org.br\/noticias\/\",\"name\":\"Not\u00edcias - Franciscanos\",\"description\":\"Prov\u00edncia Franciscana da Imaculada Concei\u00e7\u00e3o do Brasil - Ordem dos Frades Menores - OFM\",\"potentialAction\":[{\"@type\":\"SearchAction\",\"target\":{\"@type\":\"EntryPoint\",\"urlTemplate\":\"https:\/\/franciscanos.org.br\/noticias\/?s={search_term_string}\"},\"query-input\":\"required name=search_term_string\"}],\"inLanguage\":\"pt-BR\"},{\"@type\":\"ImageObject\",\"inLanguage\":\"pt-BR\",\"@id\":\"https:\/\/franciscanos.org.br\/noticias\/cesarvisitador.html#primaryimage\",\"url\":\"https:\/\/franciscanos.org.br\/noticias\/wp-content\/uploads\/2021\/07\/cesar_22_07d.jpg\",\"contentUrl\":\"https:\/\/franciscanos.org.br\/noticias\/wp-content\/uploads\/2021\/07\/cesar_22_07d.jpg\",\"width\":800,\"height\":550},{\"@type\":\"WebPage\",\"@id\":\"https:\/\/franciscanos.org.br\/noticias\/cesarvisitador.html#webpage\",\"url\":\"https:\/\/franciscanos.org.br\/noticias\/cesarvisitador.html\",\"name\":\"Frei C\u00e9sar \u00e9 nomeado Visitador da Prov\u00edncia da Imaculada - Not\u00edcias - Franciscanos\",\"isPartOf\":{\"@id\":\"https:\/\/franciscanos.org.br\/noticias\/#website\"},\"primaryImageOfPage\":{\"@id\":\"https:\/\/franciscanos.org.br\/noticias\/cesarvisitador.html#primaryimage\"},\"datePublished\":\"2021-07-22T11:15:22+00:00\",\"dateModified\":\"2021-07-22T11:49:02+00:00\",\"author\":{\"@id\":\"https:\/\/franciscanos.org.br\/noticias\/#\/schema\/person\/b5c8cba458c330ccff548b056e95a5d4\"},\"breadcrumb\":{\"@id\":\"https:\/\/franciscanos.org.br\/noticias\/cesarvisitador.html#breadcrumb\"},\"inLanguage\":\"pt-BR\",\"potentialAction\":[{\"@type\":\"ReadAction\",\"target\":[\"https:\/\/franciscanos.org.br\/noticias\/cesarvisitador.html\"]}]},{\"@type\":\"BreadcrumbList\",\"@id\":\"https:\/\/franciscanos.org.br\/noticias\/cesarvisitador.html#breadcrumb\",\"itemListElement\":[{\"@type\":\"ListItem\",\"position\":1,\"name\":\"Home\",\"item\":\"https:\/\/franciscanos.org.br\/noticias\"},{\"@type\":\"ListItem\",\"position\":2,\"name\":\"Frei C\u00e9sar \u00e9 nomeado Visitador da Prov\u00edncia da Imaculada\"}]},{\"@type\":\"Person\",\"@id\":\"https:\/\/franciscanos.org.br\/noticias\/#\/schema\/person\/b5c8cba458c330ccff548b056e95a5d4\",\"name\":\"moacir\",\"image\":{\"@type\":\"ImageObject\",\"inLanguage\":\"pt-BR\",\"@id\":\"https:\/\/franciscanos.org.br\/noticias\/#\/schema\/person\/image\/\",\"url\":\"https:\/\/secure.gravatar.com\/avatar\/d08aa2ce4c8dd416d4479aa8536fcf64?s=96&d=mm&r=g\",\"contentUrl\":\"https:\/\/secure.gravatar.com\/avatar\/d08aa2ce4c8dd416d4479aa8536fcf64?s=96&d=mm&r=g\",\"caption\":\"moacir\"},\"url\":\"https:\/\/franciscanos.org.br\/noticias\/author\/moacir\"}]}<\/script>\n<!-- \/ Yoast SEO plugin. -->","yoast_head_json":{"title":"Frei C\u00e9sar \u00e9 nomeado Visitador da Prov\u00edncia da Imaculada - Not\u00edcias - Franciscanos","robots":{"index":"index","follow":"follow","max-snippet":"max-snippet:-1","max-image-preview":"max-image-preview:large","max-video-preview":"max-video-preview:-1"},"canonical":"https:\/\/franciscanos.org.br\/noticias\/cesarvisitador.html","og_locale":"pt_BR","og_type":"article","og_title":"Frei C\u00e9sar \u00e9 nomeado Visitador da Prov\u00edncia da Imaculada - Not\u00edcias - Franciscanos","og_description":"Cap\u00edtulo Provincial","og_url":"https:\/\/franciscanos.org.br\/noticias\/cesarvisitador.html","og_site_name":"Not\u00edcias - Franciscanos","article_published_time":"2021-07-22T11:15:22+00:00","article_modified_time":"2021-07-22T11:49:02+00:00","og_image":[{"width":800,"height":550,"url":"https:\/\/franciscanos.org.br\/noticias\/wp-content\/uploads\/2021\/07\/cesar_22_07d.jpg","type":"image\/jpeg"}],"author":"moacir","twitter_card":"summary_large_image","twitter_misc":{"Escrito por":"moacir","Est. tempo de leitura":"2 minutos"},"schema":{"@context":"https:\/\/schema.org","@graph":[{"@type":"WebSite","@id":"https:\/\/franciscanos.org.br\/noticias\/#website","url":"https:\/\/franciscanos.org.br\/noticias\/","name":"Not\u00edcias - Franciscanos","description":"Prov\u00edncia Franciscana da Imaculada Concei\u00e7\u00e3o do Brasil - Ordem dos Frades Menores - OFM","potentialAction":[{"@type":"SearchAction","target":{"@type":"EntryPoint","urlTemplate":"https:\/\/franciscanos.org.br\/noticias\/?s={search_term_string}"},"query-input":"required name=search_term_string"}],"inLanguage":"pt-BR"},{"@type":"ImageObject","inLanguage":"pt-BR","@id":"https:\/\/franciscanos.org.br\/noticias\/cesarvisitador.html#primaryimage","url":"https:\/\/franciscanos.org.br\/noticias\/wp-content\/uploads\/2021\/07\/cesar_22_07d.jpg","contentUrl":"https:\/\/franciscanos.org.br\/noticias\/wp-content\/uploads\/2021\/07\/cesar_22_07d.jpg","width":800,"height":550},{"@type":"WebPage","@id":"https:\/\/franciscanos.org.br\/noticias\/cesarvisitador.html#webpage","url":"https:\/\/franciscanos.org.br\/noticias\/cesarvisitador.html","name":"Frei C\u00e9sar \u00e9 nomeado Visitador da Prov\u00edncia da Imaculada - Not\u00edcias - Franciscanos","isPartOf":{"@id":"https:\/\/franciscanos.org.br\/noticias\/#website"},"primaryImageOfPage":{"@id":"https:\/\/franciscanos.org.br\/noticias\/cesarvisitador.html#primaryimage"},"datePublished":"2021-07-22T11:15:22+00:00","dateModified":"2021-07-22T11:49:02+00:00","author":{"@id":"https:\/\/franciscanos.org.br\/noticias\/#\/schema\/person\/b5c8cba458c330ccff548b056e95a5d4"},"breadcrumb":{"@id":"https:\/\/franciscanos.org.br\/noticias\/cesarvisitador.html#breadcrumb"},"inLanguage":"pt-BR","potentialAction":[{"@type":"ReadAction","target":["https:\/\/franciscanos.org.br\/noticias\/cesarvisitador.html"]}]},{"@type":"BreadcrumbList","@id":"https:\/\/franciscanos.org.br\/noticias\/cesarvisitador.html#breadcrumb","itemListElement":[{"@type":"ListItem","position":1,"name":"Home","item":"https:\/\/franciscanos.org.br\/noticias"},{"@type":"ListItem","position":2,"name":"Frei C\u00e9sar \u00e9 nomeado Visitador da Prov\u00edncia da Imaculada"}]},{"@type":"Person","@id":"https:\/\/franciscanos.org.br\/noticias\/#\/schema\/person\/b5c8cba458c330ccff548b056e95a5d4","name":"moacir","image":{"@type":"ImageObject","inLanguage":"pt-BR","@id":"https:\/\/franciscanos.org.br\/noticias\/#\/schema\/person\/image\/","url":"https:\/\/secure.gravatar.com\/avatar\/d08aa2ce4c8dd416d4479aa8536fcf64?s=96&d=mm&r=g","contentUrl":"https:\/\/secure.gravatar.com\/avatar\/d08aa2ce4c8dd416d4479aa8536fcf64?s=96&d=mm&r=g","caption":"moacir"},"url":"https:\/\/franciscanos.org.br\/noticias\/author\/moacir"}]}},"_links":{"self":[{"href":"https:\/\/franciscanos.org.br\/noticias\/wp-json\/wp\/v2\/posts\/233341"}],"collection":[{"href":"https:\/\/franciscanos.org.br\/noticias\/wp-json\/wp\/v2\/posts"}],"about":[{"href":"https:\/\/franciscanos.org.br\/noticias\/wp-json\/wp\/v2\/types\/post"}],"author":[{"embeddable":true,"href":"https:\/\/franciscanos.org.br\/noticias\/wp-json\/wp\/v2\/users\/3"}],"replies":[{"embeddable":true,"href":"https:\/\/franciscanos.org.br\/noticias\/wp-json\/wp\/v2\/comments?post=233341"}],"version-history":[{"count":5,"href":"https:\/\/franciscanos.org.br\/noticias\/wp-json\/wp\/v2\/posts\/233341\/revisions"}],"predecessor-version":[{"id":233350,"href":"https:\/\/franciscanos.org.br\/noticias\/wp-json\/wp\/v2\/posts\/233341\/revisions\/233350"}],"wp:featuredmedia":[{"embeddable":true,"href":"https:\/\/franciscanos.org.br\/noticias\/wp-json\/wp\/v2\/media\/233347"}],"wp:attachment":[{"href":"https:\/\/franciscanos.org.br\/noticias\/wp-json\/wp\/v2\/media?parent=233341"}],"wp:term":[{"taxonomy":"category","embeddable":true,"href":"https:\/\/franciscanos.org.br\/noticias\/wp-json\/wp\/v2\/categories?post=233341"},{"taxonomy":"post_tag","embeddable":true,"href":"https:\/\/franciscanos.org.br\/noticias\/wp-json\/wp\/v2\/tags?post=233341"}],"curies":[{"name":"wp","href":"https:\/\/api.w.org\/{rel}","templated":true}]}}