{"id":233320,"date":"2021-07-21T13:14:13","date_gmt":"2021-07-21T16:14:13","guid":{"rendered":"https:\/\/franciscanos.org.br\/noticias\/?p=233320"},"modified":"2021-07-21T13:14:13","modified_gmt":"2021-07-21T16:14:13","slug":"divulgado-o-programa-da-viagem-do-papa-a-hungria-e-eslovaquia","status":"publish","type":"post","link":"https:\/\/franciscanos.org.br\/noticias\/divulgado-o-programa-da-viagem-do-papa-a-hungria-e-eslovaquia.html","title":{"rendered":"Divulgado o programa da viagem do Papa \u00e0 Hungria e Eslov\u00e1quia"},"content":{"rendered":"<p><img loading=\"lazy\" class=\"alignnone size-full wp-image-233321\" src=\"https:\/\/franciscanos.org.br\/noticias\/wp-content\/uploads\/2021\/07\/viagem_21.jpg\" alt=\"\" width=\"1000\" height=\"563\" srcset=\"https:\/\/franciscanos.org.br\/noticias\/wp-content\/uploads\/2021\/07\/viagem_21.jpg 1000w, https:\/\/franciscanos.org.br\/noticias\/wp-content\/uploads\/2021\/07\/viagem_21-450x253.jpg 450w, https:\/\/franciscanos.org.br\/noticias\/wp-content\/uploads\/2021\/07\/viagem_21-768x432.jpg 768w, https:\/\/franciscanos.org.br\/noticias\/wp-content\/uploads\/2021\/07\/viagem_21-150x84.jpg 150w\" sizes=\"(max-width: 1000px) 100vw, 1000px\" \/><\/p>\n<p>Foi divulgado, nesta quarta-feira (21\/07), o programa da viagem apost\u00f3lica do Papa Francisco \u00e0 Hungria e Eslov\u00e1quia de 12 a 15 de setembro pr\u00f3ximo.<\/p>\n<p><strong>Domingo, 12 de setembro<\/strong><br \/>\nO Santo Padre partir\u00e1 no domingo, 12 de setembro, do Aeroporto Internacional de Roma\/Fiumicino para Budapeste, \u00e0s 6h da manh\u00e3. A chegada ao Aeroporto Internacional de Budapeste est\u00e1 prevista para \u00e0s 7h45, onde haver\u00e1 a cerim\u00f4nia oficial de boas-vindas.<\/p>\n<p>Depois, \u00e0s 8h45, o Papa se encontrar\u00e1 com o presidente h\u00fangaro e com o primeiro-ministro no Museu de Belas Artes de Budapeste. A seguir, no mesmo local, haver\u00e1 o encontro com os bispos \u00e0s 9h15 e Francisco far\u00e1 um discurso.<\/p>\n<p>\u00c0s 10h, haver\u00e1 o encontro com os representantes do Conselho Ecum\u00eanico das Igrejas e algumas Comunidades Judaicas da Hungria, no Museu de Belas Artes de Budapeste. Ali, Francisco far\u00e1 o seu segundo discurso.<\/p>\n<p>\u00c0s 11h30, o Papa celebrar\u00e1 a Santa Missa de encerramento do 52\u00ba Congresso Eucar\u00edstico Internacional, na Pra\u00e7a dos Her\u00f3is, em Budapeste, onde far\u00e1 a homilia e o Angelus.<\/p>\n<p>\u00c0s 14h30, haver\u00e1 a Cerim\u00f4nia de Despedida no Aeroporto Internacional de Budapeste e \u00e0s 14h40 parte para Bratislava, na Eslov\u00e1quia, onde chegar\u00e1 por volta das 15h30 ao aeroporto internacional da capital eslovaca. No Aeroporto Internacional de Bratislava, haver\u00e1 a cerim\u00f4nia de boas-vindas.<\/p>\n<p>\u00c0s 16h30, o encontro ecum\u00eanico na Nunciatura Apost\u00f3lica de Bratislava onde o Papa far\u00e1 um discurso. \u00c0s 17h30, haver\u00e1 o encontro privado com os membros da Companhia de Jesus na Nunciatura Apost\u00f3lica de Bratislava.<\/p>\n<p><strong>Segunda-feira, 13 de setembro<\/strong><br \/>\nNa segunda-feira, 13 de setembro, \u00e0s 9h15, haver\u00e1 a cerim\u00f4nia de boas-vindas no Pal\u00e1cio Presidencial em Bratislava, e \u00e0s 9h30, a visita de cortesia ao presidente da Eslov\u00e1quia na Sala de Ouro do Pal\u00e1cio Presidencial de Bratislava.<\/p>\n<p>\u00c0s 10h, o Papa se encontrar\u00e1 com as autoridades, a sociedade civil e o corpo diplom\u00e1tico no jardim do Pal\u00e1cio Presidencial de Bratislava, onde far\u00e1 seu segundo discurso no pa\u00eds.<\/p>\n<p>\u00c0s 10h45, o Santo Padre se encontrar\u00e1 com os bispos, sacerdotes, religiosos, religiosas, seminaristas e catequistas na Catedral de S\u00e3o Martinho, em Bratislava, onde far\u00e1 um discurso.<\/p>\n<p>\u00c0s 16h, o Papa far\u00e1 uma visita privada ao &#8220;Centro Bel\u00e9m&#8221; em Bratislava. A seguir, \u00e0s 16h45, se encontrar\u00e1 com a Comunidade Judaica na Pra\u00e7a Rybn\u00e9 n\u00e1mestie, em Bratislava. Ali, haver\u00e1 mais um discurso do Pont\u00edfice.<\/p>\n<p>\u00c0s 18h, a visita do presidente do Parlamento na Nunciatura Apost\u00f3lica de Bratislava. \u00c0s 18h15, a visita do primeiro-ministro na Nunciatura Apost\u00f3lica de Bratislava.<\/p>\n<p><strong>Ter\u00e7a-feira, 14 de setembro<\/strong><br \/>\nNa ter\u00e7a-feira 14 de setembro, o Santo Padre partir\u00e1 de Bratislava de avi\u00e3o \u00e0s 08h10 da manh\u00e3 para Ko\u0161ice onde chegar\u00e1 por volta das 9h.<\/p>\n<p>\u00c0s 10h30, haver\u00e1 a Divina Liturgia Bizantina de S\u00e3o Jo\u00e3o Cris\u00f3stomo presidida pelo Santo Padre na Pra\u00e7a do Mestsk\u00e1 \u0161portov\u00e1 hala, em Pre\u0161ov. Ali, Francisco far\u00e1 a homilia.<\/p>\n<p>\u00c0s 16h, o Santo Padre se encontrar\u00e1 com a Comunidade Cigana no bairro Lun\u00edk IX, em Ko\u0161ice, onde far\u00e1 uma sauda\u00e7\u00e3o.<\/p>\n<p>\u00c0s 17h, haver\u00e1 o encontro com os jovens no Est\u00e1dio Lokomotiva em Ko\u0161ice, onde o Papa far\u00e1 um discurso. \u00c0s 18h30, o Papa parte de avi\u00e3o para Bratislava onde chegar\u00e1 por volta das 19h30 ao Aeroporto Internacional de Bratislava.<\/p>\n<p><strong>Quarta-feira, 15 de setembro<\/strong><br \/>\nNa quarta-feira, 15 de setembro, \u00faltimo dia da viagem apost\u00f3lica, \u00e0s 09h10 da manh\u00e3, haver\u00e1 o momento de ora\u00e7\u00e3o com os bispos no Santu\u00e1rio Nacional de \u0160a\u0161tin. A seguir, \u00e0s 10h, o Santo Padre celebrar\u00e1 a missa neste mesmo santu\u00e1rio onde far\u00e1 sua homilia.<\/p>\n<p>\u00c0s 13h30, haver\u00e1 a cerim\u00f4nia de despedida no Aeroporto Internacional de Bratislava. \u00c0s 13h45, o Papa partir\u00e1 para Roma onde chegar\u00e1 por volta das 15h30 ao Aeroporto Internacional de Roma\/Ciampino.<\/p>\n","protected":false},"excerpt":{"rendered":"<p>Viagem Apost\u00f3lica<\/p>\n","protected":false},"author":3,"featured_media":233322,"comment_status":"open","ping_status":"open","sticky":false,"template":"","format":"standard","meta":[],"categories":[1],"tags":[55],"acf":[],"yoast_head":"<!-- This site is optimized with the Yoast SEO plugin v19.2 - https:\/\/yoast.com\/wordpress\/plugins\/seo\/ -->\n<title>Divulgado o programa da viagem do Papa \u00e0 Hungria e Eslov\u00e1quia - Not\u00edcias - Franciscanos<\/title>\n<meta name=\"robots\" content=\"index, follow, max-snippet:-1, max-image-preview:large, max-video-preview:-1\" \/>\n<link rel=\"canonical\" href=\"https:\/\/franciscanos.org.br\/noticias\/divulgado-o-programa-da-viagem-do-papa-a-hungria-e-eslovaquia.html\" \/>\n<meta property=\"og:locale\" content=\"pt_BR\" \/>\n<meta property=\"og:type\" content=\"article\" \/>\n<meta property=\"og:title\" content=\"Divulgado o programa da viagem do Papa \u00e0 Hungria e Eslov\u00e1quia - Not\u00edcias - Franciscanos\" \/>\n<meta property=\"og:description\" content=\"Viagem Apost\u00f3lica\" \/>\n<meta property=\"og:url\" content=\"https:\/\/franciscanos.org.br\/noticias\/divulgado-o-programa-da-viagem-do-papa-a-hungria-e-eslovaquia.html\" \/>\n<meta property=\"og:site_name\" content=\"Not\u00edcias - Franciscanos\" \/>\n<meta property=\"article:published_time\" content=\"2021-07-21T16:14:13+00:00\" \/>\n<meta property=\"og:image\" content=\"https:\/\/franciscanos.org.br\/noticias\/wp-content\/uploads\/2021\/07\/viagem_21d.jpg\" \/>\n\t<meta property=\"og:image:width\" content=\"800\" \/>\n\t<meta property=\"og:image:height\" content=\"500\" \/>\n\t<meta property=\"og:image:type\" content=\"image\/jpeg\" \/>\n<meta name=\"author\" content=\"moacir\" \/>\n<meta name=\"twitter:card\" content=\"summary_large_image\" \/>\n<meta name=\"twitter:label1\" content=\"Escrito por\" \/>\n\t<meta name=\"twitter:data1\" content=\"moacir\" \/>\n\t<meta name=\"twitter:label2\" content=\"Est. tempo de leitura\" \/>\n\t<meta name=\"twitter:data2\" content=\"3 minutos\" \/>\n<script type=\"application\/ld+json\" class=\"yoast-schema-graph\">{\"@context\":\"https:\/\/schema.org\",\"@graph\":[{\"@type\":\"WebSite\",\"@id\":\"https:\/\/franciscanos.org.br\/noticias\/#website\",\"url\":\"https:\/\/franciscanos.org.br\/noticias\/\",\"name\":\"Not\u00edcias - Franciscanos\",\"description\":\"Prov\u00edncia Franciscana da Imaculada Concei\u00e7\u00e3o do Brasil - Ordem dos Frades Menores - OFM\",\"potentialAction\":[{\"@type\":\"SearchAction\",\"target\":{\"@type\":\"EntryPoint\",\"urlTemplate\":\"https:\/\/franciscanos.org.br\/noticias\/?s={search_term_string}\"},\"query-input\":\"required name=search_term_string\"}],\"inLanguage\":\"pt-BR\"},{\"@type\":\"ImageObject\",\"inLanguage\":\"pt-BR\",\"@id\":\"https:\/\/franciscanos.org.br\/noticias\/divulgado-o-programa-da-viagem-do-papa-a-hungria-e-eslovaquia.html#primaryimage\",\"url\":\"https:\/\/franciscanos.org.br\/noticias\/wp-content\/uploads\/2021\/07\/viagem_21d.jpg\",\"contentUrl\":\"https:\/\/franciscanos.org.br\/noticias\/wp-content\/uploads\/2021\/07\/viagem_21d.jpg\",\"width\":800,\"height\":500},{\"@type\":\"WebPage\",\"@id\":\"https:\/\/franciscanos.org.br\/noticias\/divulgado-o-programa-da-viagem-do-papa-a-hungria-e-eslovaquia.html#webpage\",\"url\":\"https:\/\/franciscanos.org.br\/noticias\/divulgado-o-programa-da-viagem-do-papa-a-hungria-e-eslovaquia.html\",\"name\":\"Divulgado o programa da viagem do Papa \u00e0 Hungria e Eslov\u00e1quia - Not\u00edcias - Franciscanos\",\"isPartOf\":{\"@id\":\"https:\/\/franciscanos.org.br\/noticias\/#website\"},\"primaryImageOfPage\":{\"@id\":\"https:\/\/franciscanos.org.br\/noticias\/divulgado-o-programa-da-viagem-do-papa-a-hungria-e-eslovaquia.html#primaryimage\"},\"datePublished\":\"2021-07-21T16:14:13+00:00\",\"dateModified\":\"2021-07-21T16:14:13+00:00\",\"author\":{\"@id\":\"https:\/\/franciscanos.org.br\/noticias\/#\/schema\/person\/b5c8cba458c330ccff548b056e95a5d4\"},\"breadcrumb\":{\"@id\":\"https:\/\/franciscanos.org.br\/noticias\/divulgado-o-programa-da-viagem-do-papa-a-hungria-e-eslovaquia.html#breadcrumb\"},\"inLanguage\":\"pt-BR\",\"potentialAction\":[{\"@type\":\"ReadAction\",\"target\":[\"https:\/\/franciscanos.org.br\/noticias\/divulgado-o-programa-da-viagem-do-papa-a-hungria-e-eslovaquia.html\"]}]},{\"@type\":\"BreadcrumbList\",\"@id\":\"https:\/\/franciscanos.org.br\/noticias\/divulgado-o-programa-da-viagem-do-papa-a-hungria-e-eslovaquia.html#breadcrumb\",\"itemListElement\":[{\"@type\":\"ListItem\",\"position\":1,\"name\":\"Home\",\"item\":\"https:\/\/franciscanos.org.br\/noticias\"},{\"@type\":\"ListItem\",\"position\":2,\"name\":\"Divulgado o programa da viagem do Papa \u00e0 Hungria e Eslov\u00e1quia\"}]},{\"@type\":\"Person\",\"@id\":\"https:\/\/franciscanos.org.br\/noticias\/#\/schema\/person\/b5c8cba458c330ccff548b056e95a5d4\",\"name\":\"moacir\",\"image\":{\"@type\":\"ImageObject\",\"inLanguage\":\"pt-BR\",\"@id\":\"https:\/\/franciscanos.org.br\/noticias\/#\/schema\/person\/image\/\",\"url\":\"https:\/\/secure.gravatar.com\/avatar\/d08aa2ce4c8dd416d4479aa8536fcf64?s=96&d=mm&r=g\",\"contentUrl\":\"https:\/\/secure.gravatar.com\/avatar\/d08aa2ce4c8dd416d4479aa8536fcf64?s=96&d=mm&r=g\",\"caption\":\"moacir\"},\"url\":\"https:\/\/franciscanos.org.br\/noticias\/author\/moacir\"}]}<\/script>\n<!-- \/ Yoast SEO plugin. -->","yoast_head_json":{"title":"Divulgado o programa da viagem do Papa \u00e0 Hungria e Eslov\u00e1quia - Not\u00edcias - Franciscanos","robots":{"index":"index","follow":"follow","max-snippet":"max-snippet:-1","max-image-preview":"max-image-preview:large","max-video-preview":"max-video-preview:-1"},"canonical":"https:\/\/franciscanos.org.br\/noticias\/divulgado-o-programa-da-viagem-do-papa-a-hungria-e-eslovaquia.html","og_locale":"pt_BR","og_type":"article","og_title":"Divulgado o programa da viagem do Papa \u00e0 Hungria e Eslov\u00e1quia - Not\u00edcias - Franciscanos","og_description":"Viagem Apost\u00f3lica","og_url":"https:\/\/franciscanos.org.br\/noticias\/divulgado-o-programa-da-viagem-do-papa-a-hungria-e-eslovaquia.html","og_site_name":"Not\u00edcias - Franciscanos","article_published_time":"2021-07-21T16:14:13+00:00","og_image":[{"width":800,"height":500,"url":"https:\/\/franciscanos.org.br\/noticias\/wp-content\/uploads\/2021\/07\/viagem_21d.jpg","type":"image\/jpeg"}],"author":"moacir","twitter_card":"summary_large_image","twitter_misc":{"Escrito por":"moacir","Est. tempo de leitura":"3 minutos"},"schema":{"@context":"https:\/\/schema.org","@graph":[{"@type":"WebSite","@id":"https:\/\/franciscanos.org.br\/noticias\/#website","url":"https:\/\/franciscanos.org.br\/noticias\/","name":"Not\u00edcias - Franciscanos","description":"Prov\u00edncia Franciscana da Imaculada Concei\u00e7\u00e3o do Brasil - Ordem dos Frades Menores - OFM","potentialAction":[{"@type":"SearchAction","target":{"@type":"EntryPoint","urlTemplate":"https:\/\/franciscanos.org.br\/noticias\/?s={search_term_string}"},"query-input":"required name=search_term_string"}],"inLanguage":"pt-BR"},{"@type":"ImageObject","inLanguage":"pt-BR","@id":"https:\/\/franciscanos.org.br\/noticias\/divulgado-o-programa-da-viagem-do-papa-a-hungria-e-eslovaquia.html#primaryimage","url":"https:\/\/franciscanos.org.br\/noticias\/wp-content\/uploads\/2021\/07\/viagem_21d.jpg","contentUrl":"https:\/\/franciscanos.org.br\/noticias\/wp-content\/uploads\/2021\/07\/viagem_21d.jpg","width":800,"height":500},{"@type":"WebPage","@id":"https:\/\/franciscanos.org.br\/noticias\/divulgado-o-programa-da-viagem-do-papa-a-hungria-e-eslovaquia.html#webpage","url":"https:\/\/franciscanos.org.br\/noticias\/divulgado-o-programa-da-viagem-do-papa-a-hungria-e-eslovaquia.html","name":"Divulgado o programa da viagem do Papa \u00e0 Hungria e Eslov\u00e1quia - Not\u00edcias - Franciscanos","isPartOf":{"@id":"https:\/\/franciscanos.org.br\/noticias\/#website"},"primaryImageOfPage":{"@id":"https:\/\/franciscanos.org.br\/noticias\/divulgado-o-programa-da-viagem-do-papa-a-hungria-e-eslovaquia.html#primaryimage"},"datePublished":"2021-07-21T16:14:13+00:00","dateModified":"2021-07-21T16:14:13+00:00","author":{"@id":"https:\/\/franciscanos.org.br\/noticias\/#\/schema\/person\/b5c8cba458c330ccff548b056e95a5d4"},"breadcrumb":{"@id":"https:\/\/franciscanos.org.br\/noticias\/divulgado-o-programa-da-viagem-do-papa-a-hungria-e-eslovaquia.html#breadcrumb"},"inLanguage":"pt-BR","potentialAction":[{"@type":"ReadAction","target":["https:\/\/franciscanos.org.br\/noticias\/divulgado-o-programa-da-viagem-do-papa-a-hungria-e-eslovaquia.html"]}]},{"@type":"BreadcrumbList","@id":"https:\/\/franciscanos.org.br\/noticias\/divulgado-o-programa-da-viagem-do-papa-a-hungria-e-eslovaquia.html#breadcrumb","itemListElement":[{"@type":"ListItem","position":1,"name":"Home","item":"https:\/\/franciscanos.org.br\/noticias"},{"@type":"ListItem","position":2,"name":"Divulgado o programa da viagem do Papa \u00e0 Hungria e Eslov\u00e1quia"}]},{"@type":"Person","@id":"https:\/\/franciscanos.org.br\/noticias\/#\/schema\/person\/b5c8cba458c330ccff548b056e95a5d4","name":"moacir","image":{"@type":"ImageObject","inLanguage":"pt-BR","@id":"https:\/\/franciscanos.org.br\/noticias\/#\/schema\/person\/image\/","url":"https:\/\/secure.gravatar.com\/avatar\/d08aa2ce4c8dd416d4479aa8536fcf64?s=96&d=mm&r=g","contentUrl":"https:\/\/secure.gravatar.com\/avatar\/d08aa2ce4c8dd416d4479aa8536fcf64?s=96&d=mm&r=g","caption":"moacir"},"url":"https:\/\/franciscanos.org.br\/noticias\/author\/moacir"}]}},"_links":{"self":[{"href":"https:\/\/franciscanos.org.br\/noticias\/wp-json\/wp\/v2\/posts\/233320"}],"collection":[{"href":"https:\/\/franciscanos.org.br\/noticias\/wp-json\/wp\/v2\/posts"}],"about":[{"href":"https:\/\/franciscanos.org.br\/noticias\/wp-json\/wp\/v2\/types\/post"}],"author":[{"embeddable":true,"href":"https:\/\/franciscanos.org.br\/noticias\/wp-json\/wp\/v2\/users\/3"}],"replies":[{"embeddable":true,"href":"https:\/\/franciscanos.org.br\/noticias\/wp-json\/wp\/v2\/comments?post=233320"}],"version-history":[{"count":1,"href":"https:\/\/franciscanos.org.br\/noticias\/wp-json\/wp\/v2\/posts\/233320\/revisions"}],"predecessor-version":[{"id":233323,"href":"https:\/\/franciscanos.org.br\/noticias\/wp-json\/wp\/v2\/posts\/233320\/revisions\/233323"}],"wp:featuredmedia":[{"embeddable":true,"href":"https:\/\/franciscanos.org.br\/noticias\/wp-json\/wp\/v2\/media\/233322"}],"wp:attachment":[{"href":"https:\/\/franciscanos.org.br\/noticias\/wp-json\/wp\/v2\/media?parent=233320"}],"wp:term":[{"taxonomy":"category","embeddable":true,"href":"https:\/\/franciscanos.org.br\/noticias\/wp-json\/wp\/v2\/categories?post=233320"},{"taxonomy":"post_tag","embeddable":true,"href":"https:\/\/franciscanos.org.br\/noticias\/wp-json\/wp\/v2\/tags?post=233320"}],"curies":[{"name":"wp","href":"https:\/\/api.w.org\/{rel}","templated":true}]}}