{"id":233267,"date":"2021-07-18T09:23:46","date_gmt":"2021-07-18T12:23:46","guid":{"rendered":"https:\/\/franciscanos.org.br\/noticias\/?p=233267"},"modified":"2021-07-18T09:23:46","modified_gmt":"2021-07-18T12:23:46","slug":"papa-descanso-contemplacao-e-compaixao-para-uma-ecologia-do-coracao","status":"publish","type":"post","link":"https:\/\/franciscanos.org.br\/noticias\/papa-descanso-contemplacao-e-compaixao-para-uma-ecologia-do-coracao.html","title":{"rendered":"Papa: descanso, contempla\u00e7\u00e3o e compaix\u00e3o para uma &#8220;ecologia do cora\u00e7\u00e3o&#8221;"},"content":{"rendered":"<div id=\"attachment_233268\" style=\"width: 1010px\" class=\"wp-caption alignnone\"><img aria-describedby=\"caption-attachment-233268\" loading=\"lazy\" class=\"wp-image-233268 size-full\" src=\"https:\/\/franciscanos.org.br\/noticias\/wp-content\/uploads\/2021\/07\/angelus_1807.jpg\" alt=\"\" width=\"1000\" height=\"644\" srcset=\"https:\/\/franciscanos.org.br\/noticias\/wp-content\/uploads\/2021\/07\/angelus_1807.jpg 1000w, https:\/\/franciscanos.org.br\/noticias\/wp-content\/uploads\/2021\/07\/angelus_1807-450x290.jpg 450w, https:\/\/franciscanos.org.br\/noticias\/wp-content\/uploads\/2021\/07\/angelus_1807-768x495.jpg 768w, https:\/\/franciscanos.org.br\/noticias\/wp-content\/uploads\/2021\/07\/angelus_1807-150x97.jpg 150w\" sizes=\"(max-width: 1000px) 100vw, 1000px\" \/><p id=\"caption-attachment-233268\" class=\"wp-caption-text\">\u00a0 \u00a0 \u00a0 \u00a0 \u00a0 \u00a0 \u00a0 \u00a0 \u00a0 \u00a0 \u00a0 \u00a0 \u00a0 \u00a0 \u00a0 \u00a0 \u00a0 \u00a0 \u00a0 \u00a0 \u00a0 \u00a0 \u00a0 \u00a0 \u00a0 \u00a0 \u00a0 \u00a0 \u00a0 \u00a0 \u00a0 \u00a0 \u00a0 \u00a0 \u00a0 \u00a0 \u00a0 \u00a0 \u00a0 \u00a0 \u00a0 \u00a0 \u00a0 \u00a0 \u00a0 \u00a0 \u00a0 \u00a0 \u00a0 \u00a0 \u00a0 \u00a0 \u00a0 \u00a0 \u00a0 \u00a0 \u00a0 \u00a0 \u00a0 \u00a0 \u00a0 \u00a0 \u00a0 \u00a0 \u00a0 \u00a0 \u00a0 \u00a0 \u00a0 \u00a0 \u00a0 \u00a0 \u00a0 \u00a0 \u00a0 \u00a0 \u00a0<em> Imagem: Vatican Media<\/em><\/p><\/div>\n<p>\u201cTemos necessidade de uma \u201cecologia do cora\u00e7\u00e3o\u201d que inclui descanso, contempla\u00e7\u00e3o e compaix\u00e3o. Aproveitemos o tempo de ver\u00e3o para isso!\u201d. Descanso e compaix\u00e3o, dois aspectos importantes da vida que guiaram a reflex\u00e3o do Papa Francisco no Angelus deste XVI Domingo do Tempo Comum, que voltou a ser rezado da janela do apartamento pontif\u00edcio, visto que o anterior foi do Hospital Agostino Gemelli, onde o Pont\u00edfice se recuperava de uma cirurgia.<\/p>\n<p>O Papa inspirou-se no Evangelho de Marcos proposto pela liturgia do dia para chamar a aten\u00e7\u00e3o que Jesus se preocupa com o cansa\u00e7o f\u00edsico e interior dos seus disc\u00edpulos. Prova disso, \u00e9 que ao ouvir seus relatos jubilosos pelos \u201cprod\u00edgios da prega\u00e7\u00e3o\u201d durante a miss\u00e3o, Jesus lhes faz um convite: \u201cVinde sozinhos para um lugar deserto e descansai um pouco\u201d, convida ao repouso.<\/p>\n<p>Ele quer alert\u00e1-los de um perigo, que sempre est\u00e1 \u00e0 espreita tamb\u00e9m para n\u00f3s: o perigo de deixar-se cair no frenesi do fazer, cair na armadilha do ativismo, onde o mais importante s\u00e3o os resultados que obtemos e o sentir-se protagonistas absolutos.<\/p>\n<p><strong>Aprender a parar<\/strong><\/p>\n<p>E isso, observou Francisco, acontece tamb\u00e9m na Igreja, \u201cestamos atarefados, corremos, pensamos que tudo depende de n\u00f3s e, no final, corremos o risco de negligenciar Jesus e estarmos sempre n\u00f3s no centro. Por isso, convida os seus para repousar um pouco \u00e0 parte, com Ele\u201d: N\u00e3o \u00e9 apenas repouso f\u00edsico, \u00e9 tamb\u00e9m descanso do cora\u00e7\u00e3o. Porque n\u00e3o basta \u201cdesligar\u201d, \u00e9 preciso repousar de verdade. E como se faz isso? Para fazer isso \u00e9 preciso voltar ao cerne das coisas: parar, ficar em sil\u00eancio, rezar, para n\u00e3o passar da correria do trabalho para a correria das f\u00e9rias.<\/p>\n<p>Mas o fato de Jesus se retirar a cada dia na \u201cora\u00e7\u00e3o, no sil\u00eancio, na intimidade com o Pai\u201d, n\u00e3o impede que Ele esteja atento \u00e0s necessidades da multid\u00e3o, e o convite dirigido aos seus disc\u00edpulos, deveria acompanhar tamb\u00e9m a n\u00f3s, que dever\u00edamos parar \u201ca correria fren\u00e9tica que dita as nossas agendas\u201d: \u201cAprendamos a parar, a desligar o celular, a contemplar a natureza, a regenerar-nos no di\u00e1logo com Deus.\u201d<\/p>\n<p><strong>A compaix\u00e3o nasce da contempla\u00e7\u00e3o<\/strong><\/p>\n<p>Mas o Papa recorda ainda, que \u201co Evangelho narra que Jesus e os disc\u00edpulos n\u00e3o podem descansar como gostariam\u201d, pois as pessoas provenientes dos lugares mais diversos os reconhecem. Neste ponto, move-se a compaix\u00e3o\u201d: Aqui est\u00e1 o segundo aspecto: a compaix\u00e3o que \u00e9 o estilo de Deus, o estilo de Deus \u00e9: proximidade, compaix\u00e3o e ternura. Quantas vezes no Evangelho, na B\u00edblia, encontramos esta frase: \u201cteve compaix\u00e3o dele\u201d. Comovido, Jesus se dedica ao povo e retoma o ensino. Parece uma contradi\u00e7\u00e3o, mas na realidade n\u00e3o o \u00e9. De fato, s\u00f3 o cora\u00e7\u00e3o que n\u00e3o se deixa levar pela pressa \u00e9 capaz de se comover, isto \u00e9, de n\u00e3o se deixar levar por si mesmo e pelas coisas a fazer e de perceber os outros, suas feridas, suas necessidades. A compaix\u00e3o nasce da contempla\u00e7\u00e3o.<\/p>\n<p><strong>Ecologia do cora\u00e7\u00e3o<\/strong><\/p>\n<p>Assim \u2013 observou Francisco &#8211; caso aprendamos a descansar verdadeiramente, nos tornaremos capazes da verdadeira compaix\u00e3o: Se cultivarmos o olhar contemplativo, levaremos em frente as nossas atividades sem a atitude voraz de quem quer possuir e consumir tudo; se permanecermos em contato com o Senhor e n\u00e3o anestesiarmos a parte mais profunda de n\u00f3s, as coisas a fazer n\u00e3o ter\u00e3o o poder de nos tirar o f\u00f4lego e nos devorar. Temos necessidade &#8211; ou\u00e7am isso &#8211; temos necessidade de uma \u201cecologia do cora\u00e7\u00e3o\u201d que inclui descanso, contempla\u00e7\u00e3o e compaix\u00e3o. Aproveitemos o tempo de ver\u00e3o para isso. Nos ajuda bastante!<\/p>\n<p>Ao concluir, o Santo Padre convidou os fi\u00e9is a dirigirem-se a Nossa Senhora, \u201cque cultivou o sil\u00eancio, a ora\u00e7\u00e3o e a contempla\u00e7\u00e3o, e sempre se move em terna compaix\u00e3o por n\u00f3s, seus filhos.\u201d<\/p>\n<hr \/>\n<p><em>Fonte: Vatican News (texto de Jackson Erpen)<\/em><\/p>\n","protected":false},"excerpt":{"rendered":"<p>Angelus<\/p>\n","protected":false},"author":3,"featured_media":233269,"comment_status":"open","ping_status":"open","sticky":false,"template":"","format":"standard","meta":[],"categories":[1428],"tags":[403],"acf":[],"yoast_head":"<!-- This site is optimized with the Yoast SEO plugin v19.2 - https:\/\/yoast.com\/wordpress\/plugins\/seo\/ -->\n<title>Papa: descanso, contempla\u00e7\u00e3o e compaix\u00e3o para uma &quot;ecologia do cora\u00e7\u00e3o&quot; - Not\u00edcias - Franciscanos<\/title>\n<meta name=\"robots\" content=\"index, follow, max-snippet:-1, max-image-preview:large, max-video-preview:-1\" \/>\n<link rel=\"canonical\" href=\"https:\/\/franciscanos.org.br\/noticias\/papa-descanso-contemplacao-e-compaixao-para-uma-ecologia-do-coracao.html\" \/>\n<meta property=\"og:locale\" content=\"pt_BR\" \/>\n<meta property=\"og:type\" content=\"article\" \/>\n<meta property=\"og:title\" content=\"Papa: descanso, contempla\u00e7\u00e3o e compaix\u00e3o para uma &quot;ecologia do cora\u00e7\u00e3o&quot; - Not\u00edcias - Franciscanos\" \/>\n<meta property=\"og:description\" content=\"Angelus\" \/>\n<meta property=\"og:url\" content=\"https:\/\/franciscanos.org.br\/noticias\/papa-descanso-contemplacao-e-compaixao-para-uma-ecologia-do-coracao.html\" \/>\n<meta property=\"og:site_name\" content=\"Not\u00edcias - Franciscanos\" \/>\n<meta property=\"article:published_time\" content=\"2021-07-18T12:23:46+00:00\" \/>\n<meta property=\"og:image\" content=\"https:\/\/franciscanos.org.br\/noticias\/wp-content\/uploads\/2021\/07\/angelus_1807d.jpg\" \/>\n\t<meta property=\"og:image:width\" content=\"800\" \/>\n\t<meta property=\"og:image:height\" content=\"550\" \/>\n\t<meta property=\"og:image:type\" content=\"image\/jpeg\" \/>\n<meta name=\"author\" content=\"moacir\" \/>\n<meta name=\"twitter:card\" content=\"summary_large_image\" \/>\n<meta name=\"twitter:label1\" content=\"Escrito por\" \/>\n\t<meta name=\"twitter:data1\" content=\"moacir\" \/>\n\t<meta name=\"twitter:label2\" content=\"Est. tempo de leitura\" \/>\n\t<meta name=\"twitter:data2\" content=\"3 minutos\" \/>\n<script type=\"application\/ld+json\" class=\"yoast-schema-graph\">{\"@context\":\"https:\/\/schema.org\",\"@graph\":[{\"@type\":\"WebSite\",\"@id\":\"https:\/\/franciscanos.org.br\/noticias\/#website\",\"url\":\"https:\/\/franciscanos.org.br\/noticias\/\",\"name\":\"Not\u00edcias - Franciscanos\",\"description\":\"Prov\u00edncia Franciscana da Imaculada Concei\u00e7\u00e3o do Brasil - Ordem dos Frades Menores - OFM\",\"potentialAction\":[{\"@type\":\"SearchAction\",\"target\":{\"@type\":\"EntryPoint\",\"urlTemplate\":\"https:\/\/franciscanos.org.br\/noticias\/?s={search_term_string}\"},\"query-input\":\"required name=search_term_string\"}],\"inLanguage\":\"pt-BR\"},{\"@type\":\"ImageObject\",\"inLanguage\":\"pt-BR\",\"@id\":\"https:\/\/franciscanos.org.br\/noticias\/papa-descanso-contemplacao-e-compaixao-para-uma-ecologia-do-coracao.html#primaryimage\",\"url\":\"https:\/\/franciscanos.org.br\/noticias\/wp-content\/uploads\/2021\/07\/angelus_1807d.jpg\",\"contentUrl\":\"https:\/\/franciscanos.org.br\/noticias\/wp-content\/uploads\/2021\/07\/angelus_1807d.jpg\",\"width\":800,\"height\":550},{\"@type\":\"WebPage\",\"@id\":\"https:\/\/franciscanos.org.br\/noticias\/papa-descanso-contemplacao-e-compaixao-para-uma-ecologia-do-coracao.html#webpage\",\"url\":\"https:\/\/franciscanos.org.br\/noticias\/papa-descanso-contemplacao-e-compaixao-para-uma-ecologia-do-coracao.html\",\"name\":\"Papa: descanso, contempla\u00e7\u00e3o e compaix\u00e3o para uma \\\"ecologia do cora\u00e7\u00e3o\\\" - Not\u00edcias - Franciscanos\",\"isPartOf\":{\"@id\":\"https:\/\/franciscanos.org.br\/noticias\/#website\"},\"primaryImageOfPage\":{\"@id\":\"https:\/\/franciscanos.org.br\/noticias\/papa-descanso-contemplacao-e-compaixao-para-uma-ecologia-do-coracao.html#primaryimage\"},\"datePublished\":\"2021-07-18T12:23:46+00:00\",\"dateModified\":\"2021-07-18T12:23:46+00:00\",\"author\":{\"@id\":\"https:\/\/franciscanos.org.br\/noticias\/#\/schema\/person\/b5c8cba458c330ccff548b056e95a5d4\"},\"breadcrumb\":{\"@id\":\"https:\/\/franciscanos.org.br\/noticias\/papa-descanso-contemplacao-e-compaixao-para-uma-ecologia-do-coracao.html#breadcrumb\"},\"inLanguage\":\"pt-BR\",\"potentialAction\":[{\"@type\":\"ReadAction\",\"target\":[\"https:\/\/franciscanos.org.br\/noticias\/papa-descanso-contemplacao-e-compaixao-para-uma-ecologia-do-coracao.html\"]}]},{\"@type\":\"BreadcrumbList\",\"@id\":\"https:\/\/franciscanos.org.br\/noticias\/papa-descanso-contemplacao-e-compaixao-para-uma-ecologia-do-coracao.html#breadcrumb\",\"itemListElement\":[{\"@type\":\"ListItem\",\"position\":1,\"name\":\"Home\",\"item\":\"https:\/\/franciscanos.org.br\/noticias\"},{\"@type\":\"ListItem\",\"position\":2,\"name\":\"Papa: descanso, contempla\u00e7\u00e3o e compaix\u00e3o para uma &#8220;ecologia do cora\u00e7\u00e3o&#8221;\"}]},{\"@type\":\"Person\",\"@id\":\"https:\/\/franciscanos.org.br\/noticias\/#\/schema\/person\/b5c8cba458c330ccff548b056e95a5d4\",\"name\":\"moacir\",\"image\":{\"@type\":\"ImageObject\",\"inLanguage\":\"pt-BR\",\"@id\":\"https:\/\/franciscanos.org.br\/noticias\/#\/schema\/person\/image\/\",\"url\":\"https:\/\/secure.gravatar.com\/avatar\/d08aa2ce4c8dd416d4479aa8536fcf64?s=96&d=mm&r=g\",\"contentUrl\":\"https:\/\/secure.gravatar.com\/avatar\/d08aa2ce4c8dd416d4479aa8536fcf64?s=96&d=mm&r=g\",\"caption\":\"moacir\"},\"url\":\"https:\/\/franciscanos.org.br\/noticias\/author\/moacir\"}]}<\/script>\n<!-- \/ Yoast SEO plugin. -->","yoast_head_json":{"title":"Papa: descanso, contempla\u00e7\u00e3o e compaix\u00e3o para uma \"ecologia do cora\u00e7\u00e3o\" - Not\u00edcias - Franciscanos","robots":{"index":"index","follow":"follow","max-snippet":"max-snippet:-1","max-image-preview":"max-image-preview:large","max-video-preview":"max-video-preview:-1"},"canonical":"https:\/\/franciscanos.org.br\/noticias\/papa-descanso-contemplacao-e-compaixao-para-uma-ecologia-do-coracao.html","og_locale":"pt_BR","og_type":"article","og_title":"Papa: descanso, contempla\u00e7\u00e3o e compaix\u00e3o para uma \"ecologia do cora\u00e7\u00e3o\" - Not\u00edcias - Franciscanos","og_description":"Angelus","og_url":"https:\/\/franciscanos.org.br\/noticias\/papa-descanso-contemplacao-e-compaixao-para-uma-ecologia-do-coracao.html","og_site_name":"Not\u00edcias - Franciscanos","article_published_time":"2021-07-18T12:23:46+00:00","og_image":[{"width":800,"height":550,"url":"https:\/\/franciscanos.org.br\/noticias\/wp-content\/uploads\/2021\/07\/angelus_1807d.jpg","type":"image\/jpeg"}],"author":"moacir","twitter_card":"summary_large_image","twitter_misc":{"Escrito por":"moacir","Est. tempo de leitura":"3 minutos"},"schema":{"@context":"https:\/\/schema.org","@graph":[{"@type":"WebSite","@id":"https:\/\/franciscanos.org.br\/noticias\/#website","url":"https:\/\/franciscanos.org.br\/noticias\/","name":"Not\u00edcias - Franciscanos","description":"Prov\u00edncia Franciscana da Imaculada Concei\u00e7\u00e3o do Brasil - Ordem dos Frades Menores - OFM","potentialAction":[{"@type":"SearchAction","target":{"@type":"EntryPoint","urlTemplate":"https:\/\/franciscanos.org.br\/noticias\/?s={search_term_string}"},"query-input":"required name=search_term_string"}],"inLanguage":"pt-BR"},{"@type":"ImageObject","inLanguage":"pt-BR","@id":"https:\/\/franciscanos.org.br\/noticias\/papa-descanso-contemplacao-e-compaixao-para-uma-ecologia-do-coracao.html#primaryimage","url":"https:\/\/franciscanos.org.br\/noticias\/wp-content\/uploads\/2021\/07\/angelus_1807d.jpg","contentUrl":"https:\/\/franciscanos.org.br\/noticias\/wp-content\/uploads\/2021\/07\/angelus_1807d.jpg","width":800,"height":550},{"@type":"WebPage","@id":"https:\/\/franciscanos.org.br\/noticias\/papa-descanso-contemplacao-e-compaixao-para-uma-ecologia-do-coracao.html#webpage","url":"https:\/\/franciscanos.org.br\/noticias\/papa-descanso-contemplacao-e-compaixao-para-uma-ecologia-do-coracao.html","name":"Papa: descanso, contempla\u00e7\u00e3o e compaix\u00e3o para uma \"ecologia do cora\u00e7\u00e3o\" - Not\u00edcias - Franciscanos","isPartOf":{"@id":"https:\/\/franciscanos.org.br\/noticias\/#website"},"primaryImageOfPage":{"@id":"https:\/\/franciscanos.org.br\/noticias\/papa-descanso-contemplacao-e-compaixao-para-uma-ecologia-do-coracao.html#primaryimage"},"datePublished":"2021-07-18T12:23:46+00:00","dateModified":"2021-07-18T12:23:46+00:00","author":{"@id":"https:\/\/franciscanos.org.br\/noticias\/#\/schema\/person\/b5c8cba458c330ccff548b056e95a5d4"},"breadcrumb":{"@id":"https:\/\/franciscanos.org.br\/noticias\/papa-descanso-contemplacao-e-compaixao-para-uma-ecologia-do-coracao.html#breadcrumb"},"inLanguage":"pt-BR","potentialAction":[{"@type":"ReadAction","target":["https:\/\/franciscanos.org.br\/noticias\/papa-descanso-contemplacao-e-compaixao-para-uma-ecologia-do-coracao.html"]}]},{"@type":"BreadcrumbList","@id":"https:\/\/franciscanos.org.br\/noticias\/papa-descanso-contemplacao-e-compaixao-para-uma-ecologia-do-coracao.html#breadcrumb","itemListElement":[{"@type":"ListItem","position":1,"name":"Home","item":"https:\/\/franciscanos.org.br\/noticias"},{"@type":"ListItem","position":2,"name":"Papa: descanso, contempla\u00e7\u00e3o e compaix\u00e3o para uma &#8220;ecologia do cora\u00e7\u00e3o&#8221;"}]},{"@type":"Person","@id":"https:\/\/franciscanos.org.br\/noticias\/#\/schema\/person\/b5c8cba458c330ccff548b056e95a5d4","name":"moacir","image":{"@type":"ImageObject","inLanguage":"pt-BR","@id":"https:\/\/franciscanos.org.br\/noticias\/#\/schema\/person\/image\/","url":"https:\/\/secure.gravatar.com\/avatar\/d08aa2ce4c8dd416d4479aa8536fcf64?s=96&d=mm&r=g","contentUrl":"https:\/\/secure.gravatar.com\/avatar\/d08aa2ce4c8dd416d4479aa8536fcf64?s=96&d=mm&r=g","caption":"moacir"},"url":"https:\/\/franciscanos.org.br\/noticias\/author\/moacir"}]}},"_links":{"self":[{"href":"https:\/\/franciscanos.org.br\/noticias\/wp-json\/wp\/v2\/posts\/233267"}],"collection":[{"href":"https:\/\/franciscanos.org.br\/noticias\/wp-json\/wp\/v2\/posts"}],"about":[{"href":"https:\/\/franciscanos.org.br\/noticias\/wp-json\/wp\/v2\/types\/post"}],"author":[{"embeddable":true,"href":"https:\/\/franciscanos.org.br\/noticias\/wp-json\/wp\/v2\/users\/3"}],"replies":[{"embeddable":true,"href":"https:\/\/franciscanos.org.br\/noticias\/wp-json\/wp\/v2\/comments?post=233267"}],"version-history":[{"count":1,"href":"https:\/\/franciscanos.org.br\/noticias\/wp-json\/wp\/v2\/posts\/233267\/revisions"}],"predecessor-version":[{"id":233270,"href":"https:\/\/franciscanos.org.br\/noticias\/wp-json\/wp\/v2\/posts\/233267\/revisions\/233270"}],"wp:featuredmedia":[{"embeddable":true,"href":"https:\/\/franciscanos.org.br\/noticias\/wp-json\/wp\/v2\/media\/233269"}],"wp:attachment":[{"href":"https:\/\/franciscanos.org.br\/noticias\/wp-json\/wp\/v2\/media?parent=233267"}],"wp:term":[{"taxonomy":"category","embeddable":true,"href":"https:\/\/franciscanos.org.br\/noticias\/wp-json\/wp\/v2\/categories?post=233267"},{"taxonomy":"post_tag","embeddable":true,"href":"https:\/\/franciscanos.org.br\/noticias\/wp-json\/wp\/v2\/tags?post=233267"}],"curies":[{"name":"wp","href":"https:\/\/api.w.org\/{rel}","templated":true}]}}