{"id":233236,"date":"2021-07-18T07:44:58","date_gmt":"2021-07-18T10:44:58","guid":{"rendered":"https:\/\/franciscanos.org.br\/noticias\/?p=233236"},"modified":"2021-07-18T13:16:07","modified_gmt":"2021-07-18T16:16:07","slug":"aos-71-anos-falece-frei-joao-maria-dos-santos","status":"publish","type":"post","link":"https:\/\/franciscanos.org.br\/noticias\/aos-71-anos-falece-frei-joao-maria-dos-santos.html","title":{"rendered":"Aos 71 anos, falece Frei Jo\u00e3o Maria dos Santos em Guaratinguet\u00e1"},"content":{"rendered":"<p><img loading=\"lazy\" class=\"alignnone wp-image-233237 size-full\" src=\"https:\/\/franciscanos.org.br\/noticias\/wp-content\/uploads\/2021\/07\/joao_01.jpg\" alt=\"\" width=\"1020\" height=\"574\" srcset=\"https:\/\/franciscanos.org.br\/noticias\/wp-content\/uploads\/2021\/07\/joao_01.jpg 1020w, https:\/\/franciscanos.org.br\/noticias\/wp-content\/uploads\/2021\/07\/joao_01-450x253.jpg 450w, https:\/\/franciscanos.org.br\/noticias\/wp-content\/uploads\/2021\/07\/joao_01-768x432.jpg 768w, https:\/\/franciscanos.org.br\/noticias\/wp-content\/uploads\/2021\/07\/joao_01-150x84.jpg 150w\" sizes=\"(max-width: 1020px) 100vw, 1020px\" \/><\/p>\n<p>Faleceu neste s\u00e1bado, 17 de julho, por volta das 23 horas, Frei Jo\u00e3o Maria dos Santos, mais uma v\u00edtima do novo coronav\u00edrus. A informa\u00e7\u00e3o foi dada pelo guardi\u00e3o Frei Jo\u00e3o Francisco da Silva, da Fraternidade do Semin\u00e1rio Frei Galv\u00e3o, em Guaratinguet\u00e1 (SP), onde residia o frade desde o in\u00edcio deste ano. Por conta deste fato, seu sepultamento foi realizado dentro dos protocolos sanit\u00e1rios,\u00a0 \u00e0s 8h deste domingo, dia 18 de julho, ap\u00f3s um breve momento de Ora\u00e7\u00e3o em frente ao jazigo do Semin\u00e1rio Frei Galv\u00e3o.<\/p>\n<p>Segundo Frei Jo\u00e3o Francisco, na \u00faltima quarta-feira, 14 de julho, Frei Jo\u00e3o Maria passou mal durante a Missa conventual que presidia no Semin\u00e1rio e foi levado ao Hospital Frei Galv\u00e3o, de Guaratinguet\u00e1, pelo SAMU. A m\u00e9dica acreditava que possivelmente ele teria infartado por conta de suposta falha do marcapasso. Tamb\u00e9m apresentava quadro de insufici\u00eancia pulmonar, o que dificultava manter o cora\u00e7\u00e3o em funcionamento. Frei Jo\u00e3o foi sedado e intubado.<\/p>\n<p>A sa\u00fade de Frei Jo\u00e3o Maria era fr\u00e1gil. Em 2019, quando estava celebrando no Santu\u00e1rio de Angelina, chegou a desmaiar por causa de uma queda de press\u00e3o.<\/p>\n<p><strong>O frade menor<\/strong><br \/>\nFrei Jo\u00e3o Maria nasceu em Erval Velho, SC, no dia 11 de julho de 1950. Filho do casal Manoel Ant\u00f4nio dos Santos e Jordelina dos Santos (falecidos), era o ca\u00e7ula de 10 filhos (4 homens e 6 mulheres). Dentre as lembran\u00e7as mais marcantes da vida em fam\u00edlia, destacava a religiosidade dos pais. Seu discernimento, acreditava, come\u00e7ou aos 12 anos: \u201cAjudava nas capelas e o contato com os sacerdotes despertou a minha voca\u00e7\u00e3o\u201d, contou na sua ficha autobiogr\u00e1fica quando ingressou na Ordem dos Frades Menores em 1979. Ele dizia que queria &#8220;ser frade para ajudar mais pessoas&#8221;, lembrando que nasceu no seio de uma fam\u00edlia simples, onde os pais lutaram muito para criar os filhos.<\/p>\n<p>O Ministro Provincial, Frei Ant\u00f4nio Nader, num depoimento em 1979, define bem Frei Jo\u00e3o Maria: &#8220;Ele foi um bom seminarista, excelente novi\u00e7o e um cl\u00e9rigo exemplar, pois era s\u00e9rio e muito esfor\u00e7ado, homem de muita responsabilidade. Introvertido, era de poucas conversas. Cresceu muito no campo espiritual durante esses anos de postulantado, noviciado e durante os estudos de Filosofia. Gozava de grande reputa\u00e7\u00e3o entre os colegas, mestres, superiores em geral e dos professores. Era benquisto na comunidade local e provincial. Sua grande preocupa\u00e7\u00e3o era de uma descoberta cada vez maior da vida religiosa e de uma viv\u00eancia mais perfeita. Era um pouco perfeccionista, mas muito equilibrado. Filho de fam\u00edlia humilde. Quando ingressou no semin\u00e1rio, seus pais j\u00e1 tinham falecido. Faltou apoio maior da fam\u00edlia e um est\u00edmulo mais acentuado. Hoje, ele conta com esse apoio por parte dos irm\u00e3os. Frei Jo\u00e3o Maria, apesar de introvertido, mostrou sempre um bom humor, procurando ser uma presen\u00e7a viva na vida comunit\u00e1ria. Sabia ouvir e falar na hora certa. Generoso ao extremo, combatia seriamente o ego\u00edsmo. No curto per\u00edodo que passou em Petr\u00f3polis estudando Filosofia, demonstrou ser um frade aberto \u00e0s ideias, \u00e0s reformas e crescia harmoniosamente em todos os campos da vida religiosa e estudantil. Chegou ao segundo ano de Filosofia e n\u00e3o demonstrou nunca nenhuma dificuldade nos estudos. Bem conceituado entre os colegas, era por todos estimado&#8221;.<\/p>\n<p>Frei Jo\u00e3o era dotado de qualidades pr\u00e1ticas, sendo \u00f3timo pedreiro, padeiro, motorista. Enfim, para qualquer trabalho era sempre prestativo.<\/p>\n<p>Quando estava para professar solenemente, destacou que &#8220;o tempo todo percorri as pegadas de S\u00e3o Francisco. Foi um caminho muito \u00e1rduo, com quedas e decep\u00e7\u00f5es, mas ao mesmo tempo fui descobrindo que a vida religiosa n\u00e3o \u00e9 para aqueles justos e perfeitos, e sim para aqueles que se disp\u00f5em a caminhar&#8221;.<\/p>\n<p>Quando fez o pedido para a Ordem do Presbiterado, disse: &#8220;Sei que nada conseguirei sozinho, mas confio plenamente na provid\u00eancia divina a fim de desempenhar com seguran\u00e7a meu minist\u00e9rio sacerdotal&#8221;. Para sua ordena\u00e7\u00e3o presbiteral, na Igreja do Sagrado Cora\u00e7\u00e3o de Jesus em Petr\u00f3polis (RJ), escolheu como lema &#8220;Senhor, a quem ir\u00edamos n\u00f3s? S\u00f3 Tu tens palavra de vida eterna (Jo 6,68)&#8221;.<\/p>\n<p>O Santu\u00e1rio de Angelina, onde estava at\u00e9 o in\u00edcio deste ano, prestou homenagem ao frade: &#8220;Comunicamos com pesar a P\u00e1scoa do Frei Jo\u00e3o Maria. Os \u00faltimos anos do seu mandato foi ofertado em nossa par\u00f3quia. Louvamos a Deus pela sua vida. Sempre sorridente testemunhou a alegria do Evangelho. &#8220;Dai-lhes, Senhor, o eterno descanso entre os esplendores da luz perp\u00e9tua. Descanse em paz. Am\u00e9m!&#8221;<\/p>\n<p>A Cust\u00f3dia Franciscana das Sete Alegrias, no MT-MS, onde foi Frei Jo\u00e3o Maria trabalhou como mission\u00e1rio, fez a seguinte homenagem:<\/p>\n<p><img loading=\"lazy\" class=\"alignnone wp-image-233251 size-full\" src=\"https:\/\/franciscanos.org.br\/noticias\/wp-content\/uploads\/2021\/07\/custodia-1.jpg\" alt=\"\" width=\"890\" height=\"698\" srcset=\"https:\/\/franciscanos.org.br\/noticias\/wp-content\/uploads\/2021\/07\/custodia-1.jpg 890w, https:\/\/franciscanos.org.br\/noticias\/wp-content\/uploads\/2021\/07\/custodia-1-450x353.jpg 450w, https:\/\/franciscanos.org.br\/noticias\/wp-content\/uploads\/2021\/07\/custodia-1-768x602.jpg 768w, https:\/\/franciscanos.org.br\/noticias\/wp-content\/uploads\/2021\/07\/custodia-1-150x118.jpg 150w\" sizes=\"(max-width: 890px) 100vw, 890px\" \/><\/p>\n<p>O Santu\u00e1rio Frei Galv\u00e3o, em Guaratinguet\u00e1, tamb\u00e9m homenageou o frade que servia ali: &#8220;Nosso Santu\u00e1rio de Frei Galv\u00e3o sentir\u00e1 muito a sua falta, destacando a sua presen\u00e7a incans\u00e1vel no atendimento das confiss\u00f5es durante a semana. Um frade sereno, acolhedor e misericordioso que certamente deixou sua marca no in\u00edcio da hist\u00f3ria franciscana nesse Santu\u00e1rio. Nossa gratid\u00e3o e nossas preces pelo seu descanso eterno. Confiamos ao Bom Pastor, este filho de Francisco de Assis. Dai-lhe Senhor, o descanso eterno, e brilhe para ele vossa Luz!&#8221;<\/p>\n<p><strong>DEPOIMENTO DE FREI PEDRO PINHEIRO<\/strong><\/p>\n<div>Frei Jo\u00e3o foi um indiv\u00edduo inspirado pelo chamado \u00e0 Voca\u00e7\u00e3o Franciscana em 1975, que com alguns outros assim como eu, tamb\u00e9m ingressou no SEVOA, em Guaratinguet\u00e1. Em 1976 fizemos noviciado juntos em Rodeio e em Petr\u00f3polis iniciamos os estudos de filosofia e teologia\u2026\u00a0Neste tempo, ele decidiu por outras escolhas para subsequentemente retornar e recome\u00e7ar o trajeto que houvera iniciado\u2026! Para mim ser\u00e1 sempre um exemplo de despojamento e seriedade na busca de valores ideais, da inspira\u00e7\u00e3o religiosa franciscana.<\/div>\n<div><\/div>\n<div>Querido amigo, Frei Jo\u00e3o Maria, que voc\u00ea possa experimentar a harmonia no Amor de Deus, nesta sua merecida conquista da comunh\u00e3o dos Santos! Que a intensa luz de sua simplicidade possa servir tamb\u00e9m como sinal de inspira\u00e7\u00e3o para os nossos novos confrades que \u00a0h\u00e3o de vir depois de n\u00f3s!<\/div>\n<p><strong>Dados pessoais, forma\u00e7\u00e3o e atividades<\/strong><br \/>\n11\/07\/1950 \u2013 Nascimento em Erval Velho, SC (71 anos)<br \/>\n11\/08\/1979 \u2013 Admiss\u00e3o na Ordem dos Frades Menores em Rodeio, SC (41 anos de Vida Religiosa)<br \/>\n11\/08\/1980 \u2013 Profiss\u00e3o simples na Ordem dos Frades Menores<br \/>\n03\/04\/1983 \u2013 Profiss\u00e3o Solene<br \/>\n11\/08\/1984 \u2013 Ordena\u00e7\u00e3o presbiteral<\/p>\n<p><strong>Atividades na Evangeliza\u00e7\u00e3o<\/strong><br \/>\n09\/08\/1983 &#8211; Secret\u00e1rio do Instituto dos Meninos Cantores<br \/>\n05\/06\/1984 &#8211; Est\u00e1gio no Col\u00e9gio Bom Jesus<br \/>\n31\/01\/1985 &#8211; Vig\u00e1rio cooperador em Santos, SP<br \/>\n1987 &#8211; Vig\u00e1rio Paroquial em Pedra Preta, MT<br \/>\n1990 &#8211; Capel\u00e3o Militar em Dourados, MS<br \/>\n27\/08\/1997 &#8211; P\u00e1roco em \u00c1gua Doce, SC<br \/>\n28\/01\/1999 &#8211; Vig\u00e1rio Paroquial em S\u00e3o Jo\u00e3o de Meriti, RJ<br \/>\n12\/08\/1999 &#8211; Atendente Conventual em Guaratinguet\u00e1, Gra\u00e7as, SP<br \/>\n09\/01\/2002 &#8211; P\u00e1roco em Ponte Branca, MT<br \/>\n02\/04\/2003 &#8211; Formador no Semin\u00e1rio Diocesano de V\u00e1rzea Grande, MT<br \/>\n07\/11\/2003 &#8211; A servi\u00e7o da Diocese de Guiratinga, MT<br \/>\n20\/12\/2006 &#8211; Vig\u00e1rio da Casa e P\u00e1roco da Par\u00f3quia de Ituporanga, SC<br \/>\n03\/02\/2011 &#8211; A servi\u00e7o da Cust\u00f3dia da Terra Santa<br \/>\n10\/11\/2011 &#8211; Guardi\u00e3o e p\u00e1roco em Florian\u00f3polis, SC<br \/>\n19\/03\/2014 &#8211; Per\u00edodo de seculariza\u00e7\u00e3o &#8220;Ad experimentum&#8221; na Diocese de Dourados, MS<br \/>\n25\/02\/2016 &#8211; Vig\u00e1rio Paroquial e Reitor do Santu\u00e1rio de Angelina, SC<br \/>\n24\/11\/2020 &#8211; Atendente Conventual no Semin\u00e1rio Frei Galv\u00e3o, Guaratinguet\u00e1, SP<\/p>\n<p>Deus o acolha em seu Reino de Miseric\u00f3rdia e de Amor!<\/p>\n<p><em>R.I.P<\/em><\/p>\n<p><strong>Da Secretaria Provincial<\/strong><\/p>\n","protected":false},"excerpt":{"rendered":"<p>Prov\u00edncia de luto<\/p>\n","protected":false},"author":3,"featured_media":233238,"comment_status":"open","ping_status":"open","sticky":false,"template":"","format":"standard","meta":[],"categories":[1],"tags":[1160],"acf":[],"yoast_head":"<!-- This site is optimized with the Yoast SEO plugin v19.2 - https:\/\/yoast.com\/wordpress\/plugins\/seo\/ -->\n<title>Aos 71 anos, falece Frei Jo\u00e3o Maria dos Santos em Guaratinguet\u00e1 - Not\u00edcias - Franciscanos<\/title>\n<meta name=\"robots\" content=\"index, follow, max-snippet:-1, max-image-preview:large, max-video-preview:-1\" \/>\n<link rel=\"canonical\" href=\"https:\/\/franciscanos.org.br\/noticias\/aos-71-anos-falece-frei-joao-maria-dos-santos.html\" \/>\n<meta property=\"og:locale\" content=\"pt_BR\" \/>\n<meta property=\"og:type\" content=\"article\" \/>\n<meta property=\"og:title\" content=\"Aos 71 anos, falece Frei Jo\u00e3o Maria dos Santos em Guaratinguet\u00e1 - Not\u00edcias - Franciscanos\" \/>\n<meta property=\"og:description\" content=\"Prov\u00edncia de luto\" \/>\n<meta property=\"og:url\" content=\"https:\/\/franciscanos.org.br\/noticias\/aos-71-anos-falece-frei-joao-maria-dos-santos.html\" \/>\n<meta property=\"og:site_name\" content=\"Not\u00edcias - Franciscanos\" \/>\n<meta property=\"article:published_time\" content=\"2021-07-18T10:44:58+00:00\" \/>\n<meta property=\"article:modified_time\" content=\"2021-07-18T16:16:07+00:00\" \/>\n<meta property=\"og:image\" content=\"https:\/\/franciscanos.org.br\/noticias\/wp-content\/uploads\/2021\/07\/joao_d.jpg\" \/>\n\t<meta property=\"og:image:width\" content=\"800\" \/>\n\t<meta property=\"og:image:height\" content=\"550\" \/>\n\t<meta property=\"og:image:type\" content=\"image\/jpeg\" \/>\n<meta name=\"author\" content=\"moacir\" \/>\n<meta name=\"twitter:card\" content=\"summary_large_image\" \/>\n<meta name=\"twitter:label1\" content=\"Escrito por\" \/>\n\t<meta name=\"twitter:data1\" content=\"moacir\" \/>\n\t<meta name=\"twitter:label2\" content=\"Est. tempo de leitura\" \/>\n\t<meta name=\"twitter:data2\" content=\"6 minutos\" \/>\n<script type=\"application\/ld+json\" class=\"yoast-schema-graph\">{\"@context\":\"https:\/\/schema.org\",\"@graph\":[{\"@type\":\"WebSite\",\"@id\":\"https:\/\/franciscanos.org.br\/noticias\/#website\",\"url\":\"https:\/\/franciscanos.org.br\/noticias\/\",\"name\":\"Not\u00edcias - Franciscanos\",\"description\":\"Prov\u00edncia Franciscana da Imaculada Concei\u00e7\u00e3o do Brasil - Ordem dos Frades Menores - OFM\",\"potentialAction\":[{\"@type\":\"SearchAction\",\"target\":{\"@type\":\"EntryPoint\",\"urlTemplate\":\"https:\/\/franciscanos.org.br\/noticias\/?s={search_term_string}\"},\"query-input\":\"required name=search_term_string\"}],\"inLanguage\":\"pt-BR\"},{\"@type\":\"ImageObject\",\"inLanguage\":\"pt-BR\",\"@id\":\"https:\/\/franciscanos.org.br\/noticias\/aos-71-anos-falece-frei-joao-maria-dos-santos.html#primaryimage\",\"url\":\"https:\/\/franciscanos.org.br\/noticias\/wp-content\/uploads\/2021\/07\/joao_d.jpg\",\"contentUrl\":\"https:\/\/franciscanos.org.br\/noticias\/wp-content\/uploads\/2021\/07\/joao_d.jpg\",\"width\":800,\"height\":550},{\"@type\":\"WebPage\",\"@id\":\"https:\/\/franciscanos.org.br\/noticias\/aos-71-anos-falece-frei-joao-maria-dos-santos.html#webpage\",\"url\":\"https:\/\/franciscanos.org.br\/noticias\/aos-71-anos-falece-frei-joao-maria-dos-santos.html\",\"name\":\"Aos 71 anos, falece Frei Jo\u00e3o Maria dos Santos em Guaratinguet\u00e1 - Not\u00edcias - Franciscanos\",\"isPartOf\":{\"@id\":\"https:\/\/franciscanos.org.br\/noticias\/#website\"},\"primaryImageOfPage\":{\"@id\":\"https:\/\/franciscanos.org.br\/noticias\/aos-71-anos-falece-frei-joao-maria-dos-santos.html#primaryimage\"},\"datePublished\":\"2021-07-18T10:44:58+00:00\",\"dateModified\":\"2021-07-18T16:16:07+00:00\",\"author\":{\"@id\":\"https:\/\/franciscanos.org.br\/noticias\/#\/schema\/person\/b5c8cba458c330ccff548b056e95a5d4\"},\"breadcrumb\":{\"@id\":\"https:\/\/franciscanos.org.br\/noticias\/aos-71-anos-falece-frei-joao-maria-dos-santos.html#breadcrumb\"},\"inLanguage\":\"pt-BR\",\"potentialAction\":[{\"@type\":\"ReadAction\",\"target\":[\"https:\/\/franciscanos.org.br\/noticias\/aos-71-anos-falece-frei-joao-maria-dos-santos.html\"]}]},{\"@type\":\"BreadcrumbList\",\"@id\":\"https:\/\/franciscanos.org.br\/noticias\/aos-71-anos-falece-frei-joao-maria-dos-santos.html#breadcrumb\",\"itemListElement\":[{\"@type\":\"ListItem\",\"position\":1,\"name\":\"Home\",\"item\":\"https:\/\/franciscanos.org.br\/noticias\"},{\"@type\":\"ListItem\",\"position\":2,\"name\":\"Aos 71 anos, falece Frei Jo\u00e3o Maria dos Santos em Guaratinguet\u00e1\"}]},{\"@type\":\"Person\",\"@id\":\"https:\/\/franciscanos.org.br\/noticias\/#\/schema\/person\/b5c8cba458c330ccff548b056e95a5d4\",\"name\":\"moacir\",\"image\":{\"@type\":\"ImageObject\",\"inLanguage\":\"pt-BR\",\"@id\":\"https:\/\/franciscanos.org.br\/noticias\/#\/schema\/person\/image\/\",\"url\":\"https:\/\/secure.gravatar.com\/avatar\/d08aa2ce4c8dd416d4479aa8536fcf64?s=96&d=mm&r=g\",\"contentUrl\":\"https:\/\/secure.gravatar.com\/avatar\/d08aa2ce4c8dd416d4479aa8536fcf64?s=96&d=mm&r=g\",\"caption\":\"moacir\"},\"url\":\"https:\/\/franciscanos.org.br\/noticias\/author\/moacir\"}]}<\/script>\n<!-- \/ Yoast SEO plugin. -->","yoast_head_json":{"title":"Aos 71 anos, falece Frei Jo\u00e3o Maria dos Santos em Guaratinguet\u00e1 - Not\u00edcias - Franciscanos","robots":{"index":"index","follow":"follow","max-snippet":"max-snippet:-1","max-image-preview":"max-image-preview:large","max-video-preview":"max-video-preview:-1"},"canonical":"https:\/\/franciscanos.org.br\/noticias\/aos-71-anos-falece-frei-joao-maria-dos-santos.html","og_locale":"pt_BR","og_type":"article","og_title":"Aos 71 anos, falece Frei Jo\u00e3o Maria dos Santos em Guaratinguet\u00e1 - Not\u00edcias - Franciscanos","og_description":"Prov\u00edncia de luto","og_url":"https:\/\/franciscanos.org.br\/noticias\/aos-71-anos-falece-frei-joao-maria-dos-santos.html","og_site_name":"Not\u00edcias - Franciscanos","article_published_time":"2021-07-18T10:44:58+00:00","article_modified_time":"2021-07-18T16:16:07+00:00","og_image":[{"width":800,"height":550,"url":"https:\/\/franciscanos.org.br\/noticias\/wp-content\/uploads\/2021\/07\/joao_d.jpg","type":"image\/jpeg"}],"author":"moacir","twitter_card":"summary_large_image","twitter_misc":{"Escrito por":"moacir","Est. tempo de leitura":"6 minutos"},"schema":{"@context":"https:\/\/schema.org","@graph":[{"@type":"WebSite","@id":"https:\/\/franciscanos.org.br\/noticias\/#website","url":"https:\/\/franciscanos.org.br\/noticias\/","name":"Not\u00edcias - Franciscanos","description":"Prov\u00edncia Franciscana da Imaculada Concei\u00e7\u00e3o do Brasil - Ordem dos Frades Menores - OFM","potentialAction":[{"@type":"SearchAction","target":{"@type":"EntryPoint","urlTemplate":"https:\/\/franciscanos.org.br\/noticias\/?s={search_term_string}"},"query-input":"required name=search_term_string"}],"inLanguage":"pt-BR"},{"@type":"ImageObject","inLanguage":"pt-BR","@id":"https:\/\/franciscanos.org.br\/noticias\/aos-71-anos-falece-frei-joao-maria-dos-santos.html#primaryimage","url":"https:\/\/franciscanos.org.br\/noticias\/wp-content\/uploads\/2021\/07\/joao_d.jpg","contentUrl":"https:\/\/franciscanos.org.br\/noticias\/wp-content\/uploads\/2021\/07\/joao_d.jpg","width":800,"height":550},{"@type":"WebPage","@id":"https:\/\/franciscanos.org.br\/noticias\/aos-71-anos-falece-frei-joao-maria-dos-santos.html#webpage","url":"https:\/\/franciscanos.org.br\/noticias\/aos-71-anos-falece-frei-joao-maria-dos-santos.html","name":"Aos 71 anos, falece Frei Jo\u00e3o Maria dos Santos em Guaratinguet\u00e1 - Not\u00edcias - Franciscanos","isPartOf":{"@id":"https:\/\/franciscanos.org.br\/noticias\/#website"},"primaryImageOfPage":{"@id":"https:\/\/franciscanos.org.br\/noticias\/aos-71-anos-falece-frei-joao-maria-dos-santos.html#primaryimage"},"datePublished":"2021-07-18T10:44:58+00:00","dateModified":"2021-07-18T16:16:07+00:00","author":{"@id":"https:\/\/franciscanos.org.br\/noticias\/#\/schema\/person\/b5c8cba458c330ccff548b056e95a5d4"},"breadcrumb":{"@id":"https:\/\/franciscanos.org.br\/noticias\/aos-71-anos-falece-frei-joao-maria-dos-santos.html#breadcrumb"},"inLanguage":"pt-BR","potentialAction":[{"@type":"ReadAction","target":["https:\/\/franciscanos.org.br\/noticias\/aos-71-anos-falece-frei-joao-maria-dos-santos.html"]}]},{"@type":"BreadcrumbList","@id":"https:\/\/franciscanos.org.br\/noticias\/aos-71-anos-falece-frei-joao-maria-dos-santos.html#breadcrumb","itemListElement":[{"@type":"ListItem","position":1,"name":"Home","item":"https:\/\/franciscanos.org.br\/noticias"},{"@type":"ListItem","position":2,"name":"Aos 71 anos, falece Frei Jo\u00e3o Maria dos Santos em Guaratinguet\u00e1"}]},{"@type":"Person","@id":"https:\/\/franciscanos.org.br\/noticias\/#\/schema\/person\/b5c8cba458c330ccff548b056e95a5d4","name":"moacir","image":{"@type":"ImageObject","inLanguage":"pt-BR","@id":"https:\/\/franciscanos.org.br\/noticias\/#\/schema\/person\/image\/","url":"https:\/\/secure.gravatar.com\/avatar\/d08aa2ce4c8dd416d4479aa8536fcf64?s=96&d=mm&r=g","contentUrl":"https:\/\/secure.gravatar.com\/avatar\/d08aa2ce4c8dd416d4479aa8536fcf64?s=96&d=mm&r=g","caption":"moacir"},"url":"https:\/\/franciscanos.org.br\/noticias\/author\/moacir"}]}},"_links":{"self":[{"href":"https:\/\/franciscanos.org.br\/noticias\/wp-json\/wp\/v2\/posts\/233236"}],"collection":[{"href":"https:\/\/franciscanos.org.br\/noticias\/wp-json\/wp\/v2\/posts"}],"about":[{"href":"https:\/\/franciscanos.org.br\/noticias\/wp-json\/wp\/v2\/types\/post"}],"author":[{"embeddable":true,"href":"https:\/\/franciscanos.org.br\/noticias\/wp-json\/wp\/v2\/users\/3"}],"replies":[{"embeddable":true,"href":"https:\/\/franciscanos.org.br\/noticias\/wp-json\/wp\/v2\/comments?post=233236"}],"version-history":[{"count":28,"href":"https:\/\/franciscanos.org.br\/noticias\/wp-json\/wp\/v2\/posts\/233236\/revisions"}],"predecessor-version":[{"id":233273,"href":"https:\/\/franciscanos.org.br\/noticias\/wp-json\/wp\/v2\/posts\/233236\/revisions\/233273"}],"wp:featuredmedia":[{"embeddable":true,"href":"https:\/\/franciscanos.org.br\/noticias\/wp-json\/wp\/v2\/media\/233238"}],"wp:attachment":[{"href":"https:\/\/franciscanos.org.br\/noticias\/wp-json\/wp\/v2\/media?parent=233236"}],"wp:term":[{"taxonomy":"category","embeddable":true,"href":"https:\/\/franciscanos.org.br\/noticias\/wp-json\/wp\/v2\/categories?post=233236"},{"taxonomy":"post_tag","embeddable":true,"href":"https:\/\/franciscanos.org.br\/noticias\/wp-json\/wp\/v2\/tags?post=233236"}],"curies":[{"name":"wp","href":"https:\/\/api.w.org\/{rel}","templated":true}]}}