{"id":233137,"date":"2021-07-15T07:09:49","date_gmt":"2021-07-15T10:09:49","guid":{"rendered":"https:\/\/franciscanos.org.br\/noticias\/?p=233137"},"modified":"2021-07-15T09:55:50","modified_gmt":"2021-07-15T12:55:50","slug":"frei-cesar-kulkamp-e-eleito-definidor-geral-para-a-america-latina","status":"publish","type":"post","link":"https:\/\/franciscanos.org.br\/noticias\/frei-cesar-kulkamp-e-eleito-definidor-geral-para-a-america-latina.html","title":{"rendered":"Frei C\u00e9sar K\u00fclkamp \u00e9 eleito Definidor Geral para a Am\u00e9rica Latina"},"content":{"rendered":"<p><img loading=\"lazy\" class=\"alignnone wp-image-233138 size-full\" src=\"https:\/\/franciscanos.org.br\/noticias\/wp-content\/uploads\/2021\/07\/cesar_01.jpg\" alt=\"\" width=\"1280\" height=\"838\" srcset=\"https:\/\/franciscanos.org.br\/noticias\/wp-content\/uploads\/2021\/07\/cesar_01.jpg 1280w, https:\/\/franciscanos.org.br\/noticias\/wp-content\/uploads\/2021\/07\/cesar_01-450x295.jpg 450w, https:\/\/franciscanos.org.br\/noticias\/wp-content\/uploads\/2021\/07\/cesar_01-1024x670.jpg 1024w, https:\/\/franciscanos.org.br\/noticias\/wp-content\/uploads\/2021\/07\/cesar_01-768x503.jpg 768w, https:\/\/franciscanos.org.br\/noticias\/wp-content\/uploads\/2021\/07\/cesar_01-150x98.jpg 150w\" sizes=\"(max-width: 1280px) 100vw, 1280px\" \/><\/p>\n<p>Neste dia 15 de julho de 2021, quando a Ordem dos Frades Menores celebra a festa lit\u00fargica de S\u00e3o Boaventura de Bagnoregio (1217-1274) e esta Prov\u00edncia Franciscana da Imaculada Concei\u00e7\u00e3o do Brasil celebra seus 346 anos de exist\u00eancia, o Ministro Provincial, Frei C\u00e9sar K\u00fclkamp, foi eleito, com 91 votos (dos 116 votantes) para servir como Definidor Geral para a Am\u00e9rica Latina.<\/p>\n<p>A elei\u00e7\u00e3o de Frei C\u00e9sar aconteceu no 13\u00ba dia do Cap\u00edtulo Geral (14\/7), em andamento no Col\u00e9gio Internacional S\u00e3o Louren\u00e7o de Brindisi, em Roma. Foram eleitos, al\u00e9m de Frei C\u00e9sar, mais 7 Definidores que v\u00e3o representar a Ordem dos Frades Menores mundialmente.<\/p>\n<p><strong>GOVERNO ELEITO DA ORDEM DOS FRADES MENORES<\/strong><\/p>\n<p><strong>Ministro Geral<\/strong>: Frei Massimo Fusarelli<br \/>\n<strong>Vig\u00e1rio Geral:<\/strong> Frei Isauro Ulises Covili Linfati<\/p>\n<p><strong>DEFINIT\u00d3RIO GERAL<\/strong><br \/>\n<strong>Definidores para Am\u00e9rica Latina<\/strong> &#8211; Frei C\u00e9sar K\u00fclkamp e Frei Joaquin Echeverry<br \/>\n<strong>Definidor para \u00c1frica\/Oriente M\u00e9dio<\/strong> &#8211; Frei Victor Luis Quematcha<br \/>\n<strong>Definidor para \u00c1sia\/Oceania<\/strong> &#8211; Frei John Wong<br \/>\n<strong>Definidor para Europa Central<\/strong> &#8211; Frei Albert Schmucki<br \/>\n<strong>Definidor para Europa Angl\u00f3fona &#8211;<\/strong> Frei Jimmy Zammit<br \/>\n<strong>Definidor para Regi\u00e3o Ib\u00e9rica\/It\u00e1lia\/Alb\u00e2nia<\/strong> &#8211; Frei Cesare Vaiani<br \/>\n<strong>Definidor para Regi\u00e3o Esl\u00e1vica<\/strong> &#8211; Frei Konrad Cholewa<\/p>\n<p><img loading=\"lazy\" class=\"alignnone wp-image-233160 size-full\" src=\"https:\/\/franciscanos.org.br\/noticias\/wp-content\/uploads\/2021\/07\/arte.jpg\" alt=\"\" width=\"1624\" height=\"1204\" srcset=\"https:\/\/franciscanos.org.br\/noticias\/wp-content\/uploads\/2021\/07\/arte.jpg 1624w, https:\/\/franciscanos.org.br\/noticias\/wp-content\/uploads\/2021\/07\/arte-450x334.jpg 450w, https:\/\/franciscanos.org.br\/noticias\/wp-content\/uploads\/2021\/07\/arte-1024x759.jpg 1024w, https:\/\/franciscanos.org.br\/noticias\/wp-content\/uploads\/2021\/07\/arte-768x569.jpg 768w, https:\/\/franciscanos.org.br\/noticias\/wp-content\/uploads\/2021\/07\/arte-1536x1139.jpg 1536w, https:\/\/franciscanos.org.br\/noticias\/wp-content\/uploads\/2021\/07\/arte-150x111.jpg 150w\" sizes=\"(max-width: 1624px) 100vw, 1624px\" \/><\/p>\n<p>Frei C\u00e9sar \u00e9 natural de Ituporanga, onde nasceu no dia 26 de maio de 1969. \u00c9 filho de Reinilda e Fredolino K\u00fclkamp. Vestiu o h\u00e1bito franciscano na Ordem dos Frades Menores em 11 de janeiro de 1988 e se tornou professo solene em 24 de setembro de 1993. Foi ordenado presb\u00edtero no dia 16 de dezembro de 1995.<\/p>\n<p>Frei C\u00e9sar formou-se em Filosofia, pelo Instituto Filos\u00f3fico S\u00e3o Boaventura e Universidade S\u00e3o Francisco, e Teologia, pelo Instituto Teol\u00f3gico Franciscano (ITF) e Pedagogia na Universidade Cat\u00f3lica de Petr\u00f3polis (UCP), t\u00edtulos obtidos em 1995. Depois concluiu, em 2000, o mestrado em Educa\u00e7\u00e3o pela Universidade Federal do Rio de Janeiro e a p\u00f3s-gradua\u00e7\u00e3o em Administra\u00e7\u00e3o de Empresas pela Faculdade Get\u00falio Vargas.<\/p>\n<p>Aos 52 anos, Frei C\u00e9sar tem uma hist\u00f3ria de dedica\u00e7\u00e3o \u00e0 educa\u00e7\u00e3o e \u00e0 forma\u00e7\u00e3o religiosa franciscana. Tanto que assumiu a dire\u00e7\u00e3o pedag\u00f3gica do Col\u00e9gio \u201cCanarinhos\u201d de Petr\u00f3polis em 1994, onde ficou at\u00e9 o final de 2000. No final deste ano, foi transferido para Agudos, onde assumiu como reitor e orientador o Semin\u00e1rio Santo Ant\u00f4nio. Em 2003 foi eleito para o primeiro mandato como Definidor (2004-2006), assumindo tamb\u00e9m a fun\u00e7\u00e3o de secret\u00e1rio para a Forma\u00e7\u00e3o e Estudos e vice-mestre no Postulantado Frei Galv\u00e3o (Guaratinguet\u00e1).<\/p>\n<p>No Cap\u00edtulo Provincial de 2006, foi reeleito Definidor para o tri\u00eanio 2007-2009.Em 2007, fez o curso de formadores da OFM, no m\u00eas de maio, em Roma, e deste ano at\u00e9 2010, foi Secret\u00e1rio de Forma\u00e7\u00e3o da CFMB. Acumulou as fun\u00e7\u00f5es de guardi\u00e3o da Fraternidade de Rondinha e Secret\u00e1rio para a Forma\u00e7\u00e3o e Estudos. Mas no Cap\u00edtulo de 2009, ele seria mais uma vez confirmado como Definidor at\u00e9 o ano de 2012, tamb\u00e9m acumulando a fun\u00e7\u00e3o de Secret\u00e1rio para a Forma\u00e7\u00e3o e Estudos e Mestre para os professos tempor\u00e1rios no tempo de Teologia em Petr\u00f3polis.<\/p>\n<p>No Cap\u00edtulo de 2012, Frei C\u00e9sar continuou como Secret\u00e1rio para a Forma\u00e7\u00e3o e Estudos, assumindo tamb\u00e9m como guardi\u00e3o da Fraternidade do Sagrado, em Petr\u00f3polis. Foi Visitador Geral da Cust\u00f3dia Franciscana das Sete Alegrias em 2010 e 2014 e Secret\u00e1rio de Evangeliza\u00e7\u00e3o da CFMB de 2015 a 2018. Voltou a ser Visitador Geral, desta vez da Cust\u00f3dia S\u00e3o Benedito da Amaz\u00f4nia em 2016.<\/p>\n<p>Em 2016 foi eleito novamente Definidor, mas ficou por pouco tempo no cargo, pois foi eleito Vig\u00e1rio Provincial. O Vig\u00e1rio anterior, Frei Evaristo Spengler, fora nomeado bispo. Frei C\u00e9sar tamb\u00e9m desempenhou a fun\u00e7\u00e3o de Secret\u00e1rio da Evangeliza\u00e7\u00e3o antes de ser eleito Ministro Provincial, no Cap\u00edtulo Provincial de 2018. Neste mesmo ano, em julho, Frei C\u00e9sar foi eleito presidente da Confer\u00eancia Brasileira dos Frades Menores, mandato que terminou no come\u00e7o deste m\u00eas.<\/p>\n<p>&nbsp;<\/p>\n<hr \/>\n<h3><strong>\u00c1sia &#8211; Frei John Wong<\/strong><\/h3>\n<p><img loading=\"lazy\" class=\"size-medium wp-image-233145 alignright\" src=\"https:\/\/franciscanos.org.br\/noticias\/wp-content\/uploads\/2021\/07\/wrong-450x289.jpg\" alt=\"\" width=\"450\" height=\"289\" srcset=\"https:\/\/franciscanos.org.br\/noticias\/wp-content\/uploads\/2021\/07\/wrong-450x289.jpg 450w, https:\/\/franciscanos.org.br\/noticias\/wp-content\/uploads\/2021\/07\/wrong-150x96.jpg 150w, https:\/\/franciscanos.org.br\/noticias\/wp-content\/uploads\/2021\/07\/wrong.jpg 492w\" sizes=\"(max-width: 450px) 100vw, 450px\" \/>Frei John Wong \u00e9 natural da Mal\u00e1sia, onde nasceu no dia 3 de julho de 1966. Fez a profiss\u00e3o solene na Ordem dos Frades Menores no dia 29 de novembro de 1999 e foi ordenado presb\u00edtero no dia 2 de dezembro de 2000.<\/p>\n<p>De 1985 e 1991 estudou Arquitetura na Universidade Nova Gales do Sul, na Austr\u00e1lia, e lecionou Ingl\u00eas para estrangeiros. Desde 2020, est\u00e1 matriculado no Curso de Mestrado em Educa\u00e7\u00e3o.<\/p>\n<p>De 1994 a 1995, ingressou no Postulantado e Noviciado, em Cingapura. Neste mesmo pa\u00eds, fez Filosofia e Teologia (1996-2000). Ingressou no Curso de Formadores Franciscanos (2004-2005) no Franciscan International Study Centre (Canterbury, Reino Unido).<\/p>\n<p>Foi eleito Cust\u00f3dio, de 2010-2019, da Cust\u00f3dia de Santo Ant\u00f4nio (Mal\u00e1sia-Cingapura-Brunei); de 2012-2019, esteve tamb\u00e9m \u00e0 frente da Confer\u00eancia de Superiores Maiores Religiosos (Mal\u00e1sia-Singapura-Brunei), como Secret\u00e1rio (2012-2014) e Presidente (2014-2019); membro da Comiss\u00e3o Geral OFM para o Di\u00e1logo Ecum\u00eanico e Inter-religioso (2018-2021); Visitador Geral na Prov\u00edncia Franciscana de S\u00e3o Francisco do Vietn\u00e3 (2019-2020); Vice-Secret\u00e1rio Geral do Cap\u00edtulo OFM 2021; al\u00e9m de fazer parte da Comiss\u00e3o Geral da Ordem para a Funda\u00e7\u00e3o de S\u00e3o Francisco de Assis em Mianmar; e presidir a Comiss\u00e3o Geral para a Funda\u00e7\u00e3o de Santa Maria dos Anjos na Tail\u00e2ndia.<\/p>\n<hr \/>\n<h3><strong>Europa Central &#8211; Frei Albert Schmucki<\/strong><\/h3>\n<p><img loading=\"lazy\" class=\"alignleft wp-image-233146\" src=\"https:\/\/franciscanos.org.br\/noticias\/wp-content\/uploads\/2021\/07\/Schmucki.jpg\" alt=\"\" width=\"292\" height=\"314\" srcset=\"https:\/\/franciscanos.org.br\/noticias\/wp-content\/uploads\/2021\/07\/Schmucki.jpg 400w, https:\/\/franciscanos.org.br\/noticias\/wp-content\/uploads\/2021\/07\/Schmucki-150x161.jpg 150w\" sizes=\"(max-width: 292px) 100vw, 292px\" \/>Frei Albert Schmucki nasceu em Degersheim (Su\u00ed\u00e7a), no dia 20 de julho de 1963. Fez sua profiss\u00e3o simples em 1989 e recebeu a ordena\u00e7\u00e3o sacerdotal<br \/>\nem 1992. Ap\u00f3s seus estudos teol\u00f3gicos na Su\u00ed\u00e7a e em Roma, obteve o doutorado em Teologia Dogm\u00e1tica na Pontif\u00edcia Universidade Antonianum em Roma (PUA). \u00c0 frente de seu servi\u00e7o, no contexto da forma\u00e7\u00e3o inicial, obteve a Licenciatura em Psicologia (Pont. Univ. Gregoriana).<\/p>\n<p>Na Cust\u00f3dia Su\u00ed\u00e7a ocupou os cargos de guardi\u00e3o, definidor, vice-mestre do noviciado e Secret\u00e1rio para a Forma\u00e7\u00e3o e os Estudos. De 2000 a 2006 foi coordenador das secretarias de Forma\u00e7\u00e3o e Estudos do Congresso Cotaf.<\/p>\n<p>De 2011 a 2019, foi membro da comiss\u00e3o cient\u00edfica &#8220;Fidelidade e perseveran\u00e7a&#8221; da C\u00faria Geral OFM.<\/p>\n<p>De 2006 a 2017 foi co-moderador do Master (agora Diploma) Forma\u00e7\u00e3o em Vida Consagrada no Instituto Franciscano de Espiritualidade (PUA). Ele ofereceu v\u00e1rios cursos no campo psicopedag\u00f3gico, atuando como Vice-Reitor do mesmo Instituto at\u00e9 2020. Fala os idiomas: alem\u00e3o, italiano, ingl\u00eas, franc\u00eas.<\/p>\n<hr \/>\n<h3><img loading=\"lazy\" class=\"alignright wp-image-233147\" src=\"https:\/\/franciscanos.org.br\/noticias\/wp-content\/uploads\/2021\/07\/joaquim.jpg\" alt=\"\" width=\"207\" height=\"190\" srcset=\"https:\/\/franciscanos.org.br\/noticias\/wp-content\/uploads\/2021\/07\/joaquim.jpg 400w, https:\/\/franciscanos.org.br\/noticias\/wp-content\/uploads\/2021\/07\/joaquim-150x137.jpg 150w\" sizes=\"(max-width: 207px) 100vw, 207px\" \/>Am\u00e9rica Latina &#8211; Frei Joaquin Echeverry<\/h3>\n<p>Fray Joaqu\u00edn Echeverry, da Prov\u00edncia Franciscana de Santa F\u00e9, Col\u00f4mbia, nasceu no dia 26 de fevereiro de 1955. Ele faz parte da Fraternidade dos Frades das Obras Sociais do Santo Irm\u00e3o Pedro. Foi Diretor do Col\u00e9gio Franciscano Pio XII. Frade que se destaca pela voca\u00e7\u00e3o e pelo servi\u00e7o, mostrando os valores franciscanos.<\/p>\n<p>Ele luta pelas crian\u00e7as comm defici\u00eancia, para que sejam aceitas em qualquer estabelecimento, dando-lhes n\u00e3o s\u00f3 terapias e carinho, mas tamb\u00e9m a oportunidade de se desenvolverem e se defenderem.<\/p>\n<p>&nbsp;<\/p>\n<hr \/>\n<h3><strong><img loading=\"lazy\" class=\"alignleft size-full wp-image-233148\" src=\"https:\/\/franciscanos.org.br\/noticias\/wp-content\/uploads\/2021\/07\/cesare.jpg\" alt=\"\" width=\"450\" height=\"338\" srcset=\"https:\/\/franciscanos.org.br\/noticias\/wp-content\/uploads\/2021\/07\/cesare.jpg 450w, https:\/\/franciscanos.org.br\/noticias\/wp-content\/uploads\/2021\/07\/cesare-150x113.jpg 150w\" sizes=\"(max-width: 450px) 100vw, 450px\" \/>Ib\u00e9ria, It\u00e1lia e Alb\u00e2nia &#8211; Frei Cesare Vaiani<\/strong><\/h3>\n<p>Frei Cesare Vaiani, nascido em Mil\u00e3o em 20 de outubro de 1954, ingressou na Ordem dos Frades Menores, na Prov\u00edncia da Lombardia \u201cS\u00e3o Carlos Borromeu\u201d, em 14 de setembro de 1974. Fez a profiss\u00e3o tempor\u00e1ria no convento de San Dami\u00e3o, em Assis, em 17 de setembro de 1975 e a profiss\u00e3o solene no convento de Santo \u00c2ngelo, de Mil\u00e3o, em 22 de abril de 1979. Foi ordenado sacerdote pelo Cardeal Carlo Maria Martini no Duomo de Mil\u00e3o, em 14 de junho de 1980.<br \/>\nEle obteve o diploma de bacharel em Teologia na Faculdade de Teologia do Norte da It\u00e1lia em 1979, a Licenciatura em Teologia (se\u00e7\u00e3o Dogm\u00e1tica) do PUA de Roma em 1981, a Licenciatura em Filosofia na Faculdade de Letras e Filosofia da Universidade Cat\u00f3lica do Sagrado Cora\u00e7\u00e3o de Mil\u00e3o, em 1989, e um doutorado em Teologia Espiritual na Faculdade de Teologia da It\u00e1lia Norte em 29 de setembro de 2011.<\/p>\n<p>Na Prov\u00edncia ocupou os cargos de Vig\u00e1rio local (1983-85; 2000-09), Guardi\u00e3o (1988-91; 1994-2000; 2009-2016), Assistente do Orat\u00f3rio (1982-83), Vig\u00e1rio de Par\u00f3quia (1988-91), Mestre de Novi\u00e7os (1981-82), Reitor do Col\u00e9gio Ser\u00e1fico de Saiano (1983-85), Diretor da Biblioteca Franciscana de Mil\u00e3o (1985-88; 2000-03), Definidor provincial (1991-94; 1997-2000; 2007-2013), Secret\u00e1rio para a Forma\u00e7\u00e3o e Estudos (1991-97), Respons\u00e1vel pela forma\u00e7\u00e3o aos minist\u00e9rios (1994-2000), Moderador para a Forma\u00e7\u00e3o Permanente (2003-2013) e respons\u00e1vel pelos frades professos solenes com menos de dez anos de profiss\u00e3o \/ \u201cMenores de dez\u201d (2007-2013).<\/p>\n<p>Professor de filosofia no Col\u00e9gio Teol\u00f3gico dos Salesianos de Nave (BS) (1984-86) e no Liceu Luzzago em Brescia (1991-2000). Professor de Teologia da Vida Religiosa na Escola de Teologia de Brescia USMI (1983-85), na Escola de Forma\u00e7\u00e3o Intercongregacional para Novi\u00e7os em Mil\u00e3o (1986-90), na Faculdade de Teologia do Norte da It\u00e1lia e no Estudo Teol\u00f3gico San Bernardino dos Frades Menores em Verona (desde 1989), da qual foi Vice-Reitor de 1997 a 200. Professor de Teologia Espiritual e Franciscana no Estudo Teol\u00f3gico dos Frades Capuchinhos de Mil\u00e3o (1987-89), na Universidade Cat\u00f3lica de Mil\u00e3o (1989-94), na Faculdade de Teologia do Norte da It\u00e1lia; Vice-assistente central do Instituto Secular dos Mission\u00e1rios da Realeza (ISM) (1997-2001),<br \/>\nAssistente Central de 2001 a 2015.<\/p>\n<p>Em 2015 foi nomeado Secret\u00e1rio-Geral para a Forma\u00e7\u00e3o e Estudos da Ordem dos Frades Menores.<\/p>\n<hr \/>\n<h3><strong><img loading=\"lazy\" class=\"alignright size-full wp-image-233149\" src=\"https:\/\/franciscanos.org.br\/noticias\/wp-content\/uploads\/2021\/07\/polones_01.jpg\" alt=\"\" width=\"450\" height=\"324\" srcset=\"https:\/\/franciscanos.org.br\/noticias\/wp-content\/uploads\/2021\/07\/polones_01.jpg 450w, https:\/\/franciscanos.org.br\/noticias\/wp-content\/uploads\/2021\/07\/polones_01-150x108.jpg 150w\" sizes=\"(max-width: 450px) 100vw, 450px\" \/>Esl\u00e1vica &#8211; Frei Konrad Cholewa<\/strong><\/h3>\n<p>Frei Konrad Grzegorz Cholewa nasceu em 23 de julho de 1981, na Sucha Beskidzka (Pol\u00f4nia). Ap\u00f3s o exame do ensino m\u00e9dio em 2001, ingressou na Ordem dos Frades Menores, na Prov\u00edncia da Imaculada Concei\u00e7\u00e3o da Beata Virgem Maria, em Crac\u00f3via. Depois do postulantado e noviciado, ele come\u00e7ou seus estudos filos\u00f3ficos e teol\u00f3gicos em Kalwaria Zebrzydowska. Em 2006, fez seus votos perp\u00e9tuos e em 2008 foi ordenado sacerdote. Depois disso, por dois anos<br \/>\nexerceu o minist\u00e9rio pastoral no convento e na par\u00f3quia em T\u0119czyca (no centro da Pol\u00f4nia) e trabalhou como professor de religi\u00e3o no col\u00e9gio.<\/p>\n<p>De 2010 e 2013, ele completou a Licenciatura de Espiritualidade franciscana na Pontif\u00edcia Universidade Antonianum de Roma. Em 2013 foi nomeado vice-reitor e vice-mestre de estudantes em Kalwaria e Vig\u00e1rio da Fraternidade do Semin\u00e1rio Maior. Ent\u00e3o ele continuou seu estudos de Doutorado na Pontif\u00edcia Universidade Jo\u00e3o Paulo II em Crac\u00f3via, conclu\u00eddos com a tese de doutoramento sobre o tema da Forma\u00e7\u00e3o Permanente em Documentos P\u00f3s-conciliares da Ordem dos Frades Menores.<\/p>\n<p>Foi eleito Definidor de sua Prov\u00edncia em 2017 e reeleito em 2020. Desde 2017 \u00e9 o guardi\u00e3o da Fraternidade e guardi\u00e3o do Santu\u00e1rio em Kalwaria Zebrzydowska, o maior santu\u00e1rio da Prov\u00edncia e um dos centros de peregrina\u00e7\u00e3o mais populares na Pol\u00f4nia.<\/p>\n<hr \/>\n<h3><strong>Regi\u00e3o Africana<\/strong><\/h3>\n<p><strong><img loading=\"lazy\" class=\"alignleft wp-image-233162\" src=\"https:\/\/franciscanos.org.br\/noticias\/wp-content\/uploads\/2021\/07\/africa.png\" alt=\"\" width=\"342\" height=\"349\" srcset=\"https:\/\/franciscanos.org.br\/noticias\/wp-content\/uploads\/2021\/07\/africa.png 411w, https:\/\/franciscanos.org.br\/noticias\/wp-content\/uploads\/2021\/07\/africa-150x153.png 150w\" sizes=\"(max-width: 342px) 100vw, 342px\" \/>Frei Victor Luis Quematcha<\/strong><br \/>\nNascimento: 27 de abril 1967<br \/>\nIngresso no Noviciado: 17 de setembro de 1990<br \/>\nProfiss\u00e3o simples: 17 de setembro de 1991<br \/>\nProfiss\u00e3o Solene: 30 de agosto 1997<br \/>\nOrdena\u00e7\u00e3o presbiteral: 2 de maio de 1998<br \/>\nFrade da Prov\u00edncia Santo Ant\u00f4nio dos Frades Menores &#8211; It\u00e1lia<\/p>\n<p>Nascido na Guin\u00e9-Bissau, o Frei Victor \u00e9 P\u00e1roco e Cust\u00f3dio dos Frades Franciscanos da Cust\u00f3dia de S\u00e3o Francisco na Guin\u00e9 Bissau, dependente da Prov\u00edncia veneziana de Santo Ant\u00f4nio de P\u00e1dua. Foi Mestre dos Professos Tempor\u00e1rios e Novi\u00e7os, e Reitor do Semin\u00e1rio Menor.<\/p>\n<p>Antes de entrar para a Ordem dos Frades Menores, foi professor de Teologia Moral no semin\u00e1rio maior de Bissau e membro do Conselho Presbiteral e consultor da Diocese de Bissau.<\/p>\n<p>Ele \u00e9 o respons\u00e1vel pelo Hospital Cumura e, portanto, por todos os frades envolvidos no projeto.<\/p>\n<hr \/>\n<h3><strong><img loading=\"lazy\" class=\"alignright  wp-image-233164\" src=\"https:\/\/franciscanos.org.br\/noticias\/wp-content\/uploads\/2021\/07\/jimmy-383x450.jpg\" alt=\"\" width=\"266\" height=\"313\" srcset=\"https:\/\/franciscanos.org.br\/noticias\/wp-content\/uploads\/2021\/07\/jimmy-383x450.jpg 383w, https:\/\/franciscanos.org.br\/noticias\/wp-content\/uploads\/2021\/07\/jimmy-150x176.jpg 150w, https:\/\/franciscanos.org.br\/noticias\/wp-content\/uploads\/2021\/07\/jimmy.jpg 411w\" sizes=\"(max-width: 266px) 100vw, 266px\" \/>Regio Angl\u00f3fona (l\u00edngua inglesa)<\/strong><\/h3>\n<p><strong>Frei Jimmy Zammit<\/strong><br \/>\nIdade: 65 anos<br \/>\nProfesso solene: 47 anos<br \/>\nSendo de fam\u00edlia maltesa, nascido no Canad\u00e1, Frei Jimmy vive na Prov\u00edncia da Imaculada Concei\u00e7\u00e3o<br \/>\nBacharel em Filosofia pelo St. John&#8217;s Seminary, Arquidiocese de Boston, EUA<br \/>\nTeologia conclu\u00edda no INSERM, Instituto de Comunidades Religiosas em Malta<br \/>\nConcluiu o Mestrado em Teologia na University of St Michael&#8217;s College, diploma emitido em conjunto com a Universidade de Toronto.<br \/>\nFrei Jimmy foi Ec\u00f4nomo Geral de 1997-2003<br \/>\n2003-2012 P\u00e1roco na Par\u00f3quia Imaculada Concei\u00e7\u00e3o, Toronto<br \/>\n2012-2019 P\u00e1roco na Par\u00f3quia de S\u00e3o Francisco de Assis, Toronto<br \/>\n2019-2020 Mestre na Forma\u00e7\u00e3o para Professos Simples, Convento S\u00e3o Francisco, Roma<\/p>\n<hr \/>\n<p><em>Moacir Beggo<\/em><\/p>\n","protected":false},"excerpt":{"rendered":"<p>13\u00ba Dia do Cap\u00edtulo Geral<\/p>\n","protected":false},"author":3,"featured_media":233139,"comment_status":"open","ping_status":"open","sticky":false,"template":"","format":"standard","meta":[],"categories":[1],"tags":[1867],"acf":[],"yoast_head":"<!-- This site is optimized with the Yoast SEO plugin v19.2 - https:\/\/yoast.com\/wordpress\/plugins\/seo\/ -->\n<title>Frei C\u00e9sar K\u00fclkamp \u00e9 eleito Definidor Geral para a Am\u00e9rica Latina - Not\u00edcias - Franciscanos<\/title>\n<meta name=\"robots\" content=\"index, follow, max-snippet:-1, max-image-preview:large, max-video-preview:-1\" \/>\n<link rel=\"canonical\" href=\"https:\/\/franciscanos.org.br\/noticias\/frei-cesar-kulkamp-e-eleito-definidor-geral-para-a-america-latina.html\" \/>\n<meta property=\"og:locale\" content=\"pt_BR\" \/>\n<meta property=\"og:type\" content=\"article\" \/>\n<meta property=\"og:title\" content=\"Frei C\u00e9sar K\u00fclkamp \u00e9 eleito Definidor Geral para a Am\u00e9rica Latina - Not\u00edcias - Franciscanos\" \/>\n<meta property=\"og:description\" content=\"13\u00ba Dia do Cap\u00edtulo Geral\" \/>\n<meta property=\"og:url\" content=\"https:\/\/franciscanos.org.br\/noticias\/frei-cesar-kulkamp-e-eleito-definidor-geral-para-a-america-latina.html\" \/>\n<meta property=\"og:site_name\" content=\"Not\u00edcias - Franciscanos\" \/>\n<meta property=\"article:published_time\" content=\"2021-07-15T10:09:49+00:00\" \/>\n<meta property=\"article:modified_time\" content=\"2021-07-15T12:55:50+00:00\" \/>\n<meta property=\"og:image\" content=\"https:\/\/franciscanos.org.br\/noticias\/wp-content\/uploads\/2021\/07\/cesar_01d.jpg\" \/>\n\t<meta property=\"og:image:width\" content=\"800\" \/>\n\t<meta property=\"og:image:height\" content=\"550\" \/>\n\t<meta property=\"og:image:type\" content=\"image\/jpeg\" \/>\n<meta name=\"author\" content=\"moacir\" \/>\n<meta name=\"twitter:card\" content=\"summary_large_image\" \/>\n<meta name=\"twitter:label1\" content=\"Escrito por\" \/>\n\t<meta name=\"twitter:data1\" content=\"moacir\" \/>\n\t<meta name=\"twitter:label2\" content=\"Est. tempo de leitura\" \/>\n\t<meta name=\"twitter:data2\" content=\"10 minutos\" \/>\n<script type=\"application\/ld+json\" class=\"yoast-schema-graph\">{\"@context\":\"https:\/\/schema.org\",\"@graph\":[{\"@type\":\"WebSite\",\"@id\":\"https:\/\/franciscanos.org.br\/noticias\/#website\",\"url\":\"https:\/\/franciscanos.org.br\/noticias\/\",\"name\":\"Not\u00edcias - Franciscanos\",\"description\":\"Prov\u00edncia Franciscana da Imaculada Concei\u00e7\u00e3o do Brasil - Ordem dos Frades Menores - OFM\",\"potentialAction\":[{\"@type\":\"SearchAction\",\"target\":{\"@type\":\"EntryPoint\",\"urlTemplate\":\"https:\/\/franciscanos.org.br\/noticias\/?s={search_term_string}\"},\"query-input\":\"required name=search_term_string\"}],\"inLanguage\":\"pt-BR\"},{\"@type\":\"ImageObject\",\"inLanguage\":\"pt-BR\",\"@id\":\"https:\/\/franciscanos.org.br\/noticias\/frei-cesar-kulkamp-e-eleito-definidor-geral-para-a-america-latina.html#primaryimage\",\"url\":\"https:\/\/franciscanos.org.br\/noticias\/wp-content\/uploads\/2021\/07\/cesar_01d.jpg\",\"contentUrl\":\"https:\/\/franciscanos.org.br\/noticias\/wp-content\/uploads\/2021\/07\/cesar_01d.jpg\",\"width\":800,\"height\":550},{\"@type\":\"WebPage\",\"@id\":\"https:\/\/franciscanos.org.br\/noticias\/frei-cesar-kulkamp-e-eleito-definidor-geral-para-a-america-latina.html#webpage\",\"url\":\"https:\/\/franciscanos.org.br\/noticias\/frei-cesar-kulkamp-e-eleito-definidor-geral-para-a-america-latina.html\",\"name\":\"Frei C\u00e9sar K\u00fclkamp \u00e9 eleito Definidor Geral para a Am\u00e9rica Latina - Not\u00edcias - Franciscanos\",\"isPartOf\":{\"@id\":\"https:\/\/franciscanos.org.br\/noticias\/#website\"},\"primaryImageOfPage\":{\"@id\":\"https:\/\/franciscanos.org.br\/noticias\/frei-cesar-kulkamp-e-eleito-definidor-geral-para-a-america-latina.html#primaryimage\"},\"datePublished\":\"2021-07-15T10:09:49+00:00\",\"dateModified\":\"2021-07-15T12:55:50+00:00\",\"author\":{\"@id\":\"https:\/\/franciscanos.org.br\/noticias\/#\/schema\/person\/b5c8cba458c330ccff548b056e95a5d4\"},\"breadcrumb\":{\"@id\":\"https:\/\/franciscanos.org.br\/noticias\/frei-cesar-kulkamp-e-eleito-definidor-geral-para-a-america-latina.html#breadcrumb\"},\"inLanguage\":\"pt-BR\",\"potentialAction\":[{\"@type\":\"ReadAction\",\"target\":[\"https:\/\/franciscanos.org.br\/noticias\/frei-cesar-kulkamp-e-eleito-definidor-geral-para-a-america-latina.html\"]}]},{\"@type\":\"BreadcrumbList\",\"@id\":\"https:\/\/franciscanos.org.br\/noticias\/frei-cesar-kulkamp-e-eleito-definidor-geral-para-a-america-latina.html#breadcrumb\",\"itemListElement\":[{\"@type\":\"ListItem\",\"position\":1,\"name\":\"Home\",\"item\":\"https:\/\/franciscanos.org.br\/noticias\"},{\"@type\":\"ListItem\",\"position\":2,\"name\":\"Frei C\u00e9sar K\u00fclkamp \u00e9 eleito Definidor Geral para a Am\u00e9rica Latina\"}]},{\"@type\":\"Person\",\"@id\":\"https:\/\/franciscanos.org.br\/noticias\/#\/schema\/person\/b5c8cba458c330ccff548b056e95a5d4\",\"name\":\"moacir\",\"image\":{\"@type\":\"ImageObject\",\"inLanguage\":\"pt-BR\",\"@id\":\"https:\/\/franciscanos.org.br\/noticias\/#\/schema\/person\/image\/\",\"url\":\"https:\/\/secure.gravatar.com\/avatar\/d08aa2ce4c8dd416d4479aa8536fcf64?s=96&d=mm&r=g\",\"contentUrl\":\"https:\/\/secure.gravatar.com\/avatar\/d08aa2ce4c8dd416d4479aa8536fcf64?s=96&d=mm&r=g\",\"caption\":\"moacir\"},\"url\":\"https:\/\/franciscanos.org.br\/noticias\/author\/moacir\"}]}<\/script>\n<!-- \/ Yoast SEO plugin. -->","yoast_head_json":{"title":"Frei C\u00e9sar K\u00fclkamp \u00e9 eleito Definidor Geral para a Am\u00e9rica Latina - Not\u00edcias - Franciscanos","robots":{"index":"index","follow":"follow","max-snippet":"max-snippet:-1","max-image-preview":"max-image-preview:large","max-video-preview":"max-video-preview:-1"},"canonical":"https:\/\/franciscanos.org.br\/noticias\/frei-cesar-kulkamp-e-eleito-definidor-geral-para-a-america-latina.html","og_locale":"pt_BR","og_type":"article","og_title":"Frei C\u00e9sar K\u00fclkamp \u00e9 eleito Definidor Geral para a Am\u00e9rica Latina - Not\u00edcias - Franciscanos","og_description":"13\u00ba Dia do Cap\u00edtulo Geral","og_url":"https:\/\/franciscanos.org.br\/noticias\/frei-cesar-kulkamp-e-eleito-definidor-geral-para-a-america-latina.html","og_site_name":"Not\u00edcias - Franciscanos","article_published_time":"2021-07-15T10:09:49+00:00","article_modified_time":"2021-07-15T12:55:50+00:00","og_image":[{"width":800,"height":550,"url":"https:\/\/franciscanos.org.br\/noticias\/wp-content\/uploads\/2021\/07\/cesar_01d.jpg","type":"image\/jpeg"}],"author":"moacir","twitter_card":"summary_large_image","twitter_misc":{"Escrito por":"moacir","Est. tempo de leitura":"10 minutos"},"schema":{"@context":"https:\/\/schema.org","@graph":[{"@type":"WebSite","@id":"https:\/\/franciscanos.org.br\/noticias\/#website","url":"https:\/\/franciscanos.org.br\/noticias\/","name":"Not\u00edcias - Franciscanos","description":"Prov\u00edncia Franciscana da Imaculada Concei\u00e7\u00e3o do Brasil - Ordem dos Frades Menores - OFM","potentialAction":[{"@type":"SearchAction","target":{"@type":"EntryPoint","urlTemplate":"https:\/\/franciscanos.org.br\/noticias\/?s={search_term_string}"},"query-input":"required name=search_term_string"}],"inLanguage":"pt-BR"},{"@type":"ImageObject","inLanguage":"pt-BR","@id":"https:\/\/franciscanos.org.br\/noticias\/frei-cesar-kulkamp-e-eleito-definidor-geral-para-a-america-latina.html#primaryimage","url":"https:\/\/franciscanos.org.br\/noticias\/wp-content\/uploads\/2021\/07\/cesar_01d.jpg","contentUrl":"https:\/\/franciscanos.org.br\/noticias\/wp-content\/uploads\/2021\/07\/cesar_01d.jpg","width":800,"height":550},{"@type":"WebPage","@id":"https:\/\/franciscanos.org.br\/noticias\/frei-cesar-kulkamp-e-eleito-definidor-geral-para-a-america-latina.html#webpage","url":"https:\/\/franciscanos.org.br\/noticias\/frei-cesar-kulkamp-e-eleito-definidor-geral-para-a-america-latina.html","name":"Frei C\u00e9sar K\u00fclkamp \u00e9 eleito Definidor Geral para a Am\u00e9rica Latina - Not\u00edcias - Franciscanos","isPartOf":{"@id":"https:\/\/franciscanos.org.br\/noticias\/#website"},"primaryImageOfPage":{"@id":"https:\/\/franciscanos.org.br\/noticias\/frei-cesar-kulkamp-e-eleito-definidor-geral-para-a-america-latina.html#primaryimage"},"datePublished":"2021-07-15T10:09:49+00:00","dateModified":"2021-07-15T12:55:50+00:00","author":{"@id":"https:\/\/franciscanos.org.br\/noticias\/#\/schema\/person\/b5c8cba458c330ccff548b056e95a5d4"},"breadcrumb":{"@id":"https:\/\/franciscanos.org.br\/noticias\/frei-cesar-kulkamp-e-eleito-definidor-geral-para-a-america-latina.html#breadcrumb"},"inLanguage":"pt-BR","potentialAction":[{"@type":"ReadAction","target":["https:\/\/franciscanos.org.br\/noticias\/frei-cesar-kulkamp-e-eleito-definidor-geral-para-a-america-latina.html"]}]},{"@type":"BreadcrumbList","@id":"https:\/\/franciscanos.org.br\/noticias\/frei-cesar-kulkamp-e-eleito-definidor-geral-para-a-america-latina.html#breadcrumb","itemListElement":[{"@type":"ListItem","position":1,"name":"Home","item":"https:\/\/franciscanos.org.br\/noticias"},{"@type":"ListItem","position":2,"name":"Frei C\u00e9sar K\u00fclkamp \u00e9 eleito Definidor Geral para a Am\u00e9rica Latina"}]},{"@type":"Person","@id":"https:\/\/franciscanos.org.br\/noticias\/#\/schema\/person\/b5c8cba458c330ccff548b056e95a5d4","name":"moacir","image":{"@type":"ImageObject","inLanguage":"pt-BR","@id":"https:\/\/franciscanos.org.br\/noticias\/#\/schema\/person\/image\/","url":"https:\/\/secure.gravatar.com\/avatar\/d08aa2ce4c8dd416d4479aa8536fcf64?s=96&d=mm&r=g","contentUrl":"https:\/\/secure.gravatar.com\/avatar\/d08aa2ce4c8dd416d4479aa8536fcf64?s=96&d=mm&r=g","caption":"moacir"},"url":"https:\/\/franciscanos.org.br\/noticias\/author\/moacir"}]}},"_links":{"self":[{"href":"https:\/\/franciscanos.org.br\/noticias\/wp-json\/wp\/v2\/posts\/233137"}],"collection":[{"href":"https:\/\/franciscanos.org.br\/noticias\/wp-json\/wp\/v2\/posts"}],"about":[{"href":"https:\/\/franciscanos.org.br\/noticias\/wp-json\/wp\/v2\/types\/post"}],"author":[{"embeddable":true,"href":"https:\/\/franciscanos.org.br\/noticias\/wp-json\/wp\/v2\/users\/3"}],"replies":[{"embeddable":true,"href":"https:\/\/franciscanos.org.br\/noticias\/wp-json\/wp\/v2\/comments?post=233137"}],"version-history":[{"count":14,"href":"https:\/\/franciscanos.org.br\/noticias\/wp-json\/wp\/v2\/posts\/233137\/revisions"}],"predecessor-version":[{"id":233167,"href":"https:\/\/franciscanos.org.br\/noticias\/wp-json\/wp\/v2\/posts\/233137\/revisions\/233167"}],"wp:featuredmedia":[{"embeddable":true,"href":"https:\/\/franciscanos.org.br\/noticias\/wp-json\/wp\/v2\/media\/233139"}],"wp:attachment":[{"href":"https:\/\/franciscanos.org.br\/noticias\/wp-json\/wp\/v2\/media?parent=233137"}],"wp:term":[{"taxonomy":"category","embeddable":true,"href":"https:\/\/franciscanos.org.br\/noticias\/wp-json\/wp\/v2\/categories?post=233137"},{"taxonomy":"post_tag","embeddable":true,"href":"https:\/\/franciscanos.org.br\/noticias\/wp-json\/wp\/v2\/tags?post=233137"}],"curies":[{"name":"wp","href":"https:\/\/api.w.org\/{rel}","templated":true}]}}