{"id":233115,"date":"2021-07-14T07:05:48","date_gmt":"2021-07-14T10:05:48","guid":{"rendered":"https:\/\/franciscanos.org.br\/noticias\/?p=233115"},"modified":"2021-07-14T08:34:02","modified_gmt":"2021-07-14T11:34:02","slug":"papa-francisco-recebe-alta-e-reza-na-basilica-santa-maria-maggiore","status":"publish","type":"post","link":"https:\/\/franciscanos.org.br\/noticias\/papa-francisco-recebe-alta-e-reza-na-basilica-santa-maria-maggiore.html","title":{"rendered":"Papa Francisco recebe alta e reza na Bas\u00edlica Santa Maria Maggiore"},"content":{"rendered":"<div id=\"attachment_233116\" style=\"width: 1290px\" class=\"wp-caption alignnone\"><img aria-describedby=\"caption-attachment-233116\" loading=\"lazy\" class=\"wp-image-233116 size-full\" src=\"https:\/\/franciscanos.org.br\/noticias\/wp-content\/uploads\/2021\/07\/papa_14.jpg\" alt=\"\" width=\"1280\" height=\"720\" srcset=\"https:\/\/franciscanos.org.br\/noticias\/wp-content\/uploads\/2021\/07\/papa_14.jpg 1280w, https:\/\/franciscanos.org.br\/noticias\/wp-content\/uploads\/2021\/07\/papa_14-450x253.jpg 450w, https:\/\/franciscanos.org.br\/noticias\/wp-content\/uploads\/2021\/07\/papa_14-1024x576.jpg 1024w, https:\/\/franciscanos.org.br\/noticias\/wp-content\/uploads\/2021\/07\/papa_14-768x432.jpg 768w, https:\/\/franciscanos.org.br\/noticias\/wp-content\/uploads\/2021\/07\/papa_14-150x84.jpg 150w\" sizes=\"(max-width: 1280px) 100vw, 1280px\" \/><p id=\"caption-attachment-233116\" class=\"wp-caption-text\"><em>\u00a0 \u00a0 \u00a0 \u00a0 \u00a0 \u00a0 \u00a0 \u00a0 \u00a0 \u00a0 \u00a0 \u00a0 \u00a0 \u00a0 \u00a0 \u00a0 \u00a0 \u00a0 \u00a0 \u00a0 \u00a0 \u00a0 \u00a0 \u00a0 \u00a0 \u00a0 \u00a0 \u00a0 \u00a0 \u00a0 \u00a0 \u00a0 \u00a0 \u00a0 \u00a0 \u00a0 \u00a0 \u00a0 \u00a0 \u00a0 \u00a0 \u00a0 \u00a0 \u00a0 \u00a0 \u00a0 \u00a0 \u00a0 \u00a0 \u00a0 \u00a0 \u00a0 \u00a0 \u00a0 \u00a0 \u00a0 \u00a0 \u00a0 \u00a0 Imagem: Papa na Unidade de Oncologia \/ Vatican Media<\/em><\/p><\/div>\n<p>O Papa Francisco recebeu alta da Policl\u00ednica Gemelli, em Roma, ap\u00f3s uma delicada cirurgia de c\u00f3lon. O Papa partiu da via Trionfale \u00e0s 10h45 (hor\u00e1rio de Roma) no carro de costume. Antes de regressar ao Vaticano, dirigiu-se alguns minutos \u00e0 Bas\u00edlica de Santa Maria Maggiore, onde de acordo com o comunicado da Sala de Imprensa, diante da Virgem &#8220;Salus Populi Romani&#8221;, Francisco agradeceu pelo bom \u00eaxito da sua cirurgia e dirigiu a Nossa Senhora uma ora\u00e7\u00e3o por todos os doentes, especialmente por aqueles que o Papa encontrou durante os dias de sua interna\u00e7\u00e3o. Pouco antes das 12h, voltou para a Casa Santa Marta.<\/p>\n<p>A interna\u00e7\u00e3o p\u00f3s-operat\u00f3ria necess\u00e1ria para diverticulite esclerosante durou 10 dias.\u00a0A hospitaliza\u00e7\u00e3o de Francisco ocorreu no in\u00edcio da tarde de domingo, 4 de julho, e, segundo informou a Sala de Imprensa do Vaticano, foi planejada. Inicialmente, foi anunciada uma interna\u00e7\u00e3o de pelo menos sete dias, depois prorrogada pelos m\u00e9dicos que queriam permitir que Bergoglio &#8211; que far\u00e1 85 em dezembro &#8211; se recuperasse com tranquilidade.<\/p>\n<p>Depois de ter reaparecido em p\u00fablico no domingo, para a recita\u00e7\u00e3o do \u00c2ngelus, Bergoglio visitou ontem o servi\u00e7o de Oncologia Pedi\u00e1trica, localizado no d\u00e9cimo andar da Policl\u00ednica, pr\u00f3ximo ao setor reservado ao pont\u00edfice.<\/p>\n<p>Muitos carinhos e a resposta em t\u00edmidos sorrisos: assim foi a tarde do Papa Francisco, que transcorreu alguns instantes visitando a Unidade de Oncologia Pedi\u00e1trica da Policl\u00ednica Gemelli, que fica no mesmo andar onde est\u00e1 internado.<\/p>\n<p>O que chamou a aten\u00e7\u00e3o do Pont\u00edfice foi a m\u00fasica que provinha do corredor pr\u00f3ximo ao seu apartamento. Um projeto da capital italiana leva concertos a crian\u00e7as internadas nas sess\u00f5es de oncologia e a etapa desta ter\u00e7a-feira estava justamente programada no Hospital Gemelli \u00e0s 16h30 locais. Assim que o concerto terminou, o Santo Padre foi at\u00e9 ao local para saudar os pacientes e seus pais.<\/p>\n<p>Dois dias atr\u00e1s, no Angelus dominical, Francisco se circundou de crian\u00e7as da mesma unidade para rezar a ora\u00e7\u00e3o mariana e naquela ocasi\u00e3o falou do mist\u00e9rio que representa a dor infantil. N\u00e3o h\u00e1 resposta para a pergunta \u201cPor que as crian\u00e7as sofrem?\u201d, mas certamente \u00e9 uma pergunta que toca o cora\u00e7\u00e3o.<\/p>\n<hr \/>\n<p><em>Com informa\u00e7\u00f5es dos sites La Repubblica e Vatican News<\/em><\/p>\n","protected":false},"excerpt":{"rendered":"<p>Cirurgia do Papa Francisco<\/p>\n","protected":false},"author":3,"featured_media":233117,"comment_status":"open","ping_status":"open","sticky":false,"template":"","format":"standard","meta":[],"categories":[1428],"tags":[55],"acf":[],"yoast_head":"<!-- This site is optimized with the Yoast SEO plugin v19.2 - https:\/\/yoast.com\/wordpress\/plugins\/seo\/ -->\n<title>Papa Francisco recebe alta e reza na Bas\u00edlica Santa Maria Maggiore - Not\u00edcias - Franciscanos<\/title>\n<meta name=\"robots\" content=\"index, follow, max-snippet:-1, max-image-preview:large, max-video-preview:-1\" \/>\n<link rel=\"canonical\" href=\"https:\/\/franciscanos.org.br\/noticias\/papa-francisco-recebe-alta-e-reza-na-basilica-santa-maria-maggiore.html\" \/>\n<meta property=\"og:locale\" content=\"pt_BR\" \/>\n<meta property=\"og:type\" content=\"article\" \/>\n<meta property=\"og:title\" content=\"Papa Francisco recebe alta e reza na Bas\u00edlica Santa Maria Maggiore - Not\u00edcias - Franciscanos\" \/>\n<meta property=\"og:description\" content=\"Cirurgia do Papa Francisco\" \/>\n<meta property=\"og:url\" content=\"https:\/\/franciscanos.org.br\/noticias\/papa-francisco-recebe-alta-e-reza-na-basilica-santa-maria-maggiore.html\" \/>\n<meta property=\"og:site_name\" content=\"Not\u00edcias - Franciscanos\" \/>\n<meta property=\"article:published_time\" content=\"2021-07-14T10:05:48+00:00\" \/>\n<meta property=\"article:modified_time\" content=\"2021-07-14T11:34:02+00:00\" \/>\n<meta property=\"og:image\" content=\"https:\/\/franciscanos.org.br\/noticias\/wp-content\/uploads\/2021\/07\/papa_14d.jpg\" \/>\n\t<meta property=\"og:image:width\" content=\"800\" \/>\n\t<meta property=\"og:image:height\" content=\"550\" \/>\n\t<meta property=\"og:image:type\" content=\"image\/jpeg\" \/>\n<meta name=\"author\" content=\"moacir\" \/>\n<meta name=\"twitter:card\" content=\"summary_large_image\" \/>\n<meta name=\"twitter:label1\" content=\"Escrito por\" \/>\n\t<meta name=\"twitter:data1\" content=\"moacir\" \/>\n\t<meta name=\"twitter:label2\" content=\"Est. tempo de leitura\" \/>\n\t<meta name=\"twitter:data2\" content=\"2 minutos\" \/>\n<script type=\"application\/ld+json\" class=\"yoast-schema-graph\">{\"@context\":\"https:\/\/schema.org\",\"@graph\":[{\"@type\":\"WebSite\",\"@id\":\"https:\/\/franciscanos.org.br\/noticias\/#website\",\"url\":\"https:\/\/franciscanos.org.br\/noticias\/\",\"name\":\"Not\u00edcias - Franciscanos\",\"description\":\"Prov\u00edncia Franciscana da Imaculada Concei\u00e7\u00e3o do Brasil - Ordem dos Frades Menores - OFM\",\"potentialAction\":[{\"@type\":\"SearchAction\",\"target\":{\"@type\":\"EntryPoint\",\"urlTemplate\":\"https:\/\/franciscanos.org.br\/noticias\/?s={search_term_string}\"},\"query-input\":\"required name=search_term_string\"}],\"inLanguage\":\"pt-BR\"},{\"@type\":\"ImageObject\",\"inLanguage\":\"pt-BR\",\"@id\":\"https:\/\/franciscanos.org.br\/noticias\/papa-francisco-recebe-alta-e-reza-na-basilica-santa-maria-maggiore.html#primaryimage\",\"url\":\"https:\/\/franciscanos.org.br\/noticias\/wp-content\/uploads\/2021\/07\/papa_14d.jpg\",\"contentUrl\":\"https:\/\/franciscanos.org.br\/noticias\/wp-content\/uploads\/2021\/07\/papa_14d.jpg\",\"width\":800,\"height\":550},{\"@type\":\"WebPage\",\"@id\":\"https:\/\/franciscanos.org.br\/noticias\/papa-francisco-recebe-alta-e-reza-na-basilica-santa-maria-maggiore.html#webpage\",\"url\":\"https:\/\/franciscanos.org.br\/noticias\/papa-francisco-recebe-alta-e-reza-na-basilica-santa-maria-maggiore.html\",\"name\":\"Papa Francisco recebe alta e reza na Bas\u00edlica Santa Maria Maggiore - Not\u00edcias - Franciscanos\",\"isPartOf\":{\"@id\":\"https:\/\/franciscanos.org.br\/noticias\/#website\"},\"primaryImageOfPage\":{\"@id\":\"https:\/\/franciscanos.org.br\/noticias\/papa-francisco-recebe-alta-e-reza-na-basilica-santa-maria-maggiore.html#primaryimage\"},\"datePublished\":\"2021-07-14T10:05:48+00:00\",\"dateModified\":\"2021-07-14T11:34:02+00:00\",\"author\":{\"@id\":\"https:\/\/franciscanos.org.br\/noticias\/#\/schema\/person\/b5c8cba458c330ccff548b056e95a5d4\"},\"breadcrumb\":{\"@id\":\"https:\/\/franciscanos.org.br\/noticias\/papa-francisco-recebe-alta-e-reza-na-basilica-santa-maria-maggiore.html#breadcrumb\"},\"inLanguage\":\"pt-BR\",\"potentialAction\":[{\"@type\":\"ReadAction\",\"target\":[\"https:\/\/franciscanos.org.br\/noticias\/papa-francisco-recebe-alta-e-reza-na-basilica-santa-maria-maggiore.html\"]}]},{\"@type\":\"BreadcrumbList\",\"@id\":\"https:\/\/franciscanos.org.br\/noticias\/papa-francisco-recebe-alta-e-reza-na-basilica-santa-maria-maggiore.html#breadcrumb\",\"itemListElement\":[{\"@type\":\"ListItem\",\"position\":1,\"name\":\"Home\",\"item\":\"https:\/\/franciscanos.org.br\/noticias\"},{\"@type\":\"ListItem\",\"position\":2,\"name\":\"Papa Francisco recebe alta e reza na Bas\u00edlica Santa Maria Maggiore\"}]},{\"@type\":\"Person\",\"@id\":\"https:\/\/franciscanos.org.br\/noticias\/#\/schema\/person\/b5c8cba458c330ccff548b056e95a5d4\",\"name\":\"moacir\",\"image\":{\"@type\":\"ImageObject\",\"inLanguage\":\"pt-BR\",\"@id\":\"https:\/\/franciscanos.org.br\/noticias\/#\/schema\/person\/image\/\",\"url\":\"https:\/\/secure.gravatar.com\/avatar\/d08aa2ce4c8dd416d4479aa8536fcf64?s=96&d=mm&r=g\",\"contentUrl\":\"https:\/\/secure.gravatar.com\/avatar\/d08aa2ce4c8dd416d4479aa8536fcf64?s=96&d=mm&r=g\",\"caption\":\"moacir\"},\"url\":\"https:\/\/franciscanos.org.br\/noticias\/author\/moacir\"}]}<\/script>\n<!-- \/ Yoast SEO plugin. -->","yoast_head_json":{"title":"Papa Francisco recebe alta e reza na Bas\u00edlica Santa Maria Maggiore - Not\u00edcias - Franciscanos","robots":{"index":"index","follow":"follow","max-snippet":"max-snippet:-1","max-image-preview":"max-image-preview:large","max-video-preview":"max-video-preview:-1"},"canonical":"https:\/\/franciscanos.org.br\/noticias\/papa-francisco-recebe-alta-e-reza-na-basilica-santa-maria-maggiore.html","og_locale":"pt_BR","og_type":"article","og_title":"Papa Francisco recebe alta e reza na Bas\u00edlica Santa Maria Maggiore - Not\u00edcias - Franciscanos","og_description":"Cirurgia do Papa Francisco","og_url":"https:\/\/franciscanos.org.br\/noticias\/papa-francisco-recebe-alta-e-reza-na-basilica-santa-maria-maggiore.html","og_site_name":"Not\u00edcias - Franciscanos","article_published_time":"2021-07-14T10:05:48+00:00","article_modified_time":"2021-07-14T11:34:02+00:00","og_image":[{"width":800,"height":550,"url":"https:\/\/franciscanos.org.br\/noticias\/wp-content\/uploads\/2021\/07\/papa_14d.jpg","type":"image\/jpeg"}],"author":"moacir","twitter_card":"summary_large_image","twitter_misc":{"Escrito por":"moacir","Est. tempo de leitura":"2 minutos"},"schema":{"@context":"https:\/\/schema.org","@graph":[{"@type":"WebSite","@id":"https:\/\/franciscanos.org.br\/noticias\/#website","url":"https:\/\/franciscanos.org.br\/noticias\/","name":"Not\u00edcias - Franciscanos","description":"Prov\u00edncia Franciscana da Imaculada Concei\u00e7\u00e3o do Brasil - Ordem dos Frades Menores - OFM","potentialAction":[{"@type":"SearchAction","target":{"@type":"EntryPoint","urlTemplate":"https:\/\/franciscanos.org.br\/noticias\/?s={search_term_string}"},"query-input":"required name=search_term_string"}],"inLanguage":"pt-BR"},{"@type":"ImageObject","inLanguage":"pt-BR","@id":"https:\/\/franciscanos.org.br\/noticias\/papa-francisco-recebe-alta-e-reza-na-basilica-santa-maria-maggiore.html#primaryimage","url":"https:\/\/franciscanos.org.br\/noticias\/wp-content\/uploads\/2021\/07\/papa_14d.jpg","contentUrl":"https:\/\/franciscanos.org.br\/noticias\/wp-content\/uploads\/2021\/07\/papa_14d.jpg","width":800,"height":550},{"@type":"WebPage","@id":"https:\/\/franciscanos.org.br\/noticias\/papa-francisco-recebe-alta-e-reza-na-basilica-santa-maria-maggiore.html#webpage","url":"https:\/\/franciscanos.org.br\/noticias\/papa-francisco-recebe-alta-e-reza-na-basilica-santa-maria-maggiore.html","name":"Papa Francisco recebe alta e reza na Bas\u00edlica Santa Maria Maggiore - Not\u00edcias - Franciscanos","isPartOf":{"@id":"https:\/\/franciscanos.org.br\/noticias\/#website"},"primaryImageOfPage":{"@id":"https:\/\/franciscanos.org.br\/noticias\/papa-francisco-recebe-alta-e-reza-na-basilica-santa-maria-maggiore.html#primaryimage"},"datePublished":"2021-07-14T10:05:48+00:00","dateModified":"2021-07-14T11:34:02+00:00","author":{"@id":"https:\/\/franciscanos.org.br\/noticias\/#\/schema\/person\/b5c8cba458c330ccff548b056e95a5d4"},"breadcrumb":{"@id":"https:\/\/franciscanos.org.br\/noticias\/papa-francisco-recebe-alta-e-reza-na-basilica-santa-maria-maggiore.html#breadcrumb"},"inLanguage":"pt-BR","potentialAction":[{"@type":"ReadAction","target":["https:\/\/franciscanos.org.br\/noticias\/papa-francisco-recebe-alta-e-reza-na-basilica-santa-maria-maggiore.html"]}]},{"@type":"BreadcrumbList","@id":"https:\/\/franciscanos.org.br\/noticias\/papa-francisco-recebe-alta-e-reza-na-basilica-santa-maria-maggiore.html#breadcrumb","itemListElement":[{"@type":"ListItem","position":1,"name":"Home","item":"https:\/\/franciscanos.org.br\/noticias"},{"@type":"ListItem","position":2,"name":"Papa Francisco recebe alta e reza na Bas\u00edlica Santa Maria Maggiore"}]},{"@type":"Person","@id":"https:\/\/franciscanos.org.br\/noticias\/#\/schema\/person\/b5c8cba458c330ccff548b056e95a5d4","name":"moacir","image":{"@type":"ImageObject","inLanguage":"pt-BR","@id":"https:\/\/franciscanos.org.br\/noticias\/#\/schema\/person\/image\/","url":"https:\/\/secure.gravatar.com\/avatar\/d08aa2ce4c8dd416d4479aa8536fcf64?s=96&d=mm&r=g","contentUrl":"https:\/\/secure.gravatar.com\/avatar\/d08aa2ce4c8dd416d4479aa8536fcf64?s=96&d=mm&r=g","caption":"moacir"},"url":"https:\/\/franciscanos.org.br\/noticias\/author\/moacir"}]}},"_links":{"self":[{"href":"https:\/\/franciscanos.org.br\/noticias\/wp-json\/wp\/v2\/posts\/233115"}],"collection":[{"href":"https:\/\/franciscanos.org.br\/noticias\/wp-json\/wp\/v2\/posts"}],"about":[{"href":"https:\/\/franciscanos.org.br\/noticias\/wp-json\/wp\/v2\/types\/post"}],"author":[{"embeddable":true,"href":"https:\/\/franciscanos.org.br\/noticias\/wp-json\/wp\/v2\/users\/3"}],"replies":[{"embeddable":true,"href":"https:\/\/franciscanos.org.br\/noticias\/wp-json\/wp\/v2\/comments?post=233115"}],"version-history":[{"count":5,"href":"https:\/\/franciscanos.org.br\/noticias\/wp-json\/wp\/v2\/posts\/233115\/revisions"}],"predecessor-version":[{"id":233122,"href":"https:\/\/franciscanos.org.br\/noticias\/wp-json\/wp\/v2\/posts\/233115\/revisions\/233122"}],"wp:featuredmedia":[{"embeddable":true,"href":"https:\/\/franciscanos.org.br\/noticias\/wp-json\/wp\/v2\/media\/233117"}],"wp:attachment":[{"href":"https:\/\/franciscanos.org.br\/noticias\/wp-json\/wp\/v2\/media?parent=233115"}],"wp:term":[{"taxonomy":"category","embeddable":true,"href":"https:\/\/franciscanos.org.br\/noticias\/wp-json\/wp\/v2\/categories?post=233115"},{"taxonomy":"post_tag","embeddable":true,"href":"https:\/\/franciscanos.org.br\/noticias\/wp-json\/wp\/v2\/tags?post=233115"}],"curies":[{"name":"wp","href":"https:\/\/api.w.org\/{rel}","templated":true}]}}