{"id":233111,"date":"2021-07-14T06:45:43","date_gmt":"2021-07-14T09:45:43","guid":{"rendered":"https:\/\/franciscanos.org.br\/noticias\/?p=233111"},"modified":"2021-07-14T06:45:43","modified_gmt":"2021-07-14T09:45:43","slug":"vocacao-graca-e-missao-e-o-tema-do-ano-vocacional-2023","status":"publish","type":"post","link":"https:\/\/franciscanos.org.br\/noticias\/vocacao-graca-e-missao-e-o-tema-do-ano-vocacional-2023.html","title":{"rendered":"&#8220;Voca\u00e7\u00e3o: Gra\u00e7a e Miss\u00e3o&#8221; \u00e9 o tema do Ano Vocacional 2023"},"content":{"rendered":"<div id=\"attachment_233112\" style=\"width: 900px\" class=\"wp-caption alignnone\"><img aria-describedby=\"caption-attachment-233112\" loading=\"lazy\" class=\"wp-image-233112 size-full\" src=\"https:\/\/franciscanos.org.br\/noticias\/wp-content\/uploads\/2021\/07\/ano_vocacional.jpg\" alt=\"\" width=\"890\" height=\"501\" srcset=\"https:\/\/franciscanos.org.br\/noticias\/wp-content\/uploads\/2021\/07\/ano_vocacional.jpg 890w, https:\/\/franciscanos.org.br\/noticias\/wp-content\/uploads\/2021\/07\/ano_vocacional-450x253.jpg 450w, https:\/\/franciscanos.org.br\/noticias\/wp-content\/uploads\/2021\/07\/ano_vocacional-768x432.jpg 768w, https:\/\/franciscanos.org.br\/noticias\/wp-content\/uploads\/2021\/07\/ano_vocacional-150x84.jpg 150w\" sizes=\"(max-width: 890px) 100vw, 890px\" \/><p id=\"caption-attachment-233112\" class=\"wp-caption-text\">\u00a0 \u00a0 \u00a0 \u00a0 \u00a0 \u00a0 \u00a0 \u00a0 \u00a0 \u00a0 \u00a0 \u00a0 \u00a0 \u00a0 \u00a0 \u00a0 \u00a0 \u00a0 \u00a0 \u00a0 \u00a0 \u00a0 \u00a0 \u00a0 \u00a0 \u00a0 \u00a0 \u00a0 \u00a0 \u00a0 \u00a0 \u00a0 \u00a0 \u00a0 \u00a0 \u00a0 \u00a0 \u00a0 \u00a0 \u00a0 \u00a0 \u00a0 \u00a0 \u00a0 \u00a0 \u00a0 \u00a0 \u00a0 \u00a0 \u00a0 \u00a0 \u00a0 \u00a0 \u00a0 \u00a0 \u00a0 \u00a0 \u00a0 \u00a0 \u00a0 \u00a0 \u00a0 \u00a0<em> \u00a0 \u00a0 \u00a0 \u00a0 \u00a0 \u00a0 \u00a0 \u00a0Arte: CNBB<\/em><\/p><\/div>\n<p>Em abril deste ano, por unanimidade, a 58\u00aa Assembleia Geral da Confer\u00eancia Nacional dos Bispos do Brasil (CNBB) aprovou a realiza\u00e7\u00e3o do terceiro Ano Vocacional da Igreja no Brasil em 2023, que dever\u00e1 ser celebrado de 20 de novembro de 2022 a 26 de novembro de 2023. A iniciativa comemora os 40 anos do primeiro ano tem\u00e1tico dedicado \u00e0 reflex\u00e3o, ora\u00e7\u00e3o e promo\u00e7\u00e3o das voca\u00e7\u00f5es no pa\u00eds. A proposta foi apresentada pela Comiss\u00e3o Episcopal Pastoral para os Minist\u00e9rios Ordenados e a Vida Consagrada da CNBB.<\/p>\n<p>\u00c0 \u00e9poca, o bispo de Tubar\u00e3o (SC) e presidente da Comiss\u00e3o para os Minist\u00e9rios Ordenados, dom Jo\u00e3o Francisco Salm, disse que o Ano Vocacional de 2023 dar\u00e1 continuidade a um processo iniciado em 1983, quando foi celebrado o primeiro ano vocacional do Brasil. Naquela oportunidade, a iniciativa \u201cfavoreceu e ampliou o reconhecimento de que toda a comunidade crist\u00e3 \u00e9 respons\u00e1vel pela anima\u00e7\u00e3o, cultivo e forma\u00e7\u00f5es das voca\u00e7\u00f5es\u201d. O bispo tamb\u00e9m elencou v\u00e1rios frutos que surgiram como a dinamiza\u00e7\u00e3o dos Servi\u00e7os de Anima\u00e7\u00e3o Vocacional e da Pastoral Vocacional e a produ\u00e7\u00e3o de subs\u00eddios.<\/p>\n<p>Ap\u00f3s a aprova\u00e7\u00e3o, a Comiss\u00e3o Central do Ano Vocacional recebeu v\u00e1rias sugest\u00f5es de temas para o Ano Vocacional. As sugest\u00f5es, segundo o assessor da Comiss\u00e3o para os Minist\u00e9rios Ordenados e a Vida Consagrada, padre Jo\u00e3o C\u00e2ndido Neto, manifestaram um anseio muito forte de uma Igreja mais unida (sinodal), mais mission\u00e1ria, mais diaconal e mais pr\u00f3xima das pessoas.<\/p>\n<p>Nas reflex\u00f5es feitas em algumas dessas reuni\u00f5es, um outro ponto muito claro, segundo o padre Jo\u00e3o C\u00e2ndido Neto, \u00e9 que o Ano Vocacional deve tratar da voca\u00e7\u00e3o no seu sentido mais profundo e mais amplo (abrangente), pessoal e comunit\u00e1rio.<\/p>\n<p>\u201cDeve promover com muita clareza a identidade das mais diversas voca\u00e7\u00f5es espec\u00edficas na Igreja (somos um povo de vocacionados e vocacionadas). Deve, ao mesmo tempo, superar tanto uma vis\u00e3o reducionista (excludente, de privil\u00e9gio e clericalista) de voca\u00e7\u00e3o, como uma generaliza\u00e7\u00e3o descorada que n\u00e3o impacta o indiv\u00edduo a quem, na verdade, \u201cDeus chama pelo nome\u201d. Voca\u00e7\u00e3o pessoal e Igreja (como comunidade de vocacionados e vocacionadas) s\u00e3o insepar\u00e1veis\u201d, disse.<\/p>\n<p>Inspirado no Documento Final do S\u00ednodo dos Bispos sobre \u201cOs jovens, a f\u00e9 e o discernimento vocacional\u201d e considerando as sugest\u00f5es e reflex\u00f5es nas v\u00e1rias reuni\u00f5es, a Comiss\u00e3o escolheu e divulgou nesta ter\u00e7a-feira, 13 de julho, como tema do Ano Vocacional 2023 \u201cVoca\u00e7\u00e3o: Gra\u00e7a e Miss\u00e3o\u201d e o lema \u201cCora\u00e7\u00f5es ardentes, p\u00e9s a caminho\u201d (cf. Lc 24, 32-33).<\/p>\n<p><strong>A escolha do tema e lema<\/strong><br \/>\nO tema \u201cVoca\u00e7\u00e3o: Gra\u00e7a e Miss\u00e3o\u201d se fundamenta na afirma\u00e7\u00e3o de que \u201ca voca\u00e7\u00e3o aparece realmente como um dom de gra\u00e7a e de alian\u00e7a, como o mais belo e precioso segredo de nossa liberdade\u201d, conforme o Documento Final de n\u00ba 78.<\/p>\n<p>J\u00e1 o texto b\u00edblico iluminador \u201cJesus chamou e enviou os que ele mesmo quis (cf. Mc 3, 13-19)\u201d ajuda a aprofundar que a origem, o centro e a meta de toda a voca\u00e7\u00e3o e miss\u00e3o \u00e9 a pessoa de Jesus Cristo.<\/p>\n<p>\u201cEncarar o desafio de uma espiritualidade para o Ano Vocacional: \u201cvoca\u00e7\u00e3o\u201d \u00e9 iniciativa de Deus, \u00e9 mist\u00e9rio, \u00e9 gra\u00e7a, \u00e9 experi\u00eancia de encontro com Jesus, \u00e9 fasc\u00ednio e alegria, \u00e9 assombro, \u00e9 sensibilidade ao apelo, \u00e9 inconformidade, \u00e9 resposta pessoal, \u00e9 envolvimento comunit\u00e1rio, \u00e9 miss\u00e3o, \u00e9 tarefa, \u00e9 servi\u00e7o, \u00e9 disposi\u00e7\u00e3o para o sacrif\u00edcio, \u00e9 entrega da vida, \u00e9 coragem e determina\u00e7\u00e3o, \u00e9 esperan\u00e7a e convic\u00e7\u00e3o firme, \u00e9 testemunho de f\u00e9: \u00e9 \u201cespiritualidade\u201d como a que moveu o pr\u00f3prio Jesus e marcou sua personalidade, imprimindo-lhe car\u00e1ter e identidade\u201d, disse a Comiss\u00e3o organizadora.<\/p>\n<p>O lema \u201cCora\u00e7\u00f5es ardentes, p\u00e9s a caminho\u201d (cf. Lc 24, 32-33) fala do cora\u00e7\u00e3o e dos p\u00e9s. Recorda os disc\u00edpulos de Ema\u00fas. O cora\u00e7\u00e3o que arde ao escutar a Palavra do Ressuscitado e os p\u00e9s que se colocam a caminho para anunciar o encontro com o Cristo.<\/p>\n<p>\u201cDesejamos que o Ano Vocacional ajude cada pessoa a acolher o chamado de Jesus como gra\u00e7a, seja uma oportunidade para que mais e mais cora\u00e7\u00f5es ardam e que os p\u00e9s se ponham a caminho, em sa\u00edda mission\u00e1ria\u201d, finalizou a Comiss\u00e3o.<\/p>\n<p><strong>Principais eventos vocacionais da Igreja do Brasil e do Continente<\/strong><br \/>\n1983: o 1\u00ba Ano Vocacional do Brasil, com o tema e lema \u201cVem e segue-me\u201d (Mt 19,21; Mc 10,21; Lc 18,22).<\/p>\n<p>1994: o 1\u00ba Congresso Continental Latino-Americano de Voca\u00e7\u00f5es (Brasil), com o tema \u201cA Pastoral Vocacional no Continente da Esperan\u00e7a\u201d.<\/p>\n<p>1999: o 1\u00ba Congresso Vocacional do Brasil, com o tema \u201cVoca\u00e7\u00f5es e Minist\u00e9rios para o Novo Mil\u00eanio\u201d e o lema \u201cCoragem! Levanta-te, Ele te chama\u201d (Mc 10, 49b).<\/p>\n<p>2003: o 2\u00ba Ano Vocacional do Brasil, com o tema \u201cBatismo, fonte de todas as voca\u00e7\u00f5es\u201d e o lema \u201cAvancem para \u00e1guas mais profundas\u201d (Lc 5,4).<\/p>\n<p>2005: 2\u00ba Congresso Vocacional do Brasil, com o tema \u201cIgreja, Povo de Deus a servi\u00e7o da vida\u201d e o lema \u201cIde tamb\u00e9m v\u00f3s para a minha vinha\u201d (Mt 20,4).<\/p>\n<p>2010: 3\u00ba Congresso Vocacional do Brasil, com o tema \u201cDisc\u00edpulos mission\u00e1rios a servi\u00e7o das voca\u00e7\u00f5es\u201d e o lema \u201cIde, pois, fazer disc\u00edpulos entre todas as na\u00e7\u00f5es\u201d (Mt 28,19).<\/p>\n<p>2011: 2\u00ba Congresso Continental Latino-Americano e Caribenho de Voca\u00e7\u00f5es (Costa Rica), com o tema \u201cChamados a lan\u00e7ar as redes para alcan\u00e7ar a vida plena em Cristo\u201d e o lema \u201cMestre, em tua Palavra lan\u00e7arei as redes\u201d (Lc 5,5).<\/p>\n<p>2014: Simp\u00f3sio Vocacional do Brasil, com o tema \u201cIde e anunciai! Voca\u00e7\u00f5es diversas para uma grande miss\u00e3o\u201d.<\/p>\n<p>2019: o 4\u00ba Congresso Vocacional do Brasil, com o tema \u201cVoca\u00e7\u00e3o e Discernimento\u201d e o lema \u201cMostra-me, Senhor, os teus caminhos\u201d (Sl 25,4).<\/p>\n<hr \/>\n<p><em>(Fonte: CNBB)<\/em><\/p>\n","protected":false},"excerpt":{"rendered":"<p>Ano Vocacional na Igreja do Brasil<\/p>\n","protected":false},"author":3,"featured_media":233113,"comment_status":"open","ping_status":"open","sticky":false,"template":"","format":"standard","meta":[],"categories":[1],"tags":[1871],"acf":[],"yoast_head":"<!-- This site is optimized with the Yoast SEO plugin v19.2 - https:\/\/yoast.com\/wordpress\/plugins\/seo\/ -->\n<title>&quot;Voca\u00e7\u00e3o: Gra\u00e7a e Miss\u00e3o&quot; \u00e9 o tema do Ano Vocacional 2023 - Not\u00edcias - Franciscanos<\/title>\n<meta name=\"robots\" content=\"index, follow, max-snippet:-1, max-image-preview:large, max-video-preview:-1\" \/>\n<link rel=\"canonical\" href=\"https:\/\/franciscanos.org.br\/noticias\/vocacao-graca-e-missao-e-o-tema-do-ano-vocacional-2023.html\" \/>\n<meta property=\"og:locale\" content=\"pt_BR\" \/>\n<meta property=\"og:type\" content=\"article\" \/>\n<meta property=\"og:title\" content=\"&quot;Voca\u00e7\u00e3o: Gra\u00e7a e Miss\u00e3o&quot; \u00e9 o tema do Ano Vocacional 2023 - Not\u00edcias - Franciscanos\" \/>\n<meta property=\"og:description\" content=\"Ano Vocacional na Igreja do Brasil\" \/>\n<meta property=\"og:url\" content=\"https:\/\/franciscanos.org.br\/noticias\/vocacao-graca-e-missao-e-o-tema-do-ano-vocacional-2023.html\" \/>\n<meta property=\"og:site_name\" content=\"Not\u00edcias - Franciscanos\" \/>\n<meta property=\"article:published_time\" content=\"2021-07-14T09:45:43+00:00\" \/>\n<meta property=\"og:image\" content=\"https:\/\/franciscanos.org.br\/noticias\/wp-content\/uploads\/2021\/07\/ano_vocacional_d.jpg\" \/>\n\t<meta property=\"og:image:width\" content=\"729\" \/>\n\t<meta property=\"og:image:height\" content=\"501\" \/>\n\t<meta property=\"og:image:type\" content=\"image\/jpeg\" \/>\n<meta name=\"author\" content=\"moacir\" \/>\n<meta name=\"twitter:card\" content=\"summary_large_image\" \/>\n<meta name=\"twitter:label1\" content=\"Escrito por\" \/>\n\t<meta name=\"twitter:data1\" content=\"moacir\" \/>\n\t<meta name=\"twitter:label2\" content=\"Est. tempo de leitura\" \/>\n\t<meta name=\"twitter:data2\" content=\"5 minutos\" \/>\n<script type=\"application\/ld+json\" class=\"yoast-schema-graph\">{\"@context\":\"https:\/\/schema.org\",\"@graph\":[{\"@type\":\"WebSite\",\"@id\":\"https:\/\/franciscanos.org.br\/noticias\/#website\",\"url\":\"https:\/\/franciscanos.org.br\/noticias\/\",\"name\":\"Not\u00edcias - Franciscanos\",\"description\":\"Prov\u00edncia Franciscana da Imaculada Concei\u00e7\u00e3o do Brasil - Ordem dos Frades Menores - OFM\",\"potentialAction\":[{\"@type\":\"SearchAction\",\"target\":{\"@type\":\"EntryPoint\",\"urlTemplate\":\"https:\/\/franciscanos.org.br\/noticias\/?s={search_term_string}\"},\"query-input\":\"required name=search_term_string\"}],\"inLanguage\":\"pt-BR\"},{\"@type\":\"ImageObject\",\"inLanguage\":\"pt-BR\",\"@id\":\"https:\/\/franciscanos.org.br\/noticias\/vocacao-graca-e-missao-e-o-tema-do-ano-vocacional-2023.html#primaryimage\",\"url\":\"https:\/\/franciscanos.org.br\/noticias\/wp-content\/uploads\/2021\/07\/ano_vocacional_d.jpg\",\"contentUrl\":\"https:\/\/franciscanos.org.br\/noticias\/wp-content\/uploads\/2021\/07\/ano_vocacional_d.jpg\",\"width\":729,\"height\":501},{\"@type\":\"WebPage\",\"@id\":\"https:\/\/franciscanos.org.br\/noticias\/vocacao-graca-e-missao-e-o-tema-do-ano-vocacional-2023.html#webpage\",\"url\":\"https:\/\/franciscanos.org.br\/noticias\/vocacao-graca-e-missao-e-o-tema-do-ano-vocacional-2023.html\",\"name\":\"\\\"Voca\u00e7\u00e3o: Gra\u00e7a e Miss\u00e3o\\\" \u00e9 o tema do Ano Vocacional 2023 - Not\u00edcias - Franciscanos\",\"isPartOf\":{\"@id\":\"https:\/\/franciscanos.org.br\/noticias\/#website\"},\"primaryImageOfPage\":{\"@id\":\"https:\/\/franciscanos.org.br\/noticias\/vocacao-graca-e-missao-e-o-tema-do-ano-vocacional-2023.html#primaryimage\"},\"datePublished\":\"2021-07-14T09:45:43+00:00\",\"dateModified\":\"2021-07-14T09:45:43+00:00\",\"author\":{\"@id\":\"https:\/\/franciscanos.org.br\/noticias\/#\/schema\/person\/b5c8cba458c330ccff548b056e95a5d4\"},\"breadcrumb\":{\"@id\":\"https:\/\/franciscanos.org.br\/noticias\/vocacao-graca-e-missao-e-o-tema-do-ano-vocacional-2023.html#breadcrumb\"},\"inLanguage\":\"pt-BR\",\"potentialAction\":[{\"@type\":\"ReadAction\",\"target\":[\"https:\/\/franciscanos.org.br\/noticias\/vocacao-graca-e-missao-e-o-tema-do-ano-vocacional-2023.html\"]}]},{\"@type\":\"BreadcrumbList\",\"@id\":\"https:\/\/franciscanos.org.br\/noticias\/vocacao-graca-e-missao-e-o-tema-do-ano-vocacional-2023.html#breadcrumb\",\"itemListElement\":[{\"@type\":\"ListItem\",\"position\":1,\"name\":\"Home\",\"item\":\"https:\/\/franciscanos.org.br\/noticias\"},{\"@type\":\"ListItem\",\"position\":2,\"name\":\"&#8220;Voca\u00e7\u00e3o: Gra\u00e7a e Miss\u00e3o&#8221; \u00e9 o tema do Ano Vocacional 2023\"}]},{\"@type\":\"Person\",\"@id\":\"https:\/\/franciscanos.org.br\/noticias\/#\/schema\/person\/b5c8cba458c330ccff548b056e95a5d4\",\"name\":\"moacir\",\"image\":{\"@type\":\"ImageObject\",\"inLanguage\":\"pt-BR\",\"@id\":\"https:\/\/franciscanos.org.br\/noticias\/#\/schema\/person\/image\/\",\"url\":\"https:\/\/secure.gravatar.com\/avatar\/d08aa2ce4c8dd416d4479aa8536fcf64?s=96&d=mm&r=g\",\"contentUrl\":\"https:\/\/secure.gravatar.com\/avatar\/d08aa2ce4c8dd416d4479aa8536fcf64?s=96&d=mm&r=g\",\"caption\":\"moacir\"},\"url\":\"https:\/\/franciscanos.org.br\/noticias\/author\/moacir\"}]}<\/script>\n<!-- \/ Yoast SEO plugin. -->","yoast_head_json":{"title":"\"Voca\u00e7\u00e3o: Gra\u00e7a e Miss\u00e3o\" \u00e9 o tema do Ano Vocacional 2023 - Not\u00edcias - Franciscanos","robots":{"index":"index","follow":"follow","max-snippet":"max-snippet:-1","max-image-preview":"max-image-preview:large","max-video-preview":"max-video-preview:-1"},"canonical":"https:\/\/franciscanos.org.br\/noticias\/vocacao-graca-e-missao-e-o-tema-do-ano-vocacional-2023.html","og_locale":"pt_BR","og_type":"article","og_title":"\"Voca\u00e7\u00e3o: Gra\u00e7a e Miss\u00e3o\" \u00e9 o tema do Ano Vocacional 2023 - Not\u00edcias - Franciscanos","og_description":"Ano Vocacional na Igreja do Brasil","og_url":"https:\/\/franciscanos.org.br\/noticias\/vocacao-graca-e-missao-e-o-tema-do-ano-vocacional-2023.html","og_site_name":"Not\u00edcias - Franciscanos","article_published_time":"2021-07-14T09:45:43+00:00","og_image":[{"width":729,"height":501,"url":"https:\/\/franciscanos.org.br\/noticias\/wp-content\/uploads\/2021\/07\/ano_vocacional_d.jpg","type":"image\/jpeg"}],"author":"moacir","twitter_card":"summary_large_image","twitter_misc":{"Escrito por":"moacir","Est. tempo de leitura":"5 minutos"},"schema":{"@context":"https:\/\/schema.org","@graph":[{"@type":"WebSite","@id":"https:\/\/franciscanos.org.br\/noticias\/#website","url":"https:\/\/franciscanos.org.br\/noticias\/","name":"Not\u00edcias - Franciscanos","description":"Prov\u00edncia Franciscana da Imaculada Concei\u00e7\u00e3o do Brasil - Ordem dos Frades Menores - OFM","potentialAction":[{"@type":"SearchAction","target":{"@type":"EntryPoint","urlTemplate":"https:\/\/franciscanos.org.br\/noticias\/?s={search_term_string}"},"query-input":"required name=search_term_string"}],"inLanguage":"pt-BR"},{"@type":"ImageObject","inLanguage":"pt-BR","@id":"https:\/\/franciscanos.org.br\/noticias\/vocacao-graca-e-missao-e-o-tema-do-ano-vocacional-2023.html#primaryimage","url":"https:\/\/franciscanos.org.br\/noticias\/wp-content\/uploads\/2021\/07\/ano_vocacional_d.jpg","contentUrl":"https:\/\/franciscanos.org.br\/noticias\/wp-content\/uploads\/2021\/07\/ano_vocacional_d.jpg","width":729,"height":501},{"@type":"WebPage","@id":"https:\/\/franciscanos.org.br\/noticias\/vocacao-graca-e-missao-e-o-tema-do-ano-vocacional-2023.html#webpage","url":"https:\/\/franciscanos.org.br\/noticias\/vocacao-graca-e-missao-e-o-tema-do-ano-vocacional-2023.html","name":"\"Voca\u00e7\u00e3o: Gra\u00e7a e Miss\u00e3o\" \u00e9 o tema do Ano Vocacional 2023 - Not\u00edcias - Franciscanos","isPartOf":{"@id":"https:\/\/franciscanos.org.br\/noticias\/#website"},"primaryImageOfPage":{"@id":"https:\/\/franciscanos.org.br\/noticias\/vocacao-graca-e-missao-e-o-tema-do-ano-vocacional-2023.html#primaryimage"},"datePublished":"2021-07-14T09:45:43+00:00","dateModified":"2021-07-14T09:45:43+00:00","author":{"@id":"https:\/\/franciscanos.org.br\/noticias\/#\/schema\/person\/b5c8cba458c330ccff548b056e95a5d4"},"breadcrumb":{"@id":"https:\/\/franciscanos.org.br\/noticias\/vocacao-graca-e-missao-e-o-tema-do-ano-vocacional-2023.html#breadcrumb"},"inLanguage":"pt-BR","potentialAction":[{"@type":"ReadAction","target":["https:\/\/franciscanos.org.br\/noticias\/vocacao-graca-e-missao-e-o-tema-do-ano-vocacional-2023.html"]}]},{"@type":"BreadcrumbList","@id":"https:\/\/franciscanos.org.br\/noticias\/vocacao-graca-e-missao-e-o-tema-do-ano-vocacional-2023.html#breadcrumb","itemListElement":[{"@type":"ListItem","position":1,"name":"Home","item":"https:\/\/franciscanos.org.br\/noticias"},{"@type":"ListItem","position":2,"name":"&#8220;Voca\u00e7\u00e3o: Gra\u00e7a e Miss\u00e3o&#8221; \u00e9 o tema do Ano Vocacional 2023"}]},{"@type":"Person","@id":"https:\/\/franciscanos.org.br\/noticias\/#\/schema\/person\/b5c8cba458c330ccff548b056e95a5d4","name":"moacir","image":{"@type":"ImageObject","inLanguage":"pt-BR","@id":"https:\/\/franciscanos.org.br\/noticias\/#\/schema\/person\/image\/","url":"https:\/\/secure.gravatar.com\/avatar\/d08aa2ce4c8dd416d4479aa8536fcf64?s=96&d=mm&r=g","contentUrl":"https:\/\/secure.gravatar.com\/avatar\/d08aa2ce4c8dd416d4479aa8536fcf64?s=96&d=mm&r=g","caption":"moacir"},"url":"https:\/\/franciscanos.org.br\/noticias\/author\/moacir"}]}},"_links":{"self":[{"href":"https:\/\/franciscanos.org.br\/noticias\/wp-json\/wp\/v2\/posts\/233111"}],"collection":[{"href":"https:\/\/franciscanos.org.br\/noticias\/wp-json\/wp\/v2\/posts"}],"about":[{"href":"https:\/\/franciscanos.org.br\/noticias\/wp-json\/wp\/v2\/types\/post"}],"author":[{"embeddable":true,"href":"https:\/\/franciscanos.org.br\/noticias\/wp-json\/wp\/v2\/users\/3"}],"replies":[{"embeddable":true,"href":"https:\/\/franciscanos.org.br\/noticias\/wp-json\/wp\/v2\/comments?post=233111"}],"version-history":[{"count":1,"href":"https:\/\/franciscanos.org.br\/noticias\/wp-json\/wp\/v2\/posts\/233111\/revisions"}],"predecessor-version":[{"id":233114,"href":"https:\/\/franciscanos.org.br\/noticias\/wp-json\/wp\/v2\/posts\/233111\/revisions\/233114"}],"wp:featuredmedia":[{"embeddable":true,"href":"https:\/\/franciscanos.org.br\/noticias\/wp-json\/wp\/v2\/media\/233113"}],"wp:attachment":[{"href":"https:\/\/franciscanos.org.br\/noticias\/wp-json\/wp\/v2\/media?parent=233111"}],"wp:term":[{"taxonomy":"category","embeddable":true,"href":"https:\/\/franciscanos.org.br\/noticias\/wp-json\/wp\/v2\/categories?post=233111"},{"taxonomy":"post_tag","embeddable":true,"href":"https:\/\/franciscanos.org.br\/noticias\/wp-json\/wp\/v2\/tags?post=233111"}],"curies":[{"name":"wp","href":"https:\/\/api.w.org\/{rel}","templated":true}]}}