{"id":233100,"date":"2021-07-14T05:19:48","date_gmt":"2021-07-14T08:19:48","guid":{"rendered":"https:\/\/franciscanos.org.br\/noticias\/?p=233100"},"modified":"2021-07-14T18:21:32","modified_gmt":"2021-07-14T21:21:32","slug":"o-chileno-frei-isauro-linfati-e-eleito-vigario-geral","status":"publish","type":"post","link":"https:\/\/franciscanos.org.br\/noticias\/o-chileno-frei-isauro-linfati-e-eleito-vigario-geral.html","title":{"rendered":"O chileno Frei Isauro Linfati \u00e9 eleito Vig\u00e1rio Geral"},"content":{"rendered":"<p><img loading=\"lazy\" class=\"alignnone wp-image-233101 size-full\" src=\"https:\/\/franciscanos.org.br\/noticias\/wp-content\/uploads\/2021\/07\/vigario_01.jpg\" alt=\"\" width=\"1156\" height=\"881\" srcset=\"https:\/\/franciscanos.org.br\/noticias\/wp-content\/uploads\/2021\/07\/vigario_01.jpg 1156w, https:\/\/franciscanos.org.br\/noticias\/wp-content\/uploads\/2021\/07\/vigario_01-450x343.jpg 450w, https:\/\/franciscanos.org.br\/noticias\/wp-content\/uploads\/2021\/07\/vigario_01-1024x780.jpg 1024w, https:\/\/franciscanos.org.br\/noticias\/wp-content\/uploads\/2021\/07\/vigario_01-768x585.jpg 768w, https:\/\/franciscanos.org.br\/noticias\/wp-content\/uploads\/2021\/07\/vigario_01-150x114.jpg 150w\" sizes=\"(max-width: 1156px) 100vw, 1156px\" \/><\/p>\n<p>O 12\u00ba dia do Cap\u00edtulo Geral (14\/7), em andamento no Col\u00e9gio Internacional S\u00e3o Louren\u00e7o de Brindisi, em Roma, come\u00e7ou com a elei\u00e7\u00e3o do Vig\u00e1rio Geral. Os 116 frades capitulares escolheram na manh\u00e3 desta quarta-feira, 14 de julho, o chileno Frei Isauro Ulises Covili Linfati para o servi\u00e7o de Vig\u00e1rio da Ordem dos Frades Menores. Ele \u00e9 o Ministro Provincial da Prov\u00edncia do Esp\u00edrito Santo do Chile. Ao lado do Ministro Geral, ele animar\u00e1 a Ordem no sex\u00eanio de 2021-2027.\u00a0\u00a0Amanh\u00e3 (15\/7) ser\u00e3o eleitos os integrantes do Definit\u00f3rio Geral, completando o novo governo.<\/p>\n<div id=\"attachment_233105\" style=\"width: 460px\" class=\"wp-caption alignright\"><img aria-describedby=\"caption-attachment-233105\" loading=\"lazy\" class=\"wp-image-233105 size-medium\" src=\"https:\/\/franciscanos.org.br\/noticias\/wp-content\/uploads\/2021\/07\/vigario_cesar-450x438.jpg\" alt=\"\" width=\"450\" height=\"438\" srcset=\"https:\/\/franciscanos.org.br\/noticias\/wp-content\/uploads\/2021\/07\/vigario_cesar-450x438.jpg 450w, https:\/\/franciscanos.org.br\/noticias\/wp-content\/uploads\/2021\/07\/vigario_cesar-150x146.jpg 150w, https:\/\/franciscanos.org.br\/noticias\/wp-content\/uploads\/2021\/07\/vigario_cesar.jpg 500w\" sizes=\"(max-width: 450px) 100vw, 450px\" \/><p id=\"caption-attachment-233105\" class=\"wp-caption-text\">Frei Isauro e Frei C\u00e9sar K\u00fclkamp<\/p><\/div>\n<p>Frei Isauro \u00e9 natural de Lumaco, Diocese de Temuco, onde nasceu no dia 22 de mar\u00e7o de 1961, filho de Pablo e Cec\u00edlia Linfati. Ingressou no Noviciado dos Frades Menores em 16 de julho de 1981 e professou temporariamente em 16 de janeiro de 1983. Fez a Profiss\u00e3o definitiva na Ordem dos Frades Menores em 20 de mar\u00e7o de 1987 e foi ordenado sacerdote no dia 23 de novembro de 1990, na Igreja S\u00e3o Francisco da Alameda de Dom Carlos Oviedo Cavada, junto com seus confrades Claudio Salgado e Jorge Guajardo.<\/p>\n<p>Frei Isauro foi eleito Ministro Provincial no dia 16 de outubro de 2016 para o sex\u00eanio de 2017-2022. Na ocasi\u00e3o, ele era p\u00e1roco em &#8220;S\u00e3o Jos\u00e9 Oper\u00e1rio&#8221; do setor La Antena e Vig\u00e1rio Provincial da Prov\u00edncia chilena.<\/p>\n<p>Frei Isauro tem pautado sua vida por uma evangeliza\u00e7\u00e3o inclusiva e transformadora. Viveu durante oito anos em uma fraternidade de inser\u00e7\u00e3o numa zona perif\u00e9rica de Santiago e durante dez anos trabalhou como membro da entidade de n\u00e3o viol\u00eancia Sebasti\u00e1n Acevedo (a\u00e7\u00f5es nas ruas), contra a tortura em tempos de Augusto Pinochet; e foi membro de um grupo de forma\u00e7\u00e3o contra a impunidade no in\u00edcio dos anos 90.<\/p>\n<p>Frei Isauro tamb\u00e9m dividia o tempo na anima\u00e7\u00e3o do servi\u00e7o de Justi\u00e7a, Paz e Integridade da Cria\u00e7\u00e3o (JPIC) e na Pastoral Vocacional. No seu curr\u00edculo, foi moderador da Forma\u00e7\u00e3o Permanente, secret\u00e1rio da Forma\u00e7\u00e3o Inicial na Prov\u00edncia e na Confer\u00eancia do Cone Sul; foi Visitador Geral da Prov\u00edncia de S\u00e3o Francisco Solano do Peru e da Prov\u00edncia de S\u00e3o Pedro e S\u00e3o Paulo no M\u00e9xico; foi Definidor Provincial, Vig\u00e1rio Provincial e participou do Conselho Plen\u00e1rio da Ordem em 2018.<\/p>\n<hr \/>\n<p><em>Moacir Beggo<\/em><\/p>\n","protected":false},"excerpt":{"rendered":"<p>Cap\u00edtulo Geral 2021<\/p>\n","protected":false},"author":3,"featured_media":233102,"comment_status":"open","ping_status":"open","sticky":false,"template":"","format":"standard","meta":[],"categories":[1],"tags":[1867],"acf":[],"yoast_head":"<!-- This site is optimized with the Yoast SEO plugin v19.2 - https:\/\/yoast.com\/wordpress\/plugins\/seo\/ -->\n<title>O chileno Frei Isauro Linfati \u00e9 eleito Vig\u00e1rio Geral - Not\u00edcias - Franciscanos<\/title>\n<meta name=\"robots\" content=\"index, follow, max-snippet:-1, max-image-preview:large, max-video-preview:-1\" \/>\n<link rel=\"canonical\" href=\"https:\/\/franciscanos.org.br\/noticias\/o-chileno-frei-isauro-linfati-e-eleito-vigario-geral.html\" \/>\n<meta property=\"og:locale\" content=\"pt_BR\" \/>\n<meta property=\"og:type\" content=\"article\" \/>\n<meta property=\"og:title\" content=\"O chileno Frei Isauro Linfati \u00e9 eleito Vig\u00e1rio Geral - Not\u00edcias - Franciscanos\" \/>\n<meta property=\"og:description\" content=\"Cap\u00edtulo Geral 2021\" \/>\n<meta property=\"og:url\" content=\"https:\/\/franciscanos.org.br\/noticias\/o-chileno-frei-isauro-linfati-e-eleito-vigario-geral.html\" \/>\n<meta property=\"og:site_name\" content=\"Not\u00edcias - Franciscanos\" \/>\n<meta property=\"article:published_time\" content=\"2021-07-14T08:19:48+00:00\" \/>\n<meta property=\"article:modified_time\" content=\"2021-07-14T21:21:32+00:00\" \/>\n<meta property=\"og:image\" content=\"https:\/\/franciscanos.org.br\/noticias\/wp-content\/uploads\/2021\/07\/vigario_01d.jpg\" \/>\n\t<meta property=\"og:image:width\" content=\"800\" \/>\n\t<meta property=\"og:image:height\" content=\"610\" \/>\n\t<meta property=\"og:image:type\" content=\"image\/jpeg\" \/>\n<meta name=\"author\" content=\"moacir\" \/>\n<meta name=\"twitter:card\" content=\"summary_large_image\" \/>\n<meta name=\"twitter:label1\" content=\"Escrito por\" \/>\n\t<meta name=\"twitter:data1\" content=\"moacir\" \/>\n\t<meta name=\"twitter:label2\" content=\"Est. tempo de leitura\" \/>\n\t<meta name=\"twitter:data2\" content=\"2 minutos\" \/>\n<script type=\"application\/ld+json\" class=\"yoast-schema-graph\">{\"@context\":\"https:\/\/schema.org\",\"@graph\":[{\"@type\":\"WebSite\",\"@id\":\"https:\/\/franciscanos.org.br\/noticias\/#website\",\"url\":\"https:\/\/franciscanos.org.br\/noticias\/\",\"name\":\"Not\u00edcias - Franciscanos\",\"description\":\"Prov\u00edncia Franciscana da Imaculada Concei\u00e7\u00e3o do Brasil - Ordem dos Frades Menores - OFM\",\"potentialAction\":[{\"@type\":\"SearchAction\",\"target\":{\"@type\":\"EntryPoint\",\"urlTemplate\":\"https:\/\/franciscanos.org.br\/noticias\/?s={search_term_string}\"},\"query-input\":\"required name=search_term_string\"}],\"inLanguage\":\"pt-BR\"},{\"@type\":\"ImageObject\",\"inLanguage\":\"pt-BR\",\"@id\":\"https:\/\/franciscanos.org.br\/noticias\/o-chileno-frei-isauro-linfati-e-eleito-vigario-geral.html#primaryimage\",\"url\":\"https:\/\/franciscanos.org.br\/noticias\/wp-content\/uploads\/2021\/07\/vigario_01d.jpg\",\"contentUrl\":\"https:\/\/franciscanos.org.br\/noticias\/wp-content\/uploads\/2021\/07\/vigario_01d.jpg\",\"width\":800,\"height\":610},{\"@type\":\"WebPage\",\"@id\":\"https:\/\/franciscanos.org.br\/noticias\/o-chileno-frei-isauro-linfati-e-eleito-vigario-geral.html#webpage\",\"url\":\"https:\/\/franciscanos.org.br\/noticias\/o-chileno-frei-isauro-linfati-e-eleito-vigario-geral.html\",\"name\":\"O chileno Frei Isauro Linfati \u00e9 eleito Vig\u00e1rio Geral - Not\u00edcias - Franciscanos\",\"isPartOf\":{\"@id\":\"https:\/\/franciscanos.org.br\/noticias\/#website\"},\"primaryImageOfPage\":{\"@id\":\"https:\/\/franciscanos.org.br\/noticias\/o-chileno-frei-isauro-linfati-e-eleito-vigario-geral.html#primaryimage\"},\"datePublished\":\"2021-07-14T08:19:48+00:00\",\"dateModified\":\"2021-07-14T21:21:32+00:00\",\"author\":{\"@id\":\"https:\/\/franciscanos.org.br\/noticias\/#\/schema\/person\/b5c8cba458c330ccff548b056e95a5d4\"},\"breadcrumb\":{\"@id\":\"https:\/\/franciscanos.org.br\/noticias\/o-chileno-frei-isauro-linfati-e-eleito-vigario-geral.html#breadcrumb\"},\"inLanguage\":\"pt-BR\",\"potentialAction\":[{\"@type\":\"ReadAction\",\"target\":[\"https:\/\/franciscanos.org.br\/noticias\/o-chileno-frei-isauro-linfati-e-eleito-vigario-geral.html\"]}]},{\"@type\":\"BreadcrumbList\",\"@id\":\"https:\/\/franciscanos.org.br\/noticias\/o-chileno-frei-isauro-linfati-e-eleito-vigario-geral.html#breadcrumb\",\"itemListElement\":[{\"@type\":\"ListItem\",\"position\":1,\"name\":\"Home\",\"item\":\"https:\/\/franciscanos.org.br\/noticias\"},{\"@type\":\"ListItem\",\"position\":2,\"name\":\"O chileno Frei Isauro Linfati \u00e9 eleito Vig\u00e1rio Geral\"}]},{\"@type\":\"Person\",\"@id\":\"https:\/\/franciscanos.org.br\/noticias\/#\/schema\/person\/b5c8cba458c330ccff548b056e95a5d4\",\"name\":\"moacir\",\"image\":{\"@type\":\"ImageObject\",\"inLanguage\":\"pt-BR\",\"@id\":\"https:\/\/franciscanos.org.br\/noticias\/#\/schema\/person\/image\/\",\"url\":\"https:\/\/secure.gravatar.com\/avatar\/d08aa2ce4c8dd416d4479aa8536fcf64?s=96&d=mm&r=g\",\"contentUrl\":\"https:\/\/secure.gravatar.com\/avatar\/d08aa2ce4c8dd416d4479aa8536fcf64?s=96&d=mm&r=g\",\"caption\":\"moacir\"},\"url\":\"https:\/\/franciscanos.org.br\/noticias\/author\/moacir\"}]}<\/script>\n<!-- \/ Yoast SEO plugin. -->","yoast_head_json":{"title":"O chileno Frei Isauro Linfati \u00e9 eleito Vig\u00e1rio Geral - Not\u00edcias - Franciscanos","robots":{"index":"index","follow":"follow","max-snippet":"max-snippet:-1","max-image-preview":"max-image-preview:large","max-video-preview":"max-video-preview:-1"},"canonical":"https:\/\/franciscanos.org.br\/noticias\/o-chileno-frei-isauro-linfati-e-eleito-vigario-geral.html","og_locale":"pt_BR","og_type":"article","og_title":"O chileno Frei Isauro Linfati \u00e9 eleito Vig\u00e1rio Geral - Not\u00edcias - Franciscanos","og_description":"Cap\u00edtulo Geral 2021","og_url":"https:\/\/franciscanos.org.br\/noticias\/o-chileno-frei-isauro-linfati-e-eleito-vigario-geral.html","og_site_name":"Not\u00edcias - Franciscanos","article_published_time":"2021-07-14T08:19:48+00:00","article_modified_time":"2021-07-14T21:21:32+00:00","og_image":[{"width":800,"height":610,"url":"https:\/\/franciscanos.org.br\/noticias\/wp-content\/uploads\/2021\/07\/vigario_01d.jpg","type":"image\/jpeg"}],"author":"moacir","twitter_card":"summary_large_image","twitter_misc":{"Escrito por":"moacir","Est. tempo de leitura":"2 minutos"},"schema":{"@context":"https:\/\/schema.org","@graph":[{"@type":"WebSite","@id":"https:\/\/franciscanos.org.br\/noticias\/#website","url":"https:\/\/franciscanos.org.br\/noticias\/","name":"Not\u00edcias - Franciscanos","description":"Prov\u00edncia Franciscana da Imaculada Concei\u00e7\u00e3o do Brasil - Ordem dos Frades Menores - OFM","potentialAction":[{"@type":"SearchAction","target":{"@type":"EntryPoint","urlTemplate":"https:\/\/franciscanos.org.br\/noticias\/?s={search_term_string}"},"query-input":"required name=search_term_string"}],"inLanguage":"pt-BR"},{"@type":"ImageObject","inLanguage":"pt-BR","@id":"https:\/\/franciscanos.org.br\/noticias\/o-chileno-frei-isauro-linfati-e-eleito-vigario-geral.html#primaryimage","url":"https:\/\/franciscanos.org.br\/noticias\/wp-content\/uploads\/2021\/07\/vigario_01d.jpg","contentUrl":"https:\/\/franciscanos.org.br\/noticias\/wp-content\/uploads\/2021\/07\/vigario_01d.jpg","width":800,"height":610},{"@type":"WebPage","@id":"https:\/\/franciscanos.org.br\/noticias\/o-chileno-frei-isauro-linfati-e-eleito-vigario-geral.html#webpage","url":"https:\/\/franciscanos.org.br\/noticias\/o-chileno-frei-isauro-linfati-e-eleito-vigario-geral.html","name":"O chileno Frei Isauro Linfati \u00e9 eleito Vig\u00e1rio Geral - Not\u00edcias - Franciscanos","isPartOf":{"@id":"https:\/\/franciscanos.org.br\/noticias\/#website"},"primaryImageOfPage":{"@id":"https:\/\/franciscanos.org.br\/noticias\/o-chileno-frei-isauro-linfati-e-eleito-vigario-geral.html#primaryimage"},"datePublished":"2021-07-14T08:19:48+00:00","dateModified":"2021-07-14T21:21:32+00:00","author":{"@id":"https:\/\/franciscanos.org.br\/noticias\/#\/schema\/person\/b5c8cba458c330ccff548b056e95a5d4"},"breadcrumb":{"@id":"https:\/\/franciscanos.org.br\/noticias\/o-chileno-frei-isauro-linfati-e-eleito-vigario-geral.html#breadcrumb"},"inLanguage":"pt-BR","potentialAction":[{"@type":"ReadAction","target":["https:\/\/franciscanos.org.br\/noticias\/o-chileno-frei-isauro-linfati-e-eleito-vigario-geral.html"]}]},{"@type":"BreadcrumbList","@id":"https:\/\/franciscanos.org.br\/noticias\/o-chileno-frei-isauro-linfati-e-eleito-vigario-geral.html#breadcrumb","itemListElement":[{"@type":"ListItem","position":1,"name":"Home","item":"https:\/\/franciscanos.org.br\/noticias"},{"@type":"ListItem","position":2,"name":"O chileno Frei Isauro Linfati \u00e9 eleito Vig\u00e1rio Geral"}]},{"@type":"Person","@id":"https:\/\/franciscanos.org.br\/noticias\/#\/schema\/person\/b5c8cba458c330ccff548b056e95a5d4","name":"moacir","image":{"@type":"ImageObject","inLanguage":"pt-BR","@id":"https:\/\/franciscanos.org.br\/noticias\/#\/schema\/person\/image\/","url":"https:\/\/secure.gravatar.com\/avatar\/d08aa2ce4c8dd416d4479aa8536fcf64?s=96&d=mm&r=g","contentUrl":"https:\/\/secure.gravatar.com\/avatar\/d08aa2ce4c8dd416d4479aa8536fcf64?s=96&d=mm&r=g","caption":"moacir"},"url":"https:\/\/franciscanos.org.br\/noticias\/author\/moacir"}]}},"_links":{"self":[{"href":"https:\/\/franciscanos.org.br\/noticias\/wp-json\/wp\/v2\/posts\/233100"}],"collection":[{"href":"https:\/\/franciscanos.org.br\/noticias\/wp-json\/wp\/v2\/posts"}],"about":[{"href":"https:\/\/franciscanos.org.br\/noticias\/wp-json\/wp\/v2\/types\/post"}],"author":[{"embeddable":true,"href":"https:\/\/franciscanos.org.br\/noticias\/wp-json\/wp\/v2\/users\/3"}],"replies":[{"embeddable":true,"href":"https:\/\/franciscanos.org.br\/noticias\/wp-json\/wp\/v2\/comments?post=233100"}],"version-history":[{"count":8,"href":"https:\/\/franciscanos.org.br\/noticias\/wp-json\/wp\/v2\/posts\/233100\/revisions"}],"predecessor-version":[{"id":233133,"href":"https:\/\/franciscanos.org.br\/noticias\/wp-json\/wp\/v2\/posts\/233100\/revisions\/233133"}],"wp:featuredmedia":[{"embeddable":true,"href":"https:\/\/franciscanos.org.br\/noticias\/wp-json\/wp\/v2\/media\/233102"}],"wp:attachment":[{"href":"https:\/\/franciscanos.org.br\/noticias\/wp-json\/wp\/v2\/media?parent=233100"}],"wp:term":[{"taxonomy":"category","embeddable":true,"href":"https:\/\/franciscanos.org.br\/noticias\/wp-json\/wp\/v2\/categories?post=233100"},{"taxonomy":"post_tag","embeddable":true,"href":"https:\/\/franciscanos.org.br\/noticias\/wp-json\/wp\/v2\/tags?post=233100"}],"curies":[{"name":"wp","href":"https:\/\/api.w.org\/{rel}","templated":true}]}}