{"id":233059,"date":"2021-07-13T06:30:53","date_gmt":"2021-07-13T09:30:53","guid":{"rendered":"https:\/\/franciscanos.org.br\/noticias\/?p=233059"},"modified":"2021-07-13T16:20:13","modified_gmt":"2021-07-13T19:20:13","slug":"o-italiano-frei-massimo-fusarelli-e-eleito-ministro-geral","status":"publish","type":"post","link":"https:\/\/franciscanos.org.br\/noticias\/o-italiano-frei-massimo-fusarelli-e-eleito-ministro-geral.html","title":{"rendered":"O italiano Frei Massimo Fusarelli \u00e9 eleito Ministro Geral"},"content":{"rendered":"<p><img loading=\"lazy\" class=\"alignnone wp-image-233060 size-full\" src=\"https:\/\/franciscanos.org.br\/noticias\/wp-content\/uploads\/2021\/07\/massimo_01.jpg\" alt=\"\" width=\"1280\" height=\"720\" srcset=\"https:\/\/franciscanos.org.br\/noticias\/wp-content\/uploads\/2021\/07\/massimo_01.jpg 1280w, https:\/\/franciscanos.org.br\/noticias\/wp-content\/uploads\/2021\/07\/massimo_01-450x253.jpg 450w, https:\/\/franciscanos.org.br\/noticias\/wp-content\/uploads\/2021\/07\/massimo_01-1024x576.jpg 1024w, https:\/\/franciscanos.org.br\/noticias\/wp-content\/uploads\/2021\/07\/massimo_01-768x432.jpg 768w, https:\/\/franciscanos.org.br\/noticias\/wp-content\/uploads\/2021\/07\/massimo_01-150x84.jpg 150w\" sizes=\"(max-width: 1280px) 100vw, 1280px\" \/><\/p>\n<p>Os 116 frades capitulares que participam do Cap\u00edtulo Geral da Ordem dos Frades Menores, em andamento no Col\u00e9gio Internacional S\u00e3o Louren\u00e7o de Brindisi, em Roma, elegeram na manh\u00e3 desta ter\u00e7a-feira, 13 de julho, o novo Ministro Geral da Ordem dos Frades Menores. O 121\u00ba representante de S\u00e3o Francisco de Assis \u00e9 o italiano Frei Massimo Fusarelli, atualmente Ministro Provincial da Prov\u00edncia S\u00e3o Boaventura, nascida da uni\u00e3o das antigas prov\u00edncias de Abruzzo e Lazio, ocorrida em 2017. Ele ficar\u00e1 na fun\u00e7\u00e3o de Ministro Geral de 2021-2027.<\/p>\n<p>A elei\u00e7\u00e3o foi presidida, segundo nomea\u00e7\u00e3o do Papa Francisco, pelo Cardeal brasileiro Jo\u00e3o Braz de Aviz, Prefeito da Congrega\u00e7\u00e3o para os Institutos de Vida Consagrada e Sociedades de Vida Apost\u00f3lica. Amanh\u00e3 (14\/7) ser\u00e1 eleito o Vig\u00e1rio Geral e, na quinta-feira (15\/7), os integrantes do Definit\u00f3rio Geral.<\/p>\n<p>Ao ser informado da not\u00edcia, o Papa Francisco congratulou-se com o novo eleito atrav\u00e9s de um telegrama, em que garante a sua ora\u00e7\u00e3o e b\u00ean\u00e7\u00e3o &#8220;para que o Senhor o assista e o proteja na realiza\u00e7\u00e3o do seu servi\u00e7o. O ser\u00e1fico Pai S\u00e3o Francisco seja de encorajamento na guia dos seus frades&#8221;.<\/p>\n<p>Frei Massimo nasceu em Roma em 30 de mar\u00e7o de 1963 (58 anos). Conheceu os Frades Menores da Par\u00f3quia de S\u00e3o Francisco em Tivoli, amadurecendo a escolha pela vida religiosa franciscana. Vestiu o h\u00e1bito franciscano em 28 de julho de 1982, fazendo a Primeira Profiss\u00e3o em 30 de julho de 1983. Ele viveu at\u00e9 1989 na \u201cS\u00e3o Bonaventura\u201d de Frascati, preparando-se para a profiss\u00e3o solene e ordena\u00e7\u00e3o presbiteral, recebidas na Igreja de &#8220;S\u00e3o Francisco\u201d do Tivoli, em 30 de setembro de 1989.<\/p>\n<p><img loading=\"lazy\" class=\"alignnone wp-image-233070 size-full\" src=\"https:\/\/franciscanos.org.br\/noticias\/wp-content\/uploads\/2021\/07\/geral_13_2.jpg\" alt=\"\" width=\"1024\" height=\"577\" srcset=\"https:\/\/franciscanos.org.br\/noticias\/wp-content\/uploads\/2021\/07\/geral_13_2.jpg 1024w, https:\/\/franciscanos.org.br\/noticias\/wp-content\/uploads\/2021\/07\/geral_13_2-450x254.jpg 450w, https:\/\/franciscanos.org.br\/noticias\/wp-content\/uploads\/2021\/07\/geral_13_2-768x433.jpg 768w, https:\/\/franciscanos.org.br\/noticias\/wp-content\/uploads\/2021\/07\/geral_13_2-150x85.jpg 150w\" sizes=\"(max-width: 1024px) 100vw, 1024px\" \/><\/p>\n<p>Depois do Noviciado, cursou Filosofia e Teologia no ent\u00e3o Pontif\u00edcio Ateneu Antoniano, obtendo o Bacharelado em Teologia em 1988. Por decis\u00e3o de seus superiores, iniciou os cursos de Licenciatura e Doutorado em Teologia Patr\u00edstica no Pontif\u00edcio Instituto Patr\u00edstico Augustinianum, obtendo os t\u00edtulos relacionados em 1992. Lecionou Teologia Patr\u00edstica no Instituto de Ci\u00eancias Religiosas do ent\u00e3o Pontif\u00edcio Ateneu Antoniano (1991-1996).<\/p>\n<p>J\u00e1 esteve no governo da Ordem quando foi Secret\u00e1rio Geral de Forma\u00e7\u00e3o e Estudos (2003 a 2009) e Visitador Geral para a Prov\u00edncia de N\u00e1poles e depois para o processo de unifica\u00e7\u00e3o das Prov\u00edncias do Norte da It\u00e1lia. Em n\u00edvel provincial, foi Definidor, animador da Pastoral Vocacional e depois secret\u00e1rio da Forma\u00e7\u00e3o Permanente; v\u00e1rias vezes guardi\u00e3o, fun\u00e7\u00e3o que acumula hoje como Ministro Provincial, al\u00e9m de p\u00e1roco da Par\u00f3quia S\u00e3o Francisco a Ripa e respons\u00e1vel pelo projeto de acolhida aos pobres. Foi nessa igreja onde S\u00e3o Francisco viveu e rezou em sua passagem pela Cidade Eterna, durante as visitas ao Papa Inoc\u00eancio III.<\/p>\n<p><img loading=\"lazy\" class=\"alignnone wp-image-233062 size-full\" src=\"https:\/\/franciscanos.org.br\/noticias\/wp-content\/uploads\/2021\/07\/geral_13.jpg\" alt=\"\" width=\"1024\" height=\"768\" srcset=\"https:\/\/franciscanos.org.br\/noticias\/wp-content\/uploads\/2021\/07\/geral_13.jpg 1024w, https:\/\/franciscanos.org.br\/noticias\/wp-content\/uploads\/2021\/07\/geral_13-450x338.jpg 450w, https:\/\/franciscanos.org.br\/noticias\/wp-content\/uploads\/2021\/07\/geral_13-768x576.jpg 768w, https:\/\/franciscanos.org.br\/noticias\/wp-content\/uploads\/2021\/07\/geral_13-150x113.jpg 150w, https:\/\/franciscanos.org.br\/noticias\/wp-content\/uploads\/2021\/07\/geral_13-600x450.jpg 600w\" sizes=\"(max-width: 1024px) 100vw, 1024px\" \/><\/p>\n<p>Nos \u00faltimos anos residiu nos Conventos S\u00e3o Bonaventura al Palatino em Roma e Santa Maria delle Grazie em Ponticelli Sabino (Rieti), tamb\u00e9m foi convidado a fazer parte do Conselho Presbiteral da Diocese de Sabina e depois no Conselho de Roma (1999-2002), sempre no contexto da pastoral juvenil e vocacional. Participou e organizou miss\u00f5es populares e anima\u00e7\u00e3o nas par\u00f3quias.<\/p>\n<p>No servi\u00e7o de unifica\u00e7\u00e3o das Prov\u00edncias do Norte, em tempo integral, Frei Massimo presidiu o Conselho de seis ministros provinciais de janeiro de 2014 at\u00e9 a uni\u00e3o, acompanhou os diversos \u00f3rg\u00e3os interprovinciais, depois de realizada a visita can\u00f4nica \u00e0s 75 fraternidades locais, a visita fraterna aos 29 mosteiros das Irm\u00e3s Clarissas, a visita aos bispos diocesanos onde est\u00e3o presentes os conventos, \u00a0e acompanhar a prepara\u00e7\u00e3o do Cap\u00edtulo Provincial unit\u00e1rio, inaugurado em 16 de maio de 2016 com o nascimento da nova Prov\u00edncia do Norte da It\u00e1lia.<\/p>\n<p><iframe loading=\"lazy\" width=\"100%\" height=\"480\" src=\"https:\/\/www.youtube.com\/embed\/XXHsV2g6L2g\" title=\"YouTube video player\" frameborder=\"0\" allow=\"accelerometer; autoplay; clipboard-write; encrypted-media; gyroscope; picture-in-picture\" allowfullscreen><\/iframe><\/p>\n<p>De 2015 a 2018 foi assistente Geral do Instituto Secular dos Mission\u00e1rios da Realeza de Cristo; de outubro de 2016 a agosto de 2017 viveu com outros irm\u00e3os entre as v\u00edtimas do terremoto de Amatrice e Accumoli (Rieti). Em 2 de julho de 2020 foi eleito Ministro Provincial em Cap\u00edtulo e, em 7 de outubro de 2020, presidente da Confer\u00eancia dos Ministros Provinciais da It\u00e1lia e da Alb\u00e2nia (COMPI). Agora, com sua elei\u00e7\u00e3o, Frei Luciano De Giusti, o Vig\u00e1rio Provincial, deve assumir a Prov\u00edncia no seu lugar.<\/p>\n<p>Segundo dados mais recentes publicados pela \u201cActa Ordinis\u201d, neste Cap\u00edtulo Geral, Frei Massimo acompanhar\u00e1 e animar\u00e1 a Ordem dos Frades Menores em 119 pa\u00edses em todos os continentes. Numericamente, os Frades Menores s\u00e3o cerca de 12.479 \u2013 n\u00e3o inclusos os 492 postulantes \u2013\u00a0 e est\u00e3o assim distribu\u00eddos: \u00c1frica e M\u00e9dio Oriente: 1.300; Am\u00e9rica Latina: 3.113; Am\u00e9rica setentrional: 1.004; \u00c1sia-Oceania: 1.514; Europa Oriental: 2.314 e Europa Ocidental: 3.234.<\/p>\n<p>O termo ministro vem diretamente do fundador, S\u00e3o Francisco de Assis, que, segundo ele, os irm\u00e3os eram todos iguais e n\u00e3o gostava do termo &#8220;superior&#8221;. Assim, os frades que supervisionavam os demais irm\u00e3os deveriam ser um servo que cuidava (&#8220;ministrava para&#8221;) deles e n\u00e3o um superior.<\/p>\n<p><img loading=\"lazy\" class=\"alignnone wp-image-233068 size-full\" src=\"https:\/\/franciscanos.org.br\/noticias\/wp-content\/uploads\/2021\/07\/geral_13_1.jpg\" alt=\"\" width=\"1024\" height=\"704\" srcset=\"https:\/\/franciscanos.org.br\/noticias\/wp-content\/uploads\/2021\/07\/geral_13_1.jpg 1024w, https:\/\/franciscanos.org.br\/noticias\/wp-content\/uploads\/2021\/07\/geral_13_1-450x309.jpg 450w, https:\/\/franciscanos.org.br\/noticias\/wp-content\/uploads\/2021\/07\/geral_13_1-768x528.jpg 768w, https:\/\/franciscanos.org.br\/noticias\/wp-content\/uploads\/2021\/07\/geral_13_1-150x103.jpg 150w, https:\/\/franciscanos.org.br\/noticias\/wp-content\/uploads\/2021\/07\/geral_13_1-320x220.jpg 320w\" sizes=\"(max-width: 1024px) 100vw, 1024px\" \/><\/p>\n<p><strong>Os Ministros Gerais em mais de oito s\u00e9culos<\/strong><\/p>\n<p>No dia 29 de maio de 1517, quando o Papa Le\u00e3o X, depois de s\u00e9culos de controv\u00e9rsias, produziu a bula \u201cIte et vos in vineam meam\u201d, com a qual sancionou a divis\u00e3o entre os Conventuais n\u00e3o-reformados e os Observantes. Esses \u00faltimos se tornaram a Ordem dos Frades Menores e ao superior deles, o Ministro Geral, foi devolvido o antigo selo da Ordem e foi lhe dado o direito de preced\u00eancia em rela\u00e7\u00e3o ao superior dos Conventuais.<\/p>\n<p>O s\u00e9culo XVI vivia um generalizado clima de reforma religiosa e, aqui, situa-se a \u201cReforma Capuchinha\u201d, aprovada pelo Papa Clemente VII (1522-1534) em 1528 mediante a bula &#8220;Religionis zelus&#8221;. Em 1529, o novo ramo franciscano redigiu suas primeiras normas de vida, conhecidas como \u201cConstitui\u00e7\u00f5es de Albacina\u201d, que foram aperfei\u00e7oadas em 1536 com as novas \u201cConstitui\u00e7\u00f5es de Santa Euf\u00eamia\u201d.<\/p>\n<p><strong>A partir de 1517, os tr\u00eas ramos da Ordem elegem seus ministros. Esta lista \u00e9 somente da Ordem dos Frades Menores.<\/strong><\/p>\n<p><strong>FUNDADOR<\/strong><br \/>\n<strong>Francisco de Assis (1210\u20131226)<\/strong><\/p>\n<p>001 &#8211; Giovanni Parenti (1227\u20131232) &#8211; 1\u00ba Ministro Geral<br \/>\n002 &#8211; Elia de Cortona (1232\u20131239) &#8211; 2\u00ba Ministro Geral<br \/>\n003 &#8211; Alberto de Pisa (1239\u20131240) &#8211; 3\u00ba Ministro Geral<br \/>\n004 &#8211; Haymo de Faversham (1240\u20131243) &#8211; 4\u00ba Ministro Geral<br \/>\n005 &#8211; Crescenzio de Jesi (1244\u20131247) &#8211; 5\u00ba Ministro Geral<br \/>\n006 &#8211; Giovanni de Parma (1247\u20131257) &#8211; 6\u00ba Ministro Geral<br \/>\n007 &#8211; Boaventura de Bagnoregio (1257\u20131274) &#8211; 7\u00ba Ministro Geral<br \/>\n008 &#8211; Girolamo Masci d&#8217;Ascoli (1274\u20131279), mais tarde Papa Nicolau IV &#8211; 8\u00ba Ministro Geral<br \/>\n009 &#8211; Bonagrazia de Bolonha (1279\u20131285) &#8211; 9\u00ba Ministro Geral<br \/>\n010 &#8211; Arlotto de Prato (1285\u20131287) &#8211; 10\u00ba Ministro Geral<br \/>\n011 &#8211; Matteo d&#8217;Acquasparta (1287\u20131289) &#8211; 11\u00ba Ministro Geral<br \/>\n012 &#8211; Raimondo Gaufridi (1289\u20131295) &#8211; 12\u00ba Ministro Geral<br \/>\n013 &#8211; Giovanni de Murrovalle (1296-1304) &#8211; 13\u00ba Ministro Geral<br \/>\n014 &#8211; Gonsalvus Hispanus (1304\u20131313) &#8211; 14\u00ba Ministro Geral<br \/>\n015 &#8211; Alessandro B.de Alessandria (1313\u20131314) &#8211; 15\u00ba Ministro Geral<br \/>\n016 &#8211; Miguel de Cesena (1316-1328) &#8211; 16\u00ba Ministro Geral<br \/>\n017 &#8211; Geraldo Ot (1329\u20131342) &#8211; 17\u00ba Ministro Geral<br \/>\n018 &#8211; Fortanier de Vassal (1343\u20131348) &#8211; 18\u00ba Ministro Geral<br \/>\n019 &#8211; Guillaume Farinier (1348\u20131357) &#8211; 19\u00ba Ministro Geral<br \/>\n020 &#8211; Juan Bouchier (1357\u20131358) &#8211; 20\u00ba Ministro Geral<br \/>\n021 &#8211; Marco de Viterbo (1359\u20131366) &#8211; 21\u00ba Ministro Geral<br \/>\n022 &#8211; Thommaso de Frignano (1367\u20131372) &#8211; 22\u00ba Ministro Geral<br \/>\n023 &#8211; Leonardo Rossi (1373-1378) &#8211; 23\u00ba Ministro Geral<\/p>\n<p><strong>Durante o Grande Cisma, os seguintes ministros gerais conduziram a Ordem na obedi\u00eancia romana:<\/strong><\/p>\n<p>024 &#8211; Ludovico Donati da Venezia (1379\u20131383) &#8211; 24\u00ba Ministro Geral<br \/>\n025 &#8211; Pietro da Conzano (1383\u20131384) &#8211; 25\u00ba Ministro Geral<br \/>\n026 &#8211; Martino Sangiorgio de Rivarolo (1384\u20131387) &#8211; 26\u00ba Ministro Geral<br \/>\n027 &#8211; Enrico Alfieri (1387-1405) &#8211; 27\u00ba Ministro Geral<br \/>\n028 &#8211; Antonio Vinitti de Pereto (1405-1408) &#8211; 28\u00ba Ministro Geral<br \/>\n029 &#8211; Antonio da Cascia (1410\u20131415) &#8211; 29\u00ba Ministro Geral (no primeiro ano Vig\u00e1rio Geral)<br \/>\nAntonio Vinitti de Pereto (1415\u20131420) &#8211; segundo compromisso<\/p>\n<p><strong>Ao mesmo tempo, o seguinte presidiu a Ordem de obedi\u00eancia de Avignon:<\/strong><\/p>\n<p>Angelo di Spoleto (1379-1391)<br \/>\nJohn Chevegneyo (1391-1402)<br \/>\nGiovanni Bardolini (1403-1417)<\/p>\n<p><strong>Ap\u00f3s a conclus\u00e3o do cisma, a Ordem foi reunida sob Antonio Vinitti.<\/strong><\/p>\n<p>030 &#8211; Angelo Salvetti (1421-1424) &#8211; 30\u00ba Ministro Geral<br \/>\n031 &#8211; Antonio da Massa Marittima (1424\u20131430) &#8211; 31\u00ba Ministro Geral<br \/>\n032 &#8211; Guglielmo da Casale (1430\u20131442) &#8211; 32\u00ba Ministro Geral<br \/>\n033 &#8211; Antonio Rusconi (1443\u20131449) &#8211; 33\u00ba Ministro Geral<br \/>\n034 &#8211; Angel Cristofori del Toscano (1450\u20131453) &#8211; 34\u00ba Ministro Geral<br \/>\n035 &#8211; Jacob Bassolini (1454\u20131457) &#8211; 35\u00ba Ministro Geral<br \/>\n036 &#8211; Jaime Zarzuela (1458\u20131464) &#8211; 36\u00ba Ministro Geral<br \/>\n037 &#8211; Francesco della Rovere (1464-1469) &#8211; 37\u00ba Ministro Geral, mais tarde Papa Sisto IV.<br \/>\n038 &#8211; Zanetto de Udine (1469-1475) &#8211; 38\u00ba Ministro Geral<br \/>\n039 &#8211; Francesco Nanni (1475-1499) &#8211; 39\u00ba Ministro Geral<br \/>\n040 &#8211; Egidio Delfini de Amelia (1500-1506) &#8211; 40\u00ba Ministro Geral<br \/>\n041 &#8211; Rainaldo Graziani de Cotignola (1506-1510) &#8211; 41\u00ba Ministro Geral<br \/>\n042 &#8211; Filippo Porcacci de Bagnacavallo (1510\u20131511) &#8211; 42\u00ba Ministro Geral<br \/>\n043 &#8211; Bernardino Prati (1511\u20131517) &#8211; 43\u00ba Ministro Geral (no primeiro ano como Vig\u00e1rio geral)<\/p>\n<p><strong>Ministros Gerais dos Frades Menores (OFM)<\/strong><\/p>\n<p><strong>A partir desta data, depois de s\u00e9culos de controv\u00e9rsias, produziu a bula \u201cIte et vos in vineam meam\u201d, com a qual sancionou a divis\u00e3o entre os Conventuais n\u00e3o-reformados e os Observantes.<\/strong><\/p>\n<p>044 &#8211; Cristoforo Numai (1517\u20131518) &#8211; 44\u00ba Ministro Geral<br \/>\n045 &#8211; Francesco Lichetto (1518\u20131520) &#8211; 45\u00ba Ministro Geral<br \/>\n046 &#8211; Paolo da Soncino (1520-1523) &#8211; 46\u00ba Ministro Geral (no primeiro ano como Vig\u00e1rio geral)<br \/>\n047 &#8211; Francisco de Qui\u00f1ones (1523\u20131527) &#8211; 47\u00ba Ministro Geral<br \/>\n048 &#8211; Paolo Pisotti (1529-1533) &#8211; 48\u00ba Ministro Geral<br \/>\n049 &#8211; Vincenzo Lunello (1535\u20131541) &#8211; 49\u00ba Ministro Geral<br \/>\n050 &#8211; Giovanni Matteo de Calvi (1541\u20131547) &#8211; 50\u00ba Ministro Geral<br \/>\n051 &#8211; Andreas Alvarez (1547\u20131553) &#8211; 51\u00ba Ministro Geral<br \/>\n052 &#8211; Clemente d&#8217;Olera (1553\u20131557) &#8211; 52\u00ba Ministro Geral<br \/>\n053 &#8211; Francisco Zamora de Cuenca (1559-1565) &#8211; 53\u00ba Ministro Geral<br \/>\n054 &#8211; Aloisio Pozzi da Borgonuovo (1565-1571) &#8211; 54\u00ba Ministro Geral<br \/>\n055 &#8211; Christopher de Chaffontaines (1571-1579) &#8211; 55\u00ba Ministro Geral<br \/>\n056 &#8211; Francesco Gonzaga (1579\u20131587) &#8211; 56\u00ba Ministro Geral<br \/>\n057 &#8211; Francesco de Tolosa (1587\u20131593) &#8211; 57\u00ba Ministro Geral<br \/>\n058 &#8211; Boaventura Secusi da Caltagirone (1593-1600) &#8211; 58\u00ba Ministro Geral<br \/>\n059 &#8211; Francesco Susa de Toledo (1600\u20131606) &#8211; 59\u00ba Ministro Geral<br \/>\n060 &#8211; Arcangelo Gualterio de Messina (1606\u20131612) &#8211; 60\u00ba Ministro Geral<br \/>\n061 &#8211; Juan Hierro (1612-1613) &#8211; 61\u00ba Ministro Geral<br \/>\n062 &#8211; Benigno de Genova (1618\u20131625) &#8211; 62\u00ba Ministro Geral<br \/>\n063 &#8211; Bernardino de Senna (1625-1631) &#8211; 63\u00ba Ministro Geral<br \/>\n064 &#8211; Giovanni Battista Visco (1633-1639) &#8211; 64\u00ba Ministro Geral<br \/>\n065 &#8211; Juan Marinero de Madrid (1639-1645) &#8211; 65\u00ba Ministro Geral<br \/>\n066 &#8211; Giovanni Mazzara, 1645-1648 &#8211; 66\u00ba Ministro Geral<br \/>\n067 &#8211; Pedro Manero (1651-1655) &#8211; 67\u00ba Ministro Geral<br \/>\n068 &#8211; Michaelangelo Bonadies de Sambuca\/Sic\u00edlia (1658\u20131664) &#8211; 68\u00ba Ministro Geral<br \/>\n069 &#8211; Ildefonso Salizanes (1664-1670) &#8211; 69\u00ba Ministro Geral<br \/>\n070 &#8211; Francesco Maria Rini (1670\u20131674) &#8211; 70\u00ba Ministro Geral<br \/>\n071 &#8211; Francesco Maria Nicolis (1674-1676) &#8211; 71\u00ba Ministro Geral<br \/>\n072 &#8211; Jos\u00e9 Ximenes Samaniego (1676-1682) &#8211; 72\u00ba Ministro Geral<br \/>\n073 &#8211; Pier Marini Sormani (1682-1688) &#8211; 73\u00ba Ministro Geral<br \/>\n074 &#8211; Marcos de Zarzosa (1688-1690) &#8211; 74\u00ba Ministro Geral<br \/>\n075 &#8211; Juan Aluin (1690-1694) &#8211; 75\u00ba Ministro Geral<br \/>\n076 &#8211; Boaventura Poerio de Taverna (1694\u20131697) &#8211; 76\u00ba Ministro Geral<br \/>\n077 &#8211; Matteo de Santo Stefano (1697\u20131700) &#8211; 77\u00ba Ministro Geral<br \/>\n078 &#8211; Luis Torres (1700-1701) &#8211; 78\u00ba Ministro Geral<br \/>\n079 &#8211; Ildefonso Biesma (1702\u20131716) &#8211; 79\u00ba Ministro Geral<br \/>\n080 &#8211; Jos\u00e9 Garcia (1717\u20131723) &#8211; 80\u00ba Ministro Geral<br \/>\n081 &#8211; Lorenzo Cozza de S. Lorenzo (1723\u20131726) &#8211; 81\u00ba Ministro Geral<br \/>\n082 &#8211; Matteo Basile de Parete (1727\u20131729) &#8211; 82\u00ba Ministro Geral<br \/>\n083 &#8211; Juan Soto de Valladolid (1729-1736) &#8211; 83\u00ba Ministro Geral<br \/>\n084 &#8211; Juan Bermejo (1736-1740) &#8211; 84\u00ba Ministro Geral<br \/>\n085 &#8211; Gaetano Politi de Laurino (1740-1744) &#8211; 85\u00ba Ministro Geral<br \/>\n086 &#8211; Rafaello Rossi de Lugagnano (1744\u20131750) &#8211; 86\u00ba Ministro Geral<br \/>\n087 &#8211; Pedro Juanete de Molina (1750-1756) &#8211; 87\u00ba Ministro Geral<br \/>\n088 &#8211; Clemente Guignoni de Palermo (1756\u20131762) &#8211; 88\u00ba Ministro Geral<br \/>\n089 &#8211; Pedro Juanete de Molina (1762-1768) &#8211; 89\u00ba Ministro Geral (segunda nomea\u00e7\u00e3o)<br \/>\n090 &#8211; Pasquale Frasconi de Varese (1768-1791) &#8211; 90\u00ba Ministro Geral<br \/>\n091 &#8211; Joaquim Company i Soler (1792-1806) &#8211; 91\u00ba Ministro Geral<br \/>\n092 &#8211; Ilario Cervelli de Montemagno (1806-1814) &#8211; 92\u00ba Ministro Geral<br \/>\n093 &#8211; Gaudenzio Patrignani e Coriano (1814-1817) &#8211; 93\u00ba Ministro Geral<br \/>\n094 &#8211; Cirilo Alameda e Brea (1817-1824) &#8211; 94\u00ba Ministro Geral<br \/>\n095 &#8211; Giovanni Tecca de Capestrano (1824\u20131830) &#8211; 95\u00ba Ministro Geral<br \/>\n096 &#8211; Luis Iglesias (1830-1834) &#8211; 96\u00ba Ministro Geral<br \/>\n097 &#8211; Bartolome Altemir (1835-1838) &#8211; 97\u00ba Ministro Geral<br \/>\n098 &#8211; Giuseppe Maria Maniscalco (1838-1844) &#8211; 98\u00ba Ministro Geral<br \/>\n099 &#8211; Luigi Flamini de Loreto (1844-1850) &#8211; 99\u00ba Ministro Geral<br \/>\n100 &#8211; Venanzio Metildi de Celano (1850-1856) &#8211; 100\u00ba Ministro Geral<br \/>\n101 &#8211; Bernardino Trionfetti de Montefranco (1856-1832) &#8211; 101\u00ba Ministro Geral<br \/>\n102 &#8211; Rafaele Lippi de Pontecci Marconi (1862-1869) &#8211; 102\u00ba Ministro Geral<br \/>\n103 &#8211; Bernardino dal Vago da Portogruaro (1869-1889) &#8211; 103\u00ba Ministro Geral<br \/>\n104 &#8211; Luigi de Parma (1889-1897) &#8211; 104\u00ba Ministro Geral<br \/>\n105 &#8211; Aloysius Lauer (1897\u20131901) &#8211; 105\u00ba Ministro Geral<br \/>\n106 &#8211; Dionysius Sch\u00fcler (1903-1911) &#8211; 106\u00ba Ministro Geral<br \/>\n107 &#8211; Pacifico Monza (1911\u20131915) &#8211; 107\u00ba Ministro Geral<br \/>\n108 &#8211; Serafino Cimino de Capri (1915\u20131921) &#8211; 108\u00ba Ministro Geral<br \/>\n109 &#8211; Bernardino Klumper (1921-1927) &#8211; 109\u00ba Ministro Geral<br \/>\n110 &#8211; Boaventura Marrani (1927\u20131933) &#8211; 110\u00ba Ministro Geral<br \/>\n111 &#8211; Leonardo Bello (1933\u20131944) &#8211; 111\u00ba Ministro Geral<br \/>\n112 &#8211; Valentin Schaaf (1945\u20131946) &#8211; 112\u00ba Ministro Geral<br \/>\n113 &#8211; Pac\u00edfico Perantoni (1947\u20131952) &#8211; 113\u00ba Ministro Geral<br \/>\n114 &#8211; Augostino S\u00e9pinski (1952\u20131965) &#8211; 114\u00ba Ministro Geral<br \/>\n115 &#8211; Constantino Koser (1965\u20131979) &#8211; 115\u00ba Ministro Geral<br \/>\n116 &#8211; John Vaughn (1979\u20131991) &#8211; 116\u00ba Ministro Geral<br \/>\n117 &#8211; Hermann Schal\u00fcck (1991\u20131997) &#8211; 117\u00ba Ministro Geral<br \/>\n118 &#8211; Gi\u00e1como Bini (1997\u20132003) &#8211; 118\u00ba Ministro Geral<br \/>\n119 &#8211; Jos\u00e9 Rodr\u00edguez Carballo (2003-2013) &#8211; 119\u00ba Ministro Geral<br \/>\n120 &#8211; Michael Anthony Perry (2013-2021) &#8211; 120\u00ba Ministro Geral<\/p>\n<hr \/>\n<p><em>Moacir Beggo<\/em><\/p>\n","protected":false},"excerpt":{"rendered":"<p>11\u00ba Dia do Cap\u00edtulo Geral<\/p>\n","protected":false},"author":3,"featured_media":233061,"comment_status":"open","ping_status":"open","sticky":false,"template":"","format":"standard","meta":[],"categories":[1],"tags":[1867],"acf":[],"yoast_head":"<!-- This site is optimized with the Yoast SEO plugin v19.2 - https:\/\/yoast.com\/wordpress\/plugins\/seo\/ -->\n<title>O italiano Frei Massimo Fusarelli \u00e9 eleito Ministro Geral - Not\u00edcias - Franciscanos<\/title>\n<meta name=\"robots\" content=\"index, follow, max-snippet:-1, max-image-preview:large, max-video-preview:-1\" \/>\n<link rel=\"canonical\" href=\"https:\/\/franciscanos.org.br\/noticias\/o-italiano-frei-massimo-fusarelli-e-eleito-ministro-geral.html\" \/>\n<meta property=\"og:locale\" content=\"pt_BR\" \/>\n<meta property=\"og:type\" content=\"article\" \/>\n<meta property=\"og:title\" content=\"O italiano Frei Massimo Fusarelli \u00e9 eleito Ministro Geral - Not\u00edcias - Franciscanos\" \/>\n<meta property=\"og:description\" content=\"11\u00ba Dia do Cap\u00edtulo Geral\" \/>\n<meta property=\"og:url\" content=\"https:\/\/franciscanos.org.br\/noticias\/o-italiano-frei-massimo-fusarelli-e-eleito-ministro-geral.html\" \/>\n<meta property=\"og:site_name\" content=\"Not\u00edcias - Franciscanos\" \/>\n<meta property=\"article:published_time\" content=\"2021-07-13T09:30:53+00:00\" \/>\n<meta property=\"article:modified_time\" content=\"2021-07-13T19:20:13+00:00\" \/>\n<meta property=\"og:image\" content=\"https:\/\/franciscanos.org.br\/noticias\/wp-content\/uploads\/2021\/07\/massimo_01d.jpg\" \/>\n\t<meta property=\"og:image:width\" content=\"800\" \/>\n\t<meta property=\"og:image:height\" content=\"550\" \/>\n\t<meta property=\"og:image:type\" content=\"image\/jpeg\" \/>\n<meta name=\"author\" content=\"moacir\" \/>\n<meta name=\"twitter:card\" content=\"summary_large_image\" \/>\n<meta name=\"twitter:label1\" content=\"Escrito por\" \/>\n\t<meta name=\"twitter:data1\" content=\"moacir\" \/>\n\t<meta name=\"twitter:label2\" content=\"Est. tempo de leitura\" \/>\n\t<meta name=\"twitter:data2\" content=\"10 minutos\" \/>\n<script type=\"application\/ld+json\" class=\"yoast-schema-graph\">{\"@context\":\"https:\/\/schema.org\",\"@graph\":[{\"@type\":\"WebSite\",\"@id\":\"https:\/\/franciscanos.org.br\/noticias\/#website\",\"url\":\"https:\/\/franciscanos.org.br\/noticias\/\",\"name\":\"Not\u00edcias - Franciscanos\",\"description\":\"Prov\u00edncia Franciscana da Imaculada Concei\u00e7\u00e3o do Brasil - Ordem dos Frades Menores - OFM\",\"potentialAction\":[{\"@type\":\"SearchAction\",\"target\":{\"@type\":\"EntryPoint\",\"urlTemplate\":\"https:\/\/franciscanos.org.br\/noticias\/?s={search_term_string}\"},\"query-input\":\"required name=search_term_string\"}],\"inLanguage\":\"pt-BR\"},{\"@type\":\"ImageObject\",\"inLanguage\":\"pt-BR\",\"@id\":\"https:\/\/franciscanos.org.br\/noticias\/o-italiano-frei-massimo-fusarelli-e-eleito-ministro-geral.html#primaryimage\",\"url\":\"https:\/\/franciscanos.org.br\/noticias\/wp-content\/uploads\/2021\/07\/massimo_01d.jpg\",\"contentUrl\":\"https:\/\/franciscanos.org.br\/noticias\/wp-content\/uploads\/2021\/07\/massimo_01d.jpg\",\"width\":800,\"height\":550},{\"@type\":\"WebPage\",\"@id\":\"https:\/\/franciscanos.org.br\/noticias\/o-italiano-frei-massimo-fusarelli-e-eleito-ministro-geral.html#webpage\",\"url\":\"https:\/\/franciscanos.org.br\/noticias\/o-italiano-frei-massimo-fusarelli-e-eleito-ministro-geral.html\",\"name\":\"O italiano Frei Massimo Fusarelli \u00e9 eleito Ministro Geral - Not\u00edcias - Franciscanos\",\"isPartOf\":{\"@id\":\"https:\/\/franciscanos.org.br\/noticias\/#website\"},\"primaryImageOfPage\":{\"@id\":\"https:\/\/franciscanos.org.br\/noticias\/o-italiano-frei-massimo-fusarelli-e-eleito-ministro-geral.html#primaryimage\"},\"datePublished\":\"2021-07-13T09:30:53+00:00\",\"dateModified\":\"2021-07-13T19:20:13+00:00\",\"author\":{\"@id\":\"https:\/\/franciscanos.org.br\/noticias\/#\/schema\/person\/b5c8cba458c330ccff548b056e95a5d4\"},\"breadcrumb\":{\"@id\":\"https:\/\/franciscanos.org.br\/noticias\/o-italiano-frei-massimo-fusarelli-e-eleito-ministro-geral.html#breadcrumb\"},\"inLanguage\":\"pt-BR\",\"potentialAction\":[{\"@type\":\"ReadAction\",\"target\":[\"https:\/\/franciscanos.org.br\/noticias\/o-italiano-frei-massimo-fusarelli-e-eleito-ministro-geral.html\"]}]},{\"@type\":\"BreadcrumbList\",\"@id\":\"https:\/\/franciscanos.org.br\/noticias\/o-italiano-frei-massimo-fusarelli-e-eleito-ministro-geral.html#breadcrumb\",\"itemListElement\":[{\"@type\":\"ListItem\",\"position\":1,\"name\":\"Home\",\"item\":\"https:\/\/franciscanos.org.br\/noticias\"},{\"@type\":\"ListItem\",\"position\":2,\"name\":\"O italiano Frei Massimo Fusarelli \u00e9 eleito Ministro Geral\"}]},{\"@type\":\"Person\",\"@id\":\"https:\/\/franciscanos.org.br\/noticias\/#\/schema\/person\/b5c8cba458c330ccff548b056e95a5d4\",\"name\":\"moacir\",\"image\":{\"@type\":\"ImageObject\",\"inLanguage\":\"pt-BR\",\"@id\":\"https:\/\/franciscanos.org.br\/noticias\/#\/schema\/person\/image\/\",\"url\":\"https:\/\/secure.gravatar.com\/avatar\/d08aa2ce4c8dd416d4479aa8536fcf64?s=96&d=mm&r=g\",\"contentUrl\":\"https:\/\/secure.gravatar.com\/avatar\/d08aa2ce4c8dd416d4479aa8536fcf64?s=96&d=mm&r=g\",\"caption\":\"moacir\"},\"url\":\"https:\/\/franciscanos.org.br\/noticias\/author\/moacir\"}]}<\/script>\n<!-- \/ Yoast SEO plugin. -->","yoast_head_json":{"title":"O italiano Frei Massimo Fusarelli \u00e9 eleito Ministro Geral - Not\u00edcias - Franciscanos","robots":{"index":"index","follow":"follow","max-snippet":"max-snippet:-1","max-image-preview":"max-image-preview:large","max-video-preview":"max-video-preview:-1"},"canonical":"https:\/\/franciscanos.org.br\/noticias\/o-italiano-frei-massimo-fusarelli-e-eleito-ministro-geral.html","og_locale":"pt_BR","og_type":"article","og_title":"O italiano Frei Massimo Fusarelli \u00e9 eleito Ministro Geral - Not\u00edcias - Franciscanos","og_description":"11\u00ba Dia do Cap\u00edtulo Geral","og_url":"https:\/\/franciscanos.org.br\/noticias\/o-italiano-frei-massimo-fusarelli-e-eleito-ministro-geral.html","og_site_name":"Not\u00edcias - Franciscanos","article_published_time":"2021-07-13T09:30:53+00:00","article_modified_time":"2021-07-13T19:20:13+00:00","og_image":[{"width":800,"height":550,"url":"https:\/\/franciscanos.org.br\/noticias\/wp-content\/uploads\/2021\/07\/massimo_01d.jpg","type":"image\/jpeg"}],"author":"moacir","twitter_card":"summary_large_image","twitter_misc":{"Escrito por":"moacir","Est. tempo de leitura":"10 minutos"},"schema":{"@context":"https:\/\/schema.org","@graph":[{"@type":"WebSite","@id":"https:\/\/franciscanos.org.br\/noticias\/#website","url":"https:\/\/franciscanos.org.br\/noticias\/","name":"Not\u00edcias - Franciscanos","description":"Prov\u00edncia Franciscana da Imaculada Concei\u00e7\u00e3o do Brasil - Ordem dos Frades Menores - OFM","potentialAction":[{"@type":"SearchAction","target":{"@type":"EntryPoint","urlTemplate":"https:\/\/franciscanos.org.br\/noticias\/?s={search_term_string}"},"query-input":"required name=search_term_string"}],"inLanguage":"pt-BR"},{"@type":"ImageObject","inLanguage":"pt-BR","@id":"https:\/\/franciscanos.org.br\/noticias\/o-italiano-frei-massimo-fusarelli-e-eleito-ministro-geral.html#primaryimage","url":"https:\/\/franciscanos.org.br\/noticias\/wp-content\/uploads\/2021\/07\/massimo_01d.jpg","contentUrl":"https:\/\/franciscanos.org.br\/noticias\/wp-content\/uploads\/2021\/07\/massimo_01d.jpg","width":800,"height":550},{"@type":"WebPage","@id":"https:\/\/franciscanos.org.br\/noticias\/o-italiano-frei-massimo-fusarelli-e-eleito-ministro-geral.html#webpage","url":"https:\/\/franciscanos.org.br\/noticias\/o-italiano-frei-massimo-fusarelli-e-eleito-ministro-geral.html","name":"O italiano Frei Massimo Fusarelli \u00e9 eleito Ministro Geral - Not\u00edcias - Franciscanos","isPartOf":{"@id":"https:\/\/franciscanos.org.br\/noticias\/#website"},"primaryImageOfPage":{"@id":"https:\/\/franciscanos.org.br\/noticias\/o-italiano-frei-massimo-fusarelli-e-eleito-ministro-geral.html#primaryimage"},"datePublished":"2021-07-13T09:30:53+00:00","dateModified":"2021-07-13T19:20:13+00:00","author":{"@id":"https:\/\/franciscanos.org.br\/noticias\/#\/schema\/person\/b5c8cba458c330ccff548b056e95a5d4"},"breadcrumb":{"@id":"https:\/\/franciscanos.org.br\/noticias\/o-italiano-frei-massimo-fusarelli-e-eleito-ministro-geral.html#breadcrumb"},"inLanguage":"pt-BR","potentialAction":[{"@type":"ReadAction","target":["https:\/\/franciscanos.org.br\/noticias\/o-italiano-frei-massimo-fusarelli-e-eleito-ministro-geral.html"]}]},{"@type":"BreadcrumbList","@id":"https:\/\/franciscanos.org.br\/noticias\/o-italiano-frei-massimo-fusarelli-e-eleito-ministro-geral.html#breadcrumb","itemListElement":[{"@type":"ListItem","position":1,"name":"Home","item":"https:\/\/franciscanos.org.br\/noticias"},{"@type":"ListItem","position":2,"name":"O italiano Frei Massimo Fusarelli \u00e9 eleito Ministro Geral"}]},{"@type":"Person","@id":"https:\/\/franciscanos.org.br\/noticias\/#\/schema\/person\/b5c8cba458c330ccff548b056e95a5d4","name":"moacir","image":{"@type":"ImageObject","inLanguage":"pt-BR","@id":"https:\/\/franciscanos.org.br\/noticias\/#\/schema\/person\/image\/","url":"https:\/\/secure.gravatar.com\/avatar\/d08aa2ce4c8dd416d4479aa8536fcf64?s=96&d=mm&r=g","contentUrl":"https:\/\/secure.gravatar.com\/avatar\/d08aa2ce4c8dd416d4479aa8536fcf64?s=96&d=mm&r=g","caption":"moacir"},"url":"https:\/\/franciscanos.org.br\/noticias\/author\/moacir"}]}},"_links":{"self":[{"href":"https:\/\/franciscanos.org.br\/noticias\/wp-json\/wp\/v2\/posts\/233059"}],"collection":[{"href":"https:\/\/franciscanos.org.br\/noticias\/wp-json\/wp\/v2\/posts"}],"about":[{"href":"https:\/\/franciscanos.org.br\/noticias\/wp-json\/wp\/v2\/types\/post"}],"author":[{"embeddable":true,"href":"https:\/\/franciscanos.org.br\/noticias\/wp-json\/wp\/v2\/users\/3"}],"replies":[{"embeddable":true,"href":"https:\/\/franciscanos.org.br\/noticias\/wp-json\/wp\/v2\/comments?post=233059"}],"version-history":[{"count":13,"href":"https:\/\/franciscanos.org.br\/noticias\/wp-json\/wp\/v2\/posts\/233059\/revisions"}],"predecessor-version":[{"id":233076,"href":"https:\/\/franciscanos.org.br\/noticias\/wp-json\/wp\/v2\/posts\/233059\/revisions\/233076"}],"wp:featuredmedia":[{"embeddable":true,"href":"https:\/\/franciscanos.org.br\/noticias\/wp-json\/wp\/v2\/media\/233061"}],"wp:attachment":[{"href":"https:\/\/franciscanos.org.br\/noticias\/wp-json\/wp\/v2\/media?parent=233059"}],"wp:term":[{"taxonomy":"category","embeddable":true,"href":"https:\/\/franciscanos.org.br\/noticias\/wp-json\/wp\/v2\/categories?post=233059"},{"taxonomy":"post_tag","embeddable":true,"href":"https:\/\/franciscanos.org.br\/noticias\/wp-json\/wp\/v2\/tags?post=233059"}],"curies":[{"name":"wp","href":"https:\/\/api.w.org\/{rel}","templated":true}]}}