{"id":233037,"date":"2021-07-13T00:25:14","date_gmt":"2021-07-13T03:25:14","guid":{"rendered":"https:\/\/franciscanos.org.br\/noticias\/?p=233037"},"modified":"2021-07-13T08:05:14","modified_gmt":"2021-07-13T11:05:14","slug":"boletimterca","status":"publish","type":"post","link":"https:\/\/franciscanos.org.br\/noticias\/boletimterca.html","title":{"rendered":"Papa continua internado para a reabilita\u00e7\u00e3o. Durante a doen\u00e7a, abrir-se com ternura ao irm\u00e3o."},"content":{"rendered":"<div id=\"attachment_233072\" style=\"width: 1290px\" class=\"wp-caption alignnone\"><img aria-describedby=\"caption-attachment-233072\" loading=\"lazy\" class=\"wp-image-233072 size-full\" src=\"https:\/\/franciscanos.org.br\/noticias\/wp-content\/uploads\/2021\/07\/papa_13.jpg\" alt=\"\" width=\"1280\" height=\"720\" srcset=\"https:\/\/franciscanos.org.br\/noticias\/wp-content\/uploads\/2021\/07\/papa_13.jpg 1280w, https:\/\/franciscanos.org.br\/noticias\/wp-content\/uploads\/2021\/07\/papa_13-450x253.jpg 450w, https:\/\/franciscanos.org.br\/noticias\/wp-content\/uploads\/2021\/07\/papa_13-1024x576.jpg 1024w, https:\/\/franciscanos.org.br\/noticias\/wp-content\/uploads\/2021\/07\/papa_13-768x432.jpg 768w, https:\/\/franciscanos.org.br\/noticias\/wp-content\/uploads\/2021\/07\/papa_13-150x84.jpg 150w\" sizes=\"(max-width: 1280px) 100vw, 1280px\" \/><p id=\"caption-attachment-233072\" class=\"wp-caption-text\"><em> \u00a0 \u00a0 \u00a0 \u00a0 \u00a0 \u00a0 \u00a0 \u00a0 \u00a0 \u00a0 Imagem: Vatican Media<\/em><\/p><\/div>\n<p>O Santo Padre continua os tratamentos previstos e a reabilita\u00e7\u00e3o, que lhe permitir\u00e1 o quando antes o retorno ao Vaticano. \u00c9 o que afirma o comunicado do diretor da Sala de Imprensa da Santa S\u00e9, Matteo Bruni, nesta ter\u00e7a-feira, 13 de julho.<\/p>\n<p>Entre os doentes que encontrou nestes dias, afirma Bruni, o Papa \u201cdirige um pensamento especial \u00e0queles que, acamados, n\u00e3o podem voltar para casa: que possam viver este per\u00edodo como uma oportunidade, mesmo se vivida na dor, para abrir-se com ternura ao irm\u00e3o e \u00e0 irm\u00e3 enfermo no leito ao lado, com o qual se compartilha a mesma humana fragilidade\u201d.<\/p>\n<p><strong>BOLETIM DE SEGUNDA &#8211; 12\/7<\/strong><\/p>\n<div id=\"attachment_233038\" style=\"width: 1290px\" class=\"wp-caption alignnone\"><img aria-describedby=\"caption-attachment-233038\" loading=\"lazy\" class=\"wp-image-233038 size-full\" src=\"https:\/\/franciscanos.org.br\/noticias\/wp-content\/uploads\/2021\/07\/papa_12.jpg\" alt=\"\" width=\"1280\" height=\"720\" srcset=\"https:\/\/franciscanos.org.br\/noticias\/wp-content\/uploads\/2021\/07\/papa_12.jpg 1280w, https:\/\/franciscanos.org.br\/noticias\/wp-content\/uploads\/2021\/07\/papa_12-450x253.jpg 450w, https:\/\/franciscanos.org.br\/noticias\/wp-content\/uploads\/2021\/07\/papa_12-1024x576.jpg 1024w, https:\/\/franciscanos.org.br\/noticias\/wp-content\/uploads\/2021\/07\/papa_12-768x432.jpg 768w, https:\/\/franciscanos.org.br\/noticias\/wp-content\/uploads\/2021\/07\/papa_12-150x84.jpg 150w\" sizes=\"(max-width: 1280px) 100vw, 1280px\" \/><p id=\"caption-attachment-233038\" class=\"wp-caption-text\"><em> No corredor do hospital, Papa entrega ter\u00e7o a uma idosa &#8211; Imagem: Vatican Media<\/em><\/p><\/div>\n<p>&#8220;O Papa Francisco transcorreu um dia tranquilo e completou o per\u00edodo p\u00f3s-operat\u00f3rio cir\u00fargico. Para otimizar ao m\u00e1ximo a terapia m\u00e9dica e reabilitativa, o Santo Padre permanecer\u00e1 internado ainda por alguns dias.&#8221; \u00c9 o que informa o diretor da Sala de Imprensa da Santa S\u00e9, Matteo Bruni, no comunicado desta segunda-feira (12\/07).<\/p>\n<p>No dia de ontem, afirma Bruni, antes de rezar o Angelus, desejou encontrar alguns pequenos pacientes da unidade vizinha de Oncologia com os seus respectivos familiares que, sucessivamente, o acompanharam no balc\u00e3o do d\u00e9cimo andar por ocasi\u00e3o da ora\u00e7\u00e3o mariana.<\/p>\n<p>Ao final, saudou as pessoas internadas no seu mesmo andar, entretendo-se brevemente com os m\u00e9dicos e enfermeiros.<\/p>\n<p>\u00c0 tarde, celebrou a Santa Missa na capela particular com quem o assiste cotidianamente.<\/p>\n<p>Ao compartilhar a alegria pela vit\u00f3ria das sele\u00e7\u00f5es argentina e italiana com as pessoas a ele pr\u00f3ximas, concluiu-se o comunicado, &#8220;Sua Santidade se deteve sobre o significado do esporte e dos seus valores, e sobre a capacidade esportiva de saber aceitar qualquer resultado, mesmo a derrota: \u201cSomente assim, diante das dificuldades da vida, \u00e9 poss\u00edvel colocar-se em jogo, lutando sem desistir, com esperan\u00e7a e confian\u00e7a\u201d.<\/p>\n<hr \/>\n<p><em>Fonte: Vatican News<\/em><\/p>\n","protected":false},"excerpt":{"rendered":"<p>Papa Francisco<\/p>\n","protected":false},"author":3,"featured_media":233073,"comment_status":"open","ping_status":"open","sticky":false,"template":"","format":"standard","meta":[],"categories":[1428],"tags":[55],"acf":[],"yoast_head":"<!-- This site is optimized with the Yoast SEO plugin v19.2 - https:\/\/yoast.com\/wordpress\/plugins\/seo\/ -->\n<title>Papa continua internado para a reabilita\u00e7\u00e3o. Durante a doen\u00e7a, abrir-se com ternura ao irm\u00e3o. - Not\u00edcias - Franciscanos<\/title>\n<meta name=\"robots\" content=\"index, follow, max-snippet:-1, max-image-preview:large, max-video-preview:-1\" \/>\n<link rel=\"canonical\" href=\"https:\/\/franciscanos.org.br\/noticias\/boletimterca.html\" \/>\n<meta property=\"og:locale\" content=\"pt_BR\" \/>\n<meta property=\"og:type\" content=\"article\" \/>\n<meta property=\"og:title\" content=\"Papa continua internado para a reabilita\u00e7\u00e3o. Durante a doen\u00e7a, abrir-se com ternura ao irm\u00e3o. - Not\u00edcias - Franciscanos\" \/>\n<meta property=\"og:description\" content=\"Papa Francisco\" \/>\n<meta property=\"og:url\" content=\"https:\/\/franciscanos.org.br\/noticias\/boletimterca.html\" \/>\n<meta property=\"og:site_name\" content=\"Not\u00edcias - Franciscanos\" \/>\n<meta property=\"article:published_time\" content=\"2021-07-13T03:25:14+00:00\" \/>\n<meta property=\"article:modified_time\" content=\"2021-07-13T11:05:14+00:00\" \/>\n<meta property=\"og:image\" content=\"https:\/\/franciscanos.org.br\/noticias\/wp-content\/uploads\/2021\/07\/papa_13d.jpg\" \/>\n\t<meta property=\"og:image:width\" content=\"800\" \/>\n\t<meta property=\"og:image:height\" content=\"550\" \/>\n\t<meta property=\"og:image:type\" content=\"image\/jpeg\" \/>\n<meta name=\"author\" content=\"moacir\" \/>\n<meta name=\"twitter:card\" content=\"summary_large_image\" \/>\n<meta name=\"twitter:label1\" content=\"Escrito por\" \/>\n\t<meta name=\"twitter:data1\" content=\"moacir\" \/>\n\t<meta name=\"twitter:label2\" content=\"Est. tempo de leitura\" \/>\n\t<meta name=\"twitter:data2\" content=\"2 minutos\" \/>\n<script type=\"application\/ld+json\" class=\"yoast-schema-graph\">{\"@context\":\"https:\/\/schema.org\",\"@graph\":[{\"@type\":\"WebSite\",\"@id\":\"https:\/\/franciscanos.org.br\/noticias\/#website\",\"url\":\"https:\/\/franciscanos.org.br\/noticias\/\",\"name\":\"Not\u00edcias - Franciscanos\",\"description\":\"Prov\u00edncia Franciscana da Imaculada Concei\u00e7\u00e3o do Brasil - Ordem dos Frades Menores - OFM\",\"potentialAction\":[{\"@type\":\"SearchAction\",\"target\":{\"@type\":\"EntryPoint\",\"urlTemplate\":\"https:\/\/franciscanos.org.br\/noticias\/?s={search_term_string}\"},\"query-input\":\"required name=search_term_string\"}],\"inLanguage\":\"pt-BR\"},{\"@type\":\"ImageObject\",\"inLanguage\":\"pt-BR\",\"@id\":\"https:\/\/franciscanos.org.br\/noticias\/boletimterca.html#primaryimage\",\"url\":\"https:\/\/franciscanos.org.br\/noticias\/wp-content\/uploads\/2021\/07\/papa_13d.jpg\",\"contentUrl\":\"https:\/\/franciscanos.org.br\/noticias\/wp-content\/uploads\/2021\/07\/papa_13d.jpg\",\"width\":800,\"height\":550},{\"@type\":\"WebPage\",\"@id\":\"https:\/\/franciscanos.org.br\/noticias\/boletimterca.html#webpage\",\"url\":\"https:\/\/franciscanos.org.br\/noticias\/boletimterca.html\",\"name\":\"Papa continua internado para a reabilita\u00e7\u00e3o. Durante a doen\u00e7a, abrir-se com ternura ao irm\u00e3o. - Not\u00edcias - Franciscanos\",\"isPartOf\":{\"@id\":\"https:\/\/franciscanos.org.br\/noticias\/#website\"},\"primaryImageOfPage\":{\"@id\":\"https:\/\/franciscanos.org.br\/noticias\/boletimterca.html#primaryimage\"},\"datePublished\":\"2021-07-13T03:25:14+00:00\",\"dateModified\":\"2021-07-13T11:05:14+00:00\",\"author\":{\"@id\":\"https:\/\/franciscanos.org.br\/noticias\/#\/schema\/person\/b5c8cba458c330ccff548b056e95a5d4\"},\"breadcrumb\":{\"@id\":\"https:\/\/franciscanos.org.br\/noticias\/boletimterca.html#breadcrumb\"},\"inLanguage\":\"pt-BR\",\"potentialAction\":[{\"@type\":\"ReadAction\",\"target\":[\"https:\/\/franciscanos.org.br\/noticias\/boletimterca.html\"]}]},{\"@type\":\"BreadcrumbList\",\"@id\":\"https:\/\/franciscanos.org.br\/noticias\/boletimterca.html#breadcrumb\",\"itemListElement\":[{\"@type\":\"ListItem\",\"position\":1,\"name\":\"Home\",\"item\":\"https:\/\/franciscanos.org.br\/noticias\"},{\"@type\":\"ListItem\",\"position\":2,\"name\":\"Papa continua internado para a reabilita\u00e7\u00e3o. Durante a doen\u00e7a, abrir-se com ternura ao irm\u00e3o.\"}]},{\"@type\":\"Person\",\"@id\":\"https:\/\/franciscanos.org.br\/noticias\/#\/schema\/person\/b5c8cba458c330ccff548b056e95a5d4\",\"name\":\"moacir\",\"image\":{\"@type\":\"ImageObject\",\"inLanguage\":\"pt-BR\",\"@id\":\"https:\/\/franciscanos.org.br\/noticias\/#\/schema\/person\/image\/\",\"url\":\"https:\/\/secure.gravatar.com\/avatar\/d08aa2ce4c8dd416d4479aa8536fcf64?s=96&d=mm&r=g\",\"contentUrl\":\"https:\/\/secure.gravatar.com\/avatar\/d08aa2ce4c8dd416d4479aa8536fcf64?s=96&d=mm&r=g\",\"caption\":\"moacir\"},\"url\":\"https:\/\/franciscanos.org.br\/noticias\/author\/moacir\"}]}<\/script>\n<!-- \/ Yoast SEO plugin. -->","yoast_head_json":{"title":"Papa continua internado para a reabilita\u00e7\u00e3o. Durante a doen\u00e7a, abrir-se com ternura ao irm\u00e3o. - Not\u00edcias - Franciscanos","robots":{"index":"index","follow":"follow","max-snippet":"max-snippet:-1","max-image-preview":"max-image-preview:large","max-video-preview":"max-video-preview:-1"},"canonical":"https:\/\/franciscanos.org.br\/noticias\/boletimterca.html","og_locale":"pt_BR","og_type":"article","og_title":"Papa continua internado para a reabilita\u00e7\u00e3o. Durante a doen\u00e7a, abrir-se com ternura ao irm\u00e3o. - Not\u00edcias - Franciscanos","og_description":"Papa Francisco","og_url":"https:\/\/franciscanos.org.br\/noticias\/boletimterca.html","og_site_name":"Not\u00edcias - Franciscanos","article_published_time":"2021-07-13T03:25:14+00:00","article_modified_time":"2021-07-13T11:05:14+00:00","og_image":[{"width":800,"height":550,"url":"https:\/\/franciscanos.org.br\/noticias\/wp-content\/uploads\/2021\/07\/papa_13d.jpg","type":"image\/jpeg"}],"author":"moacir","twitter_card":"summary_large_image","twitter_misc":{"Escrito por":"moacir","Est. tempo de leitura":"2 minutos"},"schema":{"@context":"https:\/\/schema.org","@graph":[{"@type":"WebSite","@id":"https:\/\/franciscanos.org.br\/noticias\/#website","url":"https:\/\/franciscanos.org.br\/noticias\/","name":"Not\u00edcias - Franciscanos","description":"Prov\u00edncia Franciscana da Imaculada Concei\u00e7\u00e3o do Brasil - Ordem dos Frades Menores - OFM","potentialAction":[{"@type":"SearchAction","target":{"@type":"EntryPoint","urlTemplate":"https:\/\/franciscanos.org.br\/noticias\/?s={search_term_string}"},"query-input":"required name=search_term_string"}],"inLanguage":"pt-BR"},{"@type":"ImageObject","inLanguage":"pt-BR","@id":"https:\/\/franciscanos.org.br\/noticias\/boletimterca.html#primaryimage","url":"https:\/\/franciscanos.org.br\/noticias\/wp-content\/uploads\/2021\/07\/papa_13d.jpg","contentUrl":"https:\/\/franciscanos.org.br\/noticias\/wp-content\/uploads\/2021\/07\/papa_13d.jpg","width":800,"height":550},{"@type":"WebPage","@id":"https:\/\/franciscanos.org.br\/noticias\/boletimterca.html#webpage","url":"https:\/\/franciscanos.org.br\/noticias\/boletimterca.html","name":"Papa continua internado para a reabilita\u00e7\u00e3o. Durante a doen\u00e7a, abrir-se com ternura ao irm\u00e3o. - Not\u00edcias - Franciscanos","isPartOf":{"@id":"https:\/\/franciscanos.org.br\/noticias\/#website"},"primaryImageOfPage":{"@id":"https:\/\/franciscanos.org.br\/noticias\/boletimterca.html#primaryimage"},"datePublished":"2021-07-13T03:25:14+00:00","dateModified":"2021-07-13T11:05:14+00:00","author":{"@id":"https:\/\/franciscanos.org.br\/noticias\/#\/schema\/person\/b5c8cba458c330ccff548b056e95a5d4"},"breadcrumb":{"@id":"https:\/\/franciscanos.org.br\/noticias\/boletimterca.html#breadcrumb"},"inLanguage":"pt-BR","potentialAction":[{"@type":"ReadAction","target":["https:\/\/franciscanos.org.br\/noticias\/boletimterca.html"]}]},{"@type":"BreadcrumbList","@id":"https:\/\/franciscanos.org.br\/noticias\/boletimterca.html#breadcrumb","itemListElement":[{"@type":"ListItem","position":1,"name":"Home","item":"https:\/\/franciscanos.org.br\/noticias"},{"@type":"ListItem","position":2,"name":"Papa continua internado para a reabilita\u00e7\u00e3o. Durante a doen\u00e7a, abrir-se com ternura ao irm\u00e3o."}]},{"@type":"Person","@id":"https:\/\/franciscanos.org.br\/noticias\/#\/schema\/person\/b5c8cba458c330ccff548b056e95a5d4","name":"moacir","image":{"@type":"ImageObject","inLanguage":"pt-BR","@id":"https:\/\/franciscanos.org.br\/noticias\/#\/schema\/person\/image\/","url":"https:\/\/secure.gravatar.com\/avatar\/d08aa2ce4c8dd416d4479aa8536fcf64?s=96&d=mm&r=g","contentUrl":"https:\/\/secure.gravatar.com\/avatar\/d08aa2ce4c8dd416d4479aa8536fcf64?s=96&d=mm&r=g","caption":"moacir"},"url":"https:\/\/franciscanos.org.br\/noticias\/author\/moacir"}]}},"_links":{"self":[{"href":"https:\/\/franciscanos.org.br\/noticias\/wp-json\/wp\/v2\/posts\/233037"}],"collection":[{"href":"https:\/\/franciscanos.org.br\/noticias\/wp-json\/wp\/v2\/posts"}],"about":[{"href":"https:\/\/franciscanos.org.br\/noticias\/wp-json\/wp\/v2\/types\/post"}],"author":[{"embeddable":true,"href":"https:\/\/franciscanos.org.br\/noticias\/wp-json\/wp\/v2\/users\/3"}],"replies":[{"embeddable":true,"href":"https:\/\/franciscanos.org.br\/noticias\/wp-json\/wp\/v2\/comments?post=233037"}],"version-history":[{"count":5,"href":"https:\/\/franciscanos.org.br\/noticias\/wp-json\/wp\/v2\/posts\/233037\/revisions"}],"predecessor-version":[{"id":233075,"href":"https:\/\/franciscanos.org.br\/noticias\/wp-json\/wp\/v2\/posts\/233037\/revisions\/233075"}],"wp:featuredmedia":[{"embeddable":true,"href":"https:\/\/franciscanos.org.br\/noticias\/wp-json\/wp\/v2\/media\/233073"}],"wp:attachment":[{"href":"https:\/\/franciscanos.org.br\/noticias\/wp-json\/wp\/v2\/media?parent=233037"}],"wp:term":[{"taxonomy":"category","embeddable":true,"href":"https:\/\/franciscanos.org.br\/noticias\/wp-json\/wp\/v2\/categories?post=233037"},{"taxonomy":"post_tag","embeddable":true,"href":"https:\/\/franciscanos.org.br\/noticias\/wp-json\/wp\/v2\/tags?post=233037"}],"curies":[{"name":"wp","href":"https:\/\/api.w.org\/{rel}","templated":true}]}}