{"id":233026,"date":"2021-07-12T05:55:00","date_gmt":"2021-07-12T08:55:00","guid":{"rendered":"https:\/\/franciscanos.org.br\/noticias\/?p=233026"},"modified":"2021-07-12T05:57:09","modified_gmt":"2021-07-12T08:57:09","slug":"paroquia-sao-francisco-de-assis-celebra-15-anos","status":"publish","type":"post","link":"https:\/\/franciscanos.org.br\/noticias\/paroquia-sao-francisco-de-assis-celebra-15-anos.html","title":{"rendered":"Par\u00f3quia S\u00e3o Francisco de Assis celebra 15 anos"},"content":{"rendered":"<p><img loading=\"lazy\" class=\"alignnone wp-image-233028 size-full\" src=\"https:\/\/franciscanos.org.br\/noticias\/wp-content\/uploads\/2021\/07\/celebraduque_01.jpg\" alt=\"\" width=\"1280\" height=\"720\" srcset=\"https:\/\/franciscanos.org.br\/noticias\/wp-content\/uploads\/2021\/07\/celebraduque_01.jpg 1280w, https:\/\/franciscanos.org.br\/noticias\/wp-content\/uploads\/2021\/07\/celebraduque_01-450x253.jpg 450w, https:\/\/franciscanos.org.br\/noticias\/wp-content\/uploads\/2021\/07\/celebraduque_01-1024x576.jpg 1024w, https:\/\/franciscanos.org.br\/noticias\/wp-content\/uploads\/2021\/07\/celebraduque_01-768x432.jpg 768w, https:\/\/franciscanos.org.br\/noticias\/wp-content\/uploads\/2021\/07\/celebraduque_01-150x84.jpg 150w\" sizes=\"(max-width: 1280px) 100vw, 1280px\" \/><\/p>\n<p>A Par\u00f3quia S\u00e3o Francisco de Assis em Campos El\u00edseos (Duque de Caxias), celebrou neste domingo (11\/07) seus 15 anos de funda\u00e7\u00e3o. A Par\u00f3quia \u00e9 fruto da ent\u00e3o vizinha, Par\u00f3quia Nossa Senhora do Pilar.<\/p>\n<p>Em comemora\u00e7\u00e3o a essa data t\u00e3o especial, as comunidades da jovem Par\u00f3quia S\u00e3o Francisco tiveram duas celebra\u00e7\u00f5es transmitidas pelo Facebook, \u00e0s 10h, na Comunidade Sant&#8217;Ana, no Jardim Primavera, e \u00e0s 19h, na Comunidade Nossa Senhora do Ros\u00e1rio, em Saracuruna, presididas pelo Frei Cl\u00e1udio Broca.<\/p>\n<p><img loading=\"lazy\" class=\"alignnone wp-image-233030 size-full\" src=\"https:\/\/franciscanos.org.br\/noticias\/wp-content\/uploads\/2021\/07\/celebraduque_03.jpg\" alt=\"\" width=\"1280\" height=\"720\" srcset=\"https:\/\/franciscanos.org.br\/noticias\/wp-content\/uploads\/2021\/07\/celebraduque_03.jpg 1280w, https:\/\/franciscanos.org.br\/noticias\/wp-content\/uploads\/2021\/07\/celebraduque_03-450x253.jpg 450w, https:\/\/franciscanos.org.br\/noticias\/wp-content\/uploads\/2021\/07\/celebraduque_03-1024x576.jpg 1024w, https:\/\/franciscanos.org.br\/noticias\/wp-content\/uploads\/2021\/07\/celebraduque_03-768x432.jpg 768w, https:\/\/franciscanos.org.br\/noticias\/wp-content\/uploads\/2021\/07\/celebraduque_03-150x84.jpg 150w\" sizes=\"(max-width: 1280px) 100vw, 1280px\" \/>Em sua homilia, Frei Cl\u00e1udio falou de como a Par\u00f3quia S\u00e3o Francisco tem sido, durante esses 15 anos, presen\u00e7a de Deus no mundo em que vive. Falou da pandemia que assolou tantos irm\u00e3os paroquianos, de como \u00e9 preciso viver na gra\u00e7a mesmo diante de tantos desafios.&#8221;Nossa miss\u00e3o \u00e9 tornar o mundo imposs\u00edvel poss\u00edvel para todos irm\u00e3os e irm\u00e3s\u201d, disse Frei Cl\u00e1udio.<\/p>\n<p>Ainda relembrou de homens e mulheres que ajudaram a escrever a hist\u00f3ria da Par\u00f3quia, do carisma franciscano que vive a simplicidade, n\u00e3o \u00e9 est\u00e1tico, \u00e9 itinerante, o chamado a miss\u00e3o de evangelizar com fidelidade ao projeto de Deus, denunciando a injusti\u00e7a, n\u00e3o vivendo uma religi\u00e3o intimista e assim muitos mais que 15 anos ser\u00e3o celebrados atrav\u00e9s do comprometimento com a constru\u00e7\u00e3o do Reino de Deus.<\/p>\n<p><img loading=\"lazy\" class=\"alignleft wp-image-233031\" src=\"https:\/\/franciscanos.org.br\/noticias\/wp-content\/uploads\/2021\/07\/celebraduque_05.jpg\" alt=\"\" width=\"312\" height=\"224\" srcset=\"https:\/\/franciscanos.org.br\/noticias\/wp-content\/uploads\/2021\/07\/celebraduque_05.jpg 400w, https:\/\/franciscanos.org.br\/noticias\/wp-content\/uploads\/2021\/07\/celebraduque_05-150x108.jpg 150w\" sizes=\"(max-width: 312px) 100vw, 312px\" \/><img loading=\"lazy\" class=\"alignleft wp-image-233032\" src=\"https:\/\/franciscanos.org.br\/noticias\/wp-content\/uploads\/2021\/07\/celebraduque_06.jpg\" alt=\"\" width=\"326\" height=\"223\" srcset=\"https:\/\/franciscanos.org.br\/noticias\/wp-content\/uploads\/2021\/07\/celebraduque_06.jpg 400w, https:\/\/franciscanos.org.br\/noticias\/wp-content\/uploads\/2021\/07\/celebraduque_06-150x103.jpg 150w, https:\/\/franciscanos.org.br\/noticias\/wp-content\/uploads\/2021\/07\/celebraduque_06-320x220.jpg 320w\" sizes=\"(max-width: 326px) 100vw, 326px\" \/>Por volta dos anos de 2001 e 2003 j\u00e1 se pensava sobre a cria\u00e7\u00e3o de uma nova Par\u00f3quia. Uma grande motiva\u00e7\u00e3o para a cria\u00e7\u00e3o da Par\u00f3quia foi o fato da extensa \u00e1rea territorial que a Par\u00f3quia Nossa Senhora do Pilar abrangia, com 33 comunidades e separadas por uma rodovia Federal, a BR 040.<\/p>\n<p>Al\u00e9m disso, houve um grande crescimento populacional que dificultava muito a articula\u00e7\u00e3o entre as comunidades, o bom desenvolvimento dos servi\u00e7os pastorais e a popula\u00e7\u00e3o ser melhor atendida em suas necessidades espirituais.<\/p>\n<p>Dom Mauro Morelli, nosso primeiro bispo da Diocese de Duque de Caxias, j\u00e1 falava na cria\u00e7\u00e3o de uma outra Par\u00f3quia, cujo padroeiro seria S\u00e3o Francisco de Assis, como forma de homenagear a presen\u00e7a franciscana, j\u00e1 bem antes de Duque de Caxias se tornar Diocese, uma presen\u00e7a quase centen\u00e1ria. E assim, o nome foi escolhido tamb\u00e9m pela admira\u00e7\u00e3o do carisma de S\u00e3o Francisco de Assis.<\/p>\n<p>Aos 11 de julho de 2006, na Comunidade de Sant&#8217;Ana, em Jardim Primavera (Duque de Caxias), \u00e0s 19 horas, em Celebra\u00e7\u00e3o Eucar\u00edstica presidida pelo ent\u00e3o Bispo Diocesano, Dom Jos\u00e9 Francisco Rezende Dias, deu-se a ere\u00e7\u00e3o Can\u00f4nica da Par\u00f3quia S\u00e3o Francisco de Assis e a posse de seu primeiro p\u00e1roco, Frei Jorge Luiz Maoski, e do vig\u00e1rio paroquial, Frei Valdemiro Wastchuck.<\/p>\n<p><img loading=\"lazy\" class=\"alignnone wp-image-233027 size-full\" src=\"https:\/\/franciscanos.org.br\/noticias\/wp-content\/uploads\/2021\/07\/celebraduque_04.jpg\" alt=\"\" width=\"1280\" height=\"960\" srcset=\"https:\/\/franciscanos.org.br\/noticias\/wp-content\/uploads\/2021\/07\/celebraduque_04.jpg 1280w, https:\/\/franciscanos.org.br\/noticias\/wp-content\/uploads\/2021\/07\/celebraduque_04-450x338.jpg 450w, https:\/\/franciscanos.org.br\/noticias\/wp-content\/uploads\/2021\/07\/celebraduque_04-1024x768.jpg 1024w, https:\/\/franciscanos.org.br\/noticias\/wp-content\/uploads\/2021\/07\/celebraduque_04-768x576.jpg 768w, https:\/\/franciscanos.org.br\/noticias\/wp-content\/uploads\/2021\/07\/celebraduque_04-150x113.jpg 150w, https:\/\/franciscanos.org.br\/noticias\/wp-content\/uploads\/2021\/07\/celebraduque_04-600x450.jpg 600w\" sizes=\"(max-width: 1280px) 100vw, 1280px\" \/><\/p>\n<p>Hist\u00f3ria<\/p>\n<p>A Par\u00f3quia de S\u00e3o Francisco de Assis foi criada na \u00c1rea do Campos El\u00edseos, em Duque de Caxias, na Baixada Fluminense. Os frades franciscanos da Prov\u00edncia da Imaculada Concei\u00e7\u00e3o deixam de responder pela \u00e1rea do Pilar, onde estava a Par\u00f3quia de Nossa Senhora do Pilar.<\/p>\n<p>A hist\u00f3ria da presen\u00e7a franciscana no Pilar e em Campos El\u00edseos come\u00e7ou h\u00e1 exatamente 28 anos, quando os franciscanos deixaram a Matriz de Santo Ant\u00f4nio no dia 7 de julho de 1985, durante Missa solene celebrada por D. Mauro Morelli e posse da nova equipe de padres diocesanos na Catedral.<\/p>\n<p>Quando a S\u00e9 de Roma decidiu fundar a nova Diocese de Duque de Caxias e S\u00e3o Jo\u00e3o de Meriti, enviou para Duque de Caxias o ent\u00e3o N\u00fancio Apost\u00f3lico, Dr. Carmine Rocco, para que o mesmo sondasse uma igreja j\u00e1 existente, ou ent\u00e3o um lugar condigno que pudesse servir como sede da nova Diocese que seria fundada no dia 11 de outubro de 1980. O N\u00fancio achou que o melhor lugar que condizia com as exig\u00eancias pr\u00e1ticas para a futura funda\u00e7\u00e3o seria a ent\u00e3o Matriz de Santo Ant\u00f4nio, dos franciscanos.<\/p>\n<p>Como aquela igreja pertencia \u00e0 Ordem Franciscana, o N\u00fancio Apost\u00f3lico dirigiu um pedido ao governo da Prov\u00edncia Franciscana da Imaculada Concei\u00e7\u00e3o do Brasil solicitando que, se poss\u00edvel, doasse aquele patrim\u00f4nio para que ali se instalasse a sede episcopal da nova diocese. Imediatamente, os superiores franciscanos aceitaram o pedido de D. Carmine e colocaram a Matriz de Santo Ant\u00f4nio com todas as suas depend\u00eancias e propriedades \u00e0 disposi\u00e7\u00e3o da Santa S\u00e9. Mas o Ministro Provincial Frei Bas\u00edlio Prim condicionou que, t\u00e3o logo fosse escolhido o novo bispo e o patrim\u00f4nio da matriz de Santo Ant\u00f4nio a ele entregue, os franciscanos deixariam a Catedral de Duque de Caxias.<\/p>\n<p><img loading=\"lazy\" class=\"wp-image-233033 size-full aligncenter\" src=\"https:\/\/franciscanos.org.br\/noticias\/wp-content\/uploads\/2021\/07\/celebraduque_02.jpg\" alt=\"\" width=\"1280\" height=\"720\" srcset=\"https:\/\/franciscanos.org.br\/noticias\/wp-content\/uploads\/2021\/07\/celebraduque_02.jpg 1280w, https:\/\/franciscanos.org.br\/noticias\/wp-content\/uploads\/2021\/07\/celebraduque_02-450x253.jpg 450w, https:\/\/franciscanos.org.br\/noticias\/wp-content\/uploads\/2021\/07\/celebraduque_02-1024x576.jpg 1024w, https:\/\/franciscanos.org.br\/noticias\/wp-content\/uploads\/2021\/07\/celebraduque_02-768x432.jpg 768w, https:\/\/franciscanos.org.br\/noticias\/wp-content\/uploads\/2021\/07\/celebraduque_02-150x84.jpg 150w\" sizes=\"(max-width: 1280px) 100vw, 1280px\" \/><\/p>\n<p>Mas ao ser sagrado bispo \u2013 a diocese foi instalada no dia 12 de julho de 1981 \u2013 e ao receber a Matriz de Santo Ant\u00f4nio, D. Mauro Morelli soube da decis\u00e3o da Prov\u00edncia Franciscana de retirar da Par\u00f3quia a equipe de franciscanos que ali servia e, ent\u00e3o, pediu aos superiores da Ordem que, pelo menos, deixassem frades por mais algum tempo, at\u00e9 que ele tomasse pulso da diocese e pudesse pensar em como solucionar e escolher uma equipe de padres diocesanos para assumir aquele trabalho. Estabeleceu-se, ent\u00e3o, um trato: os franciscanos permaneceriam ajudando D. Mauro na Catedral at\u00e9 1985.<\/p>\n<p>Em 85, D. Mauro mais uma vez direcionou um pedido \u00e0 Prov\u00edncia Franciscana para que, embora a Ordem Franciscana deixasse a Catedral, permanecesse com uma equipe a servi\u00e7o da Diocese num lugar \u00e0 escolha da pr\u00f3pria Prov\u00edncia. E foi feita a op\u00e7\u00e3o de que a nova Par\u00f3quia da Ordem Franciscana seria a de Campos El\u00edseos, uma regi\u00e3o pobre e de periferia, muito conforme as linhas pastorais da Prov\u00edncia Franciscana.<\/p>\n<hr \/>\n<p><em>Pascom da Par\u00f3quia S\u00e3o Francisco de Assis<\/em><\/p>\n","protected":false},"excerpt":{"rendered":"<p>Duque de Caxias<\/p>\n","protected":false},"author":3,"featured_media":233029,"comment_status":"open","ping_status":"open","sticky":false,"template":"","format":"standard","meta":[],"categories":[1],"tags":[185,1831],"acf":[],"yoast_head":"<!-- This site is optimized with the Yoast SEO plugin v19.2 - https:\/\/yoast.com\/wordpress\/plugins\/seo\/ -->\n<title>Par\u00f3quia S\u00e3o Francisco de Assis celebra 15 anos - Not\u00edcias - Franciscanos<\/title>\n<meta name=\"robots\" content=\"index, follow, max-snippet:-1, max-image-preview:large, max-video-preview:-1\" \/>\n<link rel=\"canonical\" href=\"https:\/\/franciscanos.org.br\/noticias\/paroquia-sao-francisco-de-assis-celebra-15-anos.html\" \/>\n<meta property=\"og:locale\" content=\"pt_BR\" \/>\n<meta property=\"og:type\" content=\"article\" \/>\n<meta property=\"og:title\" content=\"Par\u00f3quia S\u00e3o Francisco de Assis celebra 15 anos - Not\u00edcias - Franciscanos\" \/>\n<meta property=\"og:description\" content=\"Duque de Caxias\" \/>\n<meta property=\"og:url\" content=\"https:\/\/franciscanos.org.br\/noticias\/paroquia-sao-francisco-de-assis-celebra-15-anos.html\" \/>\n<meta property=\"og:site_name\" content=\"Not\u00edcias - Franciscanos\" \/>\n<meta property=\"article:published_time\" content=\"2021-07-12T08:55:00+00:00\" \/>\n<meta property=\"article:modified_time\" content=\"2021-07-12T08:57:09+00:00\" \/>\n<meta property=\"og:image\" content=\"https:\/\/franciscanos.org.br\/noticias\/wp-content\/uploads\/2021\/07\/celebraduque_01d.jpg\" \/>\n\t<meta property=\"og:image:width\" content=\"800\" \/>\n\t<meta property=\"og:image:height\" content=\"550\" \/>\n\t<meta property=\"og:image:type\" content=\"image\/jpeg\" \/>\n<meta name=\"author\" content=\"moacir\" \/>\n<meta name=\"twitter:card\" content=\"summary_large_image\" \/>\n<meta name=\"twitter:label1\" content=\"Escrito por\" \/>\n\t<meta name=\"twitter:data1\" content=\"moacir\" \/>\n\t<meta name=\"twitter:label2\" content=\"Est. tempo de leitura\" \/>\n\t<meta name=\"twitter:data2\" content=\"5 minutos\" \/>\n<script type=\"application\/ld+json\" class=\"yoast-schema-graph\">{\"@context\":\"https:\/\/schema.org\",\"@graph\":[{\"@type\":\"WebSite\",\"@id\":\"https:\/\/franciscanos.org.br\/noticias\/#website\",\"url\":\"https:\/\/franciscanos.org.br\/noticias\/\",\"name\":\"Not\u00edcias - Franciscanos\",\"description\":\"Prov\u00edncia Franciscana da Imaculada Concei\u00e7\u00e3o do Brasil - Ordem dos Frades Menores - OFM\",\"potentialAction\":[{\"@type\":\"SearchAction\",\"target\":{\"@type\":\"EntryPoint\",\"urlTemplate\":\"https:\/\/franciscanos.org.br\/noticias\/?s={search_term_string}\"},\"query-input\":\"required name=search_term_string\"}],\"inLanguage\":\"pt-BR\"},{\"@type\":\"ImageObject\",\"inLanguage\":\"pt-BR\",\"@id\":\"https:\/\/franciscanos.org.br\/noticias\/paroquia-sao-francisco-de-assis-celebra-15-anos.html#primaryimage\",\"url\":\"https:\/\/franciscanos.org.br\/noticias\/wp-content\/uploads\/2021\/07\/celebraduque_01d.jpg\",\"contentUrl\":\"https:\/\/franciscanos.org.br\/noticias\/wp-content\/uploads\/2021\/07\/celebraduque_01d.jpg\",\"width\":800,\"height\":550},{\"@type\":\"WebPage\",\"@id\":\"https:\/\/franciscanos.org.br\/noticias\/paroquia-sao-francisco-de-assis-celebra-15-anos.html#webpage\",\"url\":\"https:\/\/franciscanos.org.br\/noticias\/paroquia-sao-francisco-de-assis-celebra-15-anos.html\",\"name\":\"Par\u00f3quia S\u00e3o Francisco de Assis celebra 15 anos - Not\u00edcias - Franciscanos\",\"isPartOf\":{\"@id\":\"https:\/\/franciscanos.org.br\/noticias\/#website\"},\"primaryImageOfPage\":{\"@id\":\"https:\/\/franciscanos.org.br\/noticias\/paroquia-sao-francisco-de-assis-celebra-15-anos.html#primaryimage\"},\"datePublished\":\"2021-07-12T08:55:00+00:00\",\"dateModified\":\"2021-07-12T08:57:09+00:00\",\"author\":{\"@id\":\"https:\/\/franciscanos.org.br\/noticias\/#\/schema\/person\/b5c8cba458c330ccff548b056e95a5d4\"},\"breadcrumb\":{\"@id\":\"https:\/\/franciscanos.org.br\/noticias\/paroquia-sao-francisco-de-assis-celebra-15-anos.html#breadcrumb\"},\"inLanguage\":\"pt-BR\",\"potentialAction\":[{\"@type\":\"ReadAction\",\"target\":[\"https:\/\/franciscanos.org.br\/noticias\/paroquia-sao-francisco-de-assis-celebra-15-anos.html\"]}]},{\"@type\":\"BreadcrumbList\",\"@id\":\"https:\/\/franciscanos.org.br\/noticias\/paroquia-sao-francisco-de-assis-celebra-15-anos.html#breadcrumb\",\"itemListElement\":[{\"@type\":\"ListItem\",\"position\":1,\"name\":\"Home\",\"item\":\"https:\/\/franciscanos.org.br\/noticias\"},{\"@type\":\"ListItem\",\"position\":2,\"name\":\"Par\u00f3quia S\u00e3o Francisco de Assis celebra 15 anos\"}]},{\"@type\":\"Person\",\"@id\":\"https:\/\/franciscanos.org.br\/noticias\/#\/schema\/person\/b5c8cba458c330ccff548b056e95a5d4\",\"name\":\"moacir\",\"image\":{\"@type\":\"ImageObject\",\"inLanguage\":\"pt-BR\",\"@id\":\"https:\/\/franciscanos.org.br\/noticias\/#\/schema\/person\/image\/\",\"url\":\"https:\/\/secure.gravatar.com\/avatar\/d08aa2ce4c8dd416d4479aa8536fcf64?s=96&d=mm&r=g\",\"contentUrl\":\"https:\/\/secure.gravatar.com\/avatar\/d08aa2ce4c8dd416d4479aa8536fcf64?s=96&d=mm&r=g\",\"caption\":\"moacir\"},\"url\":\"https:\/\/franciscanos.org.br\/noticias\/author\/moacir\"}]}<\/script>\n<!-- \/ Yoast SEO plugin. -->","yoast_head_json":{"title":"Par\u00f3quia S\u00e3o Francisco de Assis celebra 15 anos - Not\u00edcias - Franciscanos","robots":{"index":"index","follow":"follow","max-snippet":"max-snippet:-1","max-image-preview":"max-image-preview:large","max-video-preview":"max-video-preview:-1"},"canonical":"https:\/\/franciscanos.org.br\/noticias\/paroquia-sao-francisco-de-assis-celebra-15-anos.html","og_locale":"pt_BR","og_type":"article","og_title":"Par\u00f3quia S\u00e3o Francisco de Assis celebra 15 anos - Not\u00edcias - Franciscanos","og_description":"Duque de Caxias","og_url":"https:\/\/franciscanos.org.br\/noticias\/paroquia-sao-francisco-de-assis-celebra-15-anos.html","og_site_name":"Not\u00edcias - Franciscanos","article_published_time":"2021-07-12T08:55:00+00:00","article_modified_time":"2021-07-12T08:57:09+00:00","og_image":[{"width":800,"height":550,"url":"https:\/\/franciscanos.org.br\/noticias\/wp-content\/uploads\/2021\/07\/celebraduque_01d.jpg","type":"image\/jpeg"}],"author":"moacir","twitter_card":"summary_large_image","twitter_misc":{"Escrito por":"moacir","Est. tempo de leitura":"5 minutos"},"schema":{"@context":"https:\/\/schema.org","@graph":[{"@type":"WebSite","@id":"https:\/\/franciscanos.org.br\/noticias\/#website","url":"https:\/\/franciscanos.org.br\/noticias\/","name":"Not\u00edcias - Franciscanos","description":"Prov\u00edncia Franciscana da Imaculada Concei\u00e7\u00e3o do Brasil - Ordem dos Frades Menores - OFM","potentialAction":[{"@type":"SearchAction","target":{"@type":"EntryPoint","urlTemplate":"https:\/\/franciscanos.org.br\/noticias\/?s={search_term_string}"},"query-input":"required name=search_term_string"}],"inLanguage":"pt-BR"},{"@type":"ImageObject","inLanguage":"pt-BR","@id":"https:\/\/franciscanos.org.br\/noticias\/paroquia-sao-francisco-de-assis-celebra-15-anos.html#primaryimage","url":"https:\/\/franciscanos.org.br\/noticias\/wp-content\/uploads\/2021\/07\/celebraduque_01d.jpg","contentUrl":"https:\/\/franciscanos.org.br\/noticias\/wp-content\/uploads\/2021\/07\/celebraduque_01d.jpg","width":800,"height":550},{"@type":"WebPage","@id":"https:\/\/franciscanos.org.br\/noticias\/paroquia-sao-francisco-de-assis-celebra-15-anos.html#webpage","url":"https:\/\/franciscanos.org.br\/noticias\/paroquia-sao-francisco-de-assis-celebra-15-anos.html","name":"Par\u00f3quia S\u00e3o Francisco de Assis celebra 15 anos - Not\u00edcias - Franciscanos","isPartOf":{"@id":"https:\/\/franciscanos.org.br\/noticias\/#website"},"primaryImageOfPage":{"@id":"https:\/\/franciscanos.org.br\/noticias\/paroquia-sao-francisco-de-assis-celebra-15-anos.html#primaryimage"},"datePublished":"2021-07-12T08:55:00+00:00","dateModified":"2021-07-12T08:57:09+00:00","author":{"@id":"https:\/\/franciscanos.org.br\/noticias\/#\/schema\/person\/b5c8cba458c330ccff548b056e95a5d4"},"breadcrumb":{"@id":"https:\/\/franciscanos.org.br\/noticias\/paroquia-sao-francisco-de-assis-celebra-15-anos.html#breadcrumb"},"inLanguage":"pt-BR","potentialAction":[{"@type":"ReadAction","target":["https:\/\/franciscanos.org.br\/noticias\/paroquia-sao-francisco-de-assis-celebra-15-anos.html"]}]},{"@type":"BreadcrumbList","@id":"https:\/\/franciscanos.org.br\/noticias\/paroquia-sao-francisco-de-assis-celebra-15-anos.html#breadcrumb","itemListElement":[{"@type":"ListItem","position":1,"name":"Home","item":"https:\/\/franciscanos.org.br\/noticias"},{"@type":"ListItem","position":2,"name":"Par\u00f3quia S\u00e3o Francisco de Assis celebra 15 anos"}]},{"@type":"Person","@id":"https:\/\/franciscanos.org.br\/noticias\/#\/schema\/person\/b5c8cba458c330ccff548b056e95a5d4","name":"moacir","image":{"@type":"ImageObject","inLanguage":"pt-BR","@id":"https:\/\/franciscanos.org.br\/noticias\/#\/schema\/person\/image\/","url":"https:\/\/secure.gravatar.com\/avatar\/d08aa2ce4c8dd416d4479aa8536fcf64?s=96&d=mm&r=g","contentUrl":"https:\/\/secure.gravatar.com\/avatar\/d08aa2ce4c8dd416d4479aa8536fcf64?s=96&d=mm&r=g","caption":"moacir"},"url":"https:\/\/franciscanos.org.br\/noticias\/author\/moacir"}]}},"_links":{"self":[{"href":"https:\/\/franciscanos.org.br\/noticias\/wp-json\/wp\/v2\/posts\/233026"}],"collection":[{"href":"https:\/\/franciscanos.org.br\/noticias\/wp-json\/wp\/v2\/posts"}],"about":[{"href":"https:\/\/franciscanos.org.br\/noticias\/wp-json\/wp\/v2\/types\/post"}],"author":[{"embeddable":true,"href":"https:\/\/franciscanos.org.br\/noticias\/wp-json\/wp\/v2\/users\/3"}],"replies":[{"embeddable":true,"href":"https:\/\/franciscanos.org.br\/noticias\/wp-json\/wp\/v2\/comments?post=233026"}],"version-history":[{"count":3,"href":"https:\/\/franciscanos.org.br\/noticias\/wp-json\/wp\/v2\/posts\/233026\/revisions"}],"predecessor-version":[{"id":233036,"href":"https:\/\/franciscanos.org.br\/noticias\/wp-json\/wp\/v2\/posts\/233026\/revisions\/233036"}],"wp:featuredmedia":[{"embeddable":true,"href":"https:\/\/franciscanos.org.br\/noticias\/wp-json\/wp\/v2\/media\/233029"}],"wp:attachment":[{"href":"https:\/\/franciscanos.org.br\/noticias\/wp-json\/wp\/v2\/media?parent=233026"}],"wp:term":[{"taxonomy":"category","embeddable":true,"href":"https:\/\/franciscanos.org.br\/noticias\/wp-json\/wp\/v2\/categories?post=233026"},{"taxonomy":"post_tag","embeddable":true,"href":"https:\/\/franciscanos.org.br\/noticias\/wp-json\/wp\/v2\/tags?post=233026"}],"curies":[{"name":"wp","href":"https:\/\/api.w.org\/{rel}","templated":true}]}}