{"id":233007,"date":"2021-07-11T08:06:07","date_gmt":"2021-07-11T11:06:07","guid":{"rendered":"https:\/\/franciscanos.org.br\/noticias\/?p=233007"},"modified":"2021-07-11T08:06:07","modified_gmt":"2021-07-11T11:06:07","slug":"papa-nenhum-doente-fique-so-sistema-de-saude-gratuito-e-acessivel-a-todos","status":"publish","type":"post","link":"https:\/\/franciscanos.org.br\/noticias\/papa-nenhum-doente-fique-so-sistema-de-saude-gratuito-e-acessivel-a-todos.html","title":{"rendered":"Papa: nenhum doente fique s\u00f3. Sistema de sa\u00fade gratuito e acess\u00edvel a todos."},"content":{"rendered":"<div id=\"attachment_233008\" style=\"width: 990px\" class=\"wp-caption alignnone\"><img aria-describedby=\"caption-attachment-233008\" loading=\"lazy\" class=\"wp-image-233008 size-full\" src=\"https:\/\/franciscanos.org.br\/noticias\/wp-content\/uploads\/2021\/07\/angelus_gemelli_01.jpg\" alt=\"\" width=\"980\" height=\"603\" srcset=\"https:\/\/franciscanos.org.br\/noticias\/wp-content\/uploads\/2021\/07\/angelus_gemelli_01.jpg 980w, https:\/\/franciscanos.org.br\/noticias\/wp-content\/uploads\/2021\/07\/angelus_gemelli_01-450x277.jpg 450w, https:\/\/franciscanos.org.br\/noticias\/wp-content\/uploads\/2021\/07\/angelus_gemelli_01-768x473.jpg 768w, https:\/\/franciscanos.org.br\/noticias\/wp-content\/uploads\/2021\/07\/angelus_gemelli_01-150x92.jpg 150w\" sizes=\"(max-width: 980px) 100vw, 980px\" \/><p id=\"caption-attachment-233008\" class=\"wp-caption-text\">\u00a0 \u00a0 \u00a0 \u00a0 \u00a0 \u00a0 \u00a0 \u00a0 \u00a0 \u00a0 \u00a0 \u00a0 \u00a0 \u00a0 \u00a0 \u00a0 \u00a0 \u00a0 \u00a0 \u00a0 \u00a0 \u00a0 \u00a0 \u00a0 \u00a0 \u00a0 \u00a0 \u00a0 \u00a0 \u00a0 \u00a0 \u00a0 \u00a0 \u00a0 \u00a0 \u00a0 \u00a0 \u00a0 \u00a0 \u00a0 \u00a0 \u00a0 \u00a0 \u00a0 \u00a0 \u00a0 \u00a0 \u00a0 \u00a0 \u00a0 \u00a0 \u00a0 \u00a0 \u00a0 \u00a0 \u00a0 \u00a0 \u00a0 \u00a0 \u00a0 \u00a0 \u00a0 \u00a0 \u00a0 \u00a0 \u00a0 \u00a0<em> \u00a0 \u00a0 \u00a0 \u00a0 \u00a0 \u00a0 \u00a0 \u00a0 \u00a0 \u00a0 \u00a0Imagens: Vatican Media<\/em><\/p><\/div>\n<p>\u201cEstou feliz por poder manter o encontro dominical do Angelus, tamb\u00e9m aqui da Policl\u00ednica \u201cGemelli\u201d. Agrade\u00e7o a todos: senti muito a proximidade e o amparo de suas ora\u00e7\u00f5es. Obrigado de cora\u00e7\u00e3o!\u201d<\/p>\n<p>Um sentimento de gratid\u00e3o marcou o Angelus deste domingo, realizado do Hospital Agostino Gemelli, onde o Papa Francisco est\u00e1 internado h\u00e1 uma semana, desde que se submeteu a cirurgia no intestino.<\/p>\n<p>Da janela do seu apartamento no d\u00e9cimo andar da Policl\u00ednica, o Papa acenou aos fi\u00e9is presentes na pequena pra\u00e7a que fica na entrada da estrutura e dali fez uma breve medita\u00e7\u00e3o sobre o Evangelho do dia, destacando de modo especial uma frase de Jesus aos disc\u00edpulos: &#8220;curavam numerosos doentes, ungindo-os com \u00f3leo&#8221; (Mc 6,13).<\/p>\n<p>&#8220;Este &#8216;\u00f3leo&#8217; \u00e9 certamente o sacramento da Un\u00e7\u00e3o dos enfermos, que d\u00e1 conforto ao esp\u00edrito e ao corpo. Mas este &#8216;\u00f3leo&#8217; \u00e9 tamb\u00e9m a escuta, a proximidade, o cuidado, a ternura de quem cuida da pessoa doente: \u00e9 como uma car\u00edcia que faz sentir melhor, alivia a dor e soleva.&#8221;<\/p>\n<p><img loading=\"lazy\" class=\"alignnone wp-image-233010 size-full\" src=\"https:\/\/franciscanos.org.br\/noticias\/wp-content\/uploads\/2021\/07\/angelus_gemelli_03.jpg\" alt=\"\" width=\"890\" height=\"595\" srcset=\"https:\/\/franciscanos.org.br\/noticias\/wp-content\/uploads\/2021\/07\/angelus_gemelli_03.jpg 890w, https:\/\/franciscanos.org.br\/noticias\/wp-content\/uploads\/2021\/07\/angelus_gemelli_03-450x301.jpg 450w, https:\/\/franciscanos.org.br\/noticias\/wp-content\/uploads\/2021\/07\/angelus_gemelli_03-768x513.jpg 768w, https:\/\/franciscanos.org.br\/noticias\/wp-content\/uploads\/2021\/07\/angelus_gemelli_03-150x100.jpg 150w\" sizes=\"(max-width: 890px) 100vw, 890px\" \/><\/p>\n<p>Para Francisco, mais cedo ou mais tarde, todos necessitamose desta \u201cun\u00e7\u00e3o\u201d e todos podemos oferec\u00ea-la a algu\u00e9m, com uma visita, um telefonema, uma m\u00e3o estendida a quem necessita de ajuda. &#8220;Recordemos que no protocolo do ju\u00edzo final Mateus, 25, uma das coisas que nos perguntar\u00e3o ser\u00e1 a proximidade aos doentes.<\/p>\n<p><strong>Sistema de sa\u00fade acess\u00edvel a todos<\/strong><br \/>\nTodavia, esta dimens\u00e3o pessoal do cuidado deve ser alargada para uma dimens\u00e3o social, em que todos os cidad\u00e3os possam usufruir de um sistema de sa\u00fade.<\/p>\n<p>&#8220;Nesses dias de interna\u00e7\u00e3o no hospital, prosseguiu o Pont\u00edfice, experimentei quanto \u00e9 importante um bom servi\u00e7o de sa\u00fade gratuito, acess\u00edvel a todos, como existe na It\u00e1lia e em outros pa\u00edses. Um sistema de sa\u00fade gratuito, que garanta um bom servi\u00e7o acess\u00edvel a todos. N\u00e3o se pode perder este bem precioso. \u00c9 preciso mant\u00ea-lo! E para isso \u00e9 necess\u00e1rio que todos se empenhem, porque serve a todos e pede a contribui\u00e7\u00e3o de todos.&#8221;<\/p>\n<p>O Santo Padre lamentou que \u00e0s vezes, na Igreja quando alguma institui\u00e7\u00e3o de sa\u00fade passa por problemas financeiros, inclusive por m\u00e1 gest\u00e3o, o primeiro pensamento \u00e9 vender estrutura: &#8220;Mas a sua voca\u00e7\u00e3o na Igreja n\u00e3o \u00e9 ter dinheiro, mas prestar um servi\u00e7o e uma servi\u00e7o \u00e9 sempre gratuito, n\u00e3o se esque\u00e7am, salvar as institui\u00e7\u00f5es gratuitas&#8221;.<\/p>\n<p><img loading=\"lazy\" class=\"alignnone wp-image-233011 size-full\" src=\"https:\/\/franciscanos.org.br\/noticias\/wp-content\/uploads\/2021\/07\/angelus_gemelli_02.jpg\" alt=\"\" width=\"980\" height=\"653\" srcset=\"https:\/\/franciscanos.org.br\/noticias\/wp-content\/uploads\/2021\/07\/angelus_gemelli_02.jpg 980w, https:\/\/franciscanos.org.br\/noticias\/wp-content\/uploads\/2021\/07\/angelus_gemelli_02-450x300.jpg 450w, https:\/\/franciscanos.org.br\/noticias\/wp-content\/uploads\/2021\/07\/angelus_gemelli_02-768x512.jpg 768w, https:\/\/franciscanos.org.br\/noticias\/wp-content\/uploads\/2021\/07\/angelus_gemelli_02-150x100.jpg 150w\" sizes=\"(max-width: 980px) 100vw, 980px\" \/><\/p>\n<p>Por fim, Francisco dirigiu uma palavra a quem trabalha em hospitais, pedindo ora\u00e7\u00f5es pelos enfermos: &#8220;Quero expressar o meu apre\u00e7o e o meu encorajamento aos m\u00e9dicos e a todos os agentes de sa\u00fade e aos funcion\u00e1rios dos hospitais. E rezemos por todos os doentes, aqui est\u00e3o alguns amigos crian\u00e7as doentes. Por que as crian\u00e7as sofrem? Por que sofrem as crian\u00e7as \u00e9 uma pergunta que toca o cora\u00e7\u00e3o. Acompanhemo-las com a ora\u00e7\u00e3o e rezemos por todos os doentes, especialmente por aqueles em condi\u00e7\u00f5es mais dif\u00edceis: ningu\u00e9m fique s\u00f3, cada um possa receber a un\u00e7\u00e3o da escuta, da proximidade, da ternura e do cuidado. E \u00e9 o que pedimos por intercess\u00e3o de Maria, nossa M\u00e3e, sa\u00fade dos enfermos.&#8221;<\/p>\n<hr \/>\n<p><em>Fonte: Vatican Media (texto de Bianca Fraccalvieri )<\/em><\/p>\n","protected":false},"excerpt":{"rendered":"<p>Angelus<\/p>\n","protected":false},"author":3,"featured_media":233009,"comment_status":"open","ping_status":"open","sticky":false,"template":"","format":"standard","meta":[],"categories":[1428],"tags":[403],"acf":[],"yoast_head":"<!-- This site is optimized with the Yoast SEO plugin v19.2 - https:\/\/yoast.com\/wordpress\/plugins\/seo\/ -->\n<title>Papa: nenhum doente fique s\u00f3. Sistema de sa\u00fade gratuito e acess\u00edvel a todos. - Not\u00edcias - Franciscanos<\/title>\n<meta name=\"robots\" content=\"index, follow, max-snippet:-1, max-image-preview:large, max-video-preview:-1\" \/>\n<link rel=\"canonical\" href=\"https:\/\/franciscanos.org.br\/noticias\/papa-nenhum-doente-fique-so-sistema-de-saude-gratuito-e-acessivel-a-todos.html\" \/>\n<meta property=\"og:locale\" content=\"pt_BR\" \/>\n<meta property=\"og:type\" content=\"article\" \/>\n<meta property=\"og:title\" content=\"Papa: nenhum doente fique s\u00f3. Sistema de sa\u00fade gratuito e acess\u00edvel a todos. - Not\u00edcias - Franciscanos\" \/>\n<meta property=\"og:description\" content=\"Angelus\" \/>\n<meta property=\"og:url\" content=\"https:\/\/franciscanos.org.br\/noticias\/papa-nenhum-doente-fique-so-sistema-de-saude-gratuito-e-acessivel-a-todos.html\" \/>\n<meta property=\"og:site_name\" content=\"Not\u00edcias - Franciscanos\" \/>\n<meta property=\"article:published_time\" content=\"2021-07-11T11:06:07+00:00\" \/>\n<meta property=\"og:image\" content=\"https:\/\/franciscanos.org.br\/noticias\/wp-content\/uploads\/2021\/07\/angelus_gemelli_01d.jpg\" \/>\n\t<meta property=\"og:image:width\" content=\"800\" \/>\n\t<meta property=\"og:image:height\" content=\"549\" \/>\n\t<meta property=\"og:image:type\" content=\"image\/jpeg\" \/>\n<meta name=\"author\" content=\"moacir\" \/>\n<meta name=\"twitter:card\" content=\"summary_large_image\" \/>\n<meta name=\"twitter:label1\" content=\"Escrito por\" \/>\n\t<meta name=\"twitter:data1\" content=\"moacir\" \/>\n\t<meta name=\"twitter:label2\" content=\"Est. tempo de leitura\" \/>\n\t<meta name=\"twitter:data2\" content=\"3 minutos\" \/>\n<script type=\"application\/ld+json\" class=\"yoast-schema-graph\">{\"@context\":\"https:\/\/schema.org\",\"@graph\":[{\"@type\":\"WebSite\",\"@id\":\"https:\/\/franciscanos.org.br\/noticias\/#website\",\"url\":\"https:\/\/franciscanos.org.br\/noticias\/\",\"name\":\"Not\u00edcias - Franciscanos\",\"description\":\"Prov\u00edncia Franciscana da Imaculada Concei\u00e7\u00e3o do Brasil - Ordem dos Frades Menores - OFM\",\"potentialAction\":[{\"@type\":\"SearchAction\",\"target\":{\"@type\":\"EntryPoint\",\"urlTemplate\":\"https:\/\/franciscanos.org.br\/noticias\/?s={search_term_string}\"},\"query-input\":\"required name=search_term_string\"}],\"inLanguage\":\"pt-BR\"},{\"@type\":\"ImageObject\",\"inLanguage\":\"pt-BR\",\"@id\":\"https:\/\/franciscanos.org.br\/noticias\/papa-nenhum-doente-fique-so-sistema-de-saude-gratuito-e-acessivel-a-todos.html#primaryimage\",\"url\":\"https:\/\/franciscanos.org.br\/noticias\/wp-content\/uploads\/2021\/07\/angelus_gemelli_01d.jpg\",\"contentUrl\":\"https:\/\/franciscanos.org.br\/noticias\/wp-content\/uploads\/2021\/07\/angelus_gemelli_01d.jpg\",\"width\":800,\"height\":549},{\"@type\":\"WebPage\",\"@id\":\"https:\/\/franciscanos.org.br\/noticias\/papa-nenhum-doente-fique-so-sistema-de-saude-gratuito-e-acessivel-a-todos.html#webpage\",\"url\":\"https:\/\/franciscanos.org.br\/noticias\/papa-nenhum-doente-fique-so-sistema-de-saude-gratuito-e-acessivel-a-todos.html\",\"name\":\"Papa: nenhum doente fique s\u00f3. Sistema de sa\u00fade gratuito e acess\u00edvel a todos. - Not\u00edcias - Franciscanos\",\"isPartOf\":{\"@id\":\"https:\/\/franciscanos.org.br\/noticias\/#website\"},\"primaryImageOfPage\":{\"@id\":\"https:\/\/franciscanos.org.br\/noticias\/papa-nenhum-doente-fique-so-sistema-de-saude-gratuito-e-acessivel-a-todos.html#primaryimage\"},\"datePublished\":\"2021-07-11T11:06:07+00:00\",\"dateModified\":\"2021-07-11T11:06:07+00:00\",\"author\":{\"@id\":\"https:\/\/franciscanos.org.br\/noticias\/#\/schema\/person\/b5c8cba458c330ccff548b056e95a5d4\"},\"breadcrumb\":{\"@id\":\"https:\/\/franciscanos.org.br\/noticias\/papa-nenhum-doente-fique-so-sistema-de-saude-gratuito-e-acessivel-a-todos.html#breadcrumb\"},\"inLanguage\":\"pt-BR\",\"potentialAction\":[{\"@type\":\"ReadAction\",\"target\":[\"https:\/\/franciscanos.org.br\/noticias\/papa-nenhum-doente-fique-so-sistema-de-saude-gratuito-e-acessivel-a-todos.html\"]}]},{\"@type\":\"BreadcrumbList\",\"@id\":\"https:\/\/franciscanos.org.br\/noticias\/papa-nenhum-doente-fique-so-sistema-de-saude-gratuito-e-acessivel-a-todos.html#breadcrumb\",\"itemListElement\":[{\"@type\":\"ListItem\",\"position\":1,\"name\":\"Home\",\"item\":\"https:\/\/franciscanos.org.br\/noticias\"},{\"@type\":\"ListItem\",\"position\":2,\"name\":\"Papa: nenhum doente fique s\u00f3. Sistema de sa\u00fade gratuito e acess\u00edvel a todos.\"}]},{\"@type\":\"Person\",\"@id\":\"https:\/\/franciscanos.org.br\/noticias\/#\/schema\/person\/b5c8cba458c330ccff548b056e95a5d4\",\"name\":\"moacir\",\"image\":{\"@type\":\"ImageObject\",\"inLanguage\":\"pt-BR\",\"@id\":\"https:\/\/franciscanos.org.br\/noticias\/#\/schema\/person\/image\/\",\"url\":\"https:\/\/secure.gravatar.com\/avatar\/d08aa2ce4c8dd416d4479aa8536fcf64?s=96&d=mm&r=g\",\"contentUrl\":\"https:\/\/secure.gravatar.com\/avatar\/d08aa2ce4c8dd416d4479aa8536fcf64?s=96&d=mm&r=g\",\"caption\":\"moacir\"},\"url\":\"https:\/\/franciscanos.org.br\/noticias\/author\/moacir\"}]}<\/script>\n<!-- \/ Yoast SEO plugin. -->","yoast_head_json":{"title":"Papa: nenhum doente fique s\u00f3. Sistema de sa\u00fade gratuito e acess\u00edvel a todos. - Not\u00edcias - Franciscanos","robots":{"index":"index","follow":"follow","max-snippet":"max-snippet:-1","max-image-preview":"max-image-preview:large","max-video-preview":"max-video-preview:-1"},"canonical":"https:\/\/franciscanos.org.br\/noticias\/papa-nenhum-doente-fique-so-sistema-de-saude-gratuito-e-acessivel-a-todos.html","og_locale":"pt_BR","og_type":"article","og_title":"Papa: nenhum doente fique s\u00f3. Sistema de sa\u00fade gratuito e acess\u00edvel a todos. - Not\u00edcias - Franciscanos","og_description":"Angelus","og_url":"https:\/\/franciscanos.org.br\/noticias\/papa-nenhum-doente-fique-so-sistema-de-saude-gratuito-e-acessivel-a-todos.html","og_site_name":"Not\u00edcias - Franciscanos","article_published_time":"2021-07-11T11:06:07+00:00","og_image":[{"width":800,"height":549,"url":"https:\/\/franciscanos.org.br\/noticias\/wp-content\/uploads\/2021\/07\/angelus_gemelli_01d.jpg","type":"image\/jpeg"}],"author":"moacir","twitter_card":"summary_large_image","twitter_misc":{"Escrito por":"moacir","Est. tempo de leitura":"3 minutos"},"schema":{"@context":"https:\/\/schema.org","@graph":[{"@type":"WebSite","@id":"https:\/\/franciscanos.org.br\/noticias\/#website","url":"https:\/\/franciscanos.org.br\/noticias\/","name":"Not\u00edcias - Franciscanos","description":"Prov\u00edncia Franciscana da Imaculada Concei\u00e7\u00e3o do Brasil - Ordem dos Frades Menores - OFM","potentialAction":[{"@type":"SearchAction","target":{"@type":"EntryPoint","urlTemplate":"https:\/\/franciscanos.org.br\/noticias\/?s={search_term_string}"},"query-input":"required name=search_term_string"}],"inLanguage":"pt-BR"},{"@type":"ImageObject","inLanguage":"pt-BR","@id":"https:\/\/franciscanos.org.br\/noticias\/papa-nenhum-doente-fique-so-sistema-de-saude-gratuito-e-acessivel-a-todos.html#primaryimage","url":"https:\/\/franciscanos.org.br\/noticias\/wp-content\/uploads\/2021\/07\/angelus_gemelli_01d.jpg","contentUrl":"https:\/\/franciscanos.org.br\/noticias\/wp-content\/uploads\/2021\/07\/angelus_gemelli_01d.jpg","width":800,"height":549},{"@type":"WebPage","@id":"https:\/\/franciscanos.org.br\/noticias\/papa-nenhum-doente-fique-so-sistema-de-saude-gratuito-e-acessivel-a-todos.html#webpage","url":"https:\/\/franciscanos.org.br\/noticias\/papa-nenhum-doente-fique-so-sistema-de-saude-gratuito-e-acessivel-a-todos.html","name":"Papa: nenhum doente fique s\u00f3. Sistema de sa\u00fade gratuito e acess\u00edvel a todos. - Not\u00edcias - Franciscanos","isPartOf":{"@id":"https:\/\/franciscanos.org.br\/noticias\/#website"},"primaryImageOfPage":{"@id":"https:\/\/franciscanos.org.br\/noticias\/papa-nenhum-doente-fique-so-sistema-de-saude-gratuito-e-acessivel-a-todos.html#primaryimage"},"datePublished":"2021-07-11T11:06:07+00:00","dateModified":"2021-07-11T11:06:07+00:00","author":{"@id":"https:\/\/franciscanos.org.br\/noticias\/#\/schema\/person\/b5c8cba458c330ccff548b056e95a5d4"},"breadcrumb":{"@id":"https:\/\/franciscanos.org.br\/noticias\/papa-nenhum-doente-fique-so-sistema-de-saude-gratuito-e-acessivel-a-todos.html#breadcrumb"},"inLanguage":"pt-BR","potentialAction":[{"@type":"ReadAction","target":["https:\/\/franciscanos.org.br\/noticias\/papa-nenhum-doente-fique-so-sistema-de-saude-gratuito-e-acessivel-a-todos.html"]}]},{"@type":"BreadcrumbList","@id":"https:\/\/franciscanos.org.br\/noticias\/papa-nenhum-doente-fique-so-sistema-de-saude-gratuito-e-acessivel-a-todos.html#breadcrumb","itemListElement":[{"@type":"ListItem","position":1,"name":"Home","item":"https:\/\/franciscanos.org.br\/noticias"},{"@type":"ListItem","position":2,"name":"Papa: nenhum doente fique s\u00f3. Sistema de sa\u00fade gratuito e acess\u00edvel a todos."}]},{"@type":"Person","@id":"https:\/\/franciscanos.org.br\/noticias\/#\/schema\/person\/b5c8cba458c330ccff548b056e95a5d4","name":"moacir","image":{"@type":"ImageObject","inLanguage":"pt-BR","@id":"https:\/\/franciscanos.org.br\/noticias\/#\/schema\/person\/image\/","url":"https:\/\/secure.gravatar.com\/avatar\/d08aa2ce4c8dd416d4479aa8536fcf64?s=96&d=mm&r=g","contentUrl":"https:\/\/secure.gravatar.com\/avatar\/d08aa2ce4c8dd416d4479aa8536fcf64?s=96&d=mm&r=g","caption":"moacir"},"url":"https:\/\/franciscanos.org.br\/noticias\/author\/moacir"}]}},"_links":{"self":[{"href":"https:\/\/franciscanos.org.br\/noticias\/wp-json\/wp\/v2\/posts\/233007"}],"collection":[{"href":"https:\/\/franciscanos.org.br\/noticias\/wp-json\/wp\/v2\/posts"}],"about":[{"href":"https:\/\/franciscanos.org.br\/noticias\/wp-json\/wp\/v2\/types\/post"}],"author":[{"embeddable":true,"href":"https:\/\/franciscanos.org.br\/noticias\/wp-json\/wp\/v2\/users\/3"}],"replies":[{"embeddable":true,"href":"https:\/\/franciscanos.org.br\/noticias\/wp-json\/wp\/v2\/comments?post=233007"}],"version-history":[{"count":1,"href":"https:\/\/franciscanos.org.br\/noticias\/wp-json\/wp\/v2\/posts\/233007\/revisions"}],"predecessor-version":[{"id":233012,"href":"https:\/\/franciscanos.org.br\/noticias\/wp-json\/wp\/v2\/posts\/233007\/revisions\/233012"}],"wp:featuredmedia":[{"embeddable":true,"href":"https:\/\/franciscanos.org.br\/noticias\/wp-json\/wp\/v2\/media\/233009"}],"wp:attachment":[{"href":"https:\/\/franciscanos.org.br\/noticias\/wp-json\/wp\/v2\/media?parent=233007"}],"wp:term":[{"taxonomy":"category","embeddable":true,"href":"https:\/\/franciscanos.org.br\/noticias\/wp-json\/wp\/v2\/categories?post=233007"},{"taxonomy":"post_tag","embeddable":true,"href":"https:\/\/franciscanos.org.br\/noticias\/wp-json\/wp\/v2\/tags?post=233007"}],"curies":[{"name":"wp","href":"https:\/\/api.w.org\/{rel}","templated":true}]}}