{"id":232989,"date":"2021-07-10T14:03:31","date_gmt":"2021-07-10T17:03:31","guid":{"rendered":"https:\/\/franciscanos.org.br\/noticias\/?p=232989"},"modified":"2021-07-10T14:03:31","modified_gmt":"2021-07-10T17:03:31","slug":"paroquia-sao-francisco-de-assis-de-duque-de-caxias-celebra-15-anos-neste-domingo","status":"publish","type":"post","link":"https:\/\/franciscanos.org.br\/noticias\/paroquia-sao-francisco-de-assis-de-duque-de-caxias-celebra-15-anos-neste-domingo.html","title":{"rendered":"Par\u00f3quia S\u00e3o Francisco de Assis de Duque de Caxias celebra 15 anos neste domingo"},"content":{"rendered":"<p><img loading=\"lazy\" class=\"alignnone wp-image-232990 size-full\" src=\"https:\/\/franciscanos.org.br\/noticias\/wp-content\/uploads\/2021\/07\/duque_03.jpg\" alt=\"\" width=\"1280\" height=\"880\" srcset=\"https:\/\/franciscanos.org.br\/noticias\/wp-content\/uploads\/2021\/07\/duque_03.jpg 1280w, https:\/\/franciscanos.org.br\/noticias\/wp-content\/uploads\/2021\/07\/duque_03-450x309.jpg 450w, https:\/\/franciscanos.org.br\/noticias\/wp-content\/uploads\/2021\/07\/duque_03-1024x704.jpg 1024w, https:\/\/franciscanos.org.br\/noticias\/wp-content\/uploads\/2021\/07\/duque_03-768x528.jpg 768w, https:\/\/franciscanos.org.br\/noticias\/wp-content\/uploads\/2021\/07\/duque_03-150x103.jpg 150w, https:\/\/franciscanos.org.br\/noticias\/wp-content\/uploads\/2021\/07\/duque_03-320x220.jpg 320w\" sizes=\"(max-width: 1280px) 100vw, 1280px\" \/><\/p>\n<p>A Par\u00f3quia S\u00e3o Francisco de Assis, em Campos El\u00edseos (Duque de Caxias), realizou nos dias 6, 7 e 9, o Tr\u00edduo em prepara\u00e7\u00e3o para a Celebra\u00e7\u00e3o dos seus 15 anos de funda\u00e7\u00e3o. A missa em comemora\u00e7\u00e3o e a\u00e7\u00e3o de gra\u00e7as ser\u00e1 realizada neste domingo (11\/07), \u00e0s 10h e 19h, de forma restrita e com transmiss\u00e3o pelo Facebook.<\/p>\n<p>No primeiro dia do Tr\u00edduo (6\/07), na Comunidade do Perp\u00e9tuo Socorro em Campos El\u00edseos, deu in\u00edcio \u00e0 prepara\u00e7\u00e3o do anivers\u00e1rio da Par\u00f3quia. A missa foi presidida por Frei James Girardi, que motivou as comunidades a entrarem num clima de ora\u00e7\u00e3o para celebrar melhor esta data t\u00e3o importante para a Par\u00f3quia, que re\u00fane os setores de Campos El\u00edseos, Jardim Primavera e Saracuruna em Duque de Caxias (RJ). \u201c\u00c9 sempre motivo de a\u00e7\u00e3o de gra\u00e7as, \u00e9 uma caminhada feita de 15 anos, antes pequena, nascitura, hoje uma jovenzinha. J\u00e1 tem uma hist\u00f3ria de muita evangeliza\u00e7\u00e3o para que Jesus Cristo seja mais amado\u201d, disse Frei James Girardi em sua homilia.<\/p>\n<p>No segundo dia Tr\u00edduo (7\/7), celebrado na Comunidade do Ros\u00e1rio em Saracuruna, o di\u00e1cono Ost\u00eanio Sabino proclamou o Evangelho onde Jesus chama os disc\u00edpulos para expulsarem os esp\u00edritos maus e para curarem todo tipo de doen\u00e7a (Mt 10, 1-7). \u201cO Evangelho nos lembra a atitude de Jesus onde tudo o que fazemos deve estar em sintonia com a a\u00e7\u00e3o Divina, ou seja, em constante ora\u00e7\u00e3o para escutarmos a voz de Deus. Sendo assim, buscar a sabedoria de Deus fomenta e nos ajuda a vivermos a nossa voca\u00e7\u00e3o e miss\u00e3o\u201d, disse Frei Claudio Brocca ao partilhar a palavra com a comunidade. Na quinta-feira (8\/07), tamb\u00e9m houve a b\u00ean\u00e7\u00e3o do Sant\u00edssimo na Comunidade do Perp\u00e9tuo Socorro com a presen\u00e7a da fraternidade franciscana.<\/p>\n<p><img loading=\"lazy\" class=\"alignnone wp-image-232992 size-full\" src=\"https:\/\/franciscanos.org.br\/noticias\/wp-content\/uploads\/2021\/07\/duque_01.jpg\" alt=\"\" width=\"1200\" height=\"700\" srcset=\"https:\/\/franciscanos.org.br\/noticias\/wp-content\/uploads\/2021\/07\/duque_01.jpg 1200w, https:\/\/franciscanos.org.br\/noticias\/wp-content\/uploads\/2021\/07\/duque_01-450x263.jpg 450w, https:\/\/franciscanos.org.br\/noticias\/wp-content\/uploads\/2021\/07\/duque_01-1024x597.jpg 1024w, https:\/\/franciscanos.org.br\/noticias\/wp-content\/uploads\/2021\/07\/duque_01-768x448.jpg 768w, https:\/\/franciscanos.org.br\/noticias\/wp-content\/uploads\/2021\/07\/duque_01-150x88.jpg 150w\" sizes=\"(max-width: 1200px) 100vw, 1200px\" \/><\/p>\n<p>Ontem (09\/07), no \u00faltimo dia do Tr\u00edduo, a Comunidade Sant\u2019Ana, em Jardim Primavera, reuniu-se para pedir, agradecer e louvar a Deus pelos 15 anos da Par\u00f3quia. \u201cAgradecemos a Deus por nos ensinar a trilhar o seu caminho, na simplicidade e humildade de cora\u00e7\u00e3o. Queremos tamb\u00e9m, fazer mem\u00f3ria de homens e mulheres de f\u00e9 que se empenharam e se empenham, doando a sua vida pela par\u00f3quia\u201d, comentou Ivoneide Gomes representando a comunidade&#8221;.<\/p>\n<p>Hist\u00f3ria<br \/>\nA Par\u00f3quia de S\u00e3o Francisco de Assis foi criada na \u00c1rea do Campos El\u00edseos, em Duque de Caxias, na Baixada Fluminense. Os frades franciscanos da Prov\u00edncia da Imaculada Concei\u00e7\u00e3o deixam de responder pela \u00e1rea do Pilar, onde estava a Par\u00f3quia de Nossa Senhora do Pilar.<\/p>\n<p>A hist\u00f3ria da presen\u00e7a franciscana no Pilar e em Campos El\u00edseos come\u00e7ou h\u00e1 exatamente 28 anos, quando os franciscanos deixaram a Matriz de Santo Ant\u00f4nio no dia 7 de julho de 1985, durante Missa solene celebrada por D. Mauro Morelli e posse da nova equipe de padres diocesanos na Catedral.<\/p>\n<p>Quando a S\u00e9 de Roma decidiu fundar a nova Diocese de Duque de Caxias e S\u00e3o Jo\u00e3o de Meriti, enviou para Duque de Caxias o ent\u00e3o N\u00fancio Apost\u00f3lico, Dr. Carmine Rocco, para que o mesmo sondasse uma igreja j\u00e1 existente, ou ent\u00e3o um lugar condigno que pudesse servir como sede da nova Diocese que seria fundada no dia 11 de outubro de 1980. O N\u00fancio achou que o melhor lugar que condizia com as exig\u00eancias pr\u00e1ticas para a futura funda\u00e7\u00e3o seria a ent\u00e3o Matriz de Santo Ant\u00f4nio, dos franciscanos.<\/p>\n<p><img loading=\"lazy\" class=\"alignnone wp-image-232993 size-full\" src=\"https:\/\/franciscanos.org.br\/noticias\/wp-content\/uploads\/2021\/07\/duque_02.jpg\" alt=\"\" width=\"1280\" height=\"880\" srcset=\"https:\/\/franciscanos.org.br\/noticias\/wp-content\/uploads\/2021\/07\/duque_02.jpg 1280w, https:\/\/franciscanos.org.br\/noticias\/wp-content\/uploads\/2021\/07\/duque_02-450x309.jpg 450w, https:\/\/franciscanos.org.br\/noticias\/wp-content\/uploads\/2021\/07\/duque_02-1024x704.jpg 1024w, https:\/\/franciscanos.org.br\/noticias\/wp-content\/uploads\/2021\/07\/duque_02-768x528.jpg 768w, https:\/\/franciscanos.org.br\/noticias\/wp-content\/uploads\/2021\/07\/duque_02-150x103.jpg 150w, https:\/\/franciscanos.org.br\/noticias\/wp-content\/uploads\/2021\/07\/duque_02-320x220.jpg 320w\" sizes=\"(max-width: 1280px) 100vw, 1280px\" \/><\/p>\n<p>Como aquela igreja pertencia \u00e0 Ordem Franciscana, o N\u00fancio Apost\u00f3lico dirigiu um pedido ao governo da Prov\u00edncia Franciscana da Imaculada Concei\u00e7\u00e3o do Brasil solicitando que, se poss\u00edvel, doasse aquele patrim\u00f4nio para que ali se instalasse a sede episcopal da nova diocese. Imediatamente, os superiores franciscanos aceitaram o pedido de D. Carmine e colocaram a Matriz de Santo Ant\u00f4nio com todas as suas depend\u00eancias e propriedades \u00e0 disposi\u00e7\u00e3o da Santa S\u00e9. Mas o ministro provincial, Frei Bas\u00edlio Prim, condicionou que t\u00e3o logo fosse escolhido o novo bispo e o patrim\u00f4nio da matriz de Santo Ant\u00f4nio a ele entregue, os franciscanos deixariam a Catedral de Duque de Caxias.<\/p>\n<p>Mas ao ser sagrado bispo \u2013 a diocese foi instalada no dia 12 de julho de 1981 \u2013 e ao receber a Matriz de Santo Ant\u00f4nio, D. Mauro Morelli soube da decis\u00e3o da Prov\u00edncia Franciscana de retirar da Par\u00f3quia a equipe de franciscanos que ali servia e, ent\u00e3o, pediu aos superiores da Ordem que, pelo menos, deixassem frades por mais algum tempo, at\u00e9 que ele tomasse pulso da Diocese e pudesse pensar em como solucionar e escolher uma equipe de padres diocesanos para assumir aquele trabalho. Estabeleceu-se, ent\u00e3o, um trato: os franciscanos permaneceriam ajudando D. Mauro na Catedral at\u00e9 1985.<\/p>\n<p>Em 85, D. Mauro mais uma vez direcionou um pedido \u00e0 Prov\u00edncia Franciscana para que, embora a Ordem Franciscana deixasse a Catedral, permanecesse com uma equipe a servi\u00e7o da Diocese num lugar \u00e0 escolha da pr\u00f3pria Prov\u00edncia. E foi feita a op\u00e7\u00e3o de que a nova Par\u00f3quia da Ordem Franciscana seria a de Campos El\u00edseos, uma regi\u00e3o pobre e de periferia, muito conforme as linhas pastorais da Prov\u00edncia Franciscana.<\/p>\n<hr \/>\n<p><em>Equipe da PASCOM da Par\u00f3quia S\u00e3o Francisco<\/em><\/p>\n","protected":false},"excerpt":{"rendered":"<p>Duque de Caxias (RJ)<\/p>\n","protected":false},"author":3,"featured_media":232991,"comment_status":"open","ping_status":"open","sticky":false,"template":"","format":"standard","meta":[],"categories":[1],"tags":[185,1831],"acf":[],"yoast_head":"<!-- This site is optimized with the Yoast SEO plugin v19.2 - https:\/\/yoast.com\/wordpress\/plugins\/seo\/ -->\n<title>Par\u00f3quia S\u00e3o Francisco de Assis de Duque de Caxias celebra 15 anos neste domingo - Not\u00edcias - Franciscanos<\/title>\n<meta name=\"robots\" content=\"index, follow, max-snippet:-1, max-image-preview:large, max-video-preview:-1\" \/>\n<link rel=\"canonical\" href=\"https:\/\/franciscanos.org.br\/noticias\/paroquia-sao-francisco-de-assis-de-duque-de-caxias-celebra-15-anos-neste-domingo.html\" \/>\n<meta property=\"og:locale\" content=\"pt_BR\" \/>\n<meta property=\"og:type\" content=\"article\" \/>\n<meta property=\"og:title\" content=\"Par\u00f3quia S\u00e3o Francisco de Assis de Duque de Caxias celebra 15 anos neste domingo - Not\u00edcias - Franciscanos\" \/>\n<meta property=\"og:description\" content=\"Duque de Caxias (RJ)\" \/>\n<meta property=\"og:url\" content=\"https:\/\/franciscanos.org.br\/noticias\/paroquia-sao-francisco-de-assis-de-duque-de-caxias-celebra-15-anos-neste-domingo.html\" \/>\n<meta property=\"og:site_name\" content=\"Not\u00edcias - Franciscanos\" \/>\n<meta property=\"article:published_time\" content=\"2021-07-10T17:03:31+00:00\" \/>\n<meta property=\"og:image\" content=\"https:\/\/franciscanos.org.br\/noticias\/wp-content\/uploads\/2021\/07\/duque_04d.jpg\" \/>\n\t<meta property=\"og:image:width\" content=\"800\" \/>\n\t<meta property=\"og:image:height\" content=\"550\" \/>\n\t<meta property=\"og:image:type\" content=\"image\/jpeg\" \/>\n<meta name=\"author\" content=\"moacir\" \/>\n<meta name=\"twitter:card\" content=\"summary_large_image\" \/>\n<meta name=\"twitter:label1\" content=\"Escrito por\" \/>\n\t<meta name=\"twitter:data1\" content=\"moacir\" \/>\n\t<meta name=\"twitter:label2\" content=\"Est. tempo de leitura\" \/>\n\t<meta name=\"twitter:data2\" content=\"4 minutos\" \/>\n<script type=\"application\/ld+json\" class=\"yoast-schema-graph\">{\"@context\":\"https:\/\/schema.org\",\"@graph\":[{\"@type\":\"WebSite\",\"@id\":\"https:\/\/franciscanos.org.br\/noticias\/#website\",\"url\":\"https:\/\/franciscanos.org.br\/noticias\/\",\"name\":\"Not\u00edcias - Franciscanos\",\"description\":\"Prov\u00edncia Franciscana da Imaculada Concei\u00e7\u00e3o do Brasil - Ordem dos Frades Menores - OFM\",\"potentialAction\":[{\"@type\":\"SearchAction\",\"target\":{\"@type\":\"EntryPoint\",\"urlTemplate\":\"https:\/\/franciscanos.org.br\/noticias\/?s={search_term_string}\"},\"query-input\":\"required name=search_term_string\"}],\"inLanguage\":\"pt-BR\"},{\"@type\":\"ImageObject\",\"inLanguage\":\"pt-BR\",\"@id\":\"https:\/\/franciscanos.org.br\/noticias\/paroquia-sao-francisco-de-assis-de-duque-de-caxias-celebra-15-anos-neste-domingo.html#primaryimage\",\"url\":\"https:\/\/franciscanos.org.br\/noticias\/wp-content\/uploads\/2021\/07\/duque_04d.jpg\",\"contentUrl\":\"https:\/\/franciscanos.org.br\/noticias\/wp-content\/uploads\/2021\/07\/duque_04d.jpg\",\"width\":800,\"height\":550},{\"@type\":\"WebPage\",\"@id\":\"https:\/\/franciscanos.org.br\/noticias\/paroquia-sao-francisco-de-assis-de-duque-de-caxias-celebra-15-anos-neste-domingo.html#webpage\",\"url\":\"https:\/\/franciscanos.org.br\/noticias\/paroquia-sao-francisco-de-assis-de-duque-de-caxias-celebra-15-anos-neste-domingo.html\",\"name\":\"Par\u00f3quia S\u00e3o Francisco de Assis de Duque de Caxias celebra 15 anos neste domingo - Not\u00edcias - Franciscanos\",\"isPartOf\":{\"@id\":\"https:\/\/franciscanos.org.br\/noticias\/#website\"},\"primaryImageOfPage\":{\"@id\":\"https:\/\/franciscanos.org.br\/noticias\/paroquia-sao-francisco-de-assis-de-duque-de-caxias-celebra-15-anos-neste-domingo.html#primaryimage\"},\"datePublished\":\"2021-07-10T17:03:31+00:00\",\"dateModified\":\"2021-07-10T17:03:31+00:00\",\"author\":{\"@id\":\"https:\/\/franciscanos.org.br\/noticias\/#\/schema\/person\/b5c8cba458c330ccff548b056e95a5d4\"},\"breadcrumb\":{\"@id\":\"https:\/\/franciscanos.org.br\/noticias\/paroquia-sao-francisco-de-assis-de-duque-de-caxias-celebra-15-anos-neste-domingo.html#breadcrumb\"},\"inLanguage\":\"pt-BR\",\"potentialAction\":[{\"@type\":\"ReadAction\",\"target\":[\"https:\/\/franciscanos.org.br\/noticias\/paroquia-sao-francisco-de-assis-de-duque-de-caxias-celebra-15-anos-neste-domingo.html\"]}]},{\"@type\":\"BreadcrumbList\",\"@id\":\"https:\/\/franciscanos.org.br\/noticias\/paroquia-sao-francisco-de-assis-de-duque-de-caxias-celebra-15-anos-neste-domingo.html#breadcrumb\",\"itemListElement\":[{\"@type\":\"ListItem\",\"position\":1,\"name\":\"Home\",\"item\":\"https:\/\/franciscanos.org.br\/noticias\"},{\"@type\":\"ListItem\",\"position\":2,\"name\":\"Par\u00f3quia S\u00e3o Francisco de Assis de Duque de Caxias celebra 15 anos neste domingo\"}]},{\"@type\":\"Person\",\"@id\":\"https:\/\/franciscanos.org.br\/noticias\/#\/schema\/person\/b5c8cba458c330ccff548b056e95a5d4\",\"name\":\"moacir\",\"image\":{\"@type\":\"ImageObject\",\"inLanguage\":\"pt-BR\",\"@id\":\"https:\/\/franciscanos.org.br\/noticias\/#\/schema\/person\/image\/\",\"url\":\"https:\/\/secure.gravatar.com\/avatar\/d08aa2ce4c8dd416d4479aa8536fcf64?s=96&d=mm&r=g\",\"contentUrl\":\"https:\/\/secure.gravatar.com\/avatar\/d08aa2ce4c8dd416d4479aa8536fcf64?s=96&d=mm&r=g\",\"caption\":\"moacir\"},\"url\":\"https:\/\/franciscanos.org.br\/noticias\/author\/moacir\"}]}<\/script>\n<!-- \/ Yoast SEO plugin. -->","yoast_head_json":{"title":"Par\u00f3quia S\u00e3o Francisco de Assis de Duque de Caxias celebra 15 anos neste domingo - Not\u00edcias - Franciscanos","robots":{"index":"index","follow":"follow","max-snippet":"max-snippet:-1","max-image-preview":"max-image-preview:large","max-video-preview":"max-video-preview:-1"},"canonical":"https:\/\/franciscanos.org.br\/noticias\/paroquia-sao-francisco-de-assis-de-duque-de-caxias-celebra-15-anos-neste-domingo.html","og_locale":"pt_BR","og_type":"article","og_title":"Par\u00f3quia S\u00e3o Francisco de Assis de Duque de Caxias celebra 15 anos neste domingo - Not\u00edcias - Franciscanos","og_description":"Duque de Caxias (RJ)","og_url":"https:\/\/franciscanos.org.br\/noticias\/paroquia-sao-francisco-de-assis-de-duque-de-caxias-celebra-15-anos-neste-domingo.html","og_site_name":"Not\u00edcias - Franciscanos","article_published_time":"2021-07-10T17:03:31+00:00","og_image":[{"width":800,"height":550,"url":"https:\/\/franciscanos.org.br\/noticias\/wp-content\/uploads\/2021\/07\/duque_04d.jpg","type":"image\/jpeg"}],"author":"moacir","twitter_card":"summary_large_image","twitter_misc":{"Escrito por":"moacir","Est. tempo de leitura":"4 minutos"},"schema":{"@context":"https:\/\/schema.org","@graph":[{"@type":"WebSite","@id":"https:\/\/franciscanos.org.br\/noticias\/#website","url":"https:\/\/franciscanos.org.br\/noticias\/","name":"Not\u00edcias - Franciscanos","description":"Prov\u00edncia Franciscana da Imaculada Concei\u00e7\u00e3o do Brasil - Ordem dos Frades Menores - OFM","potentialAction":[{"@type":"SearchAction","target":{"@type":"EntryPoint","urlTemplate":"https:\/\/franciscanos.org.br\/noticias\/?s={search_term_string}"},"query-input":"required name=search_term_string"}],"inLanguage":"pt-BR"},{"@type":"ImageObject","inLanguage":"pt-BR","@id":"https:\/\/franciscanos.org.br\/noticias\/paroquia-sao-francisco-de-assis-de-duque-de-caxias-celebra-15-anos-neste-domingo.html#primaryimage","url":"https:\/\/franciscanos.org.br\/noticias\/wp-content\/uploads\/2021\/07\/duque_04d.jpg","contentUrl":"https:\/\/franciscanos.org.br\/noticias\/wp-content\/uploads\/2021\/07\/duque_04d.jpg","width":800,"height":550},{"@type":"WebPage","@id":"https:\/\/franciscanos.org.br\/noticias\/paroquia-sao-francisco-de-assis-de-duque-de-caxias-celebra-15-anos-neste-domingo.html#webpage","url":"https:\/\/franciscanos.org.br\/noticias\/paroquia-sao-francisco-de-assis-de-duque-de-caxias-celebra-15-anos-neste-domingo.html","name":"Par\u00f3quia S\u00e3o Francisco de Assis de Duque de Caxias celebra 15 anos neste domingo - Not\u00edcias - Franciscanos","isPartOf":{"@id":"https:\/\/franciscanos.org.br\/noticias\/#website"},"primaryImageOfPage":{"@id":"https:\/\/franciscanos.org.br\/noticias\/paroquia-sao-francisco-de-assis-de-duque-de-caxias-celebra-15-anos-neste-domingo.html#primaryimage"},"datePublished":"2021-07-10T17:03:31+00:00","dateModified":"2021-07-10T17:03:31+00:00","author":{"@id":"https:\/\/franciscanos.org.br\/noticias\/#\/schema\/person\/b5c8cba458c330ccff548b056e95a5d4"},"breadcrumb":{"@id":"https:\/\/franciscanos.org.br\/noticias\/paroquia-sao-francisco-de-assis-de-duque-de-caxias-celebra-15-anos-neste-domingo.html#breadcrumb"},"inLanguage":"pt-BR","potentialAction":[{"@type":"ReadAction","target":["https:\/\/franciscanos.org.br\/noticias\/paroquia-sao-francisco-de-assis-de-duque-de-caxias-celebra-15-anos-neste-domingo.html"]}]},{"@type":"BreadcrumbList","@id":"https:\/\/franciscanos.org.br\/noticias\/paroquia-sao-francisco-de-assis-de-duque-de-caxias-celebra-15-anos-neste-domingo.html#breadcrumb","itemListElement":[{"@type":"ListItem","position":1,"name":"Home","item":"https:\/\/franciscanos.org.br\/noticias"},{"@type":"ListItem","position":2,"name":"Par\u00f3quia S\u00e3o Francisco de Assis de Duque de Caxias celebra 15 anos neste domingo"}]},{"@type":"Person","@id":"https:\/\/franciscanos.org.br\/noticias\/#\/schema\/person\/b5c8cba458c330ccff548b056e95a5d4","name":"moacir","image":{"@type":"ImageObject","inLanguage":"pt-BR","@id":"https:\/\/franciscanos.org.br\/noticias\/#\/schema\/person\/image\/","url":"https:\/\/secure.gravatar.com\/avatar\/d08aa2ce4c8dd416d4479aa8536fcf64?s=96&d=mm&r=g","contentUrl":"https:\/\/secure.gravatar.com\/avatar\/d08aa2ce4c8dd416d4479aa8536fcf64?s=96&d=mm&r=g","caption":"moacir"},"url":"https:\/\/franciscanos.org.br\/noticias\/author\/moacir"}]}},"_links":{"self":[{"href":"https:\/\/franciscanos.org.br\/noticias\/wp-json\/wp\/v2\/posts\/232989"}],"collection":[{"href":"https:\/\/franciscanos.org.br\/noticias\/wp-json\/wp\/v2\/posts"}],"about":[{"href":"https:\/\/franciscanos.org.br\/noticias\/wp-json\/wp\/v2\/types\/post"}],"author":[{"embeddable":true,"href":"https:\/\/franciscanos.org.br\/noticias\/wp-json\/wp\/v2\/users\/3"}],"replies":[{"embeddable":true,"href":"https:\/\/franciscanos.org.br\/noticias\/wp-json\/wp\/v2\/comments?post=232989"}],"version-history":[{"count":1,"href":"https:\/\/franciscanos.org.br\/noticias\/wp-json\/wp\/v2\/posts\/232989\/revisions"}],"predecessor-version":[{"id":232994,"href":"https:\/\/franciscanos.org.br\/noticias\/wp-json\/wp\/v2\/posts\/232989\/revisions\/232994"}],"wp:featuredmedia":[{"embeddable":true,"href":"https:\/\/franciscanos.org.br\/noticias\/wp-json\/wp\/v2\/media\/232991"}],"wp:attachment":[{"href":"https:\/\/franciscanos.org.br\/noticias\/wp-json\/wp\/v2\/media?parent=232989"}],"wp:term":[{"taxonomy":"category","embeddable":true,"href":"https:\/\/franciscanos.org.br\/noticias\/wp-json\/wp\/v2\/categories?post=232989"},{"taxonomy":"post_tag","embeddable":true,"href":"https:\/\/franciscanos.org.br\/noticias\/wp-json\/wp\/v2\/tags?post=232989"}],"curies":[{"name":"wp","href":"https:\/\/api.w.org\/{rel}","templated":true}]}}