{"id":232944,"date":"2021-07-19T00:14:52","date_gmt":"2021-07-19T03:14:52","guid":{"rendered":"https:\/\/franciscanos.org.br\/noticias\/?p=232944"},"modified":"2021-07-21T15:46:05","modified_gmt":"2021-07-21T18:46:05","slug":"frei-abel-celebra-100-anos-no-dia-19-de-julho","status":"publish","type":"post","link":"https:\/\/franciscanos.org.br\/noticias\/frei-abel-celebra-100-anos-no-dia-19-de-julho.html","title":{"rendered":"Frei Abel celebra 100 anos"},"content":{"rendered":"<p><img loading=\"lazy\" class=\"alignnone wp-image-232945 size-full\" src=\"https:\/\/franciscanos.org.br\/noticias\/wp-content\/uploads\/2021\/07\/abel_07.jpg\" alt=\"\" width=\"1280\" height=\"853\" srcset=\"https:\/\/franciscanos.org.br\/noticias\/wp-content\/uploads\/2021\/07\/abel_07.jpg 1280w, https:\/\/franciscanos.org.br\/noticias\/wp-content\/uploads\/2021\/07\/abel_07-450x300.jpg 450w, https:\/\/franciscanos.org.br\/noticias\/wp-content\/uploads\/2021\/07\/abel_07-1024x682.jpg 1024w, https:\/\/franciscanos.org.br\/noticias\/wp-content\/uploads\/2021\/07\/abel_07-768x512.jpg 768w, https:\/\/franciscanos.org.br\/noticias\/wp-content\/uploads\/2021\/07\/abel_07-150x100.jpg 150w\" sizes=\"(max-width: 1280px) 100vw, 1280px\" \/><\/p>\n<p>Mais um frade marca hoje o seu nome na hist\u00f3ria da Prov\u00edncia Franciscana da Imaculada. Frei Abel Schneider \u00e9 o segundo frade a completar 100 de anos de vida na hist\u00f3ria da Prov\u00edncia (o primeiro foi Frei Olavo Seifert, que fez 100 anos no dia 4 de agosto de 2019. Ele faleceu no dia 9 de janeiro deste ano).<\/p>\n<p>Em uma entrevista a <em>Frei Augusto Luiz Gabriel<\/em>, em 2018, ele afirmava que estava pronto para chegar aos 100 anos. Este momento hist\u00f3rico na sua vida e na da Prov\u00edncia ser\u00e1 celebrado pela Fraternidade do Noviciado de Rodeio, sem a presen\u00e7a do aniversariante.\u00a0 Frei Abel, contudo, n\u00e3o tem passado bem e est\u00e1 internado no Hospital de Rodeio<\/p>\n<p>Desde 2001, Frei Abel reside no Noviciado S\u00e3o Jos\u00e9 de Rodeio (SC). Atualmente apresenta algumas dificuldades de locomo\u00e7\u00e3o e, por isso, os novi\u00e7os se revezam e oferecem ao s\u00eanior da casa um cuidado especial.<\/p>\n<p>Segundo ele, a f\u00f3rmula para ser um bom frade menor \u00e9 ser fiel ao ideal de vida. \u201cEu quero ser isso, ent\u00e3o persisto. Esta \u00e9 a f\u00f3rmula\u201d, ensina.<\/p>\n<p>Frei Abel \u00e9 natural de Selbach (RS), onde nasceu no dia 19 de julho de 1921. Ingressou na Ordem dos Frades Menores no dia 14 de dezembro de 1946. Segundo ele, desde crian\u00e7a queria ser padre. &#8220;Para a minha surpresa, meu pai gostou muito da minha decis\u00e3o e me encaminhou para os franciscanos. A par\u00f3quia onde mor\u00e1vamos era dos frades; hoje n\u00e3o \u00e9 mais. Em Selbach, no Rio Grande do Sul, havia muitos seminaristas, companheiros que eu conhecia e outros que n\u00e3o conhecia, mas quase todos diocesanos da Diocese de Santa Maria. Ent\u00e3o, pensei: vou l\u00e1 para Santa Maria! Pensei que era a mesma coisa. Mas o pai me fez mudar de ideia e disse: n\u00e3o, voc\u00ea vai para os Franciscanos! Eu aceitei. No semin\u00e1rio, a gente aprendeu o que era ser franciscano e como ser frade menor. Neste tempo, tinha 13 anos e ingressei na etapa do fundamental. Mas aprendi pouca coisa, pois em casa s\u00f3 fal\u00e1vamos alem\u00e3o. Fui para o semin\u00e1rio sem saber o portugu\u00eas&#8221;, recorda.<\/p>\n<p>Frei Abel fez a profiss\u00e3o solene no dia 18 de dezembro de 1950 e foi ordenado sacerdote no dia 1\u00b0 de julho de 1954.<br \/>\nNa entrevista que deu a Frei Augusto, diz que a fidelidade ao ideal \u00e9 a f\u00f3rmula para ser um bom frade menor. &#8220;Ser firme e convicto: eu quero ser isso, ent\u00e3o persisto! Essa \u00e9 a f\u00f3rmula. N\u00e3o se pode ficar na indecis\u00e3o do \u2018vou n\u00e3o vou, n\u00e3o vou, vou, n\u00e3o vou\u2026\u2019. Decida e seja firme! \u00c9 claro que vai esbarrar em dificuldades, obst\u00e1culos, mas isso se encontra em qualquer situa\u00e7\u00e3o de vida. Por isso \u00e9 importante ter bem claro \u00e0 nossa frente o que queremos&#8221;, ensina.<\/p>\n<p>Para ele n\u00e3o h\u00e1 segredo na longevidade: &#8220;A vida \u00e9 um dom que Deus d\u00e1 a cada criatura. Para uns, Deus deu a brevidade, para outros, a longevidade. Ent\u00e3o, que cada um viva e respeite a vontade do Criador&#8221;.<\/p>\n","protected":false},"excerpt":{"rendered":"<p>Um novo centen\u00e1rio na Prov\u00edncia<\/p>\n","protected":false},"author":3,"featured_media":232946,"comment_status":"open","ping_status":"open","sticky":false,"template":"","format":"standard","meta":[],"categories":[1],"tags":[1870],"acf":[],"yoast_head":"<!-- This site is optimized with the Yoast SEO plugin v19.2 - https:\/\/yoast.com\/wordpress\/plugins\/seo\/ -->\n<title>Frei Abel celebra 100 anos - Not\u00edcias - Franciscanos<\/title>\n<meta name=\"robots\" content=\"index, follow, max-snippet:-1, max-image-preview:large, max-video-preview:-1\" \/>\n<link rel=\"canonical\" href=\"https:\/\/franciscanos.org.br\/noticias\/frei-abel-celebra-100-anos-no-dia-19-de-julho.html\" \/>\n<meta property=\"og:locale\" content=\"pt_BR\" \/>\n<meta property=\"og:type\" content=\"article\" \/>\n<meta property=\"og:title\" content=\"Frei Abel celebra 100 anos - Not\u00edcias - Franciscanos\" \/>\n<meta property=\"og:description\" content=\"Um novo centen\u00e1rio na Prov\u00edncia\" \/>\n<meta property=\"og:url\" content=\"https:\/\/franciscanos.org.br\/noticias\/frei-abel-celebra-100-anos-no-dia-19-de-julho.html\" \/>\n<meta property=\"og:site_name\" content=\"Not\u00edcias - Franciscanos\" \/>\n<meta property=\"article:published_time\" content=\"2021-07-19T03:14:52+00:00\" \/>\n<meta property=\"article:modified_time\" content=\"2021-07-21T18:46:05+00:00\" \/>\n<meta property=\"og:image\" content=\"https:\/\/franciscanos.org.br\/noticias\/wp-content\/uploads\/2021\/07\/abel_07d.jpg\" \/>\n\t<meta property=\"og:image:width\" content=\"800\" \/>\n\t<meta property=\"og:image:height\" content=\"550\" \/>\n\t<meta property=\"og:image:type\" content=\"image\/jpeg\" \/>\n<meta name=\"author\" content=\"moacir\" \/>\n<meta name=\"twitter:card\" content=\"summary_large_image\" \/>\n<meta name=\"twitter:label1\" content=\"Escrito por\" \/>\n\t<meta name=\"twitter:data1\" content=\"moacir\" \/>\n\t<meta name=\"twitter:label2\" content=\"Est. tempo de leitura\" \/>\n\t<meta name=\"twitter:data2\" content=\"3 minutos\" \/>\n<script type=\"application\/ld+json\" class=\"yoast-schema-graph\">{\"@context\":\"https:\/\/schema.org\",\"@graph\":[{\"@type\":\"WebSite\",\"@id\":\"https:\/\/franciscanos.org.br\/noticias\/#website\",\"url\":\"https:\/\/franciscanos.org.br\/noticias\/\",\"name\":\"Not\u00edcias - Franciscanos\",\"description\":\"Prov\u00edncia Franciscana da Imaculada Concei\u00e7\u00e3o do Brasil - Ordem dos Frades Menores - OFM\",\"potentialAction\":[{\"@type\":\"SearchAction\",\"target\":{\"@type\":\"EntryPoint\",\"urlTemplate\":\"https:\/\/franciscanos.org.br\/noticias\/?s={search_term_string}\"},\"query-input\":\"required name=search_term_string\"}],\"inLanguage\":\"pt-BR\"},{\"@type\":\"ImageObject\",\"inLanguage\":\"pt-BR\",\"@id\":\"https:\/\/franciscanos.org.br\/noticias\/frei-abel-celebra-100-anos-no-dia-19-de-julho.html#primaryimage\",\"url\":\"https:\/\/franciscanos.org.br\/noticias\/wp-content\/uploads\/2021\/07\/abel_07d.jpg\",\"contentUrl\":\"https:\/\/franciscanos.org.br\/noticias\/wp-content\/uploads\/2021\/07\/abel_07d.jpg\",\"width\":800,\"height\":550},{\"@type\":\"WebPage\",\"@id\":\"https:\/\/franciscanos.org.br\/noticias\/frei-abel-celebra-100-anos-no-dia-19-de-julho.html#webpage\",\"url\":\"https:\/\/franciscanos.org.br\/noticias\/frei-abel-celebra-100-anos-no-dia-19-de-julho.html\",\"name\":\"Frei Abel celebra 100 anos - Not\u00edcias - Franciscanos\",\"isPartOf\":{\"@id\":\"https:\/\/franciscanos.org.br\/noticias\/#website\"},\"primaryImageOfPage\":{\"@id\":\"https:\/\/franciscanos.org.br\/noticias\/frei-abel-celebra-100-anos-no-dia-19-de-julho.html#primaryimage\"},\"datePublished\":\"2021-07-19T03:14:52+00:00\",\"dateModified\":\"2021-07-21T18:46:05+00:00\",\"author\":{\"@id\":\"https:\/\/franciscanos.org.br\/noticias\/#\/schema\/person\/b5c8cba458c330ccff548b056e95a5d4\"},\"breadcrumb\":{\"@id\":\"https:\/\/franciscanos.org.br\/noticias\/frei-abel-celebra-100-anos-no-dia-19-de-julho.html#breadcrumb\"},\"inLanguage\":\"pt-BR\",\"potentialAction\":[{\"@type\":\"ReadAction\",\"target\":[\"https:\/\/franciscanos.org.br\/noticias\/frei-abel-celebra-100-anos-no-dia-19-de-julho.html\"]}]},{\"@type\":\"BreadcrumbList\",\"@id\":\"https:\/\/franciscanos.org.br\/noticias\/frei-abel-celebra-100-anos-no-dia-19-de-julho.html#breadcrumb\",\"itemListElement\":[{\"@type\":\"ListItem\",\"position\":1,\"name\":\"Home\",\"item\":\"https:\/\/franciscanos.org.br\/noticias\"},{\"@type\":\"ListItem\",\"position\":2,\"name\":\"Frei Abel celebra 100 anos\"}]},{\"@type\":\"Person\",\"@id\":\"https:\/\/franciscanos.org.br\/noticias\/#\/schema\/person\/b5c8cba458c330ccff548b056e95a5d4\",\"name\":\"moacir\",\"image\":{\"@type\":\"ImageObject\",\"inLanguage\":\"pt-BR\",\"@id\":\"https:\/\/franciscanos.org.br\/noticias\/#\/schema\/person\/image\/\",\"url\":\"https:\/\/secure.gravatar.com\/avatar\/d08aa2ce4c8dd416d4479aa8536fcf64?s=96&d=mm&r=g\",\"contentUrl\":\"https:\/\/secure.gravatar.com\/avatar\/d08aa2ce4c8dd416d4479aa8536fcf64?s=96&d=mm&r=g\",\"caption\":\"moacir\"},\"url\":\"https:\/\/franciscanos.org.br\/noticias\/author\/moacir\"}]}<\/script>\n<!-- \/ Yoast SEO plugin. -->","yoast_head_json":{"title":"Frei Abel celebra 100 anos - Not\u00edcias - Franciscanos","robots":{"index":"index","follow":"follow","max-snippet":"max-snippet:-1","max-image-preview":"max-image-preview:large","max-video-preview":"max-video-preview:-1"},"canonical":"https:\/\/franciscanos.org.br\/noticias\/frei-abel-celebra-100-anos-no-dia-19-de-julho.html","og_locale":"pt_BR","og_type":"article","og_title":"Frei Abel celebra 100 anos - Not\u00edcias - Franciscanos","og_description":"Um novo centen\u00e1rio na Prov\u00edncia","og_url":"https:\/\/franciscanos.org.br\/noticias\/frei-abel-celebra-100-anos-no-dia-19-de-julho.html","og_site_name":"Not\u00edcias - Franciscanos","article_published_time":"2021-07-19T03:14:52+00:00","article_modified_time":"2021-07-21T18:46:05+00:00","og_image":[{"width":800,"height":550,"url":"https:\/\/franciscanos.org.br\/noticias\/wp-content\/uploads\/2021\/07\/abel_07d.jpg","type":"image\/jpeg"}],"author":"moacir","twitter_card":"summary_large_image","twitter_misc":{"Escrito por":"moacir","Est. tempo de leitura":"3 minutos"},"schema":{"@context":"https:\/\/schema.org","@graph":[{"@type":"WebSite","@id":"https:\/\/franciscanos.org.br\/noticias\/#website","url":"https:\/\/franciscanos.org.br\/noticias\/","name":"Not\u00edcias - Franciscanos","description":"Prov\u00edncia Franciscana da Imaculada Concei\u00e7\u00e3o do Brasil - Ordem dos Frades Menores - OFM","potentialAction":[{"@type":"SearchAction","target":{"@type":"EntryPoint","urlTemplate":"https:\/\/franciscanos.org.br\/noticias\/?s={search_term_string}"},"query-input":"required name=search_term_string"}],"inLanguage":"pt-BR"},{"@type":"ImageObject","inLanguage":"pt-BR","@id":"https:\/\/franciscanos.org.br\/noticias\/frei-abel-celebra-100-anos-no-dia-19-de-julho.html#primaryimage","url":"https:\/\/franciscanos.org.br\/noticias\/wp-content\/uploads\/2021\/07\/abel_07d.jpg","contentUrl":"https:\/\/franciscanos.org.br\/noticias\/wp-content\/uploads\/2021\/07\/abel_07d.jpg","width":800,"height":550},{"@type":"WebPage","@id":"https:\/\/franciscanos.org.br\/noticias\/frei-abel-celebra-100-anos-no-dia-19-de-julho.html#webpage","url":"https:\/\/franciscanos.org.br\/noticias\/frei-abel-celebra-100-anos-no-dia-19-de-julho.html","name":"Frei Abel celebra 100 anos - Not\u00edcias - Franciscanos","isPartOf":{"@id":"https:\/\/franciscanos.org.br\/noticias\/#website"},"primaryImageOfPage":{"@id":"https:\/\/franciscanos.org.br\/noticias\/frei-abel-celebra-100-anos-no-dia-19-de-julho.html#primaryimage"},"datePublished":"2021-07-19T03:14:52+00:00","dateModified":"2021-07-21T18:46:05+00:00","author":{"@id":"https:\/\/franciscanos.org.br\/noticias\/#\/schema\/person\/b5c8cba458c330ccff548b056e95a5d4"},"breadcrumb":{"@id":"https:\/\/franciscanos.org.br\/noticias\/frei-abel-celebra-100-anos-no-dia-19-de-julho.html#breadcrumb"},"inLanguage":"pt-BR","potentialAction":[{"@type":"ReadAction","target":["https:\/\/franciscanos.org.br\/noticias\/frei-abel-celebra-100-anos-no-dia-19-de-julho.html"]}]},{"@type":"BreadcrumbList","@id":"https:\/\/franciscanos.org.br\/noticias\/frei-abel-celebra-100-anos-no-dia-19-de-julho.html#breadcrumb","itemListElement":[{"@type":"ListItem","position":1,"name":"Home","item":"https:\/\/franciscanos.org.br\/noticias"},{"@type":"ListItem","position":2,"name":"Frei Abel celebra 100 anos"}]},{"@type":"Person","@id":"https:\/\/franciscanos.org.br\/noticias\/#\/schema\/person\/b5c8cba458c330ccff548b056e95a5d4","name":"moacir","image":{"@type":"ImageObject","inLanguage":"pt-BR","@id":"https:\/\/franciscanos.org.br\/noticias\/#\/schema\/person\/image\/","url":"https:\/\/secure.gravatar.com\/avatar\/d08aa2ce4c8dd416d4479aa8536fcf64?s=96&d=mm&r=g","contentUrl":"https:\/\/secure.gravatar.com\/avatar\/d08aa2ce4c8dd416d4479aa8536fcf64?s=96&d=mm&r=g","caption":"moacir"},"url":"https:\/\/franciscanos.org.br\/noticias\/author\/moacir"}]}},"_links":{"self":[{"href":"https:\/\/franciscanos.org.br\/noticias\/wp-json\/wp\/v2\/posts\/232944"}],"collection":[{"href":"https:\/\/franciscanos.org.br\/noticias\/wp-json\/wp\/v2\/posts"}],"about":[{"href":"https:\/\/franciscanos.org.br\/noticias\/wp-json\/wp\/v2\/types\/post"}],"author":[{"embeddable":true,"href":"https:\/\/franciscanos.org.br\/noticias\/wp-json\/wp\/v2\/users\/3"}],"replies":[{"embeddable":true,"href":"https:\/\/franciscanos.org.br\/noticias\/wp-json\/wp\/v2\/comments?post=232944"}],"version-history":[{"count":5,"href":"https:\/\/franciscanos.org.br\/noticias\/wp-json\/wp\/v2\/posts\/232944\/revisions"}],"predecessor-version":[{"id":233324,"href":"https:\/\/franciscanos.org.br\/noticias\/wp-json\/wp\/v2\/posts\/232944\/revisions\/233324"}],"wp:featuredmedia":[{"embeddable":true,"href":"https:\/\/franciscanos.org.br\/noticias\/wp-json\/wp\/v2\/media\/232946"}],"wp:attachment":[{"href":"https:\/\/franciscanos.org.br\/noticias\/wp-json\/wp\/v2\/media?parent=232944"}],"wp:term":[{"taxonomy":"category","embeddable":true,"href":"https:\/\/franciscanos.org.br\/noticias\/wp-json\/wp\/v2\/categories?post=232944"},{"taxonomy":"post_tag","embeddable":true,"href":"https:\/\/franciscanos.org.br\/noticias\/wp-json\/wp\/v2\/tags?post=232944"}],"curies":[{"name":"wp","href":"https:\/\/api.w.org\/{rel}","templated":true}]}}