{"id":232818,"date":"2021-07-05T06:46:52","date_gmt":"2021-07-05T09:46:52","guid":{"rendered":"https:\/\/franciscanos.org.br\/noticias\/?p=232818"},"modified":"2021-07-10T14:07:43","modified_gmt":"2021-07-10T17:07:43","slug":"boletimsabado","status":"publish","type":"post","link":"https:\/\/franciscanos.org.br\/noticias\/boletimsabado.html","title":{"rendered":"Dia tranquilo para o Papa, que retoma gradualmente o trabalho"},"content":{"rendered":"<div id=\"attachment_232819\" style=\"width: 1290px\" class=\"wp-caption alignnone\"><img aria-describedby=\"caption-attachment-232819\" loading=\"lazy\" class=\"wp-image-232819 size-full\" src=\"https:\/\/franciscanos.org.br\/noticias\/wp-content\/uploads\/2021\/07\/papa_05.jpg\" alt=\"\" width=\"1280\" height=\"720\" srcset=\"https:\/\/franciscanos.org.br\/noticias\/wp-content\/uploads\/2021\/07\/papa_05.jpg 1280w, https:\/\/franciscanos.org.br\/noticias\/wp-content\/uploads\/2021\/07\/papa_05-450x253.jpg 450w, https:\/\/franciscanos.org.br\/noticias\/wp-content\/uploads\/2021\/07\/papa_05-1024x576.jpg 1024w, https:\/\/franciscanos.org.br\/noticias\/wp-content\/uploads\/2021\/07\/papa_05-768x432.jpg 768w, https:\/\/franciscanos.org.br\/noticias\/wp-content\/uploads\/2021\/07\/papa_05-150x84.jpg 150w\" sizes=\"(max-width: 1280px) 100vw, 1280px\" \/><p id=\"caption-attachment-232819\" class=\"wp-caption-text\"><em>\u00a0 \u00a0 \u00a0 \u00a0 \u00a0 \u00a0 \u00a0 \u00a0 \u00a0 \u00a0 \u00a0 \u00a0 \u00a0 \u00a0 \u00a0 \u00a0 \u00a0 \u00a0 \u00a0 \u00a0 \u00a0 \u00a0 \u00a0 \u00a0 \u00a0 \u00a0 \u00a0 \u00a0 \u00a0 \u00a0 \u00a0 \u00a0 \u00a0 \u00a0 \u00a0 \u00a0 \u00a0 \u00a0 \u00a0 \u00a0 \u00a0 \u00a0 \u00a0 \u00a0 \u00a0Imagem: Vatican Media<\/em><\/p><\/div>\n<p>\u201cO dia do Papa Francisco foi tranquilo, com o quadro cl\u00ednico esperado. Os exames de sangue s\u00e3o satisfat\u00f3rios os tratamentos prescritos.\u201d \u00c9 o que informa o diretor da Sala de Imprensa da Santa S\u00e9, Matteo Bruni.<\/p>\n<p>O Papa, acrescenta o comunicado, \u201cest\u00e1 retomando gradualmente o trabalho e continua a caminhar no corredor onde se encontra o apartamento. \u00c0 tarde, celebrou a Santa Missa na capela particular e, \u00e0 noite, jantou comunitariamente com quem o assiste nesses dias\u201d.<\/p>\n<p>\u201cO Santo Padre \u2013 conclui-se o comunicado \u2013, sentindo pessoalmente a humana dedica\u00e7\u00e3o do pessoal m\u00e9dico\u2013sanit\u00e1rio que o assiste, dirige um pensamento especial a todos aqueles que, com cuidado e compaix\u00e3o, escolhem a face do sofrimento, envolvendo-se numa rela\u00e7\u00e3o pessoal com os doentes, sobretudo os mais fr\u00e1geis e vulner\u00e1veis.\u201d<\/p>\n<p><strong>BOLETIM DE SEXTA &#8211; 09\/07<\/strong><\/p>\n<p>O Papa Francisco retomou o trabalho e celebrou a Missa com quem o assiste. N\u00e3o teve mais epis\u00f3dios de febre e no domingo o Angelus ser\u00e1 rezado do 10o andar da Policl\u00ednica Gemelli.<br \/>\nVatican News<\/p>\n<p>O Papa Francisco &#8220;transcorreu um dia tranquilo, com uma normal convalesc\u00eancia cl\u00ednica. Continua a alimentar-se regularmente e prossegue os tratamentos programados.&#8221; \u00c9 o que refere o diretor da Sala de Imprensa da Santa S\u00e9, Matteo Bruni.<\/p>\n<p>De acordo com o comunicado desta sexta-feira (09\/07), o Papa &#8220;passeou pelo corredor e retomou o trabalho, alternando-o com momentos de leitura. \u00c0 tarde, celebrou a Santa Missa na Capelinha do apartamento privado, da qual participou quem o assiste nesses dias de interna\u00e7\u00e3o&#8221;.<\/p>\n<p>&#8220;Depois de um leve epis\u00f3dio febril &#8211; informa Bruni -, o Santo Padre \u00e9 apir\u00e9tico.&#8221; &#8220;Por ocasi\u00e3o do pr\u00f3ximo domingo, acrescenta, est\u00e1 prevista a ora\u00e7\u00e3o do Angelus do 10\u00b0 andar da Policl\u00ednica Universit\u00e1ria \u201cA. Gemelli\u201d.<\/p>\n<p>O Santo Padre, assim se conclui o comunicado, &#8220;agradece pelas numerosas mensagens de afeto e proximidade que recebe diariamente e pede que continuem a rezar por ele&#8221;.<\/p>\n<p><strong>BOLETIM DE QUINTA -08\/7<\/strong><\/p>\n<p>Continua a convalesc\u00eancia do Papa no Hospital Gemelli de Roma depois da opera\u00e7\u00e3o no intestino no domingo passado: uma tomografia computadorizada resultou negativa e ontem \u00e0 noite se manifestou um epis\u00f3dio febril, como explica o comunicado do diretor da Sala de Imprensa da Santa S\u00e9, Matteo Bruni.<\/p>\n<p>&#8220;Sua Santidade Papa Francisco transcorreu um dia tranquilo, alimentando-se e locomovendo-se autonomamente. \u00c0 tarde, quis manifestar a Sua paterna proximidade \u00e0s crian\u00e7as internadas no departamento de Oncologia Pedi\u00e1trica e Neurocirurgia Infantil, enviando a elas a Sua afetuosa sauda\u00e7\u00e3o.&#8221;<\/p>\n<p>&#8220;\u00c0 noite, acrescentou Bruni, manifestou um epis\u00f3dio febril. Esta manh\u00e3, foi submetido a exames de rotina, microbiol\u00f3gicos e a uma TAC tor\u00e1cica-abdominal, com resultado negativo.&#8221;<\/p>\n<p>&#8220;O Santo Padre, concluiu o diretor da Sala de Imprensa da Santa S\u00e9, prossegue os seus tratamentos programados e a alimenta\u00e7\u00e3o por via oral. Neste particular momento, dirige o Seu olhar aos que sofrem, expressando a Sua proximidade aos doentes, especialmente aos mais necessitados de cuidados.&#8221;<\/p>\n<p><strong>BOLETIM DE QUARTA &#8211; 07\/07<\/strong><\/p>\n<p>Continua o per\u00edodo p\u00f3s-operat\u00f3rio do Papa, que no domingo foi submetido a uma cirurgia programada no intestino. \u00c9 o que explica o diretor da Sala de Imprensa da Santa S\u00e9, Matteo Bruni, em comunicado.<\/p>\n<p>\u201cA convalesc\u00eancia de Sua Santidade Papa Francisco \u2013 declara Bruni \u2013 prossegue de forma regular e satisfat\u00f3ria. O Santo Padre continua a se alimentar regularmente, tendo sido suspensa a terapia de infus\u00e3o.\u201d<\/p>\n<p>\u201cO exame histol\u00f3gico definitivo \u2013 acrescenta o diretor da Sala de Imprensa &#8211; confirmou uma estenose diverticular grave com sinais de diverticulite esclerosante.\u201d<\/p>\n<p>Por fim, Bruni informa que \u201co Papa Francisco est\u00e1 comovido com as muitas mensagens e o carinho recebidos nestes dias e expressa sua gratid\u00e3o pela proximidade e as ora\u00e7\u00f5es\u201d.<\/p>\n<p><strong>BOLETIM DE TER\u00c7A &#8211; 6\/7<\/strong><\/p>\n<p>O boletim de 6 de julho: Francisco repousou bem durante a noite e esta manh\u00e3 leu alguns jornais. Os resultados dos exames de controle de rotina s\u00e3o bons.<\/p>\n<p>A convalesc\u00eancia do Papa segue regularmente, segundo o diretor da Sala de Imprensa da Santa S\u00e9, Matteo Bruni. Francisco foi internado domingo \u00e0 tarde no Hospital Gemelli de Roma para uma opera\u00e7\u00e3o no c\u00f3lon.<\/p>\n<p>\u201cSua Santidade Papa Francisco \u2013 l\u00ea-se no comunicado \u2013 repousou bem durante a noite. Ao acordar, tomou caf\u00e9 da manh\u00e3, leu alguns jornais e se levantou para caminhar.\u201d<br \/>\n\u201cO per\u00edodo p\u00f3s-operat\u00f3rio \u00e9 regular. Os exames de controle de rotina s\u00e3o bons\u201d \u2013 acrescentou Bruni com base nas indica\u00e7\u00f5es dos m\u00e9dicos que cuidam do Pont\u00edfice.\u201d<\/p>\n<p><strong>BOLETIM DE SEGUNDA &#8211; 5\/7<\/strong><\/p>\n<p>O Papa Francisco est\u00e1 em boas condi\u00e7\u00f5es e atento. \u00c9 o que afirma o diretor da Sala de Imprensa da Santa S\u00e9, Matteo Bruni, no novo comunicado (5\/7) sobre as condi\u00e7\u00f5es de sa\u00fade do Papa ap\u00f3s a cirurgia ocorrida na noite de domingo (04\/07).<\/p>\n<p>\u201cSua Santidade o Papa Francisco est\u00e1 em boas condi\u00e7\u00f5es gerais, atento e respirando espontaneamente. A cirurgia para estenose diverticular realizada na noite de 4 de julho envolveu uma hemicolectomia esquerda e durou cerca de 3 horas\u201d, disse Bruni.<\/p>\n<p>Quanto \u00e0 perman\u00eancia do Papa no Hospital Gemelli, \u201cprev\u00ea-se uma interna\u00e7\u00e3o de cerca de 7 dias, salvo complica\u00e7\u00f5es\u201d.<\/p>\n<p><strong>BOLETIM DE DOMINGO &#8211; 4\/7<\/strong><\/p>\n<p>Concluiu-se \u00e0 noite a cirurgia \u00e0 qual foi submetido o Papa Francisco, de acordo com um comunicado do diretor da Sala de Imprensa da Santa S\u00e9, Matteo Bruni.<\/p>\n<p>\u201cO Santo Padre, internado \u00e0 tarde no Hospital A. Gemelli, foi submetido \u00e0 noite a uma opera\u00e7\u00e3o cir\u00fargica programada para tratar uma estenose diverticular do c\u00f3lon\u201d.<\/p>\n<p>\u201cO Santo Padre &#8211; explicou Bruni \u2013 reagiu bem \u00e0 opera\u00e7\u00e3o conduzida com anestesia geral pelo Prof. Sergio Alfieri, com a assist\u00eancia do Prof. Luigi Sofo, do Dr.. Antonio Tortorelli e da Dra. Roberta Menghi.\u201d<\/p>\n<p>\u201cA anestesia foi feita pelo Prof. Massimo Antonelli, pela Professora Liliana Sollazzi e pelos doutores Roberto De Cicco e Maurizio Soave. Tamb\u00e9m estavam presentes na sala cir\u00fargica o Prof. Giovanni Battista Doglietto e o Prof. Roberto Bernabei\u201d.<\/p>\n<p>O Pont\u00edfice deixou a Casa Santa Marta no in\u00edcio da tarde.<\/p>\n<hr \/>\n<p><em>Fonte: Vatican News<\/em><\/p>\n","protected":false},"excerpt":{"rendered":"<p>Papa Francisco<\/p>\n","protected":false},"author":3,"featured_media":232820,"comment_status":"open","ping_status":"open","sticky":false,"template":"","format":"standard","meta":[],"categories":[1428],"tags":[55],"acf":[],"yoast_head":"<!-- This site is optimized with the Yoast SEO plugin v19.2 - https:\/\/yoast.com\/wordpress\/plugins\/seo\/ -->\n<title>Dia tranquilo para o Papa, que retoma gradualmente o trabalho - Not\u00edcias - Franciscanos<\/title>\n<meta name=\"robots\" content=\"index, follow, max-snippet:-1, max-image-preview:large, max-video-preview:-1\" \/>\n<link rel=\"canonical\" href=\"https:\/\/franciscanos.org.br\/noticias\/boletimsabado.html\" \/>\n<meta property=\"og:locale\" content=\"pt_BR\" \/>\n<meta property=\"og:type\" content=\"article\" \/>\n<meta property=\"og:title\" content=\"Dia tranquilo para o Papa, que retoma gradualmente o trabalho - Not\u00edcias - Franciscanos\" \/>\n<meta property=\"og:description\" content=\"Papa Francisco\" \/>\n<meta property=\"og:url\" content=\"https:\/\/franciscanos.org.br\/noticias\/boletimsabado.html\" \/>\n<meta property=\"og:site_name\" content=\"Not\u00edcias - Franciscanos\" \/>\n<meta property=\"article:published_time\" content=\"2021-07-05T09:46:52+00:00\" \/>\n<meta property=\"article:modified_time\" content=\"2021-07-10T17:07:43+00:00\" \/>\n<meta property=\"og:image\" content=\"https:\/\/franciscanos.org.br\/noticias\/wp-content\/uploads\/2021\/07\/papa_05d.jpg\" \/>\n\t<meta property=\"og:image:width\" content=\"800\" \/>\n\t<meta property=\"og:image:height\" content=\"550\" \/>\n\t<meta property=\"og:image:type\" content=\"image\/jpeg\" \/>\n<meta name=\"author\" content=\"moacir\" \/>\n<meta name=\"twitter:card\" content=\"summary_large_image\" \/>\n<meta name=\"twitter:label1\" content=\"Escrito por\" \/>\n\t<meta name=\"twitter:data1\" content=\"moacir\" \/>\n\t<meta name=\"twitter:label2\" content=\"Est. tempo de leitura\" \/>\n\t<meta name=\"twitter:data2\" content=\"5 minutos\" \/>\n<script type=\"application\/ld+json\" class=\"yoast-schema-graph\">{\"@context\":\"https:\/\/schema.org\",\"@graph\":[{\"@type\":\"WebSite\",\"@id\":\"https:\/\/franciscanos.org.br\/noticias\/#website\",\"url\":\"https:\/\/franciscanos.org.br\/noticias\/\",\"name\":\"Not\u00edcias - Franciscanos\",\"description\":\"Prov\u00edncia Franciscana da Imaculada Concei\u00e7\u00e3o do Brasil - Ordem dos Frades Menores - OFM\",\"potentialAction\":[{\"@type\":\"SearchAction\",\"target\":{\"@type\":\"EntryPoint\",\"urlTemplate\":\"https:\/\/franciscanos.org.br\/noticias\/?s={search_term_string}\"},\"query-input\":\"required name=search_term_string\"}],\"inLanguage\":\"pt-BR\"},{\"@type\":\"ImageObject\",\"inLanguage\":\"pt-BR\",\"@id\":\"https:\/\/franciscanos.org.br\/noticias\/boletimsabado.html#primaryimage\",\"url\":\"https:\/\/franciscanos.org.br\/noticias\/wp-content\/uploads\/2021\/07\/papa_05d.jpg\",\"contentUrl\":\"https:\/\/franciscanos.org.br\/noticias\/wp-content\/uploads\/2021\/07\/papa_05d.jpg\",\"width\":800,\"height\":550},{\"@type\":\"WebPage\",\"@id\":\"https:\/\/franciscanos.org.br\/noticias\/boletimsabado.html#webpage\",\"url\":\"https:\/\/franciscanos.org.br\/noticias\/boletimsabado.html\",\"name\":\"Dia tranquilo para o Papa, que retoma gradualmente o trabalho - Not\u00edcias - Franciscanos\",\"isPartOf\":{\"@id\":\"https:\/\/franciscanos.org.br\/noticias\/#website\"},\"primaryImageOfPage\":{\"@id\":\"https:\/\/franciscanos.org.br\/noticias\/boletimsabado.html#primaryimage\"},\"datePublished\":\"2021-07-05T09:46:52+00:00\",\"dateModified\":\"2021-07-10T17:07:43+00:00\",\"author\":{\"@id\":\"https:\/\/franciscanos.org.br\/noticias\/#\/schema\/person\/b5c8cba458c330ccff548b056e95a5d4\"},\"breadcrumb\":{\"@id\":\"https:\/\/franciscanos.org.br\/noticias\/boletimsabado.html#breadcrumb\"},\"inLanguage\":\"pt-BR\",\"potentialAction\":[{\"@type\":\"ReadAction\",\"target\":[\"https:\/\/franciscanos.org.br\/noticias\/boletimsabado.html\"]}]},{\"@type\":\"BreadcrumbList\",\"@id\":\"https:\/\/franciscanos.org.br\/noticias\/boletimsabado.html#breadcrumb\",\"itemListElement\":[{\"@type\":\"ListItem\",\"position\":1,\"name\":\"Home\",\"item\":\"https:\/\/franciscanos.org.br\/noticias\"},{\"@type\":\"ListItem\",\"position\":2,\"name\":\"Dia tranquilo para o Papa, que retoma gradualmente o trabalho\"}]},{\"@type\":\"Person\",\"@id\":\"https:\/\/franciscanos.org.br\/noticias\/#\/schema\/person\/b5c8cba458c330ccff548b056e95a5d4\",\"name\":\"moacir\",\"image\":{\"@type\":\"ImageObject\",\"inLanguage\":\"pt-BR\",\"@id\":\"https:\/\/franciscanos.org.br\/noticias\/#\/schema\/person\/image\/\",\"url\":\"https:\/\/secure.gravatar.com\/avatar\/d08aa2ce4c8dd416d4479aa8536fcf64?s=96&d=mm&r=g\",\"contentUrl\":\"https:\/\/secure.gravatar.com\/avatar\/d08aa2ce4c8dd416d4479aa8536fcf64?s=96&d=mm&r=g\",\"caption\":\"moacir\"},\"url\":\"https:\/\/franciscanos.org.br\/noticias\/author\/moacir\"}]}<\/script>\n<!-- \/ Yoast SEO plugin. -->","yoast_head_json":{"title":"Dia tranquilo para o Papa, que retoma gradualmente o trabalho - Not\u00edcias - Franciscanos","robots":{"index":"index","follow":"follow","max-snippet":"max-snippet:-1","max-image-preview":"max-image-preview:large","max-video-preview":"max-video-preview:-1"},"canonical":"https:\/\/franciscanos.org.br\/noticias\/boletimsabado.html","og_locale":"pt_BR","og_type":"article","og_title":"Dia tranquilo para o Papa, que retoma gradualmente o trabalho - Not\u00edcias - Franciscanos","og_description":"Papa Francisco","og_url":"https:\/\/franciscanos.org.br\/noticias\/boletimsabado.html","og_site_name":"Not\u00edcias - Franciscanos","article_published_time":"2021-07-05T09:46:52+00:00","article_modified_time":"2021-07-10T17:07:43+00:00","og_image":[{"width":800,"height":550,"url":"https:\/\/franciscanos.org.br\/noticias\/wp-content\/uploads\/2021\/07\/papa_05d.jpg","type":"image\/jpeg"}],"author":"moacir","twitter_card":"summary_large_image","twitter_misc":{"Escrito por":"moacir","Est. tempo de leitura":"5 minutos"},"schema":{"@context":"https:\/\/schema.org","@graph":[{"@type":"WebSite","@id":"https:\/\/franciscanos.org.br\/noticias\/#website","url":"https:\/\/franciscanos.org.br\/noticias\/","name":"Not\u00edcias - Franciscanos","description":"Prov\u00edncia Franciscana da Imaculada Concei\u00e7\u00e3o do Brasil - Ordem dos Frades Menores - OFM","potentialAction":[{"@type":"SearchAction","target":{"@type":"EntryPoint","urlTemplate":"https:\/\/franciscanos.org.br\/noticias\/?s={search_term_string}"},"query-input":"required name=search_term_string"}],"inLanguage":"pt-BR"},{"@type":"ImageObject","inLanguage":"pt-BR","@id":"https:\/\/franciscanos.org.br\/noticias\/boletimsabado.html#primaryimage","url":"https:\/\/franciscanos.org.br\/noticias\/wp-content\/uploads\/2021\/07\/papa_05d.jpg","contentUrl":"https:\/\/franciscanos.org.br\/noticias\/wp-content\/uploads\/2021\/07\/papa_05d.jpg","width":800,"height":550},{"@type":"WebPage","@id":"https:\/\/franciscanos.org.br\/noticias\/boletimsabado.html#webpage","url":"https:\/\/franciscanos.org.br\/noticias\/boletimsabado.html","name":"Dia tranquilo para o Papa, que retoma gradualmente o trabalho - Not\u00edcias - Franciscanos","isPartOf":{"@id":"https:\/\/franciscanos.org.br\/noticias\/#website"},"primaryImageOfPage":{"@id":"https:\/\/franciscanos.org.br\/noticias\/boletimsabado.html#primaryimage"},"datePublished":"2021-07-05T09:46:52+00:00","dateModified":"2021-07-10T17:07:43+00:00","author":{"@id":"https:\/\/franciscanos.org.br\/noticias\/#\/schema\/person\/b5c8cba458c330ccff548b056e95a5d4"},"breadcrumb":{"@id":"https:\/\/franciscanos.org.br\/noticias\/boletimsabado.html#breadcrumb"},"inLanguage":"pt-BR","potentialAction":[{"@type":"ReadAction","target":["https:\/\/franciscanos.org.br\/noticias\/boletimsabado.html"]}]},{"@type":"BreadcrumbList","@id":"https:\/\/franciscanos.org.br\/noticias\/boletimsabado.html#breadcrumb","itemListElement":[{"@type":"ListItem","position":1,"name":"Home","item":"https:\/\/franciscanos.org.br\/noticias"},{"@type":"ListItem","position":2,"name":"Dia tranquilo para o Papa, que retoma gradualmente o trabalho"}]},{"@type":"Person","@id":"https:\/\/franciscanos.org.br\/noticias\/#\/schema\/person\/b5c8cba458c330ccff548b056e95a5d4","name":"moacir","image":{"@type":"ImageObject","inLanguage":"pt-BR","@id":"https:\/\/franciscanos.org.br\/noticias\/#\/schema\/person\/image\/","url":"https:\/\/secure.gravatar.com\/avatar\/d08aa2ce4c8dd416d4479aa8536fcf64?s=96&d=mm&r=g","contentUrl":"https:\/\/secure.gravatar.com\/avatar\/d08aa2ce4c8dd416d4479aa8536fcf64?s=96&d=mm&r=g","caption":"moacir"},"url":"https:\/\/franciscanos.org.br\/noticias\/author\/moacir"}]}},"_links":{"self":[{"href":"https:\/\/franciscanos.org.br\/noticias\/wp-json\/wp\/v2\/posts\/232818"}],"collection":[{"href":"https:\/\/franciscanos.org.br\/noticias\/wp-json\/wp\/v2\/posts"}],"about":[{"href":"https:\/\/franciscanos.org.br\/noticias\/wp-json\/wp\/v2\/types\/post"}],"author":[{"embeddable":true,"href":"https:\/\/franciscanos.org.br\/noticias\/wp-json\/wp\/v2\/users\/3"}],"replies":[{"embeddable":true,"href":"https:\/\/franciscanos.org.br\/noticias\/wp-json\/wp\/v2\/comments?post=232818"}],"version-history":[{"count":10,"href":"https:\/\/franciscanos.org.br\/noticias\/wp-json\/wp\/v2\/posts\/232818\/revisions"}],"predecessor-version":[{"id":232995,"href":"https:\/\/franciscanos.org.br\/noticias\/wp-json\/wp\/v2\/posts\/232818\/revisions\/232995"}],"wp:featuredmedia":[{"embeddable":true,"href":"https:\/\/franciscanos.org.br\/noticias\/wp-json\/wp\/v2\/media\/232820"}],"wp:attachment":[{"href":"https:\/\/franciscanos.org.br\/noticias\/wp-json\/wp\/v2\/media?parent=232818"}],"wp:term":[{"taxonomy":"category","embeddable":true,"href":"https:\/\/franciscanos.org.br\/noticias\/wp-json\/wp\/v2\/categories?post=232818"},{"taxonomy":"post_tag","embeddable":true,"href":"https:\/\/franciscanos.org.br\/noticias\/wp-json\/wp\/v2\/tags?post=232818"}],"curies":[{"name":"wp","href":"https:\/\/api.w.org\/{rel}","templated":true}]}}