{"id":23280,"date":"2012-09-04T07:54:44","date_gmt":"2012-09-04T10:54:44","guid":{"rendered":"http:\/\/new.franciscanos.org.br\/?p=23280"},"modified":"2019-08-06T13:38:52","modified_gmt":"2019-08-06T16:38:52","slug":"direitos-a-toda-populacao-pede-grito-dos-excluidos-2012","status":"publish","type":"post","link":"https:\/\/franciscanos.org.br\/noticias\/direitos-a-toda-populacao-pede-grito-dos-excluidos-2012.html","title":{"rendered":"Direitos a toda popula\u00e7\u00e3o pede Grito dos Exclu\u00eddos 2012"},"content":{"rendered":"<p><img loading=\"lazy\" class=\"alignright\" title=\"3156_040912\" src=\"http:\/\/franciscanos.org.br\/wp-content\/uploads\/2012\/09\/3156_040912.jpg\" alt=\"\" width=\"400\" height=\"620\" \/><\/p>\n<p>A 18\u00aa edi\u00e7\u00e3o do Grito dos Exclu\u00eddos acontecer\u00e1 neste feriado de 7 de setembro em todo o pa\u00eds e trar\u00e1 o tema \u201cQueremos um Estado a servi\u00e7o da na\u00e7\u00e3o, que garanta direitos a toda popula\u00e7\u00e3o\u201d. O lan\u00e7amento deste evento nacional e internacional, no \u00faltimo dia 30, teve a presen\u00e7a de Dom Guilherme Werlang, Bispo da Diocese de Ipameri, e representantes de pastorais, movimentos e entidades de todo o pa\u00eds.<\/p>\n<p>Entre objetivos do Grito, a mobiliza\u00e7\u00e3o visa denunciar o modelo pol\u00edtico e econ\u00f4mico vigente que, ao mesmo tempo, concentra riqueza e renda e condena milh\u00f5es de pessoas \u00e0 exclus\u00e3o social, al\u00e9m de propor caminhos alternativos ao modelo econ\u00f4mico neoliberal, de forma a desenvolver uma pol\u00edtica de inclus\u00e3o social, com a participa\u00e7\u00e3o ampla de todos os cidad\u00e3os.<\/p>\n<p>O Grito dos Exclu\u00eddos \u00e9 uma manifesta\u00e7\u00e3o popular carregada de simbolismo. \u00c9 um espa\u00e7o de anima\u00e7\u00e3o e profecia, sempre aberto e plural de pessoas, grupos, entidades, igrejas e movimentos sociais comprometidos com as causas das pessoas exclu\u00eddas.<\/p>\n<p>De 1\u00ba a 7 de setembro est\u00e3o sendo realizadas a\u00e7\u00f5es, semin\u00e1rios e manifesta\u00e7\u00f5es em todo o pa\u00eds, a fim de apontar as caracter\u00edsticas principais do Estado que almejamos para o Brasil.<\/p>\n<p>A Usina hidrel\u00e9trica de Belo Monte, em Altamira (Par\u00e1), \u00e9 uma das mais pol\u00eamicas obras do Programa de Acelera\u00e7\u00e3o de Crescimento (PAC) e recentemente teve suas obras reiniciadas por decis\u00e3o do Supremo Tribunal Federal. Esse problema exemplifica bem quais s\u00e3o as inten\u00e7\u00f5es do Grito, enquanto evento de massa que pretende denunciar e n\u00e3o se calar diante de obras que colocam o povo em segundo plano.<\/p>\n<p>O dia 7 de setembro \u00e9 dia da comemora\u00e7\u00e3o da independ\u00eancia do Brasil, o Dia da P\u00e1tria, al\u00e9m de um dia festa e celebra\u00e7\u00e3o, vai se tornando um dia de consci\u00eancia pol\u00edtica de luta por uma nova ordem nacional e mundial. \u00c9 um dia de sair \u00e0s ruas, comemorar, refletir, reivindicar e lutar, em vista de uma cidadania ativa e de participa\u00e7\u00e3o, colaborando na constru\u00e7\u00e3o de uma nova sociedade, justa, solid\u00e1ria, plural e fraterna.<\/p>\n<p>A proposta do Grito surgiu no Brasil no ano de 1994 e o 1\u00ba Grito dos Exclu\u00eddos foi realizado em setembro de 1995, com o objetivo de aprofundar o tema da Campanha da Fraternidade do mesmo ano, que tinha como lema &#8220;Eras tu, Senhor&#8221;, e aprofundar os desafios levantados na 2\u00aa Semana Social Brasileira, cujo tema era &#8220;Brasil, alternativas e protagonistas&#8221;. Em 1999, o Grito rompeu fronteiras e estendeu-se para as Am\u00e9ricas.<\/p>\n<p>O Grito foi concebido para ser um processo de constru\u00e7\u00e3o coletiva, neste mutir\u00e3o est\u00e3o juntos Pastorais Sociais, Semana Social Brasileira, Movimentos Populares, sociais e sindical, Campanha Jubileu, Grito Continental, Igrejas, Mutir\u00e3o contra a Mis\u00e9ria e a Fome.<\/p>\n<p><strong>Servi\u00e7o<\/strong><\/p>\n<p>O Grito dos Exclu\u00eddos 2012 em S\u00e3o Paulo acontecer\u00e1 em dois pontos principais da capital: \u00e0s 8 horas, com a celebra\u00e7\u00e3o e concentra\u00e7\u00e3o na Catedral da S\u00e9, tendo na sequ\u00eancia a caminhada at\u00e9 o Monumento do Ipiranga.<\/p>\n<p>A segunda manifesta\u00e7\u00e3o ter\u00e1 concentra\u00e7\u00e3o, \u00e0s 9 horas, na Pra\u00e7a Oswaldo Cruz, com caminhada na sequ\u00eancia no sentido do Parque Ibirapuera.<\/p>\n<p><strong>Veja mais em:<\/strong> <a href=\"http:\/\/www.gritodosexcluidos.org\" target=\"_blank\" rel=\"noopener noreferrer\">http:\/\/www.gritodosexcluidos.org<\/a><\/p>\n","protected":false},"excerpt":{"rendered":"<p>CNBB<\/p>\n","protected":false},"author":1,"featured_media":208975,"comment_status":"closed","ping_status":"closed","sticky":false,"template":"","format":"standard","meta":[],"categories":[1],"tags":[],"acf":[],"yoast_head":"<!-- This site is optimized with the Yoast SEO plugin v19.2 - https:\/\/yoast.com\/wordpress\/plugins\/seo\/ -->\n<title>Direitos a toda popula\u00e7\u00e3o pede Grito dos Exclu\u00eddos 2012 - Not\u00edcias - Franciscanos<\/title>\n<meta name=\"robots\" content=\"index, follow, max-snippet:-1, max-image-preview:large, max-video-preview:-1\" \/>\n<link rel=\"canonical\" href=\"https:\/\/franciscanos.org.br\/noticias\/direitos-a-toda-populacao-pede-grito-dos-excluidos-2012.html\" \/>\n<meta property=\"og:locale\" content=\"pt_BR\" \/>\n<meta property=\"og:type\" content=\"article\" \/>\n<meta property=\"og:title\" content=\"Direitos a toda popula\u00e7\u00e3o pede Grito dos Exclu\u00eddos 2012 - Not\u00edcias - Franciscanos\" \/>\n<meta property=\"og:description\" content=\"CNBB\" \/>\n<meta property=\"og:url\" content=\"https:\/\/franciscanos.org.br\/noticias\/direitos-a-toda-populacao-pede-grito-dos-excluidos-2012.html\" \/>\n<meta property=\"og:site_name\" content=\"Not\u00edcias - Franciscanos\" \/>\n<meta property=\"article:published_time\" content=\"2012-09-04T10:54:44+00:00\" \/>\n<meta property=\"article:modified_time\" content=\"2019-08-06T16:38:52+00:00\" \/>\n<meta property=\"og:image\" content=\"https:\/\/franciscanos.org.br\/noticias\/wp-content\/uploads\/2012\/09\/3156_040912.jpg\" \/>\n\t<meta property=\"og:image:width\" content=\"273\" \/>\n\t<meta property=\"og:image:height\" content=\"182\" \/>\n\t<meta property=\"og:image:type\" content=\"image\/jpeg\" \/>\n<meta name=\"author\" content=\"admin\" \/>\n<meta name=\"twitter:card\" content=\"summary_large_image\" \/>\n<meta name=\"twitter:label1\" content=\"Escrito por\" \/>\n\t<meta name=\"twitter:data1\" content=\"admin\" \/>\n\t<meta name=\"twitter:label2\" content=\"Est. tempo de leitura\" \/>\n\t<meta name=\"twitter:data2\" content=\"3 minutos\" \/>\n<script type=\"application\/ld+json\" class=\"yoast-schema-graph\">{\"@context\":\"https:\/\/schema.org\",\"@graph\":[{\"@type\":\"WebSite\",\"@id\":\"https:\/\/franciscanos.org.br\/noticias\/#website\",\"url\":\"https:\/\/franciscanos.org.br\/noticias\/\",\"name\":\"Not\u00edcias - Franciscanos\",\"description\":\"Prov\u00edncia Franciscana da Imaculada Concei\u00e7\u00e3o do Brasil - Ordem dos Frades Menores - OFM\",\"potentialAction\":[{\"@type\":\"SearchAction\",\"target\":{\"@type\":\"EntryPoint\",\"urlTemplate\":\"https:\/\/franciscanos.org.br\/noticias\/?s={search_term_string}\"},\"query-input\":\"required name=search_term_string\"}],\"inLanguage\":\"pt-BR\"},{\"@type\":\"ImageObject\",\"inLanguage\":\"pt-BR\",\"@id\":\"https:\/\/franciscanos.org.br\/noticias\/direitos-a-toda-populacao-pede-grito-dos-excluidos-2012.html#primaryimage\",\"url\":\"https:\/\/franciscanos.org.br\/noticias\/wp-content\/uploads\/2012\/09\/3156_040912.jpg\",\"contentUrl\":\"https:\/\/franciscanos.org.br\/noticias\/wp-content\/uploads\/2012\/09\/3156_040912.jpg\",\"width\":273,\"height\":182},{\"@type\":\"WebPage\",\"@id\":\"https:\/\/franciscanos.org.br\/noticias\/direitos-a-toda-populacao-pede-grito-dos-excluidos-2012.html#webpage\",\"url\":\"https:\/\/franciscanos.org.br\/noticias\/direitos-a-toda-populacao-pede-grito-dos-excluidos-2012.html\",\"name\":\"Direitos a toda popula\u00e7\u00e3o pede Grito dos Exclu\u00eddos 2012 - Not\u00edcias - Franciscanos\",\"isPartOf\":{\"@id\":\"https:\/\/franciscanos.org.br\/noticias\/#website\"},\"primaryImageOfPage\":{\"@id\":\"https:\/\/franciscanos.org.br\/noticias\/direitos-a-toda-populacao-pede-grito-dos-excluidos-2012.html#primaryimage\"},\"datePublished\":\"2012-09-04T10:54:44+00:00\",\"dateModified\":\"2019-08-06T16:38:52+00:00\",\"author\":{\"@id\":\"https:\/\/franciscanos.org.br\/noticias\/#\/schema\/person\/b38fbf43118f02820bd932f2e4b14ad3\"},\"breadcrumb\":{\"@id\":\"https:\/\/franciscanos.org.br\/noticias\/direitos-a-toda-populacao-pede-grito-dos-excluidos-2012.html#breadcrumb\"},\"inLanguage\":\"pt-BR\",\"potentialAction\":[{\"@type\":\"ReadAction\",\"target\":[\"https:\/\/franciscanos.org.br\/noticias\/direitos-a-toda-populacao-pede-grito-dos-excluidos-2012.html\"]}]},{\"@type\":\"BreadcrumbList\",\"@id\":\"https:\/\/franciscanos.org.br\/noticias\/direitos-a-toda-populacao-pede-grito-dos-excluidos-2012.html#breadcrumb\",\"itemListElement\":[{\"@type\":\"ListItem\",\"position\":1,\"name\":\"Home\",\"item\":\"https:\/\/franciscanos.org.br\/noticias\"},{\"@type\":\"ListItem\",\"position\":2,\"name\":\"Direitos a toda popula\u00e7\u00e3o pede Grito dos Exclu\u00eddos 2012\"}]},{\"@type\":\"Person\",\"@id\":\"https:\/\/franciscanos.org.br\/noticias\/#\/schema\/person\/b38fbf43118f02820bd932f2e4b14ad3\",\"name\":\"admin\",\"image\":{\"@type\":\"ImageObject\",\"inLanguage\":\"pt-BR\",\"@id\":\"https:\/\/franciscanos.org.br\/noticias\/#\/schema\/person\/image\/\",\"url\":\"https:\/\/secure.gravatar.com\/avatar\/e8495742d34d0ba6448ea1c628263b3e?s=96&d=mm&r=g\",\"contentUrl\":\"https:\/\/secure.gravatar.com\/avatar\/e8495742d34d0ba6448ea1c628263b3e?s=96&d=mm&r=g\",\"caption\":\"admin\"},\"url\":\"https:\/\/franciscanos.org.br\/noticias\/author\/admin\"}]}<\/script>\n<!-- \/ Yoast SEO plugin. -->","yoast_head_json":{"title":"Direitos a toda popula\u00e7\u00e3o pede Grito dos Exclu\u00eddos 2012 - Not\u00edcias - Franciscanos","robots":{"index":"index","follow":"follow","max-snippet":"max-snippet:-1","max-image-preview":"max-image-preview:large","max-video-preview":"max-video-preview:-1"},"canonical":"https:\/\/franciscanos.org.br\/noticias\/direitos-a-toda-populacao-pede-grito-dos-excluidos-2012.html","og_locale":"pt_BR","og_type":"article","og_title":"Direitos a toda popula\u00e7\u00e3o pede Grito dos Exclu\u00eddos 2012 - Not\u00edcias - Franciscanos","og_description":"CNBB","og_url":"https:\/\/franciscanos.org.br\/noticias\/direitos-a-toda-populacao-pede-grito-dos-excluidos-2012.html","og_site_name":"Not\u00edcias - Franciscanos","article_published_time":"2012-09-04T10:54:44+00:00","article_modified_time":"2019-08-06T16:38:52+00:00","og_image":[{"width":273,"height":182,"url":"https:\/\/franciscanos.org.br\/noticias\/wp-content\/uploads\/2012\/09\/3156_040912.jpg","type":"image\/jpeg"}],"author":"admin","twitter_card":"summary_large_image","twitter_misc":{"Escrito por":"admin","Est. tempo de leitura":"3 minutos"},"schema":{"@context":"https:\/\/schema.org","@graph":[{"@type":"WebSite","@id":"https:\/\/franciscanos.org.br\/noticias\/#website","url":"https:\/\/franciscanos.org.br\/noticias\/","name":"Not\u00edcias - Franciscanos","description":"Prov\u00edncia Franciscana da Imaculada Concei\u00e7\u00e3o do Brasil - Ordem dos Frades Menores - OFM","potentialAction":[{"@type":"SearchAction","target":{"@type":"EntryPoint","urlTemplate":"https:\/\/franciscanos.org.br\/noticias\/?s={search_term_string}"},"query-input":"required name=search_term_string"}],"inLanguage":"pt-BR"},{"@type":"ImageObject","inLanguage":"pt-BR","@id":"https:\/\/franciscanos.org.br\/noticias\/direitos-a-toda-populacao-pede-grito-dos-excluidos-2012.html#primaryimage","url":"https:\/\/franciscanos.org.br\/noticias\/wp-content\/uploads\/2012\/09\/3156_040912.jpg","contentUrl":"https:\/\/franciscanos.org.br\/noticias\/wp-content\/uploads\/2012\/09\/3156_040912.jpg","width":273,"height":182},{"@type":"WebPage","@id":"https:\/\/franciscanos.org.br\/noticias\/direitos-a-toda-populacao-pede-grito-dos-excluidos-2012.html#webpage","url":"https:\/\/franciscanos.org.br\/noticias\/direitos-a-toda-populacao-pede-grito-dos-excluidos-2012.html","name":"Direitos a toda popula\u00e7\u00e3o pede Grito dos Exclu\u00eddos 2012 - Not\u00edcias - Franciscanos","isPartOf":{"@id":"https:\/\/franciscanos.org.br\/noticias\/#website"},"primaryImageOfPage":{"@id":"https:\/\/franciscanos.org.br\/noticias\/direitos-a-toda-populacao-pede-grito-dos-excluidos-2012.html#primaryimage"},"datePublished":"2012-09-04T10:54:44+00:00","dateModified":"2019-08-06T16:38:52+00:00","author":{"@id":"https:\/\/franciscanos.org.br\/noticias\/#\/schema\/person\/b38fbf43118f02820bd932f2e4b14ad3"},"breadcrumb":{"@id":"https:\/\/franciscanos.org.br\/noticias\/direitos-a-toda-populacao-pede-grito-dos-excluidos-2012.html#breadcrumb"},"inLanguage":"pt-BR","potentialAction":[{"@type":"ReadAction","target":["https:\/\/franciscanos.org.br\/noticias\/direitos-a-toda-populacao-pede-grito-dos-excluidos-2012.html"]}]},{"@type":"BreadcrumbList","@id":"https:\/\/franciscanos.org.br\/noticias\/direitos-a-toda-populacao-pede-grito-dos-excluidos-2012.html#breadcrumb","itemListElement":[{"@type":"ListItem","position":1,"name":"Home","item":"https:\/\/franciscanos.org.br\/noticias"},{"@type":"ListItem","position":2,"name":"Direitos a toda popula\u00e7\u00e3o pede Grito dos Exclu\u00eddos 2012"}]},{"@type":"Person","@id":"https:\/\/franciscanos.org.br\/noticias\/#\/schema\/person\/b38fbf43118f02820bd932f2e4b14ad3","name":"admin","image":{"@type":"ImageObject","inLanguage":"pt-BR","@id":"https:\/\/franciscanos.org.br\/noticias\/#\/schema\/person\/image\/","url":"https:\/\/secure.gravatar.com\/avatar\/e8495742d34d0ba6448ea1c628263b3e?s=96&d=mm&r=g","contentUrl":"https:\/\/secure.gravatar.com\/avatar\/e8495742d34d0ba6448ea1c628263b3e?s=96&d=mm&r=g","caption":"admin"},"url":"https:\/\/franciscanos.org.br\/noticias\/author\/admin"}]}},"_links":{"self":[{"href":"https:\/\/franciscanos.org.br\/noticias\/wp-json\/wp\/v2\/posts\/23280"}],"collection":[{"href":"https:\/\/franciscanos.org.br\/noticias\/wp-json\/wp\/v2\/posts"}],"about":[{"href":"https:\/\/franciscanos.org.br\/noticias\/wp-json\/wp\/v2\/types\/post"}],"author":[{"embeddable":true,"href":"https:\/\/franciscanos.org.br\/noticias\/wp-json\/wp\/v2\/users\/1"}],"replies":[{"embeddable":true,"href":"https:\/\/franciscanos.org.br\/noticias\/wp-json\/wp\/v2\/comments?post=23280"}],"version-history":[{"count":0,"href":"https:\/\/franciscanos.org.br\/noticias\/wp-json\/wp\/v2\/posts\/23280\/revisions"}],"wp:featuredmedia":[{"embeddable":true,"href":"https:\/\/franciscanos.org.br\/noticias\/wp-json\/wp\/v2\/media\/208975"}],"wp:attachment":[{"href":"https:\/\/franciscanos.org.br\/noticias\/wp-json\/wp\/v2\/media?parent=23280"}],"wp:term":[{"taxonomy":"category","embeddable":true,"href":"https:\/\/franciscanos.org.br\/noticias\/wp-json\/wp\/v2\/categories?post=23280"},{"taxonomy":"post_tag","embeddable":true,"href":"https:\/\/franciscanos.org.br\/noticias\/wp-json\/wp\/v2\/tags?post=23280"}],"curies":[{"name":"wp","href":"https:\/\/api.w.org\/{rel}","templated":true}]}}