{"id":232781,"date":"2021-07-04T08:08:42","date_gmt":"2021-07-04T11:08:42","guid":{"rendered":"https:\/\/franciscanos.org.br\/noticias\/?p=232781"},"modified":"2021-07-04T08:47:53","modified_gmt":"2021-07-04T11:47:53","slug":"papa-gostamos-de-acreditar-em-um-deus-com-efeitos-especiais","status":"publish","type":"post","link":"https:\/\/franciscanos.org.br\/noticias\/papa-gostamos-de-acreditar-em-um-deus-com-efeitos-especiais.html","title":{"rendered":"Papa: gostamos de acreditar em um deus &#8220;com efeitos especiais&#8221;"},"content":{"rendered":"<div id=\"attachment_232782\" style=\"width: 1290px\" class=\"wp-caption alignnone\"><img aria-describedby=\"caption-attachment-232782\" loading=\"lazy\" class=\"wp-image-232782 size-full\" src=\"https:\/\/franciscanos.org.br\/noticias\/wp-content\/uploads\/2021\/07\/angelus_04.jpg\" alt=\"\" width=\"1280\" height=\"720\" srcset=\"https:\/\/franciscanos.org.br\/noticias\/wp-content\/uploads\/2021\/07\/angelus_04.jpg 1280w, https:\/\/franciscanos.org.br\/noticias\/wp-content\/uploads\/2021\/07\/angelus_04-450x253.jpg 450w, https:\/\/franciscanos.org.br\/noticias\/wp-content\/uploads\/2021\/07\/angelus_04-1024x576.jpg 1024w, https:\/\/franciscanos.org.br\/noticias\/wp-content\/uploads\/2021\/07\/angelus_04-768x432.jpg 768w, https:\/\/franciscanos.org.br\/noticias\/wp-content\/uploads\/2021\/07\/angelus_04-150x84.jpg 150w\" sizes=\"(max-width: 1280px) 100vw, 1280px\" \/><p id=\"caption-attachment-232782\" class=\"wp-caption-text\"><em>\u00a0 \u00a0 \u00a0 \u00a0 \u00a0 \u00a0 \u00a0 \u00a0 \u00a0 \u00a0 \u00a0 \u00a0 \u00a0 \u00a0 \u00a0 \u00a0 \u00a0 \u00a0 \u00a0 \u00a0 \u00a0 \u00a0 \u00a0 \u00a0 \u00a0 \u00a0 \u00a0 \u00a0 \u00a0 \u00a0 \u00a0 \u00a0 \u00a0 \u00a0 \u00a0 \u00a0 \u00a0 \u00a0 \u00a0 \u00a0 \u00a0 \u00a0 \u00a0 \u00a0 \u00a0 \u00a0 \u00a0 \u00a0 \u00a0 \u00a0 \u00a0 \u00a0 \u00a0 \u00a0 \u00a0 \u00a0 \u00a0 \u00a0 Imagem: Vatican Media<\/em><\/p><\/div>\n<p>&#8220;Pe\u00e7amos a Nossa Senhora, que acolheu o mist\u00e9rio de Deus na vida cotidiana de Nazar\u00e9, para ter olhos e cora\u00e7\u00f5es livres de preconceitos e abertos \u00e0 maravilha, \u00e0s surpresas de Deus, \u00e0 Sua presen\u00e7a humilde e escondida na vida cotidiana.&#8221;<\/p>\n<p>Foi a ora\u00e7\u00e3o com a qual o Papa Francisco concluiu a alocu\u00e7\u00e3o que precede o Angelus ao conduzir a ora\u00e7\u00e3o mariana ao meio-dia deste domingo, XIV do Tempo Comum, dirigindo-se aos fi\u00e9is e peregrinos presentes na Pra\u00e7a S\u00e3o Pedro.<\/p>\n<p><strong>Incredulidade dos conterr\u00e2neos de Jesus<\/strong><br \/>\nComentando o Evangelho do dia (Mc 6,1-6), Francisco ressaltou que o mesmo nos fala da incredulidade dos conterr\u00e2neos de Jesus. Depois de pregar em outras aldeias da Galileia, Jesus voltou a Nazar\u00e9, onde havia crescido com Maria e Jos\u00e9; e, num s\u00e1bado, come\u00e7ou a ensinar na sinagoga.<\/p>\n<p>Muitos, ouvindo-o, se perguntam: &#8220;De onde lhe vem toda essa sabedoria? N\u00e3o \u00e9 o filho do carpinteiro e de Maria, isto \u00e9, de nossos vizinhos que conhecemos bem?&#8221;, acrescentou o Santo Padre, apresentando esta p\u00e1gina do Evangelho que traz a visita de Jesus a Nazar\u00e9.<\/p>\n<p><strong>Nenhum profeta \u00e9 bem recebido em sua pr\u00f3pria terra<\/strong><br \/>\nO Pont\u00edfice recordou que diante desta rea\u00e7\u00e3o, Jesus afirma uma verdade que tamb\u00e9m se tornou parte da sabedoria popular: &#8220;Um profeta n\u00e3o \u00e9 desprezado exceto em sua pr\u00f3pria p\u00e1tria, entre seus parentes e em sua pr\u00f3pria casa&#8221;.<\/p>\n<p>A este ponto, Francisco se deteve na atitude dos conterr\u00e2neos de Jesus: &#8220;Podemos dizer que eles conhecem Jesus, mas n\u00e3o o reconhecem. Efetivamente, h\u00e1 diferen\u00e7a entre conhecer e reconhecer: podemos saber v\u00e1rias coisas sobre uma pessoa, formar uma ideia, confiar no que os outros dizem sobre ela, talvez de vez em quando encontr\u00e1-la no bairro, mas tudo isso n\u00e3o \u00e9 suficiente. Trata-se de um conhecer superficial, que n\u00e3o reconhece a unicidade dessa pessoa. \u00c9 um risco que todos n\u00f3s corremos: achamos que sabemos tanto sobre uma pessoa, rotulamo-la e a restringimos em nossos preconceitos.&#8221;<\/p>\n<p><strong>Rejei\u00e7\u00e3o \u00e0 novidade de Jesus<\/strong><br \/>\nDa mesma forma, acrescentou o Papa, os conterr\u00e2neos de Jesus o conhecem h\u00e1 trinta anos e pensam que sabem tudo; na realidade, nunca se deram conta de quem \u00e9 verdadeiramente. Eles se det\u00eam \u00e0 exterioridade e rejeitam a novidade de Jesus.<\/p>\n<p>Quando deixamos a comodidade do h\u00e1bito e a ditadura dos preconceitos prevalecer, observou o Santo Padre, \u00e9 dif\u00edcil nos abrir \u00e0 novidade e nos deixarmos surpreender. Muitas vezes acabamos procurando confirma\u00e7\u00e3o de nossas ideias e esquemas na vida, em nossas experi\u00eancias e at\u00e9 mesmo nas pessoas, para nunca ter que fazer o esfor\u00e7o de mudar.<\/p>\n<p><strong>Abrir-se \u00e0 novidade e surpresas de Deus<\/strong><br \/>\n&#8220;Mas sem abertura \u00e0 novidade e \u00e0s surpresas de Deus, sem admira\u00e7\u00e3o, a f\u00e9 se torna uma ladainha cansada que lentamente se extingue&#8221;, enfatizou.<\/p>\n<p>Afinal, por que os conterr\u00e2neos de Jesus n\u00e3o O reconhecem e acreditam n\u2019Ele? Qual \u00e9 o motivo? \u2013 perguntou o Papa. &#8220;Podemos dizer, em poucas palavras, que n\u00e3o aceitam o esc\u00e2ndalo da Encarna\u00e7\u00e3o&#8221;, respondeu Francisco. &#8220;\u00c9 escandaloso que a imensid\u00e3o de Deus se revele na pequenez de nossa carne, que o Filho de Deus seja o filho do carpinteiro, que a divindade esteja escondida na humanidade, que Deus habite no rosto, nas palavras, nos gestos de um simples homem.&#8221;<\/p>\n<p><strong>O esc\u00e2ndalo da encarna\u00e7\u00e3o de Deus<\/strong><br \/>\nEis o esc\u00e2ndalo: a encarna\u00e7\u00e3o de Deus, sua concretude, seu &#8220;cotidiano&#8221;. Na realidade, \u00e9 mais c\u00f4modo um deus abstrato e distante, que n\u00e3o se intromete nas situa\u00e7\u00f5es e que aceita uma f\u00e9 distante da vida, dos problemas, da sociedade. Ou mesmo gostamos de acreditar em um deus &#8220;com efeitos especiais&#8221;, que s\u00f3 faz coisas excepcionais e sempre d\u00e1 grandes emo\u00e7\u00f5es&#8221;, disse ainda Francisco.<\/p>\n<p>&#8220;Ao inv\u00e9s, Deus se encarnou: humilde, terno, escondido, se faz pr\u00f3ximo de n\u00f3s habitando a normalidade de nossa vida cotidiana. E assim, como os conterr\u00e2neos de Jesus, corremos o risco que, quando passa, n\u00e3o o reconhecemos, ali\u00e1s, nos escandalizamos por Ele.&#8221;<\/p>\n<hr \/>\n<h3><strong>O Papa confirma visita \u00e0 Hungria e Eslov\u00e1quia<\/strong><\/h3>\n<p><i>\u201cTenho a alegria de anunciar que de 12 a 15 de setembro pr\u00f3ximo, se Deus quiser, irei \u00e0 Eslov\u00e1quia para fazer uma visita pastoral. Os eslovacos est\u00e3o ali contentes&#8230;\u201d<\/i>, disse o Papa acenando para os eslovacos presentes na Pra\u00e7a S\u00e3o Pedro.<\/p>\n<p>Foi o pr\u00f3prio Papa que confirmou, ao t\u00e9rmino do Angelus este domingo na Pra\u00e7a de S\u00e3o Pedro, a viagem de 12 a 15 de setembro pr\u00f3ximo \u00e0 Eslov\u00e1quia, explicando que na parte da manh\u00e3 do dia 12 concelebrar\u00e1 em Budapeste, na Hungria, a missa de encerramento do 52\u00ba Congresso Eucar\u00edstico Internacional:<\/p>\n<p><i>\u201cAgrade\u00e7o de cora\u00e7\u00e3o \u00e0queles que est\u00e3o preparando esta viagem e rezo por eles\u201d. Rezemos todos por esta viagem e pelas pessoas que est\u00e3o trabalhando para organiz\u00e1-la.\u201d<\/i><\/p>\n<h2>O an\u00fancio no voo Bagd\u00e1-Roma<\/h2>\n<p>Trata-se da segunda viagem apost\u00f3lica de 2021, ap\u00f3s a importante viagem ao Iraque. E precisamente no voo de retorno de Bagd\u00e1, na habitual entrevista concedida aos jornalistas, Francisco, em resposta a uma pergunta sobre viagens futuras, anunciou sua presen\u00e7a em Budapeste para presidir o encerramento do 52\u00ba Congresso Eucar\u00edstico Internacional. Acrescentou &#8211; referindo-se ao fato de que muitas de suas viagens s\u00e3o o resultado de longas reflex\u00f5es, mas tamb\u00e9m de intui\u00e7\u00f5es repentinas &#8211; que tamb\u00e9m faria etapa em Bratislava, dada a proximidade entre os dois pa\u00edses.<\/p>\n<p>&#8220;Agora terei que ir \u00e0 Hungria para a missa final do Congresso Eucar\u00edstico Internacional, n\u00e3o para uma visita ao pa\u00eds, mas somente para a missa. Mas Budapeste fica a duas horas de carro de Bratislava, por que n\u00e3o fazer uma visita \u00e0 Eslov\u00e1quia? \u00c9 assim que as coisas v\u00eam&#8230;&#8221;<\/p>\n<h2>O Papa em Bratislava e outras tr\u00eas cidades eslovacas<\/h2>\n<p>Em particular, a etapa na Eslov\u00e1quia incluir\u00e1 n\u00e3o apenas uma visita a Bratislava, mas tamb\u00e9m a tr\u00eas outras cidades, como confirmado numa declara\u00e7\u00e3o do diretor da Sala de Imprensa da Santa s\u00e9, Matteo Bruni:<\/p>\n<p>&#8220;Como anunciou o Santo Padre no Angelus desta manh\u00e3, a convite das Autoridades civis e das Confer\u00eancias episcopais, no domingo 12 de setembro de 2021, o Papa Francisco estar\u00e1 em Budapeste por ocasi\u00e3o da Santa Missa de encerramento do 52\u00ba Congresso Eucar\u00edstico Internacional; posteriormente, de 12 a 15 de setembro de 2021, viajar\u00e1 para a Eslov\u00e1quia, visitando as cidades de Bratislava, Pr\u00e9sov, Koesice e \u0160a\u0161tin. O programa da viagem ser\u00e1 posteriormente publicado.&#8221;<\/p>\n<hr \/>\n<p><em>Fonte: Vatican News ( texto de Raimundo de Lima)<\/em><\/p>\n","protected":false},"excerpt":{"rendered":"<p>Angelus<\/p>\n","protected":false},"author":3,"featured_media":232783,"comment_status":"open","ping_status":"open","sticky":false,"template":"","format":"standard","meta":[],"categories":[1428],"tags":[403],"acf":[],"yoast_head":"<!-- This site is optimized with the Yoast SEO plugin v19.2 - https:\/\/yoast.com\/wordpress\/plugins\/seo\/ -->\n<title>Papa: gostamos de acreditar em um deus &quot;com efeitos especiais&quot; - Not\u00edcias - Franciscanos<\/title>\n<meta name=\"robots\" content=\"index, follow, max-snippet:-1, max-image-preview:large, max-video-preview:-1\" \/>\n<link rel=\"canonical\" href=\"https:\/\/franciscanos.org.br\/noticias\/papa-gostamos-de-acreditar-em-um-deus-com-efeitos-especiais.html\" \/>\n<meta property=\"og:locale\" content=\"pt_BR\" \/>\n<meta property=\"og:type\" content=\"article\" \/>\n<meta property=\"og:title\" content=\"Papa: gostamos de acreditar em um deus &quot;com efeitos especiais&quot; - Not\u00edcias - Franciscanos\" \/>\n<meta property=\"og:description\" content=\"Angelus\" \/>\n<meta property=\"og:url\" content=\"https:\/\/franciscanos.org.br\/noticias\/papa-gostamos-de-acreditar-em-um-deus-com-efeitos-especiais.html\" \/>\n<meta property=\"og:site_name\" content=\"Not\u00edcias - Franciscanos\" \/>\n<meta property=\"article:published_time\" content=\"2021-07-04T11:08:42+00:00\" \/>\n<meta property=\"article:modified_time\" content=\"2021-07-04T11:47:53+00:00\" \/>\n<meta property=\"og:image\" content=\"https:\/\/franciscanos.org.br\/noticias\/wp-content\/uploads\/2021\/07\/angelus_04d.jpg\" \/>\n\t<meta property=\"og:image:width\" content=\"800\" \/>\n\t<meta property=\"og:image:height\" content=\"550\" \/>\n\t<meta property=\"og:image:type\" content=\"image\/jpeg\" \/>\n<meta name=\"author\" content=\"moacir\" \/>\n<meta name=\"twitter:card\" content=\"summary_large_image\" \/>\n<meta name=\"twitter:label1\" content=\"Escrito por\" \/>\n\t<meta name=\"twitter:data1\" content=\"moacir\" \/>\n\t<meta name=\"twitter:label2\" content=\"Est. tempo de leitura\" \/>\n\t<meta name=\"twitter:data2\" content=\"6 minutos\" \/>\n<script type=\"application\/ld+json\" class=\"yoast-schema-graph\">{\"@context\":\"https:\/\/schema.org\",\"@graph\":[{\"@type\":\"WebSite\",\"@id\":\"https:\/\/franciscanos.org.br\/noticias\/#website\",\"url\":\"https:\/\/franciscanos.org.br\/noticias\/\",\"name\":\"Not\u00edcias - Franciscanos\",\"description\":\"Prov\u00edncia Franciscana da Imaculada Concei\u00e7\u00e3o do Brasil - Ordem dos Frades Menores - OFM\",\"potentialAction\":[{\"@type\":\"SearchAction\",\"target\":{\"@type\":\"EntryPoint\",\"urlTemplate\":\"https:\/\/franciscanos.org.br\/noticias\/?s={search_term_string}\"},\"query-input\":\"required name=search_term_string\"}],\"inLanguage\":\"pt-BR\"},{\"@type\":\"ImageObject\",\"inLanguage\":\"pt-BR\",\"@id\":\"https:\/\/franciscanos.org.br\/noticias\/papa-gostamos-de-acreditar-em-um-deus-com-efeitos-especiais.html#primaryimage\",\"url\":\"https:\/\/franciscanos.org.br\/noticias\/wp-content\/uploads\/2021\/07\/angelus_04d.jpg\",\"contentUrl\":\"https:\/\/franciscanos.org.br\/noticias\/wp-content\/uploads\/2021\/07\/angelus_04d.jpg\",\"width\":800,\"height\":550},{\"@type\":\"WebPage\",\"@id\":\"https:\/\/franciscanos.org.br\/noticias\/papa-gostamos-de-acreditar-em-um-deus-com-efeitos-especiais.html#webpage\",\"url\":\"https:\/\/franciscanos.org.br\/noticias\/papa-gostamos-de-acreditar-em-um-deus-com-efeitos-especiais.html\",\"name\":\"Papa: gostamos de acreditar em um deus \\\"com efeitos especiais\\\" - Not\u00edcias - Franciscanos\",\"isPartOf\":{\"@id\":\"https:\/\/franciscanos.org.br\/noticias\/#website\"},\"primaryImageOfPage\":{\"@id\":\"https:\/\/franciscanos.org.br\/noticias\/papa-gostamos-de-acreditar-em-um-deus-com-efeitos-especiais.html#primaryimage\"},\"datePublished\":\"2021-07-04T11:08:42+00:00\",\"dateModified\":\"2021-07-04T11:47:53+00:00\",\"author\":{\"@id\":\"https:\/\/franciscanos.org.br\/noticias\/#\/schema\/person\/b5c8cba458c330ccff548b056e95a5d4\"},\"breadcrumb\":{\"@id\":\"https:\/\/franciscanos.org.br\/noticias\/papa-gostamos-de-acreditar-em-um-deus-com-efeitos-especiais.html#breadcrumb\"},\"inLanguage\":\"pt-BR\",\"potentialAction\":[{\"@type\":\"ReadAction\",\"target\":[\"https:\/\/franciscanos.org.br\/noticias\/papa-gostamos-de-acreditar-em-um-deus-com-efeitos-especiais.html\"]}]},{\"@type\":\"BreadcrumbList\",\"@id\":\"https:\/\/franciscanos.org.br\/noticias\/papa-gostamos-de-acreditar-em-um-deus-com-efeitos-especiais.html#breadcrumb\",\"itemListElement\":[{\"@type\":\"ListItem\",\"position\":1,\"name\":\"Home\",\"item\":\"https:\/\/franciscanos.org.br\/noticias\"},{\"@type\":\"ListItem\",\"position\":2,\"name\":\"Papa: gostamos de acreditar em um deus &#8220;com efeitos especiais&#8221;\"}]},{\"@type\":\"Person\",\"@id\":\"https:\/\/franciscanos.org.br\/noticias\/#\/schema\/person\/b5c8cba458c330ccff548b056e95a5d4\",\"name\":\"moacir\",\"image\":{\"@type\":\"ImageObject\",\"inLanguage\":\"pt-BR\",\"@id\":\"https:\/\/franciscanos.org.br\/noticias\/#\/schema\/person\/image\/\",\"url\":\"https:\/\/secure.gravatar.com\/avatar\/d08aa2ce4c8dd416d4479aa8536fcf64?s=96&d=mm&r=g\",\"contentUrl\":\"https:\/\/secure.gravatar.com\/avatar\/d08aa2ce4c8dd416d4479aa8536fcf64?s=96&d=mm&r=g\",\"caption\":\"moacir\"},\"url\":\"https:\/\/franciscanos.org.br\/noticias\/author\/moacir\"}]}<\/script>\n<!-- \/ Yoast SEO plugin. -->","yoast_head_json":{"title":"Papa: gostamos de acreditar em um deus \"com efeitos especiais\" - Not\u00edcias - Franciscanos","robots":{"index":"index","follow":"follow","max-snippet":"max-snippet:-1","max-image-preview":"max-image-preview:large","max-video-preview":"max-video-preview:-1"},"canonical":"https:\/\/franciscanos.org.br\/noticias\/papa-gostamos-de-acreditar-em-um-deus-com-efeitos-especiais.html","og_locale":"pt_BR","og_type":"article","og_title":"Papa: gostamos de acreditar em um deus \"com efeitos especiais\" - Not\u00edcias - Franciscanos","og_description":"Angelus","og_url":"https:\/\/franciscanos.org.br\/noticias\/papa-gostamos-de-acreditar-em-um-deus-com-efeitos-especiais.html","og_site_name":"Not\u00edcias - Franciscanos","article_published_time":"2021-07-04T11:08:42+00:00","article_modified_time":"2021-07-04T11:47:53+00:00","og_image":[{"width":800,"height":550,"url":"https:\/\/franciscanos.org.br\/noticias\/wp-content\/uploads\/2021\/07\/angelus_04d.jpg","type":"image\/jpeg"}],"author":"moacir","twitter_card":"summary_large_image","twitter_misc":{"Escrito por":"moacir","Est. tempo de leitura":"6 minutos"},"schema":{"@context":"https:\/\/schema.org","@graph":[{"@type":"WebSite","@id":"https:\/\/franciscanos.org.br\/noticias\/#website","url":"https:\/\/franciscanos.org.br\/noticias\/","name":"Not\u00edcias - Franciscanos","description":"Prov\u00edncia Franciscana da Imaculada Concei\u00e7\u00e3o do Brasil - Ordem dos Frades Menores - OFM","potentialAction":[{"@type":"SearchAction","target":{"@type":"EntryPoint","urlTemplate":"https:\/\/franciscanos.org.br\/noticias\/?s={search_term_string}"},"query-input":"required name=search_term_string"}],"inLanguage":"pt-BR"},{"@type":"ImageObject","inLanguage":"pt-BR","@id":"https:\/\/franciscanos.org.br\/noticias\/papa-gostamos-de-acreditar-em-um-deus-com-efeitos-especiais.html#primaryimage","url":"https:\/\/franciscanos.org.br\/noticias\/wp-content\/uploads\/2021\/07\/angelus_04d.jpg","contentUrl":"https:\/\/franciscanos.org.br\/noticias\/wp-content\/uploads\/2021\/07\/angelus_04d.jpg","width":800,"height":550},{"@type":"WebPage","@id":"https:\/\/franciscanos.org.br\/noticias\/papa-gostamos-de-acreditar-em-um-deus-com-efeitos-especiais.html#webpage","url":"https:\/\/franciscanos.org.br\/noticias\/papa-gostamos-de-acreditar-em-um-deus-com-efeitos-especiais.html","name":"Papa: gostamos de acreditar em um deus \"com efeitos especiais\" - Not\u00edcias - Franciscanos","isPartOf":{"@id":"https:\/\/franciscanos.org.br\/noticias\/#website"},"primaryImageOfPage":{"@id":"https:\/\/franciscanos.org.br\/noticias\/papa-gostamos-de-acreditar-em-um-deus-com-efeitos-especiais.html#primaryimage"},"datePublished":"2021-07-04T11:08:42+00:00","dateModified":"2021-07-04T11:47:53+00:00","author":{"@id":"https:\/\/franciscanos.org.br\/noticias\/#\/schema\/person\/b5c8cba458c330ccff548b056e95a5d4"},"breadcrumb":{"@id":"https:\/\/franciscanos.org.br\/noticias\/papa-gostamos-de-acreditar-em-um-deus-com-efeitos-especiais.html#breadcrumb"},"inLanguage":"pt-BR","potentialAction":[{"@type":"ReadAction","target":["https:\/\/franciscanos.org.br\/noticias\/papa-gostamos-de-acreditar-em-um-deus-com-efeitos-especiais.html"]}]},{"@type":"BreadcrumbList","@id":"https:\/\/franciscanos.org.br\/noticias\/papa-gostamos-de-acreditar-em-um-deus-com-efeitos-especiais.html#breadcrumb","itemListElement":[{"@type":"ListItem","position":1,"name":"Home","item":"https:\/\/franciscanos.org.br\/noticias"},{"@type":"ListItem","position":2,"name":"Papa: gostamos de acreditar em um deus &#8220;com efeitos especiais&#8221;"}]},{"@type":"Person","@id":"https:\/\/franciscanos.org.br\/noticias\/#\/schema\/person\/b5c8cba458c330ccff548b056e95a5d4","name":"moacir","image":{"@type":"ImageObject","inLanguage":"pt-BR","@id":"https:\/\/franciscanos.org.br\/noticias\/#\/schema\/person\/image\/","url":"https:\/\/secure.gravatar.com\/avatar\/d08aa2ce4c8dd416d4479aa8536fcf64?s=96&d=mm&r=g","contentUrl":"https:\/\/secure.gravatar.com\/avatar\/d08aa2ce4c8dd416d4479aa8536fcf64?s=96&d=mm&r=g","caption":"moacir"},"url":"https:\/\/franciscanos.org.br\/noticias\/author\/moacir"}]}},"_links":{"self":[{"href":"https:\/\/franciscanos.org.br\/noticias\/wp-json\/wp\/v2\/posts\/232781"}],"collection":[{"href":"https:\/\/franciscanos.org.br\/noticias\/wp-json\/wp\/v2\/posts"}],"about":[{"href":"https:\/\/franciscanos.org.br\/noticias\/wp-json\/wp\/v2\/types\/post"}],"author":[{"embeddable":true,"href":"https:\/\/franciscanos.org.br\/noticias\/wp-json\/wp\/v2\/users\/3"}],"replies":[{"embeddable":true,"href":"https:\/\/franciscanos.org.br\/noticias\/wp-json\/wp\/v2\/comments?post=232781"}],"version-history":[{"count":4,"href":"https:\/\/franciscanos.org.br\/noticias\/wp-json\/wp\/v2\/posts\/232781\/revisions"}],"predecessor-version":[{"id":232787,"href":"https:\/\/franciscanos.org.br\/noticias\/wp-json\/wp\/v2\/posts\/232781\/revisions\/232787"}],"wp:featuredmedia":[{"embeddable":true,"href":"https:\/\/franciscanos.org.br\/noticias\/wp-json\/wp\/v2\/media\/232783"}],"wp:attachment":[{"href":"https:\/\/franciscanos.org.br\/noticias\/wp-json\/wp\/v2\/media?parent=232781"}],"wp:term":[{"taxonomy":"category","embeddable":true,"href":"https:\/\/franciscanos.org.br\/noticias\/wp-json\/wp\/v2\/categories?post=232781"},{"taxonomy":"post_tag","embeddable":true,"href":"https:\/\/franciscanos.org.br\/noticias\/wp-json\/wp\/v2\/tags?post=232781"}],"curies":[{"name":"wp","href":"https:\/\/api.w.org\/{rel}","templated":true}]}}