{"id":232716,"date":"2021-07-03T06:31:18","date_gmt":"2021-07-03T09:31:18","guid":{"rendered":"https:\/\/franciscanos.org.br\/noticias\/?p=232716"},"modified":"2021-07-03T19:57:54","modified_gmt":"2021-07-03T22:57:54","slug":"frei-michael-pede-oracao-para-redescobrir-a-verdade-mais-profunda-de-nossa-identidade","status":"publish","type":"post","link":"https:\/\/franciscanos.org.br\/noticias\/frei-michael-pede-oracao-para-redescobrir-a-verdade-mais-profunda-de-nossa-identidade.html","title":{"rendered":"Frei Michael pede ora\u00e7\u00e3o para &#8220;redescobrir a verdade mais profunda de nossa identidade&#8221;"},"content":{"rendered":"<div id=\"attachment_232717\" style=\"width: 1290px\" class=\"wp-caption alignnone\"><img aria-describedby=\"caption-attachment-232717\" loading=\"lazy\" class=\"wp-image-232717 size-full\" src=\"https:\/\/franciscanos.org.br\/noticias\/wp-content\/uploads\/2021\/07\/capitulo_03.jpg\" alt=\"\" width=\"1280\" height=\"720\" srcset=\"https:\/\/franciscanos.org.br\/noticias\/wp-content\/uploads\/2021\/07\/capitulo_03.jpg 1280w, https:\/\/franciscanos.org.br\/noticias\/wp-content\/uploads\/2021\/07\/capitulo_03-450x253.jpg 450w, https:\/\/franciscanos.org.br\/noticias\/wp-content\/uploads\/2021\/07\/capitulo_03-1024x576.jpg 1024w, https:\/\/franciscanos.org.br\/noticias\/wp-content\/uploads\/2021\/07\/capitulo_03-768x432.jpg 768w, https:\/\/franciscanos.org.br\/noticias\/wp-content\/uploads\/2021\/07\/capitulo_03-150x84.jpg 150w\" sizes=\"(max-width: 1280px) 100vw, 1280px\" \/><p id=\"caption-attachment-232717\" class=\"wp-caption-text\"><em>\u00a0 \u00a0 \u00a0 \u00a0 \u00a0 \u00a0 \u00a0 \u00a0 \u00a0 \u00a0 \u00a0 \u00a0 \u00a0 \u00a0 \u00a0 \u00a0 \u00a0 \u00a0 \u00a0 \u00a0 \u00a0 \u00a0 \u00a0 \u00a0 \u00a0 \u00a0 \u00a0 \u00a0 \u00a0 \u00a0 \u00a0 \u00a0 \u00a0 \u00a0 \u00a0 \u00a0 \u00a0 \u00a0 \u00a0 \u00a0 \u00a0 \u00a0 \u00a0 \u00a0 \u00a0 \u00a0 \u00a0 Imagem: captura de tela da transmiss\u00e3o digital<\/em><\/p><\/div>\n<p>O Ministro Geral, Frei Michael Perry, abriu neste s\u00e1bado, 3 de julho, o Cap\u00edtulo Geral da Ordem dos Frades Menores, no Col\u00e9gio Internacional S\u00e3o Louren\u00e7o de Brindisi, dos Frades Menores Capuchinhos, em Roma, \u00e0s 10 horas (5 horas do Brasil). Este grande encontro dos Frades Menores tem como tema: \u201cRenovemos nossa vis\u00e3o, abracemos nosso futuro\u201d.<\/p>\n<p>Tendo como inspira\u00e7\u00e3o b\u00edblica Ef\u00e9sios 5, 14: \u201cDesperta\u2026 e te iluminar\u00e1 Cristo\u201d, este Cap\u00edtulo Geral quer celebrar e exprimir a comunh\u00e3o fraterna de toda a Ordem. De 3 a 18 de julho de 2021, os 117 capitulares reunidos trabalhar\u00e3o juntos, como irm\u00e3os, para promover a riqueza e a vida da Ordem, para discernir os caminhos pelos quais o Senhor os chama a renovar e crescer no servi\u00e7o do Evangelho. Tamb\u00e9m ser\u00e1 o Cap\u00edtulo que vai eleger um novo governo para a Ordem no per\u00edodo de 2021-2027.<\/p>\n<p>Desta Prov\u00edncia Franciscana da Imaculada Concei\u00e7\u00e3o estar\u00e1 participando o Ministro Provincial, Frei C\u00e9sar K\u00fclkamp, que tamb\u00e9m \u00e9 presidente da Confer\u00eancia dos Ministros Provinciais do Brasil e do Cone Sul. Por esta Confer\u00eancia, participam ainda do Brasil 6 provinciais e 3 cust\u00f3dios, e tr\u00eas provinciais do Cone Sul (Argentina, Paraguai e Chile).<\/p>\n<p>Frei Michael partiu da cita\u00e7\u00e3o de Ef\u00e9sios, 2,19.22 para fundamentar sua homilia. &#8220;Voc\u00eas, portanto, j\u00e1 n\u00e3o s\u00e3o estrangeiros nem h\u00f3spedes, mas concidad\u00e3os do povo de Deus e membros da fam\u00edlia de Deus. Em Cristo, voc\u00eas tamb\u00e9m s\u00e3o integrados nessa constru\u00e7\u00e3o, para se tornarem morada de Deus, por meio do Esp\u00edrito&#8221;.<\/p>\n<p>Ele tamb\u00e9m juntou \u00e0 reflex\u00e3o um trecho da enc\u00edclica <em>Fratelli Tutti<\/em> (88), quando o Papa Francisco recorda uma verdade espiritual mais profunda sobre todos e a cada um dos seres humanos: &#8220;A partir da intimidade de cada cora\u00e7\u00e3o, o amor cria v\u00ednculos e amplia a exist\u00eancia, quando arranca a pessoa de si mesma para o outro. Feitos para o amor, existe em cada um de n\u00f3s &#8220;uma esp\u00e9cie de lei de \u00eaxtase: sair de si mesmo para encontrar nos outros um acrescentamento de ser&#8221;. Por isso, &#8220;o homem deve conseguir um dia partir de si mesmo, deixar de procurar apoio em si mesmo, deixar-se levar&#8221;.<\/p>\n<p><img loading=\"lazy\" class=\"alignnone wp-image-232718 size-full\" src=\"https:\/\/franciscanos.org.br\/noticias\/wp-content\/uploads\/2021\/07\/capitulo_04.jpg\" alt=\"\" width=\"1280\" height=\"720\" srcset=\"https:\/\/franciscanos.org.br\/noticias\/wp-content\/uploads\/2021\/07\/capitulo_04.jpg 1280w, https:\/\/franciscanos.org.br\/noticias\/wp-content\/uploads\/2021\/07\/capitulo_04-450x253.jpg 450w, https:\/\/franciscanos.org.br\/noticias\/wp-content\/uploads\/2021\/07\/capitulo_04-1024x576.jpg 1024w, https:\/\/franciscanos.org.br\/noticias\/wp-content\/uploads\/2021\/07\/capitulo_04-768x432.jpg 768w, https:\/\/franciscanos.org.br\/noticias\/wp-content\/uploads\/2021\/07\/capitulo_04-150x84.jpg 150w\" sizes=\"(max-width: 1280px) 100vw, 1280px\" \/><\/p>\n<p>Segundo ele, os frades vieram a este &#8220;sagrado evento do Cap\u00edtulo Geral&#8221; para entrar no mesmo tipo de experi\u00eancia de que fala S\u00e3o Paulo em sua carta \u00e0s comunidades crist\u00e3s mistas, formadas por judeus e gentios de \u00c9feso, &#8220;uma experi\u00eancia de cura, de reconcilia\u00e7\u00e3o, de ir mais al\u00e9m de n\u00f3s mesmos, de come\u00e7ar de novo como membros do \u00fanico Corpo de Cristo&#8221;.<\/p>\n<p>Para o Ministro Geral, o chamado \u00e0 reconcilia\u00e7\u00e3o e \u00e0 paz entre o grupo misto de crentes de \u00c9feso p\u00f5e em destaque as numerosas divis\u00f5es &#8211; religiosas, culturais, ideol\u00f3gicas, pol\u00edticas, econ\u00f4micas etc &#8211; que estavam presentes e que amea\u00e7avam minar o poder transformador do Evangelho. &#8220;Em vez de entrar nos m\u00e9ritos de cada um dos argumentos que provocavam a divis\u00e3o, Paulo convida a seus correligion\u00e1rios a olhar a Cruz de Jesus Cristo como meio para superar tudo o que os divide e separa, incapazes de se reconhecerem como irm\u00e3os e irm\u00e3s, criados por Deus para viver em harmonia, justi\u00e7a e paz&#8221;, observou o Ministro Geral.<\/p>\n<p>&#8220;Quando Paulo aponta a cruz, n\u00e3o est\u00e1 dirigindo a aten\u00e7\u00e3o na dire\u00e7\u00e3o do \u00eaxito e do poder, mas na dire\u00e7\u00e3o da humilha\u00e7\u00e3o e da impot\u00eancia do Filho de Deus. Precisamente pela debilidade, segundo Paulo, somos capazes de superar tudo o que divide e separa, de nos sobrepormos a todos os medos e de entrar em uma nova consci\u00eancia de quem \u00e9 Deus e do que Deus est\u00e1 fazendo em Cristo Jesus pelo bem do mundo e do universo criado. Por acaso n\u00e3o tem sido esta tamb\u00e9m a experi\u00eancia da pandemia da Covid-19? N\u00e3o nos colocou de joelhos, a toda a humanidade, e nos lembrou nossa impot\u00eancia, e nossa total depend\u00eancia de Deus e a interdepend\u00eancia de uns com os outros?&#8221;, questionou Frei Michael.<\/p>\n<p><img loading=\"lazy\" class=\"alignnone wp-image-232735 size-full\" src=\"https:\/\/franciscanos.org.br\/noticias\/wp-content\/uploads\/2021\/07\/capitulo_03_6.jpg\" alt=\"\" width=\"1024\" height=\"568\" srcset=\"https:\/\/franciscanos.org.br\/noticias\/wp-content\/uploads\/2021\/07\/capitulo_03_6.jpg 1024w, https:\/\/franciscanos.org.br\/noticias\/wp-content\/uploads\/2021\/07\/capitulo_03_6-450x250.jpg 450w, https:\/\/franciscanos.org.br\/noticias\/wp-content\/uploads\/2021\/07\/capitulo_03_6-768x426.jpg 768w, https:\/\/franciscanos.org.br\/noticias\/wp-content\/uploads\/2021\/07\/capitulo_03_6-150x83.jpg 150w\" sizes=\"(max-width: 1024px) 100vw, 1024px\" \/><\/p>\n<p>Para ele, a realidade da Ordem n\u00e3o \u00e9 muito diferente da situa\u00e7\u00e3o das comunidades crist\u00e3s de \u00c9feso. &#8220;N\u00f3s tamb\u00e9m experimentamos muitos desafios, consequ\u00eancia da grande diversidade presente na vida da Ordem: ideol\u00f3gica, espiritual, socioecon\u00f4mica, clerical\/laical, hetero\/homossexual, cultural, geogr\u00e1fica, racial, de casta, de regi\u00e3o, etc. O chamado \u00e0 convers\u00e3o que Paulo anuncia aos crentes &#8211; em n\u00edvel individual e comunit\u00e1rio &#8211; n\u00e3o tem nada que ver com excluir estas diferen\u00e7as, fazendo como se n\u00e3o existissem. Durante demasiado tempo, a Ordem e a Igreja prometeram estar &#8216;por cima da cultura&#8217;, dalt\u00f4nicos, impondo a uniformidade de pensamento e atuando como um meio para excluir as diferen\u00e7as e, deste modo, criar uma falsa sensa\u00e7\u00e3o de harmonia e identidade comum&#8221;, criticou.<\/p>\n<p>Segundo o Ministro Geral, Paulo n\u00e3o pretende que, uma vez que uma pessoa se batiza na vida, morte e ressurrei\u00e7\u00e3o de Jesus, todas as diferen\u00e7as desaparecem. &#8220;Mas bem sugere que s\u00f3 quando reconhecemos e aceitamos nossa debilidade, o incompleto que somos, quando despertamos para a necessidade de abrir nossas vidas \u00e0 diversidade de experi\u00eancias presentes na comunidade crente, presentes em nossas fraternidades locais da Ordem, e permitir que esta diversidade enrique\u00e7a nossas vidas humanas e espirituais, s\u00f3 ent\u00e3o chegaremos \u00e0 experi\u00eancia de ser &#8220;uma morada de Deus no Esp\u00edrito&#8221; (Ef. 2,22). O Esp\u00edrito estar\u00e1 presente, impulsionando-nos e ajudando-nos sempre a &#8216;seguir a doutrina e as pegadas de Nosso Senhor Jesus Cristo&#8230;&#8217; (<em>RnB<\/em> 1) juntos como irm\u00e3os no caminho da vida&#8221;, ensinou.<\/p>\n<p><img loading=\"lazy\" class=\"alignnone wp-image-232719 size-full\" src=\"https:\/\/franciscanos.org.br\/noticias\/wp-content\/uploads\/2021\/07\/capitulo_02.jpg\" alt=\"\" width=\"1280\" height=\"720\" srcset=\"https:\/\/franciscanos.org.br\/noticias\/wp-content\/uploads\/2021\/07\/capitulo_02.jpg 1280w, https:\/\/franciscanos.org.br\/noticias\/wp-content\/uploads\/2021\/07\/capitulo_02-450x253.jpg 450w, https:\/\/franciscanos.org.br\/noticias\/wp-content\/uploads\/2021\/07\/capitulo_02-1024x576.jpg 1024w, https:\/\/franciscanos.org.br\/noticias\/wp-content\/uploads\/2021\/07\/capitulo_02-768x432.jpg 768w, https:\/\/franciscanos.org.br\/noticias\/wp-content\/uploads\/2021\/07\/capitulo_02-150x84.jpg 150w\" sizes=\"(max-width: 1280px) 100vw, 1280px\" \/><\/p>\n<p>Frei Michael pediu aos capitulares: &#8220;Oremos para que nosso Cap\u00edtulo Geral seja um momento para redescobrir a verdade mais profunda de nossa identidade e miss\u00e3o enquanto seres humanos, disc\u00edpulos do Senhor Jesus ressuscitado e irm\u00e3os da \u00fanica fraternidade universal da Ordem&#8221;, exortou.<\/p>\n<p>&#8220;Nesta festa de S\u00e3o Tom\u00e9, recordemos o que temos escutado na passagem do Evangelho, ou seja, que Jesus ressuscitado invade a casa para se encontrar com seus disc\u00edpulos assustados e temerosos e lhes diz: A paz esteja contigo! Ao faz\u00ea-lo, lhes revela o poder de Deus para transformar a tristeza em alegria, a desconfian\u00e7a em f\u00e9, e a decep\u00e7\u00e3o, a amargura e a derrota em esperan\u00e7a. A festa do Ap\u00f3stolo Tom\u00e9 nos recorda que, embora nossa f\u00e9 seja d\u00e9bil, Jesus ressuscitado deseja abrir as &#8220;portas de nossa mente&#8221;, guiar nossos cora\u00e7\u00f5es e habitar em cada um de n\u00f3s&#8221;, acrescentou.<\/p>\n<p>E concluiu: &#8220;Amados irm\u00e3os, que possamos celebrar nossa rica diversidade, permitindo que nos tire de n\u00f3s mesmos, de nossos pequenos e demasiados mundos protetores. Que o Esp\u00edrito de Deus abra nossas mentes e nossos cora\u00e7\u00f5es de tal maneira que possamos reconhecer nos demais o templo de Deus e a morada do Esp\u00edrito presente nos cora\u00e7\u00f5es de todos e cada um dos irm\u00e3os. Se somos capazes de abra\u00e7ar esse modo de ver e viver, descobriremos uma nova for\u00e7a que nos permitir\u00e1 superar os limites de nossas mentalidades e estruturas tradicionais, abrindo-nos a uma experi\u00eancia genu\u00edna e universal de uma ecologia fraterna de amor e acolhida capaz de renovar a vida dos irm\u00e3os da Ordem. Recordemos diariamente em cada uma de nossas fraternidades e neste Cap\u00edtulo Geral que &#8216;fomos criados no amor e estamos destinados ao amor&#8217;. Cristo \u00e9 nossa paz para sempre&#8221;.<\/p>\n\n\t\t<style type=\"text\/css\">\n\t\t\t#gallery-1 {\n\t\t\t\tmargin: auto;\n\t\t\t}\n\t\t\t#gallery-1 .gallery-item {\n\t\t\t\tfloat: left;\n\t\t\t\tmargin-top: 10px;\n\t\t\t\ttext-align: center;\n\t\t\t\twidth: 50%;\n\t\t\t}\n\t\t\t#gallery-1 img {\n\t\t\t\tborder: 2px solid #cfcfcf;\n\t\t\t}\n\t\t\t#gallery-1 .gallery-caption {\n\t\t\t\tmargin-left: 0;\n\t\t\t}\n\t\t\t\/* see gallery_shortcode() in wp-includes\/media.php *\/\n\t\t<\/style>\n\t\t<div id='gallery-1' class='gallery galleryid-232716 gallery-columns-2 gallery-size-thumbnail'><dl class='gallery-item'>\n\t\t\t<dt class='gallery-icon landscape'>\n\t\t\t\t<a href='https:\/\/franciscanos.org.br\/noticias\/wp-content\/uploads\/2021\/07\/capitulo_03_4.jpg'><img width=\"300\" height=\"300\" src=\"https:\/\/franciscanos.org.br\/noticias\/wp-content\/uploads\/2021\/07\/capitulo_03_4-300x300.jpg\" class=\"attachment-thumbnail size-thumbnail\" alt=\"\" loading=\"lazy\" srcset=\"https:\/\/franciscanos.org.br\/noticias\/wp-content\/uploads\/2021\/07\/capitulo_03_4-300x300.jpg 300w, https:\/\/franciscanos.org.br\/noticias\/wp-content\/uploads\/2021\/07\/capitulo_03_4-100x100.jpg 100w\" sizes=\"(max-width: 300px) 100vw, 300px\" \/><\/a>\n\t\t\t<\/dt><\/dl><dl class='gallery-item'>\n\t\t\t<dt class='gallery-icon landscape'>\n\t\t\t\t<a href='https:\/\/franciscanos.org.br\/noticias\/wp-content\/uploads\/2021\/07\/capitulo_03_5.jpg'><img width=\"300\" height=\"300\" src=\"https:\/\/franciscanos.org.br\/noticias\/wp-content\/uploads\/2021\/07\/capitulo_03_5-300x300.jpg\" class=\"attachment-thumbnail size-thumbnail\" alt=\"\" loading=\"lazy\" srcset=\"https:\/\/franciscanos.org.br\/noticias\/wp-content\/uploads\/2021\/07\/capitulo_03_5-300x300.jpg 300w, https:\/\/franciscanos.org.br\/noticias\/wp-content\/uploads\/2021\/07\/capitulo_03_5-100x100.jpg 100w\" sizes=\"(max-width: 300px) 100vw, 300px\" \/><\/a>\n\t\t\t<\/dt><\/dl><br style=\"clear: both\" \/>\n\t\t<\/div>\n\n<p>&#8220;Que Cristo nos ilumine com sua luz!&#8221;, pediu Frei Michael.<\/p>\n<p>Depois da Santa Missa, os frades ter\u00e3o um momento para conhecer o funcionamento dos trabalhos, como o sistema de tradu\u00e7\u00e3o simult\u00e2nea. \u00c0s 15h30 come\u00e7am os encontros por Confer\u00eancias, quando ser\u00e1 feita a sele\u00e7\u00e3o de candidatos para moderadores. \u00c0s 17 horas, no plen\u00e1rio, ser\u00e1 apresentado o regulamento e sua aprova\u00e7\u00e3o. Depois ser\u00e3o eleitos os moderadores e designados os escrutinadores, al\u00e9m de apresentar as s\u00ednteses dos informes das confer\u00eancias da Ordem aos capitulares. O dia termina com as V\u00e9speras \u00e0s 20 horas.<\/p>\n<hr \/>\n<p><em>Moacir Beggo<\/em><\/p>\n<h2><a href=\"https:\/\/franciscanos.org.br\/carisma\/especiais\/capitulo-geral-da-ordem-dos-frades-menores#gsc.tab=0\">VEJA MAIS NO ESPECIAL SOBRE O CAP\u00cdTULO<\/a><\/h2>\n<hr \/>\n<h3 style=\"text-align: center;\">VEJA MAIS IMAGENS PRODUZIDAS PELA EQUIPE DO CAP\u00cdTULO<\/h3>\n\n\t\t<style type=\"text\/css\">\n\t\t\t#gallery-2 {\n\t\t\t\tmargin: auto;\n\t\t\t}\n\t\t\t#gallery-2 .gallery-item {\n\t\t\t\tfloat: left;\n\t\t\t\tmargin-top: 10px;\n\t\t\t\ttext-align: center;\n\t\t\t\twidth: 25%;\n\t\t\t}\n\t\t\t#gallery-2 img {\n\t\t\t\tborder: 2px solid #cfcfcf;\n\t\t\t}\n\t\t\t#gallery-2 .gallery-caption {\n\t\t\t\tmargin-left: 0;\n\t\t\t}\n\t\t\t\/* see gallery_shortcode() in wp-includes\/media.php *\/\n\t\t<\/style>\n\t\t<div id='gallery-2' class='gallery galleryid-232716 gallery-columns-4 gallery-size-thumbnail'><dl class='gallery-item'>\n\t\t\t<dt class='gallery-icon landscape'>\n\t\t\t\t<a href='https:\/\/franciscanos.org.br\/noticias\/wp-content\/uploads\/2021\/07\/01-1-scaled.jpg'><img width=\"300\" height=\"300\" src=\"https:\/\/franciscanos.org.br\/noticias\/wp-content\/uploads\/2021\/07\/01-1-300x300.jpg\" class=\"attachment-thumbnail size-thumbnail\" alt=\"\" loading=\"lazy\" srcset=\"https:\/\/franciscanos.org.br\/noticias\/wp-content\/uploads\/2021\/07\/01-1-300x300.jpg 300w, https:\/\/franciscanos.org.br\/noticias\/wp-content\/uploads\/2021\/07\/01-1-100x100.jpg 100w\" sizes=\"(max-width: 300px) 100vw, 300px\" \/><\/a>\n\t\t\t<\/dt><\/dl><dl class='gallery-item'>\n\t\t\t<dt class='gallery-icon landscape'>\n\t\t\t\t<a href='https:\/\/franciscanos.org.br\/noticias\/wp-content\/uploads\/2021\/07\/02-1-scaled.jpg'><img width=\"300\" height=\"300\" src=\"https:\/\/franciscanos.org.br\/noticias\/wp-content\/uploads\/2021\/07\/02-1-300x300.jpg\" class=\"attachment-thumbnail size-thumbnail\" alt=\"\" loading=\"lazy\" srcset=\"https:\/\/franciscanos.org.br\/noticias\/wp-content\/uploads\/2021\/07\/02-1-300x300.jpg 300w, https:\/\/franciscanos.org.br\/noticias\/wp-content\/uploads\/2021\/07\/02-1-100x100.jpg 100w\" sizes=\"(max-width: 300px) 100vw, 300px\" \/><\/a>\n\t\t\t<\/dt><\/dl><dl class='gallery-item'>\n\t\t\t<dt class='gallery-icon landscape'>\n\t\t\t\t<a href='https:\/\/franciscanos.org.br\/noticias\/wp-content\/uploads\/2021\/07\/03-1-scaled.jpg'><img width=\"300\" height=\"300\" src=\"https:\/\/franciscanos.org.br\/noticias\/wp-content\/uploads\/2021\/07\/03-1-300x300.jpg\" class=\"attachment-thumbnail size-thumbnail\" alt=\"\" loading=\"lazy\" srcset=\"https:\/\/franciscanos.org.br\/noticias\/wp-content\/uploads\/2021\/07\/03-1-300x300.jpg 300w, https:\/\/franciscanos.org.br\/noticias\/wp-content\/uploads\/2021\/07\/03-1-100x100.jpg 100w\" sizes=\"(max-width: 300px) 100vw, 300px\" \/><\/a>\n\t\t\t<\/dt><\/dl><dl class='gallery-item'>\n\t\t\t<dt class='gallery-icon landscape'>\n\t\t\t\t<a href='https:\/\/franciscanos.org.br\/noticias\/wp-content\/uploads\/2021\/07\/04-1-scaled.jpg'><img width=\"300\" height=\"300\" src=\"https:\/\/franciscanos.org.br\/noticias\/wp-content\/uploads\/2021\/07\/04-1-300x300.jpg\" class=\"attachment-thumbnail size-thumbnail\" alt=\"\" loading=\"lazy\" srcset=\"https:\/\/franciscanos.org.br\/noticias\/wp-content\/uploads\/2021\/07\/04-1-300x300.jpg 300w, https:\/\/franciscanos.org.br\/noticias\/wp-content\/uploads\/2021\/07\/04-1-100x100.jpg 100w\" sizes=\"(max-width: 300px) 100vw, 300px\" \/><\/a>\n\t\t\t<\/dt><\/dl><br style=\"clear: both\" \/><dl class='gallery-item'>\n\t\t\t<dt class='gallery-icon landscape'>\n\t\t\t\t<a href='https:\/\/franciscanos.org.br\/noticias\/wp-content\/uploads\/2021\/07\/05-scaled.jpg'><img width=\"300\" height=\"300\" src=\"https:\/\/franciscanos.org.br\/noticias\/wp-content\/uploads\/2021\/07\/05-300x300.jpg\" class=\"attachment-thumbnail size-thumbnail\" alt=\"\" loading=\"lazy\" srcset=\"https:\/\/franciscanos.org.br\/noticias\/wp-content\/uploads\/2021\/07\/05-300x300.jpg 300w, https:\/\/franciscanos.org.br\/noticias\/wp-content\/uploads\/2021\/07\/05-100x100.jpg 100w\" sizes=\"(max-width: 300px) 100vw, 300px\" \/><\/a>\n\t\t\t<\/dt><\/dl><dl class='gallery-item'>\n\t\t\t<dt class='gallery-icon landscape'>\n\t\t\t\t<a href='https:\/\/franciscanos.org.br\/noticias\/wp-content\/uploads\/2021\/07\/06-scaled.jpg'><img width=\"300\" height=\"300\" src=\"https:\/\/franciscanos.org.br\/noticias\/wp-content\/uploads\/2021\/07\/06-300x300.jpg\" class=\"attachment-thumbnail size-thumbnail\" alt=\"\" loading=\"lazy\" srcset=\"https:\/\/franciscanos.org.br\/noticias\/wp-content\/uploads\/2021\/07\/06-300x300.jpg 300w, https:\/\/franciscanos.org.br\/noticias\/wp-content\/uploads\/2021\/07\/06-100x100.jpg 100w\" sizes=\"(max-width: 300px) 100vw, 300px\" \/><\/a>\n\t\t\t<\/dt><\/dl><dl class='gallery-item'>\n\t\t\t<dt class='gallery-icon landscape'>\n\t\t\t\t<a href='https:\/\/franciscanos.org.br\/noticias\/wp-content\/uploads\/2021\/07\/08-scaled.jpg'><img width=\"300\" height=\"300\" src=\"https:\/\/franciscanos.org.br\/noticias\/wp-content\/uploads\/2021\/07\/08-300x300.jpg\" class=\"attachment-thumbnail size-thumbnail\" alt=\"\" loading=\"lazy\" srcset=\"https:\/\/franciscanos.org.br\/noticias\/wp-content\/uploads\/2021\/07\/08-300x300.jpg 300w, https:\/\/franciscanos.org.br\/noticias\/wp-content\/uploads\/2021\/07\/08-100x100.jpg 100w\" sizes=\"(max-width: 300px) 100vw, 300px\" \/><\/a>\n\t\t\t<\/dt><\/dl><dl class='gallery-item'>\n\t\t\t<dt class='gallery-icon landscape'>\n\t\t\t\t<a href='https:\/\/franciscanos.org.br\/noticias\/wp-content\/uploads\/2021\/07\/09-scaled.jpg'><img width=\"300\" height=\"300\" src=\"https:\/\/franciscanos.org.br\/noticias\/wp-content\/uploads\/2021\/07\/09-300x300.jpg\" class=\"attachment-thumbnail size-thumbnail\" alt=\"\" loading=\"lazy\" srcset=\"https:\/\/franciscanos.org.br\/noticias\/wp-content\/uploads\/2021\/07\/09-300x300.jpg 300w, https:\/\/franciscanos.org.br\/noticias\/wp-content\/uploads\/2021\/07\/09-100x100.jpg 100w\" sizes=\"(max-width: 300px) 100vw, 300px\" \/><\/a>\n\t\t\t<\/dt><\/dl><br style=\"clear: both\" \/><dl class='gallery-item'>\n\t\t\t<dt class='gallery-icon landscape'>\n\t\t\t\t<a href='https:\/\/franciscanos.org.br\/noticias\/wp-content\/uploads\/2021\/07\/10-scaled.jpg'><img width=\"300\" height=\"300\" src=\"https:\/\/franciscanos.org.br\/noticias\/wp-content\/uploads\/2021\/07\/10-300x300.jpg\" class=\"attachment-thumbnail size-thumbnail\" alt=\"\" loading=\"lazy\" srcset=\"https:\/\/franciscanos.org.br\/noticias\/wp-content\/uploads\/2021\/07\/10-300x300.jpg 300w, https:\/\/franciscanos.org.br\/noticias\/wp-content\/uploads\/2021\/07\/10-100x100.jpg 100w\" sizes=\"(max-width: 300px) 100vw, 300px\" \/><\/a>\n\t\t\t<\/dt><\/dl><dl class='gallery-item'>\n\t\t\t<dt class='gallery-icon landscape'>\n\t\t\t\t<a href='https:\/\/franciscanos.org.br\/noticias\/wp-content\/uploads\/2021\/07\/11-scaled.jpg'><img width=\"300\" height=\"300\" src=\"https:\/\/franciscanos.org.br\/noticias\/wp-content\/uploads\/2021\/07\/11-300x300.jpg\" class=\"attachment-thumbnail size-thumbnail\" alt=\"\" loading=\"lazy\" srcset=\"https:\/\/franciscanos.org.br\/noticias\/wp-content\/uploads\/2021\/07\/11-300x300.jpg 300w, https:\/\/franciscanos.org.br\/noticias\/wp-content\/uploads\/2021\/07\/11-100x100.jpg 100w\" sizes=\"(max-width: 300px) 100vw, 300px\" \/><\/a>\n\t\t\t<\/dt><\/dl><dl class='gallery-item'>\n\t\t\t<dt class='gallery-icon landscape'>\n\t\t\t\t<a href='https:\/\/franciscanos.org.br\/noticias\/wp-content\/uploads\/2021\/07\/12-scaled.jpg'><img width=\"300\" height=\"300\" src=\"https:\/\/franciscanos.org.br\/noticias\/wp-content\/uploads\/2021\/07\/12-300x300.jpg\" class=\"attachment-thumbnail size-thumbnail\" alt=\"\" loading=\"lazy\" srcset=\"https:\/\/franciscanos.org.br\/noticias\/wp-content\/uploads\/2021\/07\/12-300x300.jpg 300w, https:\/\/franciscanos.org.br\/noticias\/wp-content\/uploads\/2021\/07\/12-100x100.jpg 100w\" sizes=\"(max-width: 300px) 100vw, 300px\" \/><\/a>\n\t\t\t<\/dt><\/dl><dl class='gallery-item'>\n\t\t\t<dt class='gallery-icon landscape'>\n\t\t\t\t<a href='https:\/\/franciscanos.org.br\/noticias\/wp-content\/uploads\/2021\/07\/13-scaled.jpg'><img width=\"300\" height=\"300\" src=\"https:\/\/franciscanos.org.br\/noticias\/wp-content\/uploads\/2021\/07\/13-300x300.jpg\" class=\"attachment-thumbnail size-thumbnail\" alt=\"\" loading=\"lazy\" srcset=\"https:\/\/franciscanos.org.br\/noticias\/wp-content\/uploads\/2021\/07\/13-300x300.jpg 300w, https:\/\/franciscanos.org.br\/noticias\/wp-content\/uploads\/2021\/07\/13-100x100.jpg 100w\" sizes=\"(max-width: 300px) 100vw, 300px\" \/><\/a>\n\t\t\t<\/dt><\/dl><br style=\"clear: both\" \/>\n\t\t<\/div>\n\n","protected":false},"excerpt":{"rendered":"<p>Cap\u00edtulo Geral da Ordem dos Frades Menores<\/p>\n","protected":false},"author":3,"featured_media":232720,"comment_status":"open","ping_status":"open","sticky":false,"template":"","format":"standard","meta":[],"categories":[1],"tags":[1867,397],"acf":[],"yoast_head":"<!-- This site is optimized with the Yoast SEO plugin v19.2 - https:\/\/yoast.com\/wordpress\/plugins\/seo\/ -->\n<title>Frei Michael pede ora\u00e7\u00e3o para &quot;redescobrir a verdade mais profunda de nossa identidade&quot; - Not\u00edcias - Franciscanos<\/title>\n<meta name=\"robots\" content=\"index, follow, max-snippet:-1, max-image-preview:large, max-video-preview:-1\" \/>\n<link rel=\"canonical\" href=\"https:\/\/franciscanos.org.br\/noticias\/frei-michael-pede-oracao-para-redescobrir-a-verdade-mais-profunda-de-nossa-identidade.html\" \/>\n<meta property=\"og:locale\" content=\"pt_BR\" \/>\n<meta property=\"og:type\" content=\"article\" \/>\n<meta property=\"og:title\" content=\"Frei Michael pede ora\u00e7\u00e3o para &quot;redescobrir a verdade mais profunda de nossa identidade&quot; - Not\u00edcias - Franciscanos\" \/>\n<meta property=\"og:description\" content=\"Cap\u00edtulo Geral da Ordem dos Frades Menores\" \/>\n<meta property=\"og:url\" content=\"https:\/\/franciscanos.org.br\/noticias\/frei-michael-pede-oracao-para-redescobrir-a-verdade-mais-profunda-de-nossa-identidade.html\" \/>\n<meta property=\"og:site_name\" content=\"Not\u00edcias - Franciscanos\" \/>\n<meta property=\"article:published_time\" content=\"2021-07-03T09:31:18+00:00\" \/>\n<meta property=\"article:modified_time\" content=\"2021-07-03T22:57:54+00:00\" \/>\n<meta property=\"og:image\" content=\"https:\/\/franciscanos.org.br\/noticias\/wp-content\/uploads\/2021\/07\/capitulo_03d.jpg\" \/>\n\t<meta property=\"og:image:width\" content=\"800\" \/>\n\t<meta property=\"og:image:height\" content=\"550\" \/>\n\t<meta property=\"og:image:type\" content=\"image\/jpeg\" \/>\n<meta name=\"author\" content=\"moacir\" \/>\n<meta name=\"twitter:card\" content=\"summary_large_image\" \/>\n<meta name=\"twitter:label1\" content=\"Escrito por\" \/>\n\t<meta name=\"twitter:data1\" content=\"moacir\" \/>\n\t<meta name=\"twitter:label2\" content=\"Est. tempo de leitura\" \/>\n\t<meta name=\"twitter:data2\" content=\"7 minutos\" \/>\n<script type=\"application\/ld+json\" class=\"yoast-schema-graph\">{\"@context\":\"https:\/\/schema.org\",\"@graph\":[{\"@type\":\"WebSite\",\"@id\":\"https:\/\/franciscanos.org.br\/noticias\/#website\",\"url\":\"https:\/\/franciscanos.org.br\/noticias\/\",\"name\":\"Not\u00edcias - Franciscanos\",\"description\":\"Prov\u00edncia Franciscana da Imaculada Concei\u00e7\u00e3o do Brasil - Ordem dos Frades Menores - OFM\",\"potentialAction\":[{\"@type\":\"SearchAction\",\"target\":{\"@type\":\"EntryPoint\",\"urlTemplate\":\"https:\/\/franciscanos.org.br\/noticias\/?s={search_term_string}\"},\"query-input\":\"required name=search_term_string\"}],\"inLanguage\":\"pt-BR\"},{\"@type\":\"ImageObject\",\"inLanguage\":\"pt-BR\",\"@id\":\"https:\/\/franciscanos.org.br\/noticias\/frei-michael-pede-oracao-para-redescobrir-a-verdade-mais-profunda-de-nossa-identidade.html#primaryimage\",\"url\":\"https:\/\/franciscanos.org.br\/noticias\/wp-content\/uploads\/2021\/07\/capitulo_03d.jpg\",\"contentUrl\":\"https:\/\/franciscanos.org.br\/noticias\/wp-content\/uploads\/2021\/07\/capitulo_03d.jpg\",\"width\":800,\"height\":550},{\"@type\":\"WebPage\",\"@id\":\"https:\/\/franciscanos.org.br\/noticias\/frei-michael-pede-oracao-para-redescobrir-a-verdade-mais-profunda-de-nossa-identidade.html#webpage\",\"url\":\"https:\/\/franciscanos.org.br\/noticias\/frei-michael-pede-oracao-para-redescobrir-a-verdade-mais-profunda-de-nossa-identidade.html\",\"name\":\"Frei Michael pede ora\u00e7\u00e3o para \\\"redescobrir a verdade mais profunda de nossa identidade\\\" - Not\u00edcias - Franciscanos\",\"isPartOf\":{\"@id\":\"https:\/\/franciscanos.org.br\/noticias\/#website\"},\"primaryImageOfPage\":{\"@id\":\"https:\/\/franciscanos.org.br\/noticias\/frei-michael-pede-oracao-para-redescobrir-a-verdade-mais-profunda-de-nossa-identidade.html#primaryimage\"},\"datePublished\":\"2021-07-03T09:31:18+00:00\",\"dateModified\":\"2021-07-03T22:57:54+00:00\",\"author\":{\"@id\":\"https:\/\/franciscanos.org.br\/noticias\/#\/schema\/person\/b5c8cba458c330ccff548b056e95a5d4\"},\"breadcrumb\":{\"@id\":\"https:\/\/franciscanos.org.br\/noticias\/frei-michael-pede-oracao-para-redescobrir-a-verdade-mais-profunda-de-nossa-identidade.html#breadcrumb\"},\"inLanguage\":\"pt-BR\",\"potentialAction\":[{\"@type\":\"ReadAction\",\"target\":[\"https:\/\/franciscanos.org.br\/noticias\/frei-michael-pede-oracao-para-redescobrir-a-verdade-mais-profunda-de-nossa-identidade.html\"]}]},{\"@type\":\"BreadcrumbList\",\"@id\":\"https:\/\/franciscanos.org.br\/noticias\/frei-michael-pede-oracao-para-redescobrir-a-verdade-mais-profunda-de-nossa-identidade.html#breadcrumb\",\"itemListElement\":[{\"@type\":\"ListItem\",\"position\":1,\"name\":\"Home\",\"item\":\"https:\/\/franciscanos.org.br\/noticias\"},{\"@type\":\"ListItem\",\"position\":2,\"name\":\"Frei Michael pede ora\u00e7\u00e3o para &#8220;redescobrir a verdade mais profunda de nossa identidade&#8221;\"}]},{\"@type\":\"Person\",\"@id\":\"https:\/\/franciscanos.org.br\/noticias\/#\/schema\/person\/b5c8cba458c330ccff548b056e95a5d4\",\"name\":\"moacir\",\"image\":{\"@type\":\"ImageObject\",\"inLanguage\":\"pt-BR\",\"@id\":\"https:\/\/franciscanos.org.br\/noticias\/#\/schema\/person\/image\/\",\"url\":\"https:\/\/secure.gravatar.com\/avatar\/d08aa2ce4c8dd416d4479aa8536fcf64?s=96&d=mm&r=g\",\"contentUrl\":\"https:\/\/secure.gravatar.com\/avatar\/d08aa2ce4c8dd416d4479aa8536fcf64?s=96&d=mm&r=g\",\"caption\":\"moacir\"},\"url\":\"https:\/\/franciscanos.org.br\/noticias\/author\/moacir\"}]}<\/script>\n<!-- \/ Yoast SEO plugin. -->","yoast_head_json":{"title":"Frei Michael pede ora\u00e7\u00e3o para \"redescobrir a verdade mais profunda de nossa identidade\" - Not\u00edcias - Franciscanos","robots":{"index":"index","follow":"follow","max-snippet":"max-snippet:-1","max-image-preview":"max-image-preview:large","max-video-preview":"max-video-preview:-1"},"canonical":"https:\/\/franciscanos.org.br\/noticias\/frei-michael-pede-oracao-para-redescobrir-a-verdade-mais-profunda-de-nossa-identidade.html","og_locale":"pt_BR","og_type":"article","og_title":"Frei Michael pede ora\u00e7\u00e3o para \"redescobrir a verdade mais profunda de nossa identidade\" - Not\u00edcias - Franciscanos","og_description":"Cap\u00edtulo Geral da Ordem dos Frades Menores","og_url":"https:\/\/franciscanos.org.br\/noticias\/frei-michael-pede-oracao-para-redescobrir-a-verdade-mais-profunda-de-nossa-identidade.html","og_site_name":"Not\u00edcias - Franciscanos","article_published_time":"2021-07-03T09:31:18+00:00","article_modified_time":"2021-07-03T22:57:54+00:00","og_image":[{"width":800,"height":550,"url":"https:\/\/franciscanos.org.br\/noticias\/wp-content\/uploads\/2021\/07\/capitulo_03d.jpg","type":"image\/jpeg"}],"author":"moacir","twitter_card":"summary_large_image","twitter_misc":{"Escrito por":"moacir","Est. tempo de leitura":"7 minutos"},"schema":{"@context":"https:\/\/schema.org","@graph":[{"@type":"WebSite","@id":"https:\/\/franciscanos.org.br\/noticias\/#website","url":"https:\/\/franciscanos.org.br\/noticias\/","name":"Not\u00edcias - Franciscanos","description":"Prov\u00edncia Franciscana da Imaculada Concei\u00e7\u00e3o do Brasil - Ordem dos Frades Menores - OFM","potentialAction":[{"@type":"SearchAction","target":{"@type":"EntryPoint","urlTemplate":"https:\/\/franciscanos.org.br\/noticias\/?s={search_term_string}"},"query-input":"required name=search_term_string"}],"inLanguage":"pt-BR"},{"@type":"ImageObject","inLanguage":"pt-BR","@id":"https:\/\/franciscanos.org.br\/noticias\/frei-michael-pede-oracao-para-redescobrir-a-verdade-mais-profunda-de-nossa-identidade.html#primaryimage","url":"https:\/\/franciscanos.org.br\/noticias\/wp-content\/uploads\/2021\/07\/capitulo_03d.jpg","contentUrl":"https:\/\/franciscanos.org.br\/noticias\/wp-content\/uploads\/2021\/07\/capitulo_03d.jpg","width":800,"height":550},{"@type":"WebPage","@id":"https:\/\/franciscanos.org.br\/noticias\/frei-michael-pede-oracao-para-redescobrir-a-verdade-mais-profunda-de-nossa-identidade.html#webpage","url":"https:\/\/franciscanos.org.br\/noticias\/frei-michael-pede-oracao-para-redescobrir-a-verdade-mais-profunda-de-nossa-identidade.html","name":"Frei Michael pede ora\u00e7\u00e3o para \"redescobrir a verdade mais profunda de nossa identidade\" - Not\u00edcias - Franciscanos","isPartOf":{"@id":"https:\/\/franciscanos.org.br\/noticias\/#website"},"primaryImageOfPage":{"@id":"https:\/\/franciscanos.org.br\/noticias\/frei-michael-pede-oracao-para-redescobrir-a-verdade-mais-profunda-de-nossa-identidade.html#primaryimage"},"datePublished":"2021-07-03T09:31:18+00:00","dateModified":"2021-07-03T22:57:54+00:00","author":{"@id":"https:\/\/franciscanos.org.br\/noticias\/#\/schema\/person\/b5c8cba458c330ccff548b056e95a5d4"},"breadcrumb":{"@id":"https:\/\/franciscanos.org.br\/noticias\/frei-michael-pede-oracao-para-redescobrir-a-verdade-mais-profunda-de-nossa-identidade.html#breadcrumb"},"inLanguage":"pt-BR","potentialAction":[{"@type":"ReadAction","target":["https:\/\/franciscanos.org.br\/noticias\/frei-michael-pede-oracao-para-redescobrir-a-verdade-mais-profunda-de-nossa-identidade.html"]}]},{"@type":"BreadcrumbList","@id":"https:\/\/franciscanos.org.br\/noticias\/frei-michael-pede-oracao-para-redescobrir-a-verdade-mais-profunda-de-nossa-identidade.html#breadcrumb","itemListElement":[{"@type":"ListItem","position":1,"name":"Home","item":"https:\/\/franciscanos.org.br\/noticias"},{"@type":"ListItem","position":2,"name":"Frei Michael pede ora\u00e7\u00e3o para &#8220;redescobrir a verdade mais profunda de nossa identidade&#8221;"}]},{"@type":"Person","@id":"https:\/\/franciscanos.org.br\/noticias\/#\/schema\/person\/b5c8cba458c330ccff548b056e95a5d4","name":"moacir","image":{"@type":"ImageObject","inLanguage":"pt-BR","@id":"https:\/\/franciscanos.org.br\/noticias\/#\/schema\/person\/image\/","url":"https:\/\/secure.gravatar.com\/avatar\/d08aa2ce4c8dd416d4479aa8536fcf64?s=96&d=mm&r=g","contentUrl":"https:\/\/secure.gravatar.com\/avatar\/d08aa2ce4c8dd416d4479aa8536fcf64?s=96&d=mm&r=g","caption":"moacir"},"url":"https:\/\/franciscanos.org.br\/noticias\/author\/moacir"}]}},"_links":{"self":[{"href":"https:\/\/franciscanos.org.br\/noticias\/wp-json\/wp\/v2\/posts\/232716"}],"collection":[{"href":"https:\/\/franciscanos.org.br\/noticias\/wp-json\/wp\/v2\/posts"}],"about":[{"href":"https:\/\/franciscanos.org.br\/noticias\/wp-json\/wp\/v2\/types\/post"}],"author":[{"embeddable":true,"href":"https:\/\/franciscanos.org.br\/noticias\/wp-json\/wp\/v2\/users\/3"}],"replies":[{"embeddable":true,"href":"https:\/\/franciscanos.org.br\/noticias\/wp-json\/wp\/v2\/comments?post=232716"}],"version-history":[{"count":6,"href":"https:\/\/franciscanos.org.br\/noticias\/wp-json\/wp\/v2\/posts\/232716\/revisions"}],"predecessor-version":[{"id":232754,"href":"https:\/\/franciscanos.org.br\/noticias\/wp-json\/wp\/v2\/posts\/232716\/revisions\/232754"}],"wp:featuredmedia":[{"embeddable":true,"href":"https:\/\/franciscanos.org.br\/noticias\/wp-json\/wp\/v2\/media\/232720"}],"wp:attachment":[{"href":"https:\/\/franciscanos.org.br\/noticias\/wp-json\/wp\/v2\/media?parent=232716"}],"wp:term":[{"taxonomy":"category","embeddable":true,"href":"https:\/\/franciscanos.org.br\/noticias\/wp-json\/wp\/v2\/categories?post=232716"},{"taxonomy":"post_tag","embeddable":true,"href":"https:\/\/franciscanos.org.br\/noticias\/wp-json\/wp\/v2\/tags?post=232716"}],"curies":[{"name":"wp","href":"https:\/\/api.w.org\/{rel}","templated":true}]}}