{"id":232674,"date":"2021-06-30T13:38:51","date_gmt":"2021-06-30T16:38:51","guid":{"rendered":"https:\/\/franciscanos.org.br\/noticias\/?p=232674"},"modified":"2021-06-30T13:38:51","modified_gmt":"2021-06-30T16:38:51","slug":"jerusalem-os-novos-sacerdotes-para-a-igreja-catolica-vem-de-tres-diferentes-continentes","status":"publish","type":"post","link":"https:\/\/franciscanos.org.br\/noticias\/jerusalem-os-novos-sacerdotes-para-a-igreja-catolica-vem-de-tres-diferentes-continentes.html","title":{"rendered":"Jerusal\u00e9m: os novos sacerdotes para a Igreja Cat\u00f3lica v\u00eam de tr\u00eas diferentes continentes"},"content":{"rendered":"<p><img loading=\"lazy\" class=\"alignnone wp-image-232675 size-full\" src=\"https:\/\/franciscanos.org.br\/noticias\/wp-content\/uploads\/2021\/06\/terra_santa.jpg\" alt=\"\" width=\"1000\" height=\"667\" srcset=\"https:\/\/franciscanos.org.br\/noticias\/wp-content\/uploads\/2021\/06\/terra_santa.jpg 1000w, https:\/\/franciscanos.org.br\/noticias\/wp-content\/uploads\/2021\/06\/terra_santa-450x300.jpg 450w, https:\/\/franciscanos.org.br\/noticias\/wp-content\/uploads\/2021\/06\/terra_santa-768x512.jpg 768w, https:\/\/franciscanos.org.br\/noticias\/wp-content\/uploads\/2021\/06\/terra_santa-150x100.jpg 150w\" sizes=\"(max-width: 1000px) 100vw, 1000px\" \/><br \/>\nTer\u00e7a-feira, 29 de junho, solenidade dos Santos Pedro e Paulo, para a Cust\u00f3dia da Terra Santa \u00e9 jornada especial: cada ano, precisamente nessa data, s\u00e3o ordenados presb\u00edteros alguns jovens Frades franciscanos que encerram seu caminho formativo. Provenientes da \u00c1frica, Am\u00e9rica e \u00c1sia, s\u00e3o cinco os novos sacerdotes ordenados em Jerusal\u00e9m pela imposi\u00e7\u00e3o das m\u00e3os de S.B. Frei Pierbattista Pizzaballa, Patriarca Latino de Jerusal\u00e9m, que presidiu a celebra\u00e7\u00e3o eucar\u00edstica.<\/p>\n<p>Em sua Homilia, o Patriarca falou das figuras de Pedro e Paulo, apresentadas pelas leituras do dia. Pedro, &#8220;impetuoso, din\u00e2mico, impulsivo&#8221;, que, ap\u00f3s ter-se confiado plenamente a Jesus, \u201cse preocupa somente em anunciar que Cristo \u00e9 <em>okyrios<\/em>, e basta. N\u00e3o lhe interessa outra coisa sen\u00e3o de falar da salva\u00e7\u00e3o da alma, despreocupado de sua vida. E por isso acaba na pris\u00e3o, mas tamb\u00e9m isso n\u00e3o o perturba muito. Confiar-se a Deus significa deixar acontecer, preocupar-se pelo essencial que \u00e9 a salva\u00e7\u00e3o&#8221;. A esse ponto do caminho de sua vida\u201d, comentou Sua Beatitude, &#8220;Pedro aprendeu a se confiar, a deixar fazer, a esperar. Aprendeu que sua vida est\u00e1 nas m\u00e3os de um outro, a quem pertence, e n\u00e3o se angustia, nem teme. Pode viver ou pode morrer, n\u00e3o lhe importa mais tanto. O importante \u00e9que seu viver e seu morrer falem da vida e da morte de seu Senhor Jesus, que o salvou da morte&#8221;.<\/p>\n<p>E Paulo, que se confronta com a morte e lhe restou apenas uma coisa: a f\u00e9. &#8220;Este \u00e9 o grande tesouro de Paulo, diante do qual todo o resto \u00e9 nada, \u00e9 lixo&#8221;, sublinhou o Patriarca. &#8220;Todo o resto, todas as suas batalhas, suas fadigas, suas viagens, suas prega\u00e7\u00f5es\u2026 Tudo desaparece, e permanece uma coisa apenas: Paulo cr\u00ea! Sobretudo, ele creu em Jesus, que permanece ativo, vivo&#8221;.<\/p>\n<p>&#8220;A obedi\u00eancia&#8221; \u2013 concluiu Mons. Pizzaballa &#8211; &#8220;\u00e9 o crit\u00e9rio de compreens\u00e3o da natureza de vosso minist\u00e9rio. Na obedi\u00eancia \u00e0 Igreja, nas suas diferentes formas, manifestar-se-\u00e1 concretamente a liberdade e a gratuidade de vosso minist\u00e9rio. Atrav\u00e9s da obedi\u00eancia compreender-se-\u00e1 claramente que vossa vida est\u00e1 a servi\u00e7o, \u00e9 dom e n\u00e3o posse.<\/p>\n<p>Que vosso servi\u00e7o possa ser pequeno reflexo da salva\u00e7\u00e3o que Paulo e Pedro testemunharam e que n\u00f3s, hoje, atrav\u00e9s deles, celebramos&#8221;.<\/p>\n<p>No fim da homilia e depois da ora\u00e7\u00e3o das Ladainhas, o Patriarca imp\u00f4s as m\u00e3os sobre os novos sacerdotes. Essa culminou com a vesti\u00e7\u00e3o dos paramentos sacerdotais e a un\u00e7\u00e3o das palmas das m\u00e3os. Como o quer a Liturgia, o \u00faltimo momento foi a entrega da patena e do c\u00e1lice, com o p\u00e3o e o vinho, acompanhada pela ora\u00e7\u00e3o: &#8220;presta aten\u00e7\u00e3o naquilo que fazes, imita o que celebras, conforma tua vida ao mist\u00e9rio da cruz do Cristo Senhor!&#8221;.<\/p>\n<p>No t\u00e9rmino da celebra\u00e7\u00e3o, o Vig\u00e1rio da Cust\u00f3dia, Frei Dobromir Jasztal, que havia concelebrado, agradeceu em nome do Cust\u00f3dio da Terra Santa, Frei Francesco Patton, e da Fraternidade da Cust\u00f3dia: &#8220;Agrade\u00e7o \u00e0 Sua Beatitude Mons. Frei Pierbattista Pizzaballa porque, com o minist\u00e9rio da Imposi\u00e7\u00e3o das m\u00e3os e da Ora\u00e7\u00e3o consecrat\u00f3ria, quis instituir esses Presb\u00edteros para a Igreja Cat\u00f3lica, mas tamb\u00e9m para as igrejas locais e as Prov\u00edncias da Terra Santa, do Congo, do Peru e da Am\u00e9rica Central. Nossos votos s\u00e3o que sejais sempre instrumentos fortes, fi\u00e9is e eficazes da gra\u00e7a, que acabastes de receber!&#8221;.<\/p>\n<p>Frei Jean e Frei George, dois novos sacerdotes, tomaram a palavra para o agradecimento final. &#8220;Somos gratos a Deus pela sua prote\u00e7\u00e3o, pelo seu amor que ele nos tem manifestado, ao acompanhar nossa caminhada vocacional, formativo e acad\u00eamico!&#8221; Disseram-no em Italiano, primeiramente e, depois, em \u00e1rabe. &#8220;Somos muito gratos pelo seu amor e pela sua benevol\u00eancia&#8221;.<\/p>\n<hr \/>\n<p><em>Giovanni Malaspina<\/em><\/p>\n","protected":false},"excerpt":{"rendered":"<p>Cust\u00f3dia da Terra Santa <\/p>\n","protected":false},"author":3,"featured_media":232676,"comment_status":"open","ping_status":"open","sticky":false,"template":"","format":"standard","meta":[],"categories":[1],"tags":[1429],"acf":[],"yoast_head":"<!-- This site is optimized with the Yoast SEO plugin v19.2 - https:\/\/yoast.com\/wordpress\/plugins\/seo\/ -->\n<title>Jerusal\u00e9m: os novos sacerdotes para a Igreja Cat\u00f3lica v\u00eam de tr\u00eas diferentes continentes - Not\u00edcias - Franciscanos<\/title>\n<meta name=\"robots\" content=\"index, follow, max-snippet:-1, max-image-preview:large, max-video-preview:-1\" \/>\n<link rel=\"canonical\" href=\"https:\/\/franciscanos.org.br\/noticias\/jerusalem-os-novos-sacerdotes-para-a-igreja-catolica-vem-de-tres-diferentes-continentes.html\" \/>\n<meta property=\"og:locale\" content=\"pt_BR\" \/>\n<meta property=\"og:type\" content=\"article\" \/>\n<meta property=\"og:title\" content=\"Jerusal\u00e9m: os novos sacerdotes para a Igreja Cat\u00f3lica v\u00eam de tr\u00eas diferentes continentes - Not\u00edcias - Franciscanos\" \/>\n<meta property=\"og:description\" content=\"Cust\u00f3dia da Terra Santa\" \/>\n<meta property=\"og:url\" content=\"https:\/\/franciscanos.org.br\/noticias\/jerusalem-os-novos-sacerdotes-para-a-igreja-catolica-vem-de-tres-diferentes-continentes.html\" \/>\n<meta property=\"og:site_name\" content=\"Not\u00edcias - Franciscanos\" \/>\n<meta property=\"article:published_time\" content=\"2021-06-30T16:38:51+00:00\" \/>\n<meta property=\"og:image\" content=\"https:\/\/franciscanos.org.br\/noticias\/wp-content\/uploads\/2021\/06\/terra_santa_d.jpg\" \/>\n\t<meta property=\"og:image:width\" content=\"800\" \/>\n\t<meta property=\"og:image:height\" content=\"550\" \/>\n\t<meta property=\"og:image:type\" content=\"image\/jpeg\" \/>\n<meta name=\"author\" content=\"moacir\" \/>\n<meta name=\"twitter:card\" content=\"summary_large_image\" \/>\n<meta name=\"twitter:label1\" content=\"Escrito por\" \/>\n\t<meta name=\"twitter:data1\" content=\"moacir\" \/>\n\t<meta name=\"twitter:label2\" content=\"Est. tempo de leitura\" \/>\n\t<meta name=\"twitter:data2\" content=\"3 minutos\" \/>\n<script type=\"application\/ld+json\" class=\"yoast-schema-graph\">{\"@context\":\"https:\/\/schema.org\",\"@graph\":[{\"@type\":\"WebSite\",\"@id\":\"https:\/\/franciscanos.org.br\/noticias\/#website\",\"url\":\"https:\/\/franciscanos.org.br\/noticias\/\",\"name\":\"Not\u00edcias - Franciscanos\",\"description\":\"Prov\u00edncia Franciscana da Imaculada Concei\u00e7\u00e3o do Brasil - Ordem dos Frades Menores - OFM\",\"potentialAction\":[{\"@type\":\"SearchAction\",\"target\":{\"@type\":\"EntryPoint\",\"urlTemplate\":\"https:\/\/franciscanos.org.br\/noticias\/?s={search_term_string}\"},\"query-input\":\"required name=search_term_string\"}],\"inLanguage\":\"pt-BR\"},{\"@type\":\"ImageObject\",\"inLanguage\":\"pt-BR\",\"@id\":\"https:\/\/franciscanos.org.br\/noticias\/jerusalem-os-novos-sacerdotes-para-a-igreja-catolica-vem-de-tres-diferentes-continentes.html#primaryimage\",\"url\":\"https:\/\/franciscanos.org.br\/noticias\/wp-content\/uploads\/2021\/06\/terra_santa_d.jpg\",\"contentUrl\":\"https:\/\/franciscanos.org.br\/noticias\/wp-content\/uploads\/2021\/06\/terra_santa_d.jpg\",\"width\":800,\"height\":550},{\"@type\":\"WebPage\",\"@id\":\"https:\/\/franciscanos.org.br\/noticias\/jerusalem-os-novos-sacerdotes-para-a-igreja-catolica-vem-de-tres-diferentes-continentes.html#webpage\",\"url\":\"https:\/\/franciscanos.org.br\/noticias\/jerusalem-os-novos-sacerdotes-para-a-igreja-catolica-vem-de-tres-diferentes-continentes.html\",\"name\":\"Jerusal\u00e9m: os novos sacerdotes para a Igreja Cat\u00f3lica v\u00eam de tr\u00eas diferentes continentes - Not\u00edcias - Franciscanos\",\"isPartOf\":{\"@id\":\"https:\/\/franciscanos.org.br\/noticias\/#website\"},\"primaryImageOfPage\":{\"@id\":\"https:\/\/franciscanos.org.br\/noticias\/jerusalem-os-novos-sacerdotes-para-a-igreja-catolica-vem-de-tres-diferentes-continentes.html#primaryimage\"},\"datePublished\":\"2021-06-30T16:38:51+00:00\",\"dateModified\":\"2021-06-30T16:38:51+00:00\",\"author\":{\"@id\":\"https:\/\/franciscanos.org.br\/noticias\/#\/schema\/person\/b5c8cba458c330ccff548b056e95a5d4\"},\"breadcrumb\":{\"@id\":\"https:\/\/franciscanos.org.br\/noticias\/jerusalem-os-novos-sacerdotes-para-a-igreja-catolica-vem-de-tres-diferentes-continentes.html#breadcrumb\"},\"inLanguage\":\"pt-BR\",\"potentialAction\":[{\"@type\":\"ReadAction\",\"target\":[\"https:\/\/franciscanos.org.br\/noticias\/jerusalem-os-novos-sacerdotes-para-a-igreja-catolica-vem-de-tres-diferentes-continentes.html\"]}]},{\"@type\":\"BreadcrumbList\",\"@id\":\"https:\/\/franciscanos.org.br\/noticias\/jerusalem-os-novos-sacerdotes-para-a-igreja-catolica-vem-de-tres-diferentes-continentes.html#breadcrumb\",\"itemListElement\":[{\"@type\":\"ListItem\",\"position\":1,\"name\":\"Home\",\"item\":\"https:\/\/franciscanos.org.br\/noticias\"},{\"@type\":\"ListItem\",\"position\":2,\"name\":\"Jerusal\u00e9m: os novos sacerdotes para a Igreja Cat\u00f3lica v\u00eam de tr\u00eas diferentes continentes\"}]},{\"@type\":\"Person\",\"@id\":\"https:\/\/franciscanos.org.br\/noticias\/#\/schema\/person\/b5c8cba458c330ccff548b056e95a5d4\",\"name\":\"moacir\",\"image\":{\"@type\":\"ImageObject\",\"inLanguage\":\"pt-BR\",\"@id\":\"https:\/\/franciscanos.org.br\/noticias\/#\/schema\/person\/image\/\",\"url\":\"https:\/\/secure.gravatar.com\/avatar\/d08aa2ce4c8dd416d4479aa8536fcf64?s=96&d=mm&r=g\",\"contentUrl\":\"https:\/\/secure.gravatar.com\/avatar\/d08aa2ce4c8dd416d4479aa8536fcf64?s=96&d=mm&r=g\",\"caption\":\"moacir\"},\"url\":\"https:\/\/franciscanos.org.br\/noticias\/author\/moacir\"}]}<\/script>\n<!-- \/ Yoast SEO plugin. -->","yoast_head_json":{"title":"Jerusal\u00e9m: os novos sacerdotes para a Igreja Cat\u00f3lica v\u00eam de tr\u00eas diferentes continentes - Not\u00edcias - Franciscanos","robots":{"index":"index","follow":"follow","max-snippet":"max-snippet:-1","max-image-preview":"max-image-preview:large","max-video-preview":"max-video-preview:-1"},"canonical":"https:\/\/franciscanos.org.br\/noticias\/jerusalem-os-novos-sacerdotes-para-a-igreja-catolica-vem-de-tres-diferentes-continentes.html","og_locale":"pt_BR","og_type":"article","og_title":"Jerusal\u00e9m: os novos sacerdotes para a Igreja Cat\u00f3lica v\u00eam de tr\u00eas diferentes continentes - Not\u00edcias - Franciscanos","og_description":"Cust\u00f3dia da Terra Santa","og_url":"https:\/\/franciscanos.org.br\/noticias\/jerusalem-os-novos-sacerdotes-para-a-igreja-catolica-vem-de-tres-diferentes-continentes.html","og_site_name":"Not\u00edcias - Franciscanos","article_published_time":"2021-06-30T16:38:51+00:00","og_image":[{"width":800,"height":550,"url":"https:\/\/franciscanos.org.br\/noticias\/wp-content\/uploads\/2021\/06\/terra_santa_d.jpg","type":"image\/jpeg"}],"author":"moacir","twitter_card":"summary_large_image","twitter_misc":{"Escrito por":"moacir","Est. tempo de leitura":"3 minutos"},"schema":{"@context":"https:\/\/schema.org","@graph":[{"@type":"WebSite","@id":"https:\/\/franciscanos.org.br\/noticias\/#website","url":"https:\/\/franciscanos.org.br\/noticias\/","name":"Not\u00edcias - Franciscanos","description":"Prov\u00edncia Franciscana da Imaculada Concei\u00e7\u00e3o do Brasil - Ordem dos Frades Menores - OFM","potentialAction":[{"@type":"SearchAction","target":{"@type":"EntryPoint","urlTemplate":"https:\/\/franciscanos.org.br\/noticias\/?s={search_term_string}"},"query-input":"required name=search_term_string"}],"inLanguage":"pt-BR"},{"@type":"ImageObject","inLanguage":"pt-BR","@id":"https:\/\/franciscanos.org.br\/noticias\/jerusalem-os-novos-sacerdotes-para-a-igreja-catolica-vem-de-tres-diferentes-continentes.html#primaryimage","url":"https:\/\/franciscanos.org.br\/noticias\/wp-content\/uploads\/2021\/06\/terra_santa_d.jpg","contentUrl":"https:\/\/franciscanos.org.br\/noticias\/wp-content\/uploads\/2021\/06\/terra_santa_d.jpg","width":800,"height":550},{"@type":"WebPage","@id":"https:\/\/franciscanos.org.br\/noticias\/jerusalem-os-novos-sacerdotes-para-a-igreja-catolica-vem-de-tres-diferentes-continentes.html#webpage","url":"https:\/\/franciscanos.org.br\/noticias\/jerusalem-os-novos-sacerdotes-para-a-igreja-catolica-vem-de-tres-diferentes-continentes.html","name":"Jerusal\u00e9m: os novos sacerdotes para a Igreja Cat\u00f3lica v\u00eam de tr\u00eas diferentes continentes - Not\u00edcias - Franciscanos","isPartOf":{"@id":"https:\/\/franciscanos.org.br\/noticias\/#website"},"primaryImageOfPage":{"@id":"https:\/\/franciscanos.org.br\/noticias\/jerusalem-os-novos-sacerdotes-para-a-igreja-catolica-vem-de-tres-diferentes-continentes.html#primaryimage"},"datePublished":"2021-06-30T16:38:51+00:00","dateModified":"2021-06-30T16:38:51+00:00","author":{"@id":"https:\/\/franciscanos.org.br\/noticias\/#\/schema\/person\/b5c8cba458c330ccff548b056e95a5d4"},"breadcrumb":{"@id":"https:\/\/franciscanos.org.br\/noticias\/jerusalem-os-novos-sacerdotes-para-a-igreja-catolica-vem-de-tres-diferentes-continentes.html#breadcrumb"},"inLanguage":"pt-BR","potentialAction":[{"@type":"ReadAction","target":["https:\/\/franciscanos.org.br\/noticias\/jerusalem-os-novos-sacerdotes-para-a-igreja-catolica-vem-de-tres-diferentes-continentes.html"]}]},{"@type":"BreadcrumbList","@id":"https:\/\/franciscanos.org.br\/noticias\/jerusalem-os-novos-sacerdotes-para-a-igreja-catolica-vem-de-tres-diferentes-continentes.html#breadcrumb","itemListElement":[{"@type":"ListItem","position":1,"name":"Home","item":"https:\/\/franciscanos.org.br\/noticias"},{"@type":"ListItem","position":2,"name":"Jerusal\u00e9m: os novos sacerdotes para a Igreja Cat\u00f3lica v\u00eam de tr\u00eas diferentes continentes"}]},{"@type":"Person","@id":"https:\/\/franciscanos.org.br\/noticias\/#\/schema\/person\/b5c8cba458c330ccff548b056e95a5d4","name":"moacir","image":{"@type":"ImageObject","inLanguage":"pt-BR","@id":"https:\/\/franciscanos.org.br\/noticias\/#\/schema\/person\/image\/","url":"https:\/\/secure.gravatar.com\/avatar\/d08aa2ce4c8dd416d4479aa8536fcf64?s=96&d=mm&r=g","contentUrl":"https:\/\/secure.gravatar.com\/avatar\/d08aa2ce4c8dd416d4479aa8536fcf64?s=96&d=mm&r=g","caption":"moacir"},"url":"https:\/\/franciscanos.org.br\/noticias\/author\/moacir"}]}},"_links":{"self":[{"href":"https:\/\/franciscanos.org.br\/noticias\/wp-json\/wp\/v2\/posts\/232674"}],"collection":[{"href":"https:\/\/franciscanos.org.br\/noticias\/wp-json\/wp\/v2\/posts"}],"about":[{"href":"https:\/\/franciscanos.org.br\/noticias\/wp-json\/wp\/v2\/types\/post"}],"author":[{"embeddable":true,"href":"https:\/\/franciscanos.org.br\/noticias\/wp-json\/wp\/v2\/users\/3"}],"replies":[{"embeddable":true,"href":"https:\/\/franciscanos.org.br\/noticias\/wp-json\/wp\/v2\/comments?post=232674"}],"version-history":[{"count":1,"href":"https:\/\/franciscanos.org.br\/noticias\/wp-json\/wp\/v2\/posts\/232674\/revisions"}],"predecessor-version":[{"id":232677,"href":"https:\/\/franciscanos.org.br\/noticias\/wp-json\/wp\/v2\/posts\/232674\/revisions\/232677"}],"wp:featuredmedia":[{"embeddable":true,"href":"https:\/\/franciscanos.org.br\/noticias\/wp-json\/wp\/v2\/media\/232676"}],"wp:attachment":[{"href":"https:\/\/franciscanos.org.br\/noticias\/wp-json\/wp\/v2\/media?parent=232674"}],"wp:term":[{"taxonomy":"category","embeddable":true,"href":"https:\/\/franciscanos.org.br\/noticias\/wp-json\/wp\/v2\/categories?post=232674"},{"taxonomy":"post_tag","embeddable":true,"href":"https:\/\/franciscanos.org.br\/noticias\/wp-json\/wp\/v2\/tags?post=232674"}],"curies":[{"name":"wp","href":"https:\/\/api.w.org\/{rel}","templated":true}]}}