{"id":232667,"date":"2021-06-30T10:55:56","date_gmt":"2021-06-30T13:55:56","guid":{"rendered":"https:\/\/franciscanos.org.br\/noticias\/?p=232667"},"modified":"2021-06-30T10:56:09","modified_gmt":"2021-06-30T13:56:09","slug":"papa-na-intencao-de-oracao-de-julho-sejamos-arquitetos-do-dialogo-e-da-amizade","status":"publish","type":"post","link":"https:\/\/franciscanos.org.br\/noticias\/papa-na-intencao-de-oracao-de-julho-sejamos-arquitetos-do-dialogo-e-da-amizade.html","title":{"rendered":"Papa na inten\u00e7\u00e3o de ora\u00e7\u00e3o de julho: sejamos arquitetos do di\u00e1logo e da amizade"},"content":{"rendered":"<div id=\"attachment_232668\" style=\"width: 1290px\" class=\"wp-caption alignnone\"><img aria-describedby=\"caption-attachment-232668\" loading=\"lazy\" class=\"wp-image-232668 size-full\" src=\"https:\/\/franciscanos.org.br\/noticias\/wp-content\/uploads\/2021\/06\/papa_01.jpg\" alt=\"\" width=\"1280\" height=\"720\" srcset=\"https:\/\/franciscanos.org.br\/noticias\/wp-content\/uploads\/2021\/06\/papa_01.jpg 1280w, https:\/\/franciscanos.org.br\/noticias\/wp-content\/uploads\/2021\/06\/papa_01-450x253.jpg 450w, https:\/\/franciscanos.org.br\/noticias\/wp-content\/uploads\/2021\/06\/papa_01-1024x576.jpg 1024w, https:\/\/franciscanos.org.br\/noticias\/wp-content\/uploads\/2021\/06\/papa_01-768x432.jpg 768w, https:\/\/franciscanos.org.br\/noticias\/wp-content\/uploads\/2021\/06\/papa_01-150x84.jpg 150w\" sizes=\"(max-width: 1280px) 100vw, 1280px\" \/><p id=\"caption-attachment-232668\" class=\"wp-caption-text\"><em>\u00a0 \u00a0 \u00a0 \u00a0 \u00a0 \u00a0 \u00a0 \u00a0 \u00a0 \u00a0 \u00a0 \u00a0 \u00a0 \u00a0 \u00a0 \u00a0 \u00a0 \u00a0 \u00a0 \u00a0 \u00a0 \u00a0 \u00a0 \u00a0 \u00a0 \u00a0 \u00a0 \u00a0 \u00a0 \u00a0 \u00a0 \u00a0 \u00a0 \u00a0 \u00a0 \u00a0 \u00a0 \u00a0 \u00a0 \u00a0 \u00a0 \u00a0 \u00a0 \u00a0 \u00a0 Imagem: captura de tela do v\u00eddeo<\/em><\/p><\/div>\n<p>&#8220;A amizade social&#8221; \u00e9 o tema da videomensagem do Papa Francisco com a inten\u00e7\u00e3o de ora\u00e7\u00e3o para o m\u00eas de julho, divulgada nesta quarta-feira (30\/06).<\/p>\n<p>&#8220;A B\u00edblia diz que quem encontra um amigo encontra um tesouro&#8221;, diz o Pont\u00edfice na mensagem de v\u00eddeo, exortando a rezar pela constru\u00e7\u00e3o do bem comum atrav\u00e9s da a\u00e7\u00e3o de homens e mulheres que dialogam, e que tamb\u00e9m se mant\u00eam ao lado dos mais pobres e vulner\u00e1veis.<\/p>\n<p><iframe loading=\"lazy\" title=\"JULHO: A AMIZADE SOCIAL\" width=\"500\" height=\"281\" src=\"https:\/\/www.youtube.com\/embed\/EPlG7XqwPjY?feature=oembed\" frameborder=\"0\" allow=\"accelerometer; autoplay; clipboard-write; encrypted-media; gyroscope; picture-in-picture\" allowfullscreen><\/iframe><\/p>\n<p><strong>O di\u00e1logo num mundo polarizado<\/strong><br \/>\nGostaria de propor a todos que fossem al\u00e9m dos grupos de amigos e constru\u00edssem a amizade social, que \u00e9 t\u00e3o necess\u00e1ria para a boa conviv\u00eancia. Que nos reencontremos especialmente com os mais pobres e vulner\u00e1veis. Os que est\u00e3o nas periferias. Que nos afastemos dos populismos que exploram a ang\u00fastia do povo sem oferecer solu\u00e7\u00f5es, propondo uma m\u00edstica que nada resolve. Que fujamos da inimizade social, que s\u00f3 destr\u00f3i, e escapemos da \u201cpolariza\u00e7\u00e3o\u201d.<\/p>\n<p>Embora em geral se possa dizer que, em todo o mundo, o n\u00famero de mortes nas guerras vem caindo desde 1946, os conflitos e a viol\u00eancia no n\u00edvel da sociedade ainda s\u00e3o recorrentes. E embora, \u00e0s vezes, os conflitos n\u00e3o se manifestem de forma f\u00edsica, pode-se observar uma polariza\u00e7\u00e3o crescente que pode contaminar as rela\u00e7\u00f5es sociais. O Papa advertia em 2016: &#8220;Vemos, por exemplo, com que rapidez aquele que est\u00e1 ao nosso lado deixa de possuir apenas a condi\u00e7\u00e3o de desconhecido ou imigrante ou refugiado, mas tamb\u00e9m se torna uma amea\u00e7a; tem o status de um inimigo. Desde ent\u00e3o, tenho visto com preocupa\u00e7\u00e3o como a polariza\u00e7\u00e3o e a inimizade tamb\u00e9m s\u00e3o um &#8216;v\u00edrus&#8217; que invadiu nossas formas de pensar, sentir e agir&#8221;.<\/p>\n<p><strong>Que n\u00e3o haja espa\u00e7os de inimizade e de guerra<\/strong><br \/>\nNo mundo de hoje, destaca Francisco, &#8220;uma parte da pol\u00edtica, da sociedade e da m\u00eddia est\u00e1 decidida a criar inimigos, para derrot\u00e1-los num jogo de poder&#8221;.<\/p>\n<p>O Papa dedicou o sexto cap\u00edtulo da Enc\u00edclica Fratelli tutti ao tema do \u201cDi\u00e1logo e amizade social\u201d. \u201cO di\u00e1logo social aut\u00eantico pressup\u00f5e a capacidade de respeitar o ponto de vista do outro, aceitando a possibilidade de conter certas convic\u00e7\u00f5es ou interesses leg\u00edtimos\u201d, afirma o Pont\u00edfice no documento.<\/p>\n<p>Na inten\u00e7\u00e3o de ora\u00e7\u00e3o de julho, Francisco refor\u00e7a essa ideia, dizendo:\u00a0O di\u00e1logo \u00e9 o caminho para ver a realidade de uma maneira nova, para viver com entusiasmo os desafios da constru\u00e7\u00e3o do bem comum. Rezemos para que, nas situa\u00e7\u00f5es de conflitos sociais, econ\u00f4micos e pol\u00edticos, sejamos arquitetos do di\u00e1logo, arquitetos da amizade, corajosos e apaixonados, homens e mulheres que sempre estendem a m\u00e3o, e que n\u00e3o haja espa\u00e7os de inimizade e de guerra.<\/p>\n","protected":false},"excerpt":{"rendered":"<p>V\u00eddeo do Papa<\/p>\n","protected":false},"author":3,"featured_media":232670,"comment_status":"open","ping_status":"open","sticky":false,"template":"","format":"standard","meta":[],"categories":[1428],"tags":[542],"acf":[],"yoast_head":"<!-- This site is optimized with the Yoast SEO plugin v19.2 - https:\/\/yoast.com\/wordpress\/plugins\/seo\/ -->\n<title>Papa na inten\u00e7\u00e3o de ora\u00e7\u00e3o de julho: sejamos arquitetos do di\u00e1logo e da amizade - Not\u00edcias - Franciscanos<\/title>\n<meta name=\"robots\" content=\"index, follow, max-snippet:-1, max-image-preview:large, max-video-preview:-1\" \/>\n<link rel=\"canonical\" href=\"https:\/\/franciscanos.org.br\/noticias\/papa-na-intencao-de-oracao-de-julho-sejamos-arquitetos-do-dialogo-e-da-amizade.html\" \/>\n<meta property=\"og:locale\" content=\"pt_BR\" \/>\n<meta property=\"og:type\" content=\"article\" \/>\n<meta property=\"og:title\" content=\"Papa na inten\u00e7\u00e3o de ora\u00e7\u00e3o de julho: sejamos arquitetos do di\u00e1logo e da amizade - Not\u00edcias - Franciscanos\" \/>\n<meta property=\"og:description\" content=\"V\u00eddeo do Papa\" \/>\n<meta property=\"og:url\" content=\"https:\/\/franciscanos.org.br\/noticias\/papa-na-intencao-de-oracao-de-julho-sejamos-arquitetos-do-dialogo-e-da-amizade.html\" \/>\n<meta property=\"og:site_name\" content=\"Not\u00edcias - Franciscanos\" \/>\n<meta property=\"article:published_time\" content=\"2021-06-30T13:55:56+00:00\" \/>\n<meta property=\"article:modified_time\" content=\"2021-06-30T13:56:09+00:00\" \/>\n<meta property=\"og:image\" content=\"https:\/\/franciscanos.org.br\/noticias\/wp-content\/uploads\/2021\/06\/papa_01d.jpg\" \/>\n\t<meta property=\"og:image:width\" content=\"800\" \/>\n\t<meta property=\"og:image:height\" content=\"550\" \/>\n\t<meta property=\"og:image:type\" content=\"image\/jpeg\" \/>\n<meta name=\"author\" content=\"moacir\" \/>\n<meta name=\"twitter:card\" content=\"summary_large_image\" \/>\n<meta name=\"twitter:label1\" content=\"Escrito por\" \/>\n\t<meta name=\"twitter:data1\" content=\"moacir\" \/>\n\t<meta name=\"twitter:label2\" content=\"Est. tempo de leitura\" \/>\n\t<meta name=\"twitter:data2\" content=\"3 minutos\" \/>\n<script type=\"application\/ld+json\" class=\"yoast-schema-graph\">{\"@context\":\"https:\/\/schema.org\",\"@graph\":[{\"@type\":\"WebSite\",\"@id\":\"https:\/\/franciscanos.org.br\/noticias\/#website\",\"url\":\"https:\/\/franciscanos.org.br\/noticias\/\",\"name\":\"Not\u00edcias - Franciscanos\",\"description\":\"Prov\u00edncia Franciscana da Imaculada Concei\u00e7\u00e3o do Brasil - Ordem dos Frades Menores - OFM\",\"potentialAction\":[{\"@type\":\"SearchAction\",\"target\":{\"@type\":\"EntryPoint\",\"urlTemplate\":\"https:\/\/franciscanos.org.br\/noticias\/?s={search_term_string}\"},\"query-input\":\"required name=search_term_string\"}],\"inLanguage\":\"pt-BR\"},{\"@type\":\"ImageObject\",\"inLanguage\":\"pt-BR\",\"@id\":\"https:\/\/franciscanos.org.br\/noticias\/papa-na-intencao-de-oracao-de-julho-sejamos-arquitetos-do-dialogo-e-da-amizade.html#primaryimage\",\"url\":\"https:\/\/franciscanos.org.br\/noticias\/wp-content\/uploads\/2021\/06\/papa_01d.jpg\",\"contentUrl\":\"https:\/\/franciscanos.org.br\/noticias\/wp-content\/uploads\/2021\/06\/papa_01d.jpg\",\"width\":800,\"height\":550},{\"@type\":\"WebPage\",\"@id\":\"https:\/\/franciscanos.org.br\/noticias\/papa-na-intencao-de-oracao-de-julho-sejamos-arquitetos-do-dialogo-e-da-amizade.html#webpage\",\"url\":\"https:\/\/franciscanos.org.br\/noticias\/papa-na-intencao-de-oracao-de-julho-sejamos-arquitetos-do-dialogo-e-da-amizade.html\",\"name\":\"Papa na inten\u00e7\u00e3o de ora\u00e7\u00e3o de julho: sejamos arquitetos do di\u00e1logo e da amizade - Not\u00edcias - Franciscanos\",\"isPartOf\":{\"@id\":\"https:\/\/franciscanos.org.br\/noticias\/#website\"},\"primaryImageOfPage\":{\"@id\":\"https:\/\/franciscanos.org.br\/noticias\/papa-na-intencao-de-oracao-de-julho-sejamos-arquitetos-do-dialogo-e-da-amizade.html#primaryimage\"},\"datePublished\":\"2021-06-30T13:55:56+00:00\",\"dateModified\":\"2021-06-30T13:56:09+00:00\",\"author\":{\"@id\":\"https:\/\/franciscanos.org.br\/noticias\/#\/schema\/person\/b5c8cba458c330ccff548b056e95a5d4\"},\"breadcrumb\":{\"@id\":\"https:\/\/franciscanos.org.br\/noticias\/papa-na-intencao-de-oracao-de-julho-sejamos-arquitetos-do-dialogo-e-da-amizade.html#breadcrumb\"},\"inLanguage\":\"pt-BR\",\"potentialAction\":[{\"@type\":\"ReadAction\",\"target\":[\"https:\/\/franciscanos.org.br\/noticias\/papa-na-intencao-de-oracao-de-julho-sejamos-arquitetos-do-dialogo-e-da-amizade.html\"]}]},{\"@type\":\"BreadcrumbList\",\"@id\":\"https:\/\/franciscanos.org.br\/noticias\/papa-na-intencao-de-oracao-de-julho-sejamos-arquitetos-do-dialogo-e-da-amizade.html#breadcrumb\",\"itemListElement\":[{\"@type\":\"ListItem\",\"position\":1,\"name\":\"Home\",\"item\":\"https:\/\/franciscanos.org.br\/noticias\"},{\"@type\":\"ListItem\",\"position\":2,\"name\":\"Papa na inten\u00e7\u00e3o de ora\u00e7\u00e3o de julho: sejamos arquitetos do di\u00e1logo e da amizade\"}]},{\"@type\":\"Person\",\"@id\":\"https:\/\/franciscanos.org.br\/noticias\/#\/schema\/person\/b5c8cba458c330ccff548b056e95a5d4\",\"name\":\"moacir\",\"image\":{\"@type\":\"ImageObject\",\"inLanguage\":\"pt-BR\",\"@id\":\"https:\/\/franciscanos.org.br\/noticias\/#\/schema\/person\/image\/\",\"url\":\"https:\/\/secure.gravatar.com\/avatar\/d08aa2ce4c8dd416d4479aa8536fcf64?s=96&d=mm&r=g\",\"contentUrl\":\"https:\/\/secure.gravatar.com\/avatar\/d08aa2ce4c8dd416d4479aa8536fcf64?s=96&d=mm&r=g\",\"caption\":\"moacir\"},\"url\":\"https:\/\/franciscanos.org.br\/noticias\/author\/moacir\"}]}<\/script>\n<!-- \/ Yoast SEO plugin. -->","yoast_head_json":{"title":"Papa na inten\u00e7\u00e3o de ora\u00e7\u00e3o de julho: sejamos arquitetos do di\u00e1logo e da amizade - Not\u00edcias - Franciscanos","robots":{"index":"index","follow":"follow","max-snippet":"max-snippet:-1","max-image-preview":"max-image-preview:large","max-video-preview":"max-video-preview:-1"},"canonical":"https:\/\/franciscanos.org.br\/noticias\/papa-na-intencao-de-oracao-de-julho-sejamos-arquitetos-do-dialogo-e-da-amizade.html","og_locale":"pt_BR","og_type":"article","og_title":"Papa na inten\u00e7\u00e3o de ora\u00e7\u00e3o de julho: sejamos arquitetos do di\u00e1logo e da amizade - Not\u00edcias - Franciscanos","og_description":"V\u00eddeo do Papa","og_url":"https:\/\/franciscanos.org.br\/noticias\/papa-na-intencao-de-oracao-de-julho-sejamos-arquitetos-do-dialogo-e-da-amizade.html","og_site_name":"Not\u00edcias - Franciscanos","article_published_time":"2021-06-30T13:55:56+00:00","article_modified_time":"2021-06-30T13:56:09+00:00","og_image":[{"width":800,"height":550,"url":"https:\/\/franciscanos.org.br\/noticias\/wp-content\/uploads\/2021\/06\/papa_01d.jpg","type":"image\/jpeg"}],"author":"moacir","twitter_card":"summary_large_image","twitter_misc":{"Escrito por":"moacir","Est. tempo de leitura":"3 minutos"},"schema":{"@context":"https:\/\/schema.org","@graph":[{"@type":"WebSite","@id":"https:\/\/franciscanos.org.br\/noticias\/#website","url":"https:\/\/franciscanos.org.br\/noticias\/","name":"Not\u00edcias - Franciscanos","description":"Prov\u00edncia Franciscana da Imaculada Concei\u00e7\u00e3o do Brasil - Ordem dos Frades Menores - OFM","potentialAction":[{"@type":"SearchAction","target":{"@type":"EntryPoint","urlTemplate":"https:\/\/franciscanos.org.br\/noticias\/?s={search_term_string}"},"query-input":"required name=search_term_string"}],"inLanguage":"pt-BR"},{"@type":"ImageObject","inLanguage":"pt-BR","@id":"https:\/\/franciscanos.org.br\/noticias\/papa-na-intencao-de-oracao-de-julho-sejamos-arquitetos-do-dialogo-e-da-amizade.html#primaryimage","url":"https:\/\/franciscanos.org.br\/noticias\/wp-content\/uploads\/2021\/06\/papa_01d.jpg","contentUrl":"https:\/\/franciscanos.org.br\/noticias\/wp-content\/uploads\/2021\/06\/papa_01d.jpg","width":800,"height":550},{"@type":"WebPage","@id":"https:\/\/franciscanos.org.br\/noticias\/papa-na-intencao-de-oracao-de-julho-sejamos-arquitetos-do-dialogo-e-da-amizade.html#webpage","url":"https:\/\/franciscanos.org.br\/noticias\/papa-na-intencao-de-oracao-de-julho-sejamos-arquitetos-do-dialogo-e-da-amizade.html","name":"Papa na inten\u00e7\u00e3o de ora\u00e7\u00e3o de julho: sejamos arquitetos do di\u00e1logo e da amizade - Not\u00edcias - Franciscanos","isPartOf":{"@id":"https:\/\/franciscanos.org.br\/noticias\/#website"},"primaryImageOfPage":{"@id":"https:\/\/franciscanos.org.br\/noticias\/papa-na-intencao-de-oracao-de-julho-sejamos-arquitetos-do-dialogo-e-da-amizade.html#primaryimage"},"datePublished":"2021-06-30T13:55:56+00:00","dateModified":"2021-06-30T13:56:09+00:00","author":{"@id":"https:\/\/franciscanos.org.br\/noticias\/#\/schema\/person\/b5c8cba458c330ccff548b056e95a5d4"},"breadcrumb":{"@id":"https:\/\/franciscanos.org.br\/noticias\/papa-na-intencao-de-oracao-de-julho-sejamos-arquitetos-do-dialogo-e-da-amizade.html#breadcrumb"},"inLanguage":"pt-BR","potentialAction":[{"@type":"ReadAction","target":["https:\/\/franciscanos.org.br\/noticias\/papa-na-intencao-de-oracao-de-julho-sejamos-arquitetos-do-dialogo-e-da-amizade.html"]}]},{"@type":"BreadcrumbList","@id":"https:\/\/franciscanos.org.br\/noticias\/papa-na-intencao-de-oracao-de-julho-sejamos-arquitetos-do-dialogo-e-da-amizade.html#breadcrumb","itemListElement":[{"@type":"ListItem","position":1,"name":"Home","item":"https:\/\/franciscanos.org.br\/noticias"},{"@type":"ListItem","position":2,"name":"Papa na inten\u00e7\u00e3o de ora\u00e7\u00e3o de julho: sejamos arquitetos do di\u00e1logo e da amizade"}]},{"@type":"Person","@id":"https:\/\/franciscanos.org.br\/noticias\/#\/schema\/person\/b5c8cba458c330ccff548b056e95a5d4","name":"moacir","image":{"@type":"ImageObject","inLanguage":"pt-BR","@id":"https:\/\/franciscanos.org.br\/noticias\/#\/schema\/person\/image\/","url":"https:\/\/secure.gravatar.com\/avatar\/d08aa2ce4c8dd416d4479aa8536fcf64?s=96&d=mm&r=g","contentUrl":"https:\/\/secure.gravatar.com\/avatar\/d08aa2ce4c8dd416d4479aa8536fcf64?s=96&d=mm&r=g","caption":"moacir"},"url":"https:\/\/franciscanos.org.br\/noticias\/author\/moacir"}]}},"_links":{"self":[{"href":"https:\/\/franciscanos.org.br\/noticias\/wp-json\/wp\/v2\/posts\/232667"}],"collection":[{"href":"https:\/\/franciscanos.org.br\/noticias\/wp-json\/wp\/v2\/posts"}],"about":[{"href":"https:\/\/franciscanos.org.br\/noticias\/wp-json\/wp\/v2\/types\/post"}],"author":[{"embeddable":true,"href":"https:\/\/franciscanos.org.br\/noticias\/wp-json\/wp\/v2\/users\/3"}],"replies":[{"embeddable":true,"href":"https:\/\/franciscanos.org.br\/noticias\/wp-json\/wp\/v2\/comments?post=232667"}],"version-history":[{"count":2,"href":"https:\/\/franciscanos.org.br\/noticias\/wp-json\/wp\/v2\/posts\/232667\/revisions"}],"predecessor-version":[{"id":232672,"href":"https:\/\/franciscanos.org.br\/noticias\/wp-json\/wp\/v2\/posts\/232667\/revisions\/232672"}],"wp:featuredmedia":[{"embeddable":true,"href":"https:\/\/franciscanos.org.br\/noticias\/wp-json\/wp\/v2\/media\/232670"}],"wp:attachment":[{"href":"https:\/\/franciscanos.org.br\/noticias\/wp-json\/wp\/v2\/media?parent=232667"}],"wp:term":[{"taxonomy":"category","embeddable":true,"href":"https:\/\/franciscanos.org.br\/noticias\/wp-json\/wp\/v2\/categories?post=232667"},{"taxonomy":"post_tag","embeddable":true,"href":"https:\/\/franciscanos.org.br\/noticias\/wp-json\/wp\/v2\/tags?post=232667"}],"curies":[{"name":"wp","href":"https:\/\/api.w.org\/{rel}","templated":true}]}}