{"id":232652,"date":"2021-06-29T06:34:13","date_gmt":"2021-06-29T09:34:13","guid":{"rendered":"https:\/\/franciscanos.org.br\/noticias\/?p=232652"},"modified":"2021-06-30T08:00:08","modified_gmt":"2021-06-30T11:00:08","slug":"papa-francisco-so-uma-igreja-liberta-e-uma-igreja-credivel","status":"publish","type":"post","link":"https:\/\/franciscanos.org.br\/noticias\/papa-francisco-so-uma-igreja-liberta-e-uma-igreja-credivel.html","title":{"rendered":"Papa Francisco: s\u00f3 uma Igreja liberta \u00e9 uma Igreja cred\u00edvel"},"content":{"rendered":"<div id=\"attachment_232653\" style=\"width: 1210px\" class=\"wp-caption alignnone\"><img aria-describedby=\"caption-attachment-232653\" loading=\"lazy\" class=\"wp-image-232653 size-full\" src=\"https:\/\/franciscanos.org.br\/noticias\/wp-content\/uploads\/2021\/06\/pedropaulo_29.jpg\" alt=\"\" width=\"1200\" height=\"700\" srcset=\"https:\/\/franciscanos.org.br\/noticias\/wp-content\/uploads\/2021\/06\/pedropaulo_29.jpg 1200w, https:\/\/franciscanos.org.br\/noticias\/wp-content\/uploads\/2021\/06\/pedropaulo_29-450x263.jpg 450w, https:\/\/franciscanos.org.br\/noticias\/wp-content\/uploads\/2021\/06\/pedropaulo_29-1024x597.jpg 1024w, https:\/\/franciscanos.org.br\/noticias\/wp-content\/uploads\/2021\/06\/pedropaulo_29-768x448.jpg 768w, https:\/\/franciscanos.org.br\/noticias\/wp-content\/uploads\/2021\/06\/pedropaulo_29-150x88.jpg 150w\" sizes=\"(max-width: 1200px) 100vw, 1200px\" \/><p id=\"caption-attachment-232653\" class=\"wp-caption-text\"><em>\u00a0 \u00a0 \u00a0 \u00a0 \u00a0 \u00a0 \u00a0 \u00a0 \u00a0 \u00a0 \u00a0 \u00a0 \u00a0 \u00a0 \u00a0 \u00a0 \u00a0 \u00a0 \u00a0 \u00a0 \u00a0 \u00a0 \u00a0 \u00a0 \u00a0 \u00a0 \u00a0 \u00a0 \u00a0 \u00a0 \u00a0 \u00a0 \u00a0 \u00a0 \u00a0 \u00a0 \u00a0 \u00a0 \u00a0 \u00a0 \u00a0 \u00a0 \u00a0 \u00a0 \u00a0 \u00a0 \u00a0 \u00a0 \u00a0Imagens: Vatican Media<\/em><\/p><\/div>\n<p>Nesta Solenidade dos Ap\u00f3stolos S\u00e3o Pedro e S\u00e3o Paulo (29\/06), o Papa Francisco celebrou a Eucaristia com a b\u00ean\u00e7\u00e3o dos p\u00e1lios. Na sua homilia o Papa recordou que o p\u00e1lio \u00e9 \u201csinal de unidade com Pedro que recorda a miss\u00e3o do pastor que d\u00e1 a vida pelo rebanho\u201d. Francisco iniciou a homilia convidando a observar de perto Pedro e Paulo, duas testemunhas da f\u00e9 pois \u201cno centro da sua hist\u00f3ria, n\u00e3o est\u00e1 a pr\u00f3pria destreza, mas o encontro com Cristo que lhes mudou a vida\u201d. &#8220;Pedro e Paulo \u2013 continuou &#8211; s\u00e3o livres unicamente porque foram libertados. Detenhamo-nos neste ponto central&#8221;.<\/p>\n<p><strong>Pedro<\/strong><br \/>\nDo que os Ap\u00f3stolos foram libertados, iniciou o Pont\u00edfice: \u201cPedro, o pescador da Galileia, foi libertado em primeiro lugar da sensa\u00e7\u00e3o de ser inadequado e da amargura de ter falido, e isso verificou-se gra\u00e7as ao amor incondicional de Jesus\u201d. Embora fosse h\u00e1bil pescador sentia tenta\u00e7\u00e3o de des\u00e2nimo, fosse forte era tomado pelo medo, fosse apaixonado do Senhor, continuava a pensar \u00e0 maneira do mundo. \u201cMas Jesus amou-o desinteressadamente e apostou nele\u201d. Jesus encorajou-o disse o Papa, \u201ca n\u00e3o desistir, a lan\u00e7ar novamente as redes ao mar, a caminhar sobre as \u00e1guas, a olhar com coragem para a sua pr\u00f3pria fraqueza, a segui-Lo pelo caminho da Cruz, a dar a vida pelos irm\u00e3os, a apascentar as suas ovelhas\u201d. Por fim Jesus confiou-lhe \u201cas chaves para abrir as portas que levam a encontrar o Senhor e o poder de ligar e desatar: ligar os irm\u00e3os a Cristo e desatar os n\u00f3s e as correntes das suas vidas\u201d.<\/p>\n<p>\u201cA liberta\u00e7\u00e3o de Pedro \u00e9 uma nova hist\u00f3ria de abertura, de liberta\u00e7\u00e3o, de correntes quebradas, de sa\u00edda do c\u00e1rcere que o prende. Pedro faz a experi\u00eancia da P\u00e1scoa: o Senhor libertou-o\u201d<\/p>\n<p><img loading=\"lazy\" class=\"alignnone wp-image-232655 size-full\" src=\"https:\/\/franciscanos.org.br\/noticias\/wp-content\/uploads\/2021\/06\/pedropaulo_29_1.jpg\" alt=\"\" width=\"1000\" height=\"666\" srcset=\"https:\/\/franciscanos.org.br\/noticias\/wp-content\/uploads\/2021\/06\/pedropaulo_29_1.jpg 1000w, https:\/\/franciscanos.org.br\/noticias\/wp-content\/uploads\/2021\/06\/pedropaulo_29_1-450x300.jpg 450w, https:\/\/franciscanos.org.br\/noticias\/wp-content\/uploads\/2021\/06\/pedropaulo_29_1-768x511.jpg 768w, https:\/\/franciscanos.org.br\/noticias\/wp-content\/uploads\/2021\/06\/pedropaulo_29_1-150x100.jpg 150w\" sizes=\"(max-width: 1000px) 100vw, 1000px\" \/><\/p>\n<p><strong>Paulo<\/strong><br \/>\nEm seguida o Papa descreve a liberta\u00e7\u00e3o de Paulo: \u201cTamb\u00e9m o ap\u00f3stolo Paulo experimentou a liberta\u00e7\u00e3o por obra de Cristo. Foi libertado da escravid\u00e3o mais opressiva, a de si mesmo, e de Saulo, tornou-se Paulo, que significa \u2018pequeno\u2019. Foi libertado tamb\u00e9m daquele zelo religioso que o tornara fan\u00e1tico na defesa das tradi\u00e7\u00f5es recebidas e era violento ao perseguir os crist\u00e3os: foi libertado\u201c.<\/p>\n<p>Por\u00e9m, pondera Francisco: Deus \u201cn\u00e3o o poupou a tantas fraquezas e dificuldades que tornaram mais fecunda a sua miss\u00e3o evangelizadora: as canseiras do apostolado, a enfermidade f\u00edsica, as viol\u00eancias e persegui\u00e7\u00f5es, os naufr\u00e1gios, a fome e sede\u201d. \u201cPaulo compreendeu assim que \u2018o que h\u00e1 de fraco no mundo \u00e9 que Deus escolheu para confundir o que \u00e9 forte\u2019, que tudo podemos n\u2019Ele que nos d\u00e1 for\u00e7a, que nada poder\u00e1 jamais separar-nos do seu amor\u2019&#8221;.<\/p>\n<p>\u201cPor isso, no final da sua vida, Paulo pode dizer: \u2018o Senhor esteve comigo\u2019 e \u2018me livrar\u00e1 de todo o mal\u2019. Paulo fez a experi\u00eancia da P\u00e1scoa: o Senhor libertou-o\u201d<\/p>\n<p><strong>Pedro e Paulo<\/strong><br \/>\nO Papa recorda que \u201ca Igreja olha para estes dois gigantes da f\u00e9 e v\u00ea dois Ap\u00f3stolos que libertaram a for\u00e7a do Evangelho no mundo, s\u00f3 porque antes foram libertados pelo encontro com Cristo. Ele n\u00e3o os julgou, nem humilhou, mas partilhou de perto e afetuosamente a sua vida\u201d.<\/p>\n<p>E nos conforta afirmando: \u201cDe igual modo procede Jesus tamb\u00e9m conosco: assegura-nos a sua proximidade, rezando por n\u00f3s e intercedendo junto do Pai; e repreende-nos com do\u00e7ura quando erramos, para podermos encontrar a for\u00e7a de nos levantar novamente e retomar o caminho\u201d.<\/p>\n<p>\u201cTocados pelo Senhor, tamb\u00e9m n\u00f3s somos libertados. E sempre temos necessidade de ser libertados, porque s\u00f3 uma Igreja liberta \u00e9 uma Igreja cred\u00edvel\u201d<\/p>\n<p><img loading=\"lazy\" class=\"alignnone wp-image-232656 size-full\" src=\"https:\/\/franciscanos.org.br\/noticias\/wp-content\/uploads\/2021\/06\/pedropaulo_29_2.jpg\" alt=\"\" width=\"1000\" height=\"666\" srcset=\"https:\/\/franciscanos.org.br\/noticias\/wp-content\/uploads\/2021\/06\/pedropaulo_29_2.jpg 1000w, https:\/\/franciscanos.org.br\/noticias\/wp-content\/uploads\/2021\/06\/pedropaulo_29_2-450x300.jpg 450w, https:\/\/franciscanos.org.br\/noticias\/wp-content\/uploads\/2021\/06\/pedropaulo_29_2-768x511.jpg 768w, https:\/\/franciscanos.org.br\/noticias\/wp-content\/uploads\/2021\/06\/pedropaulo_29_2-150x100.jpg 150w\" sizes=\"(max-width: 1000px) 100vw, 1000px\" \/><\/p>\n<p><strong>O que significa sermos libertos?<\/strong><br \/>\nPapa Francisco esclarece o que significa sermos libertos como os Santos Ap\u00f3stolos: \u201cComo Pedro, somos chamados a ser libertos da sensa\u00e7\u00e3o da derrota face \u00e0 nossa pesca por vezes malsucedida; a ser libertos do medo que nos paralisa e torna medrosos, fechando-nos nas nossas seguran\u00e7as e tirando-nos a coragem da profecia\u201d.<\/p>\n<p>\u201cComo Paulo, somos chamados a ser libertos das hipocrisias da exterioridade; libertos da tenta\u00e7\u00e3o de nos impormos com a for\u00e7a do mundo, e n\u00e3o com a debilidade que deixa espa\u00e7o a Deus; libertos duma observ\u00e2ncia religiosa que nos torna r\u00edgidos e inflex\u00edveis; libertos de v\u00ednculos amb\u00edguos com o poder e do medo de ser incompreendidos e atacados\u201d.<\/p>\n<p>Por fim o Papa nos descreve: \u201cPedro e Paulo oferecem-nos a imagem duma Igreja confiada \u00e0s nossas m\u00e3os, mas conduzida pelo Senhor com fidelidade e ternura; duma Igreja d\u00e9bil, mas forte com a presen\u00e7a de Deus; duma Igreja libertada que pode oferecer ao mundo aquela liberta\u00e7\u00e3o que ele, sozinho, n\u00e3o se pode dar a si mesmo\u201d.<\/p>\n<p>Francisco conclui saudando os irm\u00e3os arcebispos que recebem o P\u00e1lio: \u201cEste sinal de unidade com Pedro recorda a miss\u00e3o do pastor que d\u00e1 a vida pelo rebanho. \u00c9 dando a vida que o Pastor, liberto de si mesmo, se torna instrumento de liberta\u00e7\u00e3o para os irm\u00e3os\u201d.<\/p>\n<p><strong>P\u00c1LIOS<\/strong><br \/>\nE o Papa Francisco aben\u00e7oou os P\u00e1lios que quatro arcebispos brasileiros nomeados nos \u00faltimos doze meses v\u00e3o receber. No total, foram 34 novos arcebispos nomeados de junho de 2020 at\u00e9 este ano. Em sua reflex\u00e3o, o pont\u00edfice ressaltou que \u201c\u00e9 dando a vida que o Pastor, liberto de si mesmo, se torna instrumento de liberta\u00e7\u00e3o para os irm\u00e3os\u201d.<\/p>\n<p>Recordando a ins\u00edgnia que ser\u00e1 entregue aos arcebispos, o Papa assim sublinhou: \u201cEste sinal de unidade com Pedro recorda a miss\u00e3o do pastor que d\u00e1 a vida pelo rebanho\u201d.<\/p>\n<p>Aqui no Brasil, receber\u00e3o o Palio arquiepiscopal, s\u00edmbolo de jurisdi\u00e7\u00e3o em comunh\u00e3o com a Santa S\u00e9, os seguintes arcebispos: Dom Severino Clasen, arcebispo de Maring\u00e1 (PR); Dom Paulo Cezar Costa, arcebispo de Bras\u00edlia (DF); Dom Gilberto Pastana de Oliveira, arcebispo eleito de S\u00e3o Lu\u00eds do Maranh\u00e3o (MA); e<br \/>\nDom Leomar Ant\u00f4nio Brustolin, arcebispo eleito de Santa Maria (RS)<\/p>\n<hr \/>\n<h3><img loading=\"lazy\" class=\"alignnone wp-image-232654 size-full\" src=\"https:\/\/franciscanos.org.br\/noticias\/wp-content\/uploads\/2021\/06\/pedropaulo_29_23.jpg\" alt=\"\" width=\"1280\" height=\"720\" srcset=\"https:\/\/franciscanos.org.br\/noticias\/wp-content\/uploads\/2021\/06\/pedropaulo_29_23.jpg 1280w, https:\/\/franciscanos.org.br\/noticias\/wp-content\/uploads\/2021\/06\/pedropaulo_29_23-450x253.jpg 450w, https:\/\/franciscanos.org.br\/noticias\/wp-content\/uploads\/2021\/06\/pedropaulo_29_23-1024x576.jpg 1024w, https:\/\/franciscanos.org.br\/noticias\/wp-content\/uploads\/2021\/06\/pedropaulo_29_23-768x432.jpg 768w, https:\/\/franciscanos.org.br\/noticias\/wp-content\/uploads\/2021\/06\/pedropaulo_29_23-150x84.jpg 150w\" sizes=\"(max-width: 1280px) 100vw, 1280px\" \/><\/h3>\n<h3>Texto integral: Homilia da celebra\u00e7\u00e3o dos Santos Ap\u00f3stolos Pedro e Paulo<\/h3>\n<p>Celebramos hoje a festa de dois grandes ap\u00f3stolos do Evangelho e duas colunas angulares da Igreja: Pedro e Paulo. Observemos de perto estas duas testemunhas da f\u00e9: no centro da sua hist\u00f3ria, n\u00e3o est\u00e1 a pr\u00f3pria destreza, mas o encontro com Cristo que lhes mudou a vida. Fizeram a experi\u00eancia de um amor que os curou e libertou e, por isso, tornaram-se ap\u00f3stolos e ministros de liberta\u00e7\u00e3o para os outros. Pedro e Paulo s\u00e3o livres unicamente porque foram libertados. Detenhamo-nos neste ponto central.<\/p>\n<p>Pedro, o pescador da Galileia, foi libertado em primeiro lugar da sensa\u00e7\u00e3o de ser inadequado e da amargura de ter falido, e isso verificou-se gra\u00e7as ao amor incondicional de Jesus. Embora fosse um h\u00e1bil pescador, v\u00e1rias vezes experimentou, em plena noite, o sabor amargo da derrota por n\u00e3o ter pescado nada (cf. Lc 5, 5; Jo 21, 5) e, perante as redes vazias, sentiu a tenta\u00e7\u00e3o do des\u00e2nimo; apesar de forte e impetuoso, muitas vezes se deixou tomar pelo medo (cf. Mt 14, 30); embora fosse um disc\u00edpulo apaixonado do Senhor, continuou a pensar \u00e0 maneira do mundo, sem conseguir entender e aceitar o significado da Cruz de Cristo (cf. Mt 16, 22); apesar de dizer-se pronto a dar a vida por Ele, bastou sentir-se suspeitado de ser um dos Seus para se atemorizar chegando a negar o Mestre (cf. Mc 14, 66-72).<\/p>\n<p>Mas Jesus amou-o desinteressadamente e apostou nele. Encorajou-o a n\u00e3o desistir, a lan\u00e7ar novamente as redes ao mar, a caminhar sobre as \u00e1guas, a olhar com coragem para a sua pr\u00f3pria fraqueza, a segui-Lo pelo caminho da Cruz, a dar a vida pelos irm\u00e3os, a apascentar as suas ovelhas. Deste modo libertou-o do medo, dos c\u00e1lculos baseados apenas nas seguran\u00e7as humanas, das preocupa\u00e7\u00f5es mundanas, infundindo nele a coragem de arriscar tudo e a alegria de se sentir pescador de homens. Foi precisamente a ele que chamou para confirmar na f\u00e9 os irm\u00e3os (cf. Lc 22, 32). Como ouvimos no Evangelho, deu-lhe as chaves para abrir as portas que levam a encontrar o Senhor e o poder de ligar e desatar: ligar os irm\u00e3os a Cristo e desatar os n\u00f3s e as correntes das suas vidas (cf. Mt 16, 19).<\/p>\n<p>Tudo isto s\u00f3 foi poss\u00edvel, porque antes, como nos dizia a primeira Leitura, Pedro foi libertado. As correntes que o mant\u00eam prisioneiro s\u00e3o quebradas e, tal como aconteceu na noite da liberta\u00e7\u00e3o dos israelitas da escravid\u00e3o do Egito, \u00e9 convidado a levantar-se depressa, colocar o cinto e cal\u00e7ar as sand\u00e1lias para sair. E o Senhor abre as portas diante dele (cf. At 12, 7-10). \u00c9 uma nova hist\u00f3ria de abertura, de liberta\u00e7\u00e3o, de correntes quebradas, de sa\u00edda do c\u00e1rcere que o prende. Pedro faz a experi\u00eancia da P\u00e1scoa: o Senhor libertou-o.<\/p>\n<p>Tamb\u00e9m o ap\u00f3stolo Paulo experimentou a liberta\u00e7\u00e3o por obra de Cristo. Foi libertado da escravid\u00e3o mais opressiva, a de si mesmo, e de Saulo \u2013 nome do primeiro rei de Israel \u2013 tornou-se Paulo, que significa \u00abpequeno\u00bb. Foi libertado tamb\u00e9m daquele zelo religioso que o tornara fan\u00e1tico na defesa das tradi\u00e7\u00f5es recebidas (cf. Gal 1, 14) e violento ao perseguir os crist\u00e3os. A observ\u00e2ncia formal da religi\u00e3o e a defesa implac\u00e1vel da tradi\u00e7\u00e3o, em vez de o abrir ao amor de Deus e dos irm\u00e3os, haviam-no endurecido. Foi disto que Deus o libertou; ao inv\u00e9s, n\u00e3o o poupou a tantas fraquezas e dificuldades que tornaram mais fecunda a sua miss\u00e3o evangelizadora: as canseiras do apostolado, a enfermidade f\u00edsica (cf. Gal 4, 13-14); as viol\u00eancias e persegui\u00e7\u00f5es, os naufr\u00e1gios, a fome e sede, e \u2013 segundo as suas pr\u00f3prias palavras \u2013 um espinho que o atormentava na carne (cf. 2 Cor 12, 7-10).<\/p>\n<p>Paulo compreendeu assim que \u00abo que h\u00e1 de fraco no mundo \u00e9 que Deus escolheu para confundir o que \u00e9 forte\u00bb (1 Cor 1, 27), que tudo podemos n\u2019Ele que nos d\u00e1 for\u00e7a (cf. Flp 4, 13), que nada poder\u00e1 jamais separar-nos do seu amor (cf. Rm 8, 35-39). Por isso, no final da sua vida, como nos dizia a segunda Leitura, Paulo pode dizer: \u00abo Senhor esteve comigo\u00bb e \u00abme livrar\u00e1 de todo o mal\u00bb (2 Tm 4, 17.18). Paulo fez a experi\u00eancia da P\u00e1scoa: o Senhor libertou-o.<\/p>\n<p>Queridos irm\u00e3os e irm\u00e3s, a Igreja olha para estes dois gigantes da f\u00e9 e v\u00ea dois Ap\u00f3stolos que libertaram a for\u00e7a do Evangelho no mundo, s\u00f3 porque antes foram libertados pelo encontro com Cristo. Ele n\u00e3o os julgou, nem humilhou, mas partilhou de perto e afetuosamente a sua vida, sustentando-os com a sua pr\u00f3pria ora\u00e7\u00e3o e, \u00e0s vezes, admoestando-os para os impelir \u00e0 mudan\u00e7a. A Pedro, disse Jesus com ternura: \u00abEu roguei por ti, para que a tua f\u00e9 n\u00e3o desapare\u00e7a\u00bb (Lc 22, 32); a Paulo, pergunta: \u00abSaulo, Saulo, porque Me persegues?\u00bb (At 9, 4). De igual modo procede Jesus tamb\u00e9m connosco: assegura-nos a sua proximidade, rezando por n\u00f3s e intercedendo junto do Pai; e repreende-nos com do\u00e7ura quando erramos, para podermos encontrar a for\u00e7a de nos levantar novamente e retomar o caminho.<\/p>\n<p>Tocados pelo Senhor, tamb\u00e9m n\u00f3s somos libertados. E sempre temos necessidade de ser libertados, porque s\u00f3 uma Igreja liberta \u00e9 uma Igreja cred\u00edvel. Como Pedro, somos chamados a ser libertos da sensa\u00e7\u00e3o da derrota face \u00e0 nossa pesca por vezes malsucedida; a ser libertos do medo que nos paralisa e torna medrosos, fechando-nos nas nossas seguran\u00e7as e tirando-nos a coragem da profecia. Como Paulo, somos chamados a ser libertos das hipocrisias da exterioridade; libertos da tenta\u00e7\u00e3o de nos impormos com a for\u00e7a do mundo, e n\u00e3o com a debilidade que deixa espa\u00e7o a Deus; libertos duma observ\u00e2ncia religiosa que nos torna r\u00edgidos e inflex\u00edveis; libertos de v\u00ednculos amb\u00edguos com o poder e do medo de ser incompreendidos e atacados.<\/p>\n<p>Pedro e Paulo oferecem-nos a imagem duma Igreja confiada \u00e0s nossas m\u00e3os, mas conduzida pelo Senhor com fidelidade e ternura; duma Igreja d\u00e9bil, mas forte com a presen\u00e7a de Deus; duma Igreja libertada que pode oferecer ao mundo aquela liberta\u00e7\u00e3o que ele, sozinho, n\u00e3o se pode dar a si mesmo: a liberta\u00e7\u00e3o do pecado, da morte, da resigna\u00e7\u00e3o, do sentimento da injusti\u00e7a, da perda da esperan\u00e7a que embrutece a vida das mulheres e dos homens do nosso tempo.<\/p>\n<p>Interroguemo-nos: quanta necessidade de liberta\u00e7\u00e3o t\u00eam as nossas cidades, as nossas sociedades, o nosso mundo? Quantas correntes devem ser quebradas e quantas portas trancadas devem ser abertas! Podemos ser colaboradores desta liberta\u00e7\u00e3o, mas s\u00f3 se, primeiro, nos deixarmos libertar pela novidade de Jesus e caminharmos na liberdade do Esp\u00edrito Santo.<\/p>\n<p>Hoje os nossos irm\u00e3os Arcebispos recebem o P\u00e1lio. Este sinal de unidade com Pedro recorda a miss\u00e3o do pastor que d\u00e1 a vida pelo rebanho. \u00c9 dando a vida que o Pastor, liberto de si mesmo, se torna instrumento de liberta\u00e7\u00e3o para os irm\u00e3os. Hoje temos connosco a Delega\u00e7\u00e3o do Patriarcado Ecum\u00e9nico, enviada para esta ocasi\u00e3o pelo querido irm\u00e3o Bartolomeu: a vossa am\u00e1vel presen\u00e7a \u00e9 um sinal precioso de unidade no caminho de liberta\u00e7\u00e3o das dist\u00e2ncias que, escandalosamente, dividem os crentes em Cristo.<\/p>\n<p>Rezamos por v\u00f3s, pelos Pastores, pela Igreja, por todos n\u00f3s: para que, libertados por Cristo, possamos ser ap\u00f3stolos de liberta\u00e7\u00e3o em todo o mundo.<\/p>\n<hr \/>\n<p><em>Eucaristia, com a b\u00ean\u00e7\u00e3o dos p\u00e1lios, <\/em><em>na Solenidade dos Ap\u00f3stolos S\u00e3o Pedro e S\u00e3o Paulo<\/em><br \/>\n<em>(Bas\u00edlica de S. Pedro, 29 de junho de 2021)<\/em><\/p>\n<p><em>Fonte: Vatican News (texto de Jane Nogara)<\/em><\/p>\n<hr \/>\n<h3>ANGELUS<\/h3>\n<p>No dia da Solenidade de S\u00e3o Pedro e S\u00e3o Paulo e ap\u00f3s presidir a celebra\u00e7\u00e3o na Bas\u00edlica Vaticana, o Papa rezou a ora\u00e7\u00e3o mariana do Angelus com os fi\u00e9is da janela do seu escrit\u00f3rio no Pal\u00e1cio Apost\u00f3lico. A Pra\u00e7a S\u00e3o Pedro recebeu muitos peregrinos e turistas por ocasi\u00e3o da festa dos santos padroeiros de Roma nesta ter\u00e7a-feira (29), feriado na It\u00e1lia e no Vaticano.<\/p>\n<p>E olhando justamente para a vida de Pedro e Paulo e atrav\u00e9s do Evangelho de hoje (<i>Mt\u00a0<\/i>16, 13-19), o Papa Francisco nos dirigiu uma provoca\u00e7\u00e3o feita pelo pr\u00f3prio Jesus aos disc\u00edpulos: \u201cquem dizem as pessoas que Eu sou?\u201d e \u201cquem sou Eu para ti?\u201d. A primeira quest\u00e3o \u201ctratava-se de uma sondagem para descobrir quais eram as opini\u00f5es sobre Ele e a fama de que gozava, mas a notoriedade n\u00e3o interessa a Jesus\u201d, observou o Pont\u00edfice. Por isso da import\u00e2ncia de conseguir reconhecer a \u201cdiferen\u00e7a fundamental da vida crist\u00e3\u201d para n\u00e3o se limitar \u00e0 segunda pergunta, sobre as opini\u00f5es dos outros e falando \u201cde Jesus\u201d, mas entrando em rela\u00e7\u00e3o com Ele, falando \u201ccom Jesus\u201d, como testemunharam Pedro e Paulo.<\/p>\n<div>\n<div class=\"article__embed article__embed--border embed_style\">\n<blockquote><p>\u201cOs Santos que hoje celebramos fizeram esta passagem, tornando-se testemunhas. N\u00e3o eram admiradores, mas imitadores de Jesus. N\u00e3o eram espectadores, mas protagonistas do Evangelho. N\u00e3o acreditavam em palavras, mas nos atos. Pedro n\u00e3o falou de miss\u00e3o, era pescador de homens; Paulo n\u00e3o escreveu livros eruditos, mas cartas vivas, enquanto viajava e testemunhava. Ambos gastaram a vida pelo Senhor e pelos irm\u00e3os.\u201d<\/p><\/blockquote>\n<\/div>\n<\/div>\n<h2>Seguir o testemunho de vida de Pedro e Paulo<\/h2>\n<p>O Papa, assim, encorajou a aceitarmos essa provoca\u00e7\u00e3o, seguindo o testemunho de vida dos Apost\u00f3los que nem sempre foram \u201cexemplares\u201d, mas \u201ctransparentes\u201d j\u00e1 que tiveram toda a \u201chist\u00f3ria nua e crua nos Evangelhos, com todas as mis\u00e9rias\u201d. S\u00f3 assim, \u201cda luta contra as pr\u00f3prias duplicidades e falsidades\u201d, o Senhor pode fazer grandes coisas atrav\u00e9s de n\u00f3s, enfatizou Francisco, para n\u00e3o corrermos o risco \u201cde dar pareceres e opini\u00f5es, de ter grandes ideias e dizer belas palavras, mas de nunca nos colocarmos em jogo\u201d:<\/p>\n<p><i>\u201cQuantas vezes, por exemplo, dizemos que gostar\u00edamos de uma Igreja mais fiel ao Evangelho, mais pr\u00f3xima do povo, mais prof\u00e9tica e mission\u00e1ria, mas depois, na pr\u00e1tica, nada fazemos! \u00c9 triste ver que muitos falam, comentam e debatem, mas poucos testemunham. As testemunhas n\u00e3o se perdem em palavras, mas d\u00e3o fruto. N\u00e3o se queixam dos outros e do mundo, mas come\u00e7am por si pr\u00f3prias. Lembram-nos que Deus n\u00e3o deve ser demonstrado, mas mostrado; n\u00e3o anunciado com proclama\u00e7\u00f5es, mas testemunhado com o exemplo.\u201d<\/i><\/p>\n<h2>Quem sou Eu para ti?<\/h2>\n<p>O Pont\u00edfice finalizou, ent\u00e3o, a alocu\u00e7\u00e3o que precedeu a ora\u00e7\u00e3o mariana do Angelus, refor\u00e7ando para que n\u00e3o nos preocupemos \u201cem cuidar de defender a nossa imagem\u201d, mas, ao contr\u00e1rio, busquemos seguir os passos dos Ap\u00f3stolos:<\/p>\n<div>\n<div class=\"article__embed article__embed--border embed_style\">\n<blockquote><p>\u201cCaros irm\u00e3os e irm\u00e3s, hoje o Senhor interpela-nos. A sua pergunta &#8211; Quem sou Eu para ti? &#8211; escava dentro de n\u00f3s. Atrav\u00e9s das suas testemunhas Pedro e Paulo, exorta-nos a abandonar as nossas m\u00e1scaras, a renunciar \u00e0s meias-medidas, \u00e0s desculpas que nos tornam mornos e med\u00edocres. Nossa Senhora, Rainha dos Ap\u00f3stolos, nos ajude nisto. Acenda em n\u00f3s o desejo de dar testemunho de Jesus!\u201d<\/p>\n<hr \/>\n<p><em>Texto: Andressa Collet<\/em><\/p><\/blockquote>\n<\/div>\n<\/div>\n","protected":false},"excerpt":{"rendered":"<p>Solenidade de S\u00e3o Pedro e S\u00e3o Paulo<\/p>\n","protected":false},"author":3,"featured_media":232657,"comment_status":"open","ping_status":"open","sticky":false,"template":"","format":"standard","meta":[],"categories":[1428],"tags":[1744],"acf":[],"yoast_head":"<!-- This site is optimized with the Yoast SEO plugin v19.2 - https:\/\/yoast.com\/wordpress\/plugins\/seo\/ -->\n<title>Papa Francisco: s\u00f3 uma Igreja liberta \u00e9 uma Igreja cred\u00edvel - Not\u00edcias - Franciscanos<\/title>\n<meta name=\"robots\" content=\"index, follow, max-snippet:-1, max-image-preview:large, max-video-preview:-1\" \/>\n<link rel=\"canonical\" href=\"https:\/\/franciscanos.org.br\/noticias\/papa-francisco-so-uma-igreja-liberta-e-uma-igreja-credivel.html\" \/>\n<meta property=\"og:locale\" content=\"pt_BR\" \/>\n<meta property=\"og:type\" content=\"article\" \/>\n<meta property=\"og:title\" content=\"Papa Francisco: s\u00f3 uma Igreja liberta \u00e9 uma Igreja cred\u00edvel - Not\u00edcias - Franciscanos\" \/>\n<meta property=\"og:description\" content=\"Solenidade de S\u00e3o Pedro e S\u00e3o Paulo\" \/>\n<meta property=\"og:url\" content=\"https:\/\/franciscanos.org.br\/noticias\/papa-francisco-so-uma-igreja-liberta-e-uma-igreja-credivel.html\" \/>\n<meta property=\"og:site_name\" content=\"Not\u00edcias - Franciscanos\" \/>\n<meta property=\"article:published_time\" content=\"2021-06-29T09:34:13+00:00\" \/>\n<meta property=\"article:modified_time\" content=\"2021-06-30T11:00:08+00:00\" \/>\n<meta property=\"og:image\" content=\"https:\/\/franciscanos.org.br\/noticias\/wp-content\/uploads\/2021\/06\/pedropaulo_29d.jpg\" \/>\n\t<meta property=\"og:image:width\" content=\"800\" \/>\n\t<meta property=\"og:image:height\" content=\"550\" \/>\n\t<meta property=\"og:image:type\" content=\"image\/jpeg\" \/>\n<meta name=\"author\" content=\"moacir\" \/>\n<meta name=\"twitter:card\" content=\"summary_large_image\" \/>\n<meta name=\"twitter:label1\" content=\"Escrito por\" \/>\n\t<meta name=\"twitter:data1\" content=\"moacir\" \/>\n\t<meta name=\"twitter:label2\" content=\"Est. tempo de leitura\" \/>\n\t<meta name=\"twitter:data2\" content=\"15 minutos\" \/>\n<script type=\"application\/ld+json\" class=\"yoast-schema-graph\">{\"@context\":\"https:\/\/schema.org\",\"@graph\":[{\"@type\":\"WebSite\",\"@id\":\"https:\/\/franciscanos.org.br\/noticias\/#website\",\"url\":\"https:\/\/franciscanos.org.br\/noticias\/\",\"name\":\"Not\u00edcias - Franciscanos\",\"description\":\"Prov\u00edncia Franciscana da Imaculada Concei\u00e7\u00e3o do Brasil - Ordem dos Frades Menores - OFM\",\"potentialAction\":[{\"@type\":\"SearchAction\",\"target\":{\"@type\":\"EntryPoint\",\"urlTemplate\":\"https:\/\/franciscanos.org.br\/noticias\/?s={search_term_string}\"},\"query-input\":\"required name=search_term_string\"}],\"inLanguage\":\"pt-BR\"},{\"@type\":\"ImageObject\",\"inLanguage\":\"pt-BR\",\"@id\":\"https:\/\/franciscanos.org.br\/noticias\/papa-francisco-so-uma-igreja-liberta-e-uma-igreja-credivel.html#primaryimage\",\"url\":\"https:\/\/franciscanos.org.br\/noticias\/wp-content\/uploads\/2021\/06\/pedropaulo_29d.jpg\",\"contentUrl\":\"https:\/\/franciscanos.org.br\/noticias\/wp-content\/uploads\/2021\/06\/pedropaulo_29d.jpg\",\"width\":800,\"height\":550},{\"@type\":\"WebPage\",\"@id\":\"https:\/\/franciscanos.org.br\/noticias\/papa-francisco-so-uma-igreja-liberta-e-uma-igreja-credivel.html#webpage\",\"url\":\"https:\/\/franciscanos.org.br\/noticias\/papa-francisco-so-uma-igreja-liberta-e-uma-igreja-credivel.html\",\"name\":\"Papa Francisco: s\u00f3 uma Igreja liberta \u00e9 uma Igreja cred\u00edvel - Not\u00edcias - Franciscanos\",\"isPartOf\":{\"@id\":\"https:\/\/franciscanos.org.br\/noticias\/#website\"},\"primaryImageOfPage\":{\"@id\":\"https:\/\/franciscanos.org.br\/noticias\/papa-francisco-so-uma-igreja-liberta-e-uma-igreja-credivel.html#primaryimage\"},\"datePublished\":\"2021-06-29T09:34:13+00:00\",\"dateModified\":\"2021-06-30T11:00:08+00:00\",\"author\":{\"@id\":\"https:\/\/franciscanos.org.br\/noticias\/#\/schema\/person\/b5c8cba458c330ccff548b056e95a5d4\"},\"breadcrumb\":{\"@id\":\"https:\/\/franciscanos.org.br\/noticias\/papa-francisco-so-uma-igreja-liberta-e-uma-igreja-credivel.html#breadcrumb\"},\"inLanguage\":\"pt-BR\",\"potentialAction\":[{\"@type\":\"ReadAction\",\"target\":[\"https:\/\/franciscanos.org.br\/noticias\/papa-francisco-so-uma-igreja-liberta-e-uma-igreja-credivel.html\"]}]},{\"@type\":\"BreadcrumbList\",\"@id\":\"https:\/\/franciscanos.org.br\/noticias\/papa-francisco-so-uma-igreja-liberta-e-uma-igreja-credivel.html#breadcrumb\",\"itemListElement\":[{\"@type\":\"ListItem\",\"position\":1,\"name\":\"Home\",\"item\":\"https:\/\/franciscanos.org.br\/noticias\"},{\"@type\":\"ListItem\",\"position\":2,\"name\":\"Papa Francisco: s\u00f3 uma Igreja liberta \u00e9 uma Igreja cred\u00edvel\"}]},{\"@type\":\"Person\",\"@id\":\"https:\/\/franciscanos.org.br\/noticias\/#\/schema\/person\/b5c8cba458c330ccff548b056e95a5d4\",\"name\":\"moacir\",\"image\":{\"@type\":\"ImageObject\",\"inLanguage\":\"pt-BR\",\"@id\":\"https:\/\/franciscanos.org.br\/noticias\/#\/schema\/person\/image\/\",\"url\":\"https:\/\/secure.gravatar.com\/avatar\/d08aa2ce4c8dd416d4479aa8536fcf64?s=96&d=mm&r=g\",\"contentUrl\":\"https:\/\/secure.gravatar.com\/avatar\/d08aa2ce4c8dd416d4479aa8536fcf64?s=96&d=mm&r=g\",\"caption\":\"moacir\"},\"url\":\"https:\/\/franciscanos.org.br\/noticias\/author\/moacir\"}]}<\/script>\n<!-- \/ Yoast SEO plugin. -->","yoast_head_json":{"title":"Papa Francisco: s\u00f3 uma Igreja liberta \u00e9 uma Igreja cred\u00edvel - Not\u00edcias - Franciscanos","robots":{"index":"index","follow":"follow","max-snippet":"max-snippet:-1","max-image-preview":"max-image-preview:large","max-video-preview":"max-video-preview:-1"},"canonical":"https:\/\/franciscanos.org.br\/noticias\/papa-francisco-so-uma-igreja-liberta-e-uma-igreja-credivel.html","og_locale":"pt_BR","og_type":"article","og_title":"Papa Francisco: s\u00f3 uma Igreja liberta \u00e9 uma Igreja cred\u00edvel - Not\u00edcias - Franciscanos","og_description":"Solenidade de S\u00e3o Pedro e S\u00e3o Paulo","og_url":"https:\/\/franciscanos.org.br\/noticias\/papa-francisco-so-uma-igreja-liberta-e-uma-igreja-credivel.html","og_site_name":"Not\u00edcias - Franciscanos","article_published_time":"2021-06-29T09:34:13+00:00","article_modified_time":"2021-06-30T11:00:08+00:00","og_image":[{"width":800,"height":550,"url":"https:\/\/franciscanos.org.br\/noticias\/wp-content\/uploads\/2021\/06\/pedropaulo_29d.jpg","type":"image\/jpeg"}],"author":"moacir","twitter_card":"summary_large_image","twitter_misc":{"Escrito por":"moacir","Est. tempo de leitura":"15 minutos"},"schema":{"@context":"https:\/\/schema.org","@graph":[{"@type":"WebSite","@id":"https:\/\/franciscanos.org.br\/noticias\/#website","url":"https:\/\/franciscanos.org.br\/noticias\/","name":"Not\u00edcias - Franciscanos","description":"Prov\u00edncia Franciscana da Imaculada Concei\u00e7\u00e3o do Brasil - Ordem dos Frades Menores - OFM","potentialAction":[{"@type":"SearchAction","target":{"@type":"EntryPoint","urlTemplate":"https:\/\/franciscanos.org.br\/noticias\/?s={search_term_string}"},"query-input":"required name=search_term_string"}],"inLanguage":"pt-BR"},{"@type":"ImageObject","inLanguage":"pt-BR","@id":"https:\/\/franciscanos.org.br\/noticias\/papa-francisco-so-uma-igreja-liberta-e-uma-igreja-credivel.html#primaryimage","url":"https:\/\/franciscanos.org.br\/noticias\/wp-content\/uploads\/2021\/06\/pedropaulo_29d.jpg","contentUrl":"https:\/\/franciscanos.org.br\/noticias\/wp-content\/uploads\/2021\/06\/pedropaulo_29d.jpg","width":800,"height":550},{"@type":"WebPage","@id":"https:\/\/franciscanos.org.br\/noticias\/papa-francisco-so-uma-igreja-liberta-e-uma-igreja-credivel.html#webpage","url":"https:\/\/franciscanos.org.br\/noticias\/papa-francisco-so-uma-igreja-liberta-e-uma-igreja-credivel.html","name":"Papa Francisco: s\u00f3 uma Igreja liberta \u00e9 uma Igreja cred\u00edvel - Not\u00edcias - Franciscanos","isPartOf":{"@id":"https:\/\/franciscanos.org.br\/noticias\/#website"},"primaryImageOfPage":{"@id":"https:\/\/franciscanos.org.br\/noticias\/papa-francisco-so-uma-igreja-liberta-e-uma-igreja-credivel.html#primaryimage"},"datePublished":"2021-06-29T09:34:13+00:00","dateModified":"2021-06-30T11:00:08+00:00","author":{"@id":"https:\/\/franciscanos.org.br\/noticias\/#\/schema\/person\/b5c8cba458c330ccff548b056e95a5d4"},"breadcrumb":{"@id":"https:\/\/franciscanos.org.br\/noticias\/papa-francisco-so-uma-igreja-liberta-e-uma-igreja-credivel.html#breadcrumb"},"inLanguage":"pt-BR","potentialAction":[{"@type":"ReadAction","target":["https:\/\/franciscanos.org.br\/noticias\/papa-francisco-so-uma-igreja-liberta-e-uma-igreja-credivel.html"]}]},{"@type":"BreadcrumbList","@id":"https:\/\/franciscanos.org.br\/noticias\/papa-francisco-so-uma-igreja-liberta-e-uma-igreja-credivel.html#breadcrumb","itemListElement":[{"@type":"ListItem","position":1,"name":"Home","item":"https:\/\/franciscanos.org.br\/noticias"},{"@type":"ListItem","position":2,"name":"Papa Francisco: s\u00f3 uma Igreja liberta \u00e9 uma Igreja cred\u00edvel"}]},{"@type":"Person","@id":"https:\/\/franciscanos.org.br\/noticias\/#\/schema\/person\/b5c8cba458c330ccff548b056e95a5d4","name":"moacir","image":{"@type":"ImageObject","inLanguage":"pt-BR","@id":"https:\/\/franciscanos.org.br\/noticias\/#\/schema\/person\/image\/","url":"https:\/\/secure.gravatar.com\/avatar\/d08aa2ce4c8dd416d4479aa8536fcf64?s=96&d=mm&r=g","contentUrl":"https:\/\/secure.gravatar.com\/avatar\/d08aa2ce4c8dd416d4479aa8536fcf64?s=96&d=mm&r=g","caption":"moacir"},"url":"https:\/\/franciscanos.org.br\/noticias\/author\/moacir"}]}},"_links":{"self":[{"href":"https:\/\/franciscanos.org.br\/noticias\/wp-json\/wp\/v2\/posts\/232652"}],"collection":[{"href":"https:\/\/franciscanos.org.br\/noticias\/wp-json\/wp\/v2\/posts"}],"about":[{"href":"https:\/\/franciscanos.org.br\/noticias\/wp-json\/wp\/v2\/types\/post"}],"author":[{"embeddable":true,"href":"https:\/\/franciscanos.org.br\/noticias\/wp-json\/wp\/v2\/users\/3"}],"replies":[{"embeddable":true,"href":"https:\/\/franciscanos.org.br\/noticias\/wp-json\/wp\/v2\/comments?post=232652"}],"version-history":[{"count":4,"href":"https:\/\/franciscanos.org.br\/noticias\/wp-json\/wp\/v2\/posts\/232652\/revisions"}],"predecessor-version":[{"id":232662,"href":"https:\/\/franciscanos.org.br\/noticias\/wp-json\/wp\/v2\/posts\/232652\/revisions\/232662"}],"wp:featuredmedia":[{"embeddable":true,"href":"https:\/\/franciscanos.org.br\/noticias\/wp-json\/wp\/v2\/media\/232657"}],"wp:attachment":[{"href":"https:\/\/franciscanos.org.br\/noticias\/wp-json\/wp\/v2\/media?parent=232652"}],"wp:term":[{"taxonomy":"category","embeddable":true,"href":"https:\/\/franciscanos.org.br\/noticias\/wp-json\/wp\/v2\/categories?post=232652"},{"taxonomy":"post_tag","embeddable":true,"href":"https:\/\/franciscanos.org.br\/noticias\/wp-json\/wp\/v2\/tags?post=232652"}],"curies":[{"name":"wp","href":"https:\/\/api.w.org\/{rel}","templated":true}]}}