{"id":232648,"date":"2021-06-28T08:34:46","date_gmt":"2021-06-28T11:34:46","guid":{"rendered":"https:\/\/franciscanos.org.br\/noticias\/?p=232648"},"modified":"2021-06-28T08:34:46","modified_gmt":"2021-06-28T11:34:46","slug":"papa-para-um-futuro-de-paz-serve-maior-comunhao-entre-cristaos","status":"publish","type":"post","link":"https:\/\/franciscanos.org.br\/noticias\/papa-para-um-futuro-de-paz-serve-maior-comunhao-entre-cristaos.html","title":{"rendered":"Papa: para um futuro de paz, serve maior comunh\u00e3o entre crist\u00e3os"},"content":{"rendered":"<div id=\"attachment_232649\" style=\"width: 1290px\" class=\"wp-caption alignnone\"><img aria-describedby=\"caption-attachment-232649\" loading=\"lazy\" class=\"wp-image-232649 size-full\" src=\"https:\/\/franciscanos.org.br\/noticias\/wp-content\/uploads\/2021\/06\/PAPA_2806.jpg\" alt=\"\" width=\"1280\" height=\"720\" srcset=\"https:\/\/franciscanos.org.br\/noticias\/wp-content\/uploads\/2021\/06\/PAPA_2806.jpg 1280w, https:\/\/franciscanos.org.br\/noticias\/wp-content\/uploads\/2021\/06\/PAPA_2806-450x253.jpg 450w, https:\/\/franciscanos.org.br\/noticias\/wp-content\/uploads\/2021\/06\/PAPA_2806-1024x576.jpg 1024w, https:\/\/franciscanos.org.br\/noticias\/wp-content\/uploads\/2021\/06\/PAPA_2806-768x432.jpg 768w, https:\/\/franciscanos.org.br\/noticias\/wp-content\/uploads\/2021\/06\/PAPA_2806-150x84.jpg 150w\" sizes=\"(max-width: 1280px) 100vw, 1280px\" \/><p id=\"caption-attachment-232649\" class=\"wp-caption-text\">\u00a0 \u00a0 \u00a0 \u00a0 \u00a0 \u00a0 \u00a0 \u00a0 \u00a0 \u00a0 \u00a0 \u00a0 \u00a0 \u00a0 \u00a0 \u00a0 \u00a0 \u00a0 \u00a0 \u00a0 \u00a0 \u00a0 \u00a0 \u00a0 \u00a0 \u00a0 \u00a0 \u00a0 \u00a0 \u00a0 \u00a0 \u00a0 \u00a0 \u00a0 \u00a0 \u00a0 \u00a0 \u00a0 \u00a0 \u00a0 \u00a0 \u00a0 \u00a0 \u00a0 \u00a0 \u00a0 \u00a0 \u00a0 \u00a0 \u00a0 \u00a0 \u00a0 \u00a0 \u00a0 \u00a0 \u00a0 \u00a0 \u00a0 \u00a0 \u00a0 \u00a0 \u00a0 \u00a0 \u00a0 \u00a0 \u00a0 \u00a0 \u00a0 \u00a0 \u00a0 \u00a0 \u00a0 \u00a0 \u00a0 \u00a0 \u00a0 \u00a0 \u00a0 \u00a0 \u00a0 \u00a0 \u00a0 \u00a0 \u00a0 \u00a0 \u00a0 \u00a0 \u00a0 \u00a0 \u00a0 \u00a0 \u00a0 \u00a0 \u00a0 \u00a0 \u00a0 \u00a0 <em>\u00a0 \u00a0 \u00a0 \u00a0 \u00a0 \u00a0 Imagem: Vatican Media<\/em><\/p><\/div>\n<p>Na manh\u00e3 desta segunda-feira (28\/06) o Papa Francisco recebeu a Delega\u00e7\u00e3o do Patriarcado Ecum\u00eanico de Constantinopla por ocasi\u00e3o da Solenidade dos Santos Ap\u00f3stolos Pedro e Paulo. Depois de agradecer as sauda\u00e7\u00f5es do Metropolita Emmanuel de Calced\u00f4nia, chefe da Delega\u00e7\u00e3o, Francisco recordou aos presentes que a pandemia \u201cfoi uma prova que afetou a todos e a tudo. Mais grave do que esta crise \u00e9 apenas a possibilidade de desperdi\u00e7\u00e1-la, sem aprender a li\u00e7\u00e3o que ela nos d\u00e1. \u00c9 uma li\u00e7\u00e3o de humildade, que nos ensina a impossibilidade de viver de modo saud\u00e1vel em um mundo doente e de continuar como antes sem perceber o que estava errado\u201d.<\/p>\n<p><strong>Nossa atitude diante da crise pand\u00eamica<\/strong><br \/>\nE questiona sobre a nossa atitude como crist\u00e3os diante desta situa\u00e7\u00e3o. \u201cTamb\u00e9m n\u00f3s \u2013 continua o Papa &#8211; somos seriamente chamados a nos perguntar se queremos voltar a fazer tudo como antes, como se nada tivesse acontecido, ou se queremos aceitar o desafio desta crise. A crise, como revelada pelo significado original da palavra, implica um julgamento, uma separa\u00e7\u00e3o entre o que \u00e9 bom e o que \u00e9 ruim\u201d. E completa: \u201cA crise nos pede, portanto, que fa\u00e7amos uma sele\u00e7\u00e3o, que discirnamos, que paremos e consideremos o que, de tudo o que fazemos, permanece e o que passa\u201d<\/p>\n<p><strong>O amor que n\u00e3o busca seu pr\u00f3prio interesse<\/strong><br \/>\nE o Papa afirma que como crist\u00e3os sabemos que o que nos resta para sempre \u00e9 o amor! E explica: \u201cCertamente n\u00e3o estamos falando de amor rom\u00e2ntico, centrado em si mesmo (&#8230;) estamos falando de amor concreto, vivido no caminho de Jesus. \u00c9 o amor pela semente que d\u00e1 vida ao morrer na terra, que d\u00e1 frutos ao quebrar. \u00c9 o amor que \u2018n\u00e3o busca seu pr\u00f3prio interesse&#8221;, que &#8220;desculpa tudo, espera tudo, suporta tudo\u2019. Em outras palavras\u201d, continua, \u201co Evangelho assegura frutos abundantes n\u00e3o para os que acumulam para si mesmos, n\u00e3o para os que olham para seu pr\u00f3prio benef\u00edcio, mas para os que compartilham abertamente com os outros, semeando com abund\u00e2ncia e gratuitamente, em um humilde esp\u00edrito de servi\u00e7o\u201d.<\/p>\n<p><strong>Novo impulso ao nosso caminho<\/strong><br \/>\nE o Papa sugere: \u201cQueridos irm\u00e3os e irm\u00e3s, n\u00e3o chegou o momento, com a ajuda do Esp\u00edrito, de dar um novo impulso ao nosso caminho para abater velhos preconceitos e superar definitivamente as rivalidades prejudiciais?\u201d. E segue questionando: \u201cSem ignorar as diferen\u00e7as que ter\u00e3o de ser superadas atrav\u00e9s do di\u00e1logo, da caridade e da verdade, n\u00e3o poderemos inaugurar uma nova fase nas rela\u00e7\u00f5es entre nossas Igrejas, caracterizada por caminhar mais juntas, por querer dar verdadeiros passos em frente, por nos sentirmos verdadeiramente corespons\u00e1veis umas pelas outras?\u201d E conclui: \u201cSe formos d\u00f3ceis ao amor, o Esp\u00edrito Santo que \u00e9 o amor criativo de Deus e traz harmonia \u00e0 diversidade, abrir\u00e1 o caminho para uma fraternidade renovada\u201d<\/p>\n<p><strong>Nosso testemunho, sinal de esperan\u00e7a para todo<\/strong>s<br \/>\nPor fim Francisco recorda ainda que \u201co testemunho da crescente comunh\u00e3o entre n\u00f3s crist\u00e3os ser\u00e1 tamb\u00e9m um sinal de esperan\u00e7a para muitos homens e mulheres, que se sentir\u00e3o encorajados a promover uma fraternidade mais universal e uma reconcilia\u00e7\u00e3o capaz de corrigir as injusti\u00e7as do passado. Esta \u00e9 a \u00fanica maneira de abrir um futuro de paz\u201d.<\/p>\n<p>Na conclus\u00e3o o Papa enviou suas sauda\u00e7\u00f5es ao Patriarca Bartolomeu e recordou o encontro previsto para outubro deste ano no 30\u00b0 anivers\u00e1rio da sua elei\u00e7\u00e3o. No<em> Angelus<\/em> de 29 de junho de 2020 o Papa tinha evidenciado a aus\u00eancia do Patriarca: &#8220;Segundo a tradi\u00e7\u00e3o, nesta comemora\u00e7\u00e3o uma delega\u00e7\u00e3o do Patriarcado Ecum\u00eanico de Constantinopla vem a Roma, mas este ano n\u00e3o foi poss\u00edvel por causa da pandemia. Por conseguinte, envio um abra\u00e7o espiritual ao meu querido irm\u00e3o Patriarca Bartolomeu, na esperan\u00e7a de podermos retomar o mais depressa poss\u00edvel as nossas visitas rec\u00edprocas&#8221;.<\/p>\n<hr \/>\n<p><em>Fonte: Vatican News (texto de Jane Nogara)<\/em><\/p>\n","protected":false},"excerpt":{"rendered":"<p>Audi\u00eancia Papal<\/p>\n","protected":false},"author":3,"featured_media":232650,"comment_status":"open","ping_status":"open","sticky":false,"template":"","format":"standard","meta":[],"categories":[1428],"tags":[55],"acf":[],"yoast_head":"<!-- This site is optimized with the Yoast SEO plugin v19.2 - https:\/\/yoast.com\/wordpress\/plugins\/seo\/ -->\n<title>Papa: para um futuro de paz, serve maior comunh\u00e3o entre crist\u00e3os - Not\u00edcias - Franciscanos<\/title>\n<meta name=\"robots\" content=\"index, follow, max-snippet:-1, max-image-preview:large, max-video-preview:-1\" \/>\n<link rel=\"canonical\" href=\"https:\/\/franciscanos.org.br\/noticias\/papa-para-um-futuro-de-paz-serve-maior-comunhao-entre-cristaos.html\" \/>\n<meta property=\"og:locale\" content=\"pt_BR\" \/>\n<meta property=\"og:type\" content=\"article\" \/>\n<meta property=\"og:title\" content=\"Papa: para um futuro de paz, serve maior comunh\u00e3o entre crist\u00e3os - Not\u00edcias - Franciscanos\" \/>\n<meta property=\"og:description\" content=\"Audi\u00eancia Papal\" \/>\n<meta property=\"og:url\" content=\"https:\/\/franciscanos.org.br\/noticias\/papa-para-um-futuro-de-paz-serve-maior-comunhao-entre-cristaos.html\" \/>\n<meta property=\"og:site_name\" content=\"Not\u00edcias - Franciscanos\" \/>\n<meta property=\"article:published_time\" content=\"2021-06-28T11:34:46+00:00\" \/>\n<meta property=\"og:image\" content=\"https:\/\/franciscanos.org.br\/noticias\/wp-content\/uploads\/2021\/06\/PAPA_2806D.jpg\" \/>\n\t<meta property=\"og:image:width\" content=\"800\" \/>\n\t<meta property=\"og:image:height\" content=\"550\" \/>\n\t<meta property=\"og:image:type\" content=\"image\/jpeg\" \/>\n<meta name=\"author\" content=\"moacir\" \/>\n<meta name=\"twitter:card\" content=\"summary_large_image\" \/>\n<meta name=\"twitter:label1\" content=\"Escrito por\" \/>\n\t<meta name=\"twitter:data1\" content=\"moacir\" \/>\n\t<meta name=\"twitter:label2\" content=\"Est. tempo de leitura\" \/>\n\t<meta name=\"twitter:data2\" content=\"3 minutos\" \/>\n<script type=\"application\/ld+json\" class=\"yoast-schema-graph\">{\"@context\":\"https:\/\/schema.org\",\"@graph\":[{\"@type\":\"WebSite\",\"@id\":\"https:\/\/franciscanos.org.br\/noticias\/#website\",\"url\":\"https:\/\/franciscanos.org.br\/noticias\/\",\"name\":\"Not\u00edcias - Franciscanos\",\"description\":\"Prov\u00edncia Franciscana da Imaculada Concei\u00e7\u00e3o do Brasil - Ordem dos Frades Menores - OFM\",\"potentialAction\":[{\"@type\":\"SearchAction\",\"target\":{\"@type\":\"EntryPoint\",\"urlTemplate\":\"https:\/\/franciscanos.org.br\/noticias\/?s={search_term_string}\"},\"query-input\":\"required name=search_term_string\"}],\"inLanguage\":\"pt-BR\"},{\"@type\":\"ImageObject\",\"inLanguage\":\"pt-BR\",\"@id\":\"https:\/\/franciscanos.org.br\/noticias\/papa-para-um-futuro-de-paz-serve-maior-comunhao-entre-cristaos.html#primaryimage\",\"url\":\"https:\/\/franciscanos.org.br\/noticias\/wp-content\/uploads\/2021\/06\/PAPA_2806D.jpg\",\"contentUrl\":\"https:\/\/franciscanos.org.br\/noticias\/wp-content\/uploads\/2021\/06\/PAPA_2806D.jpg\",\"width\":800,\"height\":550},{\"@type\":\"WebPage\",\"@id\":\"https:\/\/franciscanos.org.br\/noticias\/papa-para-um-futuro-de-paz-serve-maior-comunhao-entre-cristaos.html#webpage\",\"url\":\"https:\/\/franciscanos.org.br\/noticias\/papa-para-um-futuro-de-paz-serve-maior-comunhao-entre-cristaos.html\",\"name\":\"Papa: para um futuro de paz, serve maior comunh\u00e3o entre crist\u00e3os - Not\u00edcias - Franciscanos\",\"isPartOf\":{\"@id\":\"https:\/\/franciscanos.org.br\/noticias\/#website\"},\"primaryImageOfPage\":{\"@id\":\"https:\/\/franciscanos.org.br\/noticias\/papa-para-um-futuro-de-paz-serve-maior-comunhao-entre-cristaos.html#primaryimage\"},\"datePublished\":\"2021-06-28T11:34:46+00:00\",\"dateModified\":\"2021-06-28T11:34:46+00:00\",\"author\":{\"@id\":\"https:\/\/franciscanos.org.br\/noticias\/#\/schema\/person\/b5c8cba458c330ccff548b056e95a5d4\"},\"breadcrumb\":{\"@id\":\"https:\/\/franciscanos.org.br\/noticias\/papa-para-um-futuro-de-paz-serve-maior-comunhao-entre-cristaos.html#breadcrumb\"},\"inLanguage\":\"pt-BR\",\"potentialAction\":[{\"@type\":\"ReadAction\",\"target\":[\"https:\/\/franciscanos.org.br\/noticias\/papa-para-um-futuro-de-paz-serve-maior-comunhao-entre-cristaos.html\"]}]},{\"@type\":\"BreadcrumbList\",\"@id\":\"https:\/\/franciscanos.org.br\/noticias\/papa-para-um-futuro-de-paz-serve-maior-comunhao-entre-cristaos.html#breadcrumb\",\"itemListElement\":[{\"@type\":\"ListItem\",\"position\":1,\"name\":\"Home\",\"item\":\"https:\/\/franciscanos.org.br\/noticias\"},{\"@type\":\"ListItem\",\"position\":2,\"name\":\"Papa: para um futuro de paz, serve maior comunh\u00e3o entre crist\u00e3os\"}]},{\"@type\":\"Person\",\"@id\":\"https:\/\/franciscanos.org.br\/noticias\/#\/schema\/person\/b5c8cba458c330ccff548b056e95a5d4\",\"name\":\"moacir\",\"image\":{\"@type\":\"ImageObject\",\"inLanguage\":\"pt-BR\",\"@id\":\"https:\/\/franciscanos.org.br\/noticias\/#\/schema\/person\/image\/\",\"url\":\"https:\/\/secure.gravatar.com\/avatar\/d08aa2ce4c8dd416d4479aa8536fcf64?s=96&d=mm&r=g\",\"contentUrl\":\"https:\/\/secure.gravatar.com\/avatar\/d08aa2ce4c8dd416d4479aa8536fcf64?s=96&d=mm&r=g\",\"caption\":\"moacir\"},\"url\":\"https:\/\/franciscanos.org.br\/noticias\/author\/moacir\"}]}<\/script>\n<!-- \/ Yoast SEO plugin. -->","yoast_head_json":{"title":"Papa: para um futuro de paz, serve maior comunh\u00e3o entre crist\u00e3os - Not\u00edcias - Franciscanos","robots":{"index":"index","follow":"follow","max-snippet":"max-snippet:-1","max-image-preview":"max-image-preview:large","max-video-preview":"max-video-preview:-1"},"canonical":"https:\/\/franciscanos.org.br\/noticias\/papa-para-um-futuro-de-paz-serve-maior-comunhao-entre-cristaos.html","og_locale":"pt_BR","og_type":"article","og_title":"Papa: para um futuro de paz, serve maior comunh\u00e3o entre crist\u00e3os - Not\u00edcias - Franciscanos","og_description":"Audi\u00eancia Papal","og_url":"https:\/\/franciscanos.org.br\/noticias\/papa-para-um-futuro-de-paz-serve-maior-comunhao-entre-cristaos.html","og_site_name":"Not\u00edcias - Franciscanos","article_published_time":"2021-06-28T11:34:46+00:00","og_image":[{"width":800,"height":550,"url":"https:\/\/franciscanos.org.br\/noticias\/wp-content\/uploads\/2021\/06\/PAPA_2806D.jpg","type":"image\/jpeg"}],"author":"moacir","twitter_card":"summary_large_image","twitter_misc":{"Escrito por":"moacir","Est. tempo de leitura":"3 minutos"},"schema":{"@context":"https:\/\/schema.org","@graph":[{"@type":"WebSite","@id":"https:\/\/franciscanos.org.br\/noticias\/#website","url":"https:\/\/franciscanos.org.br\/noticias\/","name":"Not\u00edcias - Franciscanos","description":"Prov\u00edncia Franciscana da Imaculada Concei\u00e7\u00e3o do Brasil - Ordem dos Frades Menores - OFM","potentialAction":[{"@type":"SearchAction","target":{"@type":"EntryPoint","urlTemplate":"https:\/\/franciscanos.org.br\/noticias\/?s={search_term_string}"},"query-input":"required name=search_term_string"}],"inLanguage":"pt-BR"},{"@type":"ImageObject","inLanguage":"pt-BR","@id":"https:\/\/franciscanos.org.br\/noticias\/papa-para-um-futuro-de-paz-serve-maior-comunhao-entre-cristaos.html#primaryimage","url":"https:\/\/franciscanos.org.br\/noticias\/wp-content\/uploads\/2021\/06\/PAPA_2806D.jpg","contentUrl":"https:\/\/franciscanos.org.br\/noticias\/wp-content\/uploads\/2021\/06\/PAPA_2806D.jpg","width":800,"height":550},{"@type":"WebPage","@id":"https:\/\/franciscanos.org.br\/noticias\/papa-para-um-futuro-de-paz-serve-maior-comunhao-entre-cristaos.html#webpage","url":"https:\/\/franciscanos.org.br\/noticias\/papa-para-um-futuro-de-paz-serve-maior-comunhao-entre-cristaos.html","name":"Papa: para um futuro de paz, serve maior comunh\u00e3o entre crist\u00e3os - Not\u00edcias - Franciscanos","isPartOf":{"@id":"https:\/\/franciscanos.org.br\/noticias\/#website"},"primaryImageOfPage":{"@id":"https:\/\/franciscanos.org.br\/noticias\/papa-para-um-futuro-de-paz-serve-maior-comunhao-entre-cristaos.html#primaryimage"},"datePublished":"2021-06-28T11:34:46+00:00","dateModified":"2021-06-28T11:34:46+00:00","author":{"@id":"https:\/\/franciscanos.org.br\/noticias\/#\/schema\/person\/b5c8cba458c330ccff548b056e95a5d4"},"breadcrumb":{"@id":"https:\/\/franciscanos.org.br\/noticias\/papa-para-um-futuro-de-paz-serve-maior-comunhao-entre-cristaos.html#breadcrumb"},"inLanguage":"pt-BR","potentialAction":[{"@type":"ReadAction","target":["https:\/\/franciscanos.org.br\/noticias\/papa-para-um-futuro-de-paz-serve-maior-comunhao-entre-cristaos.html"]}]},{"@type":"BreadcrumbList","@id":"https:\/\/franciscanos.org.br\/noticias\/papa-para-um-futuro-de-paz-serve-maior-comunhao-entre-cristaos.html#breadcrumb","itemListElement":[{"@type":"ListItem","position":1,"name":"Home","item":"https:\/\/franciscanos.org.br\/noticias"},{"@type":"ListItem","position":2,"name":"Papa: para um futuro de paz, serve maior comunh\u00e3o entre crist\u00e3os"}]},{"@type":"Person","@id":"https:\/\/franciscanos.org.br\/noticias\/#\/schema\/person\/b5c8cba458c330ccff548b056e95a5d4","name":"moacir","image":{"@type":"ImageObject","inLanguage":"pt-BR","@id":"https:\/\/franciscanos.org.br\/noticias\/#\/schema\/person\/image\/","url":"https:\/\/secure.gravatar.com\/avatar\/d08aa2ce4c8dd416d4479aa8536fcf64?s=96&d=mm&r=g","contentUrl":"https:\/\/secure.gravatar.com\/avatar\/d08aa2ce4c8dd416d4479aa8536fcf64?s=96&d=mm&r=g","caption":"moacir"},"url":"https:\/\/franciscanos.org.br\/noticias\/author\/moacir"}]}},"_links":{"self":[{"href":"https:\/\/franciscanos.org.br\/noticias\/wp-json\/wp\/v2\/posts\/232648"}],"collection":[{"href":"https:\/\/franciscanos.org.br\/noticias\/wp-json\/wp\/v2\/posts"}],"about":[{"href":"https:\/\/franciscanos.org.br\/noticias\/wp-json\/wp\/v2\/types\/post"}],"author":[{"embeddable":true,"href":"https:\/\/franciscanos.org.br\/noticias\/wp-json\/wp\/v2\/users\/3"}],"replies":[{"embeddable":true,"href":"https:\/\/franciscanos.org.br\/noticias\/wp-json\/wp\/v2\/comments?post=232648"}],"version-history":[{"count":1,"href":"https:\/\/franciscanos.org.br\/noticias\/wp-json\/wp\/v2\/posts\/232648\/revisions"}],"predecessor-version":[{"id":232651,"href":"https:\/\/franciscanos.org.br\/noticias\/wp-json\/wp\/v2\/posts\/232648\/revisions\/232651"}],"wp:featuredmedia":[{"embeddable":true,"href":"https:\/\/franciscanos.org.br\/noticias\/wp-json\/wp\/v2\/media\/232650"}],"wp:attachment":[{"href":"https:\/\/franciscanos.org.br\/noticias\/wp-json\/wp\/v2\/media?parent=232648"}],"wp:term":[{"taxonomy":"category","embeddable":true,"href":"https:\/\/franciscanos.org.br\/noticias\/wp-json\/wp\/v2\/categories?post=232648"},{"taxonomy":"post_tag","embeddable":true,"href":"https:\/\/franciscanos.org.br\/noticias\/wp-json\/wp\/v2\/tags?post=232648"}],"curies":[{"name":"wp","href":"https:\/\/api.w.org\/{rel}","templated":true}]}}