{"id":232629,"date":"2021-06-27T14:17:30","date_gmt":"2021-06-27T17:17:30","guid":{"rendered":"https:\/\/franciscanos.org.br\/noticias\/?p=232629"},"modified":"2021-06-27T14:17:30","modified_gmt":"2021-06-27T17:17:30","slug":"que-o-futuro-se-apresente-cheio-de-paz-e-cheio-de-bem-diz-d-angelo-na-celebracao-dos-80-anos-da-paroquia-da-vila","status":"publish","type":"post","link":"https:\/\/franciscanos.org.br\/noticias\/que-o-futuro-se-apresente-cheio-de-paz-e-cheio-de-bem-diz-d-angelo-na-celebracao-dos-80-anos-da-paroquia-da-vila.html","title":{"rendered":"&#8220;Que o futuro se apresente cheio de paz e cheio de bem&#8221;, diz D. Angelo na celebra\u00e7\u00e3o dos 80 anos da Par\u00f3quia da Vila"},"content":{"rendered":"<p><img loading=\"lazy\" class=\"size-full wp-image-232630 alignnone\" src=\"https:\/\/franciscanos.org.br\/noticias\/wp-content\/uploads\/2021\/06\/clementino_01.jpg\" alt=\"\" width=\"1280\" height=\"720\" srcset=\"https:\/\/franciscanos.org.br\/noticias\/wp-content\/uploads\/2021\/06\/clementino_01.jpg 1280w, https:\/\/franciscanos.org.br\/noticias\/wp-content\/uploads\/2021\/06\/clementino_01-450x253.jpg 450w, https:\/\/franciscanos.org.br\/noticias\/wp-content\/uploads\/2021\/06\/clementino_01-1024x576.jpg 1024w, https:\/\/franciscanos.org.br\/noticias\/wp-content\/uploads\/2021\/06\/clementino_01-768x432.jpg 768w, https:\/\/franciscanos.org.br\/noticias\/wp-content\/uploads\/2021\/06\/clementino_01-150x84.jpg 150w\" sizes=\"(max-width: 1280px) 100vw, 1280px\" \/><\/p>\n<p><strong>S\u00e3o Paulo (SP)<\/strong> &#8211; A Par\u00f3quia S\u00e3o Francisco de Assis, na Vila Clementino, celebrou os 80 anos de sua cria\u00e7\u00e3o durante a Missa de A\u00e7\u00e3o de Gra\u00e7as neste domingo (27\/6), \u00e0s 9 horas, presidida por Dom \u00c2ngelo Ademir Mezzari, RCJ, bispo auxiliar da Arquidiocese de S\u00e3o Paulo para a Regi\u00e3o Ipiranga. &#8220;Sabemos que o presente e o futuro dependem da nossa hist\u00f3ria de vida, da hist\u00f3ria respeitada, da hist\u00f3ria amada. Temos que preservar essa mem\u00f3ria para que as futuras gera\u00e7\u00f5es possam conhecer mais profundamente essa for\u00e7a da f\u00e9, essa for\u00e7a da Igreja, esse testemunho de viv\u00eancia da sociedade, do que era e do que hoje \u00e9 e do que continuar\u00e1 nesta Par\u00f3quia constru\u00edda com amor&#8221;, disse D. Angelo, ao saudar a todos com &#8220;Paz e Bem!&#8221;<\/p>\n<p>O p\u00e1roco Frei Valdecir Schwambach fez a acolhida e falou da alegria pela presen\u00e7a de Dom \u00c2ngelo, dos sacerdotes Pe. Samuel A. Cruz, administrador paroquial da Par\u00f3quia N. Sra. Aparecida de Moema; de Pe. Paulo Suess, da Par\u00f3quia Santa Rita de C\u00e1ssia de Mirand\u00f3polis; de Frei Marx Rodrigues dos Reis, da Par\u00f3quia Santo Ant\u00f4nio do Pari; e dos frades da Fraternidade da Vila: Frei Raimundo de Oliveira Castro, Frei Robson Scudela e Frei Carlos L\u00facio Nunes Corr\u00eaa.<\/p>\n\n\t\t<style type=\"text\/css\">\n\t\t\t#gallery-1 {\n\t\t\t\tmargin: auto;\n\t\t\t}\n\t\t\t#gallery-1 .gallery-item {\n\t\t\t\tfloat: left;\n\t\t\t\tmargin-top: 10px;\n\t\t\t\ttext-align: center;\n\t\t\t\twidth: 20%;\n\t\t\t}\n\t\t\t#gallery-1 img {\n\t\t\t\tborder: 2px solid #cfcfcf;\n\t\t\t}\n\t\t\t#gallery-1 .gallery-caption {\n\t\t\t\tmargin-left: 0;\n\t\t\t}\n\t\t\t\/* see gallery_shortcode() in wp-includes\/media.php *\/\n\t\t<\/style>\n\t\t<div id='gallery-1' class='gallery galleryid-232629 gallery-columns-5 gallery-size-thumbnail'><dl class='gallery-item'>\n\t\t\t<dt class='gallery-icon landscape'>\n\t\t\t\t<a href='https:\/\/franciscanos.org.br\/noticias\/wp-content\/uploads\/2021\/06\/clementino_02.jpg'><img width=\"300\" height=\"300\" src=\"https:\/\/franciscanos.org.br\/noticias\/wp-content\/uploads\/2021\/06\/clementino_02-300x300.jpg\" class=\"attachment-thumbnail size-thumbnail\" alt=\"\" loading=\"lazy\" srcset=\"https:\/\/franciscanos.org.br\/noticias\/wp-content\/uploads\/2021\/06\/clementino_02-300x300.jpg 300w, https:\/\/franciscanos.org.br\/noticias\/wp-content\/uploads\/2021\/06\/clementino_02-450x450.jpg 450w, https:\/\/franciscanos.org.br\/noticias\/wp-content\/uploads\/2021\/06\/clementino_02-768x768.jpg 768w, https:\/\/franciscanos.org.br\/noticias\/wp-content\/uploads\/2021\/06\/clementino_02-150x150.jpg 150w, https:\/\/franciscanos.org.br\/noticias\/wp-content\/uploads\/2021\/06\/clementino_02-100x100.jpg 100w, https:\/\/franciscanos.org.br\/noticias\/wp-content\/uploads\/2021\/06\/clementino_02.jpg 1000w\" sizes=\"(max-width: 300px) 100vw, 300px\" \/><\/a>\n\t\t\t<\/dt><\/dl><dl class='gallery-item'>\n\t\t\t<dt class='gallery-icon landscape'>\n\t\t\t\t<a href='https:\/\/franciscanos.org.br\/noticias\/wp-content\/uploads\/2021\/06\/clementino_03.jpg'><img width=\"300\" height=\"300\" src=\"https:\/\/franciscanos.org.br\/noticias\/wp-content\/uploads\/2021\/06\/clementino_03-300x300.jpg\" class=\"attachment-thumbnail size-thumbnail\" alt=\"\" loading=\"lazy\" srcset=\"https:\/\/franciscanos.org.br\/noticias\/wp-content\/uploads\/2021\/06\/clementino_03-300x300.jpg 300w, https:\/\/franciscanos.org.br\/noticias\/wp-content\/uploads\/2021\/06\/clementino_03-100x100.jpg 100w\" sizes=\"(max-width: 300px) 100vw, 300px\" \/><\/a>\n\t\t\t<\/dt><\/dl><dl class='gallery-item'>\n\t\t\t<dt class='gallery-icon landscape'>\n\t\t\t\t<a href='https:\/\/franciscanos.org.br\/noticias\/wp-content\/uploads\/2021\/06\/clementino_04.jpg'><img width=\"300\" height=\"300\" src=\"https:\/\/franciscanos.org.br\/noticias\/wp-content\/uploads\/2021\/06\/clementino_04-300x300.jpg\" class=\"attachment-thumbnail size-thumbnail\" alt=\"\" loading=\"lazy\" srcset=\"https:\/\/franciscanos.org.br\/noticias\/wp-content\/uploads\/2021\/06\/clementino_04-300x300.jpg 300w, https:\/\/franciscanos.org.br\/noticias\/wp-content\/uploads\/2021\/06\/clementino_04-100x100.jpg 100w\" sizes=\"(max-width: 300px) 100vw, 300px\" \/><\/a>\n\t\t\t<\/dt><\/dl><dl class='gallery-item'>\n\t\t\t<dt class='gallery-icon portrait'>\n\t\t\t\t<a href='https:\/\/franciscanos.org.br\/noticias\/wp-content\/uploads\/2021\/06\/clementino_05.jpg'><img width=\"300\" height=\"300\" src=\"https:\/\/franciscanos.org.br\/noticias\/wp-content\/uploads\/2021\/06\/clementino_05-300x300.jpg\" class=\"attachment-thumbnail size-thumbnail\" alt=\"\" loading=\"lazy\" srcset=\"https:\/\/franciscanos.org.br\/noticias\/wp-content\/uploads\/2021\/06\/clementino_05-300x300.jpg 300w, https:\/\/franciscanos.org.br\/noticias\/wp-content\/uploads\/2021\/06\/clementino_05-100x100.jpg 100w\" sizes=\"(max-width: 300px) 100vw, 300px\" \/><\/a>\n\t\t\t<\/dt><\/dl><dl class='gallery-item'>\n\t\t\t<dt class='gallery-icon portrait'>\n\t\t\t\t<a href='https:\/\/franciscanos.org.br\/noticias\/wp-content\/uploads\/2021\/06\/clementino_06.jpg'><img width=\"300\" height=\"300\" src=\"https:\/\/franciscanos.org.br\/noticias\/wp-content\/uploads\/2021\/06\/clementino_06-300x300.jpg\" class=\"attachment-thumbnail size-thumbnail\" alt=\"\" loading=\"lazy\" srcset=\"https:\/\/franciscanos.org.br\/noticias\/wp-content\/uploads\/2021\/06\/clementino_06-300x300.jpg 300w, https:\/\/franciscanos.org.br\/noticias\/wp-content\/uploads\/2021\/06\/clementino_06-100x100.jpg 100w\" sizes=\"(max-width: 300px) 100vw, 300px\" \/><\/a>\n\t\t\t<\/dt><\/dl><br style=\"clear: both\" \/>\n\t\t<\/div>\n\n<p>O bispo explicou que se alegrava porque estava celebrando esta Eucaristia pela primeira vez, j\u00e1 que tinha visitado apenas a Comunidade religiosa quando foi acolhido na Regi\u00e3o Ipiranga no ano passado, em outubro. &#8220;Ent\u00e3o, hoje, estou muito feliz de celebrar numa data especial. At\u00e9 porque sou de uma par\u00f3quia franciscana. Eu nasci em Forquilhinha, Santa Catarina, e cresci com os frades. N\u00e3o me tornei franciscano n\u00e3o sei por qu\u00ea. \u00a0Sou rogacionista, mas sempre fui muito ligado \u00e0 Fam\u00edlia Franciscana. Ent\u00e3o, me sinto em casa tamb\u00e9m. Desde pequeno aprendi a dizer com meu pai e minha m\u00e3e &#8216;Paz e bem!&#8217;, porque todas as fam\u00edlias diziam em todos os momentos&#8221;, revelou D. Angelo. Ele contou que o Cardeal D. Odilo Scherer mandou uma sauda\u00e7\u00e3o especial ao p\u00e1roco e \u00e0 Fraternidade Franciscana pela presen\u00e7a franciscana nesses 80 anos desta \u201cquerida Par\u00f3quia\u201d. &#8220;Que esta liturgia eleve a Deus a nossa gratid\u00e3o e, sobretudo, o nosso compromisso para continuar adiante nossa miss\u00e3o, t\u00e3o bem vivida nesses anos e que o futuro se apresente tamb\u00e9m cheio de paz, cheio de bem&#8221;, disse.<\/p>\n<p>Antes do Ato Penitencial, em prociss\u00e3o os paroquianos trouxeram os s\u00edmbolos que marcam este jubileu: o h\u00e1bito franciscano e o jaleco do m\u00e9dico, simbolizando a proximidade com o Hospital S\u00e3o Paulo; a primeira imagem de S\u00e3o Francisco acompanhada por vasos de flores representando as pastorais e os movimentos da Par\u00f3quia. &#8220;Essa imagem ser\u00e1 sempre um sinal permanente dessa hist\u00f3ria&#8221;, lembrou D. Angelo.<\/p>\n<p>Para D. Angelo, nada melhor do que agradecer essa hist\u00f3ria de 80 anos, elevar a \u00a0gratid\u00e3o a Deus nesse templo t\u00e3o bonito, constru\u00eddo com tanto amor e com a participa\u00e7\u00e3o de tantos: &#8220;Quanta colabora\u00e7\u00e3o, quanta generosidade, quanta partilha!&#8221;<\/p>\n<p><img loading=\"lazy\" class=\"size-full wp-image-232636 alignnone\" src=\"https:\/\/franciscanos.org.br\/noticias\/wp-content\/uploads\/2021\/06\/clementino_12.jpg\" alt=\"\" width=\"1200\" height=\"900\" srcset=\"https:\/\/franciscanos.org.br\/noticias\/wp-content\/uploads\/2021\/06\/clementino_12.jpg 1200w, https:\/\/franciscanos.org.br\/noticias\/wp-content\/uploads\/2021\/06\/clementino_12-450x338.jpg 450w, https:\/\/franciscanos.org.br\/noticias\/wp-content\/uploads\/2021\/06\/clementino_12-1024x768.jpg 1024w, https:\/\/franciscanos.org.br\/noticias\/wp-content\/uploads\/2021\/06\/clementino_12-768x576.jpg 768w, https:\/\/franciscanos.org.br\/noticias\/wp-content\/uploads\/2021\/06\/clementino_12-150x113.jpg 150w, https:\/\/franciscanos.org.br\/noticias\/wp-content\/uploads\/2021\/06\/clementino_12-600x450.jpg 600w\" sizes=\"(max-width: 1200px) 100vw, 1200px\" \/><\/p>\n<p>&#8220;Ent\u00e3o, hoje vamos exaltar porque Deus preservou e exaltou a vida a tantos que aqui se encontraram e viveram a sua f\u00e9, o seu amor e sua esperan\u00e7a, animados por essa espiritualidade franciscana, que tem uma tradi\u00e7\u00e3o de mais de 800 anos e que hoje \u00e9 tomada pelo testemunho do Papa Francisco, que adotou esse nome. Ent\u00e3o, temos a\u00ed muita riqueza da espiritualidade que permitiu renovar, revitalizar a Igreja, essa espiritualidade franciscana da simplicidade, da fraternidade, do cuidado com a vida, do cuidado com a cria\u00e7\u00e3o, do cuidado com os bens, que mais do que nunca \u00e9 muito atual. Que essa presen\u00e7a dos frades, das comunidades animadas por eles, possa manter viva essa espiritualidade. Como Par\u00f3quia S\u00e3o Francisco de Assis possa ajudar a nossa Igreja, a nossa Arquidiocese, a nossa sociedade paulistana a viver esse esp\u00edrito que nos deixou S\u00e3o Francisco e que hoje continua t\u00e3o necess\u00e1rio: o cuidado com a vida, o cuidado com a cria\u00e7\u00e3o, como nos ensina a <em>Laudato si&#8217;<\/em>. Deus seja louvado por todas as suas criaturas&#8221;, disse o bispo.<\/p>\n<p>Esse cuidado pela vida foi enfatizado na segunda parte da homilia, tendo como base a Palavra de Deus da liturgia deste domingo. &#8220;A miss\u00e3o da Igreja \u00e9 anunciar a dignidade de toda a vida humana. Se Deus nos deu a vida, se somos a sua imagem, n\u00e3o temos o direito de destruir a vida. A ningu\u00e9m \u00e9 dado o direito de tirar a vida. Deus \u00e9 o Senhor da vida&#8221;, destacou.<\/p>\n<p>Falando da pandemia, lamentou que o \u00faltimo domingo foi marcado pelo triste n\u00famero de 500 mil vidas perdidas, das quais uma parte poderia ter sido salva. &#8220;Dizia o slogan: &#8216;toda vida importa&#8217;. Cada vida \u00e9 importante, porque nascemos para a imortalidade&#8221;, observou.<\/p>\n<p><img loading=\"lazy\" class=\"alignnone size-full wp-image-232637\" src=\"https:\/\/franciscanos.org.br\/noticias\/wp-content\/uploads\/2021\/06\/clementino_11.jpg\" alt=\"\" width=\"1280\" height=\"960\" srcset=\"https:\/\/franciscanos.org.br\/noticias\/wp-content\/uploads\/2021\/06\/clementino_11.jpg 1280w, https:\/\/franciscanos.org.br\/noticias\/wp-content\/uploads\/2021\/06\/clementino_11-450x338.jpg 450w, https:\/\/franciscanos.org.br\/noticias\/wp-content\/uploads\/2021\/06\/clementino_11-1024x768.jpg 1024w, https:\/\/franciscanos.org.br\/noticias\/wp-content\/uploads\/2021\/06\/clementino_11-768x576.jpg 768w, https:\/\/franciscanos.org.br\/noticias\/wp-content\/uploads\/2021\/06\/clementino_11-150x113.jpg 150w, https:\/\/franciscanos.org.br\/noticias\/wp-content\/uploads\/2021\/06\/clementino_11-600x450.jpg 600w\" sizes=\"(max-width: 1280px) 100vw, 1280px\" \/><\/p>\n<p>&#8220;Sejamos cuidadores, promotores da vida. Mas deixemos nossa vida ser alimentada por essa f\u00e9, por essa presen\u00e7a de Deus, essa presen\u00e7a de Jesus. Em Jesus Cristo, todo mal pode ser vencido. Em Jesus Cristo, toda morte pode ser vencida&#8221;, exortou. Fazendo refer\u00eancia ao Evangelho deste domingo, lembrou que toda a miss\u00e3o da Igreja \u00e9 misericordiosa e vai ao encontro dos sofredores. &#8220;O Evangelho de hoje \u00e9 um olhar de esperan\u00e7a. Onde Deus se faz presente, a vida \u00e9 cuidada, a vida \u00e9 salva, a vida \u00e9 eternizada&#8221;, frisou.<\/p>\n<p>Dom Angelo terminou perguntando &#8220;qual seria o caminho para que a vida seja dignificada?&#8221;. Segundo ele, Paulo d\u00e1 o exemplo de Jesus Cristo, que de rico se fez pobre. &#8220;E Paulo insiste numa palavra que nos assusta: a igualdade. O que deveria ferir o cora\u00e7\u00e3o de um crist\u00e3o quando faltar a quem precisa, onde a vida \u00e9 substitu\u00edda pela gan\u00e2ncia, onde a vida n\u00e3o \u00e9 cuidada como deveria ser cuidada, onde h\u00e1 desprezo, indiferen\u00e7a, insensibilidade. Paulo d\u00e1 a receita: a partilha&#8221;, completou o bispo.<\/p>\n\n\t\t<style type=\"text\/css\">\n\t\t\t#gallery-2 {\n\t\t\t\tmargin: auto;\n\t\t\t}\n\t\t\t#gallery-2 .gallery-item {\n\t\t\t\tfloat: left;\n\t\t\t\tmargin-top: 10px;\n\t\t\t\ttext-align: center;\n\t\t\t\twidth: 25%;\n\t\t\t}\n\t\t\t#gallery-2 img {\n\t\t\t\tborder: 2px solid #cfcfcf;\n\t\t\t}\n\t\t\t#gallery-2 .gallery-caption {\n\t\t\t\tmargin-left: 0;\n\t\t\t}\n\t\t\t\/* see gallery_shortcode() in wp-includes\/media.php *\/\n\t\t<\/style>\n\t\t<div id='gallery-2' class='gallery galleryid-232629 gallery-columns-4 gallery-size-thumbnail'><dl class='gallery-item'>\n\t\t\t<dt class='gallery-icon landscape'>\n\t\t\t\t<a href='https:\/\/franciscanos.org.br\/noticias\/wp-content\/uploads\/2021\/06\/clementino_09.jpg'><img width=\"300\" height=\"300\" src=\"https:\/\/franciscanos.org.br\/noticias\/wp-content\/uploads\/2021\/06\/clementino_09-300x300.jpg\" class=\"attachment-thumbnail size-thumbnail\" alt=\"\" loading=\"lazy\" srcset=\"https:\/\/franciscanos.org.br\/noticias\/wp-content\/uploads\/2021\/06\/clementino_09-300x300.jpg 300w, https:\/\/franciscanos.org.br\/noticias\/wp-content\/uploads\/2021\/06\/clementino_09-100x100.jpg 100w\" sizes=\"(max-width: 300px) 100vw, 300px\" \/><\/a>\n\t\t\t<\/dt><\/dl><dl class='gallery-item'>\n\t\t\t<dt class='gallery-icon landscape'>\n\t\t\t\t<a href='https:\/\/franciscanos.org.br\/noticias\/wp-content\/uploads\/2021\/06\/clementino_10.jpg'><img width=\"300\" height=\"300\" src=\"https:\/\/franciscanos.org.br\/noticias\/wp-content\/uploads\/2021\/06\/clementino_10-300x300.jpg\" class=\"attachment-thumbnail size-thumbnail\" alt=\"\" loading=\"lazy\" srcset=\"https:\/\/franciscanos.org.br\/noticias\/wp-content\/uploads\/2021\/06\/clementino_10-300x300.jpg 300w, https:\/\/franciscanos.org.br\/noticias\/wp-content\/uploads\/2021\/06\/clementino_10-100x100.jpg 100w\" sizes=\"(max-width: 300px) 100vw, 300px\" \/><\/a>\n\t\t\t<\/dt><\/dl><dl class='gallery-item'>\n\t\t\t<dt class='gallery-icon landscape'>\n\t\t\t\t<a href='https:\/\/franciscanos.org.br\/noticias\/wp-content\/uploads\/2021\/06\/clementino_13.jpg'><img width=\"300\" height=\"300\" src=\"https:\/\/franciscanos.org.br\/noticias\/wp-content\/uploads\/2021\/06\/clementino_13-300x300.jpg\" class=\"attachment-thumbnail size-thumbnail\" alt=\"\" loading=\"lazy\" srcset=\"https:\/\/franciscanos.org.br\/noticias\/wp-content\/uploads\/2021\/06\/clementino_13-300x300.jpg 300w, https:\/\/franciscanos.org.br\/noticias\/wp-content\/uploads\/2021\/06\/clementino_13-100x100.jpg 100w\" sizes=\"(max-width: 300px) 100vw, 300px\" \/><\/a>\n\t\t\t<\/dt><\/dl><dl class='gallery-item'>\n\t\t\t<dt class='gallery-icon landscape'>\n\t\t\t\t<a href='https:\/\/franciscanos.org.br\/noticias\/wp-content\/uploads\/2021\/06\/clementino_15.jpg'><img width=\"300\" height=\"300\" src=\"https:\/\/franciscanos.org.br\/noticias\/wp-content\/uploads\/2021\/06\/clementino_15-300x300.jpg\" class=\"attachment-thumbnail size-thumbnail\" alt=\"\" loading=\"lazy\" srcset=\"https:\/\/franciscanos.org.br\/noticias\/wp-content\/uploads\/2021\/06\/clementino_15-300x300.jpg 300w, https:\/\/franciscanos.org.br\/noticias\/wp-content\/uploads\/2021\/06\/clementino_15-100x100.jpg 100w\" sizes=\"(max-width: 300px) 100vw, 300px\" \/><\/a>\n\t\t\t<\/dt><\/dl><br style=\"clear: both\" \/>\n\t\t<\/div>\n\n<p>Depois da comunh\u00e3o, a paroquiana Wilma Del\u00e9o Pessoa falou em nome da comunidade e fez uma s\u00edntese hist\u00f3rica da Par\u00f3quia. &#8220;Neste momento, em 2021, a comunidade agradece e celebra com carinho a caminhada corajosa e a miss\u00e3o acolhedora dos 80 anos da Par\u00f3quia. Nosso Padroeiro e o carisma franciscano preenchem com afeto, esperan\u00e7a e f\u00e9 o cora\u00e7\u00e3o da comunidade. E quando o sol perpassa os belos vitrais, \u00e9 poss\u00edvel pensar nos versos de Ad\u00e9lia Prado: &#8216;Igreja \u00e9 o melhor lugar. L\u00e1 estou em casa. Me guardo. L\u00e1 tudo l\u00e1 fica seguro e doce'&#8221;, homenageou. Frei Valdecir e D. Angelo foram homenageados com presentes.<\/p>\n<p>O p\u00e1roco agradeceu a Dom Angelo pela presen\u00e7a neste domingo: &#8220;O sr. ajudou a celebrar e a vivenciar melhor esse momento. Obrigado aos confrades, que ao longo de todos os dias e todos os anos est\u00e3o conosco. Aos sacerdotes que representam o setor da Vila Mariana da Regi\u00e3o Episcopal Ipiranga&#8221;, disse, agradecendo tamb\u00e9m a equipe que preparou esta celebra\u00e7\u00e3o e todas as pastorais e movimentos.<\/p>\n<p><img loading=\"lazy\" class=\"alignnone size-full wp-image-232643\" src=\"https:\/\/franciscanos.org.br\/noticias\/wp-content\/uploads\/2021\/06\/clementino_16.jpg\" alt=\"\" width=\"1200\" height=\"738\" srcset=\"https:\/\/franciscanos.org.br\/noticias\/wp-content\/uploads\/2021\/06\/clementino_16.jpg 1200w, https:\/\/franciscanos.org.br\/noticias\/wp-content\/uploads\/2021\/06\/clementino_16-450x277.jpg 450w, https:\/\/franciscanos.org.br\/noticias\/wp-content\/uploads\/2021\/06\/clementino_16-1024x630.jpg 1024w, https:\/\/franciscanos.org.br\/noticias\/wp-content\/uploads\/2021\/06\/clementino_16-768x472.jpg 768w, https:\/\/franciscanos.org.br\/noticias\/wp-content\/uploads\/2021\/06\/clementino_16-150x92.jpg 150w\" sizes=\"(max-width: 1200px) 100vw, 1200px\" \/><\/p>\n<p>&#8220;E tamb\u00e9m quero agradecer a cada paroquiano, a cada paroquiana, que de um jeito ou de outro, comp\u00f5e e forma a riqueza de nossa Par\u00f3quia. Lembro que o Papa Francisco disse que a Igreja n\u00e3o \u00e9 uma estrutura, mas a fam\u00edlia de Jesus Cristo, lugar que os sedentos v\u00eam saciar a sua sede. Desejo de cora\u00e7\u00e3o que nossa Par\u00f3quia seja cada vez mais um lugar de encontro, lugar da comunh\u00e3o, um lugar em que cada um se sinta filho e filha amados por Deus&#8221;, destacou.<\/p>\n<p>Dom Angelo ressaltou que &#8220;os oitenta anos \u00e9 de cada um de voc\u00eas&#8221; e lembrou que estamos num ano especial porque em breve, no dia 14 de setembro, ter\u00e1 in\u00edcio o ano jubilar do nascimento de Dom Paulo Evaristo Arns, &#8220;o franciscano que deve ter vindo muitas vezes aqui visitar sua Fraternidade. Em setembro iniciaremos essa mem\u00f3ria t\u00e3o bonita da presen\u00e7a de Dom Paulo aqui na Arquidiocese, na Igreja do Mundo, mas tamb\u00e9m ser\u00e1 o momento de reavivar aquele esp\u00edrito franciscano que iluminou e transformou essa cidade&#8221;, encerrou Dom Angelo.<\/p>\n<hr \/>\n<p>Moacir Beggo<\/p>\n<p><img loading=\"lazy\" class=\"alignnone size-full wp-image-232638\" src=\"https:\/\/franciscanos.org.br\/noticias\/wp-content\/uploads\/2021\/06\/clementino_14.jpg\" alt=\"\" width=\"1200\" height=\"1600\" srcset=\"https:\/\/franciscanos.org.br\/noticias\/wp-content\/uploads\/2021\/06\/clementino_14.jpg 1200w, https:\/\/franciscanos.org.br\/noticias\/wp-content\/uploads\/2021\/06\/clementino_14-338x450.jpg 338w, https:\/\/franciscanos.org.br\/noticias\/wp-content\/uploads\/2021\/06\/clementino_14-768x1024.jpg 768w, https:\/\/franciscanos.org.br\/noticias\/wp-content\/uploads\/2021\/06\/clementino_14-1152x1536.jpg 1152w, https:\/\/franciscanos.org.br\/noticias\/wp-content\/uploads\/2021\/06\/clementino_14-150x200.jpg 150w\" sizes=\"(max-width: 1200px) 100vw, 1200px\" \/><\/p>\n","protected":false},"excerpt":{"rendered":"<p>Par\u00f3quia S\u00e3o Francisco de Assis da Vila Clementino <\/p>\n","protected":false},"author":3,"featured_media":232644,"comment_status":"open","ping_status":"open","sticky":false,"template":"","format":"standard","meta":[],"categories":[1],"tags":[1831,271],"acf":[],"yoast_head":"<!-- This site is optimized with the Yoast SEO plugin v19.2 - https:\/\/yoast.com\/wordpress\/plugins\/seo\/ -->\n<title>&quot;Que o futuro se apresente cheio de paz e cheio de bem&quot;, diz D. Angelo na celebra\u00e7\u00e3o dos 80 anos da Par\u00f3quia da Vila - Not\u00edcias - Franciscanos<\/title>\n<meta name=\"robots\" content=\"index, follow, max-snippet:-1, max-image-preview:large, max-video-preview:-1\" \/>\n<link rel=\"canonical\" href=\"https:\/\/franciscanos.org.br\/noticias\/que-o-futuro-se-apresente-cheio-de-paz-e-cheio-de-bem-diz-d-angelo-na-celebracao-dos-80-anos-da-paroquia-da-vila.html\" \/>\n<meta property=\"og:locale\" content=\"pt_BR\" \/>\n<meta property=\"og:type\" content=\"article\" \/>\n<meta property=\"og:title\" content=\"&quot;Que o futuro se apresente cheio de paz e cheio de bem&quot;, diz D. Angelo na celebra\u00e7\u00e3o dos 80 anos da Par\u00f3quia da Vila - Not\u00edcias - Franciscanos\" \/>\n<meta property=\"og:description\" content=\"Par\u00f3quia S\u00e3o Francisco de Assis da Vila Clementino\" \/>\n<meta property=\"og:url\" content=\"https:\/\/franciscanos.org.br\/noticias\/que-o-futuro-se-apresente-cheio-de-paz-e-cheio-de-bem-diz-d-angelo-na-celebracao-dos-80-anos-da-paroquia-da-vila.html\" \/>\n<meta property=\"og:site_name\" content=\"Not\u00edcias - Franciscanos\" \/>\n<meta property=\"article:published_time\" content=\"2021-06-27T17:17:30+00:00\" \/>\n<meta property=\"og:image\" content=\"https:\/\/franciscanos.org.br\/noticias\/wp-content\/uploads\/2021\/06\/clementino_01d.jpg\" \/>\n\t<meta property=\"og:image:width\" content=\"800\" \/>\n\t<meta property=\"og:image:height\" content=\"550\" \/>\n\t<meta property=\"og:image:type\" content=\"image\/jpeg\" \/>\n<meta name=\"author\" content=\"moacir\" \/>\n<meta name=\"twitter:card\" content=\"summary_large_image\" \/>\n<meta name=\"twitter:label1\" content=\"Escrito por\" \/>\n\t<meta name=\"twitter:data1\" content=\"moacir\" \/>\n\t<meta name=\"twitter:label2\" content=\"Est. tempo de leitura\" \/>\n\t<meta name=\"twitter:data2\" content=\"7 minutos\" \/>\n<script type=\"application\/ld+json\" class=\"yoast-schema-graph\">{\"@context\":\"https:\/\/schema.org\",\"@graph\":[{\"@type\":\"WebSite\",\"@id\":\"https:\/\/franciscanos.org.br\/noticias\/#website\",\"url\":\"https:\/\/franciscanos.org.br\/noticias\/\",\"name\":\"Not\u00edcias - Franciscanos\",\"description\":\"Prov\u00edncia Franciscana da Imaculada Concei\u00e7\u00e3o do Brasil - Ordem dos Frades Menores - OFM\",\"potentialAction\":[{\"@type\":\"SearchAction\",\"target\":{\"@type\":\"EntryPoint\",\"urlTemplate\":\"https:\/\/franciscanos.org.br\/noticias\/?s={search_term_string}\"},\"query-input\":\"required name=search_term_string\"}],\"inLanguage\":\"pt-BR\"},{\"@type\":\"ImageObject\",\"inLanguage\":\"pt-BR\",\"@id\":\"https:\/\/franciscanos.org.br\/noticias\/que-o-futuro-se-apresente-cheio-de-paz-e-cheio-de-bem-diz-d-angelo-na-celebracao-dos-80-anos-da-paroquia-da-vila.html#primaryimage\",\"url\":\"https:\/\/franciscanos.org.br\/noticias\/wp-content\/uploads\/2021\/06\/clementino_01d.jpg\",\"contentUrl\":\"https:\/\/franciscanos.org.br\/noticias\/wp-content\/uploads\/2021\/06\/clementino_01d.jpg\",\"width\":800,\"height\":550},{\"@type\":\"WebPage\",\"@id\":\"https:\/\/franciscanos.org.br\/noticias\/que-o-futuro-se-apresente-cheio-de-paz-e-cheio-de-bem-diz-d-angelo-na-celebracao-dos-80-anos-da-paroquia-da-vila.html#webpage\",\"url\":\"https:\/\/franciscanos.org.br\/noticias\/que-o-futuro-se-apresente-cheio-de-paz-e-cheio-de-bem-diz-d-angelo-na-celebracao-dos-80-anos-da-paroquia-da-vila.html\",\"name\":\"\\\"Que o futuro se apresente cheio de paz e cheio de bem\\\", diz D. Angelo na celebra\u00e7\u00e3o dos 80 anos da Par\u00f3quia da Vila - Not\u00edcias - Franciscanos\",\"isPartOf\":{\"@id\":\"https:\/\/franciscanos.org.br\/noticias\/#website\"},\"primaryImageOfPage\":{\"@id\":\"https:\/\/franciscanos.org.br\/noticias\/que-o-futuro-se-apresente-cheio-de-paz-e-cheio-de-bem-diz-d-angelo-na-celebracao-dos-80-anos-da-paroquia-da-vila.html#primaryimage\"},\"datePublished\":\"2021-06-27T17:17:30+00:00\",\"dateModified\":\"2021-06-27T17:17:30+00:00\",\"author\":{\"@id\":\"https:\/\/franciscanos.org.br\/noticias\/#\/schema\/person\/b5c8cba458c330ccff548b056e95a5d4\"},\"breadcrumb\":{\"@id\":\"https:\/\/franciscanos.org.br\/noticias\/que-o-futuro-se-apresente-cheio-de-paz-e-cheio-de-bem-diz-d-angelo-na-celebracao-dos-80-anos-da-paroquia-da-vila.html#breadcrumb\"},\"inLanguage\":\"pt-BR\",\"potentialAction\":[{\"@type\":\"ReadAction\",\"target\":[\"https:\/\/franciscanos.org.br\/noticias\/que-o-futuro-se-apresente-cheio-de-paz-e-cheio-de-bem-diz-d-angelo-na-celebracao-dos-80-anos-da-paroquia-da-vila.html\"]}]},{\"@type\":\"BreadcrumbList\",\"@id\":\"https:\/\/franciscanos.org.br\/noticias\/que-o-futuro-se-apresente-cheio-de-paz-e-cheio-de-bem-diz-d-angelo-na-celebracao-dos-80-anos-da-paroquia-da-vila.html#breadcrumb\",\"itemListElement\":[{\"@type\":\"ListItem\",\"position\":1,\"name\":\"Home\",\"item\":\"https:\/\/franciscanos.org.br\/noticias\"},{\"@type\":\"ListItem\",\"position\":2,\"name\":\"&#8220;Que o futuro se apresente cheio de paz e cheio de bem&#8221;, diz D. Angelo na celebra\u00e7\u00e3o dos 80 anos da Par\u00f3quia da Vila\"}]},{\"@type\":\"Person\",\"@id\":\"https:\/\/franciscanos.org.br\/noticias\/#\/schema\/person\/b5c8cba458c330ccff548b056e95a5d4\",\"name\":\"moacir\",\"image\":{\"@type\":\"ImageObject\",\"inLanguage\":\"pt-BR\",\"@id\":\"https:\/\/franciscanos.org.br\/noticias\/#\/schema\/person\/image\/\",\"url\":\"https:\/\/secure.gravatar.com\/avatar\/d08aa2ce4c8dd416d4479aa8536fcf64?s=96&d=mm&r=g\",\"contentUrl\":\"https:\/\/secure.gravatar.com\/avatar\/d08aa2ce4c8dd416d4479aa8536fcf64?s=96&d=mm&r=g\",\"caption\":\"moacir\"},\"url\":\"https:\/\/franciscanos.org.br\/noticias\/author\/moacir\"}]}<\/script>\n<!-- \/ Yoast SEO plugin. -->","yoast_head_json":{"title":"\"Que o futuro se apresente cheio de paz e cheio de bem\", diz D. Angelo na celebra\u00e7\u00e3o dos 80 anos da Par\u00f3quia da Vila - Not\u00edcias - Franciscanos","robots":{"index":"index","follow":"follow","max-snippet":"max-snippet:-1","max-image-preview":"max-image-preview:large","max-video-preview":"max-video-preview:-1"},"canonical":"https:\/\/franciscanos.org.br\/noticias\/que-o-futuro-se-apresente-cheio-de-paz-e-cheio-de-bem-diz-d-angelo-na-celebracao-dos-80-anos-da-paroquia-da-vila.html","og_locale":"pt_BR","og_type":"article","og_title":"\"Que o futuro se apresente cheio de paz e cheio de bem\", diz D. Angelo na celebra\u00e7\u00e3o dos 80 anos da Par\u00f3quia da Vila - Not\u00edcias - Franciscanos","og_description":"Par\u00f3quia S\u00e3o Francisco de Assis da Vila Clementino","og_url":"https:\/\/franciscanos.org.br\/noticias\/que-o-futuro-se-apresente-cheio-de-paz-e-cheio-de-bem-diz-d-angelo-na-celebracao-dos-80-anos-da-paroquia-da-vila.html","og_site_name":"Not\u00edcias - Franciscanos","article_published_time":"2021-06-27T17:17:30+00:00","og_image":[{"width":800,"height":550,"url":"https:\/\/franciscanos.org.br\/noticias\/wp-content\/uploads\/2021\/06\/clementino_01d.jpg","type":"image\/jpeg"}],"author":"moacir","twitter_card":"summary_large_image","twitter_misc":{"Escrito por":"moacir","Est. tempo de leitura":"7 minutos"},"schema":{"@context":"https:\/\/schema.org","@graph":[{"@type":"WebSite","@id":"https:\/\/franciscanos.org.br\/noticias\/#website","url":"https:\/\/franciscanos.org.br\/noticias\/","name":"Not\u00edcias - Franciscanos","description":"Prov\u00edncia Franciscana da Imaculada Concei\u00e7\u00e3o do Brasil - Ordem dos Frades Menores - OFM","potentialAction":[{"@type":"SearchAction","target":{"@type":"EntryPoint","urlTemplate":"https:\/\/franciscanos.org.br\/noticias\/?s={search_term_string}"},"query-input":"required name=search_term_string"}],"inLanguage":"pt-BR"},{"@type":"ImageObject","inLanguage":"pt-BR","@id":"https:\/\/franciscanos.org.br\/noticias\/que-o-futuro-se-apresente-cheio-de-paz-e-cheio-de-bem-diz-d-angelo-na-celebracao-dos-80-anos-da-paroquia-da-vila.html#primaryimage","url":"https:\/\/franciscanos.org.br\/noticias\/wp-content\/uploads\/2021\/06\/clementino_01d.jpg","contentUrl":"https:\/\/franciscanos.org.br\/noticias\/wp-content\/uploads\/2021\/06\/clementino_01d.jpg","width":800,"height":550},{"@type":"WebPage","@id":"https:\/\/franciscanos.org.br\/noticias\/que-o-futuro-se-apresente-cheio-de-paz-e-cheio-de-bem-diz-d-angelo-na-celebracao-dos-80-anos-da-paroquia-da-vila.html#webpage","url":"https:\/\/franciscanos.org.br\/noticias\/que-o-futuro-se-apresente-cheio-de-paz-e-cheio-de-bem-diz-d-angelo-na-celebracao-dos-80-anos-da-paroquia-da-vila.html","name":"\"Que o futuro se apresente cheio de paz e cheio de bem\", diz D. Angelo na celebra\u00e7\u00e3o dos 80 anos da Par\u00f3quia da Vila - Not\u00edcias - Franciscanos","isPartOf":{"@id":"https:\/\/franciscanos.org.br\/noticias\/#website"},"primaryImageOfPage":{"@id":"https:\/\/franciscanos.org.br\/noticias\/que-o-futuro-se-apresente-cheio-de-paz-e-cheio-de-bem-diz-d-angelo-na-celebracao-dos-80-anos-da-paroquia-da-vila.html#primaryimage"},"datePublished":"2021-06-27T17:17:30+00:00","dateModified":"2021-06-27T17:17:30+00:00","author":{"@id":"https:\/\/franciscanos.org.br\/noticias\/#\/schema\/person\/b5c8cba458c330ccff548b056e95a5d4"},"breadcrumb":{"@id":"https:\/\/franciscanos.org.br\/noticias\/que-o-futuro-se-apresente-cheio-de-paz-e-cheio-de-bem-diz-d-angelo-na-celebracao-dos-80-anos-da-paroquia-da-vila.html#breadcrumb"},"inLanguage":"pt-BR","potentialAction":[{"@type":"ReadAction","target":["https:\/\/franciscanos.org.br\/noticias\/que-o-futuro-se-apresente-cheio-de-paz-e-cheio-de-bem-diz-d-angelo-na-celebracao-dos-80-anos-da-paroquia-da-vila.html"]}]},{"@type":"BreadcrumbList","@id":"https:\/\/franciscanos.org.br\/noticias\/que-o-futuro-se-apresente-cheio-de-paz-e-cheio-de-bem-diz-d-angelo-na-celebracao-dos-80-anos-da-paroquia-da-vila.html#breadcrumb","itemListElement":[{"@type":"ListItem","position":1,"name":"Home","item":"https:\/\/franciscanos.org.br\/noticias"},{"@type":"ListItem","position":2,"name":"&#8220;Que o futuro se apresente cheio de paz e cheio de bem&#8221;, diz D. Angelo na celebra\u00e7\u00e3o dos 80 anos da Par\u00f3quia da Vila"}]},{"@type":"Person","@id":"https:\/\/franciscanos.org.br\/noticias\/#\/schema\/person\/b5c8cba458c330ccff548b056e95a5d4","name":"moacir","image":{"@type":"ImageObject","inLanguage":"pt-BR","@id":"https:\/\/franciscanos.org.br\/noticias\/#\/schema\/person\/image\/","url":"https:\/\/secure.gravatar.com\/avatar\/d08aa2ce4c8dd416d4479aa8536fcf64?s=96&d=mm&r=g","contentUrl":"https:\/\/secure.gravatar.com\/avatar\/d08aa2ce4c8dd416d4479aa8536fcf64?s=96&d=mm&r=g","caption":"moacir"},"url":"https:\/\/franciscanos.org.br\/noticias\/author\/moacir"}]}},"_links":{"self":[{"href":"https:\/\/franciscanos.org.br\/noticias\/wp-json\/wp\/v2\/posts\/232629"}],"collection":[{"href":"https:\/\/franciscanos.org.br\/noticias\/wp-json\/wp\/v2\/posts"}],"about":[{"href":"https:\/\/franciscanos.org.br\/noticias\/wp-json\/wp\/v2\/types\/post"}],"author":[{"embeddable":true,"href":"https:\/\/franciscanos.org.br\/noticias\/wp-json\/wp\/v2\/users\/3"}],"replies":[{"embeddable":true,"href":"https:\/\/franciscanos.org.br\/noticias\/wp-json\/wp\/v2\/comments?post=232629"}],"version-history":[{"count":1,"href":"https:\/\/franciscanos.org.br\/noticias\/wp-json\/wp\/v2\/posts\/232629\/revisions"}],"predecessor-version":[{"id":232645,"href":"https:\/\/franciscanos.org.br\/noticias\/wp-json\/wp\/v2\/posts\/232629\/revisions\/232645"}],"wp:featuredmedia":[{"embeddable":true,"href":"https:\/\/franciscanos.org.br\/noticias\/wp-json\/wp\/v2\/media\/232644"}],"wp:attachment":[{"href":"https:\/\/franciscanos.org.br\/noticias\/wp-json\/wp\/v2\/media?parent=232629"}],"wp:term":[{"taxonomy":"category","embeddable":true,"href":"https:\/\/franciscanos.org.br\/noticias\/wp-json\/wp\/v2\/categories?post=232629"},{"taxonomy":"post_tag","embeddable":true,"href":"https:\/\/franciscanos.org.br\/noticias\/wp-json\/wp\/v2\/tags?post=232629"}],"curies":[{"name":"wp","href":"https:\/\/api.w.org\/{rel}","templated":true}]}}