{"id":232609,"date":"2021-06-25T08:51:42","date_gmt":"2021-06-25T11:51:42","guid":{"rendered":"https:\/\/franciscanos.org.br\/noticias\/?p=232609"},"modified":"2021-06-25T08:51:42","modified_gmt":"2021-06-25T11:51:42","slug":"papa-aos-luteranos-jesus-nos-acompanha-no-caminho-do-conflito-a-comunhao","status":"publish","type":"post","link":"https:\/\/franciscanos.org.br\/noticias\/papa-aos-luteranos-jesus-nos-acompanha-no-caminho-do-conflito-a-comunhao.html","title":{"rendered":"Papa aos luteranos: Jesus nos acompanha no caminho do conflito \u00e0 comunh\u00e3o"},"content":{"rendered":"<div id=\"attachment_232611\" style=\"width: 1290px\" class=\"wp-caption alignnone\"><img aria-describedby=\"caption-attachment-232611\" loading=\"lazy\" class=\"wp-image-232611 size-full\" src=\"https:\/\/franciscanos.org.br\/noticias\/wp-content\/uploads\/2021\/06\/papa_25.jpg\" alt=\"\" width=\"1280\" height=\"719\" srcset=\"https:\/\/franciscanos.org.br\/noticias\/wp-content\/uploads\/2021\/06\/papa_25.jpg 1280w, https:\/\/franciscanos.org.br\/noticias\/wp-content\/uploads\/2021\/06\/papa_25-450x253.jpg 450w, https:\/\/franciscanos.org.br\/noticias\/wp-content\/uploads\/2021\/06\/papa_25-1024x575.jpg 1024w, https:\/\/franciscanos.org.br\/noticias\/wp-content\/uploads\/2021\/06\/papa_25-768x431.jpg 768w, https:\/\/franciscanos.org.br\/noticias\/wp-content\/uploads\/2021\/06\/papa_25-150x84.jpg 150w\" sizes=\"(max-width: 1280px) 100vw, 1280px\" \/><p id=\"caption-attachment-232611\" class=\"wp-caption-text\">\u00a0 \u00a0 \u00a0 \u00a0 \u00a0 \u00a0 \u00a0 \u00a0 \u00a0 \u00a0 \u00a0 \u00a0 \u00a0 \u00a0 \u00a0 \u00a0 \u00a0 \u00a0 \u00a0 \u00a0 \u00a0 \u00a0 \u00a0 \u00a0 \u00a0 \u00a0 \u00a0 \u00a0 \u00a0 \u00a0 \u00a0 \u00a0 \u00a0 \u00a0 \u00a0 \u00a0 \u00a0 \u00a0 \u00a0 \u00a0 \u00a0 \u00a0 \u00a0 \u00a0 \u00a0 \u00a0 \u00a0 \u00a0 \u00a0 \u00a0 \u00a0 \u00a0 \u00a0 \u00a0 \u00a0 \u00a0 \u00a0 \u00a0 \u00a0 \u00a0 \u00a0 \u00a0 \u00a0 \u00a0 \u00a0 \u00a0 \u00a0 \u00a0 \u00a0 \u00a0 \u00a0 \u00a0 \u00a0 \u00a0 \u00a0 \u00a0 \u00a0 \u00a0 \u00a0 \u00a0<em> \u00a0 \u00a0 \u00a0 \u00a0 \u00a0 \u00a0 \u00a0 \u00a0 \u00a0Imagem: Vatican Media<\/em><\/p><\/div>\n<p>O Papa Francisco recebeu em audi\u00eancia, nesta sexta-feira (25\/06), no Vaticano, uma delega\u00e7\u00e3o da Federa\u00e7\u00e3o Luterana Mundial. O Pont\u00edfice recordou sua visita a Lund, cidade onde a Federa\u00e7\u00e3o foi fundada, no \u00e2mbito de sua viagem apost\u00f3lica \u00e0 Su\u00e9cia, em 2016. &#8220;Naquela inesquec\u00edvel etapa ecum\u00eanica, experimentamos a for\u00e7a evang\u00e9lica da reconcilia\u00e7\u00e3o, atestando que \u00abatrav\u00e9s do di\u00e1logo e do testemunho compartilhado n\u00e3o somos mais estranhos\u00bb. N\u00e3o mais estranhos, mas irm\u00e3os&#8221;, frisou o Papa.<\/p>\n<p>&#8220;Em caminho do conflito \u00e0 comunh\u00e3o, no dia da comemora\u00e7\u00e3o da Confessio Augustana, voc\u00eas vieram a Roma para que cres\u00e7a a unidade entre n\u00f3s&#8221;, disse Francisco, desejando que &#8220;a reflex\u00e3o comum sobre o Confessio Augustana, em vista dos 500 anos de sua leitura em 25 de junho de 2030, &#8220;traga benef\u00edcio ao caminho ecum\u00eanico&#8221;. &#8220;Na \u00e9poca, a Confessio Augustana foi uma tentativa de neutralizar a amea\u00e7a de uma divis\u00e3o no cristianismo ocidental&#8221;, recordou o Pont\u00edfice, lembrando que, em 1980, por ocasi\u00e3o dos 450 anos desse texto, luteranos e cat\u00f3licos afirmaram: \u00abO que reconhecemos na Confessio Augustana como f\u00e9 comum pode nos ajudar a confessar esta f\u00e9 juntos de uma maneira nova tamb\u00e9m em nosso tempo\u00bb. Confessar juntos o que temos em comum na f\u00e9&#8221;. Francisco recordou &#8220;as palavras do Ap\u00f3stolo Paulo na Carta aos Ef\u00e9sios: &#8220;Um s\u00f3 corpo, [&#8230;] um s\u00f3 batismo. Um s\u00f3 Deus&#8221;.<\/p>\n<p><strong>Um s\u00f3 Deus<\/strong><br \/>\nSegundo o Papa, &#8220;no primeiro artigo, a Confessio Augustana professa a f\u00e9 no Deus Uno e Trino, referindo-se ao Conc\u00edlio de Nic\u00e9ia&#8221;.<\/p>\n<p>O credo de Nic\u00e9ia \u00e9 uma express\u00e3o vinculante de f\u00e9 n\u00e3o s\u00f3 para cat\u00f3licos e luteranos, mas tamb\u00e9m para os irm\u00e3os ortodoxos e para muitas outras comunidades crist\u00e3s. \u00c9 um tesouro comum: trabalhemos para que o anivers\u00e1rio de 1.700 anos daquele grande Conc\u00edlio, que se realizar\u00e1 em 2025, possa dar um novo impulso ao caminho ecum\u00eanico, que \u00e9 um dom de Deus e um percurso irrevers\u00edvel para n\u00f3s.<\/p>\n<p><strong>Um s\u00f3 batismo<\/strong><br \/>\nSegundo o Papa, &#8220;tudo aquilo que a gra\u00e7a de Deus nos d\u00e1 a alegria de experimentar e partilhar, a crescente supera\u00e7\u00e3o das divis\u00f5es, a cura progressiva da mem\u00f3ria, a colabora\u00e7\u00e3o reconciliada e fraterna entre n\u00f3s, encontra seu fundamento no &#8220;\u00fanico batismo para a remiss\u00e3o dos pecados&#8221;.<\/p>\n<p>O santo batismo \u00e9 o dom divino original, que est\u00e1 na base de todo nosso esfor\u00e7o religioso e de todo compromisso para alcan\u00e7ar a unidade plena. Sim, porque o ecumenismo n\u00e3o \u00e9 um exerc\u00edcio de diplomacia eclesial, mas um caminho de gra\u00e7a. Ele n\u00e3o se apoia em media\u00e7\u00f5es e acordos humanos, mas na gra\u00e7a de Deus, que purifica a mem\u00f3ria e o cora\u00e7\u00e3o, vence a rigidez e se orienta para uma comunh\u00e3o renovada: n\u00e3o para acordos diminutivos ou sincretismos conciliantes, mas para uma unidade reconciliada nas diferen\u00e7as. Nesta perspectiva, gostaria de encorajar todos aqueles que est\u00e3o envolvidos no di\u00e1logo cat\u00f3lico-luterano a prosseguir com confian\u00e7a na ora\u00e7\u00e3o incessante, no exerc\u00edcio da caridade partilhada e na paix\u00e3o pela busca de uma maior unidade entre os v\u00e1rios membros do Corpo de Cristo.<\/p>\n<p><strong>Um s\u00f3 corpo<\/strong><br \/>\n&#8220;Um s\u00f3 corpo. A este prop\u00f3sito a Regra de Taiz\u00e9 cont\u00e9m uma exorta\u00e7\u00e3o bonita&#8221;, frisou o Papa: &#8220;\u00abTenham a paix\u00e3o pela unidade do Corpo de Cristo\u00bb. A paix\u00e3o pela unidade amadurece atrav\u00e9s do sofrimento que se sente diante das feridas que infligimos ao Corpo do Senhor&#8221;.<\/p>\n<p>Quando sentimos dor pela divis\u00e3o dos crist\u00e3os, aproximamo-nos do que Jesus experimenta, continuando a ver os seus disc\u00edpulos desunidos, as suas vestes rasgadas. Hoje, voc\u00eas me deram uma patena e um c\u00e1lice provenientes das oficinas de Taiz\u00e9. Agrade\u00e7o-lhes por estes dons, que evocam a nossa participa\u00e7\u00e3o na Paix\u00e3o do Senhor. Na verdade, tamb\u00e9m n\u00f3s vivemos uma certa paix\u00e3o, em seu duplo significado: por um lado, o sofrimento, porque ainda n\u00e3o \u00e9 poss\u00edvel nos reunirmos em torno do mesmo altar; de outro, o ardor em servir \u00e0 causa da unidade, pela qual o Senhor rezou e ofereceu sua vida.<\/p>\n<p>Por fim, o Papa exortou a prosseguir &#8220;com paix\u00e3o em nosso caminho do conflito \u00e0 comunh\u00e3o&#8221;.<\/p>\n<p>A pr\u00f3xima etapa ser\u00e1 compreender os estreitos la\u00e7os entre Igreja, minist\u00e9rio e Eucaristia. Ser\u00e1 importante olhar com humildade espiritual e teol\u00f3gica para as circunst\u00e2ncias que levaram \u00e0s divis\u00f5es, confiando que embora seja imposs\u00edvel anular os tristes acontecimentos do passado, \u00e9 poss\u00edvel rel\u00ea-los dentro de uma hist\u00f3ria reconciliada. A sua Assembleia Geral em 2023 poder\u00e1 ser um passo importante para purificar a mem\u00f3ria e valorizar muitos tesouros espirituais que o Senhor estabeleceu para todos durante os s\u00e9culos. Queridos irm\u00e3os e irm\u00e3s, o percurso que vai do conflito \u00e0 comunh\u00e3o n\u00e3o \u00e9 f\u00e1cil, mas n \u00e3o estamos sozinhos: Cristo nos acompanha.<\/p>\n<p><strong>Arcebispo Musa: a reconcilia\u00e7\u00e3o tem o rosto de Jesus<\/strong><br \/>\nAs palavras do Papa Francisco foram precedidas pelas do arcebispo Panti FIlibus Musa, presidente da Federa\u00e7\u00e3o Luterana Mundial. \u201cPara n\u00f3s a reconcilia\u00e7\u00e3o tem um rosto: Jesus Cristo, e com Jesus o rosto do nosso pr\u00f3ximo. O amor de Deus nos orienta para o pr\u00f3ximo, a f\u00e9 se torna ativa no amor. No encontro com os pobres e com os esquecidos e explorados pelo mundo, descobrimos que Cristo vem ao nosso encontro, nos alcan\u00e7a e nos torna uma s\u00f3 coisa\u201d. \u201cLuteranos e cat\u00f3licos procuram compreender hoje, globalmente, como viver a vontade de Deus que nos torna um\u201d.<\/p>\n<hr \/>\n<p><em>Fonte: Vatican News (texto de Mariangela Jaguraba)<\/em><\/p>\n","protected":false},"excerpt":{"rendered":"<p>Encontro com os representantes da Federa\u00e7\u00e3o Luterana Mundial<\/p>\n","protected":false},"author":3,"featured_media":232610,"comment_status":"open","ping_status":"open","sticky":false,"template":"","format":"standard","meta":[],"categories":[1428],"tags":[1865,1864,55],"acf":[],"yoast_head":"<!-- This site is optimized with the Yoast SEO plugin v19.2 - https:\/\/yoast.com\/wordpress\/plugins\/seo\/ -->\n<title>Papa aos luteranos: Jesus nos acompanha no caminho do conflito \u00e0 comunh\u00e3o - Not\u00edcias - Franciscanos<\/title>\n<meta name=\"robots\" content=\"index, follow, max-snippet:-1, max-image-preview:large, max-video-preview:-1\" \/>\n<link rel=\"canonical\" href=\"https:\/\/franciscanos.org.br\/noticias\/papa-aos-luteranos-jesus-nos-acompanha-no-caminho-do-conflito-a-comunhao.html\" \/>\n<meta property=\"og:locale\" content=\"pt_BR\" \/>\n<meta property=\"og:type\" content=\"article\" \/>\n<meta property=\"og:title\" content=\"Papa aos luteranos: Jesus nos acompanha no caminho do conflito \u00e0 comunh\u00e3o - Not\u00edcias - Franciscanos\" \/>\n<meta property=\"og:description\" content=\"Encontro com os representantes da Federa\u00e7\u00e3o Luterana Mundial\" \/>\n<meta property=\"og:url\" content=\"https:\/\/franciscanos.org.br\/noticias\/papa-aos-luteranos-jesus-nos-acompanha-no-caminho-do-conflito-a-comunhao.html\" \/>\n<meta property=\"og:site_name\" content=\"Not\u00edcias - Franciscanos\" \/>\n<meta property=\"article:published_time\" content=\"2021-06-25T11:51:42+00:00\" \/>\n<meta property=\"og:image\" content=\"https:\/\/franciscanos.org.br\/noticias\/wp-content\/uploads\/2021\/06\/papa_25d.jpg\" \/>\n\t<meta property=\"og:image:width\" content=\"800\" \/>\n\t<meta property=\"og:image:height\" content=\"550\" \/>\n\t<meta property=\"og:image:type\" content=\"image\/jpeg\" \/>\n<meta name=\"author\" content=\"moacir\" \/>\n<meta name=\"twitter:card\" content=\"summary_large_image\" \/>\n<meta name=\"twitter:label1\" content=\"Escrito por\" \/>\n\t<meta name=\"twitter:data1\" content=\"moacir\" \/>\n\t<meta name=\"twitter:label2\" content=\"Est. tempo de leitura\" \/>\n\t<meta name=\"twitter:data2\" content=\"5 minutos\" \/>\n<script type=\"application\/ld+json\" class=\"yoast-schema-graph\">{\"@context\":\"https:\/\/schema.org\",\"@graph\":[{\"@type\":\"WebSite\",\"@id\":\"https:\/\/franciscanos.org.br\/noticias\/#website\",\"url\":\"https:\/\/franciscanos.org.br\/noticias\/\",\"name\":\"Not\u00edcias - Franciscanos\",\"description\":\"Prov\u00edncia Franciscana da Imaculada Concei\u00e7\u00e3o do Brasil - Ordem dos Frades Menores - OFM\",\"potentialAction\":[{\"@type\":\"SearchAction\",\"target\":{\"@type\":\"EntryPoint\",\"urlTemplate\":\"https:\/\/franciscanos.org.br\/noticias\/?s={search_term_string}\"},\"query-input\":\"required name=search_term_string\"}],\"inLanguage\":\"pt-BR\"},{\"@type\":\"ImageObject\",\"inLanguage\":\"pt-BR\",\"@id\":\"https:\/\/franciscanos.org.br\/noticias\/papa-aos-luteranos-jesus-nos-acompanha-no-caminho-do-conflito-a-comunhao.html#primaryimage\",\"url\":\"https:\/\/franciscanos.org.br\/noticias\/wp-content\/uploads\/2021\/06\/papa_25d.jpg\",\"contentUrl\":\"https:\/\/franciscanos.org.br\/noticias\/wp-content\/uploads\/2021\/06\/papa_25d.jpg\",\"width\":800,\"height\":550},{\"@type\":\"WebPage\",\"@id\":\"https:\/\/franciscanos.org.br\/noticias\/papa-aos-luteranos-jesus-nos-acompanha-no-caminho-do-conflito-a-comunhao.html#webpage\",\"url\":\"https:\/\/franciscanos.org.br\/noticias\/papa-aos-luteranos-jesus-nos-acompanha-no-caminho-do-conflito-a-comunhao.html\",\"name\":\"Papa aos luteranos: Jesus nos acompanha no caminho do conflito \u00e0 comunh\u00e3o - Not\u00edcias - Franciscanos\",\"isPartOf\":{\"@id\":\"https:\/\/franciscanos.org.br\/noticias\/#website\"},\"primaryImageOfPage\":{\"@id\":\"https:\/\/franciscanos.org.br\/noticias\/papa-aos-luteranos-jesus-nos-acompanha-no-caminho-do-conflito-a-comunhao.html#primaryimage\"},\"datePublished\":\"2021-06-25T11:51:42+00:00\",\"dateModified\":\"2021-06-25T11:51:42+00:00\",\"author\":{\"@id\":\"https:\/\/franciscanos.org.br\/noticias\/#\/schema\/person\/b5c8cba458c330ccff548b056e95a5d4\"},\"breadcrumb\":{\"@id\":\"https:\/\/franciscanos.org.br\/noticias\/papa-aos-luteranos-jesus-nos-acompanha-no-caminho-do-conflito-a-comunhao.html#breadcrumb\"},\"inLanguage\":\"pt-BR\",\"potentialAction\":[{\"@type\":\"ReadAction\",\"target\":[\"https:\/\/franciscanos.org.br\/noticias\/papa-aos-luteranos-jesus-nos-acompanha-no-caminho-do-conflito-a-comunhao.html\"]}]},{\"@type\":\"BreadcrumbList\",\"@id\":\"https:\/\/franciscanos.org.br\/noticias\/papa-aos-luteranos-jesus-nos-acompanha-no-caminho-do-conflito-a-comunhao.html#breadcrumb\",\"itemListElement\":[{\"@type\":\"ListItem\",\"position\":1,\"name\":\"Home\",\"item\":\"https:\/\/franciscanos.org.br\/noticias\"},{\"@type\":\"ListItem\",\"position\":2,\"name\":\"Papa aos luteranos: Jesus nos acompanha no caminho do conflito \u00e0 comunh\u00e3o\"}]},{\"@type\":\"Person\",\"@id\":\"https:\/\/franciscanos.org.br\/noticias\/#\/schema\/person\/b5c8cba458c330ccff548b056e95a5d4\",\"name\":\"moacir\",\"image\":{\"@type\":\"ImageObject\",\"inLanguage\":\"pt-BR\",\"@id\":\"https:\/\/franciscanos.org.br\/noticias\/#\/schema\/person\/image\/\",\"url\":\"https:\/\/secure.gravatar.com\/avatar\/d08aa2ce4c8dd416d4479aa8536fcf64?s=96&d=mm&r=g\",\"contentUrl\":\"https:\/\/secure.gravatar.com\/avatar\/d08aa2ce4c8dd416d4479aa8536fcf64?s=96&d=mm&r=g\",\"caption\":\"moacir\"},\"url\":\"https:\/\/franciscanos.org.br\/noticias\/author\/moacir\"}]}<\/script>\n<!-- \/ Yoast SEO plugin. -->","yoast_head_json":{"title":"Papa aos luteranos: Jesus nos acompanha no caminho do conflito \u00e0 comunh\u00e3o - Not\u00edcias - Franciscanos","robots":{"index":"index","follow":"follow","max-snippet":"max-snippet:-1","max-image-preview":"max-image-preview:large","max-video-preview":"max-video-preview:-1"},"canonical":"https:\/\/franciscanos.org.br\/noticias\/papa-aos-luteranos-jesus-nos-acompanha-no-caminho-do-conflito-a-comunhao.html","og_locale":"pt_BR","og_type":"article","og_title":"Papa aos luteranos: Jesus nos acompanha no caminho do conflito \u00e0 comunh\u00e3o - Not\u00edcias - Franciscanos","og_description":"Encontro com os representantes da Federa\u00e7\u00e3o Luterana Mundial","og_url":"https:\/\/franciscanos.org.br\/noticias\/papa-aos-luteranos-jesus-nos-acompanha-no-caminho-do-conflito-a-comunhao.html","og_site_name":"Not\u00edcias - Franciscanos","article_published_time":"2021-06-25T11:51:42+00:00","og_image":[{"width":800,"height":550,"url":"https:\/\/franciscanos.org.br\/noticias\/wp-content\/uploads\/2021\/06\/papa_25d.jpg","type":"image\/jpeg"}],"author":"moacir","twitter_card":"summary_large_image","twitter_misc":{"Escrito por":"moacir","Est. tempo de leitura":"5 minutos"},"schema":{"@context":"https:\/\/schema.org","@graph":[{"@type":"WebSite","@id":"https:\/\/franciscanos.org.br\/noticias\/#website","url":"https:\/\/franciscanos.org.br\/noticias\/","name":"Not\u00edcias - Franciscanos","description":"Prov\u00edncia Franciscana da Imaculada Concei\u00e7\u00e3o do Brasil - Ordem dos Frades Menores - OFM","potentialAction":[{"@type":"SearchAction","target":{"@type":"EntryPoint","urlTemplate":"https:\/\/franciscanos.org.br\/noticias\/?s={search_term_string}"},"query-input":"required name=search_term_string"}],"inLanguage":"pt-BR"},{"@type":"ImageObject","inLanguage":"pt-BR","@id":"https:\/\/franciscanos.org.br\/noticias\/papa-aos-luteranos-jesus-nos-acompanha-no-caminho-do-conflito-a-comunhao.html#primaryimage","url":"https:\/\/franciscanos.org.br\/noticias\/wp-content\/uploads\/2021\/06\/papa_25d.jpg","contentUrl":"https:\/\/franciscanos.org.br\/noticias\/wp-content\/uploads\/2021\/06\/papa_25d.jpg","width":800,"height":550},{"@type":"WebPage","@id":"https:\/\/franciscanos.org.br\/noticias\/papa-aos-luteranos-jesus-nos-acompanha-no-caminho-do-conflito-a-comunhao.html#webpage","url":"https:\/\/franciscanos.org.br\/noticias\/papa-aos-luteranos-jesus-nos-acompanha-no-caminho-do-conflito-a-comunhao.html","name":"Papa aos luteranos: Jesus nos acompanha no caminho do conflito \u00e0 comunh\u00e3o - Not\u00edcias - Franciscanos","isPartOf":{"@id":"https:\/\/franciscanos.org.br\/noticias\/#website"},"primaryImageOfPage":{"@id":"https:\/\/franciscanos.org.br\/noticias\/papa-aos-luteranos-jesus-nos-acompanha-no-caminho-do-conflito-a-comunhao.html#primaryimage"},"datePublished":"2021-06-25T11:51:42+00:00","dateModified":"2021-06-25T11:51:42+00:00","author":{"@id":"https:\/\/franciscanos.org.br\/noticias\/#\/schema\/person\/b5c8cba458c330ccff548b056e95a5d4"},"breadcrumb":{"@id":"https:\/\/franciscanos.org.br\/noticias\/papa-aos-luteranos-jesus-nos-acompanha-no-caminho-do-conflito-a-comunhao.html#breadcrumb"},"inLanguage":"pt-BR","potentialAction":[{"@type":"ReadAction","target":["https:\/\/franciscanos.org.br\/noticias\/papa-aos-luteranos-jesus-nos-acompanha-no-caminho-do-conflito-a-comunhao.html"]}]},{"@type":"BreadcrumbList","@id":"https:\/\/franciscanos.org.br\/noticias\/papa-aos-luteranos-jesus-nos-acompanha-no-caminho-do-conflito-a-comunhao.html#breadcrumb","itemListElement":[{"@type":"ListItem","position":1,"name":"Home","item":"https:\/\/franciscanos.org.br\/noticias"},{"@type":"ListItem","position":2,"name":"Papa aos luteranos: Jesus nos acompanha no caminho do conflito \u00e0 comunh\u00e3o"}]},{"@type":"Person","@id":"https:\/\/franciscanos.org.br\/noticias\/#\/schema\/person\/b5c8cba458c330ccff548b056e95a5d4","name":"moacir","image":{"@type":"ImageObject","inLanguage":"pt-BR","@id":"https:\/\/franciscanos.org.br\/noticias\/#\/schema\/person\/image\/","url":"https:\/\/secure.gravatar.com\/avatar\/d08aa2ce4c8dd416d4479aa8536fcf64?s=96&d=mm&r=g","contentUrl":"https:\/\/secure.gravatar.com\/avatar\/d08aa2ce4c8dd416d4479aa8536fcf64?s=96&d=mm&r=g","caption":"moacir"},"url":"https:\/\/franciscanos.org.br\/noticias\/author\/moacir"}]}},"_links":{"self":[{"href":"https:\/\/franciscanos.org.br\/noticias\/wp-json\/wp\/v2\/posts\/232609"}],"collection":[{"href":"https:\/\/franciscanos.org.br\/noticias\/wp-json\/wp\/v2\/posts"}],"about":[{"href":"https:\/\/franciscanos.org.br\/noticias\/wp-json\/wp\/v2\/types\/post"}],"author":[{"embeddable":true,"href":"https:\/\/franciscanos.org.br\/noticias\/wp-json\/wp\/v2\/users\/3"}],"replies":[{"embeddable":true,"href":"https:\/\/franciscanos.org.br\/noticias\/wp-json\/wp\/v2\/comments?post=232609"}],"version-history":[{"count":1,"href":"https:\/\/franciscanos.org.br\/noticias\/wp-json\/wp\/v2\/posts\/232609\/revisions"}],"predecessor-version":[{"id":232612,"href":"https:\/\/franciscanos.org.br\/noticias\/wp-json\/wp\/v2\/posts\/232609\/revisions\/232612"}],"wp:featuredmedia":[{"embeddable":true,"href":"https:\/\/franciscanos.org.br\/noticias\/wp-json\/wp\/v2\/media\/232610"}],"wp:attachment":[{"href":"https:\/\/franciscanos.org.br\/noticias\/wp-json\/wp\/v2\/media?parent=232609"}],"wp:term":[{"taxonomy":"category","embeddable":true,"href":"https:\/\/franciscanos.org.br\/noticias\/wp-json\/wp\/v2\/categories?post=232609"},{"taxonomy":"post_tag","embeddable":true,"href":"https:\/\/franciscanos.org.br\/noticias\/wp-json\/wp\/v2\/tags?post=232609"}],"curies":[{"name":"wp","href":"https:\/\/api.w.org\/{rel}","templated":true}]}}