{"id":232564,"date":"2021-06-21T12:42:35","date_gmt":"2021-06-21T15:42:35","guid":{"rendered":"https:\/\/franciscanos.org.br\/noticias\/?p=232564"},"modified":"2021-06-21T12:42:35","modified_gmt":"2021-06-21T15:42:35","slug":"papa-recebe-grupo-de-detentos-de-uma-das-principais-prisoes-de-roma","status":"publish","type":"post","link":"https:\/\/franciscanos.org.br\/noticias\/papa-recebe-grupo-de-detentos-de-uma-das-principais-prisoes-de-roma.html","title":{"rendered":"Papa recebe grupo de detentos de uma das principais pris\u00f5es de Roma"},"content":{"rendered":"<div id=\"attachment_232565\" style=\"width: 910px\" class=\"wp-caption alignnone\"><img aria-describedby=\"caption-attachment-232565\" loading=\"lazy\" class=\"wp-image-232565 size-full\" src=\"https:\/\/franciscanos.org.br\/noticias\/wp-content\/uploads\/2021\/06\/papa_21.jpg\" alt=\"\" width=\"900\" height=\"506\" srcset=\"https:\/\/franciscanos.org.br\/noticias\/wp-content\/uploads\/2021\/06\/papa_21.jpg 900w, https:\/\/franciscanos.org.br\/noticias\/wp-content\/uploads\/2021\/06\/papa_21-450x253.jpg 450w, https:\/\/franciscanos.org.br\/noticias\/wp-content\/uploads\/2021\/06\/papa_21-768x432.jpg 768w, https:\/\/franciscanos.org.br\/noticias\/wp-content\/uploads\/2021\/06\/papa_21-150x84.jpg 150w\" sizes=\"(max-width: 900px) 100vw, 900px\" \/><p id=\"caption-attachment-232565\" class=\"wp-caption-text\">\u00a0 \u00a0 \u00a0 \u00a0 \u00a0 \u00a0 \u00a0 \u00a0 \u00a0 \u00a0 \u00a0 \u00a0 \u00a0 \u00a0 \u00a0 \u00a0 \u00a0 \u00a0 \u00a0 \u00a0 \u00a0 \u00a0 \u00a0 \u00a0 \u00a0 \u00a0 \u00a0 \u00a0 \u00a0 \u00a0 \u00a0 \u00a0 \u00a0 \u00a0 \u00a0 \u00a0 \u00a0 \u00a0 \u00a0 \u00a0 \u00a0 \u00a0 \u00a0 \u00a0 \u00a0 \u00a0 \u00a0 \u00a0 \u00a0 \u00a0 \u00a0 \u00a0 \u00a0 \u00a0 \u00a0 \u00a0 \u00a0 \u00a0 \u00a0 \u00a0 \u00a0 \u00a0 \u00a0 \u00a0 \u00a0 \u00a0 \u00a0<em> \u00a0 \u00a0 \u00a0 Imagem: Vatican Media<\/em><\/p><\/div>\n<p>O Papa Francisco recebeu na manh\u00e3 desta segunda-feira (21) na Casa Santa Marta, logo depois das 8h45, um grupo de 20 detentos do c\u00e1rcere de Rebibbia, uma das principais pris\u00f5es de Roma. Segundo comunicado da Sala de Imprensa da Santa S\u00e9, eles fazem parte do terceiro instituto do complexo e estavam acompanhados pelo diretor, capel\u00e3o e alguns funcion\u00e1rios que, em seguida, iriam visitar os Museus do Vaticano.<\/p>\n<p><strong>Rebibbia: 300 detentos toda semana na igreja<\/strong><br \/>\nO c\u00e1rcere de Rebibbia, fundado na d\u00e9cada de 70, fica no bairro de mesmo nome na periferia nordeste da capital. Considerada uma das principais pris\u00f5es de Roma, junto com a Regina Coeli, ela \u00e9 dividida em quatro institutos aut\u00f4nomos para se cumprir diferentes penas: tr\u00eas para deten\u00e7\u00e3o de homens e um para mulheres \u2013 destinado inclusive para detentas m\u00e3es, com os respectivos filhos pequenos, autorizados a viver com elas at\u00e9 os 3 anos de idade.<\/p>\n<p>Segundo dados do Minist\u00e9rio da Justi\u00e7a, atualizados neste m\u00eas de junho, o local tem capacidade para atender 1.163 pessoas, mas acolhe atualmente 1.260 detentos. O instituto penitenci\u00e1rio conta com quatro campos esportivos, sete bibliotecas, al\u00e9m de academias, teatro e local de culto. De fato, todos os domingos uma igreja central realizada celebra\u00e7\u00f5es religiosas para cerca de 300 detentos.<\/p>\n<p><strong>Papa: sejam misericordiosos<\/strong><br \/>\nPor ocasi\u00e3o da Festa da Divina Miseric\u00f3rdia deste ano, em 11 de abril na Igreja do Esp\u00edrito Santo em Sassia, pr\u00f3xima do Vaticano, o Papa Francisco presidiu a missa com a presen\u00e7a de detentos oriundos de tr\u00eas institutos penitenci\u00e1rios de Roma, como o de Rebibbia. Na homilia, o Pont\u00edfice aprofundou a reflex\u00e3o sobre os tr\u00eas dons oferecidos por Jesus para que os disc\u00edpulos obtenham a miseric\u00f3rdia: a paz, o Esp\u00edrito e as chagas.<\/p>\n<p>\u201cDeixemo-nos ressuscitar pela paz, o perd\u00e3o e as chagas de Jesus misericordioso. E pe\u00e7amos a gra\u00e7a de nos tornarmos testemunhas de miseric\u00f3rdia. S\u00f3 assim ser\u00e1 viva a f\u00e9; e a vida unificada. S\u00f3 assim anunciaremos o Evangelho de Deus, que \u00e9 Evangelho de miseric\u00f3rdia.\u201d<\/p>\n<p>Ao final da celebra\u00e7\u00e3o eucar\u00edstica, ao rezar a ora\u00e7\u00e3o mariana do Regina Coeli, o Papa saudou os presentes, entre enfermeiros, pessoas com defici\u00eancia, refugiados, migrantes e os pr\u00f3prios detentos: \u201cVoc\u00eas representam algumas realidades nas quais a miseric\u00f3rdia se torna concreta, torna-se proximidade, servi\u00e7o, aten\u00e7\u00e3o \u00e0s pessoas em dificuldade. Desejo que voc\u00eas se sintam sempre misericordiados para, por sua vez, serem misericordiosos.\u201d<\/p>\n<hr \/>\n<p><em>Fonte: Vatican News (texto de Andressa Collet)<\/em><\/p>\n","protected":false},"excerpt":{"rendered":"<p>Papa Francisco<\/p>\n","protected":false},"author":3,"featured_media":232566,"comment_status":"open","ping_status":"open","sticky":false,"template":"","format":"standard","meta":[],"categories":[1428],"tags":[55],"acf":[],"yoast_head":"<!-- This site is optimized with the Yoast SEO plugin v19.2 - https:\/\/yoast.com\/wordpress\/plugins\/seo\/ -->\n<title>Papa recebe grupo de detentos de uma das principais pris\u00f5es de Roma - Not\u00edcias - Franciscanos<\/title>\n<meta name=\"robots\" content=\"index, follow, max-snippet:-1, max-image-preview:large, max-video-preview:-1\" \/>\n<link rel=\"canonical\" href=\"https:\/\/franciscanos.org.br\/noticias\/papa-recebe-grupo-de-detentos-de-uma-das-principais-prisoes-de-roma.html\" \/>\n<meta property=\"og:locale\" content=\"pt_BR\" \/>\n<meta property=\"og:type\" content=\"article\" \/>\n<meta property=\"og:title\" content=\"Papa recebe grupo de detentos de uma das principais pris\u00f5es de Roma - Not\u00edcias - Franciscanos\" \/>\n<meta property=\"og:description\" content=\"Papa Francisco\" \/>\n<meta property=\"og:url\" content=\"https:\/\/franciscanos.org.br\/noticias\/papa-recebe-grupo-de-detentos-de-uma-das-principais-prisoes-de-roma.html\" \/>\n<meta property=\"og:site_name\" content=\"Not\u00edcias - Franciscanos\" \/>\n<meta property=\"article:published_time\" content=\"2021-06-21T15:42:35+00:00\" \/>\n<meta property=\"og:image\" content=\"https:\/\/franciscanos.org.br\/noticias\/wp-content\/uploads\/2021\/06\/papa_21d.jpg\" \/>\n\t<meta property=\"og:image:width\" content=\"736\" \/>\n\t<meta property=\"og:image:height\" content=\"506\" \/>\n\t<meta property=\"og:image:type\" content=\"image\/jpeg\" \/>\n<meta name=\"author\" content=\"moacir\" \/>\n<meta name=\"twitter:card\" content=\"summary_large_image\" \/>\n<meta name=\"twitter:label1\" content=\"Escrito por\" \/>\n\t<meta name=\"twitter:data1\" content=\"moacir\" \/>\n\t<meta name=\"twitter:label2\" content=\"Est. tempo de leitura\" \/>\n\t<meta name=\"twitter:data2\" content=\"2 minutos\" \/>\n<script type=\"application\/ld+json\" class=\"yoast-schema-graph\">{\"@context\":\"https:\/\/schema.org\",\"@graph\":[{\"@type\":\"WebSite\",\"@id\":\"https:\/\/franciscanos.org.br\/noticias\/#website\",\"url\":\"https:\/\/franciscanos.org.br\/noticias\/\",\"name\":\"Not\u00edcias - Franciscanos\",\"description\":\"Prov\u00edncia Franciscana da Imaculada Concei\u00e7\u00e3o do Brasil - Ordem dos Frades Menores - OFM\",\"potentialAction\":[{\"@type\":\"SearchAction\",\"target\":{\"@type\":\"EntryPoint\",\"urlTemplate\":\"https:\/\/franciscanos.org.br\/noticias\/?s={search_term_string}\"},\"query-input\":\"required name=search_term_string\"}],\"inLanguage\":\"pt-BR\"},{\"@type\":\"ImageObject\",\"inLanguage\":\"pt-BR\",\"@id\":\"https:\/\/franciscanos.org.br\/noticias\/papa-recebe-grupo-de-detentos-de-uma-das-principais-prisoes-de-roma.html#primaryimage\",\"url\":\"https:\/\/franciscanos.org.br\/noticias\/wp-content\/uploads\/2021\/06\/papa_21d.jpg\",\"contentUrl\":\"https:\/\/franciscanos.org.br\/noticias\/wp-content\/uploads\/2021\/06\/papa_21d.jpg\",\"width\":736,\"height\":506},{\"@type\":\"WebPage\",\"@id\":\"https:\/\/franciscanos.org.br\/noticias\/papa-recebe-grupo-de-detentos-de-uma-das-principais-prisoes-de-roma.html#webpage\",\"url\":\"https:\/\/franciscanos.org.br\/noticias\/papa-recebe-grupo-de-detentos-de-uma-das-principais-prisoes-de-roma.html\",\"name\":\"Papa recebe grupo de detentos de uma das principais pris\u00f5es de Roma - Not\u00edcias - Franciscanos\",\"isPartOf\":{\"@id\":\"https:\/\/franciscanos.org.br\/noticias\/#website\"},\"primaryImageOfPage\":{\"@id\":\"https:\/\/franciscanos.org.br\/noticias\/papa-recebe-grupo-de-detentos-de-uma-das-principais-prisoes-de-roma.html#primaryimage\"},\"datePublished\":\"2021-06-21T15:42:35+00:00\",\"dateModified\":\"2021-06-21T15:42:35+00:00\",\"author\":{\"@id\":\"https:\/\/franciscanos.org.br\/noticias\/#\/schema\/person\/b5c8cba458c330ccff548b056e95a5d4\"},\"breadcrumb\":{\"@id\":\"https:\/\/franciscanos.org.br\/noticias\/papa-recebe-grupo-de-detentos-de-uma-das-principais-prisoes-de-roma.html#breadcrumb\"},\"inLanguage\":\"pt-BR\",\"potentialAction\":[{\"@type\":\"ReadAction\",\"target\":[\"https:\/\/franciscanos.org.br\/noticias\/papa-recebe-grupo-de-detentos-de-uma-das-principais-prisoes-de-roma.html\"]}]},{\"@type\":\"BreadcrumbList\",\"@id\":\"https:\/\/franciscanos.org.br\/noticias\/papa-recebe-grupo-de-detentos-de-uma-das-principais-prisoes-de-roma.html#breadcrumb\",\"itemListElement\":[{\"@type\":\"ListItem\",\"position\":1,\"name\":\"Home\",\"item\":\"https:\/\/franciscanos.org.br\/noticias\"},{\"@type\":\"ListItem\",\"position\":2,\"name\":\"Papa recebe grupo de detentos de uma das principais pris\u00f5es de Roma\"}]},{\"@type\":\"Person\",\"@id\":\"https:\/\/franciscanos.org.br\/noticias\/#\/schema\/person\/b5c8cba458c330ccff548b056e95a5d4\",\"name\":\"moacir\",\"image\":{\"@type\":\"ImageObject\",\"inLanguage\":\"pt-BR\",\"@id\":\"https:\/\/franciscanos.org.br\/noticias\/#\/schema\/person\/image\/\",\"url\":\"https:\/\/secure.gravatar.com\/avatar\/d08aa2ce4c8dd416d4479aa8536fcf64?s=96&d=mm&r=g\",\"contentUrl\":\"https:\/\/secure.gravatar.com\/avatar\/d08aa2ce4c8dd416d4479aa8536fcf64?s=96&d=mm&r=g\",\"caption\":\"moacir\"},\"url\":\"https:\/\/franciscanos.org.br\/noticias\/author\/moacir\"}]}<\/script>\n<!-- \/ Yoast SEO plugin. -->","yoast_head_json":{"title":"Papa recebe grupo de detentos de uma das principais pris\u00f5es de Roma - Not\u00edcias - Franciscanos","robots":{"index":"index","follow":"follow","max-snippet":"max-snippet:-1","max-image-preview":"max-image-preview:large","max-video-preview":"max-video-preview:-1"},"canonical":"https:\/\/franciscanos.org.br\/noticias\/papa-recebe-grupo-de-detentos-de-uma-das-principais-prisoes-de-roma.html","og_locale":"pt_BR","og_type":"article","og_title":"Papa recebe grupo de detentos de uma das principais pris\u00f5es de Roma - Not\u00edcias - Franciscanos","og_description":"Papa Francisco","og_url":"https:\/\/franciscanos.org.br\/noticias\/papa-recebe-grupo-de-detentos-de-uma-das-principais-prisoes-de-roma.html","og_site_name":"Not\u00edcias - Franciscanos","article_published_time":"2021-06-21T15:42:35+00:00","og_image":[{"width":736,"height":506,"url":"https:\/\/franciscanos.org.br\/noticias\/wp-content\/uploads\/2021\/06\/papa_21d.jpg","type":"image\/jpeg"}],"author":"moacir","twitter_card":"summary_large_image","twitter_misc":{"Escrito por":"moacir","Est. tempo de leitura":"2 minutos"},"schema":{"@context":"https:\/\/schema.org","@graph":[{"@type":"WebSite","@id":"https:\/\/franciscanos.org.br\/noticias\/#website","url":"https:\/\/franciscanos.org.br\/noticias\/","name":"Not\u00edcias - Franciscanos","description":"Prov\u00edncia Franciscana da Imaculada Concei\u00e7\u00e3o do Brasil - Ordem dos Frades Menores - OFM","potentialAction":[{"@type":"SearchAction","target":{"@type":"EntryPoint","urlTemplate":"https:\/\/franciscanos.org.br\/noticias\/?s={search_term_string}"},"query-input":"required name=search_term_string"}],"inLanguage":"pt-BR"},{"@type":"ImageObject","inLanguage":"pt-BR","@id":"https:\/\/franciscanos.org.br\/noticias\/papa-recebe-grupo-de-detentos-de-uma-das-principais-prisoes-de-roma.html#primaryimage","url":"https:\/\/franciscanos.org.br\/noticias\/wp-content\/uploads\/2021\/06\/papa_21d.jpg","contentUrl":"https:\/\/franciscanos.org.br\/noticias\/wp-content\/uploads\/2021\/06\/papa_21d.jpg","width":736,"height":506},{"@type":"WebPage","@id":"https:\/\/franciscanos.org.br\/noticias\/papa-recebe-grupo-de-detentos-de-uma-das-principais-prisoes-de-roma.html#webpage","url":"https:\/\/franciscanos.org.br\/noticias\/papa-recebe-grupo-de-detentos-de-uma-das-principais-prisoes-de-roma.html","name":"Papa recebe grupo de detentos de uma das principais pris\u00f5es de Roma - Not\u00edcias - Franciscanos","isPartOf":{"@id":"https:\/\/franciscanos.org.br\/noticias\/#website"},"primaryImageOfPage":{"@id":"https:\/\/franciscanos.org.br\/noticias\/papa-recebe-grupo-de-detentos-de-uma-das-principais-prisoes-de-roma.html#primaryimage"},"datePublished":"2021-06-21T15:42:35+00:00","dateModified":"2021-06-21T15:42:35+00:00","author":{"@id":"https:\/\/franciscanos.org.br\/noticias\/#\/schema\/person\/b5c8cba458c330ccff548b056e95a5d4"},"breadcrumb":{"@id":"https:\/\/franciscanos.org.br\/noticias\/papa-recebe-grupo-de-detentos-de-uma-das-principais-prisoes-de-roma.html#breadcrumb"},"inLanguage":"pt-BR","potentialAction":[{"@type":"ReadAction","target":["https:\/\/franciscanos.org.br\/noticias\/papa-recebe-grupo-de-detentos-de-uma-das-principais-prisoes-de-roma.html"]}]},{"@type":"BreadcrumbList","@id":"https:\/\/franciscanos.org.br\/noticias\/papa-recebe-grupo-de-detentos-de-uma-das-principais-prisoes-de-roma.html#breadcrumb","itemListElement":[{"@type":"ListItem","position":1,"name":"Home","item":"https:\/\/franciscanos.org.br\/noticias"},{"@type":"ListItem","position":2,"name":"Papa recebe grupo de detentos de uma das principais pris\u00f5es de Roma"}]},{"@type":"Person","@id":"https:\/\/franciscanos.org.br\/noticias\/#\/schema\/person\/b5c8cba458c330ccff548b056e95a5d4","name":"moacir","image":{"@type":"ImageObject","inLanguage":"pt-BR","@id":"https:\/\/franciscanos.org.br\/noticias\/#\/schema\/person\/image\/","url":"https:\/\/secure.gravatar.com\/avatar\/d08aa2ce4c8dd416d4479aa8536fcf64?s=96&d=mm&r=g","contentUrl":"https:\/\/secure.gravatar.com\/avatar\/d08aa2ce4c8dd416d4479aa8536fcf64?s=96&d=mm&r=g","caption":"moacir"},"url":"https:\/\/franciscanos.org.br\/noticias\/author\/moacir"}]}},"_links":{"self":[{"href":"https:\/\/franciscanos.org.br\/noticias\/wp-json\/wp\/v2\/posts\/232564"}],"collection":[{"href":"https:\/\/franciscanos.org.br\/noticias\/wp-json\/wp\/v2\/posts"}],"about":[{"href":"https:\/\/franciscanos.org.br\/noticias\/wp-json\/wp\/v2\/types\/post"}],"author":[{"embeddable":true,"href":"https:\/\/franciscanos.org.br\/noticias\/wp-json\/wp\/v2\/users\/3"}],"replies":[{"embeddable":true,"href":"https:\/\/franciscanos.org.br\/noticias\/wp-json\/wp\/v2\/comments?post=232564"}],"version-history":[{"count":1,"href":"https:\/\/franciscanos.org.br\/noticias\/wp-json\/wp\/v2\/posts\/232564\/revisions"}],"predecessor-version":[{"id":232567,"href":"https:\/\/franciscanos.org.br\/noticias\/wp-json\/wp\/v2\/posts\/232564\/revisions\/232567"}],"wp:featuredmedia":[{"embeddable":true,"href":"https:\/\/franciscanos.org.br\/noticias\/wp-json\/wp\/v2\/media\/232566"}],"wp:attachment":[{"href":"https:\/\/franciscanos.org.br\/noticias\/wp-json\/wp\/v2\/media?parent=232564"}],"wp:term":[{"taxonomy":"category","embeddable":true,"href":"https:\/\/franciscanos.org.br\/noticias\/wp-json\/wp\/v2\/categories?post=232564"},{"taxonomy":"post_tag","embeddable":true,"href":"https:\/\/franciscanos.org.br\/noticias\/wp-json\/wp\/v2\/tags?post=232564"}],"curies":[{"name":"wp","href":"https:\/\/api.w.org\/{rel}","templated":true}]}}