{"id":232558,"date":"2021-06-21T11:27:54","date_gmt":"2021-06-21T14:27:54","guid":{"rendered":"https:\/\/franciscanos.org.br\/noticias\/?p=232558"},"modified":"2021-06-21T11:27:54","modified_gmt":"2021-06-21T14:27:54","slug":"paroquia-sao-luiz-gonzaga-celebra-o-padroeiro-em-xaxim","status":"publish","type":"post","link":"https:\/\/franciscanos.org.br\/noticias\/paroquia-sao-luiz-gonzaga-celebra-o-padroeiro-em-xaxim.html","title":{"rendered":"Par\u00f3quia S\u00e3o Luiz Gonzaga celebra o Padroeiro em Xaxim"},"content":{"rendered":"<p><img loading=\"lazy\" class=\"alignnone wp-image-232559 size-full\" src=\"https:\/\/franciscanos.org.br\/noticias\/wp-content\/uploads\/2021\/06\/xaxim_03.jpg\" alt=\"\" width=\"1280\" height=\"699\" srcset=\"https:\/\/franciscanos.org.br\/noticias\/wp-content\/uploads\/2021\/06\/xaxim_03.jpg 1280w, https:\/\/franciscanos.org.br\/noticias\/wp-content\/uploads\/2021\/06\/xaxim_03-450x246.jpg 450w, https:\/\/franciscanos.org.br\/noticias\/wp-content\/uploads\/2021\/06\/xaxim_03-1024x559.jpg 1024w, https:\/\/franciscanos.org.br\/noticias\/wp-content\/uploads\/2021\/06\/xaxim_03-768x419.jpg 768w, https:\/\/franciscanos.org.br\/noticias\/wp-content\/uploads\/2021\/06\/xaxim_03-150x82.jpg 150w\" sizes=\"(max-width: 1280px) 100vw, 1280px\" \/><\/p>\n<p>No domingo (20\/06), a Par\u00f3quia S\u00e3o Luiz Gonzaga celebrou o seu Padroeiro e Frei Bruno Linden. A celebra\u00e7\u00e3o teve in\u00edcio \u00e0s 9h, e foi transmitida pelas redes sociais da Par\u00f3quia. A Santa Missa foi presidida por Frei Gilson Kammer e concelebrada por Frei Vanderlei da Silva Neves, Frei Jacir Ant\u00f4nio Zolet e Frei Alan Maia.<\/p>\n<p>As comemora\u00e7\u00f5es da festa tiveram in\u00edcio no dia 11 de junho com a novena. A cada dia, duas comunidades celebravam na igreja Matriz um tema. F\u00e9 e Gratid\u00e3o; Esperan\u00e7a e Ora\u00e7\u00e3o; Caridade e Eucaristia; Prud\u00eancia e Persist\u00eancia; Fortaleza e Juventude; Temperan\u00e7a e Unidade; Pobreza e Devo\u00e7\u00e3o; Obedi\u00eancia e Servi\u00e7o; Castidade e Fidelidade foram os temas rezados durante as celebra\u00e7\u00f5es que ocorreram nos finais de semana, \u00e0s 19h e durante a semana, \u00e0s 18h30.<\/p>\n<p>Com o hino de Frei Bruno, a celebra\u00e7\u00e3o do domingo iniciou com os comentaristas saudando a todos que acompanhavam em suas casas e aos que estavam presentes na igreja Matriz. Devido \u00e0s restri\u00e7\u00f5es, a igreja recebeu 30% de sua capacidade total. A entrada da Palavra Deus, no corredor central foi encenada pelos jovens, que estavam vestidos de trabalhadores e lembrando os franciscanos.<\/p>\n<p>Em sua reflex\u00e3o, Frei Gilson Kammer saudou a todos que acompanhavam e os que estavam presentes e disse que hoje era um dia festivo. \u201cHoje \u00e9 dia de festa em nossa Par\u00f3quia, porque celebramos o nosso padroeiro S\u00e3o Luiz Gonzaga e tamb\u00e9m Frei Bruno\u201d, afirmou o p\u00e1roco.<\/p>\n<p><img loading=\"lazy\" class=\"alignnone wp-image-232560 size-full\" src=\"https:\/\/franciscanos.org.br\/noticias\/wp-content\/uploads\/2021\/06\/xaxim_02-1.jpg\" alt=\"\" width=\"1280\" height=\"720\" srcset=\"https:\/\/franciscanos.org.br\/noticias\/wp-content\/uploads\/2021\/06\/xaxim_02-1.jpg 1280w, https:\/\/franciscanos.org.br\/noticias\/wp-content\/uploads\/2021\/06\/xaxim_02-1-450x253.jpg 450w, https:\/\/franciscanos.org.br\/noticias\/wp-content\/uploads\/2021\/06\/xaxim_02-1-1024x576.jpg 1024w, https:\/\/franciscanos.org.br\/noticias\/wp-content\/uploads\/2021\/06\/xaxim_02-1-768x432.jpg 768w, https:\/\/franciscanos.org.br\/noticias\/wp-content\/uploads\/2021\/06\/xaxim_02-1-150x84.jpg 150w\" sizes=\"(max-width: 1280px) 100vw, 1280px\" \/><\/p>\n<p>O frade destacou as leituras do dia e o convite que Cristo nos faz. \u201cQuero come\u00e7ar essa reflex\u00e3o com esse convite que o Cristo fez aos disc\u00edpulos de ir para a outra margem. Mas o que significa isso? Talvez seja o convite de Deus pedindo para que a gente saia, para que possamos alcan\u00e7ar coisas melhores, ou como S\u00e3o Paulo disse coisas novas\u201d, observou Frei Gilson.<\/p>\n<p>Conforme o sacerdote, muitas vezes n\u00e3o olhamos para n\u00f3s, n\u00e3o enxergamos as oportunidades, \u00e9 como se estiv\u00e9ssemos dormindo. Muitas vezes n\u00e3o percebemos que Deus ao nosso lado, mas ele est\u00e1 olhando por n\u00f3s. \u201cTalvez nos fa\u00e7amos essa pergunta, ou mesmo acusamos Jesus achando que ele est\u00e1 dormindo e deixando que nossa vida se afunde, mas a\u00ed Ele se pronuncia em um gesto simples, dando a paz que a gente tanto deseja\u201d, afirmou o Frei.<\/p>\n<p>O p\u00e1roco pediu a intercess\u00e3o do Padroeiro e de Frei Bruno, que est\u00e1 com causa em processo de beatifica\u00e7\u00e3o. \u201cQue hoje cada um de n\u00f3s possa pedir a intercess\u00e3o de S\u00e3o Luiz Gonzaga e Frei Bruno. Que Deus possa tirar de n\u00f3s o medo, e assim a gente possa ver a presen\u00e7a bonita dele em cada irm\u00e3o e irm\u00e3. Que S\u00e3o Luiz Gonzaga e Frei Bruno possam nos ajudar a sair do comodismo da margem que a gente se encontra. Que possamos fortalecer a nossa vida e, sobretudo, a nossa f\u00e9, para que a gente alcance uma nova experi\u00eancia de Deus. Experi\u00eancia que se mostra na esperan\u00e7a, na f\u00e9, mas tamb\u00e9m na caridade que todos n\u00f3s estamos buscando fazerem nosso dia a dia\u201d. E finalizou dizendo: \u201cQue S\u00e3o Luiz Gonzaga aben\u00e7oe cada um de n\u00f3s, as Comunidades, as fam\u00edlias e, sobretudo, a nossa Par\u00f3quia. Que n\u00f3s consigamos ser sempre esse sinal de esperan\u00e7a e de luz na vida de todas as pessoas\u201d, disse Frei Gilson.<\/p>\n<p><img loading=\"lazy\" class=\"alignnone wp-image-232561 size-full\" src=\"https:\/\/franciscanos.org.br\/noticias\/wp-content\/uploads\/2021\/06\/xaxim_01-1.jpg\" alt=\"\" width=\"1280\" height=\"720\" srcset=\"https:\/\/franciscanos.org.br\/noticias\/wp-content\/uploads\/2021\/06\/xaxim_01-1.jpg 1280w, https:\/\/franciscanos.org.br\/noticias\/wp-content\/uploads\/2021\/06\/xaxim_01-1-450x253.jpg 450w, https:\/\/franciscanos.org.br\/noticias\/wp-content\/uploads\/2021\/06\/xaxim_01-1-1024x576.jpg 1024w, https:\/\/franciscanos.org.br\/noticias\/wp-content\/uploads\/2021\/06\/xaxim_01-1-768x432.jpg 768w, https:\/\/franciscanos.org.br\/noticias\/wp-content\/uploads\/2021\/06\/xaxim_01-1-150x84.jpg 150w\" sizes=\"(max-width: 1280px) 100vw, 1280px\" \/><\/p>\n<p>Durante as preces, os s\u00edmbolos foram reapresentados \u00e0 comunidade. Todos os dias da novena um objeto era apresentado junto com uma vela acesa. Os s\u00edmbolos apresentados foram o p\u00e3o, o vinho, o ter\u00e7o, o h\u00e1bito franciscano, o sal, a b\u00edblia, a cruz, as alian\u00e7as e Nossa Senhora da Sa\u00fade.<\/p>\n<p>No final da celebra\u00e7\u00e3o, a comiss\u00e3o organizadora da festa agradeceu a todos os que ajudaram a preparar os dias da novena, aos que rezaram junto e acompanharam pelas redes sociais da Par\u00f3quia. O p\u00e1roco Frei Gilson, em nome dos Frades, agradeceu pela dedica\u00e7\u00e3o de todos, a organiza\u00e7\u00e3o, devo\u00e7\u00e3o, f\u00e9 e a disponibilidade em ajudar na festa.<\/p>\n<hr \/>\n<p><em>Fotos e Texto da Pascom Par\u00f3quia S\u00e3o Luiz Gonzaga.<\/em><\/p>\n","protected":false},"excerpt":{"rendered":"<p>Par\u00f3quia S\u00e3o Luiz Gonzaga de  Xaxim<\/p>\n","protected":false},"author":3,"featured_media":232562,"comment_status":"open","ping_status":"open","sticky":false,"template":"","format":"standard","meta":[],"categories":[1],"tags":[1591],"acf":[],"yoast_head":"<!-- This site is optimized with the Yoast SEO plugin v19.2 - https:\/\/yoast.com\/wordpress\/plugins\/seo\/ -->\n<title>Par\u00f3quia S\u00e3o Luiz Gonzaga celebra o Padroeiro em Xaxim - Not\u00edcias - Franciscanos<\/title>\n<meta name=\"robots\" content=\"index, follow, max-snippet:-1, max-image-preview:large, max-video-preview:-1\" \/>\n<link rel=\"canonical\" href=\"https:\/\/franciscanos.org.br\/noticias\/paroquia-sao-luiz-gonzaga-celebra-o-padroeiro-em-xaxim.html\" \/>\n<meta property=\"og:locale\" content=\"pt_BR\" \/>\n<meta property=\"og:type\" content=\"article\" \/>\n<meta property=\"og:title\" content=\"Par\u00f3quia S\u00e3o Luiz Gonzaga celebra o Padroeiro em Xaxim - Not\u00edcias - Franciscanos\" \/>\n<meta property=\"og:description\" content=\"Par\u00f3quia S\u00e3o Luiz Gonzaga de Xaxim\" \/>\n<meta property=\"og:url\" content=\"https:\/\/franciscanos.org.br\/noticias\/paroquia-sao-luiz-gonzaga-celebra-o-padroeiro-em-xaxim.html\" \/>\n<meta property=\"og:site_name\" content=\"Not\u00edcias - Franciscanos\" \/>\n<meta property=\"article:published_time\" content=\"2021-06-21T14:27:54+00:00\" \/>\n<meta property=\"og:image\" content=\"https:\/\/franciscanos.org.br\/noticias\/wp-content\/uploads\/2021\/06\/xaxim_d.jpg\" \/>\n\t<meta property=\"og:image:width\" content=\"800\" \/>\n\t<meta property=\"og:image:height\" content=\"550\" \/>\n\t<meta property=\"og:image:type\" content=\"image\/jpeg\" \/>\n<meta name=\"author\" content=\"moacir\" \/>\n<meta name=\"twitter:card\" content=\"summary_large_image\" \/>\n<meta name=\"twitter:label1\" content=\"Escrito por\" \/>\n\t<meta name=\"twitter:data1\" content=\"moacir\" \/>\n\t<meta name=\"twitter:label2\" content=\"Est. tempo de leitura\" \/>\n\t<meta name=\"twitter:data2\" content=\"4 minutos\" \/>\n<script type=\"application\/ld+json\" class=\"yoast-schema-graph\">{\"@context\":\"https:\/\/schema.org\",\"@graph\":[{\"@type\":\"WebSite\",\"@id\":\"https:\/\/franciscanos.org.br\/noticias\/#website\",\"url\":\"https:\/\/franciscanos.org.br\/noticias\/\",\"name\":\"Not\u00edcias - Franciscanos\",\"description\":\"Prov\u00edncia Franciscana da Imaculada Concei\u00e7\u00e3o do Brasil - Ordem dos Frades Menores - OFM\",\"potentialAction\":[{\"@type\":\"SearchAction\",\"target\":{\"@type\":\"EntryPoint\",\"urlTemplate\":\"https:\/\/franciscanos.org.br\/noticias\/?s={search_term_string}\"},\"query-input\":\"required name=search_term_string\"}],\"inLanguage\":\"pt-BR\"},{\"@type\":\"ImageObject\",\"inLanguage\":\"pt-BR\",\"@id\":\"https:\/\/franciscanos.org.br\/noticias\/paroquia-sao-luiz-gonzaga-celebra-o-padroeiro-em-xaxim.html#primaryimage\",\"url\":\"https:\/\/franciscanos.org.br\/noticias\/wp-content\/uploads\/2021\/06\/xaxim_d.jpg\",\"contentUrl\":\"https:\/\/franciscanos.org.br\/noticias\/wp-content\/uploads\/2021\/06\/xaxim_d.jpg\",\"width\":800,\"height\":550},{\"@type\":\"WebPage\",\"@id\":\"https:\/\/franciscanos.org.br\/noticias\/paroquia-sao-luiz-gonzaga-celebra-o-padroeiro-em-xaxim.html#webpage\",\"url\":\"https:\/\/franciscanos.org.br\/noticias\/paroquia-sao-luiz-gonzaga-celebra-o-padroeiro-em-xaxim.html\",\"name\":\"Par\u00f3quia S\u00e3o Luiz Gonzaga celebra o Padroeiro em Xaxim - Not\u00edcias - Franciscanos\",\"isPartOf\":{\"@id\":\"https:\/\/franciscanos.org.br\/noticias\/#website\"},\"primaryImageOfPage\":{\"@id\":\"https:\/\/franciscanos.org.br\/noticias\/paroquia-sao-luiz-gonzaga-celebra-o-padroeiro-em-xaxim.html#primaryimage\"},\"datePublished\":\"2021-06-21T14:27:54+00:00\",\"dateModified\":\"2021-06-21T14:27:54+00:00\",\"author\":{\"@id\":\"https:\/\/franciscanos.org.br\/noticias\/#\/schema\/person\/b5c8cba458c330ccff548b056e95a5d4\"},\"breadcrumb\":{\"@id\":\"https:\/\/franciscanos.org.br\/noticias\/paroquia-sao-luiz-gonzaga-celebra-o-padroeiro-em-xaxim.html#breadcrumb\"},\"inLanguage\":\"pt-BR\",\"potentialAction\":[{\"@type\":\"ReadAction\",\"target\":[\"https:\/\/franciscanos.org.br\/noticias\/paroquia-sao-luiz-gonzaga-celebra-o-padroeiro-em-xaxim.html\"]}]},{\"@type\":\"BreadcrumbList\",\"@id\":\"https:\/\/franciscanos.org.br\/noticias\/paroquia-sao-luiz-gonzaga-celebra-o-padroeiro-em-xaxim.html#breadcrumb\",\"itemListElement\":[{\"@type\":\"ListItem\",\"position\":1,\"name\":\"Home\",\"item\":\"https:\/\/franciscanos.org.br\/noticias\"},{\"@type\":\"ListItem\",\"position\":2,\"name\":\"Par\u00f3quia S\u00e3o Luiz Gonzaga celebra o Padroeiro em Xaxim\"}]},{\"@type\":\"Person\",\"@id\":\"https:\/\/franciscanos.org.br\/noticias\/#\/schema\/person\/b5c8cba458c330ccff548b056e95a5d4\",\"name\":\"moacir\",\"image\":{\"@type\":\"ImageObject\",\"inLanguage\":\"pt-BR\",\"@id\":\"https:\/\/franciscanos.org.br\/noticias\/#\/schema\/person\/image\/\",\"url\":\"https:\/\/secure.gravatar.com\/avatar\/d08aa2ce4c8dd416d4479aa8536fcf64?s=96&d=mm&r=g\",\"contentUrl\":\"https:\/\/secure.gravatar.com\/avatar\/d08aa2ce4c8dd416d4479aa8536fcf64?s=96&d=mm&r=g\",\"caption\":\"moacir\"},\"url\":\"https:\/\/franciscanos.org.br\/noticias\/author\/moacir\"}]}<\/script>\n<!-- \/ Yoast SEO plugin. -->","yoast_head_json":{"title":"Par\u00f3quia S\u00e3o Luiz Gonzaga celebra o Padroeiro em Xaxim - Not\u00edcias - Franciscanos","robots":{"index":"index","follow":"follow","max-snippet":"max-snippet:-1","max-image-preview":"max-image-preview:large","max-video-preview":"max-video-preview:-1"},"canonical":"https:\/\/franciscanos.org.br\/noticias\/paroquia-sao-luiz-gonzaga-celebra-o-padroeiro-em-xaxim.html","og_locale":"pt_BR","og_type":"article","og_title":"Par\u00f3quia S\u00e3o Luiz Gonzaga celebra o Padroeiro em Xaxim - Not\u00edcias - Franciscanos","og_description":"Par\u00f3quia S\u00e3o Luiz Gonzaga de Xaxim","og_url":"https:\/\/franciscanos.org.br\/noticias\/paroquia-sao-luiz-gonzaga-celebra-o-padroeiro-em-xaxim.html","og_site_name":"Not\u00edcias - Franciscanos","article_published_time":"2021-06-21T14:27:54+00:00","og_image":[{"width":800,"height":550,"url":"https:\/\/franciscanos.org.br\/noticias\/wp-content\/uploads\/2021\/06\/xaxim_d.jpg","type":"image\/jpeg"}],"author":"moacir","twitter_card":"summary_large_image","twitter_misc":{"Escrito por":"moacir","Est. tempo de leitura":"4 minutos"},"schema":{"@context":"https:\/\/schema.org","@graph":[{"@type":"WebSite","@id":"https:\/\/franciscanos.org.br\/noticias\/#website","url":"https:\/\/franciscanos.org.br\/noticias\/","name":"Not\u00edcias - Franciscanos","description":"Prov\u00edncia Franciscana da Imaculada Concei\u00e7\u00e3o do Brasil - Ordem dos Frades Menores - OFM","potentialAction":[{"@type":"SearchAction","target":{"@type":"EntryPoint","urlTemplate":"https:\/\/franciscanos.org.br\/noticias\/?s={search_term_string}"},"query-input":"required name=search_term_string"}],"inLanguage":"pt-BR"},{"@type":"ImageObject","inLanguage":"pt-BR","@id":"https:\/\/franciscanos.org.br\/noticias\/paroquia-sao-luiz-gonzaga-celebra-o-padroeiro-em-xaxim.html#primaryimage","url":"https:\/\/franciscanos.org.br\/noticias\/wp-content\/uploads\/2021\/06\/xaxim_d.jpg","contentUrl":"https:\/\/franciscanos.org.br\/noticias\/wp-content\/uploads\/2021\/06\/xaxim_d.jpg","width":800,"height":550},{"@type":"WebPage","@id":"https:\/\/franciscanos.org.br\/noticias\/paroquia-sao-luiz-gonzaga-celebra-o-padroeiro-em-xaxim.html#webpage","url":"https:\/\/franciscanos.org.br\/noticias\/paroquia-sao-luiz-gonzaga-celebra-o-padroeiro-em-xaxim.html","name":"Par\u00f3quia S\u00e3o Luiz Gonzaga celebra o Padroeiro em Xaxim - Not\u00edcias - Franciscanos","isPartOf":{"@id":"https:\/\/franciscanos.org.br\/noticias\/#website"},"primaryImageOfPage":{"@id":"https:\/\/franciscanos.org.br\/noticias\/paroquia-sao-luiz-gonzaga-celebra-o-padroeiro-em-xaxim.html#primaryimage"},"datePublished":"2021-06-21T14:27:54+00:00","dateModified":"2021-06-21T14:27:54+00:00","author":{"@id":"https:\/\/franciscanos.org.br\/noticias\/#\/schema\/person\/b5c8cba458c330ccff548b056e95a5d4"},"breadcrumb":{"@id":"https:\/\/franciscanos.org.br\/noticias\/paroquia-sao-luiz-gonzaga-celebra-o-padroeiro-em-xaxim.html#breadcrumb"},"inLanguage":"pt-BR","potentialAction":[{"@type":"ReadAction","target":["https:\/\/franciscanos.org.br\/noticias\/paroquia-sao-luiz-gonzaga-celebra-o-padroeiro-em-xaxim.html"]}]},{"@type":"BreadcrumbList","@id":"https:\/\/franciscanos.org.br\/noticias\/paroquia-sao-luiz-gonzaga-celebra-o-padroeiro-em-xaxim.html#breadcrumb","itemListElement":[{"@type":"ListItem","position":1,"name":"Home","item":"https:\/\/franciscanos.org.br\/noticias"},{"@type":"ListItem","position":2,"name":"Par\u00f3quia S\u00e3o Luiz Gonzaga celebra o Padroeiro em Xaxim"}]},{"@type":"Person","@id":"https:\/\/franciscanos.org.br\/noticias\/#\/schema\/person\/b5c8cba458c330ccff548b056e95a5d4","name":"moacir","image":{"@type":"ImageObject","inLanguage":"pt-BR","@id":"https:\/\/franciscanos.org.br\/noticias\/#\/schema\/person\/image\/","url":"https:\/\/secure.gravatar.com\/avatar\/d08aa2ce4c8dd416d4479aa8536fcf64?s=96&d=mm&r=g","contentUrl":"https:\/\/secure.gravatar.com\/avatar\/d08aa2ce4c8dd416d4479aa8536fcf64?s=96&d=mm&r=g","caption":"moacir"},"url":"https:\/\/franciscanos.org.br\/noticias\/author\/moacir"}]}},"_links":{"self":[{"href":"https:\/\/franciscanos.org.br\/noticias\/wp-json\/wp\/v2\/posts\/232558"}],"collection":[{"href":"https:\/\/franciscanos.org.br\/noticias\/wp-json\/wp\/v2\/posts"}],"about":[{"href":"https:\/\/franciscanos.org.br\/noticias\/wp-json\/wp\/v2\/types\/post"}],"author":[{"embeddable":true,"href":"https:\/\/franciscanos.org.br\/noticias\/wp-json\/wp\/v2\/users\/3"}],"replies":[{"embeddable":true,"href":"https:\/\/franciscanos.org.br\/noticias\/wp-json\/wp\/v2\/comments?post=232558"}],"version-history":[{"count":1,"href":"https:\/\/franciscanos.org.br\/noticias\/wp-json\/wp\/v2\/posts\/232558\/revisions"}],"predecessor-version":[{"id":232563,"href":"https:\/\/franciscanos.org.br\/noticias\/wp-json\/wp\/v2\/posts\/232558\/revisions\/232563"}],"wp:featuredmedia":[{"embeddable":true,"href":"https:\/\/franciscanos.org.br\/noticias\/wp-json\/wp\/v2\/media\/232562"}],"wp:attachment":[{"href":"https:\/\/franciscanos.org.br\/noticias\/wp-json\/wp\/v2\/media?parent=232558"}],"wp:term":[{"taxonomy":"category","embeddable":true,"href":"https:\/\/franciscanos.org.br\/noticias\/wp-json\/wp\/v2\/categories?post=232558"},{"taxonomy":"post_tag","embeddable":true,"href":"https:\/\/franciscanos.org.br\/noticias\/wp-json\/wp\/v2\/tags?post=232558"}],"curies":[{"name":"wp","href":"https:\/\/api.w.org\/{rel}","templated":true}]}}