{"id":232548,"date":"2021-06-19T09:15:44","date_gmt":"2021-06-19T12:15:44","guid":{"rendered":"https:\/\/franciscanos.org.br\/noticias\/?p=232548"},"modified":"2021-06-19T09:16:36","modified_gmt":"2021-06-19T12:16:36","slug":"papa-os-diaconos-nao-serao-meio-sacerdotes-nem-acolitos-de-luxo-mas-servos-cuidadosos","status":"publish","type":"post","link":"https:\/\/franciscanos.org.br\/noticias\/papa-os-diaconos-nao-serao-meio-sacerdotes-nem-acolitos-de-luxo-mas-servos-cuidadosos.html","title":{"rendered":"Papa: \u201cOs di\u00e1conos n\u00e3o ser\u00e3o &#8216;meio-sacerdotes&#8217; nem &#8216;ac\u00f3litos de luxo&#8221;&#8216; mas servos cuidadosos&#8221;"},"content":{"rendered":"<div id=\"attachment_232549\" style=\"width: 1290px\" class=\"wp-caption alignnone\"><img aria-describedby=\"caption-attachment-232549\" loading=\"lazy\" class=\"wp-image-232549 size-full\" src=\"https:\/\/franciscanos.org.br\/noticias\/wp-content\/uploads\/2021\/06\/diacono_19.jpg\" alt=\"\" width=\"1280\" height=\"720\" srcset=\"https:\/\/franciscanos.org.br\/noticias\/wp-content\/uploads\/2021\/06\/diacono_19.jpg 1280w, https:\/\/franciscanos.org.br\/noticias\/wp-content\/uploads\/2021\/06\/diacono_19-450x253.jpg 450w, https:\/\/franciscanos.org.br\/noticias\/wp-content\/uploads\/2021\/06\/diacono_19-1024x576.jpg 1024w, https:\/\/franciscanos.org.br\/noticias\/wp-content\/uploads\/2021\/06\/diacono_19-768x432.jpg 768w, https:\/\/franciscanos.org.br\/noticias\/wp-content\/uploads\/2021\/06\/diacono_19-150x84.jpg 150w\" sizes=\"(max-width: 1280px) 100vw, 1280px\" \/><p id=\"caption-attachment-232549\" class=\"wp-caption-text\"><em>\u00a0 \u00a0 \u00a0 \u00a0 \u00a0 \u00a0 \u00a0 \u00a0 \u00a0 \u00a0 \u00a0 \u00a0 \u00a0 \u00a0 \u00a0 \u00a0 \u00a0 \u00a0 \u00a0 \u00a0 \u00a0 \u00a0 \u00a0 \u00a0 \u00a0 \u00a0 \u00a0 \u00a0 \u00a0 \u00a0 \u00a0 \u00a0 \u00a0 \u00a0 \u00a0 \u00a0 \u00a0 \u00a0 \u00a0 \u00a0 \u00a0 \u00a0 \u00a0 \u00a0 \u00a0 \u00a0 \u00a0 \u00a0 \u00a0 \u00a0 \u00a0 \u00a0 \u00a0 \u00a0 \u00a0 \u00a0 \u00a0 \u00a0Imagem: Vatican Media<\/em><\/p><\/div>\n<p>Na manh\u00e3 deste s\u00e1bado (19) o Papa Francisco recebeu na Sala Paulo VI os Di\u00e1conos da Diocese de Roma. No seu discurso Francisco iniciou respondendo ao pedido dos presentes que queriam saber o que o Papa espera dos di\u00e1conos de Roma.<\/p>\n<p>\u201cComecemos por refletir um pouco sobre o minist\u00e9rio do di\u00e1cono\u201d, explicou o Papa, e percorrendo o caminho do Conc\u00edlio Vaticano II seguindo a<em> Lumen gentium<\/em> afirmou: \u201cAo minist\u00e9rio dos di\u00e1conos s\u00e3o impostas m\u00e3os n\u00e3o para o sacerd\u00f3cio mas para o servi\u00e7o&#8221;, explica. \u201cEsta diferen\u00e7a n\u00e3o \u00e9 insignificante. O diaconato, que na concep\u00e7\u00e3o anterior foi reduzido a uma ordem de passagem para o sacerd\u00f3cio, recupera assim seu lugar e sua especificidade. O simples fato de enfatizar esta diferen\u00e7a ajuda a superar o flagelo do clericalismo, que coloca uma casta de sacerdotes \u2018acima\u2019 do Povo de Deus\u201d. E continua explicando: \u201cNa Igreja, a l\u00f3gica oposta deve estar em vigor, a l\u00f3gica de rebaixamento. Todos somos chamados a nos rebaixarmos, porque Jesus se rebaixou, ele se fez servo de todos\u201d. Francisco afirma: \u201cRecordemos, por favor, que sempre para os disc\u00edpulos de Jesus amar \u00e9 servir e servir \u00e9 reinar. O poder est\u00e1 no servi\u00e7o, e em nada mais\u201d.<\/p>\n<p>Francisco segue explicando que \u201co diaconato, seguindo a via mestra do Conc\u00edlio, nos conduz ao centro do mist\u00e9rio da Igreja. Assim como falei de uma &#8216;Igreja constitutivamente mission\u00e1ria&#8217; e de uma &#8216;Igreja constitutivamente sinodal&#8217;, tamb\u00e9m digo que devemos falar de uma &#8216;Igreja constitutivamente diaconal&#8217;. Se esta dimens\u00e3o de servi\u00e7o n\u00e3o for vivida, de fato, todo minist\u00e9rio \u00e9 esvaziado de dentro, torna-se est\u00e9ril, n\u00e3o produz frutos. E pouco a pouco vai se tornando mundano.<\/p>\n<p>Insistindo no servi\u00e7o dos di\u00e1conos o Papa pondera: \u201cA generosidade de um di\u00e1cono que se entrega sem procurar as filas da frente tem perfume de Evangelho, conta a grandeza da humildade de Deus que d\u00e1 o primeiro passo para ir ao encontro at\u00e9 mesmo dos que lhe viraram as costas\u201d<\/p>\n<p><strong>Caridade e Administra\u00e7\u00e3o<\/strong><br \/>\n\u201cHoje devemos tamb\u00e9m prestar aten\u00e7\u00e3o a outro aspecto\u201d, continuou, \u201ca diminui\u00e7\u00e3o do n\u00famero de sacerdotes levou a um compromisso prevalecente dos di\u00e1conos de substituir tarefas que, por mais importantes que sejam, n\u00e3o constituem a natureza espec\u00edfica do diaconato\u201d. Pois bem, depois de recordar o Conc\u00edlio que afirma que na diaconia da liturgia, da palavra e da caridade, os di\u00e1conos s\u00e3o especialmente &#8220;dedicados aos of\u00edcios da caridade e da administra\u00e7\u00e3o&#8221; o Papa alerta: \u201cOs di\u00e1conos n\u00e3o ser\u00e3o &#8216;meio-sacerdotes&#8217;, nem &#8216;ac\u00f3litos de luxo&#8221;&#8216; mas servos cuidadosos que d\u00e3o o melhor de si para que ningu\u00e9m seja exclu\u00eddo e o amor do Senhor toca a vida das pessoas de uma maneira concreta\u201d. E resume em poucas palavras: \u201ca espiritualidade diaconal, a espiritualidade do servi\u00e7o: disponibilidade dentro e abertura fora. Dispon\u00edvel por dentro, com um cora\u00e7\u00e3o, pronto para dizer sim, d\u00f3cil, sem fazer a vida girar em torno da pr\u00f3pria agenda; e aberto por fora, olhando para todos, especialmente aqueles que s\u00e3o deixados de fora, aqueles que se sentem exclu\u00eddos\u201d.<\/p>\n<p><strong>Tr\u00eas dimens\u00f5es para cultivar<\/strong><br \/>\nAo esclarecer o que espera dos di\u00e1conos de Roma, Francisco recorda suas tr\u00eas ideias breves que n\u00e3o v\u00e3o na dire\u00e7\u00e3o de \u201ccoisas para fazer\u201d, mas de \u201cdimens\u00f5es para cultivar\u201d.<\/p>\n<p>\u201cEm primeiro lugar sejam humildes! Que todo o bem que voc\u00eas fazem seja um segredo entre voc\u00eas e Deus. E assim dar\u00e1 frutos\u201d, disse.<\/p>\n<p>&#8220;Em segundo lugar, espero que voc\u00eas sejam bons esposos e bons pais. Isto dar\u00e1 esperan\u00e7a e consolo aos casais que vivem momentos dif\u00edceis e que encontrar\u00e3o em sua simplicidade genu\u00edna uma m\u00e3o estendida\u201d. \u201cPor fim\u201d, continua Francisco, \u201cespero que voc\u00eas sejam sentinelas: n\u00e3o apenas que saibam identificar o afastado e o pobre &#8211; n\u00e3o \u00e9 t\u00e3o dif\u00edcil &#8211; mas que ajudem a comunidade crist\u00e3 a identificar Jesus no pobre e no afastado, enquanto ele bate \u00e0 nossa porta atrav\u00e9s deles\u201d.<\/p>\n<p>O Santo Padre concluiu o encontro refor\u00e7ando seu pedido aos di\u00e1conos permanentes de Roma: &#8220;Voc\u00eas podem fazer sua pr\u00f3pria imagem com as palavras do final dos Evangelhos, quando Jesus de longe pede aos seus: &#8216;Acaso tendes algum peixe?&#8217; E o disc\u00edpulo amado o reconheceu e disse: &#8216;\u00c9 o Senhor&#8217; (Jo 21, 5.7). Assim espero que tamb\u00e9m voc\u00eas vejam o Senhor quando, em tantos de seus irm\u00e3os menores, pede para ser nutrido, acolhido e amado. Gostaria que este fosse o perfil dos di\u00e1conos de Roma e do mundo inteiro&#8221;.<\/p>\n<hr \/>\n<p><em>Fonte: Vatican News (texto de Jane Nogara)<\/em><\/p>\n","protected":false},"excerpt":{"rendered":"<p>Audi\u00eancia Papal<\/p>\n","protected":false},"author":3,"featured_media":232550,"comment_status":"open","ping_status":"open","sticky":false,"template":"","format":"standard","meta":[],"categories":[1428],"tags":[55],"acf":[],"yoast_head":"<!-- This site is optimized with the Yoast SEO plugin v19.2 - https:\/\/yoast.com\/wordpress\/plugins\/seo\/ -->\n<title>Papa: \u201cOs di\u00e1conos n\u00e3o ser\u00e3o &#039;meio-sacerdotes&#039; nem &#039;ac\u00f3litos de luxo&quot;&#039; mas servos cuidadosos&quot; - Not\u00edcias - Franciscanos<\/title>\n<meta name=\"robots\" content=\"index, follow, max-snippet:-1, max-image-preview:large, max-video-preview:-1\" \/>\n<link rel=\"canonical\" href=\"https:\/\/franciscanos.org.br\/noticias\/papa-os-diaconos-nao-serao-meio-sacerdotes-nem-acolitos-de-luxo-mas-servos-cuidadosos.html\" \/>\n<meta property=\"og:locale\" content=\"pt_BR\" \/>\n<meta property=\"og:type\" content=\"article\" \/>\n<meta property=\"og:title\" content=\"Papa: \u201cOs di\u00e1conos n\u00e3o ser\u00e3o &#039;meio-sacerdotes&#039; nem &#039;ac\u00f3litos de luxo&quot;&#039; mas servos cuidadosos&quot; - Not\u00edcias - Franciscanos\" \/>\n<meta property=\"og:description\" content=\"Audi\u00eancia Papal\" \/>\n<meta property=\"og:url\" content=\"https:\/\/franciscanos.org.br\/noticias\/papa-os-diaconos-nao-serao-meio-sacerdotes-nem-acolitos-de-luxo-mas-servos-cuidadosos.html\" \/>\n<meta property=\"og:site_name\" content=\"Not\u00edcias - Franciscanos\" \/>\n<meta property=\"article:published_time\" content=\"2021-06-19T12:15:44+00:00\" \/>\n<meta property=\"article:modified_time\" content=\"2021-06-19T12:16:36+00:00\" \/>\n<meta property=\"og:image\" content=\"https:\/\/franciscanos.org.br\/noticias\/wp-content\/uploads\/2021\/06\/diacono_19d.jpg\" \/>\n\t<meta property=\"og:image:width\" content=\"800\" \/>\n\t<meta property=\"og:image:height\" content=\"550\" \/>\n\t<meta property=\"og:image:type\" content=\"image\/jpeg\" \/>\n<meta name=\"author\" content=\"moacir\" \/>\n<meta name=\"twitter:card\" content=\"summary_large_image\" \/>\n<meta name=\"twitter:label1\" content=\"Escrito por\" \/>\n\t<meta name=\"twitter:data1\" content=\"moacir\" \/>\n\t<meta name=\"twitter:label2\" content=\"Est. tempo de leitura\" \/>\n\t<meta name=\"twitter:data2\" content=\"4 minutos\" \/>\n<script type=\"application\/ld+json\" class=\"yoast-schema-graph\">{\"@context\":\"https:\/\/schema.org\",\"@graph\":[{\"@type\":\"WebSite\",\"@id\":\"https:\/\/franciscanos.org.br\/noticias\/#website\",\"url\":\"https:\/\/franciscanos.org.br\/noticias\/\",\"name\":\"Not\u00edcias - Franciscanos\",\"description\":\"Prov\u00edncia Franciscana da Imaculada Concei\u00e7\u00e3o do Brasil - Ordem dos Frades Menores - OFM\",\"potentialAction\":[{\"@type\":\"SearchAction\",\"target\":{\"@type\":\"EntryPoint\",\"urlTemplate\":\"https:\/\/franciscanos.org.br\/noticias\/?s={search_term_string}\"},\"query-input\":\"required name=search_term_string\"}],\"inLanguage\":\"pt-BR\"},{\"@type\":\"ImageObject\",\"inLanguage\":\"pt-BR\",\"@id\":\"https:\/\/franciscanos.org.br\/noticias\/papa-os-diaconos-nao-serao-meio-sacerdotes-nem-acolitos-de-luxo-mas-servos-cuidadosos.html#primaryimage\",\"url\":\"https:\/\/franciscanos.org.br\/noticias\/wp-content\/uploads\/2021\/06\/diacono_19d.jpg\",\"contentUrl\":\"https:\/\/franciscanos.org.br\/noticias\/wp-content\/uploads\/2021\/06\/diacono_19d.jpg\",\"width\":800,\"height\":550},{\"@type\":\"WebPage\",\"@id\":\"https:\/\/franciscanos.org.br\/noticias\/papa-os-diaconos-nao-serao-meio-sacerdotes-nem-acolitos-de-luxo-mas-servos-cuidadosos.html#webpage\",\"url\":\"https:\/\/franciscanos.org.br\/noticias\/papa-os-diaconos-nao-serao-meio-sacerdotes-nem-acolitos-de-luxo-mas-servos-cuidadosos.html\",\"name\":\"Papa: \u201cOs di\u00e1conos n\u00e3o ser\u00e3o 'meio-sacerdotes' nem 'ac\u00f3litos de luxo\\\"' mas servos cuidadosos\\\" - Not\u00edcias - Franciscanos\",\"isPartOf\":{\"@id\":\"https:\/\/franciscanos.org.br\/noticias\/#website\"},\"primaryImageOfPage\":{\"@id\":\"https:\/\/franciscanos.org.br\/noticias\/papa-os-diaconos-nao-serao-meio-sacerdotes-nem-acolitos-de-luxo-mas-servos-cuidadosos.html#primaryimage\"},\"datePublished\":\"2021-06-19T12:15:44+00:00\",\"dateModified\":\"2021-06-19T12:16:36+00:00\",\"author\":{\"@id\":\"https:\/\/franciscanos.org.br\/noticias\/#\/schema\/person\/b5c8cba458c330ccff548b056e95a5d4\"},\"breadcrumb\":{\"@id\":\"https:\/\/franciscanos.org.br\/noticias\/papa-os-diaconos-nao-serao-meio-sacerdotes-nem-acolitos-de-luxo-mas-servos-cuidadosos.html#breadcrumb\"},\"inLanguage\":\"pt-BR\",\"potentialAction\":[{\"@type\":\"ReadAction\",\"target\":[\"https:\/\/franciscanos.org.br\/noticias\/papa-os-diaconos-nao-serao-meio-sacerdotes-nem-acolitos-de-luxo-mas-servos-cuidadosos.html\"]}]},{\"@type\":\"BreadcrumbList\",\"@id\":\"https:\/\/franciscanos.org.br\/noticias\/papa-os-diaconos-nao-serao-meio-sacerdotes-nem-acolitos-de-luxo-mas-servos-cuidadosos.html#breadcrumb\",\"itemListElement\":[{\"@type\":\"ListItem\",\"position\":1,\"name\":\"Home\",\"item\":\"https:\/\/franciscanos.org.br\/noticias\"},{\"@type\":\"ListItem\",\"position\":2,\"name\":\"Papa: \u201cOs di\u00e1conos n\u00e3o ser\u00e3o &#8216;meio-sacerdotes&#8217; nem &#8216;ac\u00f3litos de luxo&#8221;&#8216; mas servos cuidadosos&#8221;\"}]},{\"@type\":\"Person\",\"@id\":\"https:\/\/franciscanos.org.br\/noticias\/#\/schema\/person\/b5c8cba458c330ccff548b056e95a5d4\",\"name\":\"moacir\",\"image\":{\"@type\":\"ImageObject\",\"inLanguage\":\"pt-BR\",\"@id\":\"https:\/\/franciscanos.org.br\/noticias\/#\/schema\/person\/image\/\",\"url\":\"https:\/\/secure.gravatar.com\/avatar\/d08aa2ce4c8dd416d4479aa8536fcf64?s=96&d=mm&r=g\",\"contentUrl\":\"https:\/\/secure.gravatar.com\/avatar\/d08aa2ce4c8dd416d4479aa8536fcf64?s=96&d=mm&r=g\",\"caption\":\"moacir\"},\"url\":\"https:\/\/franciscanos.org.br\/noticias\/author\/moacir\"}]}<\/script>\n<!-- \/ Yoast SEO plugin. -->","yoast_head_json":{"title":"Papa: \u201cOs di\u00e1conos n\u00e3o ser\u00e3o 'meio-sacerdotes' nem 'ac\u00f3litos de luxo\"' mas servos cuidadosos\" - Not\u00edcias - Franciscanos","robots":{"index":"index","follow":"follow","max-snippet":"max-snippet:-1","max-image-preview":"max-image-preview:large","max-video-preview":"max-video-preview:-1"},"canonical":"https:\/\/franciscanos.org.br\/noticias\/papa-os-diaconos-nao-serao-meio-sacerdotes-nem-acolitos-de-luxo-mas-servos-cuidadosos.html","og_locale":"pt_BR","og_type":"article","og_title":"Papa: \u201cOs di\u00e1conos n\u00e3o ser\u00e3o 'meio-sacerdotes' nem 'ac\u00f3litos de luxo\"' mas servos cuidadosos\" - Not\u00edcias - Franciscanos","og_description":"Audi\u00eancia Papal","og_url":"https:\/\/franciscanos.org.br\/noticias\/papa-os-diaconos-nao-serao-meio-sacerdotes-nem-acolitos-de-luxo-mas-servos-cuidadosos.html","og_site_name":"Not\u00edcias - Franciscanos","article_published_time":"2021-06-19T12:15:44+00:00","article_modified_time":"2021-06-19T12:16:36+00:00","og_image":[{"width":800,"height":550,"url":"https:\/\/franciscanos.org.br\/noticias\/wp-content\/uploads\/2021\/06\/diacono_19d.jpg","type":"image\/jpeg"}],"author":"moacir","twitter_card":"summary_large_image","twitter_misc":{"Escrito por":"moacir","Est. tempo de leitura":"4 minutos"},"schema":{"@context":"https:\/\/schema.org","@graph":[{"@type":"WebSite","@id":"https:\/\/franciscanos.org.br\/noticias\/#website","url":"https:\/\/franciscanos.org.br\/noticias\/","name":"Not\u00edcias - Franciscanos","description":"Prov\u00edncia Franciscana da Imaculada Concei\u00e7\u00e3o do Brasil - Ordem dos Frades Menores - OFM","potentialAction":[{"@type":"SearchAction","target":{"@type":"EntryPoint","urlTemplate":"https:\/\/franciscanos.org.br\/noticias\/?s={search_term_string}"},"query-input":"required name=search_term_string"}],"inLanguage":"pt-BR"},{"@type":"ImageObject","inLanguage":"pt-BR","@id":"https:\/\/franciscanos.org.br\/noticias\/papa-os-diaconos-nao-serao-meio-sacerdotes-nem-acolitos-de-luxo-mas-servos-cuidadosos.html#primaryimage","url":"https:\/\/franciscanos.org.br\/noticias\/wp-content\/uploads\/2021\/06\/diacono_19d.jpg","contentUrl":"https:\/\/franciscanos.org.br\/noticias\/wp-content\/uploads\/2021\/06\/diacono_19d.jpg","width":800,"height":550},{"@type":"WebPage","@id":"https:\/\/franciscanos.org.br\/noticias\/papa-os-diaconos-nao-serao-meio-sacerdotes-nem-acolitos-de-luxo-mas-servos-cuidadosos.html#webpage","url":"https:\/\/franciscanos.org.br\/noticias\/papa-os-diaconos-nao-serao-meio-sacerdotes-nem-acolitos-de-luxo-mas-servos-cuidadosos.html","name":"Papa: \u201cOs di\u00e1conos n\u00e3o ser\u00e3o 'meio-sacerdotes' nem 'ac\u00f3litos de luxo\"' mas servos cuidadosos\" - Not\u00edcias - Franciscanos","isPartOf":{"@id":"https:\/\/franciscanos.org.br\/noticias\/#website"},"primaryImageOfPage":{"@id":"https:\/\/franciscanos.org.br\/noticias\/papa-os-diaconos-nao-serao-meio-sacerdotes-nem-acolitos-de-luxo-mas-servos-cuidadosos.html#primaryimage"},"datePublished":"2021-06-19T12:15:44+00:00","dateModified":"2021-06-19T12:16:36+00:00","author":{"@id":"https:\/\/franciscanos.org.br\/noticias\/#\/schema\/person\/b5c8cba458c330ccff548b056e95a5d4"},"breadcrumb":{"@id":"https:\/\/franciscanos.org.br\/noticias\/papa-os-diaconos-nao-serao-meio-sacerdotes-nem-acolitos-de-luxo-mas-servos-cuidadosos.html#breadcrumb"},"inLanguage":"pt-BR","potentialAction":[{"@type":"ReadAction","target":["https:\/\/franciscanos.org.br\/noticias\/papa-os-diaconos-nao-serao-meio-sacerdotes-nem-acolitos-de-luxo-mas-servos-cuidadosos.html"]}]},{"@type":"BreadcrumbList","@id":"https:\/\/franciscanos.org.br\/noticias\/papa-os-diaconos-nao-serao-meio-sacerdotes-nem-acolitos-de-luxo-mas-servos-cuidadosos.html#breadcrumb","itemListElement":[{"@type":"ListItem","position":1,"name":"Home","item":"https:\/\/franciscanos.org.br\/noticias"},{"@type":"ListItem","position":2,"name":"Papa: \u201cOs di\u00e1conos n\u00e3o ser\u00e3o &#8216;meio-sacerdotes&#8217; nem &#8216;ac\u00f3litos de luxo&#8221;&#8216; mas servos cuidadosos&#8221;"}]},{"@type":"Person","@id":"https:\/\/franciscanos.org.br\/noticias\/#\/schema\/person\/b5c8cba458c330ccff548b056e95a5d4","name":"moacir","image":{"@type":"ImageObject","inLanguage":"pt-BR","@id":"https:\/\/franciscanos.org.br\/noticias\/#\/schema\/person\/image\/","url":"https:\/\/secure.gravatar.com\/avatar\/d08aa2ce4c8dd416d4479aa8536fcf64?s=96&d=mm&r=g","contentUrl":"https:\/\/secure.gravatar.com\/avatar\/d08aa2ce4c8dd416d4479aa8536fcf64?s=96&d=mm&r=g","caption":"moacir"},"url":"https:\/\/franciscanos.org.br\/noticias\/author\/moacir"}]}},"_links":{"self":[{"href":"https:\/\/franciscanos.org.br\/noticias\/wp-json\/wp\/v2\/posts\/232548"}],"collection":[{"href":"https:\/\/franciscanos.org.br\/noticias\/wp-json\/wp\/v2\/posts"}],"about":[{"href":"https:\/\/franciscanos.org.br\/noticias\/wp-json\/wp\/v2\/types\/post"}],"author":[{"embeddable":true,"href":"https:\/\/franciscanos.org.br\/noticias\/wp-json\/wp\/v2\/users\/3"}],"replies":[{"embeddable":true,"href":"https:\/\/franciscanos.org.br\/noticias\/wp-json\/wp\/v2\/comments?post=232548"}],"version-history":[{"count":2,"href":"https:\/\/franciscanos.org.br\/noticias\/wp-json\/wp\/v2\/posts\/232548\/revisions"}],"predecessor-version":[{"id":232552,"href":"https:\/\/franciscanos.org.br\/noticias\/wp-json\/wp\/v2\/posts\/232548\/revisions\/232552"}],"wp:featuredmedia":[{"embeddable":true,"href":"https:\/\/franciscanos.org.br\/noticias\/wp-json\/wp\/v2\/media\/232550"}],"wp:attachment":[{"href":"https:\/\/franciscanos.org.br\/noticias\/wp-json\/wp\/v2\/media?parent=232548"}],"wp:term":[{"taxonomy":"category","embeddable":true,"href":"https:\/\/franciscanos.org.br\/noticias\/wp-json\/wp\/v2\/categories?post=232548"},{"taxonomy":"post_tag","embeddable":true,"href":"https:\/\/franciscanos.org.br\/noticias\/wp-json\/wp\/v2\/tags?post=232548"}],"curies":[{"name":"wp","href":"https:\/\/api.w.org\/{rel}","templated":true}]}}