{"id":232539,"date":"2021-06-18T06:59:50","date_gmt":"2021-06-18T09:59:50","guid":{"rendered":"https:\/\/franciscanos.org.br\/noticias\/?p=232539"},"modified":"2021-06-18T07:00:25","modified_gmt":"2021-06-18T10:00:25","slug":"papa-francisco-pede-profunda-reforma-da-economia","status":"publish","type":"post","link":"https:\/\/franciscanos.org.br\/noticias\/papa-francisco-pede-profunda-reforma-da-economia.html","title":{"rendered":"Papa Francisco pede &#8220;profunda reforma&#8221; da economia"},"content":{"rendered":"<div id=\"attachment_232540\" style=\"width: 1290px\" class=\"wp-caption alignnone\"><img aria-describedby=\"caption-attachment-232540\" loading=\"lazy\" class=\"wp-image-232540 size-full\" src=\"https:\/\/franciscanos.org.br\/noticias\/wp-content\/uploads\/2021\/06\/papa_1806.jpg\" alt=\"\" width=\"1280\" height=\"720\" srcset=\"https:\/\/franciscanos.org.br\/noticias\/wp-content\/uploads\/2021\/06\/papa_1806.jpg 1280w, https:\/\/franciscanos.org.br\/noticias\/wp-content\/uploads\/2021\/06\/papa_1806-450x253.jpg 450w, https:\/\/franciscanos.org.br\/noticias\/wp-content\/uploads\/2021\/06\/papa_1806-1024x576.jpg 1024w, https:\/\/franciscanos.org.br\/noticias\/wp-content\/uploads\/2021\/06\/papa_1806-768x432.jpg 768w, https:\/\/franciscanos.org.br\/noticias\/wp-content\/uploads\/2021\/06\/papa_1806-150x84.jpg 150w\" sizes=\"(max-width: 1280px) 100vw, 1280px\" \/><p id=\"caption-attachment-232540\" class=\"wp-caption-text\"><em>\u00a0 \u00a0 \u00a0 \u00a0 \u00a0 \u00a0 \u00a0 \u00a0 \u00a0 \u00a0 \u00a0 \u00a0 \u00a0 \u00a0 \u00a0 \u00a0 \u00a0 \u00a0 \u00a0 \u00a0 \u00a0 \u00a0 \u00a0 \u00a0 \u00a0 \u00a0 \u00a0 \u00a0 \u00a0 \u00a0 \u00a0 \u00a0 \u00a0 \u00a0 \u00a0 \u00a0 \u00a0 \u00a0 \u00a0 \u00a0 \u00a0 \u00a0 \u00a0 \u00a0 \u00a0 \u00a0 \u00a0 \u00a0 \u00a0 \u00a0 \u00a0 \u00a0 \u00a0 \u00a0 \u00a0 \u00a0 \u00a0 \u00a0 \u00a0 \u00a0 \u00a0 \u00a0 \u00a0 \u00a0 \u00a0 \u00a0 \u00a0 \u00a0 \u00a0 \u00a0 \u00a0 \u00a0 \u00a0 \u00a0 \u00a0 \u00a0 \u00a0 \u00a0 \u00a0 \u00a0 \u00a0 \u00a0 \u00a0 \u00a0 \u00a0 \u00a0 \u00a0 \u00a0 Imagem: Vatican Media<\/em><\/p><\/div>\n<p>O Papa Francisco enviou uma mensagem em v\u00eddeo, em espanhol, aos participantes da 109\u00aa Confer\u00eancia Internacional do Trabalho que se realiza, em Genebra, na Su\u00ed\u00e7a, nesta quinta-feira (17\/06). Promovida pela Organiza\u00e7\u00e3o Internacional do Trabalho (OIT), o evento re\u00fane representantes de Governos, organiza\u00e7\u00f5es de empres\u00e1rios e trabalhadores. &#8220;Esta confer\u00eancia foi convocada num momento crucial da hist\u00f3ria social e econ\u00f4mica, que apresenta desafios s\u00e9rios e abrangentes para o mundo inteiro. Nos \u00faltimos meses, a Organiza\u00e7\u00e3o Internacional do Trabalho, atrav\u00e9s de seus relat\u00f3rios regulares realizou um trabalho louv\u00e1vel ao dedicar aten\u00e7\u00e3o especial a nossos irm\u00e3os e irm\u00e3s mais vulner\u00e1veis&#8221;, diz o Papa na videomensagem.<\/p>\n<p>Segundo Francisco, &#8220;aderir a um sindicato \u00e9 um direito&#8221;. A seguir, invoca &#8220;uma profunda reforma da economia&#8221; e um trabalho &#8220;realmente e essencialmente humano&#8221;, porque o atual para muitos trabalhadores diaristas, migrantes e trabalhadores prec\u00e1rios e sobretudo para muitas mulheres, come\u00e7ando pelas empregadas dom\u00e9sticas, cuidadoras e vendedoras ambulantes, \u00e9 &#8220;perigoso, sujo e degradante&#8221;.<\/p>\n<p><strong>Ajudar quem est\u00e1 \u00e0 margem do trabalho<\/strong><br \/>\nNo v\u00eddeo, Francisco convida a Igreja e os governantes a darem uma resposta incisiva \u00e0queles que se encontram &#8220;\u00e0 margem do mundo do trabalho&#8221;, esmagados pelas consequ\u00eancias dram\u00e1ticas da Covid-19.<\/p>\n<p>\u201cMuitos migrantes e trabalhadores vulner\u00e1veis e suas fam\u00edlias s\u00e3o geralmente exclu\u00eddos do acesso a programas nacionais de promo\u00e7\u00e3o da sa\u00fade, preven\u00e7\u00e3o de doen\u00e7as, tratamento e assist\u00eancia, bem como dos planos de prote\u00e7\u00e3o financeira e servi\u00e7os psicossociais.\u201d<\/p>\n<p>Segundo o Bispo de Roma, este \u00e9 &#8220;um dos muitos casos da filosofia do descarte que nos acostumamos a impor em nossas sociedades&#8221;. Uma exclus\u00e3o que &#8220;complica a detec\u00e7\u00e3o precoce, a execu\u00e7\u00e3o de testes, diagn\u00f3sticos, rastreamento de contatos e busca de assist\u00eancia m\u00e9dica para a Covid-19&#8221; aos refugiados e migrantes, e assim &#8220;aumenta o risco de surtos nessas popula\u00e7\u00f5es&#8221;.<\/p>\n<p><strong>Desemprego, jovens fora do mercado, tr\u00e1fico humano<\/strong><br \/>\nFrancisco entra no centro da emerg\u00eancia trabalhista, pr\u00e9-existente, agravada pela pandemia. Ele enumera os danos causados pela &#8220;falta de medidas de prote\u00e7\u00e3o social diante do impacto da Covid-19&#8221;: aumento da pobreza, desemprego, subemprego, atraso na inser\u00e7\u00e3o dos jovens no mercado de trabalho, explora\u00e7\u00e3o infantil, tr\u00e1fico de pessoas, inseguran\u00e7a alimentar, maior exposi\u00e7\u00e3o a infec\u00e7\u00f5es para os doentes e idosos.<\/p>\n<p>\u201cA diminui\u00e7\u00e3o do hor\u00e1rio de trabalho nos \u00faltimos anos resultou tanto na perda de empregos quanto na redu\u00e7\u00e3o da jornada de trabalho para aqueles que o mantiveram. Muitos servi\u00e7os p\u00fablicos, assim como muitas empresas, enfrentaram enormes dificuldades, algumas correndo o risco de fal\u00eancia total ou parcial. Em todo o mundo, vimos perdas de empregos sem precedentes em 2020.\u201d<\/p>\n<p><strong>Condi\u00e7\u00f5es de trabalho decentes e dignas<\/strong><br \/>\n&#8220;Com a pressa de voltar a uma maior atividade econ\u00f4mica no final da amea\u00e7a da Covid-19, evitemos as pesadas fixa\u00e7\u00f5es no lucro, o isolamento e o nacionalismo, o consumismo cego e a nega\u00e7\u00e3o das evid\u00eancias claras que denotam a discrimina\u00e7\u00e3o dos nossos irm\u00e3os e irm\u00e3s &#8216;elimin\u00e1veis&#8217; em nossa sociedade&#8221;, ressalta o Pont\u00edfice.<\/p>\n<p>\u201cBuscamos solu\u00e7\u00f5es que nos ajudem a construir um novo futuro de trabalho baseado em condi\u00e7\u00f5es de trabalho decentes e dignas que venham da negocia\u00e7\u00e3o coletiva e promovam o bem comum.\u201d<\/p>\n<p><strong>Um di\u00e1logo entre governos, empres\u00e1rios e trabalhadores<\/strong><br \/>\nO Papa volta o seu olhar para as categorias sociais mais vulner\u00e1veis: jovens, migrantes, ind\u00edgenas e pobres que &#8220;n\u00e3o podem ser deixados de lado num di\u00e1logo que tamb\u00e9m deveria reunir governos, empres\u00e1rios e trabalhadores&#8221;. As confiss\u00f5es religiosas e as comunidades tamb\u00e9m devem se comprometer juntas, pois s\u00f3 atrav\u00e9s do di\u00e1logo amplo \u00e9 que &#8220;um futuro solid\u00e1rio e sustent\u00e1vel para nossa casa comum&#8221; pode ser alcan\u00e7ado. Um verdadeiro di\u00e1logo se instaura quando &#8220;todos aqueles que dialogam est\u00e3o no mesmo n\u00edvel de direitos e deveres&#8221;.<\/p>\n<p><strong>Prestar aten\u00e7\u00e3o \u00e0s necessidades particulares das mulheres<\/strong><br \/>\nQuando se trata de igualdade de direitos, os nossos pensamentos se voltam especialmente para as mulheres, come\u00e7ando pelas vendedoras ambulantes e trabalhadoras dom\u00e9sticas, que sofrem o impacto do coronav\u00edrus em termos de &#8220;isolamento&#8221; ou &#8220;exposi\u00e7\u00e3o extrema a riscos \u00e0 sa\u00fade&#8221;<\/p>\n<p>\u201cSem creches acess\u00edveis, os filhos dessas trabalhadoras est\u00e3o expostos a um risco maior \u00e0 sa\u00fade porque as m\u00e3es devem lev\u00e1-los para o local de trabalho ou deix\u00e1-los em casa sozinhos.\u201d<\/p>\n<p>&#8220;\u00c9 necess\u00e1rio assegurar que a assist\u00eancia social chegue \u00e0 economia informal e preste especial aten\u00e7\u00e3o \u00e0s necessidades particulares das mulheres e meninas&#8221;, insiste Francisco.<\/p>\n<p><strong>A viol\u00eancia contra a mulher \u00e9 vergonhosa<\/strong><br \/>\nE ainda sobre as mulheres, ele denuncia as situa\u00e7\u00f5es extremas que surgiram em v\u00e1rios pa\u00edses durante a pandemia. S\u00e3o muitas, demasiadas, mulheres que \u201ccontinuam clamando por liberdade, justi\u00e7a e igualdade entre todos os seres humanos\u201d, afirma o Papa. \u00c9 verdade que houve \u201cmelhorias not\u00e1veis \u200b\u200bno reconhecimento dos direitos das mulheres e na sua participa\u00e7\u00e3o no espa\u00e7o p\u00fablico\u201d, mas ainda h\u00e1 muito a ser feito, pois \u201ccostumes inaceit\u00e1veis \u200b\u200bainda n\u00e3o foram completamente erradicados\u201d. Em primeiro lugar, a \u201cviol\u00eancia vergonhosa\u201d que resulta em maus-tratos familiares, escravid\u00e3o ou na \u201cdesigualdade de acesso a empregos dignos e aos locais onde se tomam decis\u00f5es\u201d.<\/p>\n<p><strong>Apoiar sistemas de prote\u00e7\u00e3o social<\/strong><br \/>\nCom vigor, o Papa Francisco pede o apoio e a amplia\u00e7\u00e3o dos sistemas de prote\u00e7\u00e3o social, \u201cque por sua vez enfrentam riscos importantes\u201d, para que possam garantir o acesso aos servi\u00e7os de sa\u00fade, alimenta\u00e7\u00e3o e necessidades humanas b\u00e1sicas.<\/p>\n<p><strong>O direito de sindicaliza\u00e7\u00e3o<\/strong><br \/>\nO Papa tamb\u00e9m pede para que seja garantido o respeito dos direitos fundamentais dos trabalhadores, incluindo o da sindicaliza\u00e7\u00e3o: &#8220;A ades\u00e3o a um sindicato \u00e9 um direito. A crise da Covid-19 j\u00e1 afetou os mais vulner\u00e1veis e eles n\u00e3o devem ser afetados negativamente por medidas a fim de acelerar uma retomada que se concentre unicamente nos indicadores econ\u00f4micos&#8221;.<\/p>\n<p><strong>O v\u00edrus da indiferen\u00e7a ego\u00edsta<\/strong><br \/>\nPara o Papa, &#8220;uma profunda reforma da economia&#8221; \u00e9 urgente e necess\u00e1ria, porque &#8220;uma sociedade n\u00e3o pode progredir descartando&#8221;. O risco \u00e9 o de &#8220;ser atacado por um v\u00edrus ainda pior que a Covid-19: o da indiferen\u00e7a ego\u00edsta&#8221;.<\/p>\n<p>\u201cEste v\u00edrus se propaga ao pensar que a vida \u00e9 melhor se for melhor para mim, e que tudo est\u00e1 bem se estiver bem para mim. Assim come\u00e7amos e terminamos selecionando uma pessoa ao inv\u00e9s de outra, descartando os pobres, sacrificando aqueles que ficaram para tr\u00e1s no chamado &#8220;altar do progresso&#8221;. \u00c9 uma verdadeira din\u00e2mica elitista, de constitui\u00e7\u00e3o de novas elites ao pre\u00e7o do descarte de muitas pessoas e povos.\u201d<\/p>\n<p>Em vez disso, a pandemia mostrou que &#8220;n\u00e3o h\u00e1 diferen\u00e7as ou confins entre os que sofrem. Somos todos fr\u00e1geis e, ao mesmo tempo, todos de grande valor. Que nos estreme\u00e7a profundamente o que est\u00e1 acontecendo ao nosso redor. Chegou o momento de eliminar as desigualdades, de curar a injusti\u00e7a que est\u00e1 minando a sa\u00fade de toda a fam\u00edlia humana&#8221;.<\/p>\n<p><strong>Pio XI e a Grande Depress\u00e3o<\/strong><br \/>\nLembrando a crise de Wall Street e a Grande Depress\u00e3o, em 1931, quando Pio XI falou contra a assimetria entre trabalhadores e empres\u00e1rios, Francisco tamb\u00e9m pede prote\u00e7\u00e3o para os trabalhadores &#8220;do jogo da desregulamenta\u00e7\u00e3o&#8221;. Ele espera que as normas jur\u00eddicas sejam orientadas &#8220;para o crescimento do emprego, do trabalho digno e dos direitos e deveres da pessoa humana&#8221;.<\/p>\n<p><strong>Um trabalho que cuida<\/strong><br \/>\nO Pont\u00edfice n\u00e3o esquece os trabalhadores dos chamados empregos &#8220;n\u00e3o standard&#8221;, sem prote\u00e7\u00e3o social e particularmente vulner\u00e1veis. Para eles, como para todos, uma \u00fanica e simples a\u00e7\u00e3o \u00e9 necess\u00e1ria: &#8220;Cuidado&#8221;.<\/p>\n<p>\u201cO trabalho que n\u00e3o cuida, que destr\u00f3i a Cria\u00e7\u00e3o, que p\u00f5e em perigo a sobreviv\u00eancia das gera\u00e7\u00f5es futuras e n\u00e3o respeita a dignidade dos trabalhadores n\u00e3o pode ser considerado digno. Ao contr\u00e1rio, o trabalho que se preocupa, contribui para a restaura\u00e7\u00e3o da plena dignidade humana, ajudar\u00e1 a garantir um futuro sustent\u00e1vel para as gera\u00e7\u00f5es futuras.\u201d<\/p>\n<p><strong>Libertar-se da heran\u00e7a do Iluminismo<\/strong><br \/>\nToda empresa deve se perguntar cotidianamente &#8220;se ela cuida de seus trabalhadores&#8221;, diz Francisco. E junto com o cuidado, ele fala da cultura, ou melhor, das muitas culturas do mundo, come\u00e7ando pelas ind\u00edgenas ou populares, muitas vezes marginalizadas, que se, em vez disso, se entrela\u00e7assem, levariam ao enriquecimento.<\/p>\n<p>\u201cAcredito que \u00e9 hora de finalmente nos livrarmos da heran\u00e7a do Iluminismo, que associou a palavra cultura a um certo tipo de forma\u00e7\u00e3o intelectual e perten\u00e7a social. Cada povo tem sua pr\u00f3pria cultura e n\u00f3s devemos aceit\u00e1-la como ela \u00e9.\u201d<\/p>\n<p>Da\u00ed, novamente, um convite para &#8220;enfrentar os efeitos destruidores do imp\u00e9rio do dinheiro&#8221;.<\/p>\n<p><strong>Apelo aos pol\u00edticos, sindicalistas e empres\u00e1rios<\/strong><br \/>\nNo final da mensagem de v\u00eddeo, o Papa Francisco se dirige a cada um dos &#8220;atores institucionalizados do mundo do trabalho&#8221; que poderiam favorecer as mudan\u00e7as j\u00e1 em andamento: &#8220;A sua responsabilidade \u00e9 grande, mas o bem que voc\u00ea pode alcan\u00e7ar \u00e9 ainda maior&#8221;. Em seguida, ele fala aos pol\u00edticos e governantes, pedindo-lhes que se inspirem &#8220;naquela forma de amor que \u00e9 a caridade pol\u00edtica&#8221;; fala aos sindicalistas e l\u00edderes de associa\u00e7\u00f5es de trabalhadores, advertindo-os contra a corrup\u00e7\u00e3o e exortando-os &#8220;a n\u00e3o se deixarem fechar numa camisa de for\u00e7a&#8221;, mas &#8220;a se concentrarem nas situa\u00e7\u00f5es concretas dos bairros e comunidades em que trabalham&#8221;. Ele fala, por fim, aos empres\u00e1rios que t\u00eam a voca\u00e7\u00e3o de &#8220;produzir riqueza a servi\u00e7o de todos&#8221; atrav\u00e9s da cria\u00e7\u00e3o de oportunidades de trabalho diversificadas.<\/p>\n<p>Propriedade privada, um direito secund\u00e1rio<br \/>\nA eles, o Pont\u00edfice lembra, como j\u00e1 mencionado na Enc\u00edclica Fratelli Tutti, que &#8220;junto com o direito da propriedade privada, existe o direito priorit\u00e1rio e precedente da subordina\u00e7\u00e3o de toda propriedade privada ao destino universal dos bens da terra e, portanto, o direito de todos ao seu uso&#8221;. A propriedade privada, reitera o Papa, &#8220;\u00e9 um direito secund\u00e1rio&#8221;, dependente do &#8220;direito prim\u00e1rio, que \u00e9 o destino universal dos bens&#8221;.<\/p>\n<hr \/>\n<p><em>Fonte: Vatican News (texto de Salvatore Cernuzio\/Mariangela Jaguraba)<\/em><\/p>\n","protected":false},"excerpt":{"rendered":"<p>Mensagem do Papa Francisco<\/p>\n","protected":false},"author":3,"featured_media":232541,"comment_status":"open","ping_status":"open","sticky":false,"template":"","format":"standard","meta":[],"categories":[1428],"tags":[55],"acf":[],"yoast_head":"<!-- This site is optimized with the Yoast SEO plugin v19.2 - https:\/\/yoast.com\/wordpress\/plugins\/seo\/ -->\n<title>Papa Francisco pede &quot;profunda reforma&quot; da economia - Not\u00edcias - Franciscanos<\/title>\n<meta name=\"robots\" content=\"index, follow, max-snippet:-1, max-image-preview:large, max-video-preview:-1\" \/>\n<link rel=\"canonical\" href=\"https:\/\/franciscanos.org.br\/noticias\/papa-francisco-pede-profunda-reforma-da-economia.html\" \/>\n<meta property=\"og:locale\" content=\"pt_BR\" \/>\n<meta property=\"og:type\" content=\"article\" \/>\n<meta property=\"og:title\" content=\"Papa Francisco pede &quot;profunda reforma&quot; da economia - Not\u00edcias - Franciscanos\" \/>\n<meta property=\"og:description\" content=\"Mensagem do Papa Francisco\" \/>\n<meta property=\"og:url\" content=\"https:\/\/franciscanos.org.br\/noticias\/papa-francisco-pede-profunda-reforma-da-economia.html\" \/>\n<meta property=\"og:site_name\" content=\"Not\u00edcias - Franciscanos\" \/>\n<meta property=\"article:published_time\" content=\"2021-06-18T09:59:50+00:00\" \/>\n<meta property=\"article:modified_time\" content=\"2021-06-18T10:00:25+00:00\" \/>\n<meta property=\"og:image\" content=\"https:\/\/franciscanos.org.br\/noticias\/wp-content\/uploads\/2021\/06\/papa_18d.jpg\" \/>\n\t<meta property=\"og:image:width\" content=\"800\" \/>\n\t<meta property=\"og:image:height\" content=\"550\" \/>\n\t<meta property=\"og:image:type\" content=\"image\/jpeg\" \/>\n<meta name=\"author\" content=\"moacir\" \/>\n<meta name=\"twitter:card\" content=\"summary_large_image\" \/>\n<meta name=\"twitter:label1\" content=\"Escrito por\" \/>\n\t<meta name=\"twitter:data1\" content=\"moacir\" \/>\n\t<meta name=\"twitter:label2\" content=\"Est. tempo de leitura\" \/>\n\t<meta name=\"twitter:data2\" content=\"9 minutos\" \/>\n<script type=\"application\/ld+json\" class=\"yoast-schema-graph\">{\"@context\":\"https:\/\/schema.org\",\"@graph\":[{\"@type\":\"WebSite\",\"@id\":\"https:\/\/franciscanos.org.br\/noticias\/#website\",\"url\":\"https:\/\/franciscanos.org.br\/noticias\/\",\"name\":\"Not\u00edcias - Franciscanos\",\"description\":\"Prov\u00edncia Franciscana da Imaculada Concei\u00e7\u00e3o do Brasil - Ordem dos Frades Menores - OFM\",\"potentialAction\":[{\"@type\":\"SearchAction\",\"target\":{\"@type\":\"EntryPoint\",\"urlTemplate\":\"https:\/\/franciscanos.org.br\/noticias\/?s={search_term_string}\"},\"query-input\":\"required name=search_term_string\"}],\"inLanguage\":\"pt-BR\"},{\"@type\":\"ImageObject\",\"inLanguage\":\"pt-BR\",\"@id\":\"https:\/\/franciscanos.org.br\/noticias\/papa-francisco-pede-profunda-reforma-da-economia.html#primaryimage\",\"url\":\"https:\/\/franciscanos.org.br\/noticias\/wp-content\/uploads\/2021\/06\/papa_18d.jpg\",\"contentUrl\":\"https:\/\/franciscanos.org.br\/noticias\/wp-content\/uploads\/2021\/06\/papa_18d.jpg\",\"width\":800,\"height\":550},{\"@type\":\"WebPage\",\"@id\":\"https:\/\/franciscanos.org.br\/noticias\/papa-francisco-pede-profunda-reforma-da-economia.html#webpage\",\"url\":\"https:\/\/franciscanos.org.br\/noticias\/papa-francisco-pede-profunda-reforma-da-economia.html\",\"name\":\"Papa Francisco pede \\\"profunda reforma\\\" da economia - Not\u00edcias - Franciscanos\",\"isPartOf\":{\"@id\":\"https:\/\/franciscanos.org.br\/noticias\/#website\"},\"primaryImageOfPage\":{\"@id\":\"https:\/\/franciscanos.org.br\/noticias\/papa-francisco-pede-profunda-reforma-da-economia.html#primaryimage\"},\"datePublished\":\"2021-06-18T09:59:50+00:00\",\"dateModified\":\"2021-06-18T10:00:25+00:00\",\"author\":{\"@id\":\"https:\/\/franciscanos.org.br\/noticias\/#\/schema\/person\/b5c8cba458c330ccff548b056e95a5d4\"},\"breadcrumb\":{\"@id\":\"https:\/\/franciscanos.org.br\/noticias\/papa-francisco-pede-profunda-reforma-da-economia.html#breadcrumb\"},\"inLanguage\":\"pt-BR\",\"potentialAction\":[{\"@type\":\"ReadAction\",\"target\":[\"https:\/\/franciscanos.org.br\/noticias\/papa-francisco-pede-profunda-reforma-da-economia.html\"]}]},{\"@type\":\"BreadcrumbList\",\"@id\":\"https:\/\/franciscanos.org.br\/noticias\/papa-francisco-pede-profunda-reforma-da-economia.html#breadcrumb\",\"itemListElement\":[{\"@type\":\"ListItem\",\"position\":1,\"name\":\"Home\",\"item\":\"https:\/\/franciscanos.org.br\/noticias\"},{\"@type\":\"ListItem\",\"position\":2,\"name\":\"Papa Francisco pede &#8220;profunda reforma&#8221; da economia\"}]},{\"@type\":\"Person\",\"@id\":\"https:\/\/franciscanos.org.br\/noticias\/#\/schema\/person\/b5c8cba458c330ccff548b056e95a5d4\",\"name\":\"moacir\",\"image\":{\"@type\":\"ImageObject\",\"inLanguage\":\"pt-BR\",\"@id\":\"https:\/\/franciscanos.org.br\/noticias\/#\/schema\/person\/image\/\",\"url\":\"https:\/\/secure.gravatar.com\/avatar\/d08aa2ce4c8dd416d4479aa8536fcf64?s=96&d=mm&r=g\",\"contentUrl\":\"https:\/\/secure.gravatar.com\/avatar\/d08aa2ce4c8dd416d4479aa8536fcf64?s=96&d=mm&r=g\",\"caption\":\"moacir\"},\"url\":\"https:\/\/franciscanos.org.br\/noticias\/author\/moacir\"}]}<\/script>\n<!-- \/ Yoast SEO plugin. -->","yoast_head_json":{"title":"Papa Francisco pede \"profunda reforma\" da economia - Not\u00edcias - Franciscanos","robots":{"index":"index","follow":"follow","max-snippet":"max-snippet:-1","max-image-preview":"max-image-preview:large","max-video-preview":"max-video-preview:-1"},"canonical":"https:\/\/franciscanos.org.br\/noticias\/papa-francisco-pede-profunda-reforma-da-economia.html","og_locale":"pt_BR","og_type":"article","og_title":"Papa Francisco pede \"profunda reforma\" da economia - Not\u00edcias - Franciscanos","og_description":"Mensagem do Papa Francisco","og_url":"https:\/\/franciscanos.org.br\/noticias\/papa-francisco-pede-profunda-reforma-da-economia.html","og_site_name":"Not\u00edcias - Franciscanos","article_published_time":"2021-06-18T09:59:50+00:00","article_modified_time":"2021-06-18T10:00:25+00:00","og_image":[{"width":800,"height":550,"url":"https:\/\/franciscanos.org.br\/noticias\/wp-content\/uploads\/2021\/06\/papa_18d.jpg","type":"image\/jpeg"}],"author":"moacir","twitter_card":"summary_large_image","twitter_misc":{"Escrito por":"moacir","Est. tempo de leitura":"9 minutos"},"schema":{"@context":"https:\/\/schema.org","@graph":[{"@type":"WebSite","@id":"https:\/\/franciscanos.org.br\/noticias\/#website","url":"https:\/\/franciscanos.org.br\/noticias\/","name":"Not\u00edcias - Franciscanos","description":"Prov\u00edncia Franciscana da Imaculada Concei\u00e7\u00e3o do Brasil - Ordem dos Frades Menores - OFM","potentialAction":[{"@type":"SearchAction","target":{"@type":"EntryPoint","urlTemplate":"https:\/\/franciscanos.org.br\/noticias\/?s={search_term_string}"},"query-input":"required name=search_term_string"}],"inLanguage":"pt-BR"},{"@type":"ImageObject","inLanguage":"pt-BR","@id":"https:\/\/franciscanos.org.br\/noticias\/papa-francisco-pede-profunda-reforma-da-economia.html#primaryimage","url":"https:\/\/franciscanos.org.br\/noticias\/wp-content\/uploads\/2021\/06\/papa_18d.jpg","contentUrl":"https:\/\/franciscanos.org.br\/noticias\/wp-content\/uploads\/2021\/06\/papa_18d.jpg","width":800,"height":550},{"@type":"WebPage","@id":"https:\/\/franciscanos.org.br\/noticias\/papa-francisco-pede-profunda-reforma-da-economia.html#webpage","url":"https:\/\/franciscanos.org.br\/noticias\/papa-francisco-pede-profunda-reforma-da-economia.html","name":"Papa Francisco pede \"profunda reforma\" da economia - Not\u00edcias - Franciscanos","isPartOf":{"@id":"https:\/\/franciscanos.org.br\/noticias\/#website"},"primaryImageOfPage":{"@id":"https:\/\/franciscanos.org.br\/noticias\/papa-francisco-pede-profunda-reforma-da-economia.html#primaryimage"},"datePublished":"2021-06-18T09:59:50+00:00","dateModified":"2021-06-18T10:00:25+00:00","author":{"@id":"https:\/\/franciscanos.org.br\/noticias\/#\/schema\/person\/b5c8cba458c330ccff548b056e95a5d4"},"breadcrumb":{"@id":"https:\/\/franciscanos.org.br\/noticias\/papa-francisco-pede-profunda-reforma-da-economia.html#breadcrumb"},"inLanguage":"pt-BR","potentialAction":[{"@type":"ReadAction","target":["https:\/\/franciscanos.org.br\/noticias\/papa-francisco-pede-profunda-reforma-da-economia.html"]}]},{"@type":"BreadcrumbList","@id":"https:\/\/franciscanos.org.br\/noticias\/papa-francisco-pede-profunda-reforma-da-economia.html#breadcrumb","itemListElement":[{"@type":"ListItem","position":1,"name":"Home","item":"https:\/\/franciscanos.org.br\/noticias"},{"@type":"ListItem","position":2,"name":"Papa Francisco pede &#8220;profunda reforma&#8221; da economia"}]},{"@type":"Person","@id":"https:\/\/franciscanos.org.br\/noticias\/#\/schema\/person\/b5c8cba458c330ccff548b056e95a5d4","name":"moacir","image":{"@type":"ImageObject","inLanguage":"pt-BR","@id":"https:\/\/franciscanos.org.br\/noticias\/#\/schema\/person\/image\/","url":"https:\/\/secure.gravatar.com\/avatar\/d08aa2ce4c8dd416d4479aa8536fcf64?s=96&d=mm&r=g","contentUrl":"https:\/\/secure.gravatar.com\/avatar\/d08aa2ce4c8dd416d4479aa8536fcf64?s=96&d=mm&r=g","caption":"moacir"},"url":"https:\/\/franciscanos.org.br\/noticias\/author\/moacir"}]}},"_links":{"self":[{"href":"https:\/\/franciscanos.org.br\/noticias\/wp-json\/wp\/v2\/posts\/232539"}],"collection":[{"href":"https:\/\/franciscanos.org.br\/noticias\/wp-json\/wp\/v2\/posts"}],"about":[{"href":"https:\/\/franciscanos.org.br\/noticias\/wp-json\/wp\/v2\/types\/post"}],"author":[{"embeddable":true,"href":"https:\/\/franciscanos.org.br\/noticias\/wp-json\/wp\/v2\/users\/3"}],"replies":[{"embeddable":true,"href":"https:\/\/franciscanos.org.br\/noticias\/wp-json\/wp\/v2\/comments?post=232539"}],"version-history":[{"count":2,"href":"https:\/\/franciscanos.org.br\/noticias\/wp-json\/wp\/v2\/posts\/232539\/revisions"}],"predecessor-version":[{"id":232543,"href":"https:\/\/franciscanos.org.br\/noticias\/wp-json\/wp\/v2\/posts\/232539\/revisions\/232543"}],"wp:featuredmedia":[{"embeddable":true,"href":"https:\/\/franciscanos.org.br\/noticias\/wp-json\/wp\/v2\/media\/232541"}],"wp:attachment":[{"href":"https:\/\/franciscanos.org.br\/noticias\/wp-json\/wp\/v2\/media?parent=232539"}],"wp:term":[{"taxonomy":"category","embeddable":true,"href":"https:\/\/franciscanos.org.br\/noticias\/wp-json\/wp\/v2\/categories?post=232539"},{"taxonomy":"post_tag","embeddable":true,"href":"https:\/\/franciscanos.org.br\/noticias\/wp-json\/wp\/v2\/tags?post=232539"}],"curies":[{"name":"wp","href":"https:\/\/api.w.org\/{rel}","templated":true}]}}