{"id":232529,"date":"2021-06-16T09:43:36","date_gmt":"2021-06-16T12:43:36","guid":{"rendered":"https:\/\/franciscanos.org.br\/noticias\/?p=232529"},"modified":"2021-06-16T09:46:13","modified_gmt":"2021-06-16T12:46:13","slug":"usf-assina-acordo-de-cooperacao-com-o-ministerio-publico-de-braganca-paulista","status":"publish","type":"post","link":"https:\/\/franciscanos.org.br\/noticias\/usf-assina-acordo-de-cooperacao-com-o-ministerio-publico-de-braganca-paulista.html","title":{"rendered":"USF assina acordo de coopera\u00e7\u00e3o com o Minist\u00e9rio P\u00fablico de Bragan\u00e7a Paulista"},"content":{"rendered":"<p><img loading=\"lazy\" class=\"alignnone wp-image-232531 size-full\" src=\"https:\/\/franciscanos.org.br\/noticias\/wp-content\/uploads\/2021\/06\/usf_16.png\" alt=\"\" width=\"1280\" height=\"531\" srcset=\"https:\/\/franciscanos.org.br\/noticias\/wp-content\/uploads\/2021\/06\/usf_16.png 1280w, https:\/\/franciscanos.org.br\/noticias\/wp-content\/uploads\/2021\/06\/usf_16-450x187.png 450w, https:\/\/franciscanos.org.br\/noticias\/wp-content\/uploads\/2021\/06\/usf_16-1024x425.png 1024w, https:\/\/franciscanos.org.br\/noticias\/wp-content\/uploads\/2021\/06\/usf_16-768x319.png 768w, https:\/\/franciscanos.org.br\/noticias\/wp-content\/uploads\/2021\/06\/usf_16-150x62.png 150w\" sizes=\"(max-width: 1280px) 100vw, 1280px\" \/><\/p>\n<p>A Universidade S\u00e3o Francisco (USF) assinou um acordo de coopera\u00e7\u00e3o com a Procuradoria da Rep\u00fablica no Munic\u00edpio de Bragan\u00e7a Paulista (PRM\/BP) no sentido de oportunizar aos estudantes do curso de Direito cen\u00e1rios de est\u00e1gio.<\/p>\n<p>O termo de coopera\u00e7\u00e3o ir\u00e1 contribuir como mais uma ferramenta de contato direto dos acad\u00eamicos do Curso de Direito com a pr\u00e1tica real e exerc\u00edcio da advocacia, atrav\u00e9s da atua\u00e7\u00e3o do N\u00facleo de Pr\u00e1tica Jur\u00eddica e Assist\u00eancia Jur\u00eddica Universit\u00e1ria, nos Acordos de n\u00e3o Persecu\u00e7\u00e3o Penal propostos pelo Minist\u00e9rio P\u00fablico Federal, aos hipossuficientes.<\/p>\n<p>Participaram da assinatura representantes da reitoria, docentes e o Procurador da Rep\u00fablica e docente da USF, Ricardo Nakahira. \u201cComo Universidade \u00e9 nosso compromisso auxiliar o poder judici\u00e1rio e a comunidade em nosso entorno\u201d, ressaltou o Vice-Reitor, Frei Thiago Alexandre Hayakawa.<\/p>\n<p>O coordenador do Curso de Direito, professor Celio Stigert destacou o fato que o acordo contribuir\u00e1 para a forma\u00e7\u00e3o dos estudantes. \u201cA assinatura do termo proporcionar\u00e1 aos estudantes oportunidades de acompanhar atividades reais no \u00e2mbito jur\u00eddico, al\u00e9m de beneficiar o munic\u00edpio de Bragan\u00e7a Paulista\u201d, disse o professor.<\/p>\n<p>Para o Pr\u00f3-Reitor de Ensino, Pesquisa e Extens\u00e3o, professor Dilnei Lorenzi, \u201c o acordo de coopera\u00e7\u00e3o com PRM\/BP permitir\u00e1 est\u00e1gios e experi\u00eancias diferenciadas durante a forma\u00e7\u00e3o na gradua\u00e7\u00e3o, melhorando de forma cont\u00ednua a prepara\u00e7\u00e3o para atuar no mercado de trabalho\u201d.<\/p>\n<hr \/>\n<p><em>Ana Paula Moreira<\/em><\/p>\n","protected":false},"excerpt":{"rendered":"<p>Universidade S\u00e3o Francisco<\/p>\n","protected":false},"author":3,"featured_media":232530,"comment_status":"open","ping_status":"open","sticky":false,"template":"","format":"standard","meta":[],"categories":[1],"tags":[354],"acf":[],"yoast_head":"<!-- This site is optimized with the Yoast SEO plugin v19.2 - https:\/\/yoast.com\/wordpress\/plugins\/seo\/ -->\n<title>USF assina acordo de coopera\u00e7\u00e3o com o Minist\u00e9rio P\u00fablico de Bragan\u00e7a Paulista - Not\u00edcias - Franciscanos<\/title>\n<meta name=\"robots\" content=\"index, follow, max-snippet:-1, max-image-preview:large, max-video-preview:-1\" \/>\n<link rel=\"canonical\" href=\"https:\/\/franciscanos.org.br\/noticias\/usf-assina-acordo-de-cooperacao-com-o-ministerio-publico-de-braganca-paulista.html\" \/>\n<meta property=\"og:locale\" content=\"pt_BR\" \/>\n<meta property=\"og:type\" content=\"article\" \/>\n<meta property=\"og:title\" content=\"USF assina acordo de coopera\u00e7\u00e3o com o Minist\u00e9rio P\u00fablico de Bragan\u00e7a Paulista - Not\u00edcias - Franciscanos\" \/>\n<meta property=\"og:description\" content=\"Universidade S\u00e3o Francisco\" \/>\n<meta property=\"og:url\" content=\"https:\/\/franciscanos.org.br\/noticias\/usf-assina-acordo-de-cooperacao-com-o-ministerio-publico-de-braganca-paulista.html\" \/>\n<meta property=\"og:site_name\" content=\"Not\u00edcias - Franciscanos\" \/>\n<meta property=\"article:published_time\" content=\"2021-06-16T12:43:36+00:00\" \/>\n<meta property=\"article:modified_time\" content=\"2021-06-16T12:46:13+00:00\" \/>\n<meta property=\"og:image\" content=\"https:\/\/franciscanos.org.br\/noticias\/wp-content\/uploads\/2021\/06\/usf_16d.png\" \/>\n\t<meta property=\"og:image:width\" content=\"772\" \/>\n\t<meta property=\"og:image:height\" content=\"531\" \/>\n\t<meta property=\"og:image:type\" content=\"image\/png\" \/>\n<meta name=\"author\" content=\"moacir\" \/>\n<meta name=\"twitter:card\" content=\"summary_large_image\" \/>\n<meta name=\"twitter:label1\" content=\"Escrito por\" \/>\n\t<meta name=\"twitter:data1\" content=\"moacir\" \/>\n\t<meta name=\"twitter:label2\" content=\"Est. tempo de leitura\" \/>\n\t<meta name=\"twitter:data2\" content=\"1 minuto\" \/>\n<script type=\"application\/ld+json\" class=\"yoast-schema-graph\">{\"@context\":\"https:\/\/schema.org\",\"@graph\":[{\"@type\":\"WebSite\",\"@id\":\"https:\/\/franciscanos.org.br\/noticias\/#website\",\"url\":\"https:\/\/franciscanos.org.br\/noticias\/\",\"name\":\"Not\u00edcias - Franciscanos\",\"description\":\"Prov\u00edncia Franciscana da Imaculada Concei\u00e7\u00e3o do Brasil - Ordem dos Frades Menores - OFM\",\"potentialAction\":[{\"@type\":\"SearchAction\",\"target\":{\"@type\":\"EntryPoint\",\"urlTemplate\":\"https:\/\/franciscanos.org.br\/noticias\/?s={search_term_string}\"},\"query-input\":\"required name=search_term_string\"}],\"inLanguage\":\"pt-BR\"},{\"@type\":\"ImageObject\",\"inLanguage\":\"pt-BR\",\"@id\":\"https:\/\/franciscanos.org.br\/noticias\/usf-assina-acordo-de-cooperacao-com-o-ministerio-publico-de-braganca-paulista.html#primaryimage\",\"url\":\"https:\/\/franciscanos.org.br\/noticias\/wp-content\/uploads\/2021\/06\/usf_16d.png\",\"contentUrl\":\"https:\/\/franciscanos.org.br\/noticias\/wp-content\/uploads\/2021\/06\/usf_16d.png\",\"width\":772,\"height\":531},{\"@type\":\"WebPage\",\"@id\":\"https:\/\/franciscanos.org.br\/noticias\/usf-assina-acordo-de-cooperacao-com-o-ministerio-publico-de-braganca-paulista.html#webpage\",\"url\":\"https:\/\/franciscanos.org.br\/noticias\/usf-assina-acordo-de-cooperacao-com-o-ministerio-publico-de-braganca-paulista.html\",\"name\":\"USF assina acordo de coopera\u00e7\u00e3o com o Minist\u00e9rio P\u00fablico de Bragan\u00e7a Paulista - Not\u00edcias - Franciscanos\",\"isPartOf\":{\"@id\":\"https:\/\/franciscanos.org.br\/noticias\/#website\"},\"primaryImageOfPage\":{\"@id\":\"https:\/\/franciscanos.org.br\/noticias\/usf-assina-acordo-de-cooperacao-com-o-ministerio-publico-de-braganca-paulista.html#primaryimage\"},\"datePublished\":\"2021-06-16T12:43:36+00:00\",\"dateModified\":\"2021-06-16T12:46:13+00:00\",\"author\":{\"@id\":\"https:\/\/franciscanos.org.br\/noticias\/#\/schema\/person\/b5c8cba458c330ccff548b056e95a5d4\"},\"breadcrumb\":{\"@id\":\"https:\/\/franciscanos.org.br\/noticias\/usf-assina-acordo-de-cooperacao-com-o-ministerio-publico-de-braganca-paulista.html#breadcrumb\"},\"inLanguage\":\"pt-BR\",\"potentialAction\":[{\"@type\":\"ReadAction\",\"target\":[\"https:\/\/franciscanos.org.br\/noticias\/usf-assina-acordo-de-cooperacao-com-o-ministerio-publico-de-braganca-paulista.html\"]}]},{\"@type\":\"BreadcrumbList\",\"@id\":\"https:\/\/franciscanos.org.br\/noticias\/usf-assina-acordo-de-cooperacao-com-o-ministerio-publico-de-braganca-paulista.html#breadcrumb\",\"itemListElement\":[{\"@type\":\"ListItem\",\"position\":1,\"name\":\"Home\",\"item\":\"https:\/\/franciscanos.org.br\/noticias\"},{\"@type\":\"ListItem\",\"position\":2,\"name\":\"USF assina acordo de coopera\u00e7\u00e3o com o Minist\u00e9rio P\u00fablico de Bragan\u00e7a Paulista\"}]},{\"@type\":\"Person\",\"@id\":\"https:\/\/franciscanos.org.br\/noticias\/#\/schema\/person\/b5c8cba458c330ccff548b056e95a5d4\",\"name\":\"moacir\",\"image\":{\"@type\":\"ImageObject\",\"inLanguage\":\"pt-BR\",\"@id\":\"https:\/\/franciscanos.org.br\/noticias\/#\/schema\/person\/image\/\",\"url\":\"https:\/\/secure.gravatar.com\/avatar\/d08aa2ce4c8dd416d4479aa8536fcf64?s=96&d=mm&r=g\",\"contentUrl\":\"https:\/\/secure.gravatar.com\/avatar\/d08aa2ce4c8dd416d4479aa8536fcf64?s=96&d=mm&r=g\",\"caption\":\"moacir\"},\"url\":\"https:\/\/franciscanos.org.br\/noticias\/author\/moacir\"}]}<\/script>\n<!-- \/ Yoast SEO plugin. -->","yoast_head_json":{"title":"USF assina acordo de coopera\u00e7\u00e3o com o Minist\u00e9rio P\u00fablico de Bragan\u00e7a Paulista - Not\u00edcias - Franciscanos","robots":{"index":"index","follow":"follow","max-snippet":"max-snippet:-1","max-image-preview":"max-image-preview:large","max-video-preview":"max-video-preview:-1"},"canonical":"https:\/\/franciscanos.org.br\/noticias\/usf-assina-acordo-de-cooperacao-com-o-ministerio-publico-de-braganca-paulista.html","og_locale":"pt_BR","og_type":"article","og_title":"USF assina acordo de coopera\u00e7\u00e3o com o Minist\u00e9rio P\u00fablico de Bragan\u00e7a Paulista - Not\u00edcias - Franciscanos","og_description":"Universidade S\u00e3o Francisco","og_url":"https:\/\/franciscanos.org.br\/noticias\/usf-assina-acordo-de-cooperacao-com-o-ministerio-publico-de-braganca-paulista.html","og_site_name":"Not\u00edcias - Franciscanos","article_published_time":"2021-06-16T12:43:36+00:00","article_modified_time":"2021-06-16T12:46:13+00:00","og_image":[{"width":772,"height":531,"url":"https:\/\/franciscanos.org.br\/noticias\/wp-content\/uploads\/2021\/06\/usf_16d.png","type":"image\/png"}],"author":"moacir","twitter_card":"summary_large_image","twitter_misc":{"Escrito por":"moacir","Est. tempo de leitura":"1 minuto"},"schema":{"@context":"https:\/\/schema.org","@graph":[{"@type":"WebSite","@id":"https:\/\/franciscanos.org.br\/noticias\/#website","url":"https:\/\/franciscanos.org.br\/noticias\/","name":"Not\u00edcias - Franciscanos","description":"Prov\u00edncia Franciscana da Imaculada Concei\u00e7\u00e3o do Brasil - Ordem dos Frades Menores - OFM","potentialAction":[{"@type":"SearchAction","target":{"@type":"EntryPoint","urlTemplate":"https:\/\/franciscanos.org.br\/noticias\/?s={search_term_string}"},"query-input":"required name=search_term_string"}],"inLanguage":"pt-BR"},{"@type":"ImageObject","inLanguage":"pt-BR","@id":"https:\/\/franciscanos.org.br\/noticias\/usf-assina-acordo-de-cooperacao-com-o-ministerio-publico-de-braganca-paulista.html#primaryimage","url":"https:\/\/franciscanos.org.br\/noticias\/wp-content\/uploads\/2021\/06\/usf_16d.png","contentUrl":"https:\/\/franciscanos.org.br\/noticias\/wp-content\/uploads\/2021\/06\/usf_16d.png","width":772,"height":531},{"@type":"WebPage","@id":"https:\/\/franciscanos.org.br\/noticias\/usf-assina-acordo-de-cooperacao-com-o-ministerio-publico-de-braganca-paulista.html#webpage","url":"https:\/\/franciscanos.org.br\/noticias\/usf-assina-acordo-de-cooperacao-com-o-ministerio-publico-de-braganca-paulista.html","name":"USF assina acordo de coopera\u00e7\u00e3o com o Minist\u00e9rio P\u00fablico de Bragan\u00e7a Paulista - Not\u00edcias - Franciscanos","isPartOf":{"@id":"https:\/\/franciscanos.org.br\/noticias\/#website"},"primaryImageOfPage":{"@id":"https:\/\/franciscanos.org.br\/noticias\/usf-assina-acordo-de-cooperacao-com-o-ministerio-publico-de-braganca-paulista.html#primaryimage"},"datePublished":"2021-06-16T12:43:36+00:00","dateModified":"2021-06-16T12:46:13+00:00","author":{"@id":"https:\/\/franciscanos.org.br\/noticias\/#\/schema\/person\/b5c8cba458c330ccff548b056e95a5d4"},"breadcrumb":{"@id":"https:\/\/franciscanos.org.br\/noticias\/usf-assina-acordo-de-cooperacao-com-o-ministerio-publico-de-braganca-paulista.html#breadcrumb"},"inLanguage":"pt-BR","potentialAction":[{"@type":"ReadAction","target":["https:\/\/franciscanos.org.br\/noticias\/usf-assina-acordo-de-cooperacao-com-o-ministerio-publico-de-braganca-paulista.html"]}]},{"@type":"BreadcrumbList","@id":"https:\/\/franciscanos.org.br\/noticias\/usf-assina-acordo-de-cooperacao-com-o-ministerio-publico-de-braganca-paulista.html#breadcrumb","itemListElement":[{"@type":"ListItem","position":1,"name":"Home","item":"https:\/\/franciscanos.org.br\/noticias"},{"@type":"ListItem","position":2,"name":"USF assina acordo de coopera\u00e7\u00e3o com o Minist\u00e9rio P\u00fablico de Bragan\u00e7a Paulista"}]},{"@type":"Person","@id":"https:\/\/franciscanos.org.br\/noticias\/#\/schema\/person\/b5c8cba458c330ccff548b056e95a5d4","name":"moacir","image":{"@type":"ImageObject","inLanguage":"pt-BR","@id":"https:\/\/franciscanos.org.br\/noticias\/#\/schema\/person\/image\/","url":"https:\/\/secure.gravatar.com\/avatar\/d08aa2ce4c8dd416d4479aa8536fcf64?s=96&d=mm&r=g","contentUrl":"https:\/\/secure.gravatar.com\/avatar\/d08aa2ce4c8dd416d4479aa8536fcf64?s=96&d=mm&r=g","caption":"moacir"},"url":"https:\/\/franciscanos.org.br\/noticias\/author\/moacir"}]}},"_links":{"self":[{"href":"https:\/\/franciscanos.org.br\/noticias\/wp-json\/wp\/v2\/posts\/232529"}],"collection":[{"href":"https:\/\/franciscanos.org.br\/noticias\/wp-json\/wp\/v2\/posts"}],"about":[{"href":"https:\/\/franciscanos.org.br\/noticias\/wp-json\/wp\/v2\/types\/post"}],"author":[{"embeddable":true,"href":"https:\/\/franciscanos.org.br\/noticias\/wp-json\/wp\/v2\/users\/3"}],"replies":[{"embeddable":true,"href":"https:\/\/franciscanos.org.br\/noticias\/wp-json\/wp\/v2\/comments?post=232529"}],"version-history":[{"count":3,"href":"https:\/\/franciscanos.org.br\/noticias\/wp-json\/wp\/v2\/posts\/232529\/revisions"}],"predecessor-version":[{"id":232534,"href":"https:\/\/franciscanos.org.br\/noticias\/wp-json\/wp\/v2\/posts\/232529\/revisions\/232534"}],"wp:featuredmedia":[{"embeddable":true,"href":"https:\/\/franciscanos.org.br\/noticias\/wp-json\/wp\/v2\/media\/232530"}],"wp:attachment":[{"href":"https:\/\/franciscanos.org.br\/noticias\/wp-json\/wp\/v2\/media?parent=232529"}],"wp:term":[{"taxonomy":"category","embeddable":true,"href":"https:\/\/franciscanos.org.br\/noticias\/wp-json\/wp\/v2\/categories?post=232529"},{"taxonomy":"post_tag","embeddable":true,"href":"https:\/\/franciscanos.org.br\/noticias\/wp-json\/wp\/v2\/tags?post=232529"}],"curies":[{"name":"wp","href":"https:\/\/api.w.org\/{rel}","templated":true}]}}