{"id":232522,"date":"2021-06-16T07:39:05","date_gmt":"2021-06-16T10:39:05","guid":{"rendered":"https:\/\/franciscanos.org.br\/noticias\/?p=232522"},"modified":"2021-06-16T07:39:05","modified_gmt":"2021-06-16T10:39:05","slug":"itf-realiza-forum-de-debate-entre-professores-alunos-e-colaboradores","status":"publish","type":"post","link":"https:\/\/franciscanos.org.br\/noticias\/itf-realiza-forum-de-debate-entre-professores-alunos-e-colaboradores.html","title":{"rendered":"ITF realiza f\u00f3rum de debate entre professores, alunos e colaboradores"},"content":{"rendered":"<p><img loading=\"lazy\" class=\"alignnone wp-image-232523 size-full\" src=\"https:\/\/franciscanos.org.br\/noticias\/wp-content\/uploads\/2021\/06\/itf_16.jpg\" alt=\"\" width=\"1280\" height=\"513\" srcset=\"https:\/\/franciscanos.org.br\/noticias\/wp-content\/uploads\/2021\/06\/itf_16.jpg 1280w, https:\/\/franciscanos.org.br\/noticias\/wp-content\/uploads\/2021\/06\/itf_16-450x180.jpg 450w, https:\/\/franciscanos.org.br\/noticias\/wp-content\/uploads\/2021\/06\/itf_16-1024x410.jpg 1024w, https:\/\/franciscanos.org.br\/noticias\/wp-content\/uploads\/2021\/06\/itf_16-768x308.jpg 768w, https:\/\/franciscanos.org.br\/noticias\/wp-content\/uploads\/2021\/06\/itf_16-150x60.jpg 150w\" sizes=\"(max-width: 1280px) 100vw, 1280px\" \/><\/p>\n<p>O Instituto Teol\u00f3gico Franciscano realizou, no dia 9\/6, o F\u00f3rum de Debate, atividade de cunho acad\u00eamico, que contou com a participa\u00e7\u00e3o de docentes, discentes e funcion\u00e1rios do corpo t\u00e9cnico-administrativo. Participaram do f\u00f3rum 61 pessoas, reunidos remotamente (<em>via google meet<\/em>) para debater e apresentar quest\u00f5es pertinentes, visando a amplia\u00e7\u00e3o na oferta de cursos de extens\u00e3o e <em>lives<\/em>, com tem\u00e1ticas voltadas aos seus os alunos e ao p\u00fablico externo.<\/p>\n<p>Frei Ivo M\u00fcller, diretor do ITF, deu as boas vindas e apresentou os participantes do encontro. Na sequ\u00eancia, Hugo Musetti, secret\u00e1rio do ITF, apresentou projetos para amplia\u00e7\u00e3o dos cursos de extens\u00e3o ofertados pelo Instituto, destacando a crescente participa\u00e7\u00e3o da comunidade externa, projetando o oferecimento de mais cursos. Na sequencia, contamos com a participa\u00e7\u00e3o da Renata Bernardo, professora e pesquisadora da Universidade S\u00e3o Francisco, que apresentou o \u201cPrograma Chave\u201d, projeto desenvolvido para fornecer uma forma\u00e7\u00e3o continuada aos professores, e salientou a import\u00e2ncia da inova\u00e7\u00e3o na forma\u00e7\u00e3o e capacita\u00e7\u00e3o dos docentes. Depois disso, o Luis Guilherme, na qualidade de presidente da CPA (Comiss\u00e3o Pr\u00f3pria de Avalia\u00e7\u00e3o) apresentou os novos membros da Comiss\u00e3o e o caminho a ser pavimentado no ITF nas novas avalia\u00e7\u00f5es.<\/p>\n<p>Depois do <em>coffee break<\/em>, houve a divis\u00e3o da assembleia em grupos, que se reuniram em salas virtuais diferentes e durante meia hora, avaliaram as propostas dos novos cursos, semin\u00e1rios, eventos em forma de lives, dentre outros assuntos. Na sequencia, houve o retorno dos grupos \u00e0 plen\u00e1ria, onde os representantes de grupos puderam apresentar ricas contribui\u00e7\u00f5es, a partir dos colegiados.<\/p>\n<p>O professor Hugo fez uma aprecia\u00e7\u00e3o do f\u00f3rum, afirmando que esta iniciativa do ITF foi muito feliz, ao abrir o espa\u00e7o da discuss\u00e3o a todos os segmentos da institui\u00e7\u00e3o, parabenizando a institui\u00e7\u00e3o pelo evento. Frei Ivo considerou ainda que o F\u00f3rum alcan\u00e7ou a sua finalidade, sendo assim um espa\u00e7o fecundo ao fomento de novas sugest\u00f5es, alargando o espa\u00e7o do ITT, al\u00e9m do curso de gradua\u00e7\u00e3o. Com criatividade, sobretudo no tempo da pandemia, os novos cursos projetados e colocados na programa\u00e7\u00e3o de seu portf\u00f3lio, conseguiremos chegar aos novos interlocutores, que se encontram em outros rinc\u00f5es, muito al\u00e9m dos cursos ministrados presencialmente.<\/p>\n<p><em>*Igor J\u00falio Fernandes \/ Frei Ivo M\u00fcller, OFM.<\/em><\/p>\n","protected":false},"excerpt":{"rendered":"<p>Instituto Teol\u00f3gico Franciscano<\/p>\n","protected":false},"author":3,"featured_media":232524,"comment_status":"open","ping_status":"open","sticky":false,"template":"","format":"standard","meta":[],"categories":[1],"tags":[189],"acf":[],"yoast_head":"<!-- This site is optimized with the Yoast SEO plugin v19.2 - https:\/\/yoast.com\/wordpress\/plugins\/seo\/ -->\n<title>ITF realiza f\u00f3rum de debate entre professores, alunos e colaboradores - Not\u00edcias - Franciscanos<\/title>\n<meta name=\"robots\" content=\"index, follow, max-snippet:-1, max-image-preview:large, max-video-preview:-1\" \/>\n<link rel=\"canonical\" href=\"https:\/\/franciscanos.org.br\/noticias\/itf-realiza-forum-de-debate-entre-professores-alunos-e-colaboradores.html\" \/>\n<meta property=\"og:locale\" content=\"pt_BR\" \/>\n<meta property=\"og:type\" content=\"article\" \/>\n<meta property=\"og:title\" content=\"ITF realiza f\u00f3rum de debate entre professores, alunos e colaboradores - Not\u00edcias - Franciscanos\" \/>\n<meta property=\"og:description\" content=\"Instituto Teol\u00f3gico Franciscano\" \/>\n<meta property=\"og:url\" content=\"https:\/\/franciscanos.org.br\/noticias\/itf-realiza-forum-de-debate-entre-professores-alunos-e-colaboradores.html\" \/>\n<meta property=\"og:site_name\" content=\"Not\u00edcias - Franciscanos\" \/>\n<meta property=\"article:published_time\" content=\"2021-06-16T10:39:05+00:00\" \/>\n<meta property=\"og:image\" content=\"https:\/\/franciscanos.org.br\/noticias\/wp-content\/uploads\/2021\/06\/itf_16d.jpg\" \/>\n\t<meta property=\"og:image:width\" content=\"800\" \/>\n\t<meta property=\"og:image:height\" content=\"500\" \/>\n\t<meta property=\"og:image:type\" content=\"image\/jpeg\" \/>\n<meta name=\"author\" content=\"moacir\" \/>\n<meta name=\"twitter:card\" content=\"summary_large_image\" \/>\n<meta name=\"twitter:label1\" content=\"Escrito por\" \/>\n\t<meta name=\"twitter:data1\" content=\"moacir\" \/>\n\t<meta name=\"twitter:label2\" content=\"Est. tempo de leitura\" \/>\n\t<meta name=\"twitter:data2\" content=\"2 minutos\" \/>\n<script type=\"application\/ld+json\" class=\"yoast-schema-graph\">{\"@context\":\"https:\/\/schema.org\",\"@graph\":[{\"@type\":\"WebSite\",\"@id\":\"https:\/\/franciscanos.org.br\/noticias\/#website\",\"url\":\"https:\/\/franciscanos.org.br\/noticias\/\",\"name\":\"Not\u00edcias - Franciscanos\",\"description\":\"Prov\u00edncia Franciscana da Imaculada Concei\u00e7\u00e3o do Brasil - Ordem dos Frades Menores - OFM\",\"potentialAction\":[{\"@type\":\"SearchAction\",\"target\":{\"@type\":\"EntryPoint\",\"urlTemplate\":\"https:\/\/franciscanos.org.br\/noticias\/?s={search_term_string}\"},\"query-input\":\"required name=search_term_string\"}],\"inLanguage\":\"pt-BR\"},{\"@type\":\"ImageObject\",\"inLanguage\":\"pt-BR\",\"@id\":\"https:\/\/franciscanos.org.br\/noticias\/itf-realiza-forum-de-debate-entre-professores-alunos-e-colaboradores.html#primaryimage\",\"url\":\"https:\/\/franciscanos.org.br\/noticias\/wp-content\/uploads\/2021\/06\/itf_16d.jpg\",\"contentUrl\":\"https:\/\/franciscanos.org.br\/noticias\/wp-content\/uploads\/2021\/06\/itf_16d.jpg\",\"width\":800,\"height\":500},{\"@type\":\"WebPage\",\"@id\":\"https:\/\/franciscanos.org.br\/noticias\/itf-realiza-forum-de-debate-entre-professores-alunos-e-colaboradores.html#webpage\",\"url\":\"https:\/\/franciscanos.org.br\/noticias\/itf-realiza-forum-de-debate-entre-professores-alunos-e-colaboradores.html\",\"name\":\"ITF realiza f\u00f3rum de debate entre professores, alunos e colaboradores - Not\u00edcias - Franciscanos\",\"isPartOf\":{\"@id\":\"https:\/\/franciscanos.org.br\/noticias\/#website\"},\"primaryImageOfPage\":{\"@id\":\"https:\/\/franciscanos.org.br\/noticias\/itf-realiza-forum-de-debate-entre-professores-alunos-e-colaboradores.html#primaryimage\"},\"datePublished\":\"2021-06-16T10:39:05+00:00\",\"dateModified\":\"2021-06-16T10:39:05+00:00\",\"author\":{\"@id\":\"https:\/\/franciscanos.org.br\/noticias\/#\/schema\/person\/b5c8cba458c330ccff548b056e95a5d4\"},\"breadcrumb\":{\"@id\":\"https:\/\/franciscanos.org.br\/noticias\/itf-realiza-forum-de-debate-entre-professores-alunos-e-colaboradores.html#breadcrumb\"},\"inLanguage\":\"pt-BR\",\"potentialAction\":[{\"@type\":\"ReadAction\",\"target\":[\"https:\/\/franciscanos.org.br\/noticias\/itf-realiza-forum-de-debate-entre-professores-alunos-e-colaboradores.html\"]}]},{\"@type\":\"BreadcrumbList\",\"@id\":\"https:\/\/franciscanos.org.br\/noticias\/itf-realiza-forum-de-debate-entre-professores-alunos-e-colaboradores.html#breadcrumb\",\"itemListElement\":[{\"@type\":\"ListItem\",\"position\":1,\"name\":\"Home\",\"item\":\"https:\/\/franciscanos.org.br\/noticias\"},{\"@type\":\"ListItem\",\"position\":2,\"name\":\"ITF realiza f\u00f3rum de debate entre professores, alunos e colaboradores\"}]},{\"@type\":\"Person\",\"@id\":\"https:\/\/franciscanos.org.br\/noticias\/#\/schema\/person\/b5c8cba458c330ccff548b056e95a5d4\",\"name\":\"moacir\",\"image\":{\"@type\":\"ImageObject\",\"inLanguage\":\"pt-BR\",\"@id\":\"https:\/\/franciscanos.org.br\/noticias\/#\/schema\/person\/image\/\",\"url\":\"https:\/\/secure.gravatar.com\/avatar\/d08aa2ce4c8dd416d4479aa8536fcf64?s=96&d=mm&r=g\",\"contentUrl\":\"https:\/\/secure.gravatar.com\/avatar\/d08aa2ce4c8dd416d4479aa8536fcf64?s=96&d=mm&r=g\",\"caption\":\"moacir\"},\"url\":\"https:\/\/franciscanos.org.br\/noticias\/author\/moacir\"}]}<\/script>\n<!-- \/ Yoast SEO plugin. -->","yoast_head_json":{"title":"ITF realiza f\u00f3rum de debate entre professores, alunos e colaboradores - Not\u00edcias - Franciscanos","robots":{"index":"index","follow":"follow","max-snippet":"max-snippet:-1","max-image-preview":"max-image-preview:large","max-video-preview":"max-video-preview:-1"},"canonical":"https:\/\/franciscanos.org.br\/noticias\/itf-realiza-forum-de-debate-entre-professores-alunos-e-colaboradores.html","og_locale":"pt_BR","og_type":"article","og_title":"ITF realiza f\u00f3rum de debate entre professores, alunos e colaboradores - Not\u00edcias - Franciscanos","og_description":"Instituto Teol\u00f3gico Franciscano","og_url":"https:\/\/franciscanos.org.br\/noticias\/itf-realiza-forum-de-debate-entre-professores-alunos-e-colaboradores.html","og_site_name":"Not\u00edcias - Franciscanos","article_published_time":"2021-06-16T10:39:05+00:00","og_image":[{"width":800,"height":500,"url":"https:\/\/franciscanos.org.br\/noticias\/wp-content\/uploads\/2021\/06\/itf_16d.jpg","type":"image\/jpeg"}],"author":"moacir","twitter_card":"summary_large_image","twitter_misc":{"Escrito por":"moacir","Est. tempo de leitura":"2 minutos"},"schema":{"@context":"https:\/\/schema.org","@graph":[{"@type":"WebSite","@id":"https:\/\/franciscanos.org.br\/noticias\/#website","url":"https:\/\/franciscanos.org.br\/noticias\/","name":"Not\u00edcias - Franciscanos","description":"Prov\u00edncia Franciscana da Imaculada Concei\u00e7\u00e3o do Brasil - Ordem dos Frades Menores - OFM","potentialAction":[{"@type":"SearchAction","target":{"@type":"EntryPoint","urlTemplate":"https:\/\/franciscanos.org.br\/noticias\/?s={search_term_string}"},"query-input":"required name=search_term_string"}],"inLanguage":"pt-BR"},{"@type":"ImageObject","inLanguage":"pt-BR","@id":"https:\/\/franciscanos.org.br\/noticias\/itf-realiza-forum-de-debate-entre-professores-alunos-e-colaboradores.html#primaryimage","url":"https:\/\/franciscanos.org.br\/noticias\/wp-content\/uploads\/2021\/06\/itf_16d.jpg","contentUrl":"https:\/\/franciscanos.org.br\/noticias\/wp-content\/uploads\/2021\/06\/itf_16d.jpg","width":800,"height":500},{"@type":"WebPage","@id":"https:\/\/franciscanos.org.br\/noticias\/itf-realiza-forum-de-debate-entre-professores-alunos-e-colaboradores.html#webpage","url":"https:\/\/franciscanos.org.br\/noticias\/itf-realiza-forum-de-debate-entre-professores-alunos-e-colaboradores.html","name":"ITF realiza f\u00f3rum de debate entre professores, alunos e colaboradores - Not\u00edcias - Franciscanos","isPartOf":{"@id":"https:\/\/franciscanos.org.br\/noticias\/#website"},"primaryImageOfPage":{"@id":"https:\/\/franciscanos.org.br\/noticias\/itf-realiza-forum-de-debate-entre-professores-alunos-e-colaboradores.html#primaryimage"},"datePublished":"2021-06-16T10:39:05+00:00","dateModified":"2021-06-16T10:39:05+00:00","author":{"@id":"https:\/\/franciscanos.org.br\/noticias\/#\/schema\/person\/b5c8cba458c330ccff548b056e95a5d4"},"breadcrumb":{"@id":"https:\/\/franciscanos.org.br\/noticias\/itf-realiza-forum-de-debate-entre-professores-alunos-e-colaboradores.html#breadcrumb"},"inLanguage":"pt-BR","potentialAction":[{"@type":"ReadAction","target":["https:\/\/franciscanos.org.br\/noticias\/itf-realiza-forum-de-debate-entre-professores-alunos-e-colaboradores.html"]}]},{"@type":"BreadcrumbList","@id":"https:\/\/franciscanos.org.br\/noticias\/itf-realiza-forum-de-debate-entre-professores-alunos-e-colaboradores.html#breadcrumb","itemListElement":[{"@type":"ListItem","position":1,"name":"Home","item":"https:\/\/franciscanos.org.br\/noticias"},{"@type":"ListItem","position":2,"name":"ITF realiza f\u00f3rum de debate entre professores, alunos e colaboradores"}]},{"@type":"Person","@id":"https:\/\/franciscanos.org.br\/noticias\/#\/schema\/person\/b5c8cba458c330ccff548b056e95a5d4","name":"moacir","image":{"@type":"ImageObject","inLanguage":"pt-BR","@id":"https:\/\/franciscanos.org.br\/noticias\/#\/schema\/person\/image\/","url":"https:\/\/secure.gravatar.com\/avatar\/d08aa2ce4c8dd416d4479aa8536fcf64?s=96&d=mm&r=g","contentUrl":"https:\/\/secure.gravatar.com\/avatar\/d08aa2ce4c8dd416d4479aa8536fcf64?s=96&d=mm&r=g","caption":"moacir"},"url":"https:\/\/franciscanos.org.br\/noticias\/author\/moacir"}]}},"_links":{"self":[{"href":"https:\/\/franciscanos.org.br\/noticias\/wp-json\/wp\/v2\/posts\/232522"}],"collection":[{"href":"https:\/\/franciscanos.org.br\/noticias\/wp-json\/wp\/v2\/posts"}],"about":[{"href":"https:\/\/franciscanos.org.br\/noticias\/wp-json\/wp\/v2\/types\/post"}],"author":[{"embeddable":true,"href":"https:\/\/franciscanos.org.br\/noticias\/wp-json\/wp\/v2\/users\/3"}],"replies":[{"embeddable":true,"href":"https:\/\/franciscanos.org.br\/noticias\/wp-json\/wp\/v2\/comments?post=232522"}],"version-history":[{"count":1,"href":"https:\/\/franciscanos.org.br\/noticias\/wp-json\/wp\/v2\/posts\/232522\/revisions"}],"predecessor-version":[{"id":232525,"href":"https:\/\/franciscanos.org.br\/noticias\/wp-json\/wp\/v2\/posts\/232522\/revisions\/232525"}],"wp:featuredmedia":[{"embeddable":true,"href":"https:\/\/franciscanos.org.br\/noticias\/wp-json\/wp\/v2\/media\/232524"}],"wp:attachment":[{"href":"https:\/\/franciscanos.org.br\/noticias\/wp-json\/wp\/v2\/media?parent=232522"}],"wp:term":[{"taxonomy":"category","embeddable":true,"href":"https:\/\/franciscanos.org.br\/noticias\/wp-json\/wp\/v2\/categories?post=232522"},{"taxonomy":"post_tag","embeddable":true,"href":"https:\/\/franciscanos.org.br\/noticias\/wp-json\/wp\/v2\/tags?post=232522"}],"curies":[{"name":"wp","href":"https:\/\/api.w.org\/{rel}","templated":true}]}}