{"id":232498,"date":"2021-06-15T08:59:42","date_gmt":"2021-06-15T11:59:42","guid":{"rendered":"https:\/\/franciscanos.org.br\/noticias\/?p=232498"},"modified":"2021-06-16T08:12:36","modified_gmt":"2021-06-16T11:12:36","slug":"em-angola-missao-da-katepa-celebra-50-anos-de-caminhada-de-fe-e-historia","status":"publish","type":"post","link":"https:\/\/franciscanos.org.br\/noticias\/em-angola-missao-da-katepa-celebra-50-anos-de-caminhada-de-fe-e-historia.html","title":{"rendered":"Em Angola, Miss\u00e3o da Katepa celebra 50 anos de caminhada de f\u00e9 e hist\u00f3ria"},"content":{"rendered":"<p><img loading=\"lazy\" class=\"alignnone size-full wp-image-232499\" src=\"https:\/\/franciscanos.org.br\/noticias\/wp-content\/uploads\/2021\/06\/katepa_01.jpg\" alt=\"\" width=\"1280\" height=\"720\" srcset=\"https:\/\/franciscanos.org.br\/noticias\/wp-content\/uploads\/2021\/06\/katepa_01.jpg 1280w, https:\/\/franciscanos.org.br\/noticias\/wp-content\/uploads\/2021\/06\/katepa_01-450x253.jpg 450w, https:\/\/franciscanos.org.br\/noticias\/wp-content\/uploads\/2021\/06\/katepa_01-1024x576.jpg 1024w, https:\/\/franciscanos.org.br\/noticias\/wp-content\/uploads\/2021\/06\/katepa_01-768x432.jpg 768w, https:\/\/franciscanos.org.br\/noticias\/wp-content\/uploads\/2021\/06\/katepa_01-150x84.jpg 150w\" sizes=\"(max-width: 1280px) 100vw, 1280px\" \/><\/p>\n<p><strong>Malanje (Angola)<\/strong> &#8211; A Miss\u00e3o e Par\u00f3quia da Katepa Santos M\u00e1rtires de Uganda, na cidade de Malanje,\u00a0 da Funda\u00e7\u00e3o Imaculada M\u00e3e de Deus de Angola, celebrou seu jubileu de Ouro, 50 anos de exist\u00eancia, no dia 13 de junho. Teve como lemas: \u201cEu vou morrer pela minha religi\u00e3o\u201d (m\u00e1rtir Jos\u00e9 Mukasa), \u201cSou cat\u00f3lico e cat\u00f3lico quero morrer\u201d (m\u00e1rtir Matias Mulumba), \u201cO sangue dos m\u00e1rtires \u00e9 semente de novos crist\u00e3os\u201d (Tertuliano).<\/p>\n<p>Presidiu a Celebra\u00e7\u00e3o Eucar\u00edstica\u00a0 Pe. Ant\u00f3nio Ad\u00e3o Ant\u00f3nio, do clero local, atual administrador diocesano da Arquidiocese de Malanje. Presentes Frei Afonso Katchekele Quessongo, OFM, p\u00e1roco; Frei Valdemiro Wastchuk, OFM, vig\u00e1rio paroquial; Frei Ant\u00f3nio Boaventura Zovo Baza, OFM, presidente da Funda\u00e7\u00e3o Imaculada M\u00e3e de Deus (FIMDA); os di\u00e1conos Frei Canga Manuel Mazoa, OFM, e Frei Santana Sebasti\u00e3o Cafunda, OFM; Frei Alfredo Epalanga Prego, OFM, e um grande n\u00famero de fi\u00e9is que, mantendo todos cuidados poss\u00edveis por conta da pandemia da Covid-19, aderiu em massa \u00e0s festividades.<\/p>\n<p>Devido tamb\u00e9m \u00e0 pandemia, o Ministro Provincial, Frei C\u00e9sar K\u00fclkamp, n\u00e3o p\u00f4de viajar para este evento em Angola, mas enviou mensagem: \u201cHoje rendemos gra\u00e7as a Deus, aos irm\u00e3os e \u00e0s irm\u00e3s. Quero me juntar a voc\u00eas neste dia para refor\u00e7ar nossa gratid\u00e3o a Deus que nos enviou a Malanje e nos acompanhou com Seu amor nestes quase 31 anos\u201d, disse (<em>veja abaixo a mensagem na \u00edntegra<\/em>).<\/p>\n<p><img loading=\"lazy\" class=\"alignnone wp-image-232527 size-full\" src=\"https:\/\/franciscanos.org.br\/noticias\/wp-content\/uploads\/2021\/06\/malange_16.jpg\" alt=\"\" width=\"1024\" height=\"576\" srcset=\"https:\/\/franciscanos.org.br\/noticias\/wp-content\/uploads\/2021\/06\/malange_16.jpg 1024w, https:\/\/franciscanos.org.br\/noticias\/wp-content\/uploads\/2021\/06\/malange_16-450x253.jpg 450w, https:\/\/franciscanos.org.br\/noticias\/wp-content\/uploads\/2021\/06\/malange_16-768x432.jpg 768w, https:\/\/franciscanos.org.br\/noticias\/wp-content\/uploads\/2021\/06\/malange_16-150x84.jpg 150w\" sizes=\"(max-width: 1024px) 100vw, 1024px\" \/><\/p>\n<p>No decorrer da celebra\u00e7\u00e3o foram salientados tr\u00eas momentos: o hist\u00f3rico da Miss\u00e3o, a renova\u00e7\u00e3o das promessas dos catequistas e a administra\u00e7\u00e3o do sacramento da Confirma\u00e7\u00e3o.<\/p>\n<p>Sobre a hist\u00f3ria da Miss\u00e3o da Katepa, sua funda\u00e7\u00e3o teve in\u00edcio com os frades Capuchinhos em 1971, que chegaram nesse lugar para cuidar da escola de forma\u00e7\u00e3o de catequistas. Ap\u00f3s tr\u00eas anos, juntaram-se aos frades capuchinhos as Irm\u00e3s Filhas de Jesus, que se ocuparam com a forma\u00e7\u00e3o das esposas dos catequistas. Em 1990, a Miss\u00e3o foi entregue \u00e0 Ordem dos Frades Menores, o primeiro lugar da chegada dos Frades Menores em Angola, que cuidam at\u00e9 ao momento dessa por\u00e7\u00e3o do povo de Deus. Hoje, a miss\u00e3o conta com as seguintes congrega\u00e7\u00f5es religiosas: Franciscanas Mission\u00e1rias de Maria (FMM), Franciscanas de S\u00e3o Jos\u00e9 (FSJ), Mission\u00e1rias da Imaculada Concei\u00e7\u00e3o (SMIC) e a Ordem Franciscana Secular (OFS). \u00a0Este lugar formou muitos angolanos e passaram por ela pessoas not\u00e1veis, destacando principalmente Dom Gabriel Mbilingue, arcebispo metropolita de Lubango (Angola), e Dom Frei Evaristo Spengler, bispo da Prelazia do Maraj\u00f3 (Par\u00e1-Brasil).<\/p>\n<p><img loading=\"lazy\" class=\"alignnone size-full wp-image-232500\" src=\"https:\/\/franciscanos.org.br\/noticias\/wp-content\/uploads\/2021\/06\/katepa_03.jpg\" alt=\"\" width=\"1175\" height=\"648\" srcset=\"https:\/\/franciscanos.org.br\/noticias\/wp-content\/uploads\/2021\/06\/katepa_03.jpg 1175w, https:\/\/franciscanos.org.br\/noticias\/wp-content\/uploads\/2021\/06\/katepa_03-450x248.jpg 450w, https:\/\/franciscanos.org.br\/noticias\/wp-content\/uploads\/2021\/06\/katepa_03-1024x565.jpg 1024w, https:\/\/franciscanos.org.br\/noticias\/wp-content\/uploads\/2021\/06\/katepa_03-768x424.jpg 768w, https:\/\/franciscanos.org.br\/noticias\/wp-content\/uploads\/2021\/06\/katepa_03-150x83.jpg 150w\" sizes=\"(max-width: 1175px) 100vw, 1175px\" \/><\/p>\n<p>Do mesmo modo, por ocasi\u00e3o do dia do catequista, o p\u00e1roco Frei Afonso exortou os catequistas a assumirem e responderem com fidelidade o compromisso crist\u00e3o de evangelizar a todos, sem medo, a exemplo dos m\u00e1rtires de Uganda. Os mesmos, diante da comunidade, renovaram suas promessas como catequistas da Igreja Cat\u00f3lica.<\/p>\n<p>Quanto ao sacramento da Confirma\u00e7\u00e3o, 71 jovens e adultos receberam a crisma. Aos crismados, Padre Ad\u00e3o pediu que eles, pela for\u00e7a do Esp\u00edrito, fossem luz para dirigir os passos dos que ainda andam nas trevas e concluiu incentivando os mesmos a se colocarem nas m\u00e3os da M\u00e3e do Salvador quando se sentirem sem for\u00e7as para seguir adiante.<\/p>\n<p>Durante a homilia, Padre Ad\u00e3o destacou tamb\u00e9m que a arquitetura da sede da Miss\u00e3o tem uma hist\u00f3ria. \u201cSe olhardes para vossa par\u00f3quia, certamente quem passa n\u00e3o v\u00ea esta arquitetura, mas foi feita em esp\u00e9cie de degraus. O primeiro degrau \u00e9 a estrada que liga \u00e0 cidade de Cangandala; o segundo degrau \u00e9 aqui, onde n\u00f3s estamos, a escola. Quando o frei projetou este lugar, aqui existiam duas salas de aulas e o campo de futebol; hoje ampliaram, j\u00e1 temos mais salas porque h\u00e1 mais necessidades; e, no terceiro degrau, colocou-se a igreja que tamb\u00e9m funcionou como teatro, onde se apresentaram filmes como forma de evangelizar e de chamar mais aten\u00e7\u00e3o \u00e0s pessoas e de conhecerem melhor a Palavra de Deus; no quarto degrau est\u00e3o as resid\u00eancias: a dos frades e a das Irm\u00e3s Franciscanas; e, no \u00faltimo degrau, colocaram as casas dos catequistas\u201d, explicou.<\/p>\n<p><img loading=\"lazy\" class=\"alignnone size-full wp-image-232503\" src=\"https:\/\/franciscanos.org.br\/noticias\/wp-content\/uploads\/2021\/06\/katepa_02.jpg\" alt=\"\" width=\"1280\" height=\"720\" srcset=\"https:\/\/franciscanos.org.br\/noticias\/wp-content\/uploads\/2021\/06\/katepa_02.jpg 1280w, https:\/\/franciscanos.org.br\/noticias\/wp-content\/uploads\/2021\/06\/katepa_02-450x253.jpg 450w, https:\/\/franciscanos.org.br\/noticias\/wp-content\/uploads\/2021\/06\/katepa_02-1024x576.jpg 1024w, https:\/\/franciscanos.org.br\/noticias\/wp-content\/uploads\/2021\/06\/katepa_02-768x432.jpg 768w, https:\/\/franciscanos.org.br\/noticias\/wp-content\/uploads\/2021\/06\/katepa_02-150x84.jpg 150w\" sizes=\"(max-width: 1280px) 100vw, 1280px\" \/><\/p>\n<p>Pe. Ant\u00f3nio, ent\u00e3o, perguntou: Por que este frei fez esta arquitetura? \u201cMeus irm\u00e3os e irm\u00e3s, a finalidade ao fundar a Miss\u00e3o foi exatamente para os catequistas estarem mais alto. E escolheram como santo Carlos Lwanga e companheiros. Estes m\u00e1rtires s\u00e3o hoje os padroeiros dos nossos catequistas. Por isso, aos nossos catequistas, que hoje celebramos o seu dia, os nossos parab\u00e9ns. Aqui tamb\u00e9m desejamos muita coragem, muita for\u00e7a para levar Jesus aos outros. Precisamos cada vez mais de catequistas porque a \u2018seara \u00e9 grande, mas os trabalhadores s\u00e3o poucos\u2019\u201d, disse o celebrante, pedindo ora\u00e7\u00f5es para os catequistas idosos.<\/p>\n<p>Assim, cantos, novena, dan\u00e7as, louvores, tarde cultural, preces e agradecimentos marcaram as festividades do jubileu. Tudo para expressar tamanha alegria e gratid\u00e3o por tantas gra\u00e7as que durante meio s\u00e9culo o bom Deus vem operando na Miss\u00e3o e na vida de muitos irm\u00e3os e irm\u00e3s.<\/p>\n<p>Ao final da celebra\u00e7\u00e3o, o p\u00e1roco agradeceu as distintas congrega\u00e7\u00f5es religiosas pela colabora\u00e7\u00e3o na evangeliza\u00e7\u00e3o e na organiza\u00e7\u00e3o da festa. Tamb\u00e9m manifestou satisfa\u00e7\u00e3o pela participa\u00e7\u00e3o e empenho das lideran\u00e7as e demais paroquianos no evento. E, como forma de gratid\u00e3o ao passado e j\u00e1 mirando aos 100 anos da Miss\u00e3o da Katepa, disse que \u201ca partir de agora nos preparemos para mais uma longa caminhada rumo ao centen\u00e1rio\u201d. Ap\u00f3s a celebra\u00e7\u00e3o, fez-se a foto oficial e se seguiram os momentos de confraterniza\u00e7\u00e3o e tarde cultural recreativa.<\/p>\n<hr \/>\n<p><img loading=\"lazy\" class=\"alignnone size-full wp-image-232501\" src=\"https:\/\/franciscanos.org.br\/noticias\/wp-content\/uploads\/2021\/06\/katepa_04.jpg\" alt=\"\" width=\"900\" height=\"776\" srcset=\"https:\/\/franciscanos.org.br\/noticias\/wp-content\/uploads\/2021\/06\/katepa_04.jpg 900w, https:\/\/franciscanos.org.br\/noticias\/wp-content\/uploads\/2021\/06\/katepa_04-450x388.jpg 450w, https:\/\/franciscanos.org.br\/noticias\/wp-content\/uploads\/2021\/06\/katepa_04-768x662.jpg 768w, https:\/\/franciscanos.org.br\/noticias\/wp-content\/uploads\/2021\/06\/katepa_04-150x129.jpg 150w\" sizes=\"(max-width: 900px) 100vw, 900px\" \/><\/p>\n<h3><strong>Mensagem de Agradecimento<\/strong> <strong>do Ministro Provincial <\/strong><strong>na celebra\u00e7\u00e3o de a\u00e7\u00e3o de gra\u00e7as pelos 50 anos da Par\u00f3quia dos Santos M\u00e1rtires de Uganda <\/strong><\/h3>\n<p><strong>&#8211; Malanje, 13-06-2021<\/strong><\/p>\n<p style=\"padding-left: 40px;\"><em>&#8211; Caros confrades Frei Ant\u00f4nio Zovo Baza, presidente da FIMDA;<\/em><\/p>\n<p style=\"padding-left: 40px;\"><em>&#8211; Frei Afonso K. Quissongo, p\u00e1roco da Par\u00f3quia Santos M\u00e1rtires de Uganda;<\/em><\/p>\n<p style=\"padding-left: 40px;\"><em>&#8211; Frei Andr\u00e9 Luiz da Rocha Henriques, conselheiro da FIMDA e guardi\u00e3o da Fraternidade do Semin\u00e1rio Monte Alverne;<\/em><\/p>\n<p style=\"padding-left: 40px;\"><em>&#8211; Frei Andr\u00e9 Gurzynski, guardi\u00e3o da Fraternidade S\u00e3o Dami\u00e3o;<\/em><\/p>\n<p style=\"padding-left: 40px;\"><em>&#8211; caros confrades e formandos, presentes neste dia festivo;<\/em><\/p>\n<p style=\"padding-left: 40px;\"><em>&#8211; queridas irm\u00e3s franciscanas de Malanje;<\/em><\/p>\n<p style=\"padding-left: 40px;\"><em>&#8211; caros irm\u00e3os e irm\u00e3s da Ordem Franciscana Secular;<\/em><\/p>\n<p style=\"padding-left: 40px;\"><em>&#8211; querido povo de Deus em Malanje, especialmente as lideran\u00e7as desta Par\u00f3quia;<\/em><\/p>\n<p style=\"padding-left: 40px;\"><em>\u00a0\u00a0\u00a0\u00a0\u00a0\u00a0\u00a0\u00a0\u00a0\u00a0\u00a0 A todos voc\u00eas, irm\u00e3os e irm\u00e3s, Paz e Bem!<\/em><\/p>\n<p>Hoje celebramos, com voc\u00eas, os 50 anos da Par\u00f3quia dos Santos M\u00e1rtires de Uganda, com Sede na Katepa, lugar da chegada dos frades menores em Angola.<\/p>\n<p>A nossa Prov\u00edncia Franciscana da Imaculada Concei\u00e7\u00e3o do Brasil, presente h\u00e1 mais de 30 anos em Angola, assumiu desde o princ\u00edpio a caminhada de Igreja e as necessidades pastorais do povo a n\u00f3s confiado. A Par\u00f3quia j\u00e1 possu\u00eda sua caminhada. Chegamos para somar for\u00e7as e levar adiante este projeto de Reino de Deus.<\/p>\n<p>Hoje rendemos gra\u00e7as a Deus, aos irm\u00e3os e \u00e0s irm\u00e3s. Quero me juntar a voc\u00eas neste dia para refor\u00e7ar nossa gratid\u00e3o a Deus que nos enviou a Malanje e nos acompanhou com Seu amor nestes quase 31 anos.<\/p>\n<p>Nossa gratid\u00e3o \u00e0 Igreja local de Malanje que nos acolheu com tanto amor e nos confiou esta por\u00e7\u00e3o do povo de Deus.<\/p>\n<p>Nosso muito obrigado \u00e0s demais congrega\u00e7\u00f5es e \u00e0 Ordem Franciscana Secular que se juntaram a n\u00f3s nesta caminhada de servi\u00e7o.<\/p>\n<p>Agrade\u00e7o de cora\u00e7\u00e3o a cada confrade que acolheu o envio do Senhor e entregou a pr\u00f3pria vida e a pr\u00f3pria voca\u00e7\u00e3o em cumprir a Sant\u00edssima Vontade de Deus.<\/p>\n<p>Um agradecimento especial aos frades que atualmente levam adiante este trabalho de promover a Evangeliza\u00e7\u00e3o e a unidade do povo amado de Deus.<\/p>\n<p>Agrade\u00e7o ao querido povo de Malanje, raz\u00e3o primeira de nosso servi\u00e7o. Obrigado por nos permitirem caminhar com voc\u00eas! Voc\u00eas tamb\u00e9m nos evangelizam, ensinando-nos a ter esperan\u00e7a, a sermos generosos e a confiar sempre em Deus.<\/p>\n<p>Que Maria Sant\u00edssima, presen\u00e7a intercessora e cheia de gra\u00e7a nestes 50 anos, continue voltando o seu olhar misericordioso para todos voc\u00eas e, junto com os nossos padroeiros, os Santos M\u00e1rtires de Uganda, consiga para n\u00f3s as b\u00ean\u00e7\u00e3os de Deus!<\/p>\n<p>Que Ele renove em cada um de n\u00f3s o entusiasmo para continuarmos dizendo SIM ao seu CHAMADO e ao seu ENVIO!<\/p>\n<p>Paz e Bem! Nga Sakidila!<\/p>\n<p><strong>Frei C\u00e9sar K\u00fclkamp, OFM<\/strong><\/p>\n<p><em>Ministro Provincial<\/em><\/p>\n<hr \/>\n<p><img loading=\"lazy\" class=\"alignnone size-full wp-image-232502\" src=\"https:\/\/franciscanos.org.br\/noticias\/wp-content\/uploads\/2021\/06\/katepa_06.jpg\" alt=\"\" width=\"1280\" height=\"813\" srcset=\"https:\/\/franciscanos.org.br\/noticias\/wp-content\/uploads\/2021\/06\/katepa_06.jpg 1280w, https:\/\/franciscanos.org.br\/noticias\/wp-content\/uploads\/2021\/06\/katepa_06-450x286.jpg 450w, https:\/\/franciscanos.org.br\/noticias\/wp-content\/uploads\/2021\/06\/katepa_06-1024x650.jpg 1024w, https:\/\/franciscanos.org.br\/noticias\/wp-content\/uploads\/2021\/06\/katepa_06-768x488.jpg 768w, https:\/\/franciscanos.org.br\/noticias\/wp-content\/uploads\/2021\/06\/katepa_06-150x95.jpg 150w\" sizes=\"(max-width: 1280px) 100vw, 1280px\" \/><\/p>\n<h3><strong>Hist\u00f3ria da Par\u00f3quia Santos M\u00e1rtires de Uganda<\/strong><\/h3>\n<p>Os Capuchinhos foram chamados \u00e0 Katepa-Malanje pelo bispo diocesano Dom Pompeu de S\u00e1 Le\u00e3o e Seabra para construir a nova miss\u00e3o, que foi aberta a 19 de janeiro de 1971. O primeiro superior foi Frei Em\u00eddio Demeneghi.<\/p>\n<p>Na realidade, tratava-se de um regresso dos Capuchinhos, depois de mais de tr\u00eas s\u00e9culos, em meados de 1600. Foi a rainha Njinga, depois da sua convers\u00e3o, que convidou os Capuchinhos para evangelizar a regi\u00e3o da Matamba, tendo na parte setentrional Malanje. Eles vieram \u00e0 Katepa para assumir tamb\u00e9m a dire\u00e7\u00e3o da escola diocesana para catequistas.<\/p>\n<p>A princ\u00edpio, instalaram-se em Coinzure (km 13 de Malanje), na resid\u00eancia do antigo posto administrativo, ent\u00e3o devoluto. A regi\u00e3o \u00e0 volta era quase deserta. Reconhecia-se a conveni\u00eancia de a escola se estabelecer mais perto da cidade. Escolheu-se, por isso, a zona suburbana da Katepa, a sudeste de Malanje, e deu-se \u00e0 miss\u00e3o por territ\u00f3rio a aldeia do mesmo nome e toda freguesia civil do Quissole, com uma popula\u00e7\u00e3o de cerca de 9 mil almas, sendo os cat\u00f3licos uma ter\u00e7a parte.<\/p>\n<p>Os mission\u00e1rios transferiram-se para as novas instala\u00e7\u00f5es, que se construiu ao longo de 1973, e a escola de catequistas come\u00e7ou a funcionar no dia 6 de janeiro seguinte com 12 alunos catequistas, enviados das diversas miss\u00f5es. As fam\u00edlias deviam acompanh\u00e1-los e, para isso, constru\u00edram-se as casas j\u00e1 preparadas para uma resid\u00eancia familiar.<\/p>\n<p>Dois anos depois da chegada dos Capuchinhos, tr\u00eas irm\u00e3s Filhas de Jesus chegaram no final de 1973 para colaborarem na forma\u00e7\u00e3o dos catequistas, orientando a administra\u00e7\u00e3o econ\u00f4mica, dando algumas aulas e, sobretudo, encarregando-se da forma\u00e7\u00e3o feminina das esposas dos catequistas. As irm\u00e3s foram uma presen\u00e7a muito significativa neste lugar.<\/p>\n<p>Os padres se ocupavam dos catequistas e da anima\u00e7\u00e3o da comunidade crist\u00e3. As irm\u00e3s da forma\u00e7\u00e3o mais propriamente humana, da educa\u00e7\u00e3o da mulher e da economia. A escola n\u00e3o sobreviveu por muito tempo com a declara\u00e7\u00e3o da independ\u00eancia de Angola.<\/p>\n<p><strong>Experi\u00eancia original<\/strong><\/p>\n<p>Foram constru\u00eddas por obra Frei Tib\u00farcio Zenere, 14 pequenas casas, uma para cada catequista com a sua mulher e filhos. Os catequistas formaram uma esp\u00e9cie de cooperativa que permitia uma autossustenta\u00e7\u00e3o. Al\u00e9m de se preparar para serem catequistas, aprendiam como organizar a vida.<\/p>\n<p>Em 1975, a dire\u00e7\u00e3o da escola foi entregue \u00e0 Diocese devido algumas tens\u00f5es geradas a partir do in\u00edcio da guerra civil e da diminui\u00e7\u00e3o dos mission\u00e1rios.<\/p>\n<p>Em 1976, a Miss\u00e3o foi entregue \u00e0 diocese. Em 1978, a mando de Dom Eug\u00eanio Salesso, a miss\u00e3o foi confiada \u00e0s Irm\u00e3s Franciscanas Mission\u00e1rias de Maria e era assistida pelos mission\u00e1rios Espiritanos e depois teve como seu p\u00e1roco o Padre Malanje, de feliz mem\u00f3ria. Este \u00faltimo passou a Miss\u00e3o \u00e0s m\u00e3os dos Frades Menores que chegaram no dia 25 de setembro de 1990 e a administram at\u00e9 ao momento presente, celebrando seus 50 anos de Miss\u00e3o da Katepa. Esta \u00e1rea pastoral ficou ainda melhor servida com a presen\u00e7a das congrega\u00e7\u00f5es femininas das Irm\u00e3s Franciscanas de S\u00e3o Jos\u00e9 (FSJ) e Mission\u00e1rias da Imaculada Concei\u00e7\u00e3o (SMIC).<\/p>\n<hr \/>\n<p><em>Frei Canga Manuel Mazoa, OFM e seminaristas<\/em><\/p>\n","protected":false},"excerpt":{"rendered":"<p>Miss\u00e3o de Angola<\/p>\n","protected":false},"author":3,"featured_media":232504,"comment_status":"open","ping_status":"open","sticky":false,"template":"","format":"standard","meta":[],"categories":[1],"tags":[360],"acf":[],"yoast_head":"<!-- This site is optimized with the Yoast SEO plugin v19.2 - https:\/\/yoast.com\/wordpress\/plugins\/seo\/ -->\n<title>Em Angola, Miss\u00e3o da Katepa celebra 50 anos de caminhada de f\u00e9 e hist\u00f3ria - Not\u00edcias - Franciscanos<\/title>\n<meta name=\"robots\" content=\"index, follow, max-snippet:-1, max-image-preview:large, max-video-preview:-1\" \/>\n<link rel=\"canonical\" href=\"https:\/\/franciscanos.org.br\/noticias\/em-angola-missao-da-katepa-celebra-50-anos-de-caminhada-de-fe-e-historia.html\" \/>\n<meta property=\"og:locale\" content=\"pt_BR\" \/>\n<meta property=\"og:type\" content=\"article\" \/>\n<meta property=\"og:title\" content=\"Em Angola, Miss\u00e3o da Katepa celebra 50 anos de caminhada de f\u00e9 e hist\u00f3ria - Not\u00edcias - Franciscanos\" \/>\n<meta property=\"og:description\" content=\"Miss\u00e3o de Angola\" \/>\n<meta property=\"og:url\" content=\"https:\/\/franciscanos.org.br\/noticias\/em-angola-missao-da-katepa-celebra-50-anos-de-caminhada-de-fe-e-historia.html\" \/>\n<meta property=\"og:site_name\" content=\"Not\u00edcias - Franciscanos\" \/>\n<meta property=\"article:published_time\" content=\"2021-06-15T11:59:42+00:00\" \/>\n<meta property=\"article:modified_time\" content=\"2021-06-16T11:12:36+00:00\" \/>\n<meta property=\"og:image\" content=\"https:\/\/franciscanos.org.br\/noticias\/wp-content\/uploads\/2021\/06\/katepa_01d.jpg\" \/>\n\t<meta property=\"og:image:width\" content=\"800\" \/>\n\t<meta property=\"og:image:height\" content=\"550\" \/>\n\t<meta property=\"og:image:type\" content=\"image\/jpeg\" \/>\n<meta name=\"author\" content=\"moacir\" \/>\n<meta name=\"twitter:card\" content=\"summary_large_image\" \/>\n<meta name=\"twitter:label1\" content=\"Escrito por\" \/>\n\t<meta name=\"twitter:data1\" content=\"moacir\" \/>\n\t<meta name=\"twitter:label2\" content=\"Est. tempo de leitura\" \/>\n\t<meta name=\"twitter:data2\" content=\"10 minutos\" \/>\n<script type=\"application\/ld+json\" class=\"yoast-schema-graph\">{\"@context\":\"https:\/\/schema.org\",\"@graph\":[{\"@type\":\"WebSite\",\"@id\":\"https:\/\/franciscanos.org.br\/noticias\/#website\",\"url\":\"https:\/\/franciscanos.org.br\/noticias\/\",\"name\":\"Not\u00edcias - Franciscanos\",\"description\":\"Prov\u00edncia Franciscana da Imaculada Concei\u00e7\u00e3o do Brasil - Ordem dos Frades Menores - OFM\",\"potentialAction\":[{\"@type\":\"SearchAction\",\"target\":{\"@type\":\"EntryPoint\",\"urlTemplate\":\"https:\/\/franciscanos.org.br\/noticias\/?s={search_term_string}\"},\"query-input\":\"required name=search_term_string\"}],\"inLanguage\":\"pt-BR\"},{\"@type\":\"ImageObject\",\"inLanguage\":\"pt-BR\",\"@id\":\"https:\/\/franciscanos.org.br\/noticias\/em-angola-missao-da-katepa-celebra-50-anos-de-caminhada-de-fe-e-historia.html#primaryimage\",\"url\":\"https:\/\/franciscanos.org.br\/noticias\/wp-content\/uploads\/2021\/06\/katepa_01d.jpg\",\"contentUrl\":\"https:\/\/franciscanos.org.br\/noticias\/wp-content\/uploads\/2021\/06\/katepa_01d.jpg\",\"width\":800,\"height\":550},{\"@type\":\"WebPage\",\"@id\":\"https:\/\/franciscanos.org.br\/noticias\/em-angola-missao-da-katepa-celebra-50-anos-de-caminhada-de-fe-e-historia.html#webpage\",\"url\":\"https:\/\/franciscanos.org.br\/noticias\/em-angola-missao-da-katepa-celebra-50-anos-de-caminhada-de-fe-e-historia.html\",\"name\":\"Em Angola, Miss\u00e3o da Katepa celebra 50 anos de caminhada de f\u00e9 e hist\u00f3ria - Not\u00edcias - Franciscanos\",\"isPartOf\":{\"@id\":\"https:\/\/franciscanos.org.br\/noticias\/#website\"},\"primaryImageOfPage\":{\"@id\":\"https:\/\/franciscanos.org.br\/noticias\/em-angola-missao-da-katepa-celebra-50-anos-de-caminhada-de-fe-e-historia.html#primaryimage\"},\"datePublished\":\"2021-06-15T11:59:42+00:00\",\"dateModified\":\"2021-06-16T11:12:36+00:00\",\"author\":{\"@id\":\"https:\/\/franciscanos.org.br\/noticias\/#\/schema\/person\/b5c8cba458c330ccff548b056e95a5d4\"},\"breadcrumb\":{\"@id\":\"https:\/\/franciscanos.org.br\/noticias\/em-angola-missao-da-katepa-celebra-50-anos-de-caminhada-de-fe-e-historia.html#breadcrumb\"},\"inLanguage\":\"pt-BR\",\"potentialAction\":[{\"@type\":\"ReadAction\",\"target\":[\"https:\/\/franciscanos.org.br\/noticias\/em-angola-missao-da-katepa-celebra-50-anos-de-caminhada-de-fe-e-historia.html\"]}]},{\"@type\":\"BreadcrumbList\",\"@id\":\"https:\/\/franciscanos.org.br\/noticias\/em-angola-missao-da-katepa-celebra-50-anos-de-caminhada-de-fe-e-historia.html#breadcrumb\",\"itemListElement\":[{\"@type\":\"ListItem\",\"position\":1,\"name\":\"Home\",\"item\":\"https:\/\/franciscanos.org.br\/noticias\"},{\"@type\":\"ListItem\",\"position\":2,\"name\":\"Em Angola, Miss\u00e3o da Katepa celebra 50 anos de caminhada de f\u00e9 e hist\u00f3ria\"}]},{\"@type\":\"Person\",\"@id\":\"https:\/\/franciscanos.org.br\/noticias\/#\/schema\/person\/b5c8cba458c330ccff548b056e95a5d4\",\"name\":\"moacir\",\"image\":{\"@type\":\"ImageObject\",\"inLanguage\":\"pt-BR\",\"@id\":\"https:\/\/franciscanos.org.br\/noticias\/#\/schema\/person\/image\/\",\"url\":\"https:\/\/secure.gravatar.com\/avatar\/d08aa2ce4c8dd416d4479aa8536fcf64?s=96&d=mm&r=g\",\"contentUrl\":\"https:\/\/secure.gravatar.com\/avatar\/d08aa2ce4c8dd416d4479aa8536fcf64?s=96&d=mm&r=g\",\"caption\":\"moacir\"},\"url\":\"https:\/\/franciscanos.org.br\/noticias\/author\/moacir\"}]}<\/script>\n<!-- \/ Yoast SEO plugin. -->","yoast_head_json":{"title":"Em Angola, Miss\u00e3o da Katepa celebra 50 anos de caminhada de f\u00e9 e hist\u00f3ria - Not\u00edcias - Franciscanos","robots":{"index":"index","follow":"follow","max-snippet":"max-snippet:-1","max-image-preview":"max-image-preview:large","max-video-preview":"max-video-preview:-1"},"canonical":"https:\/\/franciscanos.org.br\/noticias\/em-angola-missao-da-katepa-celebra-50-anos-de-caminhada-de-fe-e-historia.html","og_locale":"pt_BR","og_type":"article","og_title":"Em Angola, Miss\u00e3o da Katepa celebra 50 anos de caminhada de f\u00e9 e hist\u00f3ria - Not\u00edcias - Franciscanos","og_description":"Miss\u00e3o de Angola","og_url":"https:\/\/franciscanos.org.br\/noticias\/em-angola-missao-da-katepa-celebra-50-anos-de-caminhada-de-fe-e-historia.html","og_site_name":"Not\u00edcias - Franciscanos","article_published_time":"2021-06-15T11:59:42+00:00","article_modified_time":"2021-06-16T11:12:36+00:00","og_image":[{"width":800,"height":550,"url":"https:\/\/franciscanos.org.br\/noticias\/wp-content\/uploads\/2021\/06\/katepa_01d.jpg","type":"image\/jpeg"}],"author":"moacir","twitter_card":"summary_large_image","twitter_misc":{"Escrito por":"moacir","Est. tempo de leitura":"10 minutos"},"schema":{"@context":"https:\/\/schema.org","@graph":[{"@type":"WebSite","@id":"https:\/\/franciscanos.org.br\/noticias\/#website","url":"https:\/\/franciscanos.org.br\/noticias\/","name":"Not\u00edcias - Franciscanos","description":"Prov\u00edncia Franciscana da Imaculada Concei\u00e7\u00e3o do Brasil - Ordem dos Frades Menores - OFM","potentialAction":[{"@type":"SearchAction","target":{"@type":"EntryPoint","urlTemplate":"https:\/\/franciscanos.org.br\/noticias\/?s={search_term_string}"},"query-input":"required name=search_term_string"}],"inLanguage":"pt-BR"},{"@type":"ImageObject","inLanguage":"pt-BR","@id":"https:\/\/franciscanos.org.br\/noticias\/em-angola-missao-da-katepa-celebra-50-anos-de-caminhada-de-fe-e-historia.html#primaryimage","url":"https:\/\/franciscanos.org.br\/noticias\/wp-content\/uploads\/2021\/06\/katepa_01d.jpg","contentUrl":"https:\/\/franciscanos.org.br\/noticias\/wp-content\/uploads\/2021\/06\/katepa_01d.jpg","width":800,"height":550},{"@type":"WebPage","@id":"https:\/\/franciscanos.org.br\/noticias\/em-angola-missao-da-katepa-celebra-50-anos-de-caminhada-de-fe-e-historia.html#webpage","url":"https:\/\/franciscanos.org.br\/noticias\/em-angola-missao-da-katepa-celebra-50-anos-de-caminhada-de-fe-e-historia.html","name":"Em Angola, Miss\u00e3o da Katepa celebra 50 anos de caminhada de f\u00e9 e hist\u00f3ria - Not\u00edcias - Franciscanos","isPartOf":{"@id":"https:\/\/franciscanos.org.br\/noticias\/#website"},"primaryImageOfPage":{"@id":"https:\/\/franciscanos.org.br\/noticias\/em-angola-missao-da-katepa-celebra-50-anos-de-caminhada-de-fe-e-historia.html#primaryimage"},"datePublished":"2021-06-15T11:59:42+00:00","dateModified":"2021-06-16T11:12:36+00:00","author":{"@id":"https:\/\/franciscanos.org.br\/noticias\/#\/schema\/person\/b5c8cba458c330ccff548b056e95a5d4"},"breadcrumb":{"@id":"https:\/\/franciscanos.org.br\/noticias\/em-angola-missao-da-katepa-celebra-50-anos-de-caminhada-de-fe-e-historia.html#breadcrumb"},"inLanguage":"pt-BR","potentialAction":[{"@type":"ReadAction","target":["https:\/\/franciscanos.org.br\/noticias\/em-angola-missao-da-katepa-celebra-50-anos-de-caminhada-de-fe-e-historia.html"]}]},{"@type":"BreadcrumbList","@id":"https:\/\/franciscanos.org.br\/noticias\/em-angola-missao-da-katepa-celebra-50-anos-de-caminhada-de-fe-e-historia.html#breadcrumb","itemListElement":[{"@type":"ListItem","position":1,"name":"Home","item":"https:\/\/franciscanos.org.br\/noticias"},{"@type":"ListItem","position":2,"name":"Em Angola, Miss\u00e3o da Katepa celebra 50 anos de caminhada de f\u00e9 e hist\u00f3ria"}]},{"@type":"Person","@id":"https:\/\/franciscanos.org.br\/noticias\/#\/schema\/person\/b5c8cba458c330ccff548b056e95a5d4","name":"moacir","image":{"@type":"ImageObject","inLanguage":"pt-BR","@id":"https:\/\/franciscanos.org.br\/noticias\/#\/schema\/person\/image\/","url":"https:\/\/secure.gravatar.com\/avatar\/d08aa2ce4c8dd416d4479aa8536fcf64?s=96&d=mm&r=g","contentUrl":"https:\/\/secure.gravatar.com\/avatar\/d08aa2ce4c8dd416d4479aa8536fcf64?s=96&d=mm&r=g","caption":"moacir"},"url":"https:\/\/franciscanos.org.br\/noticias\/author\/moacir"}]}},"_links":{"self":[{"href":"https:\/\/franciscanos.org.br\/noticias\/wp-json\/wp\/v2\/posts\/232498"}],"collection":[{"href":"https:\/\/franciscanos.org.br\/noticias\/wp-json\/wp\/v2\/posts"}],"about":[{"href":"https:\/\/franciscanos.org.br\/noticias\/wp-json\/wp\/v2\/types\/post"}],"author":[{"embeddable":true,"href":"https:\/\/franciscanos.org.br\/noticias\/wp-json\/wp\/v2\/users\/3"}],"replies":[{"embeddable":true,"href":"https:\/\/franciscanos.org.br\/noticias\/wp-json\/wp\/v2\/comments?post=232498"}],"version-history":[{"count":4,"href":"https:\/\/franciscanos.org.br\/noticias\/wp-json\/wp\/v2\/posts\/232498\/revisions"}],"predecessor-version":[{"id":232528,"href":"https:\/\/franciscanos.org.br\/noticias\/wp-json\/wp\/v2\/posts\/232498\/revisions\/232528"}],"wp:featuredmedia":[{"embeddable":true,"href":"https:\/\/franciscanos.org.br\/noticias\/wp-json\/wp\/v2\/media\/232504"}],"wp:attachment":[{"href":"https:\/\/franciscanos.org.br\/noticias\/wp-json\/wp\/v2\/media?parent=232498"}],"wp:term":[{"taxonomy":"category","embeddable":true,"href":"https:\/\/franciscanos.org.br\/noticias\/wp-json\/wp\/v2\/categories?post=232498"},{"taxonomy":"post_tag","embeddable":true,"href":"https:\/\/franciscanos.org.br\/noticias\/wp-json\/wp\/v2\/tags?post=232498"}],"curies":[{"name":"wp","href":"https:\/\/api.w.org\/{rel}","templated":true}]}}