{"id":232482,"date":"2021-06-14T09:57:38","date_gmt":"2021-06-14T12:57:38","guid":{"rendered":"https:\/\/franciscanos.org.br\/noticias\/?p=232482"},"modified":"2021-06-14T09:58:55","modified_gmt":"2021-06-14T12:58:55","slug":"frei-medella-indica-tres-virtudes-de-antonio-sabedoria-generosidade-e-maturidade","status":"publish","type":"post","link":"https:\/\/franciscanos.org.br\/noticias\/frei-medella-indica-tres-virtudes-de-antonio-sabedoria-generosidade-e-maturidade.html","title":{"rendered":"Frei Medella indica tr\u00eas virtudes de Ant\u00f4nio: sabedoria, generosidade e maturidade"},"content":{"rendered":"<p><img loading=\"lazy\" class=\"alignnone size-full wp-image-232483\" src=\"https:\/\/franciscanos.org.br\/noticias\/wp-content\/uploads\/2021\/06\/pari_01.jpg\" alt=\"\" width=\"1280\" height=\"642\" srcset=\"https:\/\/franciscanos.org.br\/noticias\/wp-content\/uploads\/2021\/06\/pari_01.jpg 1280w, https:\/\/franciscanos.org.br\/noticias\/wp-content\/uploads\/2021\/06\/pari_01-450x226.jpg 450w, https:\/\/franciscanos.org.br\/noticias\/wp-content\/uploads\/2021\/06\/pari_01-1024x514.jpg 1024w, https:\/\/franciscanos.org.br\/noticias\/wp-content\/uploads\/2021\/06\/pari_01-768x385.jpg 768w, https:\/\/franciscanos.org.br\/noticias\/wp-content\/uploads\/2021\/06\/pari_01-150x75.jpg 150w\" sizes=\"(max-width: 1280px) 100vw, 1280px\" \/><\/p>\n<p><strong>S\u00e3o Paulo (SP)<\/strong> &#8211; As festividades em honra ao Padroeiro da Par\u00f3quia Santo Ant\u00f4nio do Pari, na Capital paulista, terminaram neste domingo, 13 de junho, com a Missa Solene \u00e0s 19 horas, presidida pelo Vig\u00e1rio Provincial, Frei Gustavo Medella, e concelebradas pelo p\u00e1roco Frei Wilson Batista Sim\u00e3o, o guardi\u00e3o Frei Jos\u00e9 Francisco Santos e frades da Fraternidade.<\/p>\n<p>Nessas duas festas de Santo Ant\u00f4nio em meio \u00e0 pandemia, a Festa de Santo Ant\u00f4nio n\u00e3o reuniu multid\u00f5es como acontecia todo ano. O povo e os frades seguiram as orienta\u00e7\u00f5es para n\u00e3o haver aglomera\u00e7\u00f5es. Durante a Trezena, o povo refletiu sobre &#8220;Santo Ant\u00f4nio, o irm\u00e3o solid\u00e1rio&#8221;.<\/p>\n<p>Para Frei Medella, \u00e9 motivo sempre de muita alegria e muita emo\u00e7\u00e3o ouvir e recordar todas as gra\u00e7as e curas operadas por Santo Ant\u00f4nio ainda em vida, depois de falecido e at\u00e9 hoje. &#8220;Todo mundo, arrisco dizer aqui, conhece alguma hist\u00f3ria ou viveu de perto alguma situa\u00e7\u00e3o que a intercess\u00e3o de Santo Ant\u00f4nio foi importante para a obten\u00e7\u00e3o de uma gra\u00e7a ou benef\u00edcio. Hoje mesmo o guardi\u00e3o da minha Fraternidade perdeu as chaves. Eu falei: &#8216;reza para Santo Ant\u00f4nio, ainda mais hoje que \u00e9 dia dele&#8217;. Nem perguntei se ele as encontrou, mas tenho certeza que ele as achou, sim&#8221;, revelou.<\/p>\n<p>O frade ressaltou a import\u00e2ncia de celebrar com alegria e gratid\u00e3o, ficar emocionado com os milagres, mas disse que \u00e9 &#8220;t\u00e3o importante quanto&#8221; observar algumas qualidades humanas de Santo Ant\u00f4nio e buscar inspira\u00e7\u00e3o no tipo de gente que ele foi, no ser humano que ele aprendeu a ser em sua vida, procurando observar as virtudes que ele praticou para imit\u00e1-las em nossa vida.<\/p>\n<p><img loading=\"lazy\" class=\"alignnone size-full wp-image-232484\" src=\"https:\/\/franciscanos.org.br\/noticias\/wp-content\/uploads\/2021\/06\/pari_02.jpg\" alt=\"\" width=\"1254\" height=\"646\" srcset=\"https:\/\/franciscanos.org.br\/noticias\/wp-content\/uploads\/2021\/06\/pari_02.jpg 1254w, https:\/\/franciscanos.org.br\/noticias\/wp-content\/uploads\/2021\/06\/pari_02-450x232.jpg 450w, https:\/\/franciscanos.org.br\/noticias\/wp-content\/uploads\/2021\/06\/pari_02-1024x528.jpg 1024w, https:\/\/franciscanos.org.br\/noticias\/wp-content\/uploads\/2021\/06\/pari_02-768x396.jpg 768w, https:\/\/franciscanos.org.br\/noticias\/wp-content\/uploads\/2021\/06\/pari_02-150x77.jpg 150w\" sizes=\"(max-width: 1254px) 100vw, 1254px\" \/><\/p>\n<p>Para isso, o frade destacou tr\u00eas virtudes: A primeira, a virtude da sabedoria. &#8220;Santo Ant\u00f4nio \u00e9 um dos poucos santos declarados Doutor da Igreja, porque foi ex\u00edmio te\u00f3logo, defensor da f\u00e9, propagador da doutrina, escritor sagrado dos mais ilustres e insigne pregador do Evangelho. Ele viveu, encarnou e soube valorizar aquela sabedoria, \u00e0 qual a primeira leitura da Missa hoje se refere, diante da qual a prata e o ouro parecem p\u00f3 que n\u00e3o t\u00eam valor, que \u00e9 mais desejada do que a sa\u00fade e a beleza&#8221;, observou o Vig\u00e1rio Provincial.<\/p>\n<p>Segundo ele, \u00e9 a sabedoria de que n\u00f3s estamos precisando em nossa sociedade e para aqueles que nos coordenam e nos governam. &#8220;Eu nem diria que seja a sabedoria profunda de Santo Ant\u00f4nio, de conhecer na profundidade, de buscar os mist\u00e9rios da teologia e da f\u00e9. Se consegu\u00edssemos caminhar na dire\u00e7\u00e3o do bom senso j\u00e1 seria de excelente tamanho. Sem teimar que o quadrado \u00e9 redondo se a geometria e a matem\u00e1tica, h\u00e1 milhares de anos, est\u00e3o a\u00ed para n\u00f3s provar que o quadrado n\u00e3o pode nunca ser redondo e nem o c\u00edrculo ser quadrado. De perceber que se eu der um murro na ponta de uma faca, a faca vai ficar intacta e minha m\u00e3o vai ficar dilacerada. Falta tanto bom senso de ter no\u00e7\u00e3o de que precisamos continuar nos cuidando, com m\u00e1scara, com \u00e1lcool, com distanciamento, porque vivemos numa situa\u00e7\u00e3o cr\u00edtica&#8221;, lamentou.<\/p>\n<p>&#8220;Que a sabedoria de Deus nos ajude a termos bom senso de n\u00e3o acreditarmos em cada not\u00edcia falsa que nos chega ao bolso pelo Whatsapp e ainda \u00e9 passada adiante, causando desinforma\u00e7\u00e3o, desuni\u00e3o, briga, confus\u00e3o, desconfian\u00e7a. A sabedoria de Santo Ant\u00f4nio nos ensine para que n\u00e3o sejamos, conforme diz S\u00e3o Paulo na carta aos Ef\u00e9sios, &#8216;arrastados por todo o vento de doutrina, ludibriados pelos homens e por eles, com ast\u00facia, induzidos ao erro. N\u00e3o podemos ser como crist\u00e3os e crist\u00e3s adeptos daquela filosofia que diz &#8216;quanto pior melhor&#8217;. N\u00e3o. N\u00f3s queremos sa\u00fade, vacina, paz, unidade, para vivermos juntos a esperan\u00e7a. Queremos sabedoria&#8221;, pediu.<\/p>\n<p>Na segunda virtude, utilizou tr\u00eas termos: generosidade, empatia e solidariedade. &#8220;As tr\u00eas fazem um bloco s\u00f3 e est\u00e3o muito unidas. Generoso \u00e9 aquele que sabe da sua origem, da sua g\u00eanese, e v\u00ea que a mesma origem sua \u00e9 a origem do outro com quem ele vive e convive, porque o outro nasce da mesma origem e precisa ser t\u00e3o respeitado, t\u00e3o amado, t\u00e3o promovido como eu gostaria de ser no meu jeito, no meu modo, no meu comportamento. Ser generoso \u00e9 buscar cultivar a empatia. Como eu fico quando estou com fome? Mal-humorado, o estomago d\u00f3i, eu sinto fraqueza. Se eu sinto isso tudo, porque o outro com fome tamb\u00e9m n\u00e3o sente? Se eu n\u00e3o gosto de sentir, porque vou aprovar que o outro sinta? Por isso me torno generoso, e me torno solid\u00e1rio. Solid\u00e1rio \u00e9 aquele que busca a solidez do seu relacionamento e o compromisso de irm\u00e3o e irm\u00e3 com aquele que precisa&#8221;, explicou.<\/p>\n<p><img loading=\"lazy\" class=\"alignnone size-full wp-image-232485\" src=\"https:\/\/franciscanos.org.br\/noticias\/wp-content\/uploads\/2021\/06\/pari_03.jpg\" alt=\"\" width=\"1280\" height=\"1716\" srcset=\"https:\/\/franciscanos.org.br\/noticias\/wp-content\/uploads\/2021\/06\/pari_03.jpg 1280w, https:\/\/franciscanos.org.br\/noticias\/wp-content\/uploads\/2021\/06\/pari_03-336x450.jpg 336w, https:\/\/franciscanos.org.br\/noticias\/wp-content\/uploads\/2021\/06\/pari_03-764x1024.jpg 764w, https:\/\/franciscanos.org.br\/noticias\/wp-content\/uploads\/2021\/06\/pari_03-768x1030.jpg 768w, https:\/\/franciscanos.org.br\/noticias\/wp-content\/uploads\/2021\/06\/pari_03-1146x1536.jpg 1146w, https:\/\/franciscanos.org.br\/noticias\/wp-content\/uploads\/2021\/06\/pari_03-150x201.jpg 150w\" sizes=\"(max-width: 1280px) 100vw, 1280px\" \/><\/p>\n<p>Frei Medella indicou como \u00faltima virtude a maturidade. &#8220;Santo Ant\u00f4nio s\u00e1bio, Santo Ant\u00f4nio generoso, emp\u00e1tico e solid\u00e1rio, pegou o p\u00e3o da dispensa do Convento e distribuiu a um pobre que bateu \u00e0 sua porta; fez de tudo para ajudar uma mo\u00e7a pobre a conseguir o dote necess\u00e1rio para o seu casamento. Santo Ant\u00f4nio era consagrado, ele n\u00e3o ia se casar, mas ele sabia o que era importante para ele e, naquilo que era importante para ele, ele via o que era importante para o outro. Se era importante para aquela mo\u00e7a conseguir o casamento, ele fez sua parte. E foi um homem maduro&#8221;, elucidou.<\/p>\n<p>&#8220;Santo Ant\u00f4nio tinha o sonho de ser mission\u00e1rio, de ir ao Oriente, de entregar a vida em mart\u00edrio. N\u00e3o foi dessa maneira como sonhava, mas soube acolher as circunst\u00e2ncias e aquilo que a vida lhe ofereceu. Trabalhou de cozinheiro, foi ministro provincial, foi professor e dentro daquilo que era poss\u00edvel, foi tamb\u00e9m mission\u00e1rio. Na maturidade daquilo de quem soube ser adulto na f\u00e9&#8221;, acrescentou.<\/p>\n<p>Concluindo, Frei Gustavo fez um pedido: &#8220;Por isso, meus irm\u00e3os e minhas irm\u00e3s, tem muito sentido em ver uma comunidade centen\u00e1ria em honra a Santo Ant\u00f4nio neste lugar da nossa capital. &#8216;Ah, mas o Pari n\u00e3o \u00e9 mais um bairro de resid\u00eancia! Ah, pouca gente continua morando aqui!&#8217; Mas o Pari n\u00e3o continua sendo um lugar que precisa da sabedoria, da gerosidade, da maturidade? Ent\u00e3o, \u00e9 claro, que faz muito bem a presen\u00e7a de uma Fraternidade Franciscana que busca viver com honestidade e com transpar\u00eancia esse ideal. Basta ou \u00e9 muito bom saber que existe uma comunidade de f\u00e9, geogr\u00e1fica, de pessoas moram nessa regi\u00e3o, e afetiva, paroquianos de outras regi\u00f5es da cidade, mas que v\u00eam aqui partilhar a sua vida de comunidade e dar o seu testemunho, de generosidade, de esperan\u00e7a. Por isso, vamos rezar muito pelos freis da nossa Par\u00f3quia, pelo Servi\u00e7o Franciscano de Solidariedade, que a partir de sua sede acolhe e socorre a fome de tantos e de tantas. Vamos rezar e nos recordar de que aqui neste fervo de com\u00e9rcio, de pessoas de todos lugares do Brasil, existe uma multid\u00e3o que carece do testemunho. E que esta fraternidade se esfor\u00e7a, dia ap\u00f3s dia, para oferecer. Coloquem essas realidades, por favor, em suas ora\u00e7\u00f5es. Quando voc\u00ea recordar de Santo Ant\u00f4nio, por quem \u00e9 devoto, reze por tudo isso que n\u00f3s apresentamos aqui de cora\u00e7\u00e3o muito sincero. Quando puder e tiver oportunidade, volte mais vezes no decorrer do ano. A casa \u00e9 sempre sua. Santo Ant\u00f4nio est\u00e1 sempre aqui nesta bela imagem que povoa o nosso altar central, nas paredes e no cora\u00e7\u00e3o de cada um que aqui acolhe quando voc\u00ea chega. Sigamos em frente buscando imitar de nosso querido Santo Ant\u00f4nio a sabedoria, a generosidade e a maturidade&#8221;.<\/p>\n<p><img loading=\"lazy\" class=\"alignnone size-full wp-image-232489\" src=\"https:\/\/franciscanos.org.br\/noticias\/wp-content\/uploads\/2021\/06\/pari_04.jpg\" alt=\"\" width=\"960\" height=\"640\" srcset=\"https:\/\/franciscanos.org.br\/noticias\/wp-content\/uploads\/2021\/06\/pari_04.jpg 960w, https:\/\/franciscanos.org.br\/noticias\/wp-content\/uploads\/2021\/06\/pari_04-450x300.jpg 450w, https:\/\/franciscanos.org.br\/noticias\/wp-content\/uploads\/2021\/06\/pari_04-768x512.jpg 768w, https:\/\/franciscanos.org.br\/noticias\/wp-content\/uploads\/2021\/06\/pari_04-150x100.jpg 150w\" sizes=\"(max-width: 960px) 100vw, 960px\" \/><\/p>\n","protected":false},"excerpt":{"rendered":"<p>Par\u00f3quia Santo Ant\u00f4nio do Pari<\/p>\n","protected":false},"author":3,"featured_media":232486,"comment_status":"open","ping_status":"open","sticky":false,"template":"","format":"standard","meta":[],"categories":[1],"tags":[585],"acf":[],"yoast_head":"<!-- This site is optimized with the Yoast SEO plugin v19.2 - https:\/\/yoast.com\/wordpress\/plugins\/seo\/ -->\n<title>Frei Medella indica tr\u00eas virtudes de Ant\u00f4nio: sabedoria, generosidade e maturidade - Not\u00edcias - Franciscanos<\/title>\n<meta name=\"robots\" content=\"index, follow, max-snippet:-1, max-image-preview:large, max-video-preview:-1\" \/>\n<link rel=\"canonical\" href=\"https:\/\/franciscanos.org.br\/noticias\/frei-medella-indica-tres-virtudes-de-antonio-sabedoria-generosidade-e-maturidade.html\" \/>\n<meta property=\"og:locale\" content=\"pt_BR\" \/>\n<meta property=\"og:type\" content=\"article\" \/>\n<meta property=\"og:title\" content=\"Frei Medella indica tr\u00eas virtudes de Ant\u00f4nio: sabedoria, generosidade e maturidade - Not\u00edcias - Franciscanos\" \/>\n<meta property=\"og:description\" content=\"Par\u00f3quia Santo Ant\u00f4nio do Pari\" \/>\n<meta property=\"og:url\" content=\"https:\/\/franciscanos.org.br\/noticias\/frei-medella-indica-tres-virtudes-de-antonio-sabedoria-generosidade-e-maturidade.html\" \/>\n<meta property=\"og:site_name\" content=\"Not\u00edcias - Franciscanos\" \/>\n<meta property=\"article:published_time\" content=\"2021-06-14T12:57:38+00:00\" \/>\n<meta property=\"article:modified_time\" content=\"2021-06-14T12:58:55+00:00\" \/>\n<meta property=\"og:image\" content=\"https:\/\/franciscanos.org.br\/noticias\/wp-content\/uploads\/2021\/06\/pari_01d.jpg\" \/>\n\t<meta property=\"og:image:width\" content=\"800\" \/>\n\t<meta property=\"og:image:height\" content=\"550\" \/>\n\t<meta property=\"og:image:type\" content=\"image\/jpeg\" \/>\n<meta name=\"author\" content=\"moacir\" \/>\n<meta name=\"twitter:card\" content=\"summary_large_image\" \/>\n<meta name=\"twitter:label1\" content=\"Escrito por\" \/>\n\t<meta name=\"twitter:data1\" content=\"moacir\" \/>\n\t<meta name=\"twitter:label2\" content=\"Est. tempo de leitura\" \/>\n\t<meta name=\"twitter:data2\" content=\"7 minutos\" \/>\n<script type=\"application\/ld+json\" class=\"yoast-schema-graph\">{\"@context\":\"https:\/\/schema.org\",\"@graph\":[{\"@type\":\"WebSite\",\"@id\":\"https:\/\/franciscanos.org.br\/noticias\/#website\",\"url\":\"https:\/\/franciscanos.org.br\/noticias\/\",\"name\":\"Not\u00edcias - Franciscanos\",\"description\":\"Prov\u00edncia Franciscana da Imaculada Concei\u00e7\u00e3o do Brasil - Ordem dos Frades Menores - OFM\",\"potentialAction\":[{\"@type\":\"SearchAction\",\"target\":{\"@type\":\"EntryPoint\",\"urlTemplate\":\"https:\/\/franciscanos.org.br\/noticias\/?s={search_term_string}\"},\"query-input\":\"required name=search_term_string\"}],\"inLanguage\":\"pt-BR\"},{\"@type\":\"ImageObject\",\"inLanguage\":\"pt-BR\",\"@id\":\"https:\/\/franciscanos.org.br\/noticias\/frei-medella-indica-tres-virtudes-de-antonio-sabedoria-generosidade-e-maturidade.html#primaryimage\",\"url\":\"https:\/\/franciscanos.org.br\/noticias\/wp-content\/uploads\/2021\/06\/pari_01d.jpg\",\"contentUrl\":\"https:\/\/franciscanos.org.br\/noticias\/wp-content\/uploads\/2021\/06\/pari_01d.jpg\",\"width\":800,\"height\":550},{\"@type\":\"WebPage\",\"@id\":\"https:\/\/franciscanos.org.br\/noticias\/frei-medella-indica-tres-virtudes-de-antonio-sabedoria-generosidade-e-maturidade.html#webpage\",\"url\":\"https:\/\/franciscanos.org.br\/noticias\/frei-medella-indica-tres-virtudes-de-antonio-sabedoria-generosidade-e-maturidade.html\",\"name\":\"Frei Medella indica tr\u00eas virtudes de Ant\u00f4nio: sabedoria, generosidade e maturidade - Not\u00edcias - Franciscanos\",\"isPartOf\":{\"@id\":\"https:\/\/franciscanos.org.br\/noticias\/#website\"},\"primaryImageOfPage\":{\"@id\":\"https:\/\/franciscanos.org.br\/noticias\/frei-medella-indica-tres-virtudes-de-antonio-sabedoria-generosidade-e-maturidade.html#primaryimage\"},\"datePublished\":\"2021-06-14T12:57:38+00:00\",\"dateModified\":\"2021-06-14T12:58:55+00:00\",\"author\":{\"@id\":\"https:\/\/franciscanos.org.br\/noticias\/#\/schema\/person\/b5c8cba458c330ccff548b056e95a5d4\"},\"breadcrumb\":{\"@id\":\"https:\/\/franciscanos.org.br\/noticias\/frei-medella-indica-tres-virtudes-de-antonio-sabedoria-generosidade-e-maturidade.html#breadcrumb\"},\"inLanguage\":\"pt-BR\",\"potentialAction\":[{\"@type\":\"ReadAction\",\"target\":[\"https:\/\/franciscanos.org.br\/noticias\/frei-medella-indica-tres-virtudes-de-antonio-sabedoria-generosidade-e-maturidade.html\"]}]},{\"@type\":\"BreadcrumbList\",\"@id\":\"https:\/\/franciscanos.org.br\/noticias\/frei-medella-indica-tres-virtudes-de-antonio-sabedoria-generosidade-e-maturidade.html#breadcrumb\",\"itemListElement\":[{\"@type\":\"ListItem\",\"position\":1,\"name\":\"Home\",\"item\":\"https:\/\/franciscanos.org.br\/noticias\"},{\"@type\":\"ListItem\",\"position\":2,\"name\":\"Frei Medella indica tr\u00eas virtudes de Ant\u00f4nio: sabedoria, generosidade e maturidade\"}]},{\"@type\":\"Person\",\"@id\":\"https:\/\/franciscanos.org.br\/noticias\/#\/schema\/person\/b5c8cba458c330ccff548b056e95a5d4\",\"name\":\"moacir\",\"image\":{\"@type\":\"ImageObject\",\"inLanguage\":\"pt-BR\",\"@id\":\"https:\/\/franciscanos.org.br\/noticias\/#\/schema\/person\/image\/\",\"url\":\"https:\/\/secure.gravatar.com\/avatar\/d08aa2ce4c8dd416d4479aa8536fcf64?s=96&d=mm&r=g\",\"contentUrl\":\"https:\/\/secure.gravatar.com\/avatar\/d08aa2ce4c8dd416d4479aa8536fcf64?s=96&d=mm&r=g\",\"caption\":\"moacir\"},\"url\":\"https:\/\/franciscanos.org.br\/noticias\/author\/moacir\"}]}<\/script>\n<!-- \/ Yoast SEO plugin. -->","yoast_head_json":{"title":"Frei Medella indica tr\u00eas virtudes de Ant\u00f4nio: sabedoria, generosidade e maturidade - Not\u00edcias - Franciscanos","robots":{"index":"index","follow":"follow","max-snippet":"max-snippet:-1","max-image-preview":"max-image-preview:large","max-video-preview":"max-video-preview:-1"},"canonical":"https:\/\/franciscanos.org.br\/noticias\/frei-medella-indica-tres-virtudes-de-antonio-sabedoria-generosidade-e-maturidade.html","og_locale":"pt_BR","og_type":"article","og_title":"Frei Medella indica tr\u00eas virtudes de Ant\u00f4nio: sabedoria, generosidade e maturidade - Not\u00edcias - Franciscanos","og_description":"Par\u00f3quia Santo Ant\u00f4nio do Pari","og_url":"https:\/\/franciscanos.org.br\/noticias\/frei-medella-indica-tres-virtudes-de-antonio-sabedoria-generosidade-e-maturidade.html","og_site_name":"Not\u00edcias - Franciscanos","article_published_time":"2021-06-14T12:57:38+00:00","article_modified_time":"2021-06-14T12:58:55+00:00","og_image":[{"width":800,"height":550,"url":"https:\/\/franciscanos.org.br\/noticias\/wp-content\/uploads\/2021\/06\/pari_01d.jpg","type":"image\/jpeg"}],"author":"moacir","twitter_card":"summary_large_image","twitter_misc":{"Escrito por":"moacir","Est. tempo de leitura":"7 minutos"},"schema":{"@context":"https:\/\/schema.org","@graph":[{"@type":"WebSite","@id":"https:\/\/franciscanos.org.br\/noticias\/#website","url":"https:\/\/franciscanos.org.br\/noticias\/","name":"Not\u00edcias - Franciscanos","description":"Prov\u00edncia Franciscana da Imaculada Concei\u00e7\u00e3o do Brasil - Ordem dos Frades Menores - OFM","potentialAction":[{"@type":"SearchAction","target":{"@type":"EntryPoint","urlTemplate":"https:\/\/franciscanos.org.br\/noticias\/?s={search_term_string}"},"query-input":"required name=search_term_string"}],"inLanguage":"pt-BR"},{"@type":"ImageObject","inLanguage":"pt-BR","@id":"https:\/\/franciscanos.org.br\/noticias\/frei-medella-indica-tres-virtudes-de-antonio-sabedoria-generosidade-e-maturidade.html#primaryimage","url":"https:\/\/franciscanos.org.br\/noticias\/wp-content\/uploads\/2021\/06\/pari_01d.jpg","contentUrl":"https:\/\/franciscanos.org.br\/noticias\/wp-content\/uploads\/2021\/06\/pari_01d.jpg","width":800,"height":550},{"@type":"WebPage","@id":"https:\/\/franciscanos.org.br\/noticias\/frei-medella-indica-tres-virtudes-de-antonio-sabedoria-generosidade-e-maturidade.html#webpage","url":"https:\/\/franciscanos.org.br\/noticias\/frei-medella-indica-tres-virtudes-de-antonio-sabedoria-generosidade-e-maturidade.html","name":"Frei Medella indica tr\u00eas virtudes de Ant\u00f4nio: sabedoria, generosidade e maturidade - Not\u00edcias - Franciscanos","isPartOf":{"@id":"https:\/\/franciscanos.org.br\/noticias\/#website"},"primaryImageOfPage":{"@id":"https:\/\/franciscanos.org.br\/noticias\/frei-medella-indica-tres-virtudes-de-antonio-sabedoria-generosidade-e-maturidade.html#primaryimage"},"datePublished":"2021-06-14T12:57:38+00:00","dateModified":"2021-06-14T12:58:55+00:00","author":{"@id":"https:\/\/franciscanos.org.br\/noticias\/#\/schema\/person\/b5c8cba458c330ccff548b056e95a5d4"},"breadcrumb":{"@id":"https:\/\/franciscanos.org.br\/noticias\/frei-medella-indica-tres-virtudes-de-antonio-sabedoria-generosidade-e-maturidade.html#breadcrumb"},"inLanguage":"pt-BR","potentialAction":[{"@type":"ReadAction","target":["https:\/\/franciscanos.org.br\/noticias\/frei-medella-indica-tres-virtudes-de-antonio-sabedoria-generosidade-e-maturidade.html"]}]},{"@type":"BreadcrumbList","@id":"https:\/\/franciscanos.org.br\/noticias\/frei-medella-indica-tres-virtudes-de-antonio-sabedoria-generosidade-e-maturidade.html#breadcrumb","itemListElement":[{"@type":"ListItem","position":1,"name":"Home","item":"https:\/\/franciscanos.org.br\/noticias"},{"@type":"ListItem","position":2,"name":"Frei Medella indica tr\u00eas virtudes de Ant\u00f4nio: sabedoria, generosidade e maturidade"}]},{"@type":"Person","@id":"https:\/\/franciscanos.org.br\/noticias\/#\/schema\/person\/b5c8cba458c330ccff548b056e95a5d4","name":"moacir","image":{"@type":"ImageObject","inLanguage":"pt-BR","@id":"https:\/\/franciscanos.org.br\/noticias\/#\/schema\/person\/image\/","url":"https:\/\/secure.gravatar.com\/avatar\/d08aa2ce4c8dd416d4479aa8536fcf64?s=96&d=mm&r=g","contentUrl":"https:\/\/secure.gravatar.com\/avatar\/d08aa2ce4c8dd416d4479aa8536fcf64?s=96&d=mm&r=g","caption":"moacir"},"url":"https:\/\/franciscanos.org.br\/noticias\/author\/moacir"}]}},"_links":{"self":[{"href":"https:\/\/franciscanos.org.br\/noticias\/wp-json\/wp\/v2\/posts\/232482"}],"collection":[{"href":"https:\/\/franciscanos.org.br\/noticias\/wp-json\/wp\/v2\/posts"}],"about":[{"href":"https:\/\/franciscanos.org.br\/noticias\/wp-json\/wp\/v2\/types\/post"}],"author":[{"embeddable":true,"href":"https:\/\/franciscanos.org.br\/noticias\/wp-json\/wp\/v2\/users\/3"}],"replies":[{"embeddable":true,"href":"https:\/\/franciscanos.org.br\/noticias\/wp-json\/wp\/v2\/comments?post=232482"}],"version-history":[{"count":3,"href":"https:\/\/franciscanos.org.br\/noticias\/wp-json\/wp\/v2\/posts\/232482\/revisions"}],"predecessor-version":[{"id":232492,"href":"https:\/\/franciscanos.org.br\/noticias\/wp-json\/wp\/v2\/posts\/232482\/revisions\/232492"}],"wp:featuredmedia":[{"embeddable":true,"href":"https:\/\/franciscanos.org.br\/noticias\/wp-json\/wp\/v2\/media\/232486"}],"wp:attachment":[{"href":"https:\/\/franciscanos.org.br\/noticias\/wp-json\/wp\/v2\/media?parent=232482"}],"wp:term":[{"taxonomy":"category","embeddable":true,"href":"https:\/\/franciscanos.org.br\/noticias\/wp-json\/wp\/v2\/categories?post=232482"},{"taxonomy":"post_tag","embeddable":true,"href":"https:\/\/franciscanos.org.br\/noticias\/wp-json\/wp\/v2\/tags?post=232482"}],"curies":[{"name":"wp","href":"https:\/\/api.w.org\/{rel}","templated":true}]}}