{"id":232466,"date":"2021-06-22T07:42:58","date_gmt":"2021-06-22T10:42:58","guid":{"rendered":"https:\/\/franciscanos.org.br\/noticias\/?p=232466"},"modified":"2021-06-24T13:01:30","modified_gmt":"2021-06-24T16:01:30","slug":"paroquia-sao-francisco-de-assis-faz-80-anos-e-reforca-sua-vocacao-hospitalar","status":"publish","type":"post","link":"https:\/\/franciscanos.org.br\/noticias\/paroquia-sao-francisco-de-assis-faz-80-anos-e-reforca-sua-vocacao-hospitalar.html","title":{"rendered":"Par\u00f3quia S\u00e3o Francisco de Assis faz 80 anos e refor\u00e7a sua \u201cvoca\u00e7\u00e3o hospitalar\u201d"},"content":{"rendered":"<p><img loading=\"lazy\" src=\"https:\/\/franciscanos.org.br\/noticias\/wp-content\/uploads\/2021\/06\/paroquia-1200.jpg\" alt=\"\" width=\"1200\" height=\"721\" \/><\/p>\n<p><img loading=\"lazy\" class=\" wp-image-232493 alignleft\" src=\"https:\/\/franciscanos.org.br\/noticias\/wp-content\/uploads\/2021\/06\/paroquia-LOGO.jpg\" alt=\"\" width=\"210\" height=\"205\" srcset=\"https:\/\/franciscanos.org.br\/noticias\/wp-content\/uploads\/2021\/06\/paroquia-LOGO.jpg 300w, https:\/\/franciscanos.org.br\/noticias\/wp-content\/uploads\/2021\/06\/paroquia-LOGO-150x147.jpg 150w\" sizes=\"(max-width: 210px) 100vw, 210px\" \/>H\u00e1 oitenta anos, a Vila Clementino n\u00e3o tinha a fama que hoje a coloca no topo da lista entre as regi\u00f5es mais buscadas para se morar. Ficava na periferia de S\u00e3o Paulo, em meio a mato e riachos, como o antigo c\u00f3rrego Itoror\u00f3, que foi canalizado para receber a famosa avenida Rubem Berta (avenida 23 de maio), inaugurada em 25 de janeiro de 1969. Nessa vila, distante do centro da capital, um grande empreendimento foi inaugurado em 1940: o Hospital S\u00e3o Paulo. \u00c0s suas atividades se juntou a assist\u00eancia espiritual dos frades do Convento S\u00e3o Francisco, da regi\u00e3o central da cidade. Eles vinham, como conta a hist\u00f3ria, diariamente de bonde ou de \u00f4nibus para atender aos doentes do novo hospital.<\/p>\n<p>Essa assist\u00eancia dos frades come\u00e7ou a mudar quando, por decis\u00e3o de Dom Jos\u00e9 Gaspar da Fonseca e Silva, foi criada a Par\u00f3quia de S\u00e3o Francisco de Assis, tendo como limites a Rua Sena Madureira, Napole\u00e3o de Barros, Lu\u00eds G\u00f3is, Indian\u00f3polis, Fran\u00e7a Pinto e Tangar\u00e1. O terreno escolhido ficava na Rua Borges Lagoa. Um pr\u00e9dio particular da Fam\u00edlia Cruz foi transformado em igreja provis\u00f3ria, inaugurada no dia 29 de junho de 1941, exatamente na Solenidade de S\u00e3o Pedro e S\u00e3o Paulo.<\/p>\n<p>Esse momento hist\u00f3rico para os fi\u00e9is e frades da Par\u00f3quia S\u00e3o Francisco de Assis ser\u00e1 celebrado na Missa de A\u00e7\u00e3o de Gra\u00e7as deste domingo, 27 de junho, \u00e0s 9 horas,\u00a0 presidida por Dom \u00c2ngelo Ademir Mezzari, RCJ, Bispo Auxiliar da Arquidiocese de S\u00e3o Paulo, Regi\u00e3o Ipiranga.<\/p>\n<p>O primeiro p\u00e1roco, Frei Afonso Junges, ficou apenas tr\u00eas meses e uma doen\u00e7a o obrigou a retornar para o Convento S\u00e3o Francisco. O auxiliar, Frei Hon\u00f3rio Nacke, que tamb\u00e9m era capel\u00e3o do Hospital S\u00e3o Paulo e professor de \u00c9tica Profissional, Psicologia e Religi\u00e3o da Escola de Enfermagem e da Escola Paulista de Medicina, assumiu no seu lugar.<\/p>\n<p>Gra\u00e7as \u00e0 doa\u00e7\u00e3o de uma casa com tr\u00eas salas pelo sr. Ab\u00edlio de Ara\u00fajo Vieira, os frades puderam organizar as atividades paroquiais. A Resid\u00eancia Franciscana foi, ent\u00e3o, oficialmente erigida no dia 24 de agosto de 1942, sendo Frei Hon\u00f3rio Nacke o primeiro guardi\u00e3o. \u201cConvento simples, sem m\u00f3veis nem cozinha, in\u00edcio alegre e cheio de esperan\u00e7a\u201d, como registrou o livro-tombo da Par\u00f3quia. O diretor da Escola Paulista de Medicina, Dr. Guimar\u00e3es Filho, ofereceu nesse dia aos frades o almo\u00e7o e o jantar. Em 1942, Frei Hon\u00f3rio ganhou a companhia do seu confrade Frei Efr\u00e9m Morosek para ajudar na assist\u00eancia aos doentes do Hospital S\u00e3o Paulo e tamb\u00e9m na portaria do convento.<\/p>\n<p><img loading=\"lazy\" class=\"size-full wp-image-232470 alignright\" src=\"https:\/\/franciscanos.org.br\/noticias\/wp-content\/uploads\/2021\/06\/paroquia-jornal.jpg\" alt=\"\" width=\"500\" height=\"507\" srcset=\"https:\/\/franciscanos.org.br\/noticias\/wp-content\/uploads\/2021\/06\/paroquia-jornal.jpg 500w, https:\/\/franciscanos.org.br\/noticias\/wp-content\/uploads\/2021\/06\/paroquia-jornal-444x450.jpg 444w, https:\/\/franciscanos.org.br\/noticias\/wp-content\/uploads\/2021\/06\/paroquia-jornal-150x152.jpg 150w, https:\/\/franciscanos.org.br\/noticias\/wp-content\/uploads\/2021\/06\/paroquia-jornal-100x100.jpg 100w\" sizes=\"(max-width: 500px) 100vw, 500px\" \/>\u201cA hist\u00f3ria de nossa Par\u00f3quia, como tudo que \u00e9 incipiente, vai evoluindo aos poucos. Cremos que ao celebrar estes 80 anos, muito mais do que visitar um passado, precisamos, sim, olhar com gratid\u00e3o para os confrades que nos antecederam ao longo de tantas d\u00e9cadas, mas olhar com um carinho e gratid\u00e3o muito especiais a todos os paroquianos e paroquianas que ajudaram a construir a rica e bela hist\u00f3ria desta comunidade\u201d, avalia o p\u00e1roco atual, Frei Valdecir Schwambach.<\/p>\n<p>Segundo ele, este momento jubilar tamb\u00e9m ser\u00e1 celebrado em outubro, junto com as festividades do Padroeiro. \u201cCremos e esperamos que at\u00e9 l\u00e1 estaremos vivendo um momento mais tranquilo nesta pandemia que mudou o ritmo de vida das pessoas e das institui\u00e7\u00f5es. Achamos por bem n\u00e3o celebrar agora, mas fazer uma grande festa nas festividades de S\u00e3o Francisco de Assis\u201d, adianta o p\u00e1roco.<\/p>\n<p>Frei Valdecir, lembra, contudo, que esse momento \u00e9 oportuno para uma reflex\u00e3o: \u201cJulgamos ser bastante procedente a necessidade de nos perguntarmos, ao celebrar um anivers\u00e1rio de tamanho significado, qual a nossa voca\u00e7\u00e3o enquanto par\u00f3quia para os pr\u00f3ximos anos?\u201d<\/p>\n<p>O p\u00e1roco recordou que a assembleia paroquial, realizada no final de 2019, cunhou uma express\u00e3o bastante apropriada e que, de certa forma, exprime muito bem ao que sempre se prop\u00f4s \u00e0 Par\u00f3quia S\u00e3o Francisco: ser uma par\u00f3quia com \u201cvoca\u00e7\u00e3o hospitalar\u201d. \u201cEm 2014, o Papa Francisco lembrava que a Igreja deve ser como um \u2018hospital de campanha\u2019, pois h\u00e1 necessidade de se curar as feridas, muitas delas est\u00e3o ocultas. Lembra o Pont\u00edfice que oferecer miseric\u00f3rdia \u00e9 sin\u00f4nimo de curar feridas\u201d, refletiu Frei Valdecir.<\/p>\n<p>Segundo ele, o Papa Francisco diz que a par\u00f3quia n\u00e3o \u00e9 uma \u201cestrutura caduca\u201d, precisamente porque possui uma grande plasticidade, pode assumir formas muito diferentes que requerem a docilidade e a criatividade mission\u00e1ria do pastor e da comunidade. \u201c\u00c9 presen\u00e7a eclesial no territ\u00f3rio, \u00e2mbito para escuta da Palavra, para o crescimento da vida crist\u00e3, o di\u00e1logo, o an\u00fancio, a caridade, a adora\u00e7\u00e3o e a celebra\u00e7\u00e3o. Atrav\u00e9s de todas as suas atividades, a par\u00f3quia incentiva e forma seus membros para serem agentes da evangeliza\u00e7\u00e3o. \u00c9 comunidade de comunidades, santu\u00e1rio onde os sedentos v\u00e3o beber para continuarem a caminhar, e centro de constante envio mission\u00e1rio\u201d, diz, ao citar a \u201cEvangelium Gaudium, 28\u201d.<\/p>\n<p>Frei Valdecir conta que a comunidade acolhe pessoas vindas de diversas partes da cidade de S\u00e3o Paulo, mas tamb\u00e9m, pela proximidade dos hospitais, est\u00e1 aberta a pessoas de diferentes lugares do Brasil. \u201cTemos a\u00ed uma grande adequa\u00e7\u00e3o \u00e0quilo que requer a cultura urbana, com seus desafios \u00e0 evangeliza\u00e7\u00e3o: uma par\u00f3quia que n\u00e3o fique delimitada por quest\u00f5es geogr\u00e1ficas e territoriais, pois sabemos que na grande cidade, a territorialidade nem sempre serve como par\u00e2metro de refer\u00eancia para a participa\u00e7\u00e3o. Cada vez mais participamos por ades\u00e3o, uma esp\u00e9cie de identifica\u00e7\u00e3o\u201d, avalia o p\u00e1roco.<\/p>\n<p>\u201cQue a celebra\u00e7\u00e3o dos 80 anos nos ajude a percorrermos um caminho de f\u00e9, de encontro e ades\u00e3o \u00e0 mensagem pregada pelo Cristo\u201d, celebra o frade!<\/p>\n<p>&nbsp;<\/p>\n<h3><strong>O EXTERNATO E A CONSTRU\u00c7\u00c3O DA MATRIZ<\/strong><\/h3>\n<p><img loading=\"lazy\" class=\"size-full wp-image-232488 alignleft\" src=\"https:\/\/franciscanos.org.br\/noticias\/wp-content\/uploads\/2021\/06\/paroquia-CASA.jpg\" alt=\"\" width=\"400\" height=\"286\" srcset=\"https:\/\/franciscanos.org.br\/noticias\/wp-content\/uploads\/2021\/06\/paroquia-CASA.jpg 400w, https:\/\/franciscanos.org.br\/noticias\/wp-content\/uploads\/2021\/06\/paroquia-CASA-150x107.jpg 150w\" sizes=\"(max-width: 400px) 100vw, 400px\" \/>Coube ao Frei Hon\u00f3rio, em 1942, fundar o Externato S\u00e3o Francisco de Assis, em uma constru\u00e7\u00e3o adaptada e cedida pelo paroquiano Ab\u00edlio Araujo Vieira, \u201cem ato de bondade e de convic\u00e7\u00e3o religiosa\u201d, que tamb\u00e9m cedeu a casa paroquial.<\/p>\n<p>O Externato S\u00e3o Francisco de Assis funcionou quase por 40 anos, ministrando o prim\u00e1rio e o jardim de inf\u00e2ncia para as crian\u00e7as do bairro.<\/p>\n<p>No pouco tempo que Frei Afonso esteve \u00e0 frente da Par\u00f3quia, criou a Pia Uni\u00e3o das Filhas de Maria e o Apostolado da Ora\u00e7\u00e3o, bem como conseguiu muitas doa\u00e7\u00f5es para a capela. \u201cPelo seu trabalho piedoso obteve por doa\u00e7\u00e3o da fam\u00edlia Nogueira de S\u00e1 o sino da Igreja. Por uma subscri\u00e7\u00e3o entre seus paroquianos foram adquiridos 24 bancos para a Matriz. Por doa\u00e7\u00f5es espont\u00e2neas foram introduzidas na Igreja as seguintes imagens: S\u00e3o Francisco de Assis, Santo Ant\u00f4nio de P\u00e1dua e Nossa Senhora de F\u00e1tima\u201d, como consta do livro-tombo.<\/p>\n<p>A Igreja que, durante muitos anos se destacava no bairro por suas torres, teve como construtor Frei Felisberto Imhorst. Ele deu a b\u00ean\u00e7\u00e3o da pedra fundamental da nova Igreja Matriz no dia 5 de junho de 1949, na Festa do Esp\u00edrito Santo. Esteve presente nesse dia, marcado por uma chuva torrencial, Dom Carlos Carmelo de Vasconcelos Motta, Cardeal Arcebispo de S\u00e3o Paulo.<\/p>\n<p>Apontado na Prov\u00edncia como o \u201cPe. Construtor\u201d, a Frei Felisberto se deve a constru\u00e7\u00e3o de v\u00e1rias igrejas e conventos. Nascido Carlos Frederico Imhorst, em Moers, na Alemanha, aos 16 de agosto de 1894, veio ao Brasil em 1910, j\u00e1 como aluno, recebendo o h\u00e1bito franciscano e o nome de Frei Felisberto em 1916. Foi ordenado presb\u00edtero em 17 de dezembro de 1921, em Petr\u00f3polis (RJ).<\/p>\n<p>No dia 1\u00ba de mar\u00e7o de 1951 come\u00e7aram os trabalhos de constru\u00e7\u00e3o, com a conclus\u00e3o da primeira torre somente em maio de 1957. Essa etapa teve a b\u00ean\u00e7\u00e3o da cruz (de 2,60 metros de altura) que foi amarrada e levada ao cume da torre. J\u00e1 no m\u00eas seguinte, para a solenidade do Sagrado Cora\u00e7\u00e3o de Jesus, foi benzida a imagem desta antiga devo\u00e7\u00e3o franciscana, esculpida em madeira (2 metros de altura) pelo artista Joaquim de Souza, do Rio de Janeiro, oferecida pelo Sr. Jos\u00e9 Augusto Mattos. Tamb\u00e9m se colocou o altar de m\u00e1rmore, oferecido pelo Sr. Manoel Carvalho.<\/p>\n<p>Para a festa do Padroeiro, no dia 6 de outubro foi feita a b\u00ean\u00e7\u00e3o solene e entroniza\u00e7\u00e3o da imagem de S\u00e3o Francisco de Assis, que tem 3 metros de altura (com a Cruz, 4,30 m). A imagem foi feita no Liceu de Artes e Of\u00edcios e doada pelo Sr. Mario Aguiar de Abreu. Um m\u00eas depois, no dia 2 de novembro, mesmo inacabada, a nova Matriz foi aben\u00e7oada e inaugurada oficialmente por Dom Paulo Rolim Loureiro, em visita pastoral \u00e0 Par\u00f3quia.<\/p>\n<p>A segunda torre, contudo, foi conclu\u00edda no dia 9 de mar\u00e7o de 1958. Nesse ano, alguns altares foram inaugurados, com a imagem de Santo Ant\u00f4nio, no dia de sua festa, 13 de junho. Ela foi trazida de Portugal, feita pelo escultor Tedim, e ofertada pelo Sr. Julio E\u00e7a e Sra. Tamb\u00e9m este casal ofereceu, em 15 de agosto de 1959, a imagem de Nossa Senhora de F\u00e1tima, tamb\u00e9m vinda de Portugal.<\/p>\n<p>Neste ano, em 30 de novembro, foi solenemente inaugurado o altar dos 26 m\u00e1rtires japoneses de Nagasaki. A missa e a b\u00ean\u00e7\u00e3o do altar foram feitas por Frei Bonif\u00e1cio Dux, OFM, mission\u00e1rio da Col\u00f4nia Japonesa. A partir desta data come\u00e7am as missas em japon\u00eas.<\/p>\n<p>Em 1960 foram encomendados, na \u201cFundi\u00e7\u00e3o Art\u00edstica Paulistana\u201d, tr\u00eas sinos e foram comprados os motores. No dia 18 de junho de 1961 houve a b\u00ean\u00e7\u00e3o dos sinos, sendo o maior, dedicado a S\u00e3o Francisco, o segundo a Nossa Senhora de F\u00e1tima, e o terceiro a Santo Ant\u00f4nio.<\/p>\n<p>No m\u00eas de agosto seguinte, foi realizada a b\u00ean\u00e7\u00e3o da imagem de S\u00e3o Benedito, esculpida em madeira e oferecida pelo Sr. Sant\u2019Ana. No \u00faltimo m\u00eas deste ano foram dadas por encerradas as obras da Matriz.<\/p>\n<p>Antes, no dia 17 de maio de 1960 saiu o alvar\u00e1 para a constru\u00e7\u00e3o da Casa Paroquial. Com dois pisos, ele ficou pronta em dezembro de 1962. Frei Felisberto continuou morando na casinha antiga e s\u00f3 se mudou para a casa nova na P\u00e1scoa de 1964.<\/p>\n<h3><strong>PAR\u00d3QUIA E SEDE PROVINCIAL<\/strong><\/h3>\n<p><img loading=\"lazy\" src=\"https:\/\/franciscanos.org.br\/noticias\/wp-content\/uploads\/2021\/06\/novaIMG_0406.jpg\" alt=\"\" width=\"1200\" height=\"752\" \/><\/p>\n<p>A Casa Paroquial foi demolida em 2002 para a constru\u00e7\u00e3o de um empreendimento imobili\u00e1rio de 26 andares, que cedeu parte dos andares t\u00e9rreos para a estrutura paroquial e resid\u00eancia dos frades. Mais tarde passou a abrigar a Sede Provincial da Prov\u00edncia da Imaculada Concei\u00e7\u00e3o do Brasil, uma entidade franciscana de 345 anos. Depois de 58 anos funcionando no Convento S\u00e3o Francisco, no Centro de S\u00e3o Paulo, o Cap\u00edtulo Provincial de 2003 aprovou por unanimidade a transfer\u00eancia para a Vila Clementino. Em 2004, o Governo Provincial se mudou para a rua Borges Lagoa.<\/p>\n<p>A Par\u00f3quia foi recebendo melhoramentos no correr dos anos. Possui amplo sal\u00e3o, onde s\u00e3o feitos bazares beneficentes e conta com um servi\u00e7o de presta\u00e7\u00e3o de apoio social, ajudando os paroquianos carentes.<\/p>\n<p>A \u00faltima restaura\u00e7\u00e3o da Igreja S\u00e3o Francisco de Assis, na Vila Clementino, foi realizada para festejar os 70 anos de sua funda\u00e7\u00e3o pelo ent\u00e3o p\u00e1roco Frei Djalmo Fuck. No dia 24 de junho de 2011, solenidade do Nascimento de S\u00e3o Jo\u00e3o Batista, o bispo auxiliar de S\u00e3o Paulo, da regi\u00e3o episcopal do Ipiranga, Dom Tom\u00e9 Ferreira da Silva, presidiu a Missa de A\u00e7\u00e3o de Gra\u00e7as pela conclus\u00e3o das obras da igreja. Esta reforma tirou o sono de Frei Djalmo. No meio da obra, ele se viu diante da necessidade de ampliar a reforma com a troca total dos telhados, j\u00e1 que estavam todos comprometidos. N\u00e3o havia dinheiro para tanto e toda a campanha feita visava uma reforma de custo inicial de R$ 350 mil. Mas a\u00ed o povo deu uma demonstra\u00e7\u00e3o de generosidade, partilha e comprometimento com a Par\u00f3quia e o resultado foi alcan\u00e7ado.<\/p>\n<p style=\"padding-left: 40px;\"><strong>Fonte:<\/strong><em> informa\u00e7\u00f5es do Livro Tombo de Igreja S\u00e3o Francisco de Assis<\/em><\/p>\n<h2 style=\"text-align: center;\">DEPOIMENTOS<\/h2>\n<hr \/>\n<h3><strong>Comunh\u00e3o de vida<\/strong><\/h3>\n<p><img loading=\"lazy\" class=\" wp-image-232473 alignleft\" src=\"https:\/\/franciscanos.org.br\/noticias\/wp-content\/uploads\/2021\/06\/paroquia-depoimento-01.jpg\" alt=\"\" width=\"200\" height=\"275\" srcset=\"https:\/\/franciscanos.org.br\/noticias\/wp-content\/uploads\/2021\/06\/paroquia-depoimento-01.jpg 326w, https:\/\/franciscanos.org.br\/noticias\/wp-content\/uploads\/2021\/06\/paroquia-depoimento-01-150x207.jpg 150w\" sizes=\"(max-width: 200px) 100vw, 200px\" \/>O paroquiano Luiz Fernando Ribeiro mora no Campo Belo, mas adotou a Par\u00f3quia S\u00e3o Francisco quando estava hospedado no bairro e conheceu a igreja. Al\u00e9m do trabalho pastoral da comunica\u00e7\u00e3o, ajuda na pastoral com a popula\u00e7\u00e3o de rua.<\/p>\n<p><em>Quando \u201cencontrei\u201d, pela primeira vez, a Par\u00f3quia S\u00e3o Francisco espremida entre os pr\u00e9dios do bairro, quase escondida mesmo, tive uma surpresa. Nunca a tinha visto. Entrando, senti meu primeiro impacto. Uma igreja imponente, espa\u00e7osa, p\u00e9 direito alt\u00edssimo, quase majestosa. Andando pelas capelas laterais comecei a perceber a simplicidade quase espartana da Igreja. No altar, quase ao n\u00edvel da assembleia, uma enorme mesa em madeira, minimalista, com apenas 2 velas, mais nada.<\/em><\/p>\n<p><em>Mas foi aqui na S\u00e3o Francisco que encontrei algo que h\u00e1 muito procurava, sem saber: comunh\u00e3o de vida. Descobri aqui, ou melhor, percebi aqui que a f\u00e9 \u00e9 algo a ser nutrido diariamente. \u00c9 um h\u00e1bito que deve ser frequente e permanente. Mas a f\u00e9, sem comunh\u00e3o, n\u00e3o vale muito. Tenho aprendido aqui a comungar com os outros, buscando di\u00e1logo, entendimento e a repartir humildemente. Orgulho-me de pertencer a uma comunidade que busca ser verdadeiramente fraterna, atenta aos mais humildes, que n\u00e3o se deixa seduzir pelo material, que encoraja o respeito pela natureza, tudo isto imbu\u00eddo da compreens\u00e3o da humanidade de Deus.<\/em><\/p>\n<p>&nbsp;<\/p>\n<hr \/>\n<h3><strong>Encontrei acolhimento e aprendi a acolher<\/strong><\/h3>\n<p><img loading=\"lazy\" class=\"wp-image-232477 alignleft\" src=\"https:\/\/franciscanos.org.br\/noticias\/wp-content\/uploads\/2021\/06\/paroquia-depoimento-02.jpg\" alt=\"\" width=\"199\" height=\"276\" srcset=\"https:\/\/franciscanos.org.br\/noticias\/wp-content\/uploads\/2021\/06\/paroquia-depoimento-02.jpg 324w, https:\/\/franciscanos.org.br\/noticias\/wp-content\/uploads\/2021\/06\/paroquia-depoimento-02-150x208.jpg 150w\" sizes=\"(max-width: 199px) 100vw, 199px\" \/>A paroquiana Regina Oyamaguchi \u00e9 pura alegria na comunidade. N\u00e3o h\u00e1 quem n\u00e3o a conhe\u00e7a e nutra por ela carinho. Regina reside no bairro do Jaguar\u00e9, 18 quil\u00f4metros distantes da Par\u00f3quia.<\/p>\n<p><em>Minha hist\u00f3ria com a Par\u00f3quia S\u00e3o Francisco de Assis come\u00e7a h\u00e1 mais de 25 anos, quando necessitei de uma orienta\u00e7\u00e3o espiritual e fui acolhida com muito carinho pelo Frei Anacleto Gaspski. Percebendo minha vontade de integrar-me \u00e0 comunidade, fui apresentada \u00e0 Rita, que coordenava um grupo de ora\u00e7\u00e3o e ao grupo de jovens, que j\u00e1 assumia a missa das 11h30.<\/em><\/p>\n<p><em>A liga\u00e7\u00e3o com os jovens seguramente teve seu in\u00edcio nesse momento. O amor transbordou meu cora\u00e7\u00e3o de uma forma t\u00e3o plena, que me entreguei de corpo e alma ao trabalho volunt\u00e1rio e logo fui trabalhar com os jovens na catequese de Crisma. Depois disso, passei por outras pastorais: Liturgia, Comunica\u00e7\u00e3o e, mais recentemente, D\u00edzimo (sem nunca abandonar o esp\u00edrito jovem!).<\/em><\/p>\n<p><em>Minha devo\u00e7\u00e3o a S\u00e3o Francisco de Assis se deve, principalmente, \u00e0 Claudete da OFS. Ela, pacientemente, foi me nutrindo com livros, textos e m\u00fasicas sobre S\u00e3o Francisco. Hoje continuo a frequentar a missa das 11h30 e tenho ainda ao meu lado dois daqueles jovens que me acolheram e muitos outros que chegaram depois. Vez ou outra, jovens que fizeram a Crisma ou participaram do grupo de jovens, retornam para nos visitar, sabendo que l\u00e1 estaremos para os receber. Se a mem\u00f3ria falha ao recordar os nomes, o cora\u00e7\u00e3o nunca apaga os rostos, os momentos, as hist\u00f3rias vividas e as preces elevadas.<\/em><\/p>\n<p><em>Nesta Par\u00f3quia encontrei acolhimento e aprendi a acolher; aprendi o valor da entrega, da amizade e do amor. Aqui encontrei uma fam\u00edlia e entendi o sentido de perten\u00e7a!<\/em><\/p>\n<hr \/>\n<h3><strong>Afeto franciscano<\/strong><\/h3>\n<p><strong><img loading=\"lazy\" class=\" wp-image-232479 alignleft\" src=\"https:\/\/franciscanos.org.br\/noticias\/wp-content\/uploads\/2021\/06\/paroquia-depoimento-03.jpg\" alt=\"\" width=\"198\" height=\"273\" srcset=\"https:\/\/franciscanos.org.br\/noticias\/wp-content\/uploads\/2021\/06\/paroquia-depoimento-03.jpg 326w, https:\/\/franciscanos.org.br\/noticias\/wp-content\/uploads\/2021\/06\/paroquia-depoimento-03-150x207.jpg 150w\" sizes=\"(max-width: 198px) 100vw, 198px\" \/><\/strong>A paroquiana Wilma Del\u00e9o Pessoa, casada com Valdevir F. Pessoa, reside mais perto da Par\u00f3quia do Sant\u00edssimo, na rua Tut\u00f3ia, mas sua proximidade e identifica\u00e7\u00e3o com o carisma franciscano a trouxe, h\u00e1 40 anos, para a Par\u00f3quia S\u00e3o Francisco de Assis na Vila Clementino. Segundo ela, conheceu o carisma franciscano quando fez o curso de noivos com os Frades Capuchinhos da Par\u00f3quia da Imaculada Concei\u00e7\u00e3o, na avenida Brigadeiro, e continuou por um tempo no grupo de casais. Seus filhos &#8211; Jos\u00e9 Fabr\u00edcio e Maria Beatriz &#8211; frequentaram esta igreja at\u00e9 se casarem. Voltaram \u00e0 Vila para batizar os netos de Wilma.<\/p>\n<p><em>\u201cEu sempre me identifiquei com a proposta franciscana e com os trabalhos pastorais desta Par\u00f3quia. Fui bastante atuante na catequese, primeiro com a forma\u00e7\u00e3o para a Primeira Eucaristia, depois para a Crisma. Hoje, estou na pastoral do D\u00edzimo, na pastoral da Liturgia, onde atuo muito na Missa das 11h30 aos domingos, e no grupo do bazar. Qualquer coisa que precisar, pode me chamar que eu vou. N\u00e3o sei explicar, mas h\u00e1 uma rela\u00e7\u00e3o de afeto com a comunidade, com os frades, com os Santos franciscanos: S\u00e3o Francisco, Santo Ant\u00f4nio e Santa Clara. Acho que tem a ver com a espiritualidade franciscana, onde a fraternidade \u00e9 a base do carisma. Isso faz com que sejamos pr\u00f3ximos desses santos e das causas ligadas a eles. Por exemplo, S\u00e3o Francisco protetor dos animais; Santo Ant\u00f4nio protetor das fam\u00edlias. <\/em><\/p>\n<p><em>Quando vim para c\u00e1, o bairro era outro. N\u00e3o havia esses pr\u00e9dios. N\u00f3s t\u00ednhamos uma vis\u00e3o de comunidade muito boa. N\u00f3s t\u00ednhamos um Sal\u00e3o Paroquial em outro formato. As festas juninas e a de S\u00e3o Francisco eram muito boas, mas totalmente diferentes de hoje porque a cidade vivia outro perfil. Aqui era um bairro de resid\u00eancias que depois foi se verticalizando como outros. Mudou-se o perfil do bairro, do morador, que agora fica restrito aos apartamentos e menos comprometido com a sua comunidade. O perfil do paroquiano tamb\u00e9m mudou e hoje os devotos v\u00eam de todos os cantos do pa\u00eds. Os hospitais neste bairro e regi\u00e3o atraem uma popula\u00e7\u00e3o vol\u00e1til, seja de doentes ou acompanhantes. Por exemplo, muitas pessoas que frequentam a Par\u00f3quia s\u00e3o estudantes. V\u00eam fazer mestrado, doutorado na Unifesp e resid\u00eancia em outros hospitais. Esse movimento tempor\u00e1rio n\u00e3o existia antigamente.<\/em><\/p>\n<p><em>Quando vou a Santos, frequento outra igreja, mas sinto que falta algo. Acho que \u00e9 afeto que os freis demonstram com a comunidade, o que gera a sensa\u00e7\u00e3o de acolhimento e de perten\u00e7a \u00e0 Par\u00f3quia. \u00c9 ele, o afeto, que nutre o carinho dos paroquianos pela sua Casa de Ora\u00e7\u00e3o.<\/em><\/p>\n<hr \/>\n<h3><strong>Eterna gratid\u00e3o<\/strong><\/h3>\n<p><img loading=\"lazy\" class=\" wp-image-232480 alignleft\" src=\"https:\/\/franciscanos.org.br\/noticias\/wp-content\/uploads\/2021\/06\/paroquia-depoimento-04.jpg\" alt=\"\" width=\"198\" height=\"273\" srcset=\"https:\/\/franciscanos.org.br\/noticias\/wp-content\/uploads\/2021\/06\/paroquia-depoimento-04.jpg 326w, https:\/\/franciscanos.org.br\/noticias\/wp-content\/uploads\/2021\/06\/paroquia-depoimento-04-150x207.jpg 150w\" sizes=\"(max-width: 198px) 100vw, 198px\" \/>Maria Thereza Vita Roso Medeiros \u00e9 organista:<\/p>\n<p><em>Existem momentos que ficam na nossa mem\u00f3ria. Quando viemos morar aqui na Vila foi um descortinar de anos em que pude encontrar as pessoas que, pela mesma f\u00e9, me conduziram a um amadurecimento espiritual marcante. Sa\u00ed de uma f\u00e9 de tradi\u00e7\u00e3o para uma f\u00e9 mais consciente e madura. Quem abriu essas portas para mim foi Frei Jo\u00e3o Bosco com toda a sua capacidade de transmitir o verdadeiro sentido da vida. Foi aqui que eu realizei um grande sonho de participar da santa Missa com a m\u00fasica. E consegui com Frei Silvio conhecer melhor a m\u00fasica lit\u00fargica. Toquei em diferentes hor\u00e1rios, por\u00e9m a minha dedica\u00e7\u00e3o maior tem sido nas celebra\u00e7\u00f5es no Hospital S\u00e3o Paulo onde, atrav\u00e9s da Pastoral da Sa\u00fade, levamos a mensagem de Jesus que \u00e9 a paz e a salva\u00e7\u00e3o.<\/em><\/p>\n<p><em>Minha devo\u00e7\u00e3o a Frei Galv\u00e3o pude demonstrar nas celebra\u00e7\u00f5es mensais nas primeiras sextas-feiras do m\u00eas em que fazemos mem\u00f3ria ao cora\u00e7\u00e3o de Jesus e a Santo Frei Galv\u00e3o. Devo muito aos franciscanos, cuja op\u00e7\u00e3o maior \u00e9 a fraternidade. Nesta Par\u00f3quia celebrei minhas bodas de ouro, foram batizadas as minhas netas e recentemente o batizado de meus dois bisnetos. Minha eterna gratid\u00e3o aos frades de hoje e aos que por aqui passaram pelo acolhimento e tamb\u00e9m pelas amizades que foram feitas.<\/em><\/p>\n<p><iframe loading=\"lazy\" width=\"100%\" height=\"166\" scrolling=\"no\" frameborder=\"no\" allow=\"autoplay\" src=\"https:\/\/w.soundcloud.com\/player\/?url=https%3A\/\/api.soundcloud.com\/tracks\/1074955765&#038;color=%23ff5500&#038;auto_play=false&#038;hide_related=false&#038;show_comments=true&#038;show_user=true&#038;show_reposts=false&#038;show_teaser=true\"><\/iframe><\/p>\n<div style=\"font-size: 10px; color: #cccccc;line-break: anywhere;word-break: normal;overflow: hidden;white-space: nowrap;text-overflow: ellipsis; font-family: Interstate,Lucida Grande,Lucida Sans Unicode,Lucida Sans,Garuda,Verdana,Tahoma,sans-serif;font-weight: 100;\"><a href=\"https:\/\/soundcloud.com\/pascom-paroquiavila\" title=\"S\u00e3o Francisco de Assis - Vila Clementino SP\" target=\"_blank\" style=\"color: #cccccc; text-decoration: none;\" rel=\"noopener noreferrer\">S\u00e3o Francisco de Assis &#8211; Vila Clementino SP<\/a> \u00b7 <a href=\"https:\/\/soundcloud.com\/pascom-paroquiavila\/hino-dos-80-anos-da-paroquia-sao-francisco-de-assis\" title=\"HINO DOS 80 ANOS DA PAR\u00d3QUIA S\u00c3O FRANCISCO DE ASSIS - VILA CLEMENTINO\" target=\"_blank\" style=\"color: #cccccc; text-decoration: none;\" rel=\"noopener noreferrer\">HINO DOS 80 ANOS DA PAR\u00d3QUIA S\u00c3O FRANCISCO DE ASSIS &#8211; VILA CLEMENTINO<\/a><\/div>\n<p>&nbsp;<\/p>\n<hr \/>\n<p><em>Moacir Beggo<\/em><\/p>\n","protected":false},"excerpt":{"rendered":"<p>Jubileu da Par\u00f3quia S\u00e3o Francisco de Assis<\/p>\n","protected":false},"author":7,"featured_media":232467,"comment_status":"open","ping_status":"open","sticky":false,"template":"","format":"standard","meta":[],"categories":[1],"tags":[],"acf":[],"yoast_head":"<!-- This site is optimized with the Yoast SEO plugin v19.2 - https:\/\/yoast.com\/wordpress\/plugins\/seo\/ -->\n<title>Par\u00f3quia S\u00e3o Francisco de Assis faz 80 anos e refor\u00e7a sua \u201cvoca\u00e7\u00e3o hospitalar\u201d - Not\u00edcias - Franciscanos<\/title>\n<meta name=\"robots\" content=\"index, follow, max-snippet:-1, max-image-preview:large, max-video-preview:-1\" \/>\n<link rel=\"canonical\" href=\"https:\/\/franciscanos.org.br\/noticias\/paroquia-sao-francisco-de-assis-faz-80-anos-e-reforca-sua-vocacao-hospitalar.html\" \/>\n<meta property=\"og:locale\" content=\"pt_BR\" \/>\n<meta property=\"og:type\" content=\"article\" \/>\n<meta property=\"og:title\" content=\"Par\u00f3quia S\u00e3o Francisco de Assis faz 80 anos e refor\u00e7a sua \u201cvoca\u00e7\u00e3o hospitalar\u201d - Not\u00edcias - Franciscanos\" \/>\n<meta property=\"og:description\" content=\"Jubileu da Par\u00f3quia S\u00e3o Francisco de Assis\" \/>\n<meta property=\"og:url\" content=\"https:\/\/franciscanos.org.br\/noticias\/paroquia-sao-francisco-de-assis-faz-80-anos-e-reforca-sua-vocacao-hospitalar.html\" \/>\n<meta property=\"og:site_name\" content=\"Not\u00edcias - Franciscanos\" \/>\n<meta property=\"article:published_time\" content=\"2021-06-22T10:42:58+00:00\" \/>\n<meta property=\"article:modified_time\" content=\"2021-06-24T16:01:30+00:00\" \/>\n<meta property=\"og:image\" content=\"https:\/\/franciscanos.org.br\/noticias\/wp-content\/uploads\/2021\/06\/paroquia-800x550-1.jpg\" \/>\n\t<meta property=\"og:image:width\" content=\"800\" \/>\n\t<meta property=\"og:image:height\" content=\"550\" \/>\n\t<meta property=\"og:image:type\" content=\"image\/jpeg\" \/>\n<meta name=\"author\" content=\"jovenal\" \/>\n<meta name=\"twitter:card\" content=\"summary_large_image\" \/>\n<meta name=\"twitter:label1\" content=\"Escrito por\" \/>\n\t<meta name=\"twitter:data1\" content=\"jovenal\" \/>\n\t<meta name=\"twitter:label2\" content=\"Est. tempo de leitura\" \/>\n\t<meta name=\"twitter:data2\" content=\"17 minutos\" \/>\n<script type=\"application\/ld+json\" class=\"yoast-schema-graph\">{\"@context\":\"https:\/\/schema.org\",\"@graph\":[{\"@type\":\"WebSite\",\"@id\":\"https:\/\/franciscanos.org.br\/noticias\/#website\",\"url\":\"https:\/\/franciscanos.org.br\/noticias\/\",\"name\":\"Not\u00edcias - Franciscanos\",\"description\":\"Prov\u00edncia Franciscana da Imaculada Concei\u00e7\u00e3o do Brasil - Ordem dos Frades Menores - OFM\",\"potentialAction\":[{\"@type\":\"SearchAction\",\"target\":{\"@type\":\"EntryPoint\",\"urlTemplate\":\"https:\/\/franciscanos.org.br\/noticias\/?s={search_term_string}\"},\"query-input\":\"required name=search_term_string\"}],\"inLanguage\":\"pt-BR\"},{\"@type\":\"ImageObject\",\"inLanguage\":\"pt-BR\",\"@id\":\"https:\/\/franciscanos.org.br\/noticias\/paroquia-sao-francisco-de-assis-faz-80-anos-e-reforca-sua-vocacao-hospitalar.html#primaryimage\",\"url\":\"https:\/\/franciscanos.org.br\/noticias\/wp-content\/uploads\/2021\/06\/paroquia-800x550-1.jpg\",\"contentUrl\":\"https:\/\/franciscanos.org.br\/noticias\/wp-content\/uploads\/2021\/06\/paroquia-800x550-1.jpg\",\"width\":800,\"height\":550},{\"@type\":\"WebPage\",\"@id\":\"https:\/\/franciscanos.org.br\/noticias\/paroquia-sao-francisco-de-assis-faz-80-anos-e-reforca-sua-vocacao-hospitalar.html#webpage\",\"url\":\"https:\/\/franciscanos.org.br\/noticias\/paroquia-sao-francisco-de-assis-faz-80-anos-e-reforca-sua-vocacao-hospitalar.html\",\"name\":\"Par\u00f3quia S\u00e3o Francisco de Assis faz 80 anos e refor\u00e7a sua \u201cvoca\u00e7\u00e3o hospitalar\u201d - Not\u00edcias - Franciscanos\",\"isPartOf\":{\"@id\":\"https:\/\/franciscanos.org.br\/noticias\/#website\"},\"primaryImageOfPage\":{\"@id\":\"https:\/\/franciscanos.org.br\/noticias\/paroquia-sao-francisco-de-assis-faz-80-anos-e-reforca-sua-vocacao-hospitalar.html#primaryimage\"},\"datePublished\":\"2021-06-22T10:42:58+00:00\",\"dateModified\":\"2021-06-24T16:01:30+00:00\",\"author\":{\"@id\":\"https:\/\/franciscanos.org.br\/noticias\/#\/schema\/person\/c3a26b08313dd1772495ce300ab257cc\"},\"breadcrumb\":{\"@id\":\"https:\/\/franciscanos.org.br\/noticias\/paroquia-sao-francisco-de-assis-faz-80-anos-e-reforca-sua-vocacao-hospitalar.html#breadcrumb\"},\"inLanguage\":\"pt-BR\",\"potentialAction\":[{\"@type\":\"ReadAction\",\"target\":[\"https:\/\/franciscanos.org.br\/noticias\/paroquia-sao-francisco-de-assis-faz-80-anos-e-reforca-sua-vocacao-hospitalar.html\"]}]},{\"@type\":\"BreadcrumbList\",\"@id\":\"https:\/\/franciscanos.org.br\/noticias\/paroquia-sao-francisco-de-assis-faz-80-anos-e-reforca-sua-vocacao-hospitalar.html#breadcrumb\",\"itemListElement\":[{\"@type\":\"ListItem\",\"position\":1,\"name\":\"Home\",\"item\":\"https:\/\/franciscanos.org.br\/noticias\"},{\"@type\":\"ListItem\",\"position\":2,\"name\":\"Par\u00f3quia S\u00e3o Francisco de Assis faz 80 anos e refor\u00e7a sua \u201cvoca\u00e7\u00e3o hospitalar\u201d\"}]},{\"@type\":\"Person\",\"@id\":\"https:\/\/franciscanos.org.br\/noticias\/#\/schema\/person\/c3a26b08313dd1772495ce300ab257cc\",\"name\":\"jovenal\",\"image\":{\"@type\":\"ImageObject\",\"inLanguage\":\"pt-BR\",\"@id\":\"https:\/\/franciscanos.org.br\/noticias\/#\/schema\/person\/image\/\",\"url\":\"https:\/\/secure.gravatar.com\/avatar\/e94509f531086e2eaf97e72f29ea00f9?s=96&d=mm&r=g\",\"contentUrl\":\"https:\/\/secure.gravatar.com\/avatar\/e94509f531086e2eaf97e72f29ea00f9?s=96&d=mm&r=g\",\"caption\":\"jovenal\"},\"url\":\"https:\/\/franciscanos.org.br\/noticias\/author\/jovenal\"}]}<\/script>\n<!-- \/ Yoast SEO plugin. -->","yoast_head_json":{"title":"Par\u00f3quia S\u00e3o Francisco de Assis faz 80 anos e refor\u00e7a sua \u201cvoca\u00e7\u00e3o hospitalar\u201d - Not\u00edcias - Franciscanos","robots":{"index":"index","follow":"follow","max-snippet":"max-snippet:-1","max-image-preview":"max-image-preview:large","max-video-preview":"max-video-preview:-1"},"canonical":"https:\/\/franciscanos.org.br\/noticias\/paroquia-sao-francisco-de-assis-faz-80-anos-e-reforca-sua-vocacao-hospitalar.html","og_locale":"pt_BR","og_type":"article","og_title":"Par\u00f3quia S\u00e3o Francisco de Assis faz 80 anos e refor\u00e7a sua \u201cvoca\u00e7\u00e3o hospitalar\u201d - Not\u00edcias - Franciscanos","og_description":"Jubileu da Par\u00f3quia S\u00e3o Francisco de Assis","og_url":"https:\/\/franciscanos.org.br\/noticias\/paroquia-sao-francisco-de-assis-faz-80-anos-e-reforca-sua-vocacao-hospitalar.html","og_site_name":"Not\u00edcias - Franciscanos","article_published_time":"2021-06-22T10:42:58+00:00","article_modified_time":"2021-06-24T16:01:30+00:00","og_image":[{"width":800,"height":550,"url":"https:\/\/franciscanos.org.br\/noticias\/wp-content\/uploads\/2021\/06\/paroquia-800x550-1.jpg","type":"image\/jpeg"}],"author":"jovenal","twitter_card":"summary_large_image","twitter_misc":{"Escrito por":"jovenal","Est. tempo de leitura":"17 minutos"},"schema":{"@context":"https:\/\/schema.org","@graph":[{"@type":"WebSite","@id":"https:\/\/franciscanos.org.br\/noticias\/#website","url":"https:\/\/franciscanos.org.br\/noticias\/","name":"Not\u00edcias - Franciscanos","description":"Prov\u00edncia Franciscana da Imaculada Concei\u00e7\u00e3o do Brasil - Ordem dos Frades Menores - OFM","potentialAction":[{"@type":"SearchAction","target":{"@type":"EntryPoint","urlTemplate":"https:\/\/franciscanos.org.br\/noticias\/?s={search_term_string}"},"query-input":"required name=search_term_string"}],"inLanguage":"pt-BR"},{"@type":"ImageObject","inLanguage":"pt-BR","@id":"https:\/\/franciscanos.org.br\/noticias\/paroquia-sao-francisco-de-assis-faz-80-anos-e-reforca-sua-vocacao-hospitalar.html#primaryimage","url":"https:\/\/franciscanos.org.br\/noticias\/wp-content\/uploads\/2021\/06\/paroquia-800x550-1.jpg","contentUrl":"https:\/\/franciscanos.org.br\/noticias\/wp-content\/uploads\/2021\/06\/paroquia-800x550-1.jpg","width":800,"height":550},{"@type":"WebPage","@id":"https:\/\/franciscanos.org.br\/noticias\/paroquia-sao-francisco-de-assis-faz-80-anos-e-reforca-sua-vocacao-hospitalar.html#webpage","url":"https:\/\/franciscanos.org.br\/noticias\/paroquia-sao-francisco-de-assis-faz-80-anos-e-reforca-sua-vocacao-hospitalar.html","name":"Par\u00f3quia S\u00e3o Francisco de Assis faz 80 anos e refor\u00e7a sua \u201cvoca\u00e7\u00e3o hospitalar\u201d - Not\u00edcias - Franciscanos","isPartOf":{"@id":"https:\/\/franciscanos.org.br\/noticias\/#website"},"primaryImageOfPage":{"@id":"https:\/\/franciscanos.org.br\/noticias\/paroquia-sao-francisco-de-assis-faz-80-anos-e-reforca-sua-vocacao-hospitalar.html#primaryimage"},"datePublished":"2021-06-22T10:42:58+00:00","dateModified":"2021-06-24T16:01:30+00:00","author":{"@id":"https:\/\/franciscanos.org.br\/noticias\/#\/schema\/person\/c3a26b08313dd1772495ce300ab257cc"},"breadcrumb":{"@id":"https:\/\/franciscanos.org.br\/noticias\/paroquia-sao-francisco-de-assis-faz-80-anos-e-reforca-sua-vocacao-hospitalar.html#breadcrumb"},"inLanguage":"pt-BR","potentialAction":[{"@type":"ReadAction","target":["https:\/\/franciscanos.org.br\/noticias\/paroquia-sao-francisco-de-assis-faz-80-anos-e-reforca-sua-vocacao-hospitalar.html"]}]},{"@type":"BreadcrumbList","@id":"https:\/\/franciscanos.org.br\/noticias\/paroquia-sao-francisco-de-assis-faz-80-anos-e-reforca-sua-vocacao-hospitalar.html#breadcrumb","itemListElement":[{"@type":"ListItem","position":1,"name":"Home","item":"https:\/\/franciscanos.org.br\/noticias"},{"@type":"ListItem","position":2,"name":"Par\u00f3quia S\u00e3o Francisco de Assis faz 80 anos e refor\u00e7a sua \u201cvoca\u00e7\u00e3o hospitalar\u201d"}]},{"@type":"Person","@id":"https:\/\/franciscanos.org.br\/noticias\/#\/schema\/person\/c3a26b08313dd1772495ce300ab257cc","name":"jovenal","image":{"@type":"ImageObject","inLanguage":"pt-BR","@id":"https:\/\/franciscanos.org.br\/noticias\/#\/schema\/person\/image\/","url":"https:\/\/secure.gravatar.com\/avatar\/e94509f531086e2eaf97e72f29ea00f9?s=96&d=mm&r=g","contentUrl":"https:\/\/secure.gravatar.com\/avatar\/e94509f531086e2eaf97e72f29ea00f9?s=96&d=mm&r=g","caption":"jovenal"},"url":"https:\/\/franciscanos.org.br\/noticias\/author\/jovenal"}]}},"_links":{"self":[{"href":"https:\/\/franciscanos.org.br\/noticias\/wp-json\/wp\/v2\/posts\/232466"}],"collection":[{"href":"https:\/\/franciscanos.org.br\/noticias\/wp-json\/wp\/v2\/posts"}],"about":[{"href":"https:\/\/franciscanos.org.br\/noticias\/wp-json\/wp\/v2\/types\/post"}],"author":[{"embeddable":true,"href":"https:\/\/franciscanos.org.br\/noticias\/wp-json\/wp\/v2\/users\/7"}],"replies":[{"embeddable":true,"href":"https:\/\/franciscanos.org.br\/noticias\/wp-json\/wp\/v2\/comments?post=232466"}],"version-history":[{"count":21,"href":"https:\/\/franciscanos.org.br\/noticias\/wp-json\/wp\/v2\/posts\/232466\/revisions"}],"predecessor-version":[{"id":232602,"href":"https:\/\/franciscanos.org.br\/noticias\/wp-json\/wp\/v2\/posts\/232466\/revisions\/232602"}],"wp:featuredmedia":[{"embeddable":true,"href":"https:\/\/franciscanos.org.br\/noticias\/wp-json\/wp\/v2\/media\/232467"}],"wp:attachment":[{"href":"https:\/\/franciscanos.org.br\/noticias\/wp-json\/wp\/v2\/media?parent=232466"}],"wp:term":[{"taxonomy":"category","embeddable":true,"href":"https:\/\/franciscanos.org.br\/noticias\/wp-json\/wp\/v2\/categories?post=232466"},{"taxonomy":"post_tag","embeddable":true,"href":"https:\/\/franciscanos.org.br\/noticias\/wp-json\/wp\/v2\/tags?post=232466"}],"curies":[{"name":"wp","href":"https:\/\/api.w.org\/{rel}","templated":true}]}}