{"id":232453,"date":"2021-06-14T07:14:49","date_gmt":"2021-06-14T10:14:49","guid":{"rendered":"https:\/\/franciscanos.org.br\/noticias\/?p=232453"},"modified":"2021-06-14T07:15:23","modified_gmt":"2021-06-14T10:15:23","slug":"frei-germano-em-antonio-testemunho-e-pregacao-andavam-juntos","status":"publish","type":"post","link":"https:\/\/franciscanos.org.br\/noticias\/frei-germano-em-antonio-testemunho-e-pregacao-andavam-juntos.html","title":{"rendered":"Frei Germano: &#8220;Em Ant\u00f4nio, testemunho e prega\u00e7\u00e3o andavam juntos&#8221;"},"content":{"rendered":"<p><img loading=\"lazy\" class=\"alignnone size-full wp-image-232454\" src=\"https:\/\/franciscanos.org.br\/noticias\/wp-content\/uploads\/2021\/06\/floripa_01.jpg\" alt=\"\" width=\"1280\" height=\"900\" srcset=\"https:\/\/franciscanos.org.br\/noticias\/wp-content\/uploads\/2021\/06\/floripa_01.jpg 1280w, https:\/\/franciscanos.org.br\/noticias\/wp-content\/uploads\/2021\/06\/floripa_01-450x316.jpg 450w, https:\/\/franciscanos.org.br\/noticias\/wp-content\/uploads\/2021\/06\/floripa_01-1024x720.jpg 1024w, https:\/\/franciscanos.org.br\/noticias\/wp-content\/uploads\/2021\/06\/floripa_01-768x540.jpg 768w, https:\/\/franciscanos.org.br\/noticias\/wp-content\/uploads\/2021\/06\/floripa_01-150x105.jpg 150w, https:\/\/franciscanos.org.br\/noticias\/wp-content\/uploads\/2021\/06\/floripa_01-474x332.jpg 474w\" sizes=\"(max-width: 1280px) 100vw, 1280px\" \/><\/p>\n<p><strong>Florian\u00f3polis (SC) &#8211;<\/strong> O p\u00e1roco Frei Germano Guesser encerrou as festividades em honra ao Padroeiro da Par\u00f3quia Santo Ant\u00f4nio de Florian\u00f3polis, SC, neste domingo, dia 13 de junho, na Celebra\u00e7\u00e3o Eucar\u00edstica das 19 horas.<\/p>\n<p>Durante treze dias, os devotos de Santo Ant\u00f4nio puderam participar das celebra\u00e7\u00f5es, observando as normas sanit\u00e1rias para o bem da comunidade. Nesta missa, a igreja ficou pequena e o povo acompanhou a Santa Missa do lado externo.<\/p>\n<p>Frei Germano lembrou que tomou a liturgia da Missa de Santo Ant\u00f4nio e o Evangelho de Marcos (16, 15-20), quando Jesus envia os disc\u00edpulos: &#8220;Ide pelo mundo e anunciai o Evangelho a toda criatura!&#8221;<\/p>\n<p><img loading=\"lazy\" class=\"alignnone size-full wp-image-232455\" src=\"https:\/\/franciscanos.org.br\/noticias\/wp-content\/uploads\/2021\/06\/floripa_02.jpg\" alt=\"\" width=\"900\" height=\"619\" srcset=\"https:\/\/franciscanos.org.br\/noticias\/wp-content\/uploads\/2021\/06\/floripa_02.jpg 900w, https:\/\/franciscanos.org.br\/noticias\/wp-content\/uploads\/2021\/06\/floripa_02-450x310.jpg 450w, https:\/\/franciscanos.org.br\/noticias\/wp-content\/uploads\/2021\/06\/floripa_02-768x528.jpg 768w, https:\/\/franciscanos.org.br\/noticias\/wp-content\/uploads\/2021\/06\/floripa_02-150x103.jpg 150w, https:\/\/franciscanos.org.br\/noticias\/wp-content\/uploads\/2021\/06\/floripa_02-320x220.jpg 320w\" sizes=\"(max-width: 900px) 100vw, 900px\" \/><\/p>\n<p>&#8220;Jesus envia seus disc\u00edpulos para proclamarem a Boa nova da salva\u00e7\u00e3o, que consiste n\u00e3o s\u00f3 em repetir as palavras &#8211; Santo Ant\u00f4nio dizia &#8216;a palavra \u00e9 viva quando s\u00e3o as obras que falam. Cessem, portanto, os discursos e falem as obras&#8217; -, mas sobretudo dar o testemunho do que eles viveram ao lado Mestre Jesus&#8221;, lembrou o celebrante.<\/p>\n<p>O frade lembrou que nessa caminhada da Igreja nem tudo foram rosas. Nem sempre os disc\u00edpulos que vieram em seguida foram obedientes aos ensinamentos de Jesus, mas a Igreja p\u00f4de contar com disc\u00edpulos fi\u00e9is como Francisco de Assis e Ant\u00f4nio de P\u00e1dua para anunciar e testemunhar o Evangelho de Jesus! &#8220;Santo Ant\u00f4nio foi um dos maiores pregadores do Evangelho, tanto que recebeu o t\u00edtulo de Doutor da Igreja, mas essa honraria n\u00e3o veio pelo conhecimento mas pela viv\u00eancia do Evangelho&#8221;, ressaltou Frei Germano, recordando S\u00e3o Paulo: &#8220;Evangelizar n\u00e3o \u00e9 para mim motivo de orgulho. \u00c9 uma necessidade. Ai de mim se n\u00e3o evangelizar&#8221;.<\/p>\n\n\t\t<style type=\"text\/css\">\n\t\t\t#gallery-1 {\n\t\t\t\tmargin: auto;\n\t\t\t}\n\t\t\t#gallery-1 .gallery-item {\n\t\t\t\tfloat: left;\n\t\t\t\tmargin-top: 10px;\n\t\t\t\ttext-align: center;\n\t\t\t\twidth: 25%;\n\t\t\t}\n\t\t\t#gallery-1 img {\n\t\t\t\tborder: 2px solid #cfcfcf;\n\t\t\t}\n\t\t\t#gallery-1 .gallery-caption {\n\t\t\t\tmargin-left: 0;\n\t\t\t}\n\t\t\t\/* see gallery_shortcode() in wp-includes\/media.php *\/\n\t\t<\/style>\n\t\t<div id='gallery-1' class='gallery galleryid-232453 gallery-columns-4 gallery-size-thumbnail'><dl class='gallery-item'>\n\t\t\t<dt class='gallery-icon landscape'>\n\t\t\t\t<a href='https:\/\/franciscanos.org.br\/noticias\/wp-content\/uploads\/2021\/06\/floripa_03.jpg'><img width=\"300\" height=\"300\" src=\"https:\/\/franciscanos.org.br\/noticias\/wp-content\/uploads\/2021\/06\/floripa_03-300x300.jpg\" class=\"attachment-thumbnail size-thumbnail\" alt=\"\" loading=\"lazy\" srcset=\"https:\/\/franciscanos.org.br\/noticias\/wp-content\/uploads\/2021\/06\/floripa_03-300x300.jpg 300w, https:\/\/franciscanos.org.br\/noticias\/wp-content\/uploads\/2021\/06\/floripa_03-100x100.jpg 100w\" sizes=\"(max-width: 300px) 100vw, 300px\" \/><\/a>\n\t\t\t<\/dt><\/dl><dl class='gallery-item'>\n\t\t\t<dt class='gallery-icon landscape'>\n\t\t\t\t<a href='https:\/\/franciscanos.org.br\/noticias\/wp-content\/uploads\/2021\/06\/floripa_04.jpg'><img width=\"300\" height=\"300\" src=\"https:\/\/franciscanos.org.br\/noticias\/wp-content\/uploads\/2021\/06\/floripa_04-300x300.jpg\" class=\"attachment-thumbnail size-thumbnail\" alt=\"\" loading=\"lazy\" srcset=\"https:\/\/franciscanos.org.br\/noticias\/wp-content\/uploads\/2021\/06\/floripa_04-300x300.jpg 300w, https:\/\/franciscanos.org.br\/noticias\/wp-content\/uploads\/2021\/06\/floripa_04-100x100.jpg 100w\" sizes=\"(max-width: 300px) 100vw, 300px\" \/><\/a>\n\t\t\t<\/dt><\/dl><dl class='gallery-item'>\n\t\t\t<dt class='gallery-icon landscape'>\n\t\t\t\t<a href='https:\/\/franciscanos.org.br\/noticias\/wp-content\/uploads\/2021\/06\/floripa_05.jpg'><img width=\"300\" height=\"300\" src=\"https:\/\/franciscanos.org.br\/noticias\/wp-content\/uploads\/2021\/06\/floripa_05-300x300.jpg\" class=\"attachment-thumbnail size-thumbnail\" alt=\"\" loading=\"lazy\" srcset=\"https:\/\/franciscanos.org.br\/noticias\/wp-content\/uploads\/2021\/06\/floripa_05-300x300.jpg 300w, https:\/\/franciscanos.org.br\/noticias\/wp-content\/uploads\/2021\/06\/floripa_05-100x100.jpg 100w\" sizes=\"(max-width: 300px) 100vw, 300px\" \/><\/a>\n\t\t\t<\/dt><\/dl><dl class='gallery-item'>\n\t\t\t<dt class='gallery-icon landscape'>\n\t\t\t\t<a href='https:\/\/franciscanos.org.br\/noticias\/wp-content\/uploads\/2021\/06\/floripa_06.jpg'><img width=\"300\" height=\"300\" src=\"https:\/\/franciscanos.org.br\/noticias\/wp-content\/uploads\/2021\/06\/floripa_06-300x300.jpg\" class=\"attachment-thumbnail size-thumbnail\" alt=\"\" loading=\"lazy\" srcset=\"https:\/\/franciscanos.org.br\/noticias\/wp-content\/uploads\/2021\/06\/floripa_06-300x300.jpg 300w, https:\/\/franciscanos.org.br\/noticias\/wp-content\/uploads\/2021\/06\/floripa_06-100x100.jpg 100w\" sizes=\"(max-width: 300px) 100vw, 300px\" \/><\/a>\n\t\t\t<\/dt><\/dl><br style=\"clear: both\" \/>\n\t\t<\/div>\n\n<p>Nesse testemunho de vida, Santo Ant\u00f4nio nunca esqueceu dos pobres. &#8220;Que os pobres sejam evangelizados e os povos sejam salvos pelo Evangelho. Assim, o Senhor ouvir\u00e1 a gl\u00f3ria do seu louvor na alegria do seu cora\u00e7\u00e3o&#8221;, dizia o santo franciscano, disc\u00edpulo fiel de S\u00e3o Francisco de Assis. Neste ano, a Ordem Franciscana comemora 800 anos do primeiro encontro de Ant\u00f4nio com Francisco no Cap\u00edtulo das Esteiras, em Assis.<\/p>\n<p>A festa de Santo Ant\u00f4nio tamb\u00e9m teve &#8220;galeto e massa&#8221; para os paroquianos retiraram no sistema drive-thru ou pessoalmente no Sal\u00e3o Paroquial.<\/p>\n<p><img loading=\"lazy\" class=\"alignnone size-full wp-image-232460\" src=\"https:\/\/franciscanos.org.br\/noticias\/wp-content\/uploads\/2021\/06\/germano_01.jpg\" alt=\"\" width=\"890\" height=\"1187\" srcset=\"https:\/\/franciscanos.org.br\/noticias\/wp-content\/uploads\/2021\/06\/germano_01.jpg 890w, https:\/\/franciscanos.org.br\/noticias\/wp-content\/uploads\/2021\/06\/germano_01-337x450.jpg 337w, https:\/\/franciscanos.org.br\/noticias\/wp-content\/uploads\/2021\/06\/germano_01-768x1024.jpg 768w, https:\/\/franciscanos.org.br\/noticias\/wp-content\/uploads\/2021\/06\/germano_01-150x200.jpg 150w\" sizes=\"(max-width: 890px) 100vw, 890px\" \/><\/p>\n","protected":false},"excerpt":{"rendered":"<p>Par\u00f3quia Santo Ant\u00f4nio &#8211; Florian\u00f3polis<\/p>\n","protected":false},"author":3,"featured_media":232461,"comment_status":"open","ping_status":"open","sticky":false,"template":"","format":"standard","meta":[],"categories":[1],"tags":[585],"acf":[],"yoast_head":"<!-- This site is optimized with the Yoast SEO plugin v19.2 - https:\/\/yoast.com\/wordpress\/plugins\/seo\/ -->\n<title>Frei Germano: &quot;Em Ant\u00f4nio, testemunho e prega\u00e7\u00e3o andavam juntos&quot; - Not\u00edcias - Franciscanos<\/title>\n<meta name=\"robots\" content=\"index, follow, max-snippet:-1, max-image-preview:large, max-video-preview:-1\" \/>\n<link rel=\"canonical\" href=\"https:\/\/franciscanos.org.br\/noticias\/frei-germano-em-antonio-testemunho-e-pregacao-andavam-juntos.html\" \/>\n<meta property=\"og:locale\" content=\"pt_BR\" \/>\n<meta property=\"og:type\" content=\"article\" \/>\n<meta property=\"og:title\" content=\"Frei Germano: &quot;Em Ant\u00f4nio, testemunho e prega\u00e7\u00e3o andavam juntos&quot; - Not\u00edcias - Franciscanos\" \/>\n<meta property=\"og:description\" content=\"Par\u00f3quia Santo Ant\u00f4nio - Florian\u00f3polis\" \/>\n<meta property=\"og:url\" content=\"https:\/\/franciscanos.org.br\/noticias\/frei-germano-em-antonio-testemunho-e-pregacao-andavam-juntos.html\" \/>\n<meta property=\"og:site_name\" content=\"Not\u00edcias - Franciscanos\" \/>\n<meta property=\"article:published_time\" content=\"2021-06-14T10:14:49+00:00\" \/>\n<meta property=\"article:modified_time\" content=\"2021-06-14T10:15:23+00:00\" \/>\n<meta property=\"og:image\" content=\"https:\/\/franciscanos.org.br\/noticias\/wp-content\/uploads\/2021\/06\/floripa_01d.jpg\" \/>\n\t<meta property=\"og:image:width\" content=\"800\" \/>\n\t<meta property=\"og:image:height\" content=\"550\" \/>\n\t<meta property=\"og:image:type\" content=\"image\/jpeg\" \/>\n<meta name=\"author\" content=\"moacir\" \/>\n<meta name=\"twitter:card\" content=\"summary_large_image\" \/>\n<meta name=\"twitter:label1\" content=\"Escrito por\" \/>\n\t<meta name=\"twitter:data1\" content=\"moacir\" \/>\n\t<meta name=\"twitter:label2\" content=\"Est. tempo de leitura\" \/>\n\t<meta name=\"twitter:data2\" content=\"2 minutos\" \/>\n<script type=\"application\/ld+json\" class=\"yoast-schema-graph\">{\"@context\":\"https:\/\/schema.org\",\"@graph\":[{\"@type\":\"WebSite\",\"@id\":\"https:\/\/franciscanos.org.br\/noticias\/#website\",\"url\":\"https:\/\/franciscanos.org.br\/noticias\/\",\"name\":\"Not\u00edcias - Franciscanos\",\"description\":\"Prov\u00edncia Franciscana da Imaculada Concei\u00e7\u00e3o do Brasil - Ordem dos Frades Menores - OFM\",\"potentialAction\":[{\"@type\":\"SearchAction\",\"target\":{\"@type\":\"EntryPoint\",\"urlTemplate\":\"https:\/\/franciscanos.org.br\/noticias\/?s={search_term_string}\"},\"query-input\":\"required name=search_term_string\"}],\"inLanguage\":\"pt-BR\"},{\"@type\":\"ImageObject\",\"inLanguage\":\"pt-BR\",\"@id\":\"https:\/\/franciscanos.org.br\/noticias\/frei-germano-em-antonio-testemunho-e-pregacao-andavam-juntos.html#primaryimage\",\"url\":\"https:\/\/franciscanos.org.br\/noticias\/wp-content\/uploads\/2021\/06\/floripa_01d.jpg\",\"contentUrl\":\"https:\/\/franciscanos.org.br\/noticias\/wp-content\/uploads\/2021\/06\/floripa_01d.jpg\",\"width\":800,\"height\":550},{\"@type\":\"WebPage\",\"@id\":\"https:\/\/franciscanos.org.br\/noticias\/frei-germano-em-antonio-testemunho-e-pregacao-andavam-juntos.html#webpage\",\"url\":\"https:\/\/franciscanos.org.br\/noticias\/frei-germano-em-antonio-testemunho-e-pregacao-andavam-juntos.html\",\"name\":\"Frei Germano: \\\"Em Ant\u00f4nio, testemunho e prega\u00e7\u00e3o andavam juntos\\\" - Not\u00edcias - Franciscanos\",\"isPartOf\":{\"@id\":\"https:\/\/franciscanos.org.br\/noticias\/#website\"},\"primaryImageOfPage\":{\"@id\":\"https:\/\/franciscanos.org.br\/noticias\/frei-germano-em-antonio-testemunho-e-pregacao-andavam-juntos.html#primaryimage\"},\"datePublished\":\"2021-06-14T10:14:49+00:00\",\"dateModified\":\"2021-06-14T10:15:23+00:00\",\"author\":{\"@id\":\"https:\/\/franciscanos.org.br\/noticias\/#\/schema\/person\/b5c8cba458c330ccff548b056e95a5d4\"},\"breadcrumb\":{\"@id\":\"https:\/\/franciscanos.org.br\/noticias\/frei-germano-em-antonio-testemunho-e-pregacao-andavam-juntos.html#breadcrumb\"},\"inLanguage\":\"pt-BR\",\"potentialAction\":[{\"@type\":\"ReadAction\",\"target\":[\"https:\/\/franciscanos.org.br\/noticias\/frei-germano-em-antonio-testemunho-e-pregacao-andavam-juntos.html\"]}]},{\"@type\":\"BreadcrumbList\",\"@id\":\"https:\/\/franciscanos.org.br\/noticias\/frei-germano-em-antonio-testemunho-e-pregacao-andavam-juntos.html#breadcrumb\",\"itemListElement\":[{\"@type\":\"ListItem\",\"position\":1,\"name\":\"Home\",\"item\":\"https:\/\/franciscanos.org.br\/noticias\"},{\"@type\":\"ListItem\",\"position\":2,\"name\":\"Frei Germano: &#8220;Em Ant\u00f4nio, testemunho e prega\u00e7\u00e3o andavam juntos&#8221;\"}]},{\"@type\":\"Person\",\"@id\":\"https:\/\/franciscanos.org.br\/noticias\/#\/schema\/person\/b5c8cba458c330ccff548b056e95a5d4\",\"name\":\"moacir\",\"image\":{\"@type\":\"ImageObject\",\"inLanguage\":\"pt-BR\",\"@id\":\"https:\/\/franciscanos.org.br\/noticias\/#\/schema\/person\/image\/\",\"url\":\"https:\/\/secure.gravatar.com\/avatar\/d08aa2ce4c8dd416d4479aa8536fcf64?s=96&d=mm&r=g\",\"contentUrl\":\"https:\/\/secure.gravatar.com\/avatar\/d08aa2ce4c8dd416d4479aa8536fcf64?s=96&d=mm&r=g\",\"caption\":\"moacir\"},\"url\":\"https:\/\/franciscanos.org.br\/noticias\/author\/moacir\"}]}<\/script>\n<!-- \/ Yoast SEO plugin. -->","yoast_head_json":{"title":"Frei Germano: \"Em Ant\u00f4nio, testemunho e prega\u00e7\u00e3o andavam juntos\" - Not\u00edcias - Franciscanos","robots":{"index":"index","follow":"follow","max-snippet":"max-snippet:-1","max-image-preview":"max-image-preview:large","max-video-preview":"max-video-preview:-1"},"canonical":"https:\/\/franciscanos.org.br\/noticias\/frei-germano-em-antonio-testemunho-e-pregacao-andavam-juntos.html","og_locale":"pt_BR","og_type":"article","og_title":"Frei Germano: \"Em Ant\u00f4nio, testemunho e prega\u00e7\u00e3o andavam juntos\" - Not\u00edcias - Franciscanos","og_description":"Par\u00f3quia Santo Ant\u00f4nio - Florian\u00f3polis","og_url":"https:\/\/franciscanos.org.br\/noticias\/frei-germano-em-antonio-testemunho-e-pregacao-andavam-juntos.html","og_site_name":"Not\u00edcias - Franciscanos","article_published_time":"2021-06-14T10:14:49+00:00","article_modified_time":"2021-06-14T10:15:23+00:00","og_image":[{"width":800,"height":550,"url":"https:\/\/franciscanos.org.br\/noticias\/wp-content\/uploads\/2021\/06\/floripa_01d.jpg","type":"image\/jpeg"}],"author":"moacir","twitter_card":"summary_large_image","twitter_misc":{"Escrito por":"moacir","Est. tempo de leitura":"2 minutos"},"schema":{"@context":"https:\/\/schema.org","@graph":[{"@type":"WebSite","@id":"https:\/\/franciscanos.org.br\/noticias\/#website","url":"https:\/\/franciscanos.org.br\/noticias\/","name":"Not\u00edcias - Franciscanos","description":"Prov\u00edncia Franciscana da Imaculada Concei\u00e7\u00e3o do Brasil - Ordem dos Frades Menores - OFM","potentialAction":[{"@type":"SearchAction","target":{"@type":"EntryPoint","urlTemplate":"https:\/\/franciscanos.org.br\/noticias\/?s={search_term_string}"},"query-input":"required name=search_term_string"}],"inLanguage":"pt-BR"},{"@type":"ImageObject","inLanguage":"pt-BR","@id":"https:\/\/franciscanos.org.br\/noticias\/frei-germano-em-antonio-testemunho-e-pregacao-andavam-juntos.html#primaryimage","url":"https:\/\/franciscanos.org.br\/noticias\/wp-content\/uploads\/2021\/06\/floripa_01d.jpg","contentUrl":"https:\/\/franciscanos.org.br\/noticias\/wp-content\/uploads\/2021\/06\/floripa_01d.jpg","width":800,"height":550},{"@type":"WebPage","@id":"https:\/\/franciscanos.org.br\/noticias\/frei-germano-em-antonio-testemunho-e-pregacao-andavam-juntos.html#webpage","url":"https:\/\/franciscanos.org.br\/noticias\/frei-germano-em-antonio-testemunho-e-pregacao-andavam-juntos.html","name":"Frei Germano: \"Em Ant\u00f4nio, testemunho e prega\u00e7\u00e3o andavam juntos\" - Not\u00edcias - Franciscanos","isPartOf":{"@id":"https:\/\/franciscanos.org.br\/noticias\/#website"},"primaryImageOfPage":{"@id":"https:\/\/franciscanos.org.br\/noticias\/frei-germano-em-antonio-testemunho-e-pregacao-andavam-juntos.html#primaryimage"},"datePublished":"2021-06-14T10:14:49+00:00","dateModified":"2021-06-14T10:15:23+00:00","author":{"@id":"https:\/\/franciscanos.org.br\/noticias\/#\/schema\/person\/b5c8cba458c330ccff548b056e95a5d4"},"breadcrumb":{"@id":"https:\/\/franciscanos.org.br\/noticias\/frei-germano-em-antonio-testemunho-e-pregacao-andavam-juntos.html#breadcrumb"},"inLanguage":"pt-BR","potentialAction":[{"@type":"ReadAction","target":["https:\/\/franciscanos.org.br\/noticias\/frei-germano-em-antonio-testemunho-e-pregacao-andavam-juntos.html"]}]},{"@type":"BreadcrumbList","@id":"https:\/\/franciscanos.org.br\/noticias\/frei-germano-em-antonio-testemunho-e-pregacao-andavam-juntos.html#breadcrumb","itemListElement":[{"@type":"ListItem","position":1,"name":"Home","item":"https:\/\/franciscanos.org.br\/noticias"},{"@type":"ListItem","position":2,"name":"Frei Germano: &#8220;Em Ant\u00f4nio, testemunho e prega\u00e7\u00e3o andavam juntos&#8221;"}]},{"@type":"Person","@id":"https:\/\/franciscanos.org.br\/noticias\/#\/schema\/person\/b5c8cba458c330ccff548b056e95a5d4","name":"moacir","image":{"@type":"ImageObject","inLanguage":"pt-BR","@id":"https:\/\/franciscanos.org.br\/noticias\/#\/schema\/person\/image\/","url":"https:\/\/secure.gravatar.com\/avatar\/d08aa2ce4c8dd416d4479aa8536fcf64?s=96&d=mm&r=g","contentUrl":"https:\/\/secure.gravatar.com\/avatar\/d08aa2ce4c8dd416d4479aa8536fcf64?s=96&d=mm&r=g","caption":"moacir"},"url":"https:\/\/franciscanos.org.br\/noticias\/author\/moacir"}]}},"_links":{"self":[{"href":"https:\/\/franciscanos.org.br\/noticias\/wp-json\/wp\/v2\/posts\/232453"}],"collection":[{"href":"https:\/\/franciscanos.org.br\/noticias\/wp-json\/wp\/v2\/posts"}],"about":[{"href":"https:\/\/franciscanos.org.br\/noticias\/wp-json\/wp\/v2\/types\/post"}],"author":[{"embeddable":true,"href":"https:\/\/franciscanos.org.br\/noticias\/wp-json\/wp\/v2\/users\/3"}],"replies":[{"embeddable":true,"href":"https:\/\/franciscanos.org.br\/noticias\/wp-json\/wp\/v2\/comments?post=232453"}],"version-history":[{"count":2,"href":"https:\/\/franciscanos.org.br\/noticias\/wp-json\/wp\/v2\/posts\/232453\/revisions"}],"predecessor-version":[{"id":232463,"href":"https:\/\/franciscanos.org.br\/noticias\/wp-json\/wp\/v2\/posts\/232453\/revisions\/232463"}],"wp:featuredmedia":[{"embeddable":true,"href":"https:\/\/franciscanos.org.br\/noticias\/wp-json\/wp\/v2\/media\/232461"}],"wp:attachment":[{"href":"https:\/\/franciscanos.org.br\/noticias\/wp-json\/wp\/v2\/media?parent=232453"}],"wp:term":[{"taxonomy":"category","embeddable":true,"href":"https:\/\/franciscanos.org.br\/noticias\/wp-json\/wp\/v2\/categories?post=232453"},{"taxonomy":"post_tag","embeddable":true,"href":"https:\/\/franciscanos.org.br\/noticias\/wp-json\/wp\/v2\/tags?post=232453"}],"curies":[{"name":"wp","href":"https:\/\/api.w.org\/{rel}","templated":true}]}}