{"id":232436,"date":"2021-06-13T21:42:14","date_gmt":"2021-06-14T00:42:14","guid":{"rendered":"https:\/\/franciscanos.org.br\/noticias\/?p=232436"},"modified":"2021-06-14T07:42:27","modified_gmt":"2021-06-14T10:42:27","slug":"frei-cesar-aprendemos-com-santo-antonio-que-a-vida-crista-deve-transformar-nosso-coracao","status":"publish","type":"post","link":"https:\/\/franciscanos.org.br\/noticias\/frei-cesar-aprendemos-com-santo-antonio-que-a-vida-crista-deve-transformar-nosso-coracao.html","title":{"rendered":"Frei C\u00e9sar: Aprendemos com Santo Ant\u00f4nio que a vida crist\u00e3 deve transformar nosso cora\u00e7\u00e3o"},"content":{"rendered":"<p><img loading=\"lazy\" class=\"alignnone wp-image-232437 size-full\" src=\"https:\/\/franciscanos.org.br\/noticias\/wp-content\/uploads\/2021\/06\/vila_08.jpg\" alt=\"\" width=\"1280\" height=\"764\" srcset=\"https:\/\/franciscanos.org.br\/noticias\/wp-content\/uploads\/2021\/06\/vila_08.jpg 1280w, https:\/\/franciscanos.org.br\/noticias\/wp-content\/uploads\/2021\/06\/vila_08-450x269.jpg 450w, https:\/\/franciscanos.org.br\/noticias\/wp-content\/uploads\/2021\/06\/vila_08-1024x611.jpg 1024w, https:\/\/franciscanos.org.br\/noticias\/wp-content\/uploads\/2021\/06\/vila_08-768x458.jpg 768w, https:\/\/franciscanos.org.br\/noticias\/wp-content\/uploads\/2021\/06\/vila_08-150x90.jpg 150w\" sizes=\"(max-width: 1280px) 100vw, 1280px\" \/><\/p>\n<p><strong>S\u00e3o Paulo (SP)<\/strong> &#8211; O Ministro Provincial da Prov\u00edncia Franciscana da Imaculada Concei\u00e7\u00e3o, Frei C\u00e9sar K\u00fclkamp, encerrou as festividades de Santo Ant\u00f4nio, neste domingo (13\/6), durante a Celebra\u00e7\u00e3o Eucar\u00edstica, \u00e0s 19 horas, na Par\u00f3quia S\u00e3o Francisco de Assis, na Vila Clementino, em S\u00e3o Paulo, tamb\u00e9m a Sede Provincial.<\/p>\n<p>No segundo ano com a pandemia, o dia de Santo Ant\u00f4nio no Brasil foi marcado por celebra\u00e7\u00f5es e devo\u00e7\u00e3o. Nas par\u00f3quias dedicadas a ele, o movimento seguiu as normas sanit\u00e1rias para evitar aglomera\u00e7\u00f5es, durante a distribui\u00e7\u00e3o do p\u00e3o, do bolo, das celebra\u00e7\u00f5es, b\u00ean\u00e7\u00e3os e gestos de devo\u00e7\u00e3o.<\/p>\n<p>Nas tr\u00eas par\u00f3quias da Prov\u00edncia da Imaculada Concei\u00e7\u00e3o em S\u00e3o Paulo, a festa tem o colorido franciscano. Na Par\u00f3quia do Pari, na regi\u00e3o central, o Padroeiro recebeu a maior homenagem na capital paulista; tamb\u00e9m as duas dedicadas a S\u00e3o Francisco de Assis, o Convento do Largo S\u00e3o Francisco e a Par\u00f3quia da Vila Clementino, celebraram Santo Ant\u00f4nio com a mesma intensidade do Pai Ser\u00e1fico. Na Vila, Frei C\u00e9sar teve como concelebrantes o p\u00e1roco Frei Valdecir Schwambach e Frei Raimundo de Oliveira Castro.<\/p>\n<p>Em sua homilia, Frei C\u00e9sar destacou alguns pontos da vida de Santo Ant\u00f4nio, como o encontro do ent\u00e3o agostiniano com os frades mission\u00e1rios, que foram martirizados no Marrocos, fato que fez com que o santo se juntasse aos seguidores de Francisco de Assis.\u00a0 No Cap\u00edtulo das Esteiras, Santo Ant\u00f4nio se encontrou pela primeira vez com Francisco de Assis. Hoje, 800 anos depois, a Ordem Franciscana comemora este jubileu. &#8220;Francisco de Assis, que o admirava por sua santidade e sabedoria, pede-lhe que a mesma sabedoria que lhe deu esta profunda experi\u00eancia de Deus, ele a transmita a seus confrades&#8221;, recorda Frei C\u00e9sar.<\/p>\n\n\t\t<style type=\"text\/css\">\n\t\t\t#gallery-1 {\n\t\t\t\tmargin: auto;\n\t\t\t}\n\t\t\t#gallery-1 .gallery-item {\n\t\t\t\tfloat: left;\n\t\t\t\tmargin-top: 10px;\n\t\t\t\ttext-align: center;\n\t\t\t\twidth: 25%;\n\t\t\t}\n\t\t\t#gallery-1 img {\n\t\t\t\tborder: 2px solid #cfcfcf;\n\t\t\t}\n\t\t\t#gallery-1 .gallery-caption {\n\t\t\t\tmargin-left: 0;\n\t\t\t}\n\t\t\t\/* see gallery_shortcode() in wp-includes\/media.php *\/\n\t\t<\/style>\n\t\t<div id='gallery-1' class='gallery galleryid-232436 gallery-columns-4 gallery-size-thumbnail'><dl class='gallery-item'>\n\t\t\t<dt class='gallery-icon landscape'>\n\t\t\t\t<a href='https:\/\/franciscanos.org.br\/noticias\/wp-content\/uploads\/2021\/06\/vila_01d.jpg'><img width=\"300\" height=\"300\" src=\"https:\/\/franciscanos.org.br\/noticias\/wp-content\/uploads\/2021\/06\/vila_01d-300x300.jpg\" class=\"attachment-thumbnail size-thumbnail\" alt=\"\" loading=\"lazy\" srcset=\"https:\/\/franciscanos.org.br\/noticias\/wp-content\/uploads\/2021\/06\/vila_01d-300x300.jpg 300w, https:\/\/franciscanos.org.br\/noticias\/wp-content\/uploads\/2021\/06\/vila_01d-100x100.jpg 100w\" sizes=\"(max-width: 300px) 100vw, 300px\" \/><\/a>\n\t\t\t<\/dt><\/dl><dl class='gallery-item'>\n\t\t\t<dt class='gallery-icon landscape'>\n\t\t\t\t<a href='https:\/\/franciscanos.org.br\/noticias\/wp-content\/uploads\/2021\/06\/vila_02-1.jpg'><img width=\"300\" height=\"300\" src=\"https:\/\/franciscanos.org.br\/noticias\/wp-content\/uploads\/2021\/06\/vila_02-1-300x300.jpg\" class=\"attachment-thumbnail size-thumbnail\" alt=\"\" loading=\"lazy\" srcset=\"https:\/\/franciscanos.org.br\/noticias\/wp-content\/uploads\/2021\/06\/vila_02-1-300x300.jpg 300w, https:\/\/franciscanos.org.br\/noticias\/wp-content\/uploads\/2021\/06\/vila_02-1-100x100.jpg 100w\" sizes=\"(max-width: 300px) 100vw, 300px\" \/><\/a>\n\t\t\t<\/dt><\/dl><dl class='gallery-item'>\n\t\t\t<dt class='gallery-icon landscape'>\n\t\t\t\t<a href='https:\/\/franciscanos.org.br\/noticias\/wp-content\/uploads\/2021\/06\/vila_03-1.jpg'><img width=\"300\" height=\"300\" src=\"https:\/\/franciscanos.org.br\/noticias\/wp-content\/uploads\/2021\/06\/vila_03-1-300x300.jpg\" class=\"attachment-thumbnail size-thumbnail\" alt=\"\" loading=\"lazy\" srcset=\"https:\/\/franciscanos.org.br\/noticias\/wp-content\/uploads\/2021\/06\/vila_03-1-300x300.jpg 300w, https:\/\/franciscanos.org.br\/noticias\/wp-content\/uploads\/2021\/06\/vila_03-1-100x100.jpg 100w\" sizes=\"(max-width: 300px) 100vw, 300px\" \/><\/a>\n\t\t\t<\/dt><\/dl><dl class='gallery-item'>\n\t\t\t<dt class='gallery-icon landscape'>\n\t\t\t\t<a href='https:\/\/franciscanos.org.br\/noticias\/wp-content\/uploads\/2021\/06\/vila_04.jpg'><img width=\"300\" height=\"300\" src=\"https:\/\/franciscanos.org.br\/noticias\/wp-content\/uploads\/2021\/06\/vila_04-300x300.jpg\" class=\"attachment-thumbnail size-thumbnail\" alt=\"\" loading=\"lazy\" srcset=\"https:\/\/franciscanos.org.br\/noticias\/wp-content\/uploads\/2021\/06\/vila_04-300x300.jpg 300w, https:\/\/franciscanos.org.br\/noticias\/wp-content\/uploads\/2021\/06\/vila_04-100x100.jpg 100w\" sizes=\"(max-width: 300px) 100vw, 300px\" \/><\/a>\n\t\t\t<\/dt><\/dl><br style=\"clear: both\" \/>\n\t\t<\/div>\n\n<p>O Ministro Provincial lembrou que na cidade de Forli, numa ordena\u00e7\u00e3o sacerdotal, ele foi convocado pelo superior a fazer a prega\u00e7\u00e3o. &#8220;De seus l\u00e1bios saem as palavras mais s\u00e1bias e comoventes. N\u00e3o p\u00f4de mais ficar escondido. \u00c9 enviado a pregar nas estradas, sobretudo no norte da It\u00e1lia e sul da Fran\u00e7a. Frei Ant\u00f4nio percebeu a fraqueza do povo na pr\u00e1tica da f\u00e9, v\u00edtima \u00e0s vezes das in\u00fameras heresias e erros da \u00e9poca&#8221;, assinalou Frei C\u00e9sar. E assim continuou, pelos caminhos de P\u00e1dua, sempre anunciando o Evangelho de Nosso Senhor Jesus Cristo at\u00e9 os seus \u00faltimos dias de vida.<\/p>\n<p>&#8220;Frei Antonio unia em si a sabedoria e a humildade, a cultura e a simplicidade, a ora\u00e7\u00e3o e a caridade. Confrades e o povo o buscavam. T\u00e3o alto em sua cultura e t\u00e3o simples e amigo dos pequenos e dos pobres! Crian\u00e7as s\u00e3o por ele abra\u00e7adas e aben\u00e7oadas. Mulheres s\u00e3o defendidas em seus direitos. Lares s\u00e3o reunidos pela for\u00e7a do amor que ele t\u00e3o bem sabe suscitar&#8221;, destacou o celebrante.<\/p>\n<p><img loading=\"lazy\" class=\"alignnone wp-image-232445 size-full\" src=\"https:\/\/franciscanos.org.br\/noticias\/wp-content\/uploads\/2021\/06\/vila_07.jpg\" alt=\"\" width=\"1280\" height=\"960\" srcset=\"https:\/\/franciscanos.org.br\/noticias\/wp-content\/uploads\/2021\/06\/vila_07.jpg 1280w, https:\/\/franciscanos.org.br\/noticias\/wp-content\/uploads\/2021\/06\/vila_07-450x338.jpg 450w, https:\/\/franciscanos.org.br\/noticias\/wp-content\/uploads\/2021\/06\/vila_07-1024x768.jpg 1024w, https:\/\/franciscanos.org.br\/noticias\/wp-content\/uploads\/2021\/06\/vila_07-768x576.jpg 768w, https:\/\/franciscanos.org.br\/noticias\/wp-content\/uploads\/2021\/06\/vila_07-150x113.jpg 150w, https:\/\/franciscanos.org.br\/noticias\/wp-content\/uploads\/2021\/06\/vila_07-600x450.jpg 600w\" sizes=\"(max-width: 1280px) 100vw, 1280px\" \/><\/p>\n<p>Ap\u00f3s uma intensa atividade de prega\u00e7\u00f5es em suas andan\u00e7as, as for\u00e7as lhe faltaram. &#8220;N\u00e3o tinha ainda 40 anos. E, onze meses depois, em maio de 1232, foi proclamado Santo. J\u00e1 no in\u00edcio do S\u00e9culo XX, ele foi proclamado ainda Doutor da Igreja pelo Papa Pio XII. Em breves palavras, esta foi a vida curta, mas intensa de Santo Ant\u00f4nio de P\u00e1dua, de Lisboa e do mundo inteiro&#8221;, observou Frei C\u00e9sar.<\/p>\n<p>N\u00e3o foi diferente no Brasil. \u00c9, com certeza, o santo mais popular e amado do nosso povo, frisou o celebrante. &#8220;O mais buscado diante das ang\u00fastias e sofrimentos. S\u00e3o incont\u00e1veis os milagres j\u00e1 realizados a partir desta f\u00e9 t\u00e3o confiante em sua intercess\u00e3o diante de Deus&#8221;, ressaltou.<\/p>\n<p>&#8220;Dos seus &#8216;Serm\u00f5es&#8217;, aprendemos que a Palavra \u00e9 viva quando s\u00e3o as obras que falam&#8221;, disse, citando um trecho do Serm\u00e3o de Pentecostes: \u201cQuem est\u00e1 repleto do Esp\u00edrito Santo fala v\u00e1rias l\u00ednguas. As v\u00e1rias l\u00ednguas s\u00e3o os v\u00e1rios testemunhos sobre Cristo, a saber: a humildade, a pobreza, a paci\u00eancia e a obedi\u00eancia; falamos estas l\u00ednguas quando os outros as veem em n\u00f3s mesmos. A palavra \u00e9 viva quando s\u00e3o as obras que falam. Cessem, portanto, os discursos e falem as obras. Estamos saturados de palavras, mas vazios de obras. Em v\u00e3o pregar\u00e1 o conhecimento da lei quem destr\u00f3i a doutrina por suas obras. Falemos, portanto, conforme a linguagem que o Esp\u00edrito Santo nos conceder; e pe\u00e7amos-lhe humilde e devotamente que derrame sobre n\u00f3s a sua gra\u00e7a Desse modo, ardentes e iluminados pelos esplendores da santidade, mereceremos ver o Deus Uno e Trino\u201d.<\/p>\n\n\t\t<style type=\"text\/css\">\n\t\t\t#gallery-2 {\n\t\t\t\tmargin: auto;\n\t\t\t}\n\t\t\t#gallery-2 .gallery-item {\n\t\t\t\tfloat: left;\n\t\t\t\tmargin-top: 10px;\n\t\t\t\ttext-align: center;\n\t\t\t\twidth: 25%;\n\t\t\t}\n\t\t\t#gallery-2 img {\n\t\t\t\tborder: 2px solid #cfcfcf;\n\t\t\t}\n\t\t\t#gallery-2 .gallery-caption {\n\t\t\t\tmargin-left: 0;\n\t\t\t}\n\t\t\t\/* see gallery_shortcode() in wp-includes\/media.php *\/\n\t\t<\/style>\n\t\t<div id='gallery-2' class='gallery galleryid-232436 gallery-columns-4 gallery-size-thumbnail'><dl class='gallery-item'>\n\t\t\t<dt class='gallery-icon landscape'>\n\t\t\t\t<a href='https:\/\/franciscanos.org.br\/noticias\/wp-content\/uploads\/2021\/06\/vila_05.jpg'><img width=\"300\" height=\"300\" src=\"https:\/\/franciscanos.org.br\/noticias\/wp-content\/uploads\/2021\/06\/vila_05-300x300.jpg\" class=\"attachment-thumbnail size-thumbnail\" alt=\"\" loading=\"lazy\" srcset=\"https:\/\/franciscanos.org.br\/noticias\/wp-content\/uploads\/2021\/06\/vila_05-300x300.jpg 300w, https:\/\/franciscanos.org.br\/noticias\/wp-content\/uploads\/2021\/06\/vila_05-100x100.jpg 100w\" sizes=\"(max-width: 300px) 100vw, 300px\" \/><\/a>\n\t\t\t<\/dt><\/dl><dl class='gallery-item'>\n\t\t\t<dt class='gallery-icon landscape'>\n\t\t\t\t<a href='https:\/\/franciscanos.org.br\/noticias\/wp-content\/uploads\/2021\/06\/vila_06.jpg'><img width=\"300\" height=\"300\" src=\"https:\/\/franciscanos.org.br\/noticias\/wp-content\/uploads\/2021\/06\/vila_06-300x300.jpg\" class=\"attachment-thumbnail size-thumbnail\" alt=\"\" loading=\"lazy\" srcset=\"https:\/\/franciscanos.org.br\/noticias\/wp-content\/uploads\/2021\/06\/vila_06-300x300.jpg 300w, https:\/\/franciscanos.org.br\/noticias\/wp-content\/uploads\/2021\/06\/vila_06-100x100.jpg 100w\" sizes=\"(max-width: 300px) 100vw, 300px\" \/><\/a>\n\t\t\t<\/dt><\/dl><dl class='gallery-item'>\n\t\t\t<dt class='gallery-icon landscape'>\n\t\t\t\t<a href='https:\/\/franciscanos.org.br\/noticias\/wp-content\/uploads\/2021\/06\/vila_10.jpg'><img width=\"300\" height=\"300\" src=\"https:\/\/franciscanos.org.br\/noticias\/wp-content\/uploads\/2021\/06\/vila_10-300x300.jpg\" class=\"attachment-thumbnail size-thumbnail\" alt=\"\" loading=\"lazy\" srcset=\"https:\/\/franciscanos.org.br\/noticias\/wp-content\/uploads\/2021\/06\/vila_10-300x300.jpg 300w, https:\/\/franciscanos.org.br\/noticias\/wp-content\/uploads\/2021\/06\/vila_10-100x100.jpg 100w\" sizes=\"(max-width: 300px) 100vw, 300px\" \/><\/a>\n\t\t\t<\/dt><\/dl><dl class='gallery-item'>\n\t\t\t<dt class='gallery-icon landscape'>\n\t\t\t\t<a href='https:\/\/franciscanos.org.br\/noticias\/wp-content\/uploads\/2021\/06\/vila_11.jpg'><img width=\"300\" height=\"300\" src=\"https:\/\/franciscanos.org.br\/noticias\/wp-content\/uploads\/2021\/06\/vila_11-300x300.jpg\" class=\"attachment-thumbnail size-thumbnail\" alt=\"\" loading=\"lazy\" srcset=\"https:\/\/franciscanos.org.br\/noticias\/wp-content\/uploads\/2021\/06\/vila_11-300x300.jpg 300w, https:\/\/franciscanos.org.br\/noticias\/wp-content\/uploads\/2021\/06\/vila_11-100x100.jpg 100w\" sizes=\"(max-width: 300px) 100vw, 300px\" \/><\/a>\n\t\t\t<\/dt><\/dl><br style=\"clear: both\" \/>\n\t\t<\/div>\n\n<p>&#8220;Da Palavra de Santo Ant\u00f4nio e com seu testemunho de vida, aprendemos que a vida crist\u00e3 deve nos levar a uma atitude de convers\u00e3o, de transforma\u00e7\u00e3o do nosso cora\u00e7\u00e3o, de abertura \u00e0 vontade de Deus. Neste dia em que cantamos os seus louvores, pe\u00e7amos tamb\u00e9m a Deus essa gra\u00e7a, pela poderosa intercess\u00e3o de Santo Ant\u00f4nio, de abrirmos o nosso cora\u00e7\u00e3o a esta sabedoria que une a escuta da Palavra com a santidade de vida. Rogai por n\u00f3s, glorioso Santo Ant\u00f4nio!&#8221;, concluiu Frei C\u00e9sar.<\/p>\n<p><strong>MENOS TREVAS<\/strong><\/p>\n<p>O p\u00e1roco da Par\u00f3quia S\u00e3o Francisco de Assis, que no pr\u00f3ximo dia 24 deste m\u00eas celebra 80 anos, falou na Celebra\u00e7\u00e3o Eucar\u00edstica que presidiu ao meio-dia, que Santo Ant\u00f4nio foi um santo que amou plenamente Jesus Cristo, amou plenamente a Deus e anunciou esse Deus a ponto de ser chamado &#8220;Trombeta do Evangelho&#8221;. &#8220;E com a sua palavra Santo Ant\u00f4nio fortalecia a f\u00e9 das pessoas, o entusiasmo, o \u00e2nimo, a esperan\u00e7a.\u00a0 N\u00f3s estamos precisando muito de palavras que nos incentivem, de palavras que nos deem novo \u00e2nimo, que iluminem nossos passos, que n\u00e3o semeiem trevas no mundo, mas derrame luz para que a humanidade possa ter refer\u00eancia novamente&#8221;, observou o frade.<\/p>\n<p>&#8220;O Evangelho \u00e9 a Boa Nova, uma boa not\u00edcia para que a humanidade possa viver melhor. Por isso que os santos e santas s\u00e3o comprometidos com o Evangelho, porque eles acreditaram que o Evangelho pode contribuir para o bem das pessoas&#8221;, ensinou.<\/p>\n<p>Ao final da missa, na b\u00ean\u00e7\u00e3o dos p\u00e3es, Frei Valdecir agradeceu aos volunt\u00e1rios que ajudaram em todas as celebra\u00e7\u00f5es de Santo Ant\u00f4nio, especialmente neste domingo, e aos fi\u00e9is devotos de Santo Ant\u00f4nio. Segundo ele, a pandemia deixou mais evidente a import\u00e2ncia da espiritualidade, do nosso relacionamento com Deus.<\/p>\n<hr \/>\n<p><em>Moacir Beggo<\/em><\/p>\n<p><img loading=\"lazy\" class=\"alignnone wp-image-232450 size-full\" src=\"https:\/\/franciscanos.org.br\/noticias\/wp-content\/uploads\/2021\/06\/vila_12.jpg\" alt=\"\" width=\"1280\" height=\"829\" srcset=\"https:\/\/franciscanos.org.br\/noticias\/wp-content\/uploads\/2021\/06\/vila_12.jpg 1280w, https:\/\/franciscanos.org.br\/noticias\/wp-content\/uploads\/2021\/06\/vila_12-450x291.jpg 450w, https:\/\/franciscanos.org.br\/noticias\/wp-content\/uploads\/2021\/06\/vila_12-1024x663.jpg 1024w, https:\/\/franciscanos.org.br\/noticias\/wp-content\/uploads\/2021\/06\/vila_12-768x497.jpg 768w, https:\/\/franciscanos.org.br\/noticias\/wp-content\/uploads\/2021\/06\/vila_12-150x97.jpg 150w\" sizes=\"(max-width: 1280px) 100vw, 1280px\" \/><\/p>\n","protected":false},"excerpt":{"rendered":"<p>Par\u00f3quia S\u00e3o Francisco de Assis &#8211; Vila Clementino<\/p>\n","protected":false},"author":3,"featured_media":232451,"comment_status":"open","ping_status":"open","sticky":false,"template":"","format":"standard","meta":[],"categories":[1],"tags":[585],"acf":[],"yoast_head":"<!-- This site is optimized with the Yoast SEO plugin v19.2 - https:\/\/yoast.com\/wordpress\/plugins\/seo\/ -->\n<title>Frei C\u00e9sar: Aprendemos com Santo Ant\u00f4nio que a vida crist\u00e3 deve transformar nosso cora\u00e7\u00e3o - Not\u00edcias - Franciscanos<\/title>\n<meta name=\"robots\" content=\"index, follow, max-snippet:-1, max-image-preview:large, max-video-preview:-1\" \/>\n<link rel=\"canonical\" href=\"https:\/\/franciscanos.org.br\/noticias\/frei-cesar-aprendemos-com-santo-antonio-que-a-vida-crista-deve-transformar-nosso-coracao.html\" \/>\n<meta property=\"og:locale\" content=\"pt_BR\" \/>\n<meta property=\"og:type\" content=\"article\" \/>\n<meta property=\"og:title\" content=\"Frei C\u00e9sar: Aprendemos com Santo Ant\u00f4nio que a vida crist\u00e3 deve transformar nosso cora\u00e7\u00e3o - Not\u00edcias - Franciscanos\" \/>\n<meta property=\"og:description\" content=\"Par\u00f3quia S\u00e3o Francisco de Assis - Vila Clementino\" \/>\n<meta property=\"og:url\" content=\"https:\/\/franciscanos.org.br\/noticias\/frei-cesar-aprendemos-com-santo-antonio-que-a-vida-crista-deve-transformar-nosso-coracao.html\" \/>\n<meta property=\"og:site_name\" content=\"Not\u00edcias - Franciscanos\" \/>\n<meta property=\"article:published_time\" content=\"2021-06-14T00:42:14+00:00\" \/>\n<meta property=\"article:modified_time\" content=\"2021-06-14T10:42:27+00:00\" \/>\n<meta property=\"og:image\" content=\"https:\/\/franciscanos.org.br\/noticias\/wp-content\/uploads\/2021\/06\/vila_09d.jpg\" \/>\n\t<meta property=\"og:image:width\" content=\"800\" \/>\n\t<meta property=\"og:image:height\" content=\"509\" \/>\n\t<meta property=\"og:image:type\" content=\"image\/jpeg\" \/>\n<meta name=\"author\" content=\"moacir\" \/>\n<meta name=\"twitter:card\" content=\"summary_large_image\" \/>\n<meta name=\"twitter:label1\" content=\"Escrito por\" \/>\n\t<meta name=\"twitter:data1\" content=\"moacir\" \/>\n\t<meta name=\"twitter:label2\" content=\"Est. tempo de leitura\" \/>\n\t<meta name=\"twitter:data2\" content=\"6 minutos\" \/>\n<script type=\"application\/ld+json\" class=\"yoast-schema-graph\">{\"@context\":\"https:\/\/schema.org\",\"@graph\":[{\"@type\":\"WebSite\",\"@id\":\"https:\/\/franciscanos.org.br\/noticias\/#website\",\"url\":\"https:\/\/franciscanos.org.br\/noticias\/\",\"name\":\"Not\u00edcias - Franciscanos\",\"description\":\"Prov\u00edncia Franciscana da Imaculada Concei\u00e7\u00e3o do Brasil - Ordem dos Frades Menores - OFM\",\"potentialAction\":[{\"@type\":\"SearchAction\",\"target\":{\"@type\":\"EntryPoint\",\"urlTemplate\":\"https:\/\/franciscanos.org.br\/noticias\/?s={search_term_string}\"},\"query-input\":\"required name=search_term_string\"}],\"inLanguage\":\"pt-BR\"},{\"@type\":\"ImageObject\",\"inLanguage\":\"pt-BR\",\"@id\":\"https:\/\/franciscanos.org.br\/noticias\/frei-cesar-aprendemos-com-santo-antonio-que-a-vida-crista-deve-transformar-nosso-coracao.html#primaryimage\",\"url\":\"https:\/\/franciscanos.org.br\/noticias\/wp-content\/uploads\/2021\/06\/vila_09d.jpg\",\"contentUrl\":\"https:\/\/franciscanos.org.br\/noticias\/wp-content\/uploads\/2021\/06\/vila_09d.jpg\",\"width\":800,\"height\":509},{\"@type\":\"WebPage\",\"@id\":\"https:\/\/franciscanos.org.br\/noticias\/frei-cesar-aprendemos-com-santo-antonio-que-a-vida-crista-deve-transformar-nosso-coracao.html#webpage\",\"url\":\"https:\/\/franciscanos.org.br\/noticias\/frei-cesar-aprendemos-com-santo-antonio-que-a-vida-crista-deve-transformar-nosso-coracao.html\",\"name\":\"Frei C\u00e9sar: Aprendemos com Santo Ant\u00f4nio que a vida crist\u00e3 deve transformar nosso cora\u00e7\u00e3o - Not\u00edcias - Franciscanos\",\"isPartOf\":{\"@id\":\"https:\/\/franciscanos.org.br\/noticias\/#website\"},\"primaryImageOfPage\":{\"@id\":\"https:\/\/franciscanos.org.br\/noticias\/frei-cesar-aprendemos-com-santo-antonio-que-a-vida-crista-deve-transformar-nosso-coracao.html#primaryimage\"},\"datePublished\":\"2021-06-14T00:42:14+00:00\",\"dateModified\":\"2021-06-14T10:42:27+00:00\",\"author\":{\"@id\":\"https:\/\/franciscanos.org.br\/noticias\/#\/schema\/person\/b5c8cba458c330ccff548b056e95a5d4\"},\"breadcrumb\":{\"@id\":\"https:\/\/franciscanos.org.br\/noticias\/frei-cesar-aprendemos-com-santo-antonio-que-a-vida-crista-deve-transformar-nosso-coracao.html#breadcrumb\"},\"inLanguage\":\"pt-BR\",\"potentialAction\":[{\"@type\":\"ReadAction\",\"target\":[\"https:\/\/franciscanos.org.br\/noticias\/frei-cesar-aprendemos-com-santo-antonio-que-a-vida-crista-deve-transformar-nosso-coracao.html\"]}]},{\"@type\":\"BreadcrumbList\",\"@id\":\"https:\/\/franciscanos.org.br\/noticias\/frei-cesar-aprendemos-com-santo-antonio-que-a-vida-crista-deve-transformar-nosso-coracao.html#breadcrumb\",\"itemListElement\":[{\"@type\":\"ListItem\",\"position\":1,\"name\":\"Home\",\"item\":\"https:\/\/franciscanos.org.br\/noticias\"},{\"@type\":\"ListItem\",\"position\":2,\"name\":\"Frei C\u00e9sar: Aprendemos com Santo Ant\u00f4nio que a vida crist\u00e3 deve transformar nosso cora\u00e7\u00e3o\"}]},{\"@type\":\"Person\",\"@id\":\"https:\/\/franciscanos.org.br\/noticias\/#\/schema\/person\/b5c8cba458c330ccff548b056e95a5d4\",\"name\":\"moacir\",\"image\":{\"@type\":\"ImageObject\",\"inLanguage\":\"pt-BR\",\"@id\":\"https:\/\/franciscanos.org.br\/noticias\/#\/schema\/person\/image\/\",\"url\":\"https:\/\/secure.gravatar.com\/avatar\/d08aa2ce4c8dd416d4479aa8536fcf64?s=96&d=mm&r=g\",\"contentUrl\":\"https:\/\/secure.gravatar.com\/avatar\/d08aa2ce4c8dd416d4479aa8536fcf64?s=96&d=mm&r=g\",\"caption\":\"moacir\"},\"url\":\"https:\/\/franciscanos.org.br\/noticias\/author\/moacir\"}]}<\/script>\n<!-- \/ Yoast SEO plugin. -->","yoast_head_json":{"title":"Frei C\u00e9sar: Aprendemos com Santo Ant\u00f4nio que a vida crist\u00e3 deve transformar nosso cora\u00e7\u00e3o - Not\u00edcias - Franciscanos","robots":{"index":"index","follow":"follow","max-snippet":"max-snippet:-1","max-image-preview":"max-image-preview:large","max-video-preview":"max-video-preview:-1"},"canonical":"https:\/\/franciscanos.org.br\/noticias\/frei-cesar-aprendemos-com-santo-antonio-que-a-vida-crista-deve-transformar-nosso-coracao.html","og_locale":"pt_BR","og_type":"article","og_title":"Frei C\u00e9sar: Aprendemos com Santo Ant\u00f4nio que a vida crist\u00e3 deve transformar nosso cora\u00e7\u00e3o - Not\u00edcias - Franciscanos","og_description":"Par\u00f3quia S\u00e3o Francisco de Assis - Vila Clementino","og_url":"https:\/\/franciscanos.org.br\/noticias\/frei-cesar-aprendemos-com-santo-antonio-que-a-vida-crista-deve-transformar-nosso-coracao.html","og_site_name":"Not\u00edcias - Franciscanos","article_published_time":"2021-06-14T00:42:14+00:00","article_modified_time":"2021-06-14T10:42:27+00:00","og_image":[{"width":800,"height":509,"url":"https:\/\/franciscanos.org.br\/noticias\/wp-content\/uploads\/2021\/06\/vila_09d.jpg","type":"image\/jpeg"}],"author":"moacir","twitter_card":"summary_large_image","twitter_misc":{"Escrito por":"moacir","Est. tempo de leitura":"6 minutos"},"schema":{"@context":"https:\/\/schema.org","@graph":[{"@type":"WebSite","@id":"https:\/\/franciscanos.org.br\/noticias\/#website","url":"https:\/\/franciscanos.org.br\/noticias\/","name":"Not\u00edcias - Franciscanos","description":"Prov\u00edncia Franciscana da Imaculada Concei\u00e7\u00e3o do Brasil - Ordem dos Frades Menores - OFM","potentialAction":[{"@type":"SearchAction","target":{"@type":"EntryPoint","urlTemplate":"https:\/\/franciscanos.org.br\/noticias\/?s={search_term_string}"},"query-input":"required name=search_term_string"}],"inLanguage":"pt-BR"},{"@type":"ImageObject","inLanguage":"pt-BR","@id":"https:\/\/franciscanos.org.br\/noticias\/frei-cesar-aprendemos-com-santo-antonio-que-a-vida-crista-deve-transformar-nosso-coracao.html#primaryimage","url":"https:\/\/franciscanos.org.br\/noticias\/wp-content\/uploads\/2021\/06\/vila_09d.jpg","contentUrl":"https:\/\/franciscanos.org.br\/noticias\/wp-content\/uploads\/2021\/06\/vila_09d.jpg","width":800,"height":509},{"@type":"WebPage","@id":"https:\/\/franciscanos.org.br\/noticias\/frei-cesar-aprendemos-com-santo-antonio-que-a-vida-crista-deve-transformar-nosso-coracao.html#webpage","url":"https:\/\/franciscanos.org.br\/noticias\/frei-cesar-aprendemos-com-santo-antonio-que-a-vida-crista-deve-transformar-nosso-coracao.html","name":"Frei C\u00e9sar: Aprendemos com Santo Ant\u00f4nio que a vida crist\u00e3 deve transformar nosso cora\u00e7\u00e3o - Not\u00edcias - Franciscanos","isPartOf":{"@id":"https:\/\/franciscanos.org.br\/noticias\/#website"},"primaryImageOfPage":{"@id":"https:\/\/franciscanos.org.br\/noticias\/frei-cesar-aprendemos-com-santo-antonio-que-a-vida-crista-deve-transformar-nosso-coracao.html#primaryimage"},"datePublished":"2021-06-14T00:42:14+00:00","dateModified":"2021-06-14T10:42:27+00:00","author":{"@id":"https:\/\/franciscanos.org.br\/noticias\/#\/schema\/person\/b5c8cba458c330ccff548b056e95a5d4"},"breadcrumb":{"@id":"https:\/\/franciscanos.org.br\/noticias\/frei-cesar-aprendemos-com-santo-antonio-que-a-vida-crista-deve-transformar-nosso-coracao.html#breadcrumb"},"inLanguage":"pt-BR","potentialAction":[{"@type":"ReadAction","target":["https:\/\/franciscanos.org.br\/noticias\/frei-cesar-aprendemos-com-santo-antonio-que-a-vida-crista-deve-transformar-nosso-coracao.html"]}]},{"@type":"BreadcrumbList","@id":"https:\/\/franciscanos.org.br\/noticias\/frei-cesar-aprendemos-com-santo-antonio-que-a-vida-crista-deve-transformar-nosso-coracao.html#breadcrumb","itemListElement":[{"@type":"ListItem","position":1,"name":"Home","item":"https:\/\/franciscanos.org.br\/noticias"},{"@type":"ListItem","position":2,"name":"Frei C\u00e9sar: Aprendemos com Santo Ant\u00f4nio que a vida crist\u00e3 deve transformar nosso cora\u00e7\u00e3o"}]},{"@type":"Person","@id":"https:\/\/franciscanos.org.br\/noticias\/#\/schema\/person\/b5c8cba458c330ccff548b056e95a5d4","name":"moacir","image":{"@type":"ImageObject","inLanguage":"pt-BR","@id":"https:\/\/franciscanos.org.br\/noticias\/#\/schema\/person\/image\/","url":"https:\/\/secure.gravatar.com\/avatar\/d08aa2ce4c8dd416d4479aa8536fcf64?s=96&d=mm&r=g","contentUrl":"https:\/\/secure.gravatar.com\/avatar\/d08aa2ce4c8dd416d4479aa8536fcf64?s=96&d=mm&r=g","caption":"moacir"},"url":"https:\/\/franciscanos.org.br\/noticias\/author\/moacir"}]}},"_links":{"self":[{"href":"https:\/\/franciscanos.org.br\/noticias\/wp-json\/wp\/v2\/posts\/232436"}],"collection":[{"href":"https:\/\/franciscanos.org.br\/noticias\/wp-json\/wp\/v2\/posts"}],"about":[{"href":"https:\/\/franciscanos.org.br\/noticias\/wp-json\/wp\/v2\/types\/post"}],"author":[{"embeddable":true,"href":"https:\/\/franciscanos.org.br\/noticias\/wp-json\/wp\/v2\/users\/3"}],"replies":[{"embeddable":true,"href":"https:\/\/franciscanos.org.br\/noticias\/wp-json\/wp\/v2\/comments?post=232436"}],"version-history":[{"count":3,"href":"https:\/\/franciscanos.org.br\/noticias\/wp-json\/wp\/v2\/posts\/232436\/revisions"}],"predecessor-version":[{"id":232465,"href":"https:\/\/franciscanos.org.br\/noticias\/wp-json\/wp\/v2\/posts\/232436\/revisions\/232465"}],"wp:featuredmedia":[{"embeddable":true,"href":"https:\/\/franciscanos.org.br\/noticias\/wp-json\/wp\/v2\/media\/232451"}],"wp:attachment":[{"href":"https:\/\/franciscanos.org.br\/noticias\/wp-json\/wp\/v2\/media?parent=232436"}],"wp:term":[{"taxonomy":"category","embeddable":true,"href":"https:\/\/franciscanos.org.br\/noticias\/wp-json\/wp\/v2\/categories?post=232436"},{"taxonomy":"post_tag","embeddable":true,"href":"https:\/\/franciscanos.org.br\/noticias\/wp-json\/wp\/v2\/tags?post=232436"}],"curies":[{"name":"wp","href":"https:\/\/api.w.org\/{rel}","templated":true}]}}