{"id":232426,"date":"2021-06-13T17:43:37","date_gmt":"2021-06-13T20:43:37","guid":{"rendered":"https:\/\/franciscanos.org.br\/noticias\/?p=232426"},"modified":"2021-06-13T17:47:19","modified_gmt":"2021-06-13T20:47:19","slug":"frei-jose-ariovaldo-pede-armas-do-amor-da-paz-e-da-justica","status":"publish","type":"post","link":"https:\/\/franciscanos.org.br\/noticias\/frei-jose-ariovaldo-pede-armas-do-amor-da-paz-e-da-justica.html","title":{"rendered":"Pelo Brasil, Frei Jos\u00e9 Ariovaldo pede \u201carmas do amor, da paz e da justi\u00e7a\u201d"},"content":{"rendered":"<p><img loading=\"lazy\" class=\"alignnone wp-image-232427 size-full\" src=\"https:\/\/franciscanos.org.br\/noticias\/wp-content\/uploads\/2021\/06\/antonio_13.jpg\" alt=\"\" width=\"1280\" height=\"720\" srcset=\"https:\/\/franciscanos.org.br\/noticias\/wp-content\/uploads\/2021\/06\/antonio_13.jpg 1280w, https:\/\/franciscanos.org.br\/noticias\/wp-content\/uploads\/2021\/06\/antonio_13-450x253.jpg 450w, https:\/\/franciscanos.org.br\/noticias\/wp-content\/uploads\/2021\/06\/antonio_13-1024x576.jpg 1024w, https:\/\/franciscanos.org.br\/noticias\/wp-content\/uploads\/2021\/06\/antonio_13-768x432.jpg 768w, https:\/\/franciscanos.org.br\/noticias\/wp-content\/uploads\/2021\/06\/antonio_13-150x84.jpg 150w\" sizes=\"(max-width: 1280px) 100vw, 1280px\" \/><\/p>\n<p><b>Petr\u00f3polis (RJ)\u00a0 &#8211; <\/b><span style=\"font-weight: 400;\">Nem mesmo o frio na serra petropolitana espantou os fi\u00e9is e devotos de Santo Ant\u00f4nio neste domingo, 13 de junho, no Convento e Par\u00f3quia do Sagrado de Petr\u00f3polis (RJ). As celebra\u00e7\u00f5es chegaram a lotar a igreja, com gente acompanhando at\u00e9 mesmo do lado de fora. Logo no in\u00edcio do dia, os devotos do santo franciscano j\u00e1 batiam \u00e0 porta da Igreja, que \u00e9 hist\u00f3rica e centen\u00e1ria. As missas come\u00e7aram bem cedo, \u00e0s 7 horas. Durante todo dia, realizou-se b\u00ean\u00e7\u00e3os de Santo Ant\u00f4nio e distribui\u00e7\u00e3o de mais de 5 mil p\u00e3es.<\/span><\/p>\n<p><span style=\"font-weight: 400;\">Presidida pelo vig\u00e1rio paroquial, Frei Jos\u00e9 Ariovaldo da Silva, a Celebra\u00e7\u00e3o Eucar\u00edstica das 10 horas contou com o coral dos frades do Tempo da Teologia na anima\u00e7\u00e3o dos cantos, sob reg\u00eancia do mestre, Frei Marcos Ant\u00f4nio de Andrade. Como j\u00e1 \u00e9 de costume, a missa foi transmitida pela R\u00e1dio Imperial e pelas redes sociais da Par\u00f3quia.<\/span><\/p>\n<p><span style=\"font-weight: 400;\">Na homilia, Frei Jos\u00e9 Ariovaldo relacionou a liturgia do 11\u00ba Domingo do Tempo Comum com a festa franciscana. Segundo ele, quando se reza a ora\u00e7\u00e3o do Pai nosso, um dos pedidos que se faz a toda hora, \u00e0s vezes sem pensar, \u00e9 este: \u201cVenha a n\u00f3s o vosso reino\u201d. Mas \u201cque reino \u00e9 este?\u201d, indagou. Para Frei Ariovaldo, \u00e9 o espa\u00e7o do perfeito amor, da harmonia total, da paz absoluta, da vida plena, poss\u00edvel em todos os todos os lugares.<\/span><\/p>\n<p><img loading=\"lazy\" class=\"alignnone wp-image-232430 size-full\" src=\"https:\/\/franciscanos.org.br\/noticias\/wp-content\/uploads\/2021\/06\/antonio_14.jpg\" alt=\"\" width=\"1280\" height=\"1359\" srcset=\"https:\/\/franciscanos.org.br\/noticias\/wp-content\/uploads\/2021\/06\/antonio_14.jpg 1280w, https:\/\/franciscanos.org.br\/noticias\/wp-content\/uploads\/2021\/06\/antonio_14-424x450.jpg 424w, https:\/\/franciscanos.org.br\/noticias\/wp-content\/uploads\/2021\/06\/antonio_14-964x1024.jpg 964w, https:\/\/franciscanos.org.br\/noticias\/wp-content\/uploads\/2021\/06\/antonio_14-768x815.jpg 768w, https:\/\/franciscanos.org.br\/noticias\/wp-content\/uploads\/2021\/06\/antonio_14-150x159.jpg 150w\" sizes=\"(max-width: 1280px) 100vw, 1280px\" \/><\/p>\n<p><span style=\"font-weight: 400;\">\u201cReino de Deus \u00e9 este espa\u00e7o totalmente livre, isto \u00e9, completamente limpo de complica\u00e7\u00f5es, \u00f3dios, agress\u00f5es, morte, corrup\u00e7\u00e3o, opress\u00e3o, mentiras e medos em todas as rela\u00e7\u00f5es\u201d, disse. \u201c\u00c9 o que, no fundo, pedimos na ora\u00e7\u00e3o do Pai nosso: Venha a n\u00f3s o vosso Reino. Em outras palavras: Que tenhamos a corajosa confian\u00e7a de ativamente permitir e contribuir para que este Reino, este espa\u00e7o ou clima de vida plena, j\u00e1 plantado em n\u00f3s pelo Esp\u00edrito de Jesus, desabroche e cres\u00e7a em n\u00f3s e entre n\u00f3s\u201d, destacou.<\/span><\/p>\n<p><span style=\"font-weight: 400;\">Segundo o frade, esse Reino j\u00e1 veio, aconteceu na pessoa de Jesus, e continua acontecer naqueles que se fazem com Ele. \u201cCome\u00e7ou com Jesus e se expandiu para todos n\u00f3s, como uma \u00e1rvore que come\u00e7ou com uma simples sementinha e depois se expandiu em forma de muitos galhos, flores e frutos\u201d, disse.\u00a0<\/span><\/p>\n<p><img loading=\"lazy\" class=\"alignnone wp-image-232431 size-full\" src=\"https:\/\/franciscanos.org.br\/noticias\/wp-content\/uploads\/2021\/06\/antonio_15.jpg\" alt=\"\" width=\"1280\" height=\"853\" srcset=\"https:\/\/franciscanos.org.br\/noticias\/wp-content\/uploads\/2021\/06\/antonio_15.jpg 1280w, https:\/\/franciscanos.org.br\/noticias\/wp-content\/uploads\/2021\/06\/antonio_15-450x300.jpg 450w, https:\/\/franciscanos.org.br\/noticias\/wp-content\/uploads\/2021\/06\/antonio_15-1024x682.jpg 1024w, https:\/\/franciscanos.org.br\/noticias\/wp-content\/uploads\/2021\/06\/antonio_15-768x512.jpg 768w, https:\/\/franciscanos.org.br\/noticias\/wp-content\/uploads\/2021\/06\/antonio_15-150x100.jpg 150w\" sizes=\"(max-width: 1280px) 100vw, 1280px\" \/><\/p>\n<p><span style=\"font-weight: 400;\">No evangelho, Jesus compara seu Reino com uma sementinha de mostarda. \u201cEssa sementinha germinou, cresceu, nasceu em Bel\u00e9m, continuou a crescer, crescer&#8230; J\u00e1 \u00e1rvore crescida e adulta, ele vai revelando que, no fundo, o Reino de Deus \u00e9 a sua pr\u00f3pria pessoa. Ele \u00e9 o espa\u00e7o da plenitude do amor, da miseric\u00f3rdia, da compaix\u00e3o, da solidariedade, da justi\u00e7a e da paz. Quando, em par\u00e1bola, ele compara a sementinha de mostarda ao Reino de Deus, no fundo, ele est\u00e1 falando d\u2019Ele mesmo\u201d, afirmou. \u201cTodos n\u00f3s fomos vocacionados pelo batismo para sermos protagonistas do Reino de amor, justi\u00e7a e paz sobre esse planeta terra\u201d, acrescentou.\u00a0<\/span><\/p>\n<p><span style=\"font-weight: 400;\">Segundo Frei Ariovaldo, Santo Ant\u00f4nio foi um grande protagonista, um ex\u00edmio semeador do Reino por palavras e por obras. \u201cObrigado, Santo Ant\u00f4nio! Hoje \u00e9 o teu dia! E neste dia, pedimos pelo nosso Brasil passando por momentos dif\u00edceis. Infelizmente, em vez de espalhar o Reino de Deus, h\u00e1 pessoas e grupos em nosso pa\u00eds se organizando, inclusive em comit\u00eas economicamente apoiados por empresas poderosas, para implantar em nosso pa\u00eds um reino de \u00f3dio, de brigas e intrigas, guerra, preconceito, desprezo pela vida: Anti-reino\u201d, lamentou. \u201cAjuda-nos, Santo Ant\u00f4nio, a superarmos tudo isso com as armas do amor, da paz e da justi\u00e7a\u201d, pediu. \u201cE que venha a n\u00f3s, sim, o vosso Reino. N\u00e3o o Reino do \u00f3dio, mas o vosso Reino que \u00e9 Reino de amor, paz e justi\u00e7a. Am\u00e9m\u201d, concluiu.<\/span><\/p>\n<p><img loading=\"lazy\" class=\"alignnone wp-image-232429 size-full\" src=\"https:\/\/franciscanos.org.br\/noticias\/wp-content\/uploads\/2021\/06\/antonio_17.jpg\" alt=\"\" width=\"1280\" height=\"738\" srcset=\"https:\/\/franciscanos.org.br\/noticias\/wp-content\/uploads\/2021\/06\/antonio_17.jpg 1280w, https:\/\/franciscanos.org.br\/noticias\/wp-content\/uploads\/2021\/06\/antonio_17-450x259.jpg 450w, https:\/\/franciscanos.org.br\/noticias\/wp-content\/uploads\/2021\/06\/antonio_17-1024x590.jpg 1024w, https:\/\/franciscanos.org.br\/noticias\/wp-content\/uploads\/2021\/06\/antonio_17-768x443.jpg 768w, https:\/\/franciscanos.org.br\/noticias\/wp-content\/uploads\/2021\/06\/antonio_17-150x86.jpg 150w\" sizes=\"(max-width: 1280px) 100vw, 1280px\" \/><\/p>\n<p><b>SANTO ANT\u00d4NIO: GRANDE COOPERADOR DE JESUS CRISTO NA F\u00c9 E NA CARIDADE<\/b><\/p>\n<p><span style=\"font-weight: 400;\">Mais cedo, a Celebra\u00e7\u00e3o Eucar\u00edstica das 8h30 foi presidida pelo p\u00e1roco e guardi\u00e3o, Frei Jorge Paulo Schiavini, e concelebrada pelo atendente conventual, Frei Ab\u00edlio Antunes Amaral. Na homilia, Frei Jorge afirmou que Jesus usa compara\u00e7\u00f5es em par\u00e1bolas para falar da salva\u00e7\u00e3o. Segundo ele, nossa vida \u00e9 como uma semente que \u00e9 lan\u00e7ada na terra. \u201cE n\u00f3s tamb\u00e9m precisamos lan\u00e7ar a semente atrav\u00e9s da acolhida da Palavra de Deus e do seguimento a Jesus Cristo para experimentar sempre essa realidade escondida, mas profunda, que move o cora\u00e7\u00e3o do ser humano\u201d, mencionou.\u00a0<\/span><\/p>\n<p><span style=\"font-weight: 400;\">Para o p\u00e1roco, o Reino de Deus tem uma potencialidade e for\u00e7a em si mesmo que transforma e renova. \u201cSe guardamos a f\u00e9 \u00e9 necess\u00e1rio que tenhamos a paci\u00eancia e esperan\u00e7a de que Deus est\u00e1 presente em nossa vida e no tempo certo dar\u00e1 frutos\u201d.<\/span><\/p>\n<p><span style=\"font-weight: 400;\">Neste sentido, Frei Jorge lembrou do epis\u00f3dio da prega\u00e7\u00e3o de Santo Ant\u00f4nio aos peixes. &#8220;Aquele povo fica t\u00e3o comovido com a paci\u00eancia e f\u00e9 de Santo Ant\u00f4nio e se converte, ouve a Palavra de Deus e passa a ter uma nova vida em Jesus Cristo&#8221;. Segundo o p\u00e1roco, Santo Ant\u00f4nio foi um grande cooperador de Jesus Cristo na f\u00e9 e na caridade. &#8220;Que possamos confiar na presen\u00e7a do Senhor em nossas vidas e assim tamb\u00e9m n\u00f3s produzirmos frutos&#8221;, encerrou.<\/span><\/p>\n<p><img loading=\"lazy\" class=\"alignnone wp-image-232432 size-full\" src=\"https:\/\/franciscanos.org.br\/noticias\/wp-content\/uploads\/2021\/06\/antonio_16.jpg\" alt=\"\" width=\"1280\" height=\"715\" srcset=\"https:\/\/franciscanos.org.br\/noticias\/wp-content\/uploads\/2021\/06\/antonio_16.jpg 1280w, https:\/\/franciscanos.org.br\/noticias\/wp-content\/uploads\/2021\/06\/antonio_16-450x251.jpg 450w, https:\/\/franciscanos.org.br\/noticias\/wp-content\/uploads\/2021\/06\/antonio_16-1024x572.jpg 1024w, https:\/\/franciscanos.org.br\/noticias\/wp-content\/uploads\/2021\/06\/antonio_16-768x429.jpg 768w, https:\/\/franciscanos.org.br\/noticias\/wp-content\/uploads\/2021\/06\/antonio_16-150x84.jpg 150w\" sizes=\"(max-width: 1280px) 100vw, 1280px\" \/><\/p>\n<p><b>TREZENA DE SANTO ANT\u00d4NIO<\/b><\/p>\n<p><span style=\"font-weight: 400;\">Desde o dia 1\u00ba de junho, a Par\u00f3quia do Sagrado realizou a tradicional Trezena de Santo Ant\u00f4nio, que neste ano teve como tema principal: \u201cSanto Ant\u00f4nio, homem da Palavra e intercessor do povo\u201d. Todos os dias, \u00e0s 15 horas, os fi\u00e9is e devotos puderam acompanhar presencialmente e pelas redes sociais, reflex\u00f5es e ora\u00e7\u00f5es em torno do santo mais popular do mundo.<\/span><\/p>\n<p>Conhe\u00e7a mais! Acesse:\u00a0<a href=\"http:\/\/www.paroquiadosagrado.com.br\/\">www.paroquiadosagrado.com.br<\/a><\/p>\n<hr \/>\n<p><i><span style=\"font-weight: 400;\">Frei Augusto Luiz Gabriel<\/span><\/i><\/p>\n<p>&nbsp;<\/p>\n","protected":false},"excerpt":{"rendered":"<p>Par\u00f3quia do Sagrado Cora\u00e7\u00e3o de Jesus &#8211; Petr\u00f3polis<\/p>\n","protected":false},"author":3,"featured_media":232428,"comment_status":"open","ping_status":"open","sticky":false,"template":"","format":"standard","meta":[],"categories":[1],"tags":[585],"acf":[],"yoast_head":"<!-- This site is optimized with the Yoast SEO plugin v19.2 - https:\/\/yoast.com\/wordpress\/plugins\/seo\/ -->\n<title>Pelo Brasil, Frei Jos\u00e9 Ariovaldo pede \u201carmas do amor, da paz e da justi\u00e7a\u201d - Not\u00edcias - Franciscanos<\/title>\n<meta name=\"robots\" content=\"index, follow, max-snippet:-1, max-image-preview:large, max-video-preview:-1\" \/>\n<link rel=\"canonical\" href=\"https:\/\/franciscanos.org.br\/noticias\/frei-jose-ariovaldo-pede-armas-do-amor-da-paz-e-da-justica.html\" \/>\n<meta property=\"og:locale\" content=\"pt_BR\" \/>\n<meta property=\"og:type\" content=\"article\" \/>\n<meta property=\"og:title\" content=\"Pelo Brasil, Frei Jos\u00e9 Ariovaldo pede \u201carmas do amor, da paz e da justi\u00e7a\u201d - Not\u00edcias - Franciscanos\" \/>\n<meta property=\"og:description\" content=\"Par\u00f3quia do Sagrado Cora\u00e7\u00e3o de Jesus - Petr\u00f3polis\" \/>\n<meta property=\"og:url\" content=\"https:\/\/franciscanos.org.br\/noticias\/frei-jose-ariovaldo-pede-armas-do-amor-da-paz-e-da-justica.html\" \/>\n<meta property=\"og:site_name\" content=\"Not\u00edcias - Franciscanos\" \/>\n<meta property=\"article:published_time\" content=\"2021-06-13T20:43:37+00:00\" \/>\n<meta property=\"article:modified_time\" content=\"2021-06-13T20:47:19+00:00\" \/>\n<meta property=\"og:image\" content=\"https:\/\/franciscanos.org.br\/noticias\/wp-content\/uploads\/2021\/06\/antonio_13d.jpg\" \/>\n\t<meta property=\"og:image:width\" content=\"800\" \/>\n\t<meta property=\"og:image:height\" content=\"550\" \/>\n\t<meta property=\"og:image:type\" content=\"image\/jpeg\" \/>\n<meta name=\"author\" content=\"moacir\" \/>\n<meta name=\"twitter:card\" content=\"summary_large_image\" \/>\n<meta name=\"twitter:label1\" content=\"Escrito por\" \/>\n\t<meta name=\"twitter:data1\" content=\"moacir\" \/>\n\t<meta name=\"twitter:label2\" content=\"Est. tempo de leitura\" \/>\n\t<meta name=\"twitter:data2\" content=\"5 minutos\" \/>\n<script type=\"application\/ld+json\" class=\"yoast-schema-graph\">{\"@context\":\"https:\/\/schema.org\",\"@graph\":[{\"@type\":\"WebSite\",\"@id\":\"https:\/\/franciscanos.org.br\/noticias\/#website\",\"url\":\"https:\/\/franciscanos.org.br\/noticias\/\",\"name\":\"Not\u00edcias - Franciscanos\",\"description\":\"Prov\u00edncia Franciscana da Imaculada Concei\u00e7\u00e3o do Brasil - Ordem dos Frades Menores - OFM\",\"potentialAction\":[{\"@type\":\"SearchAction\",\"target\":{\"@type\":\"EntryPoint\",\"urlTemplate\":\"https:\/\/franciscanos.org.br\/noticias\/?s={search_term_string}\"},\"query-input\":\"required name=search_term_string\"}],\"inLanguage\":\"pt-BR\"},{\"@type\":\"ImageObject\",\"inLanguage\":\"pt-BR\",\"@id\":\"https:\/\/franciscanos.org.br\/noticias\/frei-jose-ariovaldo-pede-armas-do-amor-da-paz-e-da-justica.html#primaryimage\",\"url\":\"https:\/\/franciscanos.org.br\/noticias\/wp-content\/uploads\/2021\/06\/antonio_13d.jpg\",\"contentUrl\":\"https:\/\/franciscanos.org.br\/noticias\/wp-content\/uploads\/2021\/06\/antonio_13d.jpg\",\"width\":800,\"height\":550},{\"@type\":\"WebPage\",\"@id\":\"https:\/\/franciscanos.org.br\/noticias\/frei-jose-ariovaldo-pede-armas-do-amor-da-paz-e-da-justica.html#webpage\",\"url\":\"https:\/\/franciscanos.org.br\/noticias\/frei-jose-ariovaldo-pede-armas-do-amor-da-paz-e-da-justica.html\",\"name\":\"Pelo Brasil, Frei Jos\u00e9 Ariovaldo pede \u201carmas do amor, da paz e da justi\u00e7a\u201d - Not\u00edcias - Franciscanos\",\"isPartOf\":{\"@id\":\"https:\/\/franciscanos.org.br\/noticias\/#website\"},\"primaryImageOfPage\":{\"@id\":\"https:\/\/franciscanos.org.br\/noticias\/frei-jose-ariovaldo-pede-armas-do-amor-da-paz-e-da-justica.html#primaryimage\"},\"datePublished\":\"2021-06-13T20:43:37+00:00\",\"dateModified\":\"2021-06-13T20:47:19+00:00\",\"author\":{\"@id\":\"https:\/\/franciscanos.org.br\/noticias\/#\/schema\/person\/b5c8cba458c330ccff548b056e95a5d4\"},\"breadcrumb\":{\"@id\":\"https:\/\/franciscanos.org.br\/noticias\/frei-jose-ariovaldo-pede-armas-do-amor-da-paz-e-da-justica.html#breadcrumb\"},\"inLanguage\":\"pt-BR\",\"potentialAction\":[{\"@type\":\"ReadAction\",\"target\":[\"https:\/\/franciscanos.org.br\/noticias\/frei-jose-ariovaldo-pede-armas-do-amor-da-paz-e-da-justica.html\"]}]},{\"@type\":\"BreadcrumbList\",\"@id\":\"https:\/\/franciscanos.org.br\/noticias\/frei-jose-ariovaldo-pede-armas-do-amor-da-paz-e-da-justica.html#breadcrumb\",\"itemListElement\":[{\"@type\":\"ListItem\",\"position\":1,\"name\":\"Home\",\"item\":\"https:\/\/franciscanos.org.br\/noticias\"},{\"@type\":\"ListItem\",\"position\":2,\"name\":\"Pelo Brasil, Frei Jos\u00e9 Ariovaldo pede \u201carmas do amor, da paz e da justi\u00e7a\u201d\"}]},{\"@type\":\"Person\",\"@id\":\"https:\/\/franciscanos.org.br\/noticias\/#\/schema\/person\/b5c8cba458c330ccff548b056e95a5d4\",\"name\":\"moacir\",\"image\":{\"@type\":\"ImageObject\",\"inLanguage\":\"pt-BR\",\"@id\":\"https:\/\/franciscanos.org.br\/noticias\/#\/schema\/person\/image\/\",\"url\":\"https:\/\/secure.gravatar.com\/avatar\/d08aa2ce4c8dd416d4479aa8536fcf64?s=96&d=mm&r=g\",\"contentUrl\":\"https:\/\/secure.gravatar.com\/avatar\/d08aa2ce4c8dd416d4479aa8536fcf64?s=96&d=mm&r=g\",\"caption\":\"moacir\"},\"url\":\"https:\/\/franciscanos.org.br\/noticias\/author\/moacir\"}]}<\/script>\n<!-- \/ Yoast SEO plugin. -->","yoast_head_json":{"title":"Pelo Brasil, Frei Jos\u00e9 Ariovaldo pede \u201carmas do amor, da paz e da justi\u00e7a\u201d - Not\u00edcias - Franciscanos","robots":{"index":"index","follow":"follow","max-snippet":"max-snippet:-1","max-image-preview":"max-image-preview:large","max-video-preview":"max-video-preview:-1"},"canonical":"https:\/\/franciscanos.org.br\/noticias\/frei-jose-ariovaldo-pede-armas-do-amor-da-paz-e-da-justica.html","og_locale":"pt_BR","og_type":"article","og_title":"Pelo Brasil, Frei Jos\u00e9 Ariovaldo pede \u201carmas do amor, da paz e da justi\u00e7a\u201d - Not\u00edcias - Franciscanos","og_description":"Par\u00f3quia do Sagrado Cora\u00e7\u00e3o de Jesus - Petr\u00f3polis","og_url":"https:\/\/franciscanos.org.br\/noticias\/frei-jose-ariovaldo-pede-armas-do-amor-da-paz-e-da-justica.html","og_site_name":"Not\u00edcias - Franciscanos","article_published_time":"2021-06-13T20:43:37+00:00","article_modified_time":"2021-06-13T20:47:19+00:00","og_image":[{"width":800,"height":550,"url":"https:\/\/franciscanos.org.br\/noticias\/wp-content\/uploads\/2021\/06\/antonio_13d.jpg","type":"image\/jpeg"}],"author":"moacir","twitter_card":"summary_large_image","twitter_misc":{"Escrito por":"moacir","Est. tempo de leitura":"5 minutos"},"schema":{"@context":"https:\/\/schema.org","@graph":[{"@type":"WebSite","@id":"https:\/\/franciscanos.org.br\/noticias\/#website","url":"https:\/\/franciscanos.org.br\/noticias\/","name":"Not\u00edcias - Franciscanos","description":"Prov\u00edncia Franciscana da Imaculada Concei\u00e7\u00e3o do Brasil - Ordem dos Frades Menores - OFM","potentialAction":[{"@type":"SearchAction","target":{"@type":"EntryPoint","urlTemplate":"https:\/\/franciscanos.org.br\/noticias\/?s={search_term_string}"},"query-input":"required name=search_term_string"}],"inLanguage":"pt-BR"},{"@type":"ImageObject","inLanguage":"pt-BR","@id":"https:\/\/franciscanos.org.br\/noticias\/frei-jose-ariovaldo-pede-armas-do-amor-da-paz-e-da-justica.html#primaryimage","url":"https:\/\/franciscanos.org.br\/noticias\/wp-content\/uploads\/2021\/06\/antonio_13d.jpg","contentUrl":"https:\/\/franciscanos.org.br\/noticias\/wp-content\/uploads\/2021\/06\/antonio_13d.jpg","width":800,"height":550},{"@type":"WebPage","@id":"https:\/\/franciscanos.org.br\/noticias\/frei-jose-ariovaldo-pede-armas-do-amor-da-paz-e-da-justica.html#webpage","url":"https:\/\/franciscanos.org.br\/noticias\/frei-jose-ariovaldo-pede-armas-do-amor-da-paz-e-da-justica.html","name":"Pelo Brasil, Frei Jos\u00e9 Ariovaldo pede \u201carmas do amor, da paz e da justi\u00e7a\u201d - Not\u00edcias - Franciscanos","isPartOf":{"@id":"https:\/\/franciscanos.org.br\/noticias\/#website"},"primaryImageOfPage":{"@id":"https:\/\/franciscanos.org.br\/noticias\/frei-jose-ariovaldo-pede-armas-do-amor-da-paz-e-da-justica.html#primaryimage"},"datePublished":"2021-06-13T20:43:37+00:00","dateModified":"2021-06-13T20:47:19+00:00","author":{"@id":"https:\/\/franciscanos.org.br\/noticias\/#\/schema\/person\/b5c8cba458c330ccff548b056e95a5d4"},"breadcrumb":{"@id":"https:\/\/franciscanos.org.br\/noticias\/frei-jose-ariovaldo-pede-armas-do-amor-da-paz-e-da-justica.html#breadcrumb"},"inLanguage":"pt-BR","potentialAction":[{"@type":"ReadAction","target":["https:\/\/franciscanos.org.br\/noticias\/frei-jose-ariovaldo-pede-armas-do-amor-da-paz-e-da-justica.html"]}]},{"@type":"BreadcrumbList","@id":"https:\/\/franciscanos.org.br\/noticias\/frei-jose-ariovaldo-pede-armas-do-amor-da-paz-e-da-justica.html#breadcrumb","itemListElement":[{"@type":"ListItem","position":1,"name":"Home","item":"https:\/\/franciscanos.org.br\/noticias"},{"@type":"ListItem","position":2,"name":"Pelo Brasil, Frei Jos\u00e9 Ariovaldo pede \u201carmas do amor, da paz e da justi\u00e7a\u201d"}]},{"@type":"Person","@id":"https:\/\/franciscanos.org.br\/noticias\/#\/schema\/person\/b5c8cba458c330ccff548b056e95a5d4","name":"moacir","image":{"@type":"ImageObject","inLanguage":"pt-BR","@id":"https:\/\/franciscanos.org.br\/noticias\/#\/schema\/person\/image\/","url":"https:\/\/secure.gravatar.com\/avatar\/d08aa2ce4c8dd416d4479aa8536fcf64?s=96&d=mm&r=g","contentUrl":"https:\/\/secure.gravatar.com\/avatar\/d08aa2ce4c8dd416d4479aa8536fcf64?s=96&d=mm&r=g","caption":"moacir"},"url":"https:\/\/franciscanos.org.br\/noticias\/author\/moacir"}]}},"_links":{"self":[{"href":"https:\/\/franciscanos.org.br\/noticias\/wp-json\/wp\/v2\/posts\/232426"}],"collection":[{"href":"https:\/\/franciscanos.org.br\/noticias\/wp-json\/wp\/v2\/posts"}],"about":[{"href":"https:\/\/franciscanos.org.br\/noticias\/wp-json\/wp\/v2\/types\/post"}],"author":[{"embeddable":true,"href":"https:\/\/franciscanos.org.br\/noticias\/wp-json\/wp\/v2\/users\/3"}],"replies":[{"embeddable":true,"href":"https:\/\/franciscanos.org.br\/noticias\/wp-json\/wp\/v2\/comments?post=232426"}],"version-history":[{"count":3,"href":"https:\/\/franciscanos.org.br\/noticias\/wp-json\/wp\/v2\/posts\/232426\/revisions"}],"predecessor-version":[{"id":232435,"href":"https:\/\/franciscanos.org.br\/noticias\/wp-json\/wp\/v2\/posts\/232426\/revisions\/232435"}],"wp:featuredmedia":[{"embeddable":true,"href":"https:\/\/franciscanos.org.br\/noticias\/wp-json\/wp\/v2\/media\/232428"}],"wp:attachment":[{"href":"https:\/\/franciscanos.org.br\/noticias\/wp-json\/wp\/v2\/media?parent=232426"}],"wp:term":[{"taxonomy":"category","embeddable":true,"href":"https:\/\/franciscanos.org.br\/noticias\/wp-json\/wp\/v2\/categories?post=232426"},{"taxonomy":"post_tag","embeddable":true,"href":"https:\/\/franciscanos.org.br\/noticias\/wp-json\/wp\/v2\/tags?post=232426"}],"curies":[{"name":"wp","href":"https:\/\/api.w.org\/{rel}","templated":true}]}}