{"id":232418,"date":"2021-06-13T17:18:01","date_gmt":"2021-06-13T20:18:01","guid":{"rendered":"https:\/\/franciscanos.org.br\/noticias\/?p=232418"},"modified":"2021-06-13T17:19:55","modified_gmt":"2021-06-13T20:19:55","slug":"frei-idair-fala-do-segredo-de-santo-antonio","status":"publish","type":"post","link":"https:\/\/franciscanos.org.br\/noticias\/frei-idair-fala-do-segredo-de-santo-antonio.html","title":{"rendered":"Frei Idair fala do &#8216;segredo&#8217; de Santo Ant\u00f4nio"},"content":{"rendered":"<div id=\"attachment_232420\" style=\"width: 1290px\" class=\"wp-caption alignnone\"><img aria-describedby=\"caption-attachment-232420\" loading=\"lazy\" class=\"wp-image-232420 size-full\" src=\"https:\/\/franciscanos.org.br\/noticias\/wp-content\/uploads\/2021\/06\/concordia_01.jpg\" alt=\"\" width=\"1280\" height=\"688\" srcset=\"https:\/\/franciscanos.org.br\/noticias\/wp-content\/uploads\/2021\/06\/concordia_01.jpg 1280w, https:\/\/franciscanos.org.br\/noticias\/wp-content\/uploads\/2021\/06\/concordia_01-450x242.jpg 450w, https:\/\/franciscanos.org.br\/noticias\/wp-content\/uploads\/2021\/06\/concordia_01-1024x550.jpg 1024w, https:\/\/franciscanos.org.br\/noticias\/wp-content\/uploads\/2021\/06\/concordia_01-768x413.jpg 768w, https:\/\/franciscanos.org.br\/noticias\/wp-content\/uploads\/2021\/06\/concordia_01-150x81.jpg 150w\" sizes=\"(max-width: 1280px) 100vw, 1280px\" \/><p id=\"caption-attachment-232420\" class=\"wp-caption-text\"><em>\u00a0 \u00a0 \u00a0 \u00a0 \u00a0 \u00a0 \u00a0 \u00a0 \u00a0 \u00a0 \u00a0 \u00a0 \u00a0 \u00a0 \u00a0 \u00a0 \u00a0 \u00a0 \u00a0 \u00a0 \u00a0 \u00a0 \u00a0 \u00a0 \u00a0 \u00a0 \u00a0 \u00a0 \u00a0 \u00a0 \u00a0 \u00a0 \u00a0 \u00a0 \u00a0 \u00a0 \u00a0 \u00a0 \u00a0 \u00a0 \u00a0 \u00a0 \u00a0 \u00a0 \u00a0 \u00a0 \u00a0 \u00a0 \u00a0 \u00a0 \u00a0 \u00a0 \u00a0 \u00a0 \u00a0 \u00a0 \u00a0 \u00a0 \u00a0 \u00a0 \u00a0 \u00a0 \u00a0 \u00a0 \u00a0 \u00a0 \u00a0 \u00a0 \u00a0 \u00a0 Imagem: captura de tela da transmiss\u00e3o digital<\/em><\/p><\/div>\n<p><strong>Conc\u00f3rdia (SC)<\/strong> &#8211; A Par\u00f3quia Nossa Senhora do Ros\u00e1rio, em Conc\u00f3rdia, SC, celebrou neste domingo, 13 de junho, o franciscano Santo Ant\u00f4nio, que \u00e9 o Padroeiro deste munic\u00edpio catarinense. O p\u00e1roco Frei Jos\u00e9 Idair Ferreira Augusto presidiu a Missa, \u00e0s 8 horas.<\/p>\n<p>Na sua homilia, Frei Idair disse que se olharmos para a figura de Santo Ant\u00f4nio, nele vamos encontrar um dos santos mais queridos da nossa Igreja, n\u00e3o somente no Brasil, onde os portugueses difundiram essa devo\u00e7\u00e3o, mas por todo o mundo. &#8220;Existem santos que calam fundo no cora\u00e7\u00e3o dos crist\u00e3os e sua devo\u00e7\u00e3o se torna como que universal. \u00c9 o caso de Santo Ant\u00f4nio. Por isso, o tema da nossa trezena, &#8216;Santo Ant\u00f4nio, o santo do mundo inteiro&#8217;. Por si s\u00f3, o fato de ser santo n\u00e3o bastaria para que atra\u00edsse a aten\u00e7\u00e3o de todos. Mas n\u00f3s sabemos que n\u00e3o \u00e9 assim. Existem muitos santos canonizados, respeitados, venerados por toda a Igreja, mas n\u00e3o t\u00eam a popularidade. De onde vem a popularidade de certos santos, como Santo Ant\u00f4nio?&#8221;, indagou.<\/p>\n<p>Segundo ele, o povo tem um sentido de f\u00e9, sentido de confian\u00e7a para reconhecer onde est\u00e1 a santidade e quem praticou santidade de modo mais semelhante a Jesus. &#8220;\u00c9 isso que faz a diferen\u00e7a: o modo de Jesus. O modo de Jesus encarnado, assumido no comprometimento da vida crist\u00e3. Jesus \u00e9 o grande modelo de santidade. \u00c9 o santo dos santos. \u00c9 o santo de Deus. Existem santos que se distinguem pelo estudo, pelo esmero na liturgia, por defender a f\u00e9 com seus escritos. Santos que constru\u00edram grandes obras e fundaram grandes ordens, como S\u00e3o Francisco. E, no entanto, apesar de todo o respeito do povo crist\u00e3o, n\u00e3o conseguiram talvez entrar no cora\u00e7\u00e3o do povo. O segredo da santidade &#8211; este \u00e9 o segredo de santo Ant\u00f4nio -, est\u00e1 em assemelhar-se o mais poss\u00edvel com Jesus, n\u00e3o somente nas inten\u00e7\u00f5es, mas na vida pr\u00e1tica&#8221;, explicou.<\/p>\n<p>Frei Jos\u00e9 Idair apontou em Santo Ant\u00f4nio tr\u00eas grandes atitudes que o fazem ser semelhante a Jesus:<\/p>\n<p><img loading=\"lazy\" class=\"alignleft size-full wp-image-232419\" src=\"https:\/\/franciscanos.org.br\/noticias\/wp-content\/uploads\/2021\/06\/concordia_02.jpg\" alt=\"\" width=\"500\" height=\"453\" srcset=\"https:\/\/franciscanos.org.br\/noticias\/wp-content\/uploads\/2021\/06\/concordia_02.jpg 500w, https:\/\/franciscanos.org.br\/noticias\/wp-content\/uploads\/2021\/06\/concordia_02-450x408.jpg 450w, https:\/\/franciscanos.org.br\/noticias\/wp-content\/uploads\/2021\/06\/concordia_02-150x136.jpg 150w\" sizes=\"(max-width: 500px) 100vw, 500px\" \/><\/p>\n<ol>\n<li><strong>1<\/strong>. <strong>Sua grande humildade.<\/strong> &#8220;Ant\u00f4nio se guia por Aquele que disse: &#8216;aprendei de mim porque sou manso e humilde de cora\u00e7\u00e3o'&#8221;.<\/li>\n<li><strong> Santo Ant\u00f4nio foi um mission\u00e1rio apaixonado por Deus.<\/strong> &#8220;Percorria cidades e lugares para anunciar o Evangelho. Santo Ant\u00f4nio foi o seguidor daquele que disse: &#8216;meu alimento \u00e9 fazer a vontade do meu Pai que me enviou&#8217;. N\u00e3o descansava, morreu jovem ainda, extenuado pelo zelo e pelos trabalhos sem fim. \u00c9 o santo do mundo inteiro. \u00c9 o santo de todas as causas, das coisas perdidas, dos neg\u00f3cios n\u00e3o resolvidos, \u00e9 o santo casamenteiro, n\u00e3o porque tinha arranjado casamento para quem n\u00e3o tinha casado, mas foi um grande defensor da fam\u00edlia no seu tempo, e no tempo em que a fam\u00edlia estava em crise&#8221;.<\/li>\n<li><strong> Santo Ant\u00f4nio foi um homem que amou profundamente os pobres e tudo fez por eles<\/strong>. &#8220;N\u00e3o s\u00f3 no sentido assistencialista, mas trabalhando para mudar leis injustas que afligiam o povo de P\u00e1dua. Santo Ant\u00f4nio foi disc\u00edpulo de Jesus, que diz: &#8216;tenho pena desse povo que anda como ovelha sem pastor'&#8221;.<\/li>\n<\/ol>\n<p>&#8220;Ent\u00e3o, a santidade de Santo Ant\u00f4nio se fez com a gra\u00e7a de Deus, mas tamb\u00e9m com a resposta das suas atitudes. A santidade de Santo Ant\u00f4nio se fez com a gra\u00e7a de Deus e com sua ora\u00e7\u00e3o constante que predispunha a aceitar e realizar esta gra\u00e7a. A santidade de Santo Ant\u00f4nio \u00e9 para n\u00f3s todos um convite para que nossas ora\u00e7\u00f5es sejam constantes, mais intensas e confiantes. Uma vez que a ora\u00e7\u00e3o d\u00e1 for\u00e7a e lucidez para que o crist\u00e3o n\u00e3o se perca naquilo que \u00e9 relativo, mas busque sempre o essencial, o absoluto&#8221;, ressaltou o frade.<\/p>\n<p>Concluindo, disse: &#8220;Para Deus, n\u00e3o \u00e9 a embalagem do presente que vale, mas o presente mesmo. O que est\u00e1 no cora\u00e7\u00e3o e se traduz em gestos de amor. Por isso, o grande presente que Santo Ant\u00f4nio oferece para a humanidade toda est\u00e1 estampada nas suas imagens, em algumas com os l\u00edrios &#8211; sinal de sua pureza, simplicidade, da sua humildade, da sua limpidez diante de Deus e diante dos homens. A nossa imagem traz Santo Ant\u00f4nio, a Palavra e o Menino Jesus sobre esta Palavra. A Palavra anunciada por Santo Ant\u00f4nio \u00e9 o pr\u00f3prio Jesus, o Verbo Encarnado, o Deus que se fez crian\u00e7a, o Deus que se fez homem, que veio habitar esse mundo. \u00c9 esse Jesus que Santo Ant\u00f4nio quer levar n\u00e3o s\u00f3 aos ouvidos, mas aos cora\u00e7\u00f5es de todas as pessoas&#8221;.<\/p>\n<hr \/>\n<p><em>Texto Moacir Beggo, com a transmiss\u00e3o via Facebook da Par\u00f3quia<\/em><\/p>\n","protected":false},"excerpt":{"rendered":"<p>Par\u00f3quia Nossa Senhora do Ros\u00e1rio &#8211; Conc\u00f3rdia<\/p>\n","protected":false},"author":3,"featured_media":232421,"comment_status":"open","ping_status":"open","sticky":false,"template":"","format":"standard","meta":[],"categories":[1],"tags":[585],"acf":[],"yoast_head":"<!-- This site is optimized with the Yoast SEO plugin v19.2 - https:\/\/yoast.com\/wordpress\/plugins\/seo\/ -->\n<title>Frei Idair fala do &#039;segredo&#039; de Santo Ant\u00f4nio - Not\u00edcias - Franciscanos<\/title>\n<meta name=\"robots\" content=\"index, follow, max-snippet:-1, max-image-preview:large, max-video-preview:-1\" \/>\n<link rel=\"canonical\" href=\"https:\/\/franciscanos.org.br\/noticias\/frei-idair-fala-do-segredo-de-santo-antonio.html\" \/>\n<meta property=\"og:locale\" content=\"pt_BR\" \/>\n<meta property=\"og:type\" content=\"article\" \/>\n<meta property=\"og:title\" content=\"Frei Idair fala do &#039;segredo&#039; de Santo Ant\u00f4nio - Not\u00edcias - Franciscanos\" \/>\n<meta property=\"og:description\" content=\"Par\u00f3quia Nossa Senhora do Ros\u00e1rio - Conc\u00f3rdia\" \/>\n<meta property=\"og:url\" content=\"https:\/\/franciscanos.org.br\/noticias\/frei-idair-fala-do-segredo-de-santo-antonio.html\" \/>\n<meta property=\"og:site_name\" content=\"Not\u00edcias - Franciscanos\" \/>\n<meta property=\"article:published_time\" content=\"2021-06-13T20:18:01+00:00\" \/>\n<meta property=\"article:modified_time\" content=\"2021-06-13T20:19:55+00:00\" \/>\n<meta property=\"og:image\" content=\"https:\/\/franciscanos.org.br\/noticias\/wp-content\/uploads\/2021\/06\/concordia_01d.jpg\" \/>\n\t<meta property=\"og:image:width\" content=\"800\" \/>\n\t<meta property=\"og:image:height\" content=\"550\" \/>\n\t<meta property=\"og:image:type\" content=\"image\/jpeg\" \/>\n<meta name=\"author\" content=\"moacir\" \/>\n<meta name=\"twitter:card\" content=\"summary_large_image\" \/>\n<meta name=\"twitter:label1\" content=\"Escrito por\" \/>\n\t<meta name=\"twitter:data1\" content=\"moacir\" \/>\n\t<meta name=\"twitter:label2\" content=\"Est. tempo de leitura\" \/>\n\t<meta name=\"twitter:data2\" content=\"4 minutos\" \/>\n<script type=\"application\/ld+json\" class=\"yoast-schema-graph\">{\"@context\":\"https:\/\/schema.org\",\"@graph\":[{\"@type\":\"WebSite\",\"@id\":\"https:\/\/franciscanos.org.br\/noticias\/#website\",\"url\":\"https:\/\/franciscanos.org.br\/noticias\/\",\"name\":\"Not\u00edcias - Franciscanos\",\"description\":\"Prov\u00edncia Franciscana da Imaculada Concei\u00e7\u00e3o do Brasil - Ordem dos Frades Menores - OFM\",\"potentialAction\":[{\"@type\":\"SearchAction\",\"target\":{\"@type\":\"EntryPoint\",\"urlTemplate\":\"https:\/\/franciscanos.org.br\/noticias\/?s={search_term_string}\"},\"query-input\":\"required name=search_term_string\"}],\"inLanguage\":\"pt-BR\"},{\"@type\":\"ImageObject\",\"inLanguage\":\"pt-BR\",\"@id\":\"https:\/\/franciscanos.org.br\/noticias\/frei-idair-fala-do-segredo-de-santo-antonio.html#primaryimage\",\"url\":\"https:\/\/franciscanos.org.br\/noticias\/wp-content\/uploads\/2021\/06\/concordia_01d.jpg\",\"contentUrl\":\"https:\/\/franciscanos.org.br\/noticias\/wp-content\/uploads\/2021\/06\/concordia_01d.jpg\",\"width\":800,\"height\":550},{\"@type\":\"WebPage\",\"@id\":\"https:\/\/franciscanos.org.br\/noticias\/frei-idair-fala-do-segredo-de-santo-antonio.html#webpage\",\"url\":\"https:\/\/franciscanos.org.br\/noticias\/frei-idair-fala-do-segredo-de-santo-antonio.html\",\"name\":\"Frei Idair fala do 'segredo' de Santo Ant\u00f4nio - Not\u00edcias - Franciscanos\",\"isPartOf\":{\"@id\":\"https:\/\/franciscanos.org.br\/noticias\/#website\"},\"primaryImageOfPage\":{\"@id\":\"https:\/\/franciscanos.org.br\/noticias\/frei-idair-fala-do-segredo-de-santo-antonio.html#primaryimage\"},\"datePublished\":\"2021-06-13T20:18:01+00:00\",\"dateModified\":\"2021-06-13T20:19:55+00:00\",\"author\":{\"@id\":\"https:\/\/franciscanos.org.br\/noticias\/#\/schema\/person\/b5c8cba458c330ccff548b056e95a5d4\"},\"breadcrumb\":{\"@id\":\"https:\/\/franciscanos.org.br\/noticias\/frei-idair-fala-do-segredo-de-santo-antonio.html#breadcrumb\"},\"inLanguage\":\"pt-BR\",\"potentialAction\":[{\"@type\":\"ReadAction\",\"target\":[\"https:\/\/franciscanos.org.br\/noticias\/frei-idair-fala-do-segredo-de-santo-antonio.html\"]}]},{\"@type\":\"BreadcrumbList\",\"@id\":\"https:\/\/franciscanos.org.br\/noticias\/frei-idair-fala-do-segredo-de-santo-antonio.html#breadcrumb\",\"itemListElement\":[{\"@type\":\"ListItem\",\"position\":1,\"name\":\"Home\",\"item\":\"https:\/\/franciscanos.org.br\/noticias\"},{\"@type\":\"ListItem\",\"position\":2,\"name\":\"Frei Idair fala do &#8216;segredo&#8217; de Santo Ant\u00f4nio\"}]},{\"@type\":\"Person\",\"@id\":\"https:\/\/franciscanos.org.br\/noticias\/#\/schema\/person\/b5c8cba458c330ccff548b056e95a5d4\",\"name\":\"moacir\",\"image\":{\"@type\":\"ImageObject\",\"inLanguage\":\"pt-BR\",\"@id\":\"https:\/\/franciscanos.org.br\/noticias\/#\/schema\/person\/image\/\",\"url\":\"https:\/\/secure.gravatar.com\/avatar\/d08aa2ce4c8dd416d4479aa8536fcf64?s=96&d=mm&r=g\",\"contentUrl\":\"https:\/\/secure.gravatar.com\/avatar\/d08aa2ce4c8dd416d4479aa8536fcf64?s=96&d=mm&r=g\",\"caption\":\"moacir\"},\"url\":\"https:\/\/franciscanos.org.br\/noticias\/author\/moacir\"}]}<\/script>\n<!-- \/ Yoast SEO plugin. -->","yoast_head_json":{"title":"Frei Idair fala do 'segredo' de Santo Ant\u00f4nio - Not\u00edcias - Franciscanos","robots":{"index":"index","follow":"follow","max-snippet":"max-snippet:-1","max-image-preview":"max-image-preview:large","max-video-preview":"max-video-preview:-1"},"canonical":"https:\/\/franciscanos.org.br\/noticias\/frei-idair-fala-do-segredo-de-santo-antonio.html","og_locale":"pt_BR","og_type":"article","og_title":"Frei Idair fala do 'segredo' de Santo Ant\u00f4nio - Not\u00edcias - Franciscanos","og_description":"Par\u00f3quia Nossa Senhora do Ros\u00e1rio - Conc\u00f3rdia","og_url":"https:\/\/franciscanos.org.br\/noticias\/frei-idair-fala-do-segredo-de-santo-antonio.html","og_site_name":"Not\u00edcias - Franciscanos","article_published_time":"2021-06-13T20:18:01+00:00","article_modified_time":"2021-06-13T20:19:55+00:00","og_image":[{"width":800,"height":550,"url":"https:\/\/franciscanos.org.br\/noticias\/wp-content\/uploads\/2021\/06\/concordia_01d.jpg","type":"image\/jpeg"}],"author":"moacir","twitter_card":"summary_large_image","twitter_misc":{"Escrito por":"moacir","Est. tempo de leitura":"4 minutos"},"schema":{"@context":"https:\/\/schema.org","@graph":[{"@type":"WebSite","@id":"https:\/\/franciscanos.org.br\/noticias\/#website","url":"https:\/\/franciscanos.org.br\/noticias\/","name":"Not\u00edcias - Franciscanos","description":"Prov\u00edncia Franciscana da Imaculada Concei\u00e7\u00e3o do Brasil - Ordem dos Frades Menores - OFM","potentialAction":[{"@type":"SearchAction","target":{"@type":"EntryPoint","urlTemplate":"https:\/\/franciscanos.org.br\/noticias\/?s={search_term_string}"},"query-input":"required name=search_term_string"}],"inLanguage":"pt-BR"},{"@type":"ImageObject","inLanguage":"pt-BR","@id":"https:\/\/franciscanos.org.br\/noticias\/frei-idair-fala-do-segredo-de-santo-antonio.html#primaryimage","url":"https:\/\/franciscanos.org.br\/noticias\/wp-content\/uploads\/2021\/06\/concordia_01d.jpg","contentUrl":"https:\/\/franciscanos.org.br\/noticias\/wp-content\/uploads\/2021\/06\/concordia_01d.jpg","width":800,"height":550},{"@type":"WebPage","@id":"https:\/\/franciscanos.org.br\/noticias\/frei-idair-fala-do-segredo-de-santo-antonio.html#webpage","url":"https:\/\/franciscanos.org.br\/noticias\/frei-idair-fala-do-segredo-de-santo-antonio.html","name":"Frei Idair fala do 'segredo' de Santo Ant\u00f4nio - Not\u00edcias - Franciscanos","isPartOf":{"@id":"https:\/\/franciscanos.org.br\/noticias\/#website"},"primaryImageOfPage":{"@id":"https:\/\/franciscanos.org.br\/noticias\/frei-idair-fala-do-segredo-de-santo-antonio.html#primaryimage"},"datePublished":"2021-06-13T20:18:01+00:00","dateModified":"2021-06-13T20:19:55+00:00","author":{"@id":"https:\/\/franciscanos.org.br\/noticias\/#\/schema\/person\/b5c8cba458c330ccff548b056e95a5d4"},"breadcrumb":{"@id":"https:\/\/franciscanos.org.br\/noticias\/frei-idair-fala-do-segredo-de-santo-antonio.html#breadcrumb"},"inLanguage":"pt-BR","potentialAction":[{"@type":"ReadAction","target":["https:\/\/franciscanos.org.br\/noticias\/frei-idair-fala-do-segredo-de-santo-antonio.html"]}]},{"@type":"BreadcrumbList","@id":"https:\/\/franciscanos.org.br\/noticias\/frei-idair-fala-do-segredo-de-santo-antonio.html#breadcrumb","itemListElement":[{"@type":"ListItem","position":1,"name":"Home","item":"https:\/\/franciscanos.org.br\/noticias"},{"@type":"ListItem","position":2,"name":"Frei Idair fala do &#8216;segredo&#8217; de Santo Ant\u00f4nio"}]},{"@type":"Person","@id":"https:\/\/franciscanos.org.br\/noticias\/#\/schema\/person\/b5c8cba458c330ccff548b056e95a5d4","name":"moacir","image":{"@type":"ImageObject","inLanguage":"pt-BR","@id":"https:\/\/franciscanos.org.br\/noticias\/#\/schema\/person\/image\/","url":"https:\/\/secure.gravatar.com\/avatar\/d08aa2ce4c8dd416d4479aa8536fcf64?s=96&d=mm&r=g","contentUrl":"https:\/\/secure.gravatar.com\/avatar\/d08aa2ce4c8dd416d4479aa8536fcf64?s=96&d=mm&r=g","caption":"moacir"},"url":"https:\/\/franciscanos.org.br\/noticias\/author\/moacir"}]}},"_links":{"self":[{"href":"https:\/\/franciscanos.org.br\/noticias\/wp-json\/wp\/v2\/posts\/232418"}],"collection":[{"href":"https:\/\/franciscanos.org.br\/noticias\/wp-json\/wp\/v2\/posts"}],"about":[{"href":"https:\/\/franciscanos.org.br\/noticias\/wp-json\/wp\/v2\/types\/post"}],"author":[{"embeddable":true,"href":"https:\/\/franciscanos.org.br\/noticias\/wp-json\/wp\/v2\/users\/3"}],"replies":[{"embeddable":true,"href":"https:\/\/franciscanos.org.br\/noticias\/wp-json\/wp\/v2\/comments?post=232418"}],"version-history":[{"count":4,"href":"https:\/\/franciscanos.org.br\/noticias\/wp-json\/wp\/v2\/posts\/232418\/revisions"}],"predecessor-version":[{"id":232425,"href":"https:\/\/franciscanos.org.br\/noticias\/wp-json\/wp\/v2\/posts\/232418\/revisions\/232425"}],"wp:featuredmedia":[{"embeddable":true,"href":"https:\/\/franciscanos.org.br\/noticias\/wp-json\/wp\/v2\/media\/232421"}],"wp:attachment":[{"href":"https:\/\/franciscanos.org.br\/noticias\/wp-json\/wp\/v2\/media?parent=232418"}],"wp:term":[{"taxonomy":"category","embeddable":true,"href":"https:\/\/franciscanos.org.br\/noticias\/wp-json\/wp\/v2\/categories?post=232418"},{"taxonomy":"post_tag","embeddable":true,"href":"https:\/\/franciscanos.org.br\/noticias\/wp-json\/wp\/v2\/tags?post=232418"}],"curies":[{"name":"wp","href":"https:\/\/api.w.org\/{rel}","templated":true}]}}