{"id":232412,"date":"2021-06-13T15:18:47","date_gmt":"2021-06-13T18:18:47","guid":{"rendered":"https:\/\/franciscanos.org.br\/noticias\/?p=232412"},"modified":"2021-06-13T15:18:47","modified_gmt":"2021-06-13T18:18:47","slug":"frei-alexandre-sobe-o-tom-e-pede-mais-compromisso-com-a-vida","status":"publish","type":"post","link":"https:\/\/franciscanos.org.br\/noticias\/frei-alexandre-sobe-o-tom-e-pede-mais-compromisso-com-a-vida.html","title":{"rendered":"Frei Alexandre sobe o tom e pede mais compromisso com a vida"},"content":{"rendered":"<p><img loading=\"lazy\" class=\"alignnone size-full wp-image-232413\" src=\"https:\/\/franciscanos.org.br\/noticias\/wp-content\/uploads\/2021\/06\/alexandre.jpg\" alt=\"\" width=\"1280\" height=\"720\" srcset=\"https:\/\/franciscanos.org.br\/noticias\/wp-content\/uploads\/2021\/06\/alexandre.jpg 1280w, https:\/\/franciscanos.org.br\/noticias\/wp-content\/uploads\/2021\/06\/alexandre-450x253.jpg 450w, https:\/\/franciscanos.org.br\/noticias\/wp-content\/uploads\/2021\/06\/alexandre-1024x576.jpg 1024w, https:\/\/franciscanos.org.br\/noticias\/wp-content\/uploads\/2021\/06\/alexandre-768x432.jpg 768w, https:\/\/franciscanos.org.br\/noticias\/wp-content\/uploads\/2021\/06\/alexandre-150x84.jpg 150w\" sizes=\"(max-width: 1280px) 100vw, 1280px\" \/><\/p>\n<p><strong>Curitiba (PR)<\/strong> &#8211; O p\u00e1roco da Par\u00f3quia Bom Jesus dos Perd\u00f5es, em Curitiba, PR, subiu o tom na Celebra\u00e7\u00e3o Eucar\u00edstica, \u00e0s 11 horas, neste dia de Santo Ant\u00f4nio. &#8220;Por ast\u00facia de algumas pessoas malvadas, que n\u00e3o t\u00eam compromisso com a vida, n\u00f3s somos levados ao erro. E n\u00f3s que somos filhos da ci\u00eancia, filhos da sabedoria, \u00e0s vezes assumimos o discurso negacionista daqueles que n\u00e3o t\u00eam compromisso com a vida, daqueles que t\u00eam compromisso com a morte, daqueles que em nome de outros interesses que est\u00e3o acontecendo, fazem barulho aqui para, enquanto as besteiras s\u00e3o faladas, eles possam comprometer todo o patrim\u00f4nio nacional&#8221;, criticou o celebrante em sua homilia, lembrando o pregador Santo Ant\u00f4nio, que denunciava os corruptos e hereges.<\/p>\n<p>Segundo o celebrante, n\u00e3o podemos agir como crian\u00e7as e vivermos ao sabor das ondas. &#8220;N\u00e3o podemos permitir que &#8216;vou deixar a vida me levar&#8217;. A gente tem que ter clareza prioridade do que Deus quer da gente. Como eu posso, na minha vida, fazer a vontade de Deus, sobretudo para n\u00e3o sermos levados por todo vento de doutrina, ludibriados pelos homens e por eles, com ast\u00facia, induzidos ao erro&#8221;, disse citando a Ef\u00e9sios.<\/p>\n<p>&#8220;Como no passado, ainda hoje existem aqueles que manipulam as pessoas com o esp\u00edrito mau. Eu falo com essa for\u00e7a porque Ant\u00f4nio falou com essa for\u00e7a no seu tempo. Quando algu\u00e9m um dia determinou que n\u00e3o houvesse envolvimento de classes sociais diferentes, quando algu\u00e9m um dia disse: &#8216;Olha, a partir de agora quem \u00e9 de determinada classe social tem que pagar tal dote para n\u00e3o casar pobre com rico, para n\u00e3o ter mistura&#8217;. A\u00ed exigiram um dote muito grande. E Ant\u00f4nio disse n\u00e3o: O casamento deve ser motivado pelo amor&#8221;, lembrou o frade, quando explicou alguns pontos da vida do santo franciscano.<\/p>\n<p><img loading=\"lazy\" class=\"alignnone size-full wp-image-232414\" src=\"https:\/\/franciscanos.org.br\/noticias\/wp-content\/uploads\/2021\/06\/alexandre_03.jpg\" alt=\"\" width=\"1280\" height=\"854\" srcset=\"https:\/\/franciscanos.org.br\/noticias\/wp-content\/uploads\/2021\/06\/alexandre_03.jpg 1280w, https:\/\/franciscanos.org.br\/noticias\/wp-content\/uploads\/2021\/06\/alexandre_03-450x300.jpg 450w, https:\/\/franciscanos.org.br\/noticias\/wp-content\/uploads\/2021\/06\/alexandre_03-1024x683.jpg 1024w, https:\/\/franciscanos.org.br\/noticias\/wp-content\/uploads\/2021\/06\/alexandre_03-768x512.jpg 768w, https:\/\/franciscanos.org.br\/noticias\/wp-content\/uploads\/2021\/06\/alexandre_03-150x100.jpg 150w\" sizes=\"(max-width: 1280px) 100vw, 1280px\" \/><\/p>\n<p>&#8220;Ent\u00e3o, meus queridos irm\u00e3os e irm\u00e3s, o que deve nos mover \u00e9 isso: &#8216;Ide pelo mundo inteiro, pregai a boa nova de Jesus&#8217;. A boa nova \u00e9 que voc\u00eas s\u00e3o irm\u00e3os. Voc\u00eas n\u00e3o podem aceitar uma sociedade que exclui pessoas. Voc\u00eas n\u00e3o podem aceitar uma sociedade que s\u00f3 cuida do pr\u00f3prio umbigo no espa\u00e7o de quatro paredes. Voc\u00eas t\u00eam que construir uma sociedade onde todos tenham direito \u00e0 vida. E voc\u00eas devem ser motivados pelas coisas do Evangelho e n\u00e3o por outras coisas que n\u00e3o colocam a vida das pessoas em primeiro lugar&#8221;, exortou.<\/p>\n<p>Segundo o frade, n\u00e3o podemos perder o ponto de partida, como ensinou Santa Clara de Assis. &#8220;E o ponto de partida foi nos revelado no Evangelho. Jesus manifestou aos seus onze e disse. &#8216;Ide para o mundo inteiro e anunciai o Evangelho a toda criatura&#8217;. Esse foi o ponto de partida de Ant\u00f4nio e esse deve ser o novo ponto de partida. O an\u00fancio da boa nova de Jesus. \u00c9 claro, como Ant\u00f4nio, falou: &#8216;Cessem as palavras e gritem os exemplos&#8217;. O an\u00fancio da Palavra deve ser primeiramente pela vida&#8221;, completou.<\/p>\n<p><strong>BOLO DE SANTO ANT\u00d4NIO<\/strong><\/p>\n<p>Volunt\u00e1rias e volunt\u00e1rios preparam aproximadamente 8 mil quilos do tradicional bolo. Segundo a tradi\u00e7\u00e3o, quem encontra o \u201csantinho\u201d, que \u00e9 uma imagem de Santo Ant\u00f4nio em miniatura, ter\u00e1 alguma gra\u00e7a alcan\u00e7ada. Cada peda\u00e7o custa R$ 7,00 e est\u00e1 sendo vendido desde o dia 10, das 6h30 \u00e0s 20h. H\u00e1 tr\u00eas op\u00e7\u00f5es de embalagens: para um peda\u00e7o, dois peda\u00e7os e cinco peda\u00e7os.<\/p>\n<p><img loading=\"lazy\" class=\"alignnone wp-image-232415 size-full\" src=\"https:\/\/franciscanos.org.br\/noticias\/wp-content\/uploads\/2021\/06\/alexandre_01.jpg\" alt=\"\" width=\"1280\" height=\"853\" srcset=\"https:\/\/franciscanos.org.br\/noticias\/wp-content\/uploads\/2021\/06\/alexandre_01.jpg 1280w, https:\/\/franciscanos.org.br\/noticias\/wp-content\/uploads\/2021\/06\/alexandre_01-450x300.jpg 450w, https:\/\/franciscanos.org.br\/noticias\/wp-content\/uploads\/2021\/06\/alexandre_01-1024x682.jpg 1024w, https:\/\/franciscanos.org.br\/noticias\/wp-content\/uploads\/2021\/06\/alexandre_01-768x512.jpg 768w, https:\/\/franciscanos.org.br\/noticias\/wp-content\/uploads\/2021\/06\/alexandre_01-150x100.jpg 150w\" sizes=\"(max-width: 1280px) 100vw, 1280px\" \/><\/p>\n<p>A pedido da Prefeitura, a entrega est\u00e1 sendo feita na forma de <em>take away<\/em>, ou seja, as pessoas pegam e levam sem consumir no local. Desde s\u00e1bado, tamb\u00e9m est\u00e1 funcionando o atendimento de <em>drive thru<\/em>, onde as pessoas podem comprar sem sair do carro.<\/p>\n<p>Todos os procedimentos de prepara\u00e7\u00e3o e venda seguem rigorosamente as orienta\u00e7\u00f5es sanit\u00e1rias exigidas pelas autoridades. No momento das entregas, a temperatura dos consumidores s\u00e3o aferidas e recebem \u00e1lcool em gel nas m\u00e3os.<\/p>\n<p>A Par\u00f3quia Senhor Bom Jesus dos Perd\u00f5es fica na Pra\u00e7a Rui Barbosa, 149.<\/p>\n<hr \/>\n<p><em>Fotos: Joka Madruga, pela Pascom da Par\u00f3quia (texto Moacir Beggo)<\/em><\/p>\n","protected":false},"excerpt":{"rendered":"<p>Par\u00f3quia Bom Jesus dos Perd\u00f5es &#8211; Curitiba<\/p>\n","protected":false},"author":3,"featured_media":232416,"comment_status":"open","ping_status":"open","sticky":false,"template":"","format":"standard","meta":[],"categories":[1],"tags":[585],"acf":[],"yoast_head":"<!-- This site is optimized with the Yoast SEO plugin v19.2 - https:\/\/yoast.com\/wordpress\/plugins\/seo\/ -->\n<title>Frei Alexandre sobe o tom e pede mais compromisso com a vida - Not\u00edcias - Franciscanos<\/title>\n<meta name=\"robots\" content=\"index, follow, max-snippet:-1, max-image-preview:large, max-video-preview:-1\" \/>\n<link rel=\"canonical\" href=\"https:\/\/franciscanos.org.br\/noticias\/frei-alexandre-sobe-o-tom-e-pede-mais-compromisso-com-a-vida.html\" \/>\n<meta property=\"og:locale\" content=\"pt_BR\" \/>\n<meta property=\"og:type\" content=\"article\" \/>\n<meta property=\"og:title\" content=\"Frei Alexandre sobe o tom e pede mais compromisso com a vida - Not\u00edcias - Franciscanos\" \/>\n<meta property=\"og:description\" content=\"Par\u00f3quia Bom Jesus dos Perd\u00f5es - Curitiba\" \/>\n<meta property=\"og:url\" content=\"https:\/\/franciscanos.org.br\/noticias\/frei-alexandre-sobe-o-tom-e-pede-mais-compromisso-com-a-vida.html\" \/>\n<meta property=\"og:site_name\" content=\"Not\u00edcias - Franciscanos\" \/>\n<meta property=\"article:published_time\" content=\"2021-06-13T18:18:47+00:00\" \/>\n<meta property=\"og:image\" content=\"https:\/\/franciscanos.org.br\/noticias\/wp-content\/uploads\/2021\/06\/alexandre_d.jpg\" \/>\n\t<meta property=\"og:image:width\" content=\"800\" \/>\n\t<meta property=\"og:image:height\" content=\"550\" \/>\n\t<meta property=\"og:image:type\" content=\"image\/jpeg\" \/>\n<meta name=\"author\" content=\"moacir\" \/>\n<meta name=\"twitter:card\" content=\"summary_large_image\" \/>\n<meta name=\"twitter:label1\" content=\"Escrito por\" \/>\n\t<meta name=\"twitter:data1\" content=\"moacir\" \/>\n\t<meta name=\"twitter:label2\" content=\"Est. tempo de leitura\" \/>\n\t<meta name=\"twitter:data2\" content=\"4 minutos\" \/>\n<script type=\"application\/ld+json\" class=\"yoast-schema-graph\">{\"@context\":\"https:\/\/schema.org\",\"@graph\":[{\"@type\":\"WebSite\",\"@id\":\"https:\/\/franciscanos.org.br\/noticias\/#website\",\"url\":\"https:\/\/franciscanos.org.br\/noticias\/\",\"name\":\"Not\u00edcias - Franciscanos\",\"description\":\"Prov\u00edncia Franciscana da Imaculada Concei\u00e7\u00e3o do Brasil - Ordem dos Frades Menores - OFM\",\"potentialAction\":[{\"@type\":\"SearchAction\",\"target\":{\"@type\":\"EntryPoint\",\"urlTemplate\":\"https:\/\/franciscanos.org.br\/noticias\/?s={search_term_string}\"},\"query-input\":\"required name=search_term_string\"}],\"inLanguage\":\"pt-BR\"},{\"@type\":\"ImageObject\",\"inLanguage\":\"pt-BR\",\"@id\":\"https:\/\/franciscanos.org.br\/noticias\/frei-alexandre-sobe-o-tom-e-pede-mais-compromisso-com-a-vida.html#primaryimage\",\"url\":\"https:\/\/franciscanos.org.br\/noticias\/wp-content\/uploads\/2021\/06\/alexandre_d.jpg\",\"contentUrl\":\"https:\/\/franciscanos.org.br\/noticias\/wp-content\/uploads\/2021\/06\/alexandre_d.jpg\",\"width\":800,\"height\":550},{\"@type\":\"WebPage\",\"@id\":\"https:\/\/franciscanos.org.br\/noticias\/frei-alexandre-sobe-o-tom-e-pede-mais-compromisso-com-a-vida.html#webpage\",\"url\":\"https:\/\/franciscanos.org.br\/noticias\/frei-alexandre-sobe-o-tom-e-pede-mais-compromisso-com-a-vida.html\",\"name\":\"Frei Alexandre sobe o tom e pede mais compromisso com a vida - Not\u00edcias - Franciscanos\",\"isPartOf\":{\"@id\":\"https:\/\/franciscanos.org.br\/noticias\/#website\"},\"primaryImageOfPage\":{\"@id\":\"https:\/\/franciscanos.org.br\/noticias\/frei-alexandre-sobe-o-tom-e-pede-mais-compromisso-com-a-vida.html#primaryimage\"},\"datePublished\":\"2021-06-13T18:18:47+00:00\",\"dateModified\":\"2021-06-13T18:18:47+00:00\",\"author\":{\"@id\":\"https:\/\/franciscanos.org.br\/noticias\/#\/schema\/person\/b5c8cba458c330ccff548b056e95a5d4\"},\"breadcrumb\":{\"@id\":\"https:\/\/franciscanos.org.br\/noticias\/frei-alexandre-sobe-o-tom-e-pede-mais-compromisso-com-a-vida.html#breadcrumb\"},\"inLanguage\":\"pt-BR\",\"potentialAction\":[{\"@type\":\"ReadAction\",\"target\":[\"https:\/\/franciscanos.org.br\/noticias\/frei-alexandre-sobe-o-tom-e-pede-mais-compromisso-com-a-vida.html\"]}]},{\"@type\":\"BreadcrumbList\",\"@id\":\"https:\/\/franciscanos.org.br\/noticias\/frei-alexandre-sobe-o-tom-e-pede-mais-compromisso-com-a-vida.html#breadcrumb\",\"itemListElement\":[{\"@type\":\"ListItem\",\"position\":1,\"name\":\"Home\",\"item\":\"https:\/\/franciscanos.org.br\/noticias\"},{\"@type\":\"ListItem\",\"position\":2,\"name\":\"Frei Alexandre sobe o tom e pede mais compromisso com a vida\"}]},{\"@type\":\"Person\",\"@id\":\"https:\/\/franciscanos.org.br\/noticias\/#\/schema\/person\/b5c8cba458c330ccff548b056e95a5d4\",\"name\":\"moacir\",\"image\":{\"@type\":\"ImageObject\",\"inLanguage\":\"pt-BR\",\"@id\":\"https:\/\/franciscanos.org.br\/noticias\/#\/schema\/person\/image\/\",\"url\":\"https:\/\/secure.gravatar.com\/avatar\/d08aa2ce4c8dd416d4479aa8536fcf64?s=96&d=mm&r=g\",\"contentUrl\":\"https:\/\/secure.gravatar.com\/avatar\/d08aa2ce4c8dd416d4479aa8536fcf64?s=96&d=mm&r=g\",\"caption\":\"moacir\"},\"url\":\"https:\/\/franciscanos.org.br\/noticias\/author\/moacir\"}]}<\/script>\n<!-- \/ Yoast SEO plugin. -->","yoast_head_json":{"title":"Frei Alexandre sobe o tom e pede mais compromisso com a vida - Not\u00edcias - Franciscanos","robots":{"index":"index","follow":"follow","max-snippet":"max-snippet:-1","max-image-preview":"max-image-preview:large","max-video-preview":"max-video-preview:-1"},"canonical":"https:\/\/franciscanos.org.br\/noticias\/frei-alexandre-sobe-o-tom-e-pede-mais-compromisso-com-a-vida.html","og_locale":"pt_BR","og_type":"article","og_title":"Frei Alexandre sobe o tom e pede mais compromisso com a vida - Not\u00edcias - Franciscanos","og_description":"Par\u00f3quia Bom Jesus dos Perd\u00f5es - Curitiba","og_url":"https:\/\/franciscanos.org.br\/noticias\/frei-alexandre-sobe-o-tom-e-pede-mais-compromisso-com-a-vida.html","og_site_name":"Not\u00edcias - Franciscanos","article_published_time":"2021-06-13T18:18:47+00:00","og_image":[{"width":800,"height":550,"url":"https:\/\/franciscanos.org.br\/noticias\/wp-content\/uploads\/2021\/06\/alexandre_d.jpg","type":"image\/jpeg"}],"author":"moacir","twitter_card":"summary_large_image","twitter_misc":{"Escrito por":"moacir","Est. tempo de leitura":"4 minutos"},"schema":{"@context":"https:\/\/schema.org","@graph":[{"@type":"WebSite","@id":"https:\/\/franciscanos.org.br\/noticias\/#website","url":"https:\/\/franciscanos.org.br\/noticias\/","name":"Not\u00edcias - Franciscanos","description":"Prov\u00edncia Franciscana da Imaculada Concei\u00e7\u00e3o do Brasil - Ordem dos Frades Menores - OFM","potentialAction":[{"@type":"SearchAction","target":{"@type":"EntryPoint","urlTemplate":"https:\/\/franciscanos.org.br\/noticias\/?s={search_term_string}"},"query-input":"required name=search_term_string"}],"inLanguage":"pt-BR"},{"@type":"ImageObject","inLanguage":"pt-BR","@id":"https:\/\/franciscanos.org.br\/noticias\/frei-alexandre-sobe-o-tom-e-pede-mais-compromisso-com-a-vida.html#primaryimage","url":"https:\/\/franciscanos.org.br\/noticias\/wp-content\/uploads\/2021\/06\/alexandre_d.jpg","contentUrl":"https:\/\/franciscanos.org.br\/noticias\/wp-content\/uploads\/2021\/06\/alexandre_d.jpg","width":800,"height":550},{"@type":"WebPage","@id":"https:\/\/franciscanos.org.br\/noticias\/frei-alexandre-sobe-o-tom-e-pede-mais-compromisso-com-a-vida.html#webpage","url":"https:\/\/franciscanos.org.br\/noticias\/frei-alexandre-sobe-o-tom-e-pede-mais-compromisso-com-a-vida.html","name":"Frei Alexandre sobe o tom e pede mais compromisso com a vida - Not\u00edcias - Franciscanos","isPartOf":{"@id":"https:\/\/franciscanos.org.br\/noticias\/#website"},"primaryImageOfPage":{"@id":"https:\/\/franciscanos.org.br\/noticias\/frei-alexandre-sobe-o-tom-e-pede-mais-compromisso-com-a-vida.html#primaryimage"},"datePublished":"2021-06-13T18:18:47+00:00","dateModified":"2021-06-13T18:18:47+00:00","author":{"@id":"https:\/\/franciscanos.org.br\/noticias\/#\/schema\/person\/b5c8cba458c330ccff548b056e95a5d4"},"breadcrumb":{"@id":"https:\/\/franciscanos.org.br\/noticias\/frei-alexandre-sobe-o-tom-e-pede-mais-compromisso-com-a-vida.html#breadcrumb"},"inLanguage":"pt-BR","potentialAction":[{"@type":"ReadAction","target":["https:\/\/franciscanos.org.br\/noticias\/frei-alexandre-sobe-o-tom-e-pede-mais-compromisso-com-a-vida.html"]}]},{"@type":"BreadcrumbList","@id":"https:\/\/franciscanos.org.br\/noticias\/frei-alexandre-sobe-o-tom-e-pede-mais-compromisso-com-a-vida.html#breadcrumb","itemListElement":[{"@type":"ListItem","position":1,"name":"Home","item":"https:\/\/franciscanos.org.br\/noticias"},{"@type":"ListItem","position":2,"name":"Frei Alexandre sobe o tom e pede mais compromisso com a vida"}]},{"@type":"Person","@id":"https:\/\/franciscanos.org.br\/noticias\/#\/schema\/person\/b5c8cba458c330ccff548b056e95a5d4","name":"moacir","image":{"@type":"ImageObject","inLanguage":"pt-BR","@id":"https:\/\/franciscanos.org.br\/noticias\/#\/schema\/person\/image\/","url":"https:\/\/secure.gravatar.com\/avatar\/d08aa2ce4c8dd416d4479aa8536fcf64?s=96&d=mm&r=g","contentUrl":"https:\/\/secure.gravatar.com\/avatar\/d08aa2ce4c8dd416d4479aa8536fcf64?s=96&d=mm&r=g","caption":"moacir"},"url":"https:\/\/franciscanos.org.br\/noticias\/author\/moacir"}]}},"_links":{"self":[{"href":"https:\/\/franciscanos.org.br\/noticias\/wp-json\/wp\/v2\/posts\/232412"}],"collection":[{"href":"https:\/\/franciscanos.org.br\/noticias\/wp-json\/wp\/v2\/posts"}],"about":[{"href":"https:\/\/franciscanos.org.br\/noticias\/wp-json\/wp\/v2\/types\/post"}],"author":[{"embeddable":true,"href":"https:\/\/franciscanos.org.br\/noticias\/wp-json\/wp\/v2\/users\/3"}],"replies":[{"embeddable":true,"href":"https:\/\/franciscanos.org.br\/noticias\/wp-json\/wp\/v2\/comments?post=232412"}],"version-history":[{"count":1,"href":"https:\/\/franciscanos.org.br\/noticias\/wp-json\/wp\/v2\/posts\/232412\/revisions"}],"predecessor-version":[{"id":232417,"href":"https:\/\/franciscanos.org.br\/noticias\/wp-json\/wp\/v2\/posts\/232412\/revisions\/232417"}],"wp:featuredmedia":[{"embeddable":true,"href":"https:\/\/franciscanos.org.br\/noticias\/wp-json\/wp\/v2\/media\/232416"}],"wp:attachment":[{"href":"https:\/\/franciscanos.org.br\/noticias\/wp-json\/wp\/v2\/media?parent=232412"}],"wp:term":[{"taxonomy":"category","embeddable":true,"href":"https:\/\/franciscanos.org.br\/noticias\/wp-json\/wp\/v2\/categories?post=232412"},{"taxonomy":"post_tag","embeddable":true,"href":"https:\/\/franciscanos.org.br\/noticias\/wp-json\/wp\/v2\/tags?post=232412"}],"curies":[{"name":"wp","href":"https:\/\/api.w.org\/{rel}","templated":true}]}}