{"id":232398,"date":"2021-06-13T12:07:25","date_gmt":"2021-06-13T15:07:25","guid":{"rendered":"https:\/\/franciscanos.org.br\/noticias\/?p=232398"},"modified":"2021-06-13T12:22:11","modified_gmt":"2021-06-13T15:22:11","slug":"frei-mario-lembra-o-encontro-de-sao-francisco-e-santo-antonio-ha-800-anos","status":"publish","type":"post","link":"https:\/\/franciscanos.org.br\/noticias\/frei-mario-lembra-o-encontro-de-sao-francisco-e-santo-antonio-ha-800-anos.html","title":{"rendered":"Frei M\u00e1rio lembra o encontro de S\u00e3o Francisco e Santo Ant\u00f4nio, h\u00e1 800 anos"},"content":{"rendered":"<p><img loading=\"lazy\" class=\"size-full wp-image-232405\" src=\"https:\/\/franciscanos.org.br\/noticias\/wp-content\/uploads\/2021\/06\/convento_01.jpg\" alt=\"\" width=\"1280\" height=\"720\" srcset=\"https:\/\/franciscanos.org.br\/noticias\/wp-content\/uploads\/2021\/06\/convento_01.jpg 1280w, https:\/\/franciscanos.org.br\/noticias\/wp-content\/uploads\/2021\/06\/convento_01-450x253.jpg 450w, https:\/\/franciscanos.org.br\/noticias\/wp-content\/uploads\/2021\/06\/convento_01-1024x576.jpg 1024w, https:\/\/franciscanos.org.br\/noticias\/wp-content\/uploads\/2021\/06\/convento_01-768x432.jpg 768w, https:\/\/franciscanos.org.br\/noticias\/wp-content\/uploads\/2021\/06\/convento_01-150x84.jpg 150w\" sizes=\"(max-width: 1280px) 100vw, 1280px\" \/><\/p>\n<p><strong>S\u00e3o Paulo (SP)<\/strong> &#8211; A festa de Santo Ant\u00f4nio no Convento e Santu\u00e1rio S\u00e3o Francisco, no centro de S\u00e3o Paulo, come\u00e7ou bem cedo, com a celebra\u00e7\u00e3o da primeira Missa, \u00e0s 7h30, com a b\u00ean\u00e7\u00e3o das pessoas, distribui\u00e7\u00e3o do p\u00e3ozinho do santo, venda do bolo e do l\u00edrio.<\/p>\n<p>Neste ano, o Convento escolheu como tema da Trezena e Festa, &#8220;Santo Ant\u00f4nio, fiel filho de S\u00e3o Francisco&#8221;, celebrando tamb\u00e9m os 800 anos do encontro desses dois santos franciscanos, no Cap\u00edtulo das Esteiras, em Assis, no dia 30 de maio de 1221. Esse encontro dos frades acontecia de tr\u00eas em tr\u00eas anos por ocasi\u00e3o da solenidade de Pentecostes.<\/p>\n<p>O guardi\u00e3o e reitor do Convento e Santu\u00e1rio, Frei M\u00e1rio Tagliari, presidiu a Missa das 10 horas. Na sua homilia, o frade explicou como o c\u00f4nego Fernando se tornou franciscano, tomando o nome de Ant\u00f4nio. Falou do encontro hist\u00f3rico do fundador da Ordem Franciscana com o jovem n\u00e1ufrago proveniente de Portugal.<\/p>\n<p>Frei M\u00e1rio destacou a simplicidade de Santo Ant\u00f4nio, que trabalhava na cozinha, antes de se tornar o grande pregador e doutor da Igreja.\u00a0 \u201cTerminado o Cap\u00edtulo, ele foi para o norte da It\u00e1lia, onde ficou mais conhecido. Inicialmente distribuindo o p\u00e3o aos pobres. Uma vez deixou os frades em apuros, porque o \u00fanico p\u00e3o que tinha para comer, ele havia dado para os pobres. O Frei cozinheiro ficou aflito e Frei Ant\u00f4nio pediu para dar novamente uma olhadinha nas cestas de p\u00e3es da cozinha. \u00a0Milagrosamente, as cestas estavam cheias de p\u00e3es que serviram para alimentar os frades e os pobres. Este, o p\u00e3o dos pobres, \u00e9 um dos primeiros milagres atribu\u00eddos a Santo Ant\u00f4nio\u201d, disse Frei M\u00e1rio.<\/p>\n<p>&nbsp;<\/p>\n<p><img loading=\"lazy\" class=\"alignnone wp-image-232407 size-full\" src=\"https:\/\/franciscanos.org.br\/noticias\/wp-content\/uploads\/2021\/06\/convento_03.jpg\" alt=\"\" width=\"1280\" height=\"720\" srcset=\"https:\/\/franciscanos.org.br\/noticias\/wp-content\/uploads\/2021\/06\/convento_03.jpg 1280w, https:\/\/franciscanos.org.br\/noticias\/wp-content\/uploads\/2021\/06\/convento_03-450x253.jpg 450w, https:\/\/franciscanos.org.br\/noticias\/wp-content\/uploads\/2021\/06\/convento_03-1024x576.jpg 1024w, https:\/\/franciscanos.org.br\/noticias\/wp-content\/uploads\/2021\/06\/convento_03-768x432.jpg 768w, https:\/\/franciscanos.org.br\/noticias\/wp-content\/uploads\/2021\/06\/convento_03-150x84.jpg 150w\" sizes=\"(max-width: 1280px) 100vw, 1280px\" \/><\/p>\n<p>Segundo o frade, esse milagre acontece todos os dias no Convento S\u00e3o Francisco, h\u00e1 mais 300 anos, como em todos os conventos franciscanos e igrejas que vivem a espiritualidade de S\u00e3o Francisco e Santo Ant\u00f4nio. &#8220;O grande milagre dos p\u00e3es sempre acontece. \u00c9 muito bonito ver quando chegam com os p\u00e3es. Hoje, estava l\u00e1 na frente, um devoto trouxe bastante sacos de p\u00e3es. A gente d\u00e1 a b\u00ean\u00e7\u00e3o, uma grande parte fica aqui para distribuir e uma grande parte a pessoa leva para distribuir&#8221;, contou.<\/p>\n<p>&nbsp;<\/p>\n<p>&#8220;Esse \u00e9 o milagre que est\u00e1 acontecendo aqui em S\u00e3o Paulo nesta pandemia, de modo muito especial desde mar\u00e7o do ano passado. Gra\u00e7as a Deus, n\u00e3o faltaram p\u00e3o e comida. E ainda continuamos distribuindo em torno de mil quentinhas por dia s\u00f3 aqui na rua Riachuelo. Todos os dias. Esse \u00e9 o milagre. Todos juntos, a partir da nossa f\u00e9, aceitarmos e acreditarmos que Deus \u00e9 nosso Pai e que somos irm\u00e3os uns dos outros e n\u00e3o podemos ficar tranquilos se alguns irm\u00e3os nossos n\u00e3o t\u00eam o que comer&#8221;, ressaltou, lembrando que, com a solidariedade da partilha do p\u00e3o, acontecem a partilha da esperan\u00e7a, a partilha do amor, a partilha do cuidado. &#8220;Nesse tempo da pandemia, quantas pessoas cuidando dos doentes nos hospitais!&#8221;, lembrou, contando quando esteve internado por causa da Covid-19, tranquilizava-se vendo a dedica\u00e7\u00e3o das pessoas da linha frente da sa\u00fade. &#8220;Isso \u00e9 amor, \u00e9 dedicar-se pelo irm\u00e3o. Assim Santo Ant\u00f4nio fez&#8221;, refor\u00e7ou.<\/p>\n<p><img loading=\"lazy\" class=\"alignnone size-full wp-image-232408\" src=\"https:\/\/franciscanos.org.br\/noticias\/wp-content\/uploads\/2021\/06\/convento_02.jpg\" alt=\"\" width=\"1280\" height=\"1075\" srcset=\"https:\/\/franciscanos.org.br\/noticias\/wp-content\/uploads\/2021\/06\/convento_02.jpg 1280w, https:\/\/franciscanos.org.br\/noticias\/wp-content\/uploads\/2021\/06\/convento_02-450x378.jpg 450w, https:\/\/franciscanos.org.br\/noticias\/wp-content\/uploads\/2021\/06\/convento_02-1024x860.jpg 1024w, https:\/\/franciscanos.org.br\/noticias\/wp-content\/uploads\/2021\/06\/convento_02-768x645.jpg 768w, https:\/\/franciscanos.org.br\/noticias\/wp-content\/uploads\/2021\/06\/convento_02-150x126.jpg 150w\" sizes=\"(max-width: 1280px) 100vw, 1280px\" \/><\/p>\n<p>Frei M\u00e1rio tamb\u00e9m destacou o pregador do Evangelho e, como reza a Ladainha, o &#8220;Martelo dos hereges&#8221;. &#8220;Ele pregava com ternura e amor&#8221;, disse, citando o milagre da prega\u00e7\u00e3o do santo aos peixes.\u00a0 &#8220;Que a festa de hoje seja mais um reavivamento da nossa f\u00e9, da esperan\u00e7a, da nossa paci\u00eancia. Como \u00e9 dif\u00edcil ter paci\u00eancia diante dessa pandemia? Com ela, temos tantas outras pandemias, como a do desemprego, da fome, etc. Que Santo Ant\u00f4nio nos ajude a sermos irm\u00e3os e irm\u00e3s uns dos outros!&#8221;, pediu.<\/p>\n<p>O Convento ter\u00e1 missas ainda \u00e0s 12h, 15h e 17h. Aqueles que n\u00e3o podem viver esta celebra\u00e7\u00e3o presencialmente, poder\u00e3o participar da carreta, \u00e0s 16 horas, com o andor de Santo Ant\u00f4nio, que visitar\u00e1 algumas ruas da Par\u00f3quia, aben\u00e7oando os lares. &#8220;Saiam nas janelas, nas portas e fa\u00e7am parte desse momento decorando suas janelas com toalhas, flores e sua imagem de Santo Ant\u00f4nio&#8221;, pediu o frade.<\/p>\n<p>A prociss\u00e3o ser\u00e1 feita no seguinte trajeto:\u00a0 Av. Brigadeiro Luis Ant\u00f4nio, Rua Asdr\u00fabal do Nascimento, Travessa Noschese, Rua Santo Amaro, Rua Aguiar de Barros, Rua Genebra, Rua Maria Paula, Rua Francisca Miquelina, Rua do Bixiga, Rua Japur\u00e1, Rua Jacare\u00ed, Rua Aboli\u00e7\u00e3o, Rua Jaceguai, Rua Major Diogo, Rua Santo Ant\u00f4nio, Viaduto Jacare\u00ed, Viaduto Dona Paulina, Rua Riachuelo, Rua S\u00e3o Francisco, Rua Dr. Falc\u00e3o Filho e Rua Libero Badar\u00f3.<\/p>\n<p>A &#8220;macarronada do convento&#8221;, que faz sucesso em todos os anos, desde o ano passado pode ser adquirida (<em>apenas 20 reais<\/em>) atrav\u00e9s de <em>drive-thru<\/em>, assim como os p\u00e3es aben\u00e7oados.<\/p>\n<p><img loading=\"lazy\" class=\"alignnone wp-image-232409 size-full\" src=\"https:\/\/franciscanos.org.br\/noticias\/wp-content\/uploads\/2021\/06\/convento_04.jpg\" alt=\"\" width=\"1280\" height=\"720\" srcset=\"https:\/\/franciscanos.org.br\/noticias\/wp-content\/uploads\/2021\/06\/convento_04.jpg 1280w, https:\/\/franciscanos.org.br\/noticias\/wp-content\/uploads\/2021\/06\/convento_04-450x253.jpg 450w, https:\/\/franciscanos.org.br\/noticias\/wp-content\/uploads\/2021\/06\/convento_04-1024x576.jpg 1024w, https:\/\/franciscanos.org.br\/noticias\/wp-content\/uploads\/2021\/06\/convento_04-768x432.jpg 768w, https:\/\/franciscanos.org.br\/noticias\/wp-content\/uploads\/2021\/06\/convento_04-150x84.jpg 150w\" sizes=\"(max-width: 1280px) 100vw, 1280px\" \/><\/p>\n<hr \/>\n<p><strong>Fotos:<\/strong><em> Paty Castelo, pela Pascom do Convento S\u00e3o Francisco (<\/em><strong>texto<\/strong><em> Moacir Beggo)<\/em><\/p>\n","protected":false},"excerpt":{"rendered":"<p>Festividades de Santo Ant\u00f4nio no Convento S\u00e3o Francisco &#8211; SP<\/p>\n","protected":false},"author":3,"featured_media":232406,"comment_status":"open","ping_status":"open","sticky":false,"template":"","format":"standard","meta":[],"categories":[1],"tags":[585],"acf":[],"yoast_head":"<!-- This site is optimized with the Yoast SEO plugin v19.2 - https:\/\/yoast.com\/wordpress\/plugins\/seo\/ -->\n<title>Frei M\u00e1rio lembra o encontro de S\u00e3o Francisco e Santo Ant\u00f4nio, h\u00e1 800 anos - Not\u00edcias - Franciscanos<\/title>\n<meta name=\"robots\" content=\"index, follow, max-snippet:-1, max-image-preview:large, max-video-preview:-1\" \/>\n<link rel=\"canonical\" href=\"https:\/\/franciscanos.org.br\/noticias\/frei-mario-lembra-o-encontro-de-sao-francisco-e-santo-antonio-ha-800-anos.html\" \/>\n<meta property=\"og:locale\" content=\"pt_BR\" \/>\n<meta property=\"og:type\" content=\"article\" \/>\n<meta property=\"og:title\" content=\"Frei M\u00e1rio lembra o encontro de S\u00e3o Francisco e Santo Ant\u00f4nio, h\u00e1 800 anos - Not\u00edcias - Franciscanos\" \/>\n<meta property=\"og:description\" content=\"Festividades de Santo Ant\u00f4nio no Convento S\u00e3o Francisco - SP\" \/>\n<meta property=\"og:url\" content=\"https:\/\/franciscanos.org.br\/noticias\/frei-mario-lembra-o-encontro-de-sao-francisco-e-santo-antonio-ha-800-anos.html\" \/>\n<meta property=\"og:site_name\" content=\"Not\u00edcias - Franciscanos\" \/>\n<meta property=\"article:published_time\" content=\"2021-06-13T15:07:25+00:00\" \/>\n<meta property=\"article:modified_time\" content=\"2021-06-13T15:22:11+00:00\" \/>\n<meta property=\"og:image\" content=\"https:\/\/franciscanos.org.br\/noticias\/wp-content\/uploads\/2021\/06\/convento_01d.jpg\" \/>\n\t<meta property=\"og:image:width\" content=\"800\" \/>\n\t<meta property=\"og:image:height\" content=\"550\" \/>\n\t<meta property=\"og:image:type\" content=\"image\/jpeg\" \/>\n<meta name=\"author\" content=\"moacir\" \/>\n<meta name=\"twitter:card\" content=\"summary_large_image\" \/>\n<meta name=\"twitter:label1\" content=\"Escrito por\" \/>\n\t<meta name=\"twitter:data1\" content=\"moacir\" \/>\n\t<meta name=\"twitter:label2\" content=\"Est. tempo de leitura\" \/>\n\t<meta name=\"twitter:data2\" content=\"4 minutos\" \/>\n<script type=\"application\/ld+json\" class=\"yoast-schema-graph\">{\"@context\":\"https:\/\/schema.org\",\"@graph\":[{\"@type\":\"WebSite\",\"@id\":\"https:\/\/franciscanos.org.br\/noticias\/#website\",\"url\":\"https:\/\/franciscanos.org.br\/noticias\/\",\"name\":\"Not\u00edcias - Franciscanos\",\"description\":\"Prov\u00edncia Franciscana da Imaculada Concei\u00e7\u00e3o do Brasil - Ordem dos Frades Menores - OFM\",\"potentialAction\":[{\"@type\":\"SearchAction\",\"target\":{\"@type\":\"EntryPoint\",\"urlTemplate\":\"https:\/\/franciscanos.org.br\/noticias\/?s={search_term_string}\"},\"query-input\":\"required name=search_term_string\"}],\"inLanguage\":\"pt-BR\"},{\"@type\":\"ImageObject\",\"inLanguage\":\"pt-BR\",\"@id\":\"https:\/\/franciscanos.org.br\/noticias\/frei-mario-lembra-o-encontro-de-sao-francisco-e-santo-antonio-ha-800-anos.html#primaryimage\",\"url\":\"https:\/\/franciscanos.org.br\/noticias\/wp-content\/uploads\/2021\/06\/convento_01d.jpg\",\"contentUrl\":\"https:\/\/franciscanos.org.br\/noticias\/wp-content\/uploads\/2021\/06\/convento_01d.jpg\",\"width\":800,\"height\":550},{\"@type\":\"WebPage\",\"@id\":\"https:\/\/franciscanos.org.br\/noticias\/frei-mario-lembra-o-encontro-de-sao-francisco-e-santo-antonio-ha-800-anos.html#webpage\",\"url\":\"https:\/\/franciscanos.org.br\/noticias\/frei-mario-lembra-o-encontro-de-sao-francisco-e-santo-antonio-ha-800-anos.html\",\"name\":\"Frei M\u00e1rio lembra o encontro de S\u00e3o Francisco e Santo Ant\u00f4nio, h\u00e1 800 anos - Not\u00edcias - Franciscanos\",\"isPartOf\":{\"@id\":\"https:\/\/franciscanos.org.br\/noticias\/#website\"},\"primaryImageOfPage\":{\"@id\":\"https:\/\/franciscanos.org.br\/noticias\/frei-mario-lembra-o-encontro-de-sao-francisco-e-santo-antonio-ha-800-anos.html#primaryimage\"},\"datePublished\":\"2021-06-13T15:07:25+00:00\",\"dateModified\":\"2021-06-13T15:22:11+00:00\",\"author\":{\"@id\":\"https:\/\/franciscanos.org.br\/noticias\/#\/schema\/person\/b5c8cba458c330ccff548b056e95a5d4\"},\"breadcrumb\":{\"@id\":\"https:\/\/franciscanos.org.br\/noticias\/frei-mario-lembra-o-encontro-de-sao-francisco-e-santo-antonio-ha-800-anos.html#breadcrumb\"},\"inLanguage\":\"pt-BR\",\"potentialAction\":[{\"@type\":\"ReadAction\",\"target\":[\"https:\/\/franciscanos.org.br\/noticias\/frei-mario-lembra-o-encontro-de-sao-francisco-e-santo-antonio-ha-800-anos.html\"]}]},{\"@type\":\"BreadcrumbList\",\"@id\":\"https:\/\/franciscanos.org.br\/noticias\/frei-mario-lembra-o-encontro-de-sao-francisco-e-santo-antonio-ha-800-anos.html#breadcrumb\",\"itemListElement\":[{\"@type\":\"ListItem\",\"position\":1,\"name\":\"Home\",\"item\":\"https:\/\/franciscanos.org.br\/noticias\"},{\"@type\":\"ListItem\",\"position\":2,\"name\":\"Frei M\u00e1rio lembra o encontro de S\u00e3o Francisco e Santo Ant\u00f4nio, h\u00e1 800 anos\"}]},{\"@type\":\"Person\",\"@id\":\"https:\/\/franciscanos.org.br\/noticias\/#\/schema\/person\/b5c8cba458c330ccff548b056e95a5d4\",\"name\":\"moacir\",\"image\":{\"@type\":\"ImageObject\",\"inLanguage\":\"pt-BR\",\"@id\":\"https:\/\/franciscanos.org.br\/noticias\/#\/schema\/person\/image\/\",\"url\":\"https:\/\/secure.gravatar.com\/avatar\/d08aa2ce4c8dd416d4479aa8536fcf64?s=96&d=mm&r=g\",\"contentUrl\":\"https:\/\/secure.gravatar.com\/avatar\/d08aa2ce4c8dd416d4479aa8536fcf64?s=96&d=mm&r=g\",\"caption\":\"moacir\"},\"url\":\"https:\/\/franciscanos.org.br\/noticias\/author\/moacir\"}]}<\/script>\n<!-- \/ Yoast SEO plugin. -->","yoast_head_json":{"title":"Frei M\u00e1rio lembra o encontro de S\u00e3o Francisco e Santo Ant\u00f4nio, h\u00e1 800 anos - Not\u00edcias - Franciscanos","robots":{"index":"index","follow":"follow","max-snippet":"max-snippet:-1","max-image-preview":"max-image-preview:large","max-video-preview":"max-video-preview:-1"},"canonical":"https:\/\/franciscanos.org.br\/noticias\/frei-mario-lembra-o-encontro-de-sao-francisco-e-santo-antonio-ha-800-anos.html","og_locale":"pt_BR","og_type":"article","og_title":"Frei M\u00e1rio lembra o encontro de S\u00e3o Francisco e Santo Ant\u00f4nio, h\u00e1 800 anos - Not\u00edcias - Franciscanos","og_description":"Festividades de Santo Ant\u00f4nio no Convento S\u00e3o Francisco - SP","og_url":"https:\/\/franciscanos.org.br\/noticias\/frei-mario-lembra-o-encontro-de-sao-francisco-e-santo-antonio-ha-800-anos.html","og_site_name":"Not\u00edcias - Franciscanos","article_published_time":"2021-06-13T15:07:25+00:00","article_modified_time":"2021-06-13T15:22:11+00:00","og_image":[{"width":800,"height":550,"url":"https:\/\/franciscanos.org.br\/noticias\/wp-content\/uploads\/2021\/06\/convento_01d.jpg","type":"image\/jpeg"}],"author":"moacir","twitter_card":"summary_large_image","twitter_misc":{"Escrito por":"moacir","Est. tempo de leitura":"4 minutos"},"schema":{"@context":"https:\/\/schema.org","@graph":[{"@type":"WebSite","@id":"https:\/\/franciscanos.org.br\/noticias\/#website","url":"https:\/\/franciscanos.org.br\/noticias\/","name":"Not\u00edcias - Franciscanos","description":"Prov\u00edncia Franciscana da Imaculada Concei\u00e7\u00e3o do Brasil - Ordem dos Frades Menores - OFM","potentialAction":[{"@type":"SearchAction","target":{"@type":"EntryPoint","urlTemplate":"https:\/\/franciscanos.org.br\/noticias\/?s={search_term_string}"},"query-input":"required name=search_term_string"}],"inLanguage":"pt-BR"},{"@type":"ImageObject","inLanguage":"pt-BR","@id":"https:\/\/franciscanos.org.br\/noticias\/frei-mario-lembra-o-encontro-de-sao-francisco-e-santo-antonio-ha-800-anos.html#primaryimage","url":"https:\/\/franciscanos.org.br\/noticias\/wp-content\/uploads\/2021\/06\/convento_01d.jpg","contentUrl":"https:\/\/franciscanos.org.br\/noticias\/wp-content\/uploads\/2021\/06\/convento_01d.jpg","width":800,"height":550},{"@type":"WebPage","@id":"https:\/\/franciscanos.org.br\/noticias\/frei-mario-lembra-o-encontro-de-sao-francisco-e-santo-antonio-ha-800-anos.html#webpage","url":"https:\/\/franciscanos.org.br\/noticias\/frei-mario-lembra-o-encontro-de-sao-francisco-e-santo-antonio-ha-800-anos.html","name":"Frei M\u00e1rio lembra o encontro de S\u00e3o Francisco e Santo Ant\u00f4nio, h\u00e1 800 anos - Not\u00edcias - Franciscanos","isPartOf":{"@id":"https:\/\/franciscanos.org.br\/noticias\/#website"},"primaryImageOfPage":{"@id":"https:\/\/franciscanos.org.br\/noticias\/frei-mario-lembra-o-encontro-de-sao-francisco-e-santo-antonio-ha-800-anos.html#primaryimage"},"datePublished":"2021-06-13T15:07:25+00:00","dateModified":"2021-06-13T15:22:11+00:00","author":{"@id":"https:\/\/franciscanos.org.br\/noticias\/#\/schema\/person\/b5c8cba458c330ccff548b056e95a5d4"},"breadcrumb":{"@id":"https:\/\/franciscanos.org.br\/noticias\/frei-mario-lembra-o-encontro-de-sao-francisco-e-santo-antonio-ha-800-anos.html#breadcrumb"},"inLanguage":"pt-BR","potentialAction":[{"@type":"ReadAction","target":["https:\/\/franciscanos.org.br\/noticias\/frei-mario-lembra-o-encontro-de-sao-francisco-e-santo-antonio-ha-800-anos.html"]}]},{"@type":"BreadcrumbList","@id":"https:\/\/franciscanos.org.br\/noticias\/frei-mario-lembra-o-encontro-de-sao-francisco-e-santo-antonio-ha-800-anos.html#breadcrumb","itemListElement":[{"@type":"ListItem","position":1,"name":"Home","item":"https:\/\/franciscanos.org.br\/noticias"},{"@type":"ListItem","position":2,"name":"Frei M\u00e1rio lembra o encontro de S\u00e3o Francisco e Santo Ant\u00f4nio, h\u00e1 800 anos"}]},{"@type":"Person","@id":"https:\/\/franciscanos.org.br\/noticias\/#\/schema\/person\/b5c8cba458c330ccff548b056e95a5d4","name":"moacir","image":{"@type":"ImageObject","inLanguage":"pt-BR","@id":"https:\/\/franciscanos.org.br\/noticias\/#\/schema\/person\/image\/","url":"https:\/\/secure.gravatar.com\/avatar\/d08aa2ce4c8dd416d4479aa8536fcf64?s=96&d=mm&r=g","contentUrl":"https:\/\/secure.gravatar.com\/avatar\/d08aa2ce4c8dd416d4479aa8536fcf64?s=96&d=mm&r=g","caption":"moacir"},"url":"https:\/\/franciscanos.org.br\/noticias\/author\/moacir"}]}},"_links":{"self":[{"href":"https:\/\/franciscanos.org.br\/noticias\/wp-json\/wp\/v2\/posts\/232398"}],"collection":[{"href":"https:\/\/franciscanos.org.br\/noticias\/wp-json\/wp\/v2\/posts"}],"about":[{"href":"https:\/\/franciscanos.org.br\/noticias\/wp-json\/wp\/v2\/types\/post"}],"author":[{"embeddable":true,"href":"https:\/\/franciscanos.org.br\/noticias\/wp-json\/wp\/v2\/users\/3"}],"replies":[{"embeddable":true,"href":"https:\/\/franciscanos.org.br\/noticias\/wp-json\/wp\/v2\/comments?post=232398"}],"version-history":[{"count":5,"href":"https:\/\/franciscanos.org.br\/noticias\/wp-json\/wp\/v2\/posts\/232398\/revisions"}],"predecessor-version":[{"id":232411,"href":"https:\/\/franciscanos.org.br\/noticias\/wp-json\/wp\/v2\/posts\/232398\/revisions\/232411"}],"wp:featuredmedia":[{"embeddable":true,"href":"https:\/\/franciscanos.org.br\/noticias\/wp-json\/wp\/v2\/media\/232406"}],"wp:attachment":[{"href":"https:\/\/franciscanos.org.br\/noticias\/wp-json\/wp\/v2\/media?parent=232398"}],"wp:term":[{"taxonomy":"category","embeddable":true,"href":"https:\/\/franciscanos.org.br\/noticias\/wp-json\/wp\/v2\/categories?post=232398"},{"taxonomy":"post_tag","embeddable":true,"href":"https:\/\/franciscanos.org.br\/noticias\/wp-json\/wp\/v2\/tags?post=232398"}],"curies":[{"name":"wp","href":"https:\/\/api.w.org\/{rel}","templated":true}]}}