{"id":232380,"date":"2021-06-12T06:45:32","date_gmt":"2021-06-12T09:45:32","guid":{"rendered":"https:\/\/franciscanos.org.br\/noticias\/?p=232380"},"modified":"2021-11-03T07:27:15","modified_gmt":"2021-11-03T10:27:15","slug":"dom-gregorio-que-o-nosso-coracao-pulse-no-mesmo-ritmo-do-sagrado-coracao-de-jesus","status":"publish","type":"post","link":"https:\/\/franciscanos.org.br\/noticias\/dom-gregorio-que-o-nosso-coracao-pulse-no-mesmo-ritmo-do-sagrado-coracao-de-jesus.html","title":{"rendered":"Dom Greg\u00f3rio: \u201cQue o nosso cora\u00e7\u00e3o pulse no mesmo ritmo do Sagrado Cora\u00e7\u00e3o de Jesus\u201d"},"content":{"rendered":"<p><img loading=\"lazy\" class=\"alignnone wp-image-232381 size-full\" src=\"https:\/\/franciscanos.org.br\/noticias\/wp-content\/uploads\/2021\/06\/sagrado_12.jpg\" alt=\"\" width=\"1280\" height=\"720\" srcset=\"https:\/\/franciscanos.org.br\/noticias\/wp-content\/uploads\/2021\/06\/sagrado_12.jpg 1280w, https:\/\/franciscanos.org.br\/noticias\/wp-content\/uploads\/2021\/06\/sagrado_12-450x253.jpg 450w, https:\/\/franciscanos.org.br\/noticias\/wp-content\/uploads\/2021\/06\/sagrado_12-1024x576.jpg 1024w, https:\/\/franciscanos.org.br\/noticias\/wp-content\/uploads\/2021\/06\/sagrado_12-768x432.jpg 768w, https:\/\/franciscanos.org.br\/noticias\/wp-content\/uploads\/2021\/06\/sagrado_12-150x84.jpg 150w\" sizes=\"(max-width: 1280px) 100vw, 1280px\" \/><\/p>\n<p><strong>Petr\u00f3polis (RJ) \u2013 <\/strong>\u201cDo seu lado ferido saiu sangue e \u00e1gua para que sejamos homens e mulheres novos, para que a nossa vida, nossos gestos e os nossos pensamentos sejam humanos\u201d. Foi com essas palavras que Dom Greg\u00f3rio Paix\u00e3o, OSB, bispo da Diocese de Petr\u00f3polis (RJ), deu a t\u00f4nica da Celebra\u00e7\u00e3o Eucar\u00edstica da Solenidade do Sagrado Cora\u00e7\u00e3o de Jesus na Igreja dos frades franciscanos de Petr\u00f3polis, que tem como titular o Sagrado Cora\u00e7\u00e3o, nesta sexta-feira, \u00e0s 18 horas.<\/p>\n<p>A missa foi concelebrada por Frei Jorge Paulo Schiavini, p\u00e1roco e guardi\u00e3o, Frei Jorge Ariovaldo da Silva e Frei Ivo M\u00fcller, vig\u00e1rios paroquiais. Lideran\u00e7as de movimentos e pastorais tamb\u00e9m marcaram presen\u00e7a na celebra\u00e7\u00e3o que foi transmitida pelas plataformas digitais da Par\u00f3quia do Sagrado, R\u00e1dio Imperial e da Diocese de Petr\u00f3polis. O coral dos frades do Tempo da Teologia animou a celebra\u00e7\u00e3o com a entoa\u00e7\u00e3o de c\u00e2nticos, sob a reg\u00eancia do mestre, Frei Marcos Ant\u00f4nio de Andrade. Tamb\u00e9m serviram a celebra\u00e7\u00e3o como turifer\u00e1rio e naveteiro.<\/p>\n<p><img loading=\"lazy\" class=\"alignnone wp-image-232382 size-full\" src=\"https:\/\/franciscanos.org.br\/noticias\/wp-content\/uploads\/2021\/06\/sagrado_12_1.jpg\" alt=\"\" width=\"1200\" height=\"1778\" srcset=\"https:\/\/franciscanos.org.br\/noticias\/wp-content\/uploads\/2021\/06\/sagrado_12_1.jpg 1200w, https:\/\/franciscanos.org.br\/noticias\/wp-content\/uploads\/2021\/06\/sagrado_12_1-304x450.jpg 304w, https:\/\/franciscanos.org.br\/noticias\/wp-content\/uploads\/2021\/06\/sagrado_12_1-691x1024.jpg 691w, https:\/\/franciscanos.org.br\/noticias\/wp-content\/uploads\/2021\/06\/sagrado_12_1-768x1138.jpg 768w, https:\/\/franciscanos.org.br\/noticias\/wp-content\/uploads\/2021\/06\/sagrado_12_1-1037x1536.jpg 1037w, https:\/\/franciscanos.org.br\/noticias\/wp-content\/uploads\/2021\/06\/sagrado_12_1-150x222.jpg 150w\" sizes=\"(max-width: 1200px) 100vw, 1200px\" \/><\/p>\n<p><strong>CORA\u00c7\u00c3O DE JESUS: PARA\u00cdSO DE HUMANIDADE<\/strong><\/p>\n<p>Dom Greg\u00f3rio recuou na hist\u00f3ria para dar in\u00edcio a sua homilia e discorrer sobre o cora\u00e7\u00e3o de Jesus. Segundo ele, o cora\u00e7\u00e3o de Jesus se manifestou em um determinado tempo e continua se manifestando nos dias atuais. Explicou que o livro do G\u00eanesis, apresenta Deus criando um para\u00edso onde Ele pr\u00f3prio quis passear. &#8220;A beleza daquilo que Deus criou \u00e9 o cora\u00e7\u00e3o humano&#8221;, disse. Fez men\u00e7\u00e3o a Ad\u00e3o e Eva, ressaltando a livre escolha que tiveram entre escolher o bem e o mal. Frisou que a serpente picou a humanidade e colocou no sangue \u2018algo chamado desumanidade\u2019. Segundo o bispo, foi por isso que o homem e a mulher ficaram escondidos com medo de Deus. \u201cMas nem por isso Deus desistiu da humanidade. \u00c9 um pai que olha para os seus filhos com amor de eternidade&#8221;, contextualizou. E acrescentou: &#8220;Deus pede \u00fanica e exclusivamente que n\u00f3s resgatemos o para\u00edso que \u00e9 o nosso cora\u00e7\u00e3o, porque Deus deseja continuar passeando conosco&#8221;.<\/p>\n<p>Dom Greg\u00f3rio, explicou ainda que a obra da serpente se tornou vis\u00edvel no momento da crucifix\u00e3o de Jesus. Para ele, Jesus deixou-se crucificar para que todos pudessem entender o que Deus \u00e9 capaz de fazer por amor. \u201cA lan\u00e7a perfurou o seu lado, o seu cora\u00e7\u00e3o, e dali saiu sangue e \u00e1gua. Assim, fomos renascidos pela for\u00e7a das \u00e1guas batismais. Fomos renascidos pela for\u00e7a do Senhor que nos lavou pelo seu sangue e nos deu a possibilidade de sermos banhados pela for\u00e7a do seu amor e da sua miseric\u00f3rdia. Ele se deixou ir at\u00e9 a cruz para que n\u00f3s pud\u00e9ssemos ir at\u00e9 a ressurrei\u00e7\u00e3o&#8221;, ressaltou.<\/p>\n<p><img loading=\"lazy\" class=\"alignnone wp-image-232383 size-full\" src=\"https:\/\/franciscanos.org.br\/noticias\/wp-content\/uploads\/2021\/06\/sagrado_12-5.jpg\" alt=\"\" width=\"1280\" height=\"853\" srcset=\"https:\/\/franciscanos.org.br\/noticias\/wp-content\/uploads\/2021\/06\/sagrado_12-5.jpg 1280w, https:\/\/franciscanos.org.br\/noticias\/wp-content\/uploads\/2021\/06\/sagrado_12-5-450x300.jpg 450w, https:\/\/franciscanos.org.br\/noticias\/wp-content\/uploads\/2021\/06\/sagrado_12-5-1024x682.jpg 1024w, https:\/\/franciscanos.org.br\/noticias\/wp-content\/uploads\/2021\/06\/sagrado_12-5-768x512.jpg 768w, https:\/\/franciscanos.org.br\/noticias\/wp-content\/uploads\/2021\/06\/sagrado_12-5-150x100.jpg 150w\" sizes=\"(max-width: 1280px) 100vw, 1280px\" \/><\/p>\n<p>Segundo o celebrante, essa \u00e9 a gra\u00e7a daquilo que nos celebramos hoje: Jesus veio manifestar uma face da qual n\u00f3s nos escond\u00edamos. \u201cJesus veio nos manifestar o verdadeiro cora\u00e7\u00e3o do Pai que havia sido esquecido ao longo da hist\u00f3ria, desde o momento da picada da serpente. Jesus veio manifestar a beleza do cora\u00e7\u00e3o de Deus porque \u00e9 o pr\u00f3prio Deus que coloca \u00e0 disposi\u00e7\u00e3o toda uma vida, todo o seu amor em favor de Deus. Ele desceu para nos ensinar o que \u00e9 ser humano\u201d, mencionou e lamentou que o ser humano tenha atitudes de desumanidade.<\/p>\n<p>Para Dom Greg\u00f3rio \u00e9 preciso manifestar atrav\u00e9s da vida o tesouro da gra\u00e7a que temos em nosso cora\u00e7\u00e3o. \u201cDo seu lado ferido saiu sangue e \u00e1gua para nos lavar, para que sejamos homens e mulheres novos, para que a nossa vida, nossos gestos e os nossos pensamentos sejam humanos\u201d, frisou. \u201cCelebrando hoje essa grande festa, agrade\u00e7amos ao Senhor porque Ele testemunhou na sua pr\u00f3pria carne aquilo que n\u00f3s precisamos viver na nossa. E vivendo profundamente a sua vontade, que n\u00f3s sejamos capazes de realiz\u00e1-las pelos gestos e profundas atitudes de nossa vida\u201d, destacou.<br \/>\n<img loading=\"lazy\" class=\"alignnone wp-image-232384 size-full\" src=\"https:\/\/franciscanos.org.br\/noticias\/wp-content\/uploads\/2021\/06\/sagrado_12_3.jpg\" alt=\"\" width=\"1280\" height=\"853\" srcset=\"https:\/\/franciscanos.org.br\/noticias\/wp-content\/uploads\/2021\/06\/sagrado_12_3.jpg 1280w, https:\/\/franciscanos.org.br\/noticias\/wp-content\/uploads\/2021\/06\/sagrado_12_3-450x300.jpg 450w, https:\/\/franciscanos.org.br\/noticias\/wp-content\/uploads\/2021\/06\/sagrado_12_3-1024x682.jpg 1024w, https:\/\/franciscanos.org.br\/noticias\/wp-content\/uploads\/2021\/06\/sagrado_12_3-768x512.jpg 768w, https:\/\/franciscanos.org.br\/noticias\/wp-content\/uploads\/2021\/06\/sagrado_12_3-150x100.jpg 150w\" sizes=\"(max-width: 1280px) 100vw, 1280px\" \/><\/p>\n<p><strong>ANO JUBILAR<\/strong><\/p>\n<p>No final de sua homilia, Dom Greg\u00f3rio recordou a chegada dos primeiros frades franciscanos a Petr\u00f3polis, fazendo refer\u00eancia as celebra\u00e7\u00f5es do Ano Jubilar. Brincou que os primeiros franciscanos enviaram por antecipa\u00e7\u00e3o seus cora\u00e7\u00f5es. \u201cE \u00e9 bonito perceber que antes que eles chegassem o Senhor j\u00e1 os esperava aqui. \u00c9 a beleza e a gra\u00e7a de irm\u00e3os que vieram nos trazer, a exemplo de S\u00e3o Francisco de Assis, a beleza de um cora\u00e7\u00e3o que haveria de se manifestar a tantos homens e mulheres\u201d, disse.<\/p>\n<p>\u201cHoje, de modo especial, coloco a minha voz a disposi\u00e7\u00e3o em nome de toda a nossa Diocese, para agradecer a presen\u00e7a desses irm\u00e3os franciscanos que com perseveran\u00e7a e com alegria continuam a manifestar atrav\u00e9s de suas atitudes e dos votos que professaram, esse cora\u00e7\u00e3o de Deus que \u00e9 a amor e miseric\u00f3rdia, como nos ensinou S\u00e3o Francisco de Assis&#8221;, lembrou.<\/p>\n<p><img loading=\"lazy\" class=\"alignnone wp-image-232385 size-full\" src=\"https:\/\/franciscanos.org.br\/noticias\/wp-content\/uploads\/2021\/06\/sagrado_12_5.jpg\" alt=\"\" width=\"1280\" height=\"853\" srcset=\"https:\/\/franciscanos.org.br\/noticias\/wp-content\/uploads\/2021\/06\/sagrado_12_5.jpg 1280w, https:\/\/franciscanos.org.br\/noticias\/wp-content\/uploads\/2021\/06\/sagrado_12_5-450x300.jpg 450w, https:\/\/franciscanos.org.br\/noticias\/wp-content\/uploads\/2021\/06\/sagrado_12_5-1024x682.jpg 1024w, https:\/\/franciscanos.org.br\/noticias\/wp-content\/uploads\/2021\/06\/sagrado_12_5-768x512.jpg 768w, https:\/\/franciscanos.org.br\/noticias\/wp-content\/uploads\/2021\/06\/sagrado_12_5-150x100.jpg 150w\" sizes=\"(max-width: 1280px) 100vw, 1280px\" \/><\/p>\n<p>O bispo de Petr\u00f3polis tamb\u00e9m recordou dos 75 anos da cria\u00e7\u00e3o da Par\u00f3quia do Sagrado que escolheu o Sagrado Cora\u00e7\u00e3o de Jesus como protetor. \u201cVoc\u00eas v\u00eam perseverando para que n\u00e3o falte a alegria da presen\u00e7a fraterna e de um cora\u00e7\u00e3o de irm\u00e3os que \u00e9 capaz de acolher tantos outros irm\u00e3os, por aquilo que Cristo ensinou e S\u00e3o Francisco praticou. Assim, deixo registrado o meu agradecimento a toda fam\u00edlia franciscana\u201d, sublinhou e concluiu: \u201cRecordando os primeiros, agrade\u00e7o os que est\u00e3o aqui hoje e que s\u00e3o a continuidade dessa hist\u00f3ria que \u00e9 fundamentalmente amor e miseric\u00f3rdia. Que Deus aben\u00e7oe a todos e que essa recorda\u00e7\u00e3o nos fa\u00e7a sempre caminhar juntos para o cora\u00e7\u00e3o de Jesus do qual jorrou sangue e \u00e1gua. Que o nosso cora\u00e7\u00e3o pulse no mesmo ritmo do Sagrado Cora\u00e7\u00e3o de Jesus\u201d, desejou.<\/p>\n<p>A celebra\u00e7\u00e3o teve continuidade com as preces seguidamente da liturgia eucar\u00edstica. Ap\u00f3s a comunh\u00e3o o coral entoou a ant\u00edfona de comunh\u00e3o \u201cDeus amou tanto o mundo\u201d, composi\u00e7\u00e3o de Frei Ademir Jos\u00e9 Peixer.<\/p>\n<p><img loading=\"lazy\" class=\"alignnone wp-image-232386 size-full\" src=\"https:\/\/franciscanos.org.br\/noticias\/wp-content\/uploads\/2021\/06\/sagrado_12_4.jpg\" alt=\"\" width=\"1280\" height=\"853\" srcset=\"https:\/\/franciscanos.org.br\/noticias\/wp-content\/uploads\/2021\/06\/sagrado_12_4.jpg 1280w, https:\/\/franciscanos.org.br\/noticias\/wp-content\/uploads\/2021\/06\/sagrado_12_4-450x300.jpg 450w, https:\/\/franciscanos.org.br\/noticias\/wp-content\/uploads\/2021\/06\/sagrado_12_4-1024x682.jpg 1024w, https:\/\/franciscanos.org.br\/noticias\/wp-content\/uploads\/2021\/06\/sagrado_12_4-768x512.jpg 768w, https:\/\/franciscanos.org.br\/noticias\/wp-content\/uploads\/2021\/06\/sagrado_12_4-150x100.jpg 150w\" sizes=\"(max-width: 1280px) 100vw, 1280px\" \/><\/p>\n<p>No final, Frei Jorge agradeceu\u00a0a presen\u00e7a de todos, especialmente do Bispo e anunciou o lan\u00e7amento do site da Par\u00f3quia do Sagrado, realizado neste dia 11 de junho. Explicou que se trata de um site institucional, comemorativo e celebrativo que re\u00fane informa\u00e7\u00f5es hist\u00f3ricas mas que tamb\u00e9m apresenta registros atuais das pastorais, movimentos, capelanias e tudo o que envolve a miss\u00e3o evangelizadora da fraternidade do Sagrado.<\/p>\n<p>Conhe\u00e7a mais! Acesse:\u00a0<a href=\"http:\/\/www.paroquiadosagrado.com.br\/\">www.paroquiadosagrado.com.br<\/a><\/p>\n<hr \/>\n<p><strong><em>Frei Augusto Luiz Gabriel<\/em><\/strong><\/p>\n","protected":false},"excerpt":{"rendered":"<p>Par\u00f3quia do Sagrado Cora\u00e7\u00e3o de Jesus<\/p>\n","protected":false},"author":3,"featured_media":232387,"comment_status":"open","ping_status":"open","sticky":false,"template":"","format":"standard","meta":[],"categories":[1],"tags":[1766,190],"acf":[],"yoast_head":"<!-- This site is optimized with the Yoast SEO plugin v19.2 - https:\/\/yoast.com\/wordpress\/plugins\/seo\/ -->\n<title>Dom Greg\u00f3rio: \u201cQue o nosso cora\u00e7\u00e3o pulse no mesmo ritmo do Sagrado Cora\u00e7\u00e3o de Jesus\u201d - Not\u00edcias - Franciscanos<\/title>\n<meta name=\"robots\" content=\"index, follow, max-snippet:-1, max-image-preview:large, max-video-preview:-1\" \/>\n<link rel=\"canonical\" href=\"https:\/\/franciscanos.org.br\/noticias\/dom-gregorio-que-o-nosso-coracao-pulse-no-mesmo-ritmo-do-sagrado-coracao-de-jesus.html\" \/>\n<meta property=\"og:locale\" content=\"pt_BR\" \/>\n<meta property=\"og:type\" content=\"article\" \/>\n<meta property=\"og:title\" content=\"Dom Greg\u00f3rio: \u201cQue o nosso cora\u00e7\u00e3o pulse no mesmo ritmo do Sagrado Cora\u00e7\u00e3o de Jesus\u201d - Not\u00edcias - Franciscanos\" \/>\n<meta property=\"og:description\" content=\"Par\u00f3quia do Sagrado Cora\u00e7\u00e3o de Jesus\" \/>\n<meta property=\"og:url\" content=\"https:\/\/franciscanos.org.br\/noticias\/dom-gregorio-que-o-nosso-coracao-pulse-no-mesmo-ritmo-do-sagrado-coracao-de-jesus.html\" \/>\n<meta property=\"og:site_name\" content=\"Not\u00edcias - Franciscanos\" \/>\n<meta property=\"article:published_time\" content=\"2021-06-12T09:45:32+00:00\" \/>\n<meta property=\"article:modified_time\" content=\"2021-11-03T10:27:15+00:00\" \/>\n<meta property=\"og:image\" content=\"https:\/\/franciscanos.org.br\/noticias\/wp-content\/uploads\/2021\/06\/sagrado_12d.jpg\" \/>\n\t<meta property=\"og:image:width\" content=\"800\" \/>\n\t<meta property=\"og:image:height\" content=\"550\" \/>\n\t<meta property=\"og:image:type\" content=\"image\/jpeg\" \/>\n<meta name=\"author\" content=\"moacir\" \/>\n<meta name=\"twitter:card\" content=\"summary_large_image\" \/>\n<meta name=\"twitter:label1\" content=\"Escrito por\" \/>\n\t<meta name=\"twitter:data1\" content=\"moacir\" \/>\n\t<meta name=\"twitter:label2\" content=\"Est. tempo de leitura\" \/>\n\t<meta name=\"twitter:data2\" content=\"6 minutos\" \/>\n<script type=\"application\/ld+json\" class=\"yoast-schema-graph\">{\"@context\":\"https:\/\/schema.org\",\"@graph\":[{\"@type\":\"WebSite\",\"@id\":\"https:\/\/franciscanos.org.br\/noticias\/#website\",\"url\":\"https:\/\/franciscanos.org.br\/noticias\/\",\"name\":\"Not\u00edcias - Franciscanos\",\"description\":\"Prov\u00edncia Franciscana da Imaculada Concei\u00e7\u00e3o do Brasil - Ordem dos Frades Menores - OFM\",\"potentialAction\":[{\"@type\":\"SearchAction\",\"target\":{\"@type\":\"EntryPoint\",\"urlTemplate\":\"https:\/\/franciscanos.org.br\/noticias\/?s={search_term_string}\"},\"query-input\":\"required name=search_term_string\"}],\"inLanguage\":\"pt-BR\"},{\"@type\":\"ImageObject\",\"inLanguage\":\"pt-BR\",\"@id\":\"https:\/\/franciscanos.org.br\/noticias\/dom-gregorio-que-o-nosso-coracao-pulse-no-mesmo-ritmo-do-sagrado-coracao-de-jesus.html#primaryimage\",\"url\":\"https:\/\/franciscanos.org.br\/noticias\/wp-content\/uploads\/2021\/06\/sagrado_12d.jpg\",\"contentUrl\":\"https:\/\/franciscanos.org.br\/noticias\/wp-content\/uploads\/2021\/06\/sagrado_12d.jpg\",\"width\":800,\"height\":550},{\"@type\":\"WebPage\",\"@id\":\"https:\/\/franciscanos.org.br\/noticias\/dom-gregorio-que-o-nosso-coracao-pulse-no-mesmo-ritmo-do-sagrado-coracao-de-jesus.html#webpage\",\"url\":\"https:\/\/franciscanos.org.br\/noticias\/dom-gregorio-que-o-nosso-coracao-pulse-no-mesmo-ritmo-do-sagrado-coracao-de-jesus.html\",\"name\":\"Dom Greg\u00f3rio: \u201cQue o nosso cora\u00e7\u00e3o pulse no mesmo ritmo do Sagrado Cora\u00e7\u00e3o de Jesus\u201d - Not\u00edcias - Franciscanos\",\"isPartOf\":{\"@id\":\"https:\/\/franciscanos.org.br\/noticias\/#website\"},\"primaryImageOfPage\":{\"@id\":\"https:\/\/franciscanos.org.br\/noticias\/dom-gregorio-que-o-nosso-coracao-pulse-no-mesmo-ritmo-do-sagrado-coracao-de-jesus.html#primaryimage\"},\"datePublished\":\"2021-06-12T09:45:32+00:00\",\"dateModified\":\"2021-11-03T10:27:15+00:00\",\"author\":{\"@id\":\"https:\/\/franciscanos.org.br\/noticias\/#\/schema\/person\/b5c8cba458c330ccff548b056e95a5d4\"},\"breadcrumb\":{\"@id\":\"https:\/\/franciscanos.org.br\/noticias\/dom-gregorio-que-o-nosso-coracao-pulse-no-mesmo-ritmo-do-sagrado-coracao-de-jesus.html#breadcrumb\"},\"inLanguage\":\"pt-BR\",\"potentialAction\":[{\"@type\":\"ReadAction\",\"target\":[\"https:\/\/franciscanos.org.br\/noticias\/dom-gregorio-que-o-nosso-coracao-pulse-no-mesmo-ritmo-do-sagrado-coracao-de-jesus.html\"]}]},{\"@type\":\"BreadcrumbList\",\"@id\":\"https:\/\/franciscanos.org.br\/noticias\/dom-gregorio-que-o-nosso-coracao-pulse-no-mesmo-ritmo-do-sagrado-coracao-de-jesus.html#breadcrumb\",\"itemListElement\":[{\"@type\":\"ListItem\",\"position\":1,\"name\":\"Home\",\"item\":\"https:\/\/franciscanos.org.br\/noticias\"},{\"@type\":\"ListItem\",\"position\":2,\"name\":\"Dom Greg\u00f3rio: \u201cQue o nosso cora\u00e7\u00e3o pulse no mesmo ritmo do Sagrado Cora\u00e7\u00e3o de Jesus\u201d\"}]},{\"@type\":\"Person\",\"@id\":\"https:\/\/franciscanos.org.br\/noticias\/#\/schema\/person\/b5c8cba458c330ccff548b056e95a5d4\",\"name\":\"moacir\",\"image\":{\"@type\":\"ImageObject\",\"inLanguage\":\"pt-BR\",\"@id\":\"https:\/\/franciscanos.org.br\/noticias\/#\/schema\/person\/image\/\",\"url\":\"https:\/\/secure.gravatar.com\/avatar\/d08aa2ce4c8dd416d4479aa8536fcf64?s=96&d=mm&r=g\",\"contentUrl\":\"https:\/\/secure.gravatar.com\/avatar\/d08aa2ce4c8dd416d4479aa8536fcf64?s=96&d=mm&r=g\",\"caption\":\"moacir\"},\"url\":\"https:\/\/franciscanos.org.br\/noticias\/author\/moacir\"}]}<\/script>\n<!-- \/ Yoast SEO plugin. -->","yoast_head_json":{"title":"Dom Greg\u00f3rio: \u201cQue o nosso cora\u00e7\u00e3o pulse no mesmo ritmo do Sagrado Cora\u00e7\u00e3o de Jesus\u201d - Not\u00edcias - Franciscanos","robots":{"index":"index","follow":"follow","max-snippet":"max-snippet:-1","max-image-preview":"max-image-preview:large","max-video-preview":"max-video-preview:-1"},"canonical":"https:\/\/franciscanos.org.br\/noticias\/dom-gregorio-que-o-nosso-coracao-pulse-no-mesmo-ritmo-do-sagrado-coracao-de-jesus.html","og_locale":"pt_BR","og_type":"article","og_title":"Dom Greg\u00f3rio: \u201cQue o nosso cora\u00e7\u00e3o pulse no mesmo ritmo do Sagrado Cora\u00e7\u00e3o de Jesus\u201d - Not\u00edcias - Franciscanos","og_description":"Par\u00f3quia do Sagrado Cora\u00e7\u00e3o de Jesus","og_url":"https:\/\/franciscanos.org.br\/noticias\/dom-gregorio-que-o-nosso-coracao-pulse-no-mesmo-ritmo-do-sagrado-coracao-de-jesus.html","og_site_name":"Not\u00edcias - Franciscanos","article_published_time":"2021-06-12T09:45:32+00:00","article_modified_time":"2021-11-03T10:27:15+00:00","og_image":[{"width":800,"height":550,"url":"https:\/\/franciscanos.org.br\/noticias\/wp-content\/uploads\/2021\/06\/sagrado_12d.jpg","type":"image\/jpeg"}],"author":"moacir","twitter_card":"summary_large_image","twitter_misc":{"Escrito por":"moacir","Est. tempo de leitura":"6 minutos"},"schema":{"@context":"https:\/\/schema.org","@graph":[{"@type":"WebSite","@id":"https:\/\/franciscanos.org.br\/noticias\/#website","url":"https:\/\/franciscanos.org.br\/noticias\/","name":"Not\u00edcias - Franciscanos","description":"Prov\u00edncia Franciscana da Imaculada Concei\u00e7\u00e3o do Brasil - Ordem dos Frades Menores - OFM","potentialAction":[{"@type":"SearchAction","target":{"@type":"EntryPoint","urlTemplate":"https:\/\/franciscanos.org.br\/noticias\/?s={search_term_string}"},"query-input":"required name=search_term_string"}],"inLanguage":"pt-BR"},{"@type":"ImageObject","inLanguage":"pt-BR","@id":"https:\/\/franciscanos.org.br\/noticias\/dom-gregorio-que-o-nosso-coracao-pulse-no-mesmo-ritmo-do-sagrado-coracao-de-jesus.html#primaryimage","url":"https:\/\/franciscanos.org.br\/noticias\/wp-content\/uploads\/2021\/06\/sagrado_12d.jpg","contentUrl":"https:\/\/franciscanos.org.br\/noticias\/wp-content\/uploads\/2021\/06\/sagrado_12d.jpg","width":800,"height":550},{"@type":"WebPage","@id":"https:\/\/franciscanos.org.br\/noticias\/dom-gregorio-que-o-nosso-coracao-pulse-no-mesmo-ritmo-do-sagrado-coracao-de-jesus.html#webpage","url":"https:\/\/franciscanos.org.br\/noticias\/dom-gregorio-que-o-nosso-coracao-pulse-no-mesmo-ritmo-do-sagrado-coracao-de-jesus.html","name":"Dom Greg\u00f3rio: \u201cQue o nosso cora\u00e7\u00e3o pulse no mesmo ritmo do Sagrado Cora\u00e7\u00e3o de Jesus\u201d - Not\u00edcias - Franciscanos","isPartOf":{"@id":"https:\/\/franciscanos.org.br\/noticias\/#website"},"primaryImageOfPage":{"@id":"https:\/\/franciscanos.org.br\/noticias\/dom-gregorio-que-o-nosso-coracao-pulse-no-mesmo-ritmo-do-sagrado-coracao-de-jesus.html#primaryimage"},"datePublished":"2021-06-12T09:45:32+00:00","dateModified":"2021-11-03T10:27:15+00:00","author":{"@id":"https:\/\/franciscanos.org.br\/noticias\/#\/schema\/person\/b5c8cba458c330ccff548b056e95a5d4"},"breadcrumb":{"@id":"https:\/\/franciscanos.org.br\/noticias\/dom-gregorio-que-o-nosso-coracao-pulse-no-mesmo-ritmo-do-sagrado-coracao-de-jesus.html#breadcrumb"},"inLanguage":"pt-BR","potentialAction":[{"@type":"ReadAction","target":["https:\/\/franciscanos.org.br\/noticias\/dom-gregorio-que-o-nosso-coracao-pulse-no-mesmo-ritmo-do-sagrado-coracao-de-jesus.html"]}]},{"@type":"BreadcrumbList","@id":"https:\/\/franciscanos.org.br\/noticias\/dom-gregorio-que-o-nosso-coracao-pulse-no-mesmo-ritmo-do-sagrado-coracao-de-jesus.html#breadcrumb","itemListElement":[{"@type":"ListItem","position":1,"name":"Home","item":"https:\/\/franciscanos.org.br\/noticias"},{"@type":"ListItem","position":2,"name":"Dom Greg\u00f3rio: \u201cQue o nosso cora\u00e7\u00e3o pulse no mesmo ritmo do Sagrado Cora\u00e7\u00e3o de Jesus\u201d"}]},{"@type":"Person","@id":"https:\/\/franciscanos.org.br\/noticias\/#\/schema\/person\/b5c8cba458c330ccff548b056e95a5d4","name":"moacir","image":{"@type":"ImageObject","inLanguage":"pt-BR","@id":"https:\/\/franciscanos.org.br\/noticias\/#\/schema\/person\/image\/","url":"https:\/\/secure.gravatar.com\/avatar\/d08aa2ce4c8dd416d4479aa8536fcf64?s=96&d=mm&r=g","contentUrl":"https:\/\/secure.gravatar.com\/avatar\/d08aa2ce4c8dd416d4479aa8536fcf64?s=96&d=mm&r=g","caption":"moacir"},"url":"https:\/\/franciscanos.org.br\/noticias\/author\/moacir"}]}},"_links":{"self":[{"href":"https:\/\/franciscanos.org.br\/noticias\/wp-json\/wp\/v2\/posts\/232380"}],"collection":[{"href":"https:\/\/franciscanos.org.br\/noticias\/wp-json\/wp\/v2\/posts"}],"about":[{"href":"https:\/\/franciscanos.org.br\/noticias\/wp-json\/wp\/v2\/types\/post"}],"author":[{"embeddable":true,"href":"https:\/\/franciscanos.org.br\/noticias\/wp-json\/wp\/v2\/users\/3"}],"replies":[{"embeddable":true,"href":"https:\/\/franciscanos.org.br\/noticias\/wp-json\/wp\/v2\/comments?post=232380"}],"version-history":[{"count":1,"href":"https:\/\/franciscanos.org.br\/noticias\/wp-json\/wp\/v2\/posts\/232380\/revisions"}],"predecessor-version":[{"id":232388,"href":"https:\/\/franciscanos.org.br\/noticias\/wp-json\/wp\/v2\/posts\/232380\/revisions\/232388"}],"wp:featuredmedia":[{"embeddable":true,"href":"https:\/\/franciscanos.org.br\/noticias\/wp-json\/wp\/v2\/media\/232387"}],"wp:attachment":[{"href":"https:\/\/franciscanos.org.br\/noticias\/wp-json\/wp\/v2\/media?parent=232380"}],"wp:term":[{"taxonomy":"category","embeddable":true,"href":"https:\/\/franciscanos.org.br\/noticias\/wp-json\/wp\/v2\/categories?post=232380"},{"taxonomy":"post_tag","embeddable":true,"href":"https:\/\/franciscanos.org.br\/noticias\/wp-json\/wp\/v2\/tags?post=232380"}],"curies":[{"name":"wp","href":"https:\/\/api.w.org\/{rel}","templated":true}]}}