{"id":232375,"date":"2021-06-11T08:04:19","date_gmt":"2021-06-11T11:04:19","guid":{"rendered":"https:\/\/franciscanos.org.br\/noticias\/?p=232375"},"modified":"2021-06-14T10:16:26","modified_gmt":"2021-06-14T13:16:26","slug":"coral-dos-canarinhos-da-as-boas-vindas-a-onze-novos-integrantes-neste-sabado","status":"publish","type":"post","link":"https:\/\/franciscanos.org.br\/noticias\/coral-dos-canarinhos-da-as-boas-vindas-a-onze-novos-integrantes-neste-sabado.html","title":{"rendered":"Coral dos Canarinhos d\u00e1 as boas-vindas a onze novos integrantes"},"content":{"rendered":"<p><strong><img loading=\"lazy\" class=\"alignnone wp-image-232376 size-full\" src=\"https:\/\/franciscanos.org.br\/noticias\/wp-content\/uploads\/2021\/06\/canarinhos_01.jpg\" alt=\"\" width=\"1280\" height=\"720\" srcset=\"https:\/\/franciscanos.org.br\/noticias\/wp-content\/uploads\/2021\/06\/canarinhos_01.jpg 1280w, https:\/\/franciscanos.org.br\/noticias\/wp-content\/uploads\/2021\/06\/canarinhos_01-450x253.jpg 450w, https:\/\/franciscanos.org.br\/noticias\/wp-content\/uploads\/2021\/06\/canarinhos_01-1024x576.jpg 1024w, https:\/\/franciscanos.org.br\/noticias\/wp-content\/uploads\/2021\/06\/canarinhos_01-768x432.jpg 768w, https:\/\/franciscanos.org.br\/noticias\/wp-content\/uploads\/2021\/06\/canarinhos_01-150x84.jpg 150w\" sizes=\"(max-width: 1280px) 100vw, 1280px\" \/><\/strong>Aconteceu neste s\u00e1bado (12\/06), \u00e0s 10 horas, na Igreja do Sagrado Cora\u00e7\u00e3o de Jesus, a tradicional cerim\u00f4nia de investidura dos novos integrantes do Coral dos Canarinhos de Petr\u00f3polis. O evento, realizado h\u00e1 mais de 50 anos, foi de maneira adaptada em raz\u00e3o da pandemia com transmiss\u00e3o ao vivo tanto pelo <a href=\"https:\/\/www.facebook.com\/canarinhosdepetropolis\">Facebook<\/a>, quanto pelo <a href=\"https:\/\/www.youtube.com\/user\/coraldoscanarinhos\">YouTube dos Canarinhos<\/a>.<\/p>\n<p>Ao todo, 11 meninos foram, oficialmente, recebidos pelo Instituto dos Meninos Cantores de Petr\u00f3polis. Preparados, ao longo de 2020, como parte do programa Ponto de Cultura Aprendiz de Canarinho, os coralistas tiveram na cerim\u00f4nia de investidura o esperado ponto de partida para uma jornada de ainda mais ensinamentos como parte do coro, que passa a contar com 62 membros.<\/p>\n<p>J\u00e1 tradicional dentro dos Canarinhos, a investidura \u00e9 marcada pela b\u00ean\u00e7\u00e3o e entrega das vestes e pasta para cada novo coralista. Como descreve Marco Aur\u00e9lio Lischt, diretor art\u00edstico do IMCP, maestro do Coral dos Meninos Canarinhos e ex-coralista da institui\u00e7\u00e3o, o momento fica marcado na mem\u00f3ria e \u00e9 cap\u00edtulo fundamental na vida dos rapazes que passam pelo coral.<\/p>\n<p>\u201cMe lembro perfeitamente da minha cerim\u00f4nia de investidura. \u00c9ramos 18 meninos recebidos naquela \u00e9poca, em 1976. Para a gente \u00e9 a simboliza\u00e7\u00e3o da realiza\u00e7\u00e3o de um sonho. Depois de um per\u00edodo de prepara\u00e7\u00e3o a gente, oficialmente, \u00e9 aceito no coro e isso \u00e9 mais do que um sonho. Todo mundo que passou por isso, com certeza, tem esse momento na lembran\u00e7a\u201d, descreve Marco Aur\u00e9lio Lischt.<\/p>\n<p>A exemplo da cerim\u00f4nia de investidura do Coral das Meninas, o evento, em fun\u00e7\u00e3o da Covid-19, foi realizado em hor\u00e1rio diferenciado e com redu\u00e7\u00e3o de p\u00fablico, sendo restrito \u00e0 presen\u00e7a dos pais e coralistas. O trabalho do Instituto dos Meninos Cantores de Petr\u00f3polis pode ser acompanhado pelo <a href=\"https:\/\/www.facebook.com\/canarinhosdepetropolis\">Facebook (Canarinhos de Petr\u00f3polis)<\/a>, <a href=\"https:\/\/www.youtube.com\/user\/coraldoscanarinhos\">YouTube (Coral dos Canarinhos de Petr\u00f3polis)<\/a> e <a href=\"https:\/\/www.instagram.com\/coraldoscanarinhos\/\">Instagram (coraldoscanarinhos).<\/a><\/p>\n<p><iframe loading=\"lazy\" title=\"YouTube video player\" src=\"https:\/\/www.youtube.com\/embed\/rq4fARCVD-8\" width=\"100%\" height=\"480\" frameborder=\"0\" allowfullscreen=\"allowfullscreen\"><span data-mce-type=\"bookmark\" style=\"display: inline-block; width: 0px; overflow: hidden; line-height: 0;\" class=\"mce_SELRES_start\">\ufeff<\/span><\/iframe><\/p>\n","protected":false},"excerpt":{"rendered":"<p>Instituto dos Meninos Cantores de Petr\u00f3polis<\/p>\n","protected":false},"author":3,"featured_media":232377,"comment_status":"open","ping_status":"open","sticky":false,"template":"","format":"standard","meta":[],"categories":[1],"tags":[1378],"acf":[],"yoast_head":"<!-- This site is optimized with the Yoast SEO plugin v19.2 - https:\/\/yoast.com\/wordpress\/plugins\/seo\/ -->\n<title>Coral dos Canarinhos d\u00e1 as boas-vindas a onze novos integrantes - Not\u00edcias - Franciscanos<\/title>\n<meta name=\"robots\" content=\"index, follow, max-snippet:-1, max-image-preview:large, max-video-preview:-1\" \/>\n<link rel=\"canonical\" href=\"https:\/\/franciscanos.org.br\/noticias\/coral-dos-canarinhos-da-as-boas-vindas-a-onze-novos-integrantes-neste-sabado.html\" \/>\n<meta property=\"og:locale\" content=\"pt_BR\" \/>\n<meta property=\"og:type\" content=\"article\" \/>\n<meta property=\"og:title\" content=\"Coral dos Canarinhos d\u00e1 as boas-vindas a onze novos integrantes - Not\u00edcias - Franciscanos\" \/>\n<meta property=\"og:description\" content=\"Instituto dos Meninos Cantores de Petr\u00f3polis\" \/>\n<meta property=\"og:url\" content=\"https:\/\/franciscanos.org.br\/noticias\/coral-dos-canarinhos-da-as-boas-vindas-a-onze-novos-integrantes-neste-sabado.html\" \/>\n<meta property=\"og:site_name\" content=\"Not\u00edcias - Franciscanos\" \/>\n<meta property=\"article:published_time\" content=\"2021-06-11T11:04:19+00:00\" \/>\n<meta property=\"article:modified_time\" content=\"2021-06-14T13:16:26+00:00\" \/>\n<meta property=\"og:image\" content=\"https:\/\/franciscanos.org.br\/noticias\/wp-content\/uploads\/2021\/06\/canarinhos_01d.jpg\" \/>\n\t<meta property=\"og:image:width\" content=\"800\" \/>\n\t<meta property=\"og:image:height\" content=\"550\" \/>\n\t<meta property=\"og:image:type\" content=\"image\/jpeg\" \/>\n<meta name=\"author\" content=\"moacir\" \/>\n<meta name=\"twitter:card\" content=\"summary_large_image\" \/>\n<meta name=\"twitter:label1\" content=\"Escrito por\" \/>\n\t<meta name=\"twitter:data1\" content=\"moacir\" \/>\n\t<meta name=\"twitter:label2\" content=\"Est. tempo de leitura\" \/>\n\t<meta name=\"twitter:data2\" content=\"2 minutos\" \/>\n<script type=\"application\/ld+json\" class=\"yoast-schema-graph\">{\"@context\":\"https:\/\/schema.org\",\"@graph\":[{\"@type\":\"WebSite\",\"@id\":\"https:\/\/franciscanos.org.br\/noticias\/#website\",\"url\":\"https:\/\/franciscanos.org.br\/noticias\/\",\"name\":\"Not\u00edcias - Franciscanos\",\"description\":\"Prov\u00edncia Franciscana da Imaculada Concei\u00e7\u00e3o do Brasil - Ordem dos Frades Menores - OFM\",\"potentialAction\":[{\"@type\":\"SearchAction\",\"target\":{\"@type\":\"EntryPoint\",\"urlTemplate\":\"https:\/\/franciscanos.org.br\/noticias\/?s={search_term_string}\"},\"query-input\":\"required name=search_term_string\"}],\"inLanguage\":\"pt-BR\"},{\"@type\":\"ImageObject\",\"inLanguage\":\"pt-BR\",\"@id\":\"https:\/\/franciscanos.org.br\/noticias\/coral-dos-canarinhos-da-as-boas-vindas-a-onze-novos-integrantes-neste-sabado.html#primaryimage\",\"url\":\"https:\/\/franciscanos.org.br\/noticias\/wp-content\/uploads\/2021\/06\/canarinhos_01d.jpg\",\"contentUrl\":\"https:\/\/franciscanos.org.br\/noticias\/wp-content\/uploads\/2021\/06\/canarinhos_01d.jpg\",\"width\":800,\"height\":550},{\"@type\":\"WebPage\",\"@id\":\"https:\/\/franciscanos.org.br\/noticias\/coral-dos-canarinhos-da-as-boas-vindas-a-onze-novos-integrantes-neste-sabado.html#webpage\",\"url\":\"https:\/\/franciscanos.org.br\/noticias\/coral-dos-canarinhos-da-as-boas-vindas-a-onze-novos-integrantes-neste-sabado.html\",\"name\":\"Coral dos Canarinhos d\u00e1 as boas-vindas a onze novos integrantes - Not\u00edcias - Franciscanos\",\"isPartOf\":{\"@id\":\"https:\/\/franciscanos.org.br\/noticias\/#website\"},\"primaryImageOfPage\":{\"@id\":\"https:\/\/franciscanos.org.br\/noticias\/coral-dos-canarinhos-da-as-boas-vindas-a-onze-novos-integrantes-neste-sabado.html#primaryimage\"},\"datePublished\":\"2021-06-11T11:04:19+00:00\",\"dateModified\":\"2021-06-14T13:16:26+00:00\",\"author\":{\"@id\":\"https:\/\/franciscanos.org.br\/noticias\/#\/schema\/person\/b5c8cba458c330ccff548b056e95a5d4\"},\"breadcrumb\":{\"@id\":\"https:\/\/franciscanos.org.br\/noticias\/coral-dos-canarinhos-da-as-boas-vindas-a-onze-novos-integrantes-neste-sabado.html#breadcrumb\"},\"inLanguage\":\"pt-BR\",\"potentialAction\":[{\"@type\":\"ReadAction\",\"target\":[\"https:\/\/franciscanos.org.br\/noticias\/coral-dos-canarinhos-da-as-boas-vindas-a-onze-novos-integrantes-neste-sabado.html\"]}]},{\"@type\":\"BreadcrumbList\",\"@id\":\"https:\/\/franciscanos.org.br\/noticias\/coral-dos-canarinhos-da-as-boas-vindas-a-onze-novos-integrantes-neste-sabado.html#breadcrumb\",\"itemListElement\":[{\"@type\":\"ListItem\",\"position\":1,\"name\":\"Home\",\"item\":\"https:\/\/franciscanos.org.br\/noticias\"},{\"@type\":\"ListItem\",\"position\":2,\"name\":\"Coral dos Canarinhos d\u00e1 as boas-vindas a onze novos integrantes\"}]},{\"@type\":\"Person\",\"@id\":\"https:\/\/franciscanos.org.br\/noticias\/#\/schema\/person\/b5c8cba458c330ccff548b056e95a5d4\",\"name\":\"moacir\",\"image\":{\"@type\":\"ImageObject\",\"inLanguage\":\"pt-BR\",\"@id\":\"https:\/\/franciscanos.org.br\/noticias\/#\/schema\/person\/image\/\",\"url\":\"https:\/\/secure.gravatar.com\/avatar\/d08aa2ce4c8dd416d4479aa8536fcf64?s=96&d=mm&r=g\",\"contentUrl\":\"https:\/\/secure.gravatar.com\/avatar\/d08aa2ce4c8dd416d4479aa8536fcf64?s=96&d=mm&r=g\",\"caption\":\"moacir\"},\"url\":\"https:\/\/franciscanos.org.br\/noticias\/author\/moacir\"}]}<\/script>\n<!-- \/ Yoast SEO plugin. -->","yoast_head_json":{"title":"Coral dos Canarinhos d\u00e1 as boas-vindas a onze novos integrantes - Not\u00edcias - Franciscanos","robots":{"index":"index","follow":"follow","max-snippet":"max-snippet:-1","max-image-preview":"max-image-preview:large","max-video-preview":"max-video-preview:-1"},"canonical":"https:\/\/franciscanos.org.br\/noticias\/coral-dos-canarinhos-da-as-boas-vindas-a-onze-novos-integrantes-neste-sabado.html","og_locale":"pt_BR","og_type":"article","og_title":"Coral dos Canarinhos d\u00e1 as boas-vindas a onze novos integrantes - Not\u00edcias - Franciscanos","og_description":"Instituto dos Meninos Cantores de Petr\u00f3polis","og_url":"https:\/\/franciscanos.org.br\/noticias\/coral-dos-canarinhos-da-as-boas-vindas-a-onze-novos-integrantes-neste-sabado.html","og_site_name":"Not\u00edcias - Franciscanos","article_published_time":"2021-06-11T11:04:19+00:00","article_modified_time":"2021-06-14T13:16:26+00:00","og_image":[{"width":800,"height":550,"url":"https:\/\/franciscanos.org.br\/noticias\/wp-content\/uploads\/2021\/06\/canarinhos_01d.jpg","type":"image\/jpeg"}],"author":"moacir","twitter_card":"summary_large_image","twitter_misc":{"Escrito por":"moacir","Est. tempo de leitura":"2 minutos"},"schema":{"@context":"https:\/\/schema.org","@graph":[{"@type":"WebSite","@id":"https:\/\/franciscanos.org.br\/noticias\/#website","url":"https:\/\/franciscanos.org.br\/noticias\/","name":"Not\u00edcias - Franciscanos","description":"Prov\u00edncia Franciscana da Imaculada Concei\u00e7\u00e3o do Brasil - Ordem dos Frades Menores - OFM","potentialAction":[{"@type":"SearchAction","target":{"@type":"EntryPoint","urlTemplate":"https:\/\/franciscanos.org.br\/noticias\/?s={search_term_string}"},"query-input":"required name=search_term_string"}],"inLanguage":"pt-BR"},{"@type":"ImageObject","inLanguage":"pt-BR","@id":"https:\/\/franciscanos.org.br\/noticias\/coral-dos-canarinhos-da-as-boas-vindas-a-onze-novos-integrantes-neste-sabado.html#primaryimage","url":"https:\/\/franciscanos.org.br\/noticias\/wp-content\/uploads\/2021\/06\/canarinhos_01d.jpg","contentUrl":"https:\/\/franciscanos.org.br\/noticias\/wp-content\/uploads\/2021\/06\/canarinhos_01d.jpg","width":800,"height":550},{"@type":"WebPage","@id":"https:\/\/franciscanos.org.br\/noticias\/coral-dos-canarinhos-da-as-boas-vindas-a-onze-novos-integrantes-neste-sabado.html#webpage","url":"https:\/\/franciscanos.org.br\/noticias\/coral-dos-canarinhos-da-as-boas-vindas-a-onze-novos-integrantes-neste-sabado.html","name":"Coral dos Canarinhos d\u00e1 as boas-vindas a onze novos integrantes - Not\u00edcias - Franciscanos","isPartOf":{"@id":"https:\/\/franciscanos.org.br\/noticias\/#website"},"primaryImageOfPage":{"@id":"https:\/\/franciscanos.org.br\/noticias\/coral-dos-canarinhos-da-as-boas-vindas-a-onze-novos-integrantes-neste-sabado.html#primaryimage"},"datePublished":"2021-06-11T11:04:19+00:00","dateModified":"2021-06-14T13:16:26+00:00","author":{"@id":"https:\/\/franciscanos.org.br\/noticias\/#\/schema\/person\/b5c8cba458c330ccff548b056e95a5d4"},"breadcrumb":{"@id":"https:\/\/franciscanos.org.br\/noticias\/coral-dos-canarinhos-da-as-boas-vindas-a-onze-novos-integrantes-neste-sabado.html#breadcrumb"},"inLanguage":"pt-BR","potentialAction":[{"@type":"ReadAction","target":["https:\/\/franciscanos.org.br\/noticias\/coral-dos-canarinhos-da-as-boas-vindas-a-onze-novos-integrantes-neste-sabado.html"]}]},{"@type":"BreadcrumbList","@id":"https:\/\/franciscanos.org.br\/noticias\/coral-dos-canarinhos-da-as-boas-vindas-a-onze-novos-integrantes-neste-sabado.html#breadcrumb","itemListElement":[{"@type":"ListItem","position":1,"name":"Home","item":"https:\/\/franciscanos.org.br\/noticias"},{"@type":"ListItem","position":2,"name":"Coral dos Canarinhos d\u00e1 as boas-vindas a onze novos integrantes"}]},{"@type":"Person","@id":"https:\/\/franciscanos.org.br\/noticias\/#\/schema\/person\/b5c8cba458c330ccff548b056e95a5d4","name":"moacir","image":{"@type":"ImageObject","inLanguage":"pt-BR","@id":"https:\/\/franciscanos.org.br\/noticias\/#\/schema\/person\/image\/","url":"https:\/\/secure.gravatar.com\/avatar\/d08aa2ce4c8dd416d4479aa8536fcf64?s=96&d=mm&r=g","contentUrl":"https:\/\/secure.gravatar.com\/avatar\/d08aa2ce4c8dd416d4479aa8536fcf64?s=96&d=mm&r=g","caption":"moacir"},"url":"https:\/\/franciscanos.org.br\/noticias\/author\/moacir"}]}},"_links":{"self":[{"href":"https:\/\/franciscanos.org.br\/noticias\/wp-json\/wp\/v2\/posts\/232375"}],"collection":[{"href":"https:\/\/franciscanos.org.br\/noticias\/wp-json\/wp\/v2\/posts"}],"about":[{"href":"https:\/\/franciscanos.org.br\/noticias\/wp-json\/wp\/v2\/types\/post"}],"author":[{"embeddable":true,"href":"https:\/\/franciscanos.org.br\/noticias\/wp-json\/wp\/v2\/users\/3"}],"replies":[{"embeddable":true,"href":"https:\/\/franciscanos.org.br\/noticias\/wp-json\/wp\/v2\/comments?post=232375"}],"version-history":[{"count":6,"href":"https:\/\/franciscanos.org.br\/noticias\/wp-json\/wp\/v2\/posts\/232375\/revisions"}],"predecessor-version":[{"id":232497,"href":"https:\/\/franciscanos.org.br\/noticias\/wp-json\/wp\/v2\/posts\/232375\/revisions\/232497"}],"wp:featuredmedia":[{"embeddable":true,"href":"https:\/\/franciscanos.org.br\/noticias\/wp-json\/wp\/v2\/media\/232377"}],"wp:attachment":[{"href":"https:\/\/franciscanos.org.br\/noticias\/wp-json\/wp\/v2\/media?parent=232375"}],"wp:term":[{"taxonomy":"category","embeddable":true,"href":"https:\/\/franciscanos.org.br\/noticias\/wp-json\/wp\/v2\/categories?post=232375"},{"taxonomy":"post_tag","embeddable":true,"href":"https:\/\/franciscanos.org.br\/noticias\/wp-json\/wp\/v2\/tags?post=232375"}],"curies":[{"name":"wp","href":"https:\/\/api.w.org\/{rel}","templated":true}]}}