{"id":232372,"date":"2021-06-10T16:19:32","date_gmt":"2021-06-10T19:19:32","guid":{"rendered":"https:\/\/franciscanos.org.br\/noticias\/?p=232372"},"modified":"2021-06-10T16:19:32","modified_gmt":"2021-06-10T19:19:32","slug":"papa-aos-formadores-sejam-para-seus-seminaristas-o-que-jose-foi-para-jesus","status":"publish","type":"post","link":"https:\/\/franciscanos.org.br\/noticias\/papa-aos-formadores-sejam-para-seus-seminaristas-o-que-jose-foi-para-jesus.html","title":{"rendered":"Papa aos formadores: sejam para seus seminaristas o que Jos\u00e9 foi para Jesus"},"content":{"rendered":"<div id=\"attachment_232373\" style=\"width: 900px\" class=\"wp-caption alignnone\"><img aria-describedby=\"caption-attachment-232373\" loading=\"lazy\" class=\"wp-image-232373 size-full\" src=\"https:\/\/franciscanos.org.br\/noticias\/wp-content\/uploads\/2021\/06\/papa_10.jpg\" alt=\"\" width=\"890\" height=\"501\" srcset=\"https:\/\/franciscanos.org.br\/noticias\/wp-content\/uploads\/2021\/06\/papa_10.jpg 890w, https:\/\/franciscanos.org.br\/noticias\/wp-content\/uploads\/2021\/06\/papa_10-450x253.jpg 450w, https:\/\/franciscanos.org.br\/noticias\/wp-content\/uploads\/2021\/06\/papa_10-768x432.jpg 768w, https:\/\/franciscanos.org.br\/noticias\/wp-content\/uploads\/2021\/06\/papa_10-150x84.jpg 150w\" sizes=\"(max-width: 890px) 100vw, 890px\" \/><p id=\"caption-attachment-232373\" class=\"wp-caption-text\">Imagem: Vatican Media<\/p><\/div>\n<p>O Papa Francisco recebeu em audi\u00eancia, nesta quinta-feira (10\/06), na Sala Clementina, no Vaticano, alguns membros da Comunidade do Pontif\u00edcio Semin\u00e1rio Regional Marchigiano Pio XI de Ancona.<\/p>\n<h2>S\u00e3o Jos\u00e9, modelo para os formadores<\/h2>\n<p>Em seu discurso, o Pont\u00edfice enfatizou o tema da voca\u00e7\u00e3o, inspirada na pessoa de S\u00e3o Jos\u00e9, ao qual foi dedicado um Ano especial, e ao chamado de Deus. Segundo o Papa, o sacerdote \u00e9 um disc\u00edpulo que caminha continuamente nas pegadas do Mestre. &#8220;Por isso, a sua forma\u00e7\u00e3o \u00e9 um processo em evolu\u00e7\u00e3o, iniciado na fam\u00edlia, que depois prossegue na par\u00f3quia, consolidando-se no semin\u00e1rio e que dura por toda a vida. A figura de S\u00e3o Jos\u00e9 \u00e9 o modelo mais bonito ao qual os seus formadores s\u00e3o chamados a se inspirar a fim de proteger e cuidar de sua voca\u00e7\u00e3o&#8221;, frisou o Papa, convidando os formadores a serem para seus seminaristas o que Jos\u00e9 foi para Jesus.<\/p>\n<p><i>Que eles aprendam mais com sua vida do que com suas palavras, como aconteceu na casa de Nazar\u00e9, onde Jesus se formou na escola da &#8220;coragem criativa&#8221; de Jos\u00e9. Que aprendam a docilidade de sua obedi\u00eancia; a laboriosidade de sua dedica\u00e7\u00e3o; a generosidade para com os pobres a partir do testemunho de sua sobriedade e disponibilidade; a paternidade gra\u00e7as ao seu afeto vivo e casto.<\/i><\/p>\n<h2>Comunicar palavras de vida<\/h2>\n<p>A seguir, o Papa se dirigiu aos seminaristas, aos quais a Igreja pede para seguir o exemplo de Jesus que se deixa educar docilmente por Jos\u00e9.<\/p>\n<p><i>Que o Semin\u00e1rio para voc\u00eas tamb\u00e9m seja como a casa de Nazar\u00e9, onde o Filho de Deus aprendeu de seus pais a humanidade e a proximidade. N\u00e3o se contentem em ser h\u00e1beis em utilizar as redes sociais e a m\u00eddia para se comunicar. Somente transformados pela Palavra de Deus voc\u00eas poder\u00e3o comunicar palavras de vida. O mundo est\u00e1 sedento de sacerdotes capazes de comunicar a bondade do Senhor a quem experimentou o pecado e o fracasso, de sacerdotes especialistas em humanidade, de pastores dispostos a partilhar as alegrias e as fadigas de seus irm\u00e3os e irm\u00e3s, de homens que se deixam marcar pelo grito daqueles que sofrem.<\/i><\/p>\n<h2>Dimens\u00f5es da forma\u00e7\u00e3o<\/h2>\n<p>Por fim, o Papa sugeriu algumas ideias sobre as quatro dimens\u00f5es da forma\u00e7\u00e3o:\u00a0<b>humana, espiritual, intelectual e pastoral<\/b>.<\/p>\n<p>Forma\u00e7\u00e3o\u00a0<b>humana<\/b>. Francisco os exortou a n\u00e3o se distanciarem de sua humanidade, a n\u00e3o deixarem &#8220;fora da porta do Semin\u00e1rio a complexidade de seu mundo interior, seus sentimentos e afetividade&#8221;. &#8220;N\u00e3o se fechem quando viverem um momento de crise ou fraqueza. Abram-se com toda sinceridade a seus formadores, lutando contra toda forma de falsidade interior. Cultivem rela\u00e7\u00f5es limpas, alegres e libertadoras.&#8221;<b><i><\/i><\/b><\/p>\n<p><b>Espiritual.<\/b>\u00a0&#8220;A ora\u00e7\u00e3o n\u00e3o deve ser ritualismo, mas ocasi\u00e3o de encontro pessoal com Deus, de di\u00e1logo e intimidade com Ele. Tomem cuidado para que a liturgia e a ora\u00e7\u00e3o comunit\u00e1ria n\u00e3o se tornem uma celebra\u00e7\u00e3o de n\u00f3s mesmos. Enrique\u00e7am a ora\u00e7\u00e3o de rostos, e se sintam desde agora intercessores pelo mundo&#8221;, frisou o Papa.<\/p>\n<p><b>Intelectual<\/b>. &#8220;Que o estudo os ajude a entrar com consci\u00eancia e compet\u00eancia na complexidade da cultura e do pensamento contempor\u00e2neo, a n\u00e3o terem medo disso, a n\u00e3o serem hostis a ele. \u00c9 a\u00ed que a sabedoria do Evangelho deve ser encarnada. O desafio da miss\u00e3o que os espera exige, hoje mais do que nunca, compet\u00eancia e prepara\u00e7\u00e3o.&#8221;<\/p>\n<p>Por fim, &#8220;a forma\u00e7\u00e3o\u00a0<b>pastoral<\/b>\u00a0deve encoraj\u00e1-los a ir com entusiasmo ao encontro das pessoas. Torna-se sacerdote para servir o Povo de Deus, para cuidar das feridas de todos, especialmente dos pobres. Disponibilidade aos outros: esta \u00e9 a prova certa do seu sim a Deus, e nada de clericalismo. Ser disc\u00edpulos de Jesus significa libertar-se de si mesmos e conformar-se aos seus sentimentos, \u00c0quele que veio &#8220;n\u00e3o para ser servido, mas para servir&#8221;.<\/p>\n<hr \/>\n<p><em>Fonte: Vatican News (texto de Mariangela Jaguraba)<\/em><\/p>\n","protected":false},"excerpt":{"rendered":"<p>Audi\u00eancia Papal<\/p>\n","protected":false},"author":3,"featured_media":0,"comment_status":"open","ping_status":"open","sticky":false,"template":"","format":"standard","meta":[],"categories":[1428],"tags":[55],"acf":[],"yoast_head":"<!-- This site is optimized with the Yoast SEO plugin v19.2 - https:\/\/yoast.com\/wordpress\/plugins\/seo\/ -->\n<title>Papa aos formadores: sejam para seus seminaristas o que Jos\u00e9 foi para Jesus - Not\u00edcias - Franciscanos<\/title>\n<meta name=\"robots\" content=\"index, follow, max-snippet:-1, max-image-preview:large, max-video-preview:-1\" \/>\n<link rel=\"canonical\" href=\"https:\/\/franciscanos.org.br\/noticias\/papa-aos-formadores-sejam-para-seus-seminaristas-o-que-jose-foi-para-jesus.html\" \/>\n<meta property=\"og:locale\" content=\"pt_BR\" \/>\n<meta property=\"og:type\" content=\"article\" \/>\n<meta property=\"og:title\" content=\"Papa aos formadores: sejam para seus seminaristas o que Jos\u00e9 foi para Jesus - Not\u00edcias - Franciscanos\" \/>\n<meta property=\"og:description\" content=\"Audi\u00eancia Papal\" \/>\n<meta property=\"og:url\" content=\"https:\/\/franciscanos.org.br\/noticias\/papa-aos-formadores-sejam-para-seus-seminaristas-o-que-jose-foi-para-jesus.html\" \/>\n<meta property=\"og:site_name\" content=\"Not\u00edcias - Franciscanos\" \/>\n<meta property=\"article:published_time\" content=\"2021-06-10T19:19:32+00:00\" \/>\n<meta property=\"og:image\" content=\"https:\/\/franciscanos.org.br\/noticias\/wp-content\/uploads\/2021\/06\/papa_10.jpg\" \/>\n<meta name=\"author\" content=\"moacir\" \/>\n<meta name=\"twitter:card\" content=\"summary_large_image\" \/>\n<meta name=\"twitter:label1\" content=\"Escrito por\" \/>\n\t<meta name=\"twitter:data1\" content=\"moacir\" \/>\n\t<meta name=\"twitter:label2\" content=\"Est. tempo de leitura\" \/>\n\t<meta name=\"twitter:data2\" content=\"3 minutos\" \/>\n<script type=\"application\/ld+json\" class=\"yoast-schema-graph\">{\"@context\":\"https:\/\/schema.org\",\"@graph\":[{\"@type\":\"WebSite\",\"@id\":\"https:\/\/franciscanos.org.br\/noticias\/#website\",\"url\":\"https:\/\/franciscanos.org.br\/noticias\/\",\"name\":\"Not\u00edcias - Franciscanos\",\"description\":\"Prov\u00edncia Franciscana da Imaculada Concei\u00e7\u00e3o do Brasil - Ordem dos Frades Menores - OFM\",\"potentialAction\":[{\"@type\":\"SearchAction\",\"target\":{\"@type\":\"EntryPoint\",\"urlTemplate\":\"https:\/\/franciscanos.org.br\/noticias\/?s={search_term_string}\"},\"query-input\":\"required name=search_term_string\"}],\"inLanguage\":\"pt-BR\"},{\"@type\":\"ImageObject\",\"inLanguage\":\"pt-BR\",\"@id\":\"https:\/\/franciscanos.org.br\/noticias\/papa-aos-formadores-sejam-para-seus-seminaristas-o-que-jose-foi-para-jesus.html#primaryimage\",\"url\":\"https:\/\/franciscanos.org.br\/noticias\/wp-content\/uploads\/2021\/06\/papa_10.jpg\",\"contentUrl\":\"https:\/\/franciscanos.org.br\/noticias\/wp-content\/uploads\/2021\/06\/papa_10.jpg\",\"width\":890,\"height\":501},{\"@type\":\"WebPage\",\"@id\":\"https:\/\/franciscanos.org.br\/noticias\/papa-aos-formadores-sejam-para-seus-seminaristas-o-que-jose-foi-para-jesus.html#webpage\",\"url\":\"https:\/\/franciscanos.org.br\/noticias\/papa-aos-formadores-sejam-para-seus-seminaristas-o-que-jose-foi-para-jesus.html\",\"name\":\"Papa aos formadores: sejam para seus seminaristas o que Jos\u00e9 foi para Jesus - Not\u00edcias - Franciscanos\",\"isPartOf\":{\"@id\":\"https:\/\/franciscanos.org.br\/noticias\/#website\"},\"primaryImageOfPage\":{\"@id\":\"https:\/\/franciscanos.org.br\/noticias\/papa-aos-formadores-sejam-para-seus-seminaristas-o-que-jose-foi-para-jesus.html#primaryimage\"},\"datePublished\":\"2021-06-10T19:19:32+00:00\",\"dateModified\":\"2021-06-10T19:19:32+00:00\",\"author\":{\"@id\":\"https:\/\/franciscanos.org.br\/noticias\/#\/schema\/person\/b5c8cba458c330ccff548b056e95a5d4\"},\"breadcrumb\":{\"@id\":\"https:\/\/franciscanos.org.br\/noticias\/papa-aos-formadores-sejam-para-seus-seminaristas-o-que-jose-foi-para-jesus.html#breadcrumb\"},\"inLanguage\":\"pt-BR\",\"potentialAction\":[{\"@type\":\"ReadAction\",\"target\":[\"https:\/\/franciscanos.org.br\/noticias\/papa-aos-formadores-sejam-para-seus-seminaristas-o-que-jose-foi-para-jesus.html\"]}]},{\"@type\":\"BreadcrumbList\",\"@id\":\"https:\/\/franciscanos.org.br\/noticias\/papa-aos-formadores-sejam-para-seus-seminaristas-o-que-jose-foi-para-jesus.html#breadcrumb\",\"itemListElement\":[{\"@type\":\"ListItem\",\"position\":1,\"name\":\"Home\",\"item\":\"https:\/\/franciscanos.org.br\/noticias\"},{\"@type\":\"ListItem\",\"position\":2,\"name\":\"Papa aos formadores: sejam para seus seminaristas o que Jos\u00e9 foi para Jesus\"}]},{\"@type\":\"Person\",\"@id\":\"https:\/\/franciscanos.org.br\/noticias\/#\/schema\/person\/b5c8cba458c330ccff548b056e95a5d4\",\"name\":\"moacir\",\"image\":{\"@type\":\"ImageObject\",\"inLanguage\":\"pt-BR\",\"@id\":\"https:\/\/franciscanos.org.br\/noticias\/#\/schema\/person\/image\/\",\"url\":\"https:\/\/secure.gravatar.com\/avatar\/d08aa2ce4c8dd416d4479aa8536fcf64?s=96&d=mm&r=g\",\"contentUrl\":\"https:\/\/secure.gravatar.com\/avatar\/d08aa2ce4c8dd416d4479aa8536fcf64?s=96&d=mm&r=g\",\"caption\":\"moacir\"},\"url\":\"https:\/\/franciscanos.org.br\/noticias\/author\/moacir\"}]}<\/script>\n<!-- \/ Yoast SEO plugin. -->","yoast_head_json":{"title":"Papa aos formadores: sejam para seus seminaristas o que Jos\u00e9 foi para Jesus - Not\u00edcias - Franciscanos","robots":{"index":"index","follow":"follow","max-snippet":"max-snippet:-1","max-image-preview":"max-image-preview:large","max-video-preview":"max-video-preview:-1"},"canonical":"https:\/\/franciscanos.org.br\/noticias\/papa-aos-formadores-sejam-para-seus-seminaristas-o-que-jose-foi-para-jesus.html","og_locale":"pt_BR","og_type":"article","og_title":"Papa aos formadores: sejam para seus seminaristas o que Jos\u00e9 foi para Jesus - Not\u00edcias - Franciscanos","og_description":"Audi\u00eancia Papal","og_url":"https:\/\/franciscanos.org.br\/noticias\/papa-aos-formadores-sejam-para-seus-seminaristas-o-que-jose-foi-para-jesus.html","og_site_name":"Not\u00edcias - Franciscanos","article_published_time":"2021-06-10T19:19:32+00:00","og_image":[{"url":"https:\/\/franciscanos.org.br\/noticias\/wp-content\/uploads\/2021\/06\/papa_10.jpg"}],"author":"moacir","twitter_card":"summary_large_image","twitter_misc":{"Escrito por":"moacir","Est. tempo de leitura":"3 minutos"},"schema":{"@context":"https:\/\/schema.org","@graph":[{"@type":"WebSite","@id":"https:\/\/franciscanos.org.br\/noticias\/#website","url":"https:\/\/franciscanos.org.br\/noticias\/","name":"Not\u00edcias - Franciscanos","description":"Prov\u00edncia Franciscana da Imaculada Concei\u00e7\u00e3o do Brasil - Ordem dos Frades Menores - OFM","potentialAction":[{"@type":"SearchAction","target":{"@type":"EntryPoint","urlTemplate":"https:\/\/franciscanos.org.br\/noticias\/?s={search_term_string}"},"query-input":"required name=search_term_string"}],"inLanguage":"pt-BR"},{"@type":"ImageObject","inLanguage":"pt-BR","@id":"https:\/\/franciscanos.org.br\/noticias\/papa-aos-formadores-sejam-para-seus-seminaristas-o-que-jose-foi-para-jesus.html#primaryimage","url":"https:\/\/franciscanos.org.br\/noticias\/wp-content\/uploads\/2021\/06\/papa_10.jpg","contentUrl":"https:\/\/franciscanos.org.br\/noticias\/wp-content\/uploads\/2021\/06\/papa_10.jpg","width":890,"height":501},{"@type":"WebPage","@id":"https:\/\/franciscanos.org.br\/noticias\/papa-aos-formadores-sejam-para-seus-seminaristas-o-que-jose-foi-para-jesus.html#webpage","url":"https:\/\/franciscanos.org.br\/noticias\/papa-aos-formadores-sejam-para-seus-seminaristas-o-que-jose-foi-para-jesus.html","name":"Papa aos formadores: sejam para seus seminaristas o que Jos\u00e9 foi para Jesus - Not\u00edcias - Franciscanos","isPartOf":{"@id":"https:\/\/franciscanos.org.br\/noticias\/#website"},"primaryImageOfPage":{"@id":"https:\/\/franciscanos.org.br\/noticias\/papa-aos-formadores-sejam-para-seus-seminaristas-o-que-jose-foi-para-jesus.html#primaryimage"},"datePublished":"2021-06-10T19:19:32+00:00","dateModified":"2021-06-10T19:19:32+00:00","author":{"@id":"https:\/\/franciscanos.org.br\/noticias\/#\/schema\/person\/b5c8cba458c330ccff548b056e95a5d4"},"breadcrumb":{"@id":"https:\/\/franciscanos.org.br\/noticias\/papa-aos-formadores-sejam-para-seus-seminaristas-o-que-jose-foi-para-jesus.html#breadcrumb"},"inLanguage":"pt-BR","potentialAction":[{"@type":"ReadAction","target":["https:\/\/franciscanos.org.br\/noticias\/papa-aos-formadores-sejam-para-seus-seminaristas-o-que-jose-foi-para-jesus.html"]}]},{"@type":"BreadcrumbList","@id":"https:\/\/franciscanos.org.br\/noticias\/papa-aos-formadores-sejam-para-seus-seminaristas-o-que-jose-foi-para-jesus.html#breadcrumb","itemListElement":[{"@type":"ListItem","position":1,"name":"Home","item":"https:\/\/franciscanos.org.br\/noticias"},{"@type":"ListItem","position":2,"name":"Papa aos formadores: sejam para seus seminaristas o que Jos\u00e9 foi para Jesus"}]},{"@type":"Person","@id":"https:\/\/franciscanos.org.br\/noticias\/#\/schema\/person\/b5c8cba458c330ccff548b056e95a5d4","name":"moacir","image":{"@type":"ImageObject","inLanguage":"pt-BR","@id":"https:\/\/franciscanos.org.br\/noticias\/#\/schema\/person\/image\/","url":"https:\/\/secure.gravatar.com\/avatar\/d08aa2ce4c8dd416d4479aa8536fcf64?s=96&d=mm&r=g","contentUrl":"https:\/\/secure.gravatar.com\/avatar\/d08aa2ce4c8dd416d4479aa8536fcf64?s=96&d=mm&r=g","caption":"moacir"},"url":"https:\/\/franciscanos.org.br\/noticias\/author\/moacir"}]}},"_links":{"self":[{"href":"https:\/\/franciscanos.org.br\/noticias\/wp-json\/wp\/v2\/posts\/232372"}],"collection":[{"href":"https:\/\/franciscanos.org.br\/noticias\/wp-json\/wp\/v2\/posts"}],"about":[{"href":"https:\/\/franciscanos.org.br\/noticias\/wp-json\/wp\/v2\/types\/post"}],"author":[{"embeddable":true,"href":"https:\/\/franciscanos.org.br\/noticias\/wp-json\/wp\/v2\/users\/3"}],"replies":[{"embeddable":true,"href":"https:\/\/franciscanos.org.br\/noticias\/wp-json\/wp\/v2\/comments?post=232372"}],"version-history":[{"count":1,"href":"https:\/\/franciscanos.org.br\/noticias\/wp-json\/wp\/v2\/posts\/232372\/revisions"}],"predecessor-version":[{"id":232374,"href":"https:\/\/franciscanos.org.br\/noticias\/wp-json\/wp\/v2\/posts\/232372\/revisions\/232374"}],"wp:attachment":[{"href":"https:\/\/franciscanos.org.br\/noticias\/wp-json\/wp\/v2\/media?parent=232372"}],"wp:term":[{"taxonomy":"category","embeddable":true,"href":"https:\/\/franciscanos.org.br\/noticias\/wp-json\/wp\/v2\/categories?post=232372"},{"taxonomy":"post_tag","embeddable":true,"href":"https:\/\/franciscanos.org.br\/noticias\/wp-json\/wp\/v2\/tags?post=232372"}],"curies":[{"name":"wp","href":"https:\/\/api.w.org\/{rel}","templated":true}]}}