{"id":232365,"date":"2021-06-10T10:13:50","date_gmt":"2021-06-10T13:13:50","guid":{"rendered":"https:\/\/franciscanos.org.br\/noticias\/?p=232365"},"modified":"2021-06-10T11:07:25","modified_gmt":"2021-06-10T14:07:25","slug":"nesta-sexta-paroquia-e-convento-do-sagrado-lancam-seu-novo-site","status":"publish","type":"post","link":"https:\/\/franciscanos.org.br\/noticias\/nesta-sexta-paroquia-e-convento-do-sagrado-lancam-seu-novo-site.html","title":{"rendered":"Nesta sexta, Par\u00f3quia e Convento do Sagrado lan\u00e7am seu novo site"},"content":{"rendered":"<p><img loading=\"lazy\" class=\"alignnone wp-image-232367 size-full\" src=\"https:\/\/franciscanos.org.br\/noticias\/wp-content\/uploads\/2021\/06\/petropolis_01.jpg\" alt=\"\" width=\"1280\" height=\"720\" srcset=\"https:\/\/franciscanos.org.br\/noticias\/wp-content\/uploads\/2021\/06\/petropolis_01.jpg 1280w, https:\/\/franciscanos.org.br\/noticias\/wp-content\/uploads\/2021\/06\/petropolis_01-450x253.jpg 450w, https:\/\/franciscanos.org.br\/noticias\/wp-content\/uploads\/2021\/06\/petropolis_01-1024x576.jpg 1024w, https:\/\/franciscanos.org.br\/noticias\/wp-content\/uploads\/2021\/06\/petropolis_01-768x432.jpg 768w, https:\/\/franciscanos.org.br\/noticias\/wp-content\/uploads\/2021\/06\/petropolis_01-150x84.jpg 150w\" sizes=\"(max-width: 1280px) 100vw, 1280px\" \/><\/p>\n<p><strong>Petr\u00f3polis (RJ) \u2013<\/strong> Amanh\u00e3, 11 de junho, Solenidade do Padroeiro da Fraternidade Franciscana do Sagrado Cora\u00e7\u00e3o de Jesus de Petr\u00f3polis (RJ), os frades franciscanos e a comunidade paroquial lan\u00e7am um novo projeto de comunica\u00e7\u00e3o: um site institucional, comemorativo e celebrativo.<\/p>\n<p>Desde fevereiro de 2021, o Convento e a Par\u00f3quia do Sagrado celebram o Ano Jubilar que se estender\u00e1 at\u00e9 fevereiro de 2022. Durante todo o ano, muitas celebra\u00e7\u00f5es, que j\u00e1 est\u00e3o acontecendo, fazem mem\u00f3ria \u00e0 hist\u00f3ria de 125 anos da presen\u00e7a dos frades\u00a0 na Cidade Imperial, mas n\u00e3o \u00e9 s\u00f3 isso n\u00e3o, neste tempo tamb\u00e9m celebramos 75 anos da cria\u00e7\u00e3o da Par\u00f3quia do Sagrado.<\/p>\n<p>O site vai apresentar a hist\u00f3ria em texto e imagens, bem como registros atuais sobre todas as pastorais, movimentos, capelas, capelanias, comunidades e servi\u00e7os evangelizadores dos frades da Fraternidade do Sagrado. Al\u00e9m disso, uma p\u00e1gina especial do Ano Jubilar trar\u00e1 ricas informa\u00e7\u00f5es sobre personalidades importantes que constru\u00edram essa linda hist\u00f3ria de f\u00e9.<\/p>\n<p>Acesse: <a href=\"http:\/\/www.paroquiadosagrado.com.br\">www.paroquiadosagrado.com.br<\/a><\/p>\n<p><iframe loading=\"lazy\" title=\"YouTube video player\" src=\"https:\/\/www.youtube.com\/embed\/LBxcSciOuRc\" width=\"100%\" height=\"480\" frameborder=\"0\" allowfullscreen=\"allowfullscreen\"><\/iframe><\/p>\n<hr \/>\n<p><em>Frei Augusto Luiz Gabriel<\/em><\/p>\n","protected":false},"excerpt":{"rendered":"<p>Par\u00f3quia do Sagrado<\/p>\n","protected":false},"author":3,"featured_media":232366,"comment_status":"open","ping_status":"open","sticky":false,"template":"","format":"standard","meta":[],"categories":[1],"tags":[1766,190],"acf":[],"yoast_head":"<!-- This site is optimized with the Yoast SEO plugin v19.2 - https:\/\/yoast.com\/wordpress\/plugins\/seo\/ -->\n<title>Nesta sexta, Par\u00f3quia e Convento do Sagrado lan\u00e7am seu novo site - Not\u00edcias - Franciscanos<\/title>\n<meta name=\"robots\" content=\"index, follow, max-snippet:-1, max-image-preview:large, max-video-preview:-1\" \/>\n<link rel=\"canonical\" href=\"https:\/\/franciscanos.org.br\/noticias\/nesta-sexta-paroquia-e-convento-do-sagrado-lancam-seu-novo-site.html\" \/>\n<meta property=\"og:locale\" content=\"pt_BR\" \/>\n<meta property=\"og:type\" content=\"article\" \/>\n<meta property=\"og:title\" content=\"Nesta sexta, Par\u00f3quia e Convento do Sagrado lan\u00e7am seu novo site - Not\u00edcias - Franciscanos\" \/>\n<meta property=\"og:description\" content=\"Par\u00f3quia do Sagrado\" \/>\n<meta property=\"og:url\" content=\"https:\/\/franciscanos.org.br\/noticias\/nesta-sexta-paroquia-e-convento-do-sagrado-lancam-seu-novo-site.html\" \/>\n<meta property=\"og:site_name\" content=\"Not\u00edcias - Franciscanos\" \/>\n<meta property=\"article:published_time\" content=\"2021-06-10T13:13:50+00:00\" \/>\n<meta property=\"article:modified_time\" content=\"2021-06-10T14:07:25+00:00\" \/>\n<meta property=\"og:image\" content=\"https:\/\/franciscanos.org.br\/noticias\/wp-content\/uploads\/2021\/06\/petropolis_01d.jpg\" \/>\n\t<meta property=\"og:image:width\" content=\"800\" \/>\n\t<meta property=\"og:image:height\" content=\"550\" \/>\n\t<meta property=\"og:image:type\" content=\"image\/jpeg\" \/>\n<meta name=\"author\" content=\"moacir\" \/>\n<meta name=\"twitter:card\" content=\"summary_large_image\" \/>\n<meta name=\"twitter:label1\" content=\"Escrito por\" \/>\n\t<meta name=\"twitter:data1\" content=\"moacir\" \/>\n\t<meta name=\"twitter:label2\" content=\"Est. tempo de leitura\" \/>\n\t<meta name=\"twitter:data2\" content=\"1 minuto\" \/>\n<script type=\"application\/ld+json\" class=\"yoast-schema-graph\">{\"@context\":\"https:\/\/schema.org\",\"@graph\":[{\"@type\":\"WebSite\",\"@id\":\"https:\/\/franciscanos.org.br\/noticias\/#website\",\"url\":\"https:\/\/franciscanos.org.br\/noticias\/\",\"name\":\"Not\u00edcias - Franciscanos\",\"description\":\"Prov\u00edncia Franciscana da Imaculada Concei\u00e7\u00e3o do Brasil - Ordem dos Frades Menores - OFM\",\"potentialAction\":[{\"@type\":\"SearchAction\",\"target\":{\"@type\":\"EntryPoint\",\"urlTemplate\":\"https:\/\/franciscanos.org.br\/noticias\/?s={search_term_string}\"},\"query-input\":\"required name=search_term_string\"}],\"inLanguage\":\"pt-BR\"},{\"@type\":\"ImageObject\",\"inLanguage\":\"pt-BR\",\"@id\":\"https:\/\/franciscanos.org.br\/noticias\/nesta-sexta-paroquia-e-convento-do-sagrado-lancam-seu-novo-site.html#primaryimage\",\"url\":\"https:\/\/franciscanos.org.br\/noticias\/wp-content\/uploads\/2021\/06\/petropolis_01d.jpg\",\"contentUrl\":\"https:\/\/franciscanos.org.br\/noticias\/wp-content\/uploads\/2021\/06\/petropolis_01d.jpg\",\"width\":800,\"height\":550},{\"@type\":\"WebPage\",\"@id\":\"https:\/\/franciscanos.org.br\/noticias\/nesta-sexta-paroquia-e-convento-do-sagrado-lancam-seu-novo-site.html#webpage\",\"url\":\"https:\/\/franciscanos.org.br\/noticias\/nesta-sexta-paroquia-e-convento-do-sagrado-lancam-seu-novo-site.html\",\"name\":\"Nesta sexta, Par\u00f3quia e Convento do Sagrado lan\u00e7am seu novo site - Not\u00edcias - Franciscanos\",\"isPartOf\":{\"@id\":\"https:\/\/franciscanos.org.br\/noticias\/#website\"},\"primaryImageOfPage\":{\"@id\":\"https:\/\/franciscanos.org.br\/noticias\/nesta-sexta-paroquia-e-convento-do-sagrado-lancam-seu-novo-site.html#primaryimage\"},\"datePublished\":\"2021-06-10T13:13:50+00:00\",\"dateModified\":\"2021-06-10T14:07:25+00:00\",\"author\":{\"@id\":\"https:\/\/franciscanos.org.br\/noticias\/#\/schema\/person\/b5c8cba458c330ccff548b056e95a5d4\"},\"breadcrumb\":{\"@id\":\"https:\/\/franciscanos.org.br\/noticias\/nesta-sexta-paroquia-e-convento-do-sagrado-lancam-seu-novo-site.html#breadcrumb\"},\"inLanguage\":\"pt-BR\",\"potentialAction\":[{\"@type\":\"ReadAction\",\"target\":[\"https:\/\/franciscanos.org.br\/noticias\/nesta-sexta-paroquia-e-convento-do-sagrado-lancam-seu-novo-site.html\"]}]},{\"@type\":\"BreadcrumbList\",\"@id\":\"https:\/\/franciscanos.org.br\/noticias\/nesta-sexta-paroquia-e-convento-do-sagrado-lancam-seu-novo-site.html#breadcrumb\",\"itemListElement\":[{\"@type\":\"ListItem\",\"position\":1,\"name\":\"Home\",\"item\":\"https:\/\/franciscanos.org.br\/noticias\"},{\"@type\":\"ListItem\",\"position\":2,\"name\":\"Nesta sexta, Par\u00f3quia e Convento do Sagrado lan\u00e7am seu novo site\"}]},{\"@type\":\"Person\",\"@id\":\"https:\/\/franciscanos.org.br\/noticias\/#\/schema\/person\/b5c8cba458c330ccff548b056e95a5d4\",\"name\":\"moacir\",\"image\":{\"@type\":\"ImageObject\",\"inLanguage\":\"pt-BR\",\"@id\":\"https:\/\/franciscanos.org.br\/noticias\/#\/schema\/person\/image\/\",\"url\":\"https:\/\/secure.gravatar.com\/avatar\/d08aa2ce4c8dd416d4479aa8536fcf64?s=96&d=mm&r=g\",\"contentUrl\":\"https:\/\/secure.gravatar.com\/avatar\/d08aa2ce4c8dd416d4479aa8536fcf64?s=96&d=mm&r=g\",\"caption\":\"moacir\"},\"url\":\"https:\/\/franciscanos.org.br\/noticias\/author\/moacir\"}]}<\/script>\n<!-- \/ Yoast SEO plugin. -->","yoast_head_json":{"title":"Nesta sexta, Par\u00f3quia e Convento do Sagrado lan\u00e7am seu novo site - Not\u00edcias - Franciscanos","robots":{"index":"index","follow":"follow","max-snippet":"max-snippet:-1","max-image-preview":"max-image-preview:large","max-video-preview":"max-video-preview:-1"},"canonical":"https:\/\/franciscanos.org.br\/noticias\/nesta-sexta-paroquia-e-convento-do-sagrado-lancam-seu-novo-site.html","og_locale":"pt_BR","og_type":"article","og_title":"Nesta sexta, Par\u00f3quia e Convento do Sagrado lan\u00e7am seu novo site - Not\u00edcias - Franciscanos","og_description":"Par\u00f3quia do Sagrado","og_url":"https:\/\/franciscanos.org.br\/noticias\/nesta-sexta-paroquia-e-convento-do-sagrado-lancam-seu-novo-site.html","og_site_name":"Not\u00edcias - Franciscanos","article_published_time":"2021-06-10T13:13:50+00:00","article_modified_time":"2021-06-10T14:07:25+00:00","og_image":[{"width":800,"height":550,"url":"https:\/\/franciscanos.org.br\/noticias\/wp-content\/uploads\/2021\/06\/petropolis_01d.jpg","type":"image\/jpeg"}],"author":"moacir","twitter_card":"summary_large_image","twitter_misc":{"Escrito por":"moacir","Est. tempo de leitura":"1 minuto"},"schema":{"@context":"https:\/\/schema.org","@graph":[{"@type":"WebSite","@id":"https:\/\/franciscanos.org.br\/noticias\/#website","url":"https:\/\/franciscanos.org.br\/noticias\/","name":"Not\u00edcias - Franciscanos","description":"Prov\u00edncia Franciscana da Imaculada Concei\u00e7\u00e3o do Brasil - Ordem dos Frades Menores - OFM","potentialAction":[{"@type":"SearchAction","target":{"@type":"EntryPoint","urlTemplate":"https:\/\/franciscanos.org.br\/noticias\/?s={search_term_string}"},"query-input":"required name=search_term_string"}],"inLanguage":"pt-BR"},{"@type":"ImageObject","inLanguage":"pt-BR","@id":"https:\/\/franciscanos.org.br\/noticias\/nesta-sexta-paroquia-e-convento-do-sagrado-lancam-seu-novo-site.html#primaryimage","url":"https:\/\/franciscanos.org.br\/noticias\/wp-content\/uploads\/2021\/06\/petropolis_01d.jpg","contentUrl":"https:\/\/franciscanos.org.br\/noticias\/wp-content\/uploads\/2021\/06\/petropolis_01d.jpg","width":800,"height":550},{"@type":"WebPage","@id":"https:\/\/franciscanos.org.br\/noticias\/nesta-sexta-paroquia-e-convento-do-sagrado-lancam-seu-novo-site.html#webpage","url":"https:\/\/franciscanos.org.br\/noticias\/nesta-sexta-paroquia-e-convento-do-sagrado-lancam-seu-novo-site.html","name":"Nesta sexta, Par\u00f3quia e Convento do Sagrado lan\u00e7am seu novo site - Not\u00edcias - Franciscanos","isPartOf":{"@id":"https:\/\/franciscanos.org.br\/noticias\/#website"},"primaryImageOfPage":{"@id":"https:\/\/franciscanos.org.br\/noticias\/nesta-sexta-paroquia-e-convento-do-sagrado-lancam-seu-novo-site.html#primaryimage"},"datePublished":"2021-06-10T13:13:50+00:00","dateModified":"2021-06-10T14:07:25+00:00","author":{"@id":"https:\/\/franciscanos.org.br\/noticias\/#\/schema\/person\/b5c8cba458c330ccff548b056e95a5d4"},"breadcrumb":{"@id":"https:\/\/franciscanos.org.br\/noticias\/nesta-sexta-paroquia-e-convento-do-sagrado-lancam-seu-novo-site.html#breadcrumb"},"inLanguage":"pt-BR","potentialAction":[{"@type":"ReadAction","target":["https:\/\/franciscanos.org.br\/noticias\/nesta-sexta-paroquia-e-convento-do-sagrado-lancam-seu-novo-site.html"]}]},{"@type":"BreadcrumbList","@id":"https:\/\/franciscanos.org.br\/noticias\/nesta-sexta-paroquia-e-convento-do-sagrado-lancam-seu-novo-site.html#breadcrumb","itemListElement":[{"@type":"ListItem","position":1,"name":"Home","item":"https:\/\/franciscanos.org.br\/noticias"},{"@type":"ListItem","position":2,"name":"Nesta sexta, Par\u00f3quia e Convento do Sagrado lan\u00e7am seu novo site"}]},{"@type":"Person","@id":"https:\/\/franciscanos.org.br\/noticias\/#\/schema\/person\/b5c8cba458c330ccff548b056e95a5d4","name":"moacir","image":{"@type":"ImageObject","inLanguage":"pt-BR","@id":"https:\/\/franciscanos.org.br\/noticias\/#\/schema\/person\/image\/","url":"https:\/\/secure.gravatar.com\/avatar\/d08aa2ce4c8dd416d4479aa8536fcf64?s=96&d=mm&r=g","contentUrl":"https:\/\/secure.gravatar.com\/avatar\/d08aa2ce4c8dd416d4479aa8536fcf64?s=96&d=mm&r=g","caption":"moacir"},"url":"https:\/\/franciscanos.org.br\/noticias\/author\/moacir"}]}},"_links":{"self":[{"href":"https:\/\/franciscanos.org.br\/noticias\/wp-json\/wp\/v2\/posts\/232365"}],"collection":[{"href":"https:\/\/franciscanos.org.br\/noticias\/wp-json\/wp\/v2\/posts"}],"about":[{"href":"https:\/\/franciscanos.org.br\/noticias\/wp-json\/wp\/v2\/types\/post"}],"author":[{"embeddable":true,"href":"https:\/\/franciscanos.org.br\/noticias\/wp-json\/wp\/v2\/users\/3"}],"replies":[{"embeddable":true,"href":"https:\/\/franciscanos.org.br\/noticias\/wp-json\/wp\/v2\/comments?post=232365"}],"version-history":[{"count":4,"href":"https:\/\/franciscanos.org.br\/noticias\/wp-json\/wp\/v2\/posts\/232365\/revisions"}],"predecessor-version":[{"id":232371,"href":"https:\/\/franciscanos.org.br\/noticias\/wp-json\/wp\/v2\/posts\/232365\/revisions\/232371"}],"wp:featuredmedia":[{"embeddable":true,"href":"https:\/\/franciscanos.org.br\/noticias\/wp-json\/wp\/v2\/media\/232366"}],"wp:attachment":[{"href":"https:\/\/franciscanos.org.br\/noticias\/wp-json\/wp\/v2\/media?parent=232365"}],"wp:term":[{"taxonomy":"category","embeddable":true,"href":"https:\/\/franciscanos.org.br\/noticias\/wp-json\/wp\/v2\/categories?post=232365"},{"taxonomy":"post_tag","embeddable":true,"href":"https:\/\/franciscanos.org.br\/noticias\/wp-json\/wp\/v2\/tags?post=232365"}],"curies":[{"name":"wp","href":"https:\/\/api.w.org\/{rel}","templated":true}]}}