{"id":232348,"date":"2021-06-08T11:07:18","date_gmt":"2021-06-08T14:07:18","guid":{"rendered":"https:\/\/franciscanos.org.br\/noticias\/?p=232348"},"modified":"2021-06-08T11:07:18","modified_gmt":"2021-06-08T14:07:18","slug":"radios-coroado-e-movimento-completam-mais-um-aniversario","status":"publish","type":"post","link":"https:\/\/franciscanos.org.br\/noticias\/radios-coroado-e-movimento-completam-mais-um-aniversario.html","title":{"rendered":"R\u00e1dios Coroado e Movimento completam mais um anivers\u00e1rio"},"content":{"rendered":"<div id=\"attachment_232349\" style=\"width: 1290px\" class=\"wp-caption alignnone\"><img aria-describedby=\"caption-attachment-232349\" loading=\"lazy\" class=\"wp-image-232349 size-full\" src=\"https:\/\/franciscanos.org.br\/noticias\/wp-content\/uploads\/2021\/06\/radio_08.jpg\" alt=\"\" width=\"1280\" height=\"720\" srcset=\"https:\/\/franciscanos.org.br\/noticias\/wp-content\/uploads\/2021\/06\/radio_08.jpg 1280w, https:\/\/franciscanos.org.br\/noticias\/wp-content\/uploads\/2021\/06\/radio_08-450x253.jpg 450w, https:\/\/franciscanos.org.br\/noticias\/wp-content\/uploads\/2021\/06\/radio_08-1024x576.jpg 1024w, https:\/\/franciscanos.org.br\/noticias\/wp-content\/uploads\/2021\/06\/radio_08-768x432.jpg 768w, https:\/\/franciscanos.org.br\/noticias\/wp-content\/uploads\/2021\/06\/radio_08-150x84.jpg 150w\" sizes=\"(max-width: 1280px) 100vw, 1280px\" \/><p id=\"caption-attachment-232349\" class=\"wp-caption-text\"><em> \u00a0 \u00a0Imagem: Portal Coroado (<a href=\"http:\/\/portalcoroado.com.br\">http:\/\/portalcoroado.com.br<\/a>\/)<\/em><\/p><\/div>\n<p>A quinta-feira, dia 03 de junho, foi de comemora\u00e7\u00e3o para as r\u00e1dios Coroado e Movimento. As emissoras pertencentes a Funda\u00e7\u00e3o Frei Rog\u00e9rio, completaram ontem 66 e\u00a031 anos, respectivamente.<\/p>\n<p>As r\u00e1dios contam com uma equipe qualificada de profissionais\u00a0respons\u00e1veis por levar informa\u00e7\u00e3o, entretenimento, m\u00fasicas e conte\u00fados de evangeliza\u00e7\u00e3o a pelo menos 90 munic\u00edpios do Planalto, Serra Catarinense, bem como o Norte Ga\u00facho, at\u00e9 o Sul do Paran\u00e1, somando uma popula\u00e7\u00e3o de aproximadamente 1,5 milh\u00e3o de habitantes.<\/p>\n<p>Depois de d\u00e9cadas de exist\u00eancia as duas emissoras j\u00e1 passaram por muitas transforma\u00e7\u00f5es e avan\u00e7os tecnol\u00f3gicos, um trabalho intenso para levar uma programa\u00e7\u00e3o de qualidade a nossa audi\u00eancia e retorno ao investimento de nossos clientes.<\/p>\n<p>Nesta sexta-feira (04) as emissoras est\u00e3o com uma programa\u00e7\u00e3o especial celebrando o anivers\u00e1rio com sorteio de pr\u00eamios ao longo do dia.<\/p>\n<hr \/>\n<h2 class=\"entry-title\">Ouvintes s\u00e3o premiados no anivers\u00e1rio das R\u00e1dios Movimento FM e Coroado FM<\/h2>\n<p><img loading=\"lazy\" class=\"size-medium wp-image-232350 alignleft\" src=\"https:\/\/franciscanos.org.br\/noticias\/wp-content\/uploads\/2021\/06\/radio_08_2-450x317.jpg\" alt=\"\" width=\"450\" height=\"317\" srcset=\"https:\/\/franciscanos.org.br\/noticias\/wp-content\/uploads\/2021\/06\/radio_08_2-450x317.jpg 450w, https:\/\/franciscanos.org.br\/noticias\/wp-content\/uploads\/2021\/06\/radio_08_2-150x106.jpg 150w, https:\/\/franciscanos.org.br\/noticias\/wp-content\/uploads\/2021\/06\/radio_08_2-460x325.jpg 460w, https:\/\/franciscanos.org.br\/noticias\/wp-content\/uploads\/2021\/06\/radio_08_2.jpg 590w\" sizes=\"(max-width: 450px) 100vw, 450px\" \/>No \u00faltimo dia 03 de junho as R\u00e1dios Coroado FM e Movimento FM completaram 66 e 31 anos de exist\u00eancia na hist\u00f3ria de Curitibanos e regi\u00e3o. Ao longo desses anos sempre desenvolveram fun\u00e7\u00e3o de extrema import\u00e2ncia: diariamente prestando servi\u00e7os \u00e0 comunidade local, levando informa\u00e7\u00e3o de credibilidade e entretenimento para todos os p\u00fablicos.<\/p>\n<p>A equipe das emissoras comemorou essa data festiva e muito especial, distribuindo pr\u00eamios para os ouvintes nesta primeira semana do m\u00eas de Junho. Dentre os ganhadores est\u00e3o Ivonete Rosa de Melo e Val\u00e9ria Santos de Souza, sorteadas pela R\u00e1dio Coroado FM que ganharam dois conjuntos de estofados, al\u00e9m do Vale Compras de R$200,00, em parceria com os Supermercados Myat\u00e3, que saiu para a ouvinte Liliane Bruna Meirelles.<\/p>\n<p>J\u00e1 na R\u00e1dio Movimento FM os sortudos que levaram para casa belos sof\u00e1s foram Brenda Hey e Paulo Cesar Velho de Souza, e o ouvinte Daniel Franklin Campos levou o Vale Compras de R$200,00.<\/p>\n<p>Os ouvintes participaram da programa\u00e7\u00e3o especial das r\u00e1dios e responderam \u00e0s perguntas \u201cPorque ouve as r\u00e1dios Movimento e Coroado FM; o que mais gosta nas programa\u00e7\u00f5es; e quantos anos as emissoras est\u00e3o comemorando?\u201d com belas mensagens e foram sorteados. As emissoras sortearam ainda 100 kits com produtos personalizados.<\/p>\n<p>Gostar\u00edamos mais uma vez de parabenizar a equipe das emissoras Movimento FM e Coroado FM, comunicadores, jornalistas, produ\u00e7\u00e3o, departamento administrativo e comercial. E, principalmente, agradecer a voc\u00ea que nos acompanha pelo r\u00e1dio, pelo portal e redes sociais.<\/p>\n<hr \/>\n<p>Ou\u00e7a Coroado em 106.1 FM, Movimento em 98.9 FM, na internet em www.portalcoroado.com.br.<\/p>\n","protected":false},"excerpt":{"rendered":"<p>Frente da Comunica\u00e7\u00e3o<\/p>\n","protected":false},"author":3,"featured_media":232351,"comment_status":"open","ping_status":"open","sticky":false,"template":"","format":"standard","meta":[],"categories":[1],"tags":[550],"acf":[],"yoast_head":"<!-- This site is optimized with the Yoast SEO plugin v19.2 - https:\/\/yoast.com\/wordpress\/plugins\/seo\/ -->\n<title>R\u00e1dios Coroado e Movimento completam mais um anivers\u00e1rio - Not\u00edcias - Franciscanos<\/title>\n<meta name=\"robots\" content=\"index, follow, max-snippet:-1, max-image-preview:large, max-video-preview:-1\" \/>\n<link rel=\"canonical\" href=\"https:\/\/franciscanos.org.br\/noticias\/radios-coroado-e-movimento-completam-mais-um-aniversario.html\" \/>\n<meta property=\"og:locale\" content=\"pt_BR\" \/>\n<meta property=\"og:type\" content=\"article\" \/>\n<meta property=\"og:title\" content=\"R\u00e1dios Coroado e Movimento completam mais um anivers\u00e1rio - Not\u00edcias - Franciscanos\" \/>\n<meta property=\"og:description\" content=\"Frente da Comunica\u00e7\u00e3o\" \/>\n<meta property=\"og:url\" content=\"https:\/\/franciscanos.org.br\/noticias\/radios-coroado-e-movimento-completam-mais-um-aniversario.html\" \/>\n<meta property=\"og:site_name\" content=\"Not\u00edcias - Franciscanos\" \/>\n<meta property=\"article:published_time\" content=\"2021-06-08T14:07:18+00:00\" \/>\n<meta property=\"og:image\" content=\"https:\/\/franciscanos.org.br\/noticias\/wp-content\/uploads\/2021\/06\/radio_08d.jpg\" \/>\n\t<meta property=\"og:image:width\" content=\"800\" \/>\n\t<meta property=\"og:image:height\" content=\"549\" \/>\n\t<meta property=\"og:image:type\" content=\"image\/jpeg\" \/>\n<meta name=\"author\" content=\"moacir\" \/>\n<meta name=\"twitter:card\" content=\"summary_large_image\" \/>\n<meta name=\"twitter:label1\" content=\"Escrito por\" \/>\n\t<meta name=\"twitter:data1\" content=\"moacir\" \/>\n\t<meta name=\"twitter:label2\" content=\"Est. tempo de leitura\" \/>\n\t<meta name=\"twitter:data2\" content=\"2 minutos\" \/>\n<script type=\"application\/ld+json\" class=\"yoast-schema-graph\">{\"@context\":\"https:\/\/schema.org\",\"@graph\":[{\"@type\":\"WebSite\",\"@id\":\"https:\/\/franciscanos.org.br\/noticias\/#website\",\"url\":\"https:\/\/franciscanos.org.br\/noticias\/\",\"name\":\"Not\u00edcias - Franciscanos\",\"description\":\"Prov\u00edncia Franciscana da Imaculada Concei\u00e7\u00e3o do Brasil - Ordem dos Frades Menores - OFM\",\"potentialAction\":[{\"@type\":\"SearchAction\",\"target\":{\"@type\":\"EntryPoint\",\"urlTemplate\":\"https:\/\/franciscanos.org.br\/noticias\/?s={search_term_string}\"},\"query-input\":\"required name=search_term_string\"}],\"inLanguage\":\"pt-BR\"},{\"@type\":\"ImageObject\",\"inLanguage\":\"pt-BR\",\"@id\":\"https:\/\/franciscanos.org.br\/noticias\/radios-coroado-e-movimento-completam-mais-um-aniversario.html#primaryimage\",\"url\":\"https:\/\/franciscanos.org.br\/noticias\/wp-content\/uploads\/2021\/06\/radio_08d.jpg\",\"contentUrl\":\"https:\/\/franciscanos.org.br\/noticias\/wp-content\/uploads\/2021\/06\/radio_08d.jpg\",\"width\":800,\"height\":549},{\"@type\":\"WebPage\",\"@id\":\"https:\/\/franciscanos.org.br\/noticias\/radios-coroado-e-movimento-completam-mais-um-aniversario.html#webpage\",\"url\":\"https:\/\/franciscanos.org.br\/noticias\/radios-coroado-e-movimento-completam-mais-um-aniversario.html\",\"name\":\"R\u00e1dios Coroado e Movimento completam mais um anivers\u00e1rio - Not\u00edcias - Franciscanos\",\"isPartOf\":{\"@id\":\"https:\/\/franciscanos.org.br\/noticias\/#website\"},\"primaryImageOfPage\":{\"@id\":\"https:\/\/franciscanos.org.br\/noticias\/radios-coroado-e-movimento-completam-mais-um-aniversario.html#primaryimage\"},\"datePublished\":\"2021-06-08T14:07:18+00:00\",\"dateModified\":\"2021-06-08T14:07:18+00:00\",\"author\":{\"@id\":\"https:\/\/franciscanos.org.br\/noticias\/#\/schema\/person\/b5c8cba458c330ccff548b056e95a5d4\"},\"breadcrumb\":{\"@id\":\"https:\/\/franciscanos.org.br\/noticias\/radios-coroado-e-movimento-completam-mais-um-aniversario.html#breadcrumb\"},\"inLanguage\":\"pt-BR\",\"potentialAction\":[{\"@type\":\"ReadAction\",\"target\":[\"https:\/\/franciscanos.org.br\/noticias\/radios-coroado-e-movimento-completam-mais-um-aniversario.html\"]}]},{\"@type\":\"BreadcrumbList\",\"@id\":\"https:\/\/franciscanos.org.br\/noticias\/radios-coroado-e-movimento-completam-mais-um-aniversario.html#breadcrumb\",\"itemListElement\":[{\"@type\":\"ListItem\",\"position\":1,\"name\":\"Home\",\"item\":\"https:\/\/franciscanos.org.br\/noticias\"},{\"@type\":\"ListItem\",\"position\":2,\"name\":\"R\u00e1dios Coroado e Movimento completam mais um anivers\u00e1rio\"}]},{\"@type\":\"Person\",\"@id\":\"https:\/\/franciscanos.org.br\/noticias\/#\/schema\/person\/b5c8cba458c330ccff548b056e95a5d4\",\"name\":\"moacir\",\"image\":{\"@type\":\"ImageObject\",\"inLanguage\":\"pt-BR\",\"@id\":\"https:\/\/franciscanos.org.br\/noticias\/#\/schema\/person\/image\/\",\"url\":\"https:\/\/secure.gravatar.com\/avatar\/d08aa2ce4c8dd416d4479aa8536fcf64?s=96&d=mm&r=g\",\"contentUrl\":\"https:\/\/secure.gravatar.com\/avatar\/d08aa2ce4c8dd416d4479aa8536fcf64?s=96&d=mm&r=g\",\"caption\":\"moacir\"},\"url\":\"https:\/\/franciscanos.org.br\/noticias\/author\/moacir\"}]}<\/script>\n<!-- \/ Yoast SEO plugin. -->","yoast_head_json":{"title":"R\u00e1dios Coroado e Movimento completam mais um anivers\u00e1rio - Not\u00edcias - Franciscanos","robots":{"index":"index","follow":"follow","max-snippet":"max-snippet:-1","max-image-preview":"max-image-preview:large","max-video-preview":"max-video-preview:-1"},"canonical":"https:\/\/franciscanos.org.br\/noticias\/radios-coroado-e-movimento-completam-mais-um-aniversario.html","og_locale":"pt_BR","og_type":"article","og_title":"R\u00e1dios Coroado e Movimento completam mais um anivers\u00e1rio - Not\u00edcias - Franciscanos","og_description":"Frente da Comunica\u00e7\u00e3o","og_url":"https:\/\/franciscanos.org.br\/noticias\/radios-coroado-e-movimento-completam-mais-um-aniversario.html","og_site_name":"Not\u00edcias - Franciscanos","article_published_time":"2021-06-08T14:07:18+00:00","og_image":[{"width":800,"height":549,"url":"https:\/\/franciscanos.org.br\/noticias\/wp-content\/uploads\/2021\/06\/radio_08d.jpg","type":"image\/jpeg"}],"author":"moacir","twitter_card":"summary_large_image","twitter_misc":{"Escrito por":"moacir","Est. tempo de leitura":"2 minutos"},"schema":{"@context":"https:\/\/schema.org","@graph":[{"@type":"WebSite","@id":"https:\/\/franciscanos.org.br\/noticias\/#website","url":"https:\/\/franciscanos.org.br\/noticias\/","name":"Not\u00edcias - Franciscanos","description":"Prov\u00edncia Franciscana da Imaculada Concei\u00e7\u00e3o do Brasil - Ordem dos Frades Menores - OFM","potentialAction":[{"@type":"SearchAction","target":{"@type":"EntryPoint","urlTemplate":"https:\/\/franciscanos.org.br\/noticias\/?s={search_term_string}"},"query-input":"required name=search_term_string"}],"inLanguage":"pt-BR"},{"@type":"ImageObject","inLanguage":"pt-BR","@id":"https:\/\/franciscanos.org.br\/noticias\/radios-coroado-e-movimento-completam-mais-um-aniversario.html#primaryimage","url":"https:\/\/franciscanos.org.br\/noticias\/wp-content\/uploads\/2021\/06\/radio_08d.jpg","contentUrl":"https:\/\/franciscanos.org.br\/noticias\/wp-content\/uploads\/2021\/06\/radio_08d.jpg","width":800,"height":549},{"@type":"WebPage","@id":"https:\/\/franciscanos.org.br\/noticias\/radios-coroado-e-movimento-completam-mais-um-aniversario.html#webpage","url":"https:\/\/franciscanos.org.br\/noticias\/radios-coroado-e-movimento-completam-mais-um-aniversario.html","name":"R\u00e1dios Coroado e Movimento completam mais um anivers\u00e1rio - Not\u00edcias - Franciscanos","isPartOf":{"@id":"https:\/\/franciscanos.org.br\/noticias\/#website"},"primaryImageOfPage":{"@id":"https:\/\/franciscanos.org.br\/noticias\/radios-coroado-e-movimento-completam-mais-um-aniversario.html#primaryimage"},"datePublished":"2021-06-08T14:07:18+00:00","dateModified":"2021-06-08T14:07:18+00:00","author":{"@id":"https:\/\/franciscanos.org.br\/noticias\/#\/schema\/person\/b5c8cba458c330ccff548b056e95a5d4"},"breadcrumb":{"@id":"https:\/\/franciscanos.org.br\/noticias\/radios-coroado-e-movimento-completam-mais-um-aniversario.html#breadcrumb"},"inLanguage":"pt-BR","potentialAction":[{"@type":"ReadAction","target":["https:\/\/franciscanos.org.br\/noticias\/radios-coroado-e-movimento-completam-mais-um-aniversario.html"]}]},{"@type":"BreadcrumbList","@id":"https:\/\/franciscanos.org.br\/noticias\/radios-coroado-e-movimento-completam-mais-um-aniversario.html#breadcrumb","itemListElement":[{"@type":"ListItem","position":1,"name":"Home","item":"https:\/\/franciscanos.org.br\/noticias"},{"@type":"ListItem","position":2,"name":"R\u00e1dios Coroado e Movimento completam mais um anivers\u00e1rio"}]},{"@type":"Person","@id":"https:\/\/franciscanos.org.br\/noticias\/#\/schema\/person\/b5c8cba458c330ccff548b056e95a5d4","name":"moacir","image":{"@type":"ImageObject","inLanguage":"pt-BR","@id":"https:\/\/franciscanos.org.br\/noticias\/#\/schema\/person\/image\/","url":"https:\/\/secure.gravatar.com\/avatar\/d08aa2ce4c8dd416d4479aa8536fcf64?s=96&d=mm&r=g","contentUrl":"https:\/\/secure.gravatar.com\/avatar\/d08aa2ce4c8dd416d4479aa8536fcf64?s=96&d=mm&r=g","caption":"moacir"},"url":"https:\/\/franciscanos.org.br\/noticias\/author\/moacir"}]}},"_links":{"self":[{"href":"https:\/\/franciscanos.org.br\/noticias\/wp-json\/wp\/v2\/posts\/232348"}],"collection":[{"href":"https:\/\/franciscanos.org.br\/noticias\/wp-json\/wp\/v2\/posts"}],"about":[{"href":"https:\/\/franciscanos.org.br\/noticias\/wp-json\/wp\/v2\/types\/post"}],"author":[{"embeddable":true,"href":"https:\/\/franciscanos.org.br\/noticias\/wp-json\/wp\/v2\/users\/3"}],"replies":[{"embeddable":true,"href":"https:\/\/franciscanos.org.br\/noticias\/wp-json\/wp\/v2\/comments?post=232348"}],"version-history":[{"count":1,"href":"https:\/\/franciscanos.org.br\/noticias\/wp-json\/wp\/v2\/posts\/232348\/revisions"}],"predecessor-version":[{"id":232352,"href":"https:\/\/franciscanos.org.br\/noticias\/wp-json\/wp\/v2\/posts\/232348\/revisions\/232352"}],"wp:featuredmedia":[{"embeddable":true,"href":"https:\/\/franciscanos.org.br\/noticias\/wp-json\/wp\/v2\/media\/232351"}],"wp:attachment":[{"href":"https:\/\/franciscanos.org.br\/noticias\/wp-json\/wp\/v2\/media?parent=232348"}],"wp:term":[{"taxonomy":"category","embeddable":true,"href":"https:\/\/franciscanos.org.br\/noticias\/wp-json\/wp\/v2\/categories?post=232348"},{"taxonomy":"post_tag","embeddable":true,"href":"https:\/\/franciscanos.org.br\/noticias\/wp-json\/wp\/v2\/tags?post=232348"}],"curies":[{"name":"wp","href":"https:\/\/api.w.org\/{rel}","templated":true}]}}