{"id":232285,"date":"2021-06-04T21:05:19","date_gmt":"2021-06-05T00:05:19","guid":{"rendered":"https:\/\/franciscanos.org.br\/noticias\/?p=232285"},"modified":"2021-06-04T23:27:12","modified_gmt":"2021-06-05T02:27:12","slug":"celebracoes-fazem-memoria-do-franciscano-luiz-reinke-mestre-na-caridade","status":"publish","type":"post","link":"https:\/\/franciscanos.org.br\/noticias\/celebracoes-fazem-memoria-do-franciscano-luiz-reinke-mestre-na-caridade.html","title":{"rendered":"Celebra\u00e7\u00f5es fazem mem\u00f3ria do franciscano Luiz Reinke, mestre na caridade"},"content":{"rendered":"<p><img loading=\"lazy\" class=\"alignright wp-image-232286 size-full\" src=\"https:\/\/franciscanos.org.br\/noticias\/wp-content\/uploads\/2021\/06\/sagrado_04.jpg\" alt=\"\" width=\"1280\" height=\"720\" srcset=\"https:\/\/franciscanos.org.br\/noticias\/wp-content\/uploads\/2021\/06\/sagrado_04.jpg 1280w, https:\/\/franciscanos.org.br\/noticias\/wp-content\/uploads\/2021\/06\/sagrado_04-450x253.jpg 450w, https:\/\/franciscanos.org.br\/noticias\/wp-content\/uploads\/2021\/06\/sagrado_04-1024x576.jpg 1024w, https:\/\/franciscanos.org.br\/noticias\/wp-content\/uploads\/2021\/06\/sagrado_04-768x432.jpg 768w, https:\/\/franciscanos.org.br\/noticias\/wp-content\/uploads\/2021\/06\/sagrado_04-150x84.jpg 150w\" sizes=\"(max-width: 1280px) 100vw, 1280px\" \/><\/p>\n<p><strong>Petr\u00f3polis (RJ) \u2013 \u00a0<\/strong>Neste dia 4 de junho, 1\u00aa sexta-feira do m\u00eas, as Celebra\u00e7\u00f5es Eucar\u00edsticas no Convento e Par\u00f3quia do Sagrado de Petr\u00f3polis (RJ), fez mem\u00f3ria da devo\u00e7\u00e3o ao Sagrado Cora\u00e7\u00e3o de Jesus, bem como do frade franciscano, Frei Luiz Reinke. O evento faz parte da programa\u00e7\u00e3o do Ano Jubilar que comemora 75 anos de cria\u00e7\u00e3o da Par\u00f3quia e de 125 anos da chegada dos frades franciscanos vindos da Alemanha para a Cidade Imperial.<\/p>\n<p>E, como j\u00e1 \u00e9 de costume, as celebra\u00e7\u00f5es do Jubileu foram regadas de muita hist\u00f3ria e curiosidades sobre a vida e miss\u00e3o evangelizadora dos frades em terras petropolitanas. A Santa Missa das 18 horas foi presidida pelo vig\u00e1rio paroquial e professor do Instituto Teol\u00f3gico Franciscano, Frei Volney Jos\u00e9 Berkenbrock. \u00a0Logo no in\u00edcio, o presidente acolheu a todos e deu a t\u00f4nica da celebra\u00e7\u00e3o ao afirmar que a caridade e a piedade foram marcas fundantes da personalidade de Frei Luiz.<\/p>\n<p>Ap\u00f3s a leitura do Evangelho do dia (Mc 12,35-37), Frei Volney iniciou sua homilia explicando que, durante todo o Ano Jubilar, os fi\u00e9is ter\u00e3o a oportunidade de relembrar e conhecer mais sobre personagens importantes e marcantes que merecem ser melhor conhecidas, como Frei Luiz Reinke, cujo busto em sua homenagem encontra-se no p\u00e1tio de Igreja do Sagrado. E n\u00e3o apenas isso, a rua entre o Convento e a Editora Vozes, tamb\u00e9m se chama Frei Luiz, em homenagem ao frade menor franciscano.<\/p>\n<p><img loading=\"lazy\" class=\"alignright wp-image-232287 size-full\" src=\"https:\/\/franciscanos.org.br\/noticias\/wp-content\/uploads\/2021\/06\/sagrado_04_3.jpg\" alt=\"\" width=\"1280\" height=\"1075\" srcset=\"https:\/\/franciscanos.org.br\/noticias\/wp-content\/uploads\/2021\/06\/sagrado_04_3.jpg 1280w, https:\/\/franciscanos.org.br\/noticias\/wp-content\/uploads\/2021\/06\/sagrado_04_3-450x378.jpg 450w, https:\/\/franciscanos.org.br\/noticias\/wp-content\/uploads\/2021\/06\/sagrado_04_3-1024x860.jpg 1024w, https:\/\/franciscanos.org.br\/noticias\/wp-content\/uploads\/2021\/06\/sagrado_04_3-768x645.jpg 768w, https:\/\/franciscanos.org.br\/noticias\/wp-content\/uploads\/2021\/06\/sagrado_04_3-150x126.jpg 150w\" sizes=\"(max-width: 1280px) 100vw, 1280px\" \/><\/p>\n<p><strong>HIST\u00d3RIA DE FREI LUIZ REINKE<\/strong><\/p>\n<p>Segundo Frei Volney, Frei Luiz nasceu em 1872 com o nome de batismo de Teodoro Henrique. Em 1890, quando ainda n\u00e3o completara 18 anos, Teodoro Henrique vai para Harreveld, na Holanda, onde os franciscanos mantinham um semin\u00e1rio. A decis\u00e3o pela Ordem dos Frades Menores, como consta nos registros hist\u00f3ricos, deu-se pelo encantamento com a humildade e caridade de S\u00e3o Francisco de Assis. \u201cNo dia 1\u00ba de julho de 1894, o navio que transportava 52 jovens frades juntamente com seu mestre, Frei Cir\u00edaco \u2013 1\u00ba guardi\u00e3o do Convento do Sagrado-, aportou em Recife, onde Frei Luiz pode ver o Brasil pela primeira vez. Mas n\u00e3o desceram ali. No dia 10 de julho chegaram em Salvador, Bahia\u201d, contou.<\/p>\n<p>Logo depois, Frei Luiz iniciou seu noviciado e, como era costume na \u00e9poca, mudou de nome, passando a se chamar de <em>Frater Aloysius<\/em>, que foi traduzido livremente por Frei Luiz. Segundo Frei Volney, pouco se sabe sobre sua juventude e primeiros anos da caminhada na vida religiosa franciscana. No entanto, consta que ele foi acometido de duas grandes enfermidades, em 1896 de febre amarela, e depois berib\u00e9ri, doen\u00e7a que o deixou com sequelas para o resto da vida. \u201cFrei Luiz foi aconselhado a viver em algum lugar com clima mais ameno, surgindo da\u00ed a ideia de transferi-lo para um convento da Ordem Franciscana rec\u00e9m-criado na cidade de Petr\u00f3polis: o Convento do Sagrado Cora\u00e7\u00e3o de Jesus\u201d, disse Frei Volney. O frade chegou em terras petropolitanas no dia 2 de janeiro de 1900. \u201cDesta forma, tem in\u00edcio a trajet\u00f3ria de Frei Luiz em nossa cidade e em seus arredores\u201d, frisou.<\/p>\n<p><strong>MESTRE DA CARIDADE<\/strong><\/p>\n<p><img loading=\"lazy\" class=\"alignleft size-medium wp-image-232288\" src=\"https:\/\/franciscanos.org.br\/noticias\/wp-content\/uploads\/2021\/06\/sagrado_04_6-450x395.jpg\" alt=\"\" width=\"450\" height=\"395\" srcset=\"https:\/\/franciscanos.org.br\/noticias\/wp-content\/uploads\/2021\/06\/sagrado_04_6-450x395.jpg 450w, https:\/\/franciscanos.org.br\/noticias\/wp-content\/uploads\/2021\/06\/sagrado_04_6-150x132.jpg 150w, https:\/\/franciscanos.org.br\/noticias\/wp-content\/uploads\/2021\/06\/sagrado_04_6.jpg 600w\" sizes=\"(max-width: 450px) 100vw, 450px\" \/>Assim, no lombo de um cavalo, Frei Luiz come\u00e7a a atender qualquer pessoa que precisasse de ajuda, fosse espiritual, fosse material, n\u00e3o medindo esfor\u00e7os e nem tampouco se importando com as dist\u00e2ncias e dificuldades encontradas. \u201cSua a\u00e7\u00e3o n\u00e3o era apenas de comunh\u00e3o e confiss\u00e3o, mas de distribuir alimentos e medicamentos onde podia\u201d, disse. Segundo Frei Volney, a procura pelo frade, por seu atendimento, por uma palavra, uma b\u00ean\u00e7\u00e3o, era t\u00e3o grande que j\u00e1 n\u00e3o era poss\u00edvel percorrer as dist\u00e2ncias a cavalo, sendo-lhe ent\u00e3o oferecido atrav\u00e9s de doa\u00e7\u00e3o um carro.<\/p>\n<p>Por\u00e9m, em uma de suas viagens, Frei Luiz sofreu um grave acidente de carro, recuperando-se apenas parcialmente de suas consequ\u00eancias. Mesmo assim, Frei Luiz continuou sua miss\u00e3o junto ao povo e, em raz\u00e3o de sua \u201cgrande disponibilidade e amor em atender as pessoas que o procuravam, tornou-se muito querido\u201d, ressaltou Frei Volney.<\/p>\n<p>A\u00a0 bondade e o amor de Frei Luiz\u00a0 pelos mais necessitados despertou a ira de algumas pessoas, fato que o levou a sofrer dois atentados fracassados contra sua vida, mas que tamb\u00e9m o deixou com sequelas em sua j\u00e1 debilitada sa\u00fade. Desta forma, ap\u00f3s enfrentar doen\u00e7as graves, atentados e trabalhar arduamente por anos a fio em sua miss\u00e3o de atender o povo sofrido, sua sa\u00fade demonstrou sinais de decl\u00ednio. Assim, bastante enfermo foi recolhido ao Sanat\u00f3rio S\u00e3o Jos\u00e9, anexo ao hospital Santa Teresa, e, mesmo debilitado, continuava a atender os outros doentes com sua palavra e b\u00ean\u00e7\u00e3o.<\/p>\n<p><img loading=\"lazy\" class=\"alignnone size-full wp-image-232289\" src=\"https:\/\/franciscanos.org.br\/noticias\/wp-content\/uploads\/2021\/06\/sagrado_04_2.jpg\" alt=\"\" width=\"1280\" height=\"695\" srcset=\"https:\/\/franciscanos.org.br\/noticias\/wp-content\/uploads\/2021\/06\/sagrado_04_2.jpg 1280w, https:\/\/franciscanos.org.br\/noticias\/wp-content\/uploads\/2021\/06\/sagrado_04_2-450x244.jpg 450w, https:\/\/franciscanos.org.br\/noticias\/wp-content\/uploads\/2021\/06\/sagrado_04_2-1024x556.jpg 1024w, https:\/\/franciscanos.org.br\/noticias\/wp-content\/uploads\/2021\/06\/sagrado_04_2-768x417.jpg 768w, https:\/\/franciscanos.org.br\/noticias\/wp-content\/uploads\/2021\/06\/sagrado_04_2-150x81.jpg 150w\" sizes=\"(max-width: 1280px) 100vw, 1280px\" \/><\/p>\n<p><strong>CORTEJO F\u00daNEBRE E O SEPULTAMENTO<\/strong><\/p>\n<p>Na manh\u00e3 de 09 de abril de 1937 faleceu Frei Luiz. \u201cA como\u00e7\u00e3o tomou conta das pessoas que acorreram para a Igreja do Sagrado para homenagearem o t\u00e3o querido Frei Luiz. Centenas de pessoas a quem o Frei devotara toda sua vida e por quem tinham verdadeira venera\u00e7\u00e3o acompanharam o cortejo f\u00fanebre e o sepultamento\u201d, frisou Frei Volney.<\/p>\n<p>\u201cEssa figura muito interessante viveu aqui em Petr\u00f3polis e marcou a hist\u00f3ria dos 125 anos de presen\u00e7a franciscana. Agrade\u00e7amos e bendigamos a Deus por todas as gra\u00e7as que Ele fez e continua fazendo atrav\u00e9s da figura de Frei Luiz\u201d, concluiu.<\/p>\n<p>Os restos mortais de Frei Luiz encontram-se at\u00e9 hoje no mausol\u00e9u dos frades junto ao cemit\u00e9rio municipal de Petr\u00f3polis, simples e quase que escondida, sua urna traz a inscri\u00e7\u00e3o <em>\u201cFrater Aloysius Reinke\u201d.<\/em><\/p>\n<p><img loading=\"lazy\" class=\"alignnone size-full wp-image-232290\" src=\"https:\/\/franciscanos.org.br\/noticias\/wp-content\/uploads\/2021\/06\/sagrado_04_4.jpg\" alt=\"\" width=\"1280\" height=\"636\" srcset=\"https:\/\/franciscanos.org.br\/noticias\/wp-content\/uploads\/2021\/06\/sagrado_04_4.jpg 1280w, https:\/\/franciscanos.org.br\/noticias\/wp-content\/uploads\/2021\/06\/sagrado_04_4-450x224.jpg 450w, https:\/\/franciscanos.org.br\/noticias\/wp-content\/uploads\/2021\/06\/sagrado_04_4-1024x509.jpg 1024w, https:\/\/franciscanos.org.br\/noticias\/wp-content\/uploads\/2021\/06\/sagrado_04_4-768x382.jpg 768w, https:\/\/franciscanos.org.br\/noticias\/wp-content\/uploads\/2021\/06\/sagrado_04_4-150x75.jpg 150w\" sizes=\"(max-width: 1280px) 100vw, 1280px\" \/><\/p>\n<p><strong>POR AMOR AO EVANGELHO<\/strong><\/p>\n<p>O p\u00e1roco Frei Jorge Paulo Schiavini presidiu a celebra\u00e7\u00e3o das 15 horas, que acumulou com o 4\u00ba dia da Trezena de Santo Ant\u00f4nio, cujo tema foi: \u201cSanto Ant\u00f4nio, reflexo de Cristo\u201d. \u201cNo dia de hoje rendemos gra\u00e7as a Deus pela vida de Frei Luiz, que foi um dentre tantos e centenas de frades que j\u00e1 passaram por aqui\u201d, lembrou. Para Frei Jorge, desde o come\u00e7o nota-se que Frei Luiz foi designado para o servi\u00e7o da evangeliza\u00e7\u00e3o, citando as filas de b\u00ean\u00e7\u00e3os de Santo Ant\u00f4nio que o frade atendia. \u201cE hoje no 4\u00ba dia da Trezena, lembramos que j\u00e1 s\u00e3o mais de 100 anos que celebramos a presen\u00e7a de Deus em nosso meio por intercess\u00e3o de Santo Ant\u00f4nio\u201d.<\/p>\n<p>Segundo o p\u00e1roco e guardi\u00e3o, torna-se vis\u00edvel que Frei Luiz trazia juntamente com sua humanidade e caridade algo a mais. \u201cEle vivia conectado com o pr\u00f3prio Filho de Deus. E a partir disso, ele vai gastando sua vida por amor a Cristo, por amor ao Evangelho e em servi\u00e7o ao Reino de Deus\u201d, afirmou.<\/p>\n<p>As missas seguiram todas as medidas de distanciamento e higiene sanit\u00e1ria. Tamb\u00e9m foram transmitidas pelo Facebook e YouTube da Par\u00f3quia do Sagrado e pela R\u00e1dio Imperial. A pr\u00f3xima celebra\u00e7\u00e3o ser\u00e1 no dia 11 de junho, dia da Solenidade do Sagrado Cora\u00e7\u00e3o de Jesus, com a presen\u00e7a de Dom Greg\u00f3rio Paix\u00e3o, bispo da Diocese de Petr\u00f3polis (RJ).<\/p>\n<hr \/>\n<p><strong><em>Frei Augusto Luiz Gabriel<\/em><\/strong><\/p>\n<p><img loading=\"lazy\" class=\"alignnone size-full wp-image-232291\" src=\"https:\/\/franciscanos.org.br\/noticias\/wp-content\/uploads\/2021\/06\/sagrado_07.jpg\" alt=\"\" width=\"1280\" height=\"853\" srcset=\"https:\/\/franciscanos.org.br\/noticias\/wp-content\/uploads\/2021\/06\/sagrado_07.jpg 1280w, https:\/\/franciscanos.org.br\/noticias\/wp-content\/uploads\/2021\/06\/sagrado_07-450x300.jpg 450w, https:\/\/franciscanos.org.br\/noticias\/wp-content\/uploads\/2021\/06\/sagrado_07-1024x682.jpg 1024w, https:\/\/franciscanos.org.br\/noticias\/wp-content\/uploads\/2021\/06\/sagrado_07-768x512.jpg 768w, https:\/\/franciscanos.org.br\/noticias\/wp-content\/uploads\/2021\/06\/sagrado_07-150x100.jpg 150w\" sizes=\"(max-width: 1280px) 100vw, 1280px\" \/><\/p>\n","protected":false},"excerpt":{"rendered":"<p>Ano Jubilar na Par\u00f3quia do Sagrado<\/p>\n","protected":false},"author":3,"featured_media":0,"comment_status":"open","ping_status":"open","sticky":false,"template":"","format":"standard","meta":[],"categories":[1],"tags":[1859,1766,190],"acf":[],"yoast_head":"<!-- This site is optimized with the Yoast SEO plugin v19.2 - https:\/\/yoast.com\/wordpress\/plugins\/seo\/ -->\n<title>Celebra\u00e7\u00f5es fazem mem\u00f3ria do franciscano Luiz Reinke, mestre na caridade - Not\u00edcias - Franciscanos<\/title>\n<meta name=\"robots\" content=\"index, follow, max-snippet:-1, max-image-preview:large, max-video-preview:-1\" \/>\n<link rel=\"canonical\" href=\"https:\/\/franciscanos.org.br\/noticias\/celebracoes-fazem-memoria-do-franciscano-luiz-reinke-mestre-na-caridade.html\" \/>\n<meta property=\"og:locale\" content=\"pt_BR\" \/>\n<meta property=\"og:type\" content=\"article\" \/>\n<meta property=\"og:title\" content=\"Celebra\u00e7\u00f5es fazem mem\u00f3ria do franciscano Luiz Reinke, mestre na caridade - Not\u00edcias - Franciscanos\" \/>\n<meta property=\"og:description\" content=\"Ano Jubilar na Par\u00f3quia do Sagrado\" \/>\n<meta property=\"og:url\" content=\"https:\/\/franciscanos.org.br\/noticias\/celebracoes-fazem-memoria-do-franciscano-luiz-reinke-mestre-na-caridade.html\" \/>\n<meta property=\"og:site_name\" content=\"Not\u00edcias - Franciscanos\" \/>\n<meta property=\"article:published_time\" content=\"2021-06-05T00:05:19+00:00\" \/>\n<meta property=\"article:modified_time\" content=\"2021-06-05T02:27:12+00:00\" \/>\n<meta property=\"og:image\" content=\"https:\/\/franciscanos.org.br\/noticias\/wp-content\/uploads\/2021\/06\/sagrado_04.jpg\" \/>\n<meta name=\"author\" content=\"moacir\" \/>\n<meta name=\"twitter:card\" content=\"summary_large_image\" \/>\n<meta name=\"twitter:label1\" content=\"Escrito por\" \/>\n\t<meta name=\"twitter:data1\" content=\"moacir\" \/>\n\t<meta name=\"twitter:label2\" content=\"Est. tempo de leitura\" \/>\n\t<meta name=\"twitter:data2\" content=\"6 minutos\" \/>\n<script type=\"application\/ld+json\" class=\"yoast-schema-graph\">{\"@context\":\"https:\/\/schema.org\",\"@graph\":[{\"@type\":\"WebSite\",\"@id\":\"https:\/\/franciscanos.org.br\/noticias\/#website\",\"url\":\"https:\/\/franciscanos.org.br\/noticias\/\",\"name\":\"Not\u00edcias - Franciscanos\",\"description\":\"Prov\u00edncia Franciscana da Imaculada Concei\u00e7\u00e3o do Brasil - Ordem dos Frades Menores - OFM\",\"potentialAction\":[{\"@type\":\"SearchAction\",\"target\":{\"@type\":\"EntryPoint\",\"urlTemplate\":\"https:\/\/franciscanos.org.br\/noticias\/?s={search_term_string}\"},\"query-input\":\"required name=search_term_string\"}],\"inLanguage\":\"pt-BR\"},{\"@type\":\"ImageObject\",\"inLanguage\":\"pt-BR\",\"@id\":\"https:\/\/franciscanos.org.br\/noticias\/celebracoes-fazem-memoria-do-franciscano-luiz-reinke-mestre-na-caridade.html#primaryimage\",\"url\":\"https:\/\/franciscanos.org.br\/noticias\/wp-content\/uploads\/2021\/06\/sagrado_04.jpg\",\"contentUrl\":\"https:\/\/franciscanos.org.br\/noticias\/wp-content\/uploads\/2021\/06\/sagrado_04.jpg\",\"width\":1280,\"height\":720},{\"@type\":\"WebPage\",\"@id\":\"https:\/\/franciscanos.org.br\/noticias\/celebracoes-fazem-memoria-do-franciscano-luiz-reinke-mestre-na-caridade.html#webpage\",\"url\":\"https:\/\/franciscanos.org.br\/noticias\/celebracoes-fazem-memoria-do-franciscano-luiz-reinke-mestre-na-caridade.html\",\"name\":\"Celebra\u00e7\u00f5es fazem mem\u00f3ria do franciscano Luiz Reinke, mestre na caridade - Not\u00edcias - Franciscanos\",\"isPartOf\":{\"@id\":\"https:\/\/franciscanos.org.br\/noticias\/#website\"},\"primaryImageOfPage\":{\"@id\":\"https:\/\/franciscanos.org.br\/noticias\/celebracoes-fazem-memoria-do-franciscano-luiz-reinke-mestre-na-caridade.html#primaryimage\"},\"datePublished\":\"2021-06-05T00:05:19+00:00\",\"dateModified\":\"2021-06-05T02:27:12+00:00\",\"author\":{\"@id\":\"https:\/\/franciscanos.org.br\/noticias\/#\/schema\/person\/b5c8cba458c330ccff548b056e95a5d4\"},\"breadcrumb\":{\"@id\":\"https:\/\/franciscanos.org.br\/noticias\/celebracoes-fazem-memoria-do-franciscano-luiz-reinke-mestre-na-caridade.html#breadcrumb\"},\"inLanguage\":\"pt-BR\",\"potentialAction\":[{\"@type\":\"ReadAction\",\"target\":[\"https:\/\/franciscanos.org.br\/noticias\/celebracoes-fazem-memoria-do-franciscano-luiz-reinke-mestre-na-caridade.html\"]}]},{\"@type\":\"BreadcrumbList\",\"@id\":\"https:\/\/franciscanos.org.br\/noticias\/celebracoes-fazem-memoria-do-franciscano-luiz-reinke-mestre-na-caridade.html#breadcrumb\",\"itemListElement\":[{\"@type\":\"ListItem\",\"position\":1,\"name\":\"Home\",\"item\":\"https:\/\/franciscanos.org.br\/noticias\"},{\"@type\":\"ListItem\",\"position\":2,\"name\":\"Celebra\u00e7\u00f5es fazem mem\u00f3ria do franciscano Luiz Reinke, mestre na caridade\"}]},{\"@type\":\"Person\",\"@id\":\"https:\/\/franciscanos.org.br\/noticias\/#\/schema\/person\/b5c8cba458c330ccff548b056e95a5d4\",\"name\":\"moacir\",\"image\":{\"@type\":\"ImageObject\",\"inLanguage\":\"pt-BR\",\"@id\":\"https:\/\/franciscanos.org.br\/noticias\/#\/schema\/person\/image\/\",\"url\":\"https:\/\/secure.gravatar.com\/avatar\/d08aa2ce4c8dd416d4479aa8536fcf64?s=96&d=mm&r=g\",\"contentUrl\":\"https:\/\/secure.gravatar.com\/avatar\/d08aa2ce4c8dd416d4479aa8536fcf64?s=96&d=mm&r=g\",\"caption\":\"moacir\"},\"url\":\"https:\/\/franciscanos.org.br\/noticias\/author\/moacir\"}]}<\/script>\n<!-- \/ Yoast SEO plugin. -->","yoast_head_json":{"title":"Celebra\u00e7\u00f5es fazem mem\u00f3ria do franciscano Luiz Reinke, mestre na caridade - Not\u00edcias - Franciscanos","robots":{"index":"index","follow":"follow","max-snippet":"max-snippet:-1","max-image-preview":"max-image-preview:large","max-video-preview":"max-video-preview:-1"},"canonical":"https:\/\/franciscanos.org.br\/noticias\/celebracoes-fazem-memoria-do-franciscano-luiz-reinke-mestre-na-caridade.html","og_locale":"pt_BR","og_type":"article","og_title":"Celebra\u00e7\u00f5es fazem mem\u00f3ria do franciscano Luiz Reinke, mestre na caridade - Not\u00edcias - Franciscanos","og_description":"Ano Jubilar na Par\u00f3quia do Sagrado","og_url":"https:\/\/franciscanos.org.br\/noticias\/celebracoes-fazem-memoria-do-franciscano-luiz-reinke-mestre-na-caridade.html","og_site_name":"Not\u00edcias - Franciscanos","article_published_time":"2021-06-05T00:05:19+00:00","article_modified_time":"2021-06-05T02:27:12+00:00","og_image":[{"url":"https:\/\/franciscanos.org.br\/noticias\/wp-content\/uploads\/2021\/06\/sagrado_04.jpg"}],"author":"moacir","twitter_card":"summary_large_image","twitter_misc":{"Escrito por":"moacir","Est. tempo de leitura":"6 minutos"},"schema":{"@context":"https:\/\/schema.org","@graph":[{"@type":"WebSite","@id":"https:\/\/franciscanos.org.br\/noticias\/#website","url":"https:\/\/franciscanos.org.br\/noticias\/","name":"Not\u00edcias - Franciscanos","description":"Prov\u00edncia Franciscana da Imaculada Concei\u00e7\u00e3o do Brasil - Ordem dos Frades Menores - OFM","potentialAction":[{"@type":"SearchAction","target":{"@type":"EntryPoint","urlTemplate":"https:\/\/franciscanos.org.br\/noticias\/?s={search_term_string}"},"query-input":"required name=search_term_string"}],"inLanguage":"pt-BR"},{"@type":"ImageObject","inLanguage":"pt-BR","@id":"https:\/\/franciscanos.org.br\/noticias\/celebracoes-fazem-memoria-do-franciscano-luiz-reinke-mestre-na-caridade.html#primaryimage","url":"https:\/\/franciscanos.org.br\/noticias\/wp-content\/uploads\/2021\/06\/sagrado_04.jpg","contentUrl":"https:\/\/franciscanos.org.br\/noticias\/wp-content\/uploads\/2021\/06\/sagrado_04.jpg","width":1280,"height":720},{"@type":"WebPage","@id":"https:\/\/franciscanos.org.br\/noticias\/celebracoes-fazem-memoria-do-franciscano-luiz-reinke-mestre-na-caridade.html#webpage","url":"https:\/\/franciscanos.org.br\/noticias\/celebracoes-fazem-memoria-do-franciscano-luiz-reinke-mestre-na-caridade.html","name":"Celebra\u00e7\u00f5es fazem mem\u00f3ria do franciscano Luiz Reinke, mestre na caridade - Not\u00edcias - Franciscanos","isPartOf":{"@id":"https:\/\/franciscanos.org.br\/noticias\/#website"},"primaryImageOfPage":{"@id":"https:\/\/franciscanos.org.br\/noticias\/celebracoes-fazem-memoria-do-franciscano-luiz-reinke-mestre-na-caridade.html#primaryimage"},"datePublished":"2021-06-05T00:05:19+00:00","dateModified":"2021-06-05T02:27:12+00:00","author":{"@id":"https:\/\/franciscanos.org.br\/noticias\/#\/schema\/person\/b5c8cba458c330ccff548b056e95a5d4"},"breadcrumb":{"@id":"https:\/\/franciscanos.org.br\/noticias\/celebracoes-fazem-memoria-do-franciscano-luiz-reinke-mestre-na-caridade.html#breadcrumb"},"inLanguage":"pt-BR","potentialAction":[{"@type":"ReadAction","target":["https:\/\/franciscanos.org.br\/noticias\/celebracoes-fazem-memoria-do-franciscano-luiz-reinke-mestre-na-caridade.html"]}]},{"@type":"BreadcrumbList","@id":"https:\/\/franciscanos.org.br\/noticias\/celebracoes-fazem-memoria-do-franciscano-luiz-reinke-mestre-na-caridade.html#breadcrumb","itemListElement":[{"@type":"ListItem","position":1,"name":"Home","item":"https:\/\/franciscanos.org.br\/noticias"},{"@type":"ListItem","position":2,"name":"Celebra\u00e7\u00f5es fazem mem\u00f3ria do franciscano Luiz Reinke, mestre na caridade"}]},{"@type":"Person","@id":"https:\/\/franciscanos.org.br\/noticias\/#\/schema\/person\/b5c8cba458c330ccff548b056e95a5d4","name":"moacir","image":{"@type":"ImageObject","inLanguage":"pt-BR","@id":"https:\/\/franciscanos.org.br\/noticias\/#\/schema\/person\/image\/","url":"https:\/\/secure.gravatar.com\/avatar\/d08aa2ce4c8dd416d4479aa8536fcf64?s=96&d=mm&r=g","contentUrl":"https:\/\/secure.gravatar.com\/avatar\/d08aa2ce4c8dd416d4479aa8536fcf64?s=96&d=mm&r=g","caption":"moacir"},"url":"https:\/\/franciscanos.org.br\/noticias\/author\/moacir"}]}},"_links":{"self":[{"href":"https:\/\/franciscanos.org.br\/noticias\/wp-json\/wp\/v2\/posts\/232285"}],"collection":[{"href":"https:\/\/franciscanos.org.br\/noticias\/wp-json\/wp\/v2\/posts"}],"about":[{"href":"https:\/\/franciscanos.org.br\/noticias\/wp-json\/wp\/v2\/types\/post"}],"author":[{"embeddable":true,"href":"https:\/\/franciscanos.org.br\/noticias\/wp-json\/wp\/v2\/users\/3"}],"replies":[{"embeddable":true,"href":"https:\/\/franciscanos.org.br\/noticias\/wp-json\/wp\/v2\/comments?post=232285"}],"version-history":[{"count":3,"href":"https:\/\/franciscanos.org.br\/noticias\/wp-json\/wp\/v2\/posts\/232285\/revisions"}],"predecessor-version":[{"id":232294,"href":"https:\/\/franciscanos.org.br\/noticias\/wp-json\/wp\/v2\/posts\/232285\/revisions\/232294"}],"wp:attachment":[{"href":"https:\/\/franciscanos.org.br\/noticias\/wp-json\/wp\/v2\/media?parent=232285"}],"wp:term":[{"taxonomy":"category","embeddable":true,"href":"https:\/\/franciscanos.org.br\/noticias\/wp-json\/wp\/v2\/categories?post=232285"},{"taxonomy":"post_tag","embeddable":true,"href":"https:\/\/franciscanos.org.br\/noticias\/wp-json\/wp\/v2\/tags?post=232285"}],"curies":[{"name":"wp","href":"https:\/\/api.w.org\/{rel}","templated":true}]}}