{"id":232270,"date":"2021-06-04T10:28:03","date_gmt":"2021-06-04T13:28:03","guid":{"rendered":"https:\/\/franciscanos.org.br\/noticias\/?p=232270"},"modified":"2021-06-04T14:30:15","modified_gmt":"2021-06-04T17:30:15","slug":"solenidade-de-corpus-christi-na-paroquia-sao-luiz-gonzaga-de-xaxim","status":"publish","type":"post","link":"https:\/\/franciscanos.org.br\/noticias\/solenidade-de-corpus-christi-na-paroquia-sao-luiz-gonzaga-de-xaxim.html","title":{"rendered":"Solenidade de Corpus Christi na Par\u00f3quia S\u00e3o Luiz Gonzaga de Xaxim"},"content":{"rendered":"<p>&nbsp;<\/p>\n<p><img loading=\"lazy\" class=\"alignright wp-image-232278 size-full\" src=\"https:\/\/franciscanos.org.br\/noticias\/wp-content\/uploads\/2021\/06\/xaxim_01.jpg\" alt=\"\" width=\"1280\" height=\"720\" srcset=\"https:\/\/franciscanos.org.br\/noticias\/wp-content\/uploads\/2021\/06\/xaxim_01.jpg 1280w, https:\/\/franciscanos.org.br\/noticias\/wp-content\/uploads\/2021\/06\/xaxim_01-450x253.jpg 450w, https:\/\/franciscanos.org.br\/noticias\/wp-content\/uploads\/2021\/06\/xaxim_01-1024x576.jpg 1024w, https:\/\/franciscanos.org.br\/noticias\/wp-content\/uploads\/2021\/06\/xaxim_01-768x432.jpg 768w, https:\/\/franciscanos.org.br\/noticias\/wp-content\/uploads\/2021\/06\/xaxim_01-150x84.jpg 150w\" sizes=\"(max-width: 1280px) 100vw, 1280px\" \/><\/p>\n<p>A Par\u00f3quia S\u00e3o Luiz Gonzaga celebrou Corpus Christi, na quinta-feira (03\/06), nos quatro setores. As celebra\u00e7\u00f5es em Marema e Lajeado Grande tiveram in\u00edcio \u00e0s 9h. Entre Rios, \u00e0s 9h15, e na Igreja Matriz, \u00e0s 15h, com transmiss\u00e3o pelas redes sociais. Frei Jacir Ant\u00f4nio Zolet presidiu a celebra\u00e7\u00e3o.<\/p>\n<p><img loading=\"lazy\" class=\"alignright size-medium wp-image-232279\" src=\"https:\/\/franciscanos.org.br\/noticias\/wp-content\/uploads\/2021\/06\/xaxim_05-450x310.jpg\" alt=\"\" width=\"450\" height=\"310\" srcset=\"https:\/\/franciscanos.org.br\/noticias\/wp-content\/uploads\/2021\/06\/xaxim_05-450x310.jpg 450w, https:\/\/franciscanos.org.br\/noticias\/wp-content\/uploads\/2021\/06\/xaxim_05-150x103.jpg 150w, https:\/\/franciscanos.org.br\/noticias\/wp-content\/uploads\/2021\/06\/xaxim_05-320x220.jpg 320w, https:\/\/franciscanos.org.br\/noticias\/wp-content\/uploads\/2021\/06\/xaxim_05.jpg 500w\" sizes=\"(max-width: 450px) 100vw, 450px\" \/>Os tradicionais tapetes foram confeccionados pela Catequese e Pastoral da Juventude em frente \u00e0 igreja Matriz, formando tr\u00eas esta\u00e7\u00f5es. Frei Jacir, iniciou sua homilia ressaltando o porqu\u00ea da Solenidade do Corpo e Sangue de Cristo, e como tudo est\u00e1 ligado ao amor.<\/p>\n<p>Com uma breve hist\u00f3ria, o frade ressaltou a import\u00e2ncia do amor e que o ser humano conheceu o amor e o pregou em uma cruz. \u201cDeus ama cada um de n\u00f3s, e por essa raz\u00e3o ele est\u00e1 no meio de n\u00f3s\u201d, disse. Frei Jacir relembrou que muitas pessoas dizem que Deus est\u00e1 aqui porque pecamos, no entanto, n\u00e3o \u00e9 desta forma. \u201cN\u00e3o \u00e9 o pecado que faz Deus estar no nosso meio, mas o amor que ele tem por n\u00f3s\u201d, pontuou o sacerdote.<\/p>\n<p>Para Frei Jacir, algumas raz\u00f5es explicam Deus estar no cora\u00e7\u00e3o do ser humano. \u201cDeus, al\u00e9m de nos amar, quer ficar no nosso cora\u00e7\u00e3o. Deus quer ficar no cora\u00e7\u00e3o do ser humano por algumas raz\u00f5es: para nos dizer que temos um pai, e esse pai nos ama e nos cuida e quer bem; e para revelar que o amor que temos por Deus devemos ter por nossos irm\u00e3os\u201d. Em seguida, pediu para que todos repetissem juntos: \u201cAmai-vos uns aos outros, como eu vos tenho amado.<\/p>\n<p>No encerramento de sua reflex\u00e3o, Frei Jacir exaltou a import\u00e2ncia de ter Deus na vida, pois quem tem Deus no cora\u00e7\u00e3o, tem vida. \u201cPor isso, a festa de hoje \u00e9 adora\u00e7\u00e3o, alegria, \u00e9 o encontro fraterno. \u00c9 o compromisso com Deus e com os nossos irm\u00e3os. \u00c9 a festa para os filhos de Deus. \u00c9 festa, \u00e9 alegria porque n\u00f3s recebemos aquele que disse: Quem come a minha carne, bebe o meu sangue permanece em mim, e eu nele. Am\u00e9m!\u201d, finalizou Frei Jacir.<\/p>\n<p>&nbsp;<\/p>\n<p><img loading=\"lazy\" class=\"alignright wp-image-232281 size-full\" src=\"https:\/\/franciscanos.org.br\/noticias\/wp-content\/uploads\/2021\/06\/xaxim_03jpg.jpg\" alt=\"\" width=\"1280\" height=\"853\" srcset=\"https:\/\/franciscanos.org.br\/noticias\/wp-content\/uploads\/2021\/06\/xaxim_03jpg.jpg 1280w, https:\/\/franciscanos.org.br\/noticias\/wp-content\/uploads\/2021\/06\/xaxim_03jpg-450x300.jpg 450w, https:\/\/franciscanos.org.br\/noticias\/wp-content\/uploads\/2021\/06\/xaxim_03jpg-1024x682.jpg 1024w, https:\/\/franciscanos.org.br\/noticias\/wp-content\/uploads\/2021\/06\/xaxim_03jpg-768x512.jpg 768w, https:\/\/franciscanos.org.br\/noticias\/wp-content\/uploads\/2021\/06\/xaxim_03jpg-150x100.jpg 150w\" sizes=\"(max-width: 1280px) 100vw, 1280px\" \/><\/p>\n<p>O p\u00e1roco, Frei Gilson Kammer foi convidado ao final da celebra\u00e7\u00e3o para fazer o agradecimentos ao povo de Deus que estava presente, \u00a0e tamb\u00e9m aos que ajudaram em toda a prepara\u00e7\u00e3o dos tapetes. \u201cAgrade\u00e7o a Catequese, que preparou os tapetes, a Pastoral da Juventude e aos leigos Franciscanos que est\u00e3o ajudando na campanha \u2018O Bom Samaritano\u2019, que s\u00e3o as vestes e tamb\u00e9m os alimentos que est\u00e3o enfeitando os tapetes por onde, depois da celebra\u00e7\u00e3o, o Sant\u00edssimo vai passar. Agrade\u00e7o a todos que contribu\u00edram, que doaram e que fizeram suas doa\u00e7\u00f5es, tanto de alimento quanto de roupas. Vai ajudar muita gente, e essa \u00e9 a maneira de a gente bem celebrar a Eucaristia. Agrade\u00e7o tamb\u00e9m ao Frei Jacir, que presidiu essa celebra\u00e7\u00e3o. Agrade\u00e7o a presen\u00e7a de cada um de voc\u00eas. Na parte da manh\u00e3 celebramos nos outros setores: Marema, Lajeado Grande e Entre Rios. Em todas as comunidades foi uma celebra\u00e7\u00e3o muito bonita e muito participativa. Muito obrigado pela presen\u00e7a de todos e que Deus nos aben\u00e7oe\u201d, disse Frei Gilson.<\/p>\n<p><img loading=\"lazy\" class=\"alignright wp-image-232282 size-full\" src=\"https:\/\/franciscanos.org.br\/noticias\/wp-content\/uploads\/2021\/06\/xaxim_02.jpg\" alt=\"\" width=\"1280\" height=\"853\" srcset=\"https:\/\/franciscanos.org.br\/noticias\/wp-content\/uploads\/2021\/06\/xaxim_02.jpg 1280w, https:\/\/franciscanos.org.br\/noticias\/wp-content\/uploads\/2021\/06\/xaxim_02-450x300.jpg 450w, https:\/\/franciscanos.org.br\/noticias\/wp-content\/uploads\/2021\/06\/xaxim_02-1024x682.jpg 1024w, https:\/\/franciscanos.org.br\/noticias\/wp-content\/uploads\/2021\/06\/xaxim_02-768x512.jpg 768w, https:\/\/franciscanos.org.br\/noticias\/wp-content\/uploads\/2021\/06\/xaxim_02-150x100.jpg 150w\" sizes=\"(max-width: 1280px) 100vw, 1280px\" \/>Em prociss\u00e3o, Frei Jacir saiu da igreja pelo corredor central com o Sant\u00edssimo e passou pelas tr\u00eas esta\u00e7\u00f5es com momentos de adora\u00e7\u00e3o e b\u00ean\u00e7\u00e3o. Ao final, em frente \u00e0 igreja, a b\u00ean\u00e7\u00e3o final. O Sant\u00edssimo ficou exposto para quem desejava fazer suas ora\u00e7\u00f5es, pedidos e agradecimentos.<\/p>\n<hr \/>\n<p><em>Pascom da Par\u00f3quia S\u00e3o Luiz Gonzaga (Camila Mendo e Diogo Rossoni\/fotos)<\/em><\/p>\n<p>&nbsp;<\/p>\n","protected":false},"excerpt":{"rendered":"<p>Par\u00f3quia S\u00e3o Luiz Gonzaga<\/p>\n","protected":false},"author":3,"featured_media":232283,"comment_status":"open","ping_status":"open","sticky":false,"template":"","format":"standard","meta":[],"categories":[1],"tags":[388,1589],"acf":[],"yoast_head":"<!-- This site is optimized with the Yoast SEO plugin v19.2 - https:\/\/yoast.com\/wordpress\/plugins\/seo\/ -->\n<title>Solenidade de Corpus Christi na Par\u00f3quia S\u00e3o Luiz Gonzaga de Xaxim - Not\u00edcias - Franciscanos<\/title>\n<meta name=\"robots\" content=\"index, follow, max-snippet:-1, max-image-preview:large, max-video-preview:-1\" \/>\n<link rel=\"canonical\" href=\"https:\/\/franciscanos.org.br\/noticias\/solenidade-de-corpus-christi-na-paroquia-sao-luiz-gonzaga-de-xaxim.html\" \/>\n<meta property=\"og:locale\" content=\"pt_BR\" \/>\n<meta property=\"og:type\" content=\"article\" \/>\n<meta property=\"og:title\" content=\"Solenidade de Corpus Christi na Par\u00f3quia S\u00e3o Luiz Gonzaga de Xaxim - Not\u00edcias - Franciscanos\" \/>\n<meta property=\"og:description\" content=\"Par\u00f3quia S\u00e3o Luiz Gonzaga\" \/>\n<meta property=\"og:url\" content=\"https:\/\/franciscanos.org.br\/noticias\/solenidade-de-corpus-christi-na-paroquia-sao-luiz-gonzaga-de-xaxim.html\" \/>\n<meta property=\"og:site_name\" content=\"Not\u00edcias - Franciscanos\" \/>\n<meta property=\"article:published_time\" content=\"2021-06-04T13:28:03+00:00\" \/>\n<meta property=\"article:modified_time\" content=\"2021-06-04T17:30:15+00:00\" \/>\n<meta property=\"og:image\" content=\"https:\/\/franciscanos.org.br\/noticias\/wp-content\/uploads\/2021\/06\/xaxim_01d.jpg\" \/>\n\t<meta property=\"og:image:width\" content=\"800\" \/>\n\t<meta property=\"og:image:height\" content=\"550\" \/>\n\t<meta property=\"og:image:type\" content=\"image\/jpeg\" \/>\n<meta name=\"author\" content=\"moacir\" \/>\n<meta name=\"twitter:card\" content=\"summary_large_image\" \/>\n<meta name=\"twitter:label1\" content=\"Escrito por\" \/>\n\t<meta name=\"twitter:data1\" content=\"moacir\" \/>\n\t<meta name=\"twitter:label2\" content=\"Est. tempo de leitura\" \/>\n\t<meta name=\"twitter:data2\" content=\"3 minutos\" \/>\n<script type=\"application\/ld+json\" class=\"yoast-schema-graph\">{\"@context\":\"https:\/\/schema.org\",\"@graph\":[{\"@type\":\"WebSite\",\"@id\":\"https:\/\/franciscanos.org.br\/noticias\/#website\",\"url\":\"https:\/\/franciscanos.org.br\/noticias\/\",\"name\":\"Not\u00edcias - Franciscanos\",\"description\":\"Prov\u00edncia Franciscana da Imaculada Concei\u00e7\u00e3o do Brasil - Ordem dos Frades Menores - OFM\",\"potentialAction\":[{\"@type\":\"SearchAction\",\"target\":{\"@type\":\"EntryPoint\",\"urlTemplate\":\"https:\/\/franciscanos.org.br\/noticias\/?s={search_term_string}\"},\"query-input\":\"required name=search_term_string\"}],\"inLanguage\":\"pt-BR\"},{\"@type\":\"ImageObject\",\"inLanguage\":\"pt-BR\",\"@id\":\"https:\/\/franciscanos.org.br\/noticias\/solenidade-de-corpus-christi-na-paroquia-sao-luiz-gonzaga-de-xaxim.html#primaryimage\",\"url\":\"https:\/\/franciscanos.org.br\/noticias\/wp-content\/uploads\/2021\/06\/xaxim_01d.jpg\",\"contentUrl\":\"https:\/\/franciscanos.org.br\/noticias\/wp-content\/uploads\/2021\/06\/xaxim_01d.jpg\",\"width\":800,\"height\":550},{\"@type\":\"WebPage\",\"@id\":\"https:\/\/franciscanos.org.br\/noticias\/solenidade-de-corpus-christi-na-paroquia-sao-luiz-gonzaga-de-xaxim.html#webpage\",\"url\":\"https:\/\/franciscanos.org.br\/noticias\/solenidade-de-corpus-christi-na-paroquia-sao-luiz-gonzaga-de-xaxim.html\",\"name\":\"Solenidade de Corpus Christi na Par\u00f3quia S\u00e3o Luiz Gonzaga de Xaxim - Not\u00edcias - Franciscanos\",\"isPartOf\":{\"@id\":\"https:\/\/franciscanos.org.br\/noticias\/#website\"},\"primaryImageOfPage\":{\"@id\":\"https:\/\/franciscanos.org.br\/noticias\/solenidade-de-corpus-christi-na-paroquia-sao-luiz-gonzaga-de-xaxim.html#primaryimage\"},\"datePublished\":\"2021-06-04T13:28:03+00:00\",\"dateModified\":\"2021-06-04T17:30:15+00:00\",\"author\":{\"@id\":\"https:\/\/franciscanos.org.br\/noticias\/#\/schema\/person\/b5c8cba458c330ccff548b056e95a5d4\"},\"breadcrumb\":{\"@id\":\"https:\/\/franciscanos.org.br\/noticias\/solenidade-de-corpus-christi-na-paroquia-sao-luiz-gonzaga-de-xaxim.html#breadcrumb\"},\"inLanguage\":\"pt-BR\",\"potentialAction\":[{\"@type\":\"ReadAction\",\"target\":[\"https:\/\/franciscanos.org.br\/noticias\/solenidade-de-corpus-christi-na-paroquia-sao-luiz-gonzaga-de-xaxim.html\"]}]},{\"@type\":\"BreadcrumbList\",\"@id\":\"https:\/\/franciscanos.org.br\/noticias\/solenidade-de-corpus-christi-na-paroquia-sao-luiz-gonzaga-de-xaxim.html#breadcrumb\",\"itemListElement\":[{\"@type\":\"ListItem\",\"position\":1,\"name\":\"Home\",\"item\":\"https:\/\/franciscanos.org.br\/noticias\"},{\"@type\":\"ListItem\",\"position\":2,\"name\":\"Solenidade de Corpus Christi na Par\u00f3quia S\u00e3o Luiz Gonzaga de Xaxim\"}]},{\"@type\":\"Person\",\"@id\":\"https:\/\/franciscanos.org.br\/noticias\/#\/schema\/person\/b5c8cba458c330ccff548b056e95a5d4\",\"name\":\"moacir\",\"image\":{\"@type\":\"ImageObject\",\"inLanguage\":\"pt-BR\",\"@id\":\"https:\/\/franciscanos.org.br\/noticias\/#\/schema\/person\/image\/\",\"url\":\"https:\/\/secure.gravatar.com\/avatar\/d08aa2ce4c8dd416d4479aa8536fcf64?s=96&d=mm&r=g\",\"contentUrl\":\"https:\/\/secure.gravatar.com\/avatar\/d08aa2ce4c8dd416d4479aa8536fcf64?s=96&d=mm&r=g\",\"caption\":\"moacir\"},\"url\":\"https:\/\/franciscanos.org.br\/noticias\/author\/moacir\"}]}<\/script>\n<!-- \/ Yoast SEO plugin. -->","yoast_head_json":{"title":"Solenidade de Corpus Christi na Par\u00f3quia S\u00e3o Luiz Gonzaga de Xaxim - Not\u00edcias - Franciscanos","robots":{"index":"index","follow":"follow","max-snippet":"max-snippet:-1","max-image-preview":"max-image-preview:large","max-video-preview":"max-video-preview:-1"},"canonical":"https:\/\/franciscanos.org.br\/noticias\/solenidade-de-corpus-christi-na-paroquia-sao-luiz-gonzaga-de-xaxim.html","og_locale":"pt_BR","og_type":"article","og_title":"Solenidade de Corpus Christi na Par\u00f3quia S\u00e3o Luiz Gonzaga de Xaxim - Not\u00edcias - Franciscanos","og_description":"Par\u00f3quia S\u00e3o Luiz Gonzaga","og_url":"https:\/\/franciscanos.org.br\/noticias\/solenidade-de-corpus-christi-na-paroquia-sao-luiz-gonzaga-de-xaxim.html","og_site_name":"Not\u00edcias - Franciscanos","article_published_time":"2021-06-04T13:28:03+00:00","article_modified_time":"2021-06-04T17:30:15+00:00","og_image":[{"width":800,"height":550,"url":"https:\/\/franciscanos.org.br\/noticias\/wp-content\/uploads\/2021\/06\/xaxim_01d.jpg","type":"image\/jpeg"}],"author":"moacir","twitter_card":"summary_large_image","twitter_misc":{"Escrito por":"moacir","Est. tempo de leitura":"3 minutos"},"schema":{"@context":"https:\/\/schema.org","@graph":[{"@type":"WebSite","@id":"https:\/\/franciscanos.org.br\/noticias\/#website","url":"https:\/\/franciscanos.org.br\/noticias\/","name":"Not\u00edcias - Franciscanos","description":"Prov\u00edncia Franciscana da Imaculada Concei\u00e7\u00e3o do Brasil - Ordem dos Frades Menores - OFM","potentialAction":[{"@type":"SearchAction","target":{"@type":"EntryPoint","urlTemplate":"https:\/\/franciscanos.org.br\/noticias\/?s={search_term_string}"},"query-input":"required name=search_term_string"}],"inLanguage":"pt-BR"},{"@type":"ImageObject","inLanguage":"pt-BR","@id":"https:\/\/franciscanos.org.br\/noticias\/solenidade-de-corpus-christi-na-paroquia-sao-luiz-gonzaga-de-xaxim.html#primaryimage","url":"https:\/\/franciscanos.org.br\/noticias\/wp-content\/uploads\/2021\/06\/xaxim_01d.jpg","contentUrl":"https:\/\/franciscanos.org.br\/noticias\/wp-content\/uploads\/2021\/06\/xaxim_01d.jpg","width":800,"height":550},{"@type":"WebPage","@id":"https:\/\/franciscanos.org.br\/noticias\/solenidade-de-corpus-christi-na-paroquia-sao-luiz-gonzaga-de-xaxim.html#webpage","url":"https:\/\/franciscanos.org.br\/noticias\/solenidade-de-corpus-christi-na-paroquia-sao-luiz-gonzaga-de-xaxim.html","name":"Solenidade de Corpus Christi na Par\u00f3quia S\u00e3o Luiz Gonzaga de Xaxim - Not\u00edcias - Franciscanos","isPartOf":{"@id":"https:\/\/franciscanos.org.br\/noticias\/#website"},"primaryImageOfPage":{"@id":"https:\/\/franciscanos.org.br\/noticias\/solenidade-de-corpus-christi-na-paroquia-sao-luiz-gonzaga-de-xaxim.html#primaryimage"},"datePublished":"2021-06-04T13:28:03+00:00","dateModified":"2021-06-04T17:30:15+00:00","author":{"@id":"https:\/\/franciscanos.org.br\/noticias\/#\/schema\/person\/b5c8cba458c330ccff548b056e95a5d4"},"breadcrumb":{"@id":"https:\/\/franciscanos.org.br\/noticias\/solenidade-de-corpus-christi-na-paroquia-sao-luiz-gonzaga-de-xaxim.html#breadcrumb"},"inLanguage":"pt-BR","potentialAction":[{"@type":"ReadAction","target":["https:\/\/franciscanos.org.br\/noticias\/solenidade-de-corpus-christi-na-paroquia-sao-luiz-gonzaga-de-xaxim.html"]}]},{"@type":"BreadcrumbList","@id":"https:\/\/franciscanos.org.br\/noticias\/solenidade-de-corpus-christi-na-paroquia-sao-luiz-gonzaga-de-xaxim.html#breadcrumb","itemListElement":[{"@type":"ListItem","position":1,"name":"Home","item":"https:\/\/franciscanos.org.br\/noticias"},{"@type":"ListItem","position":2,"name":"Solenidade de Corpus Christi na Par\u00f3quia S\u00e3o Luiz Gonzaga de Xaxim"}]},{"@type":"Person","@id":"https:\/\/franciscanos.org.br\/noticias\/#\/schema\/person\/b5c8cba458c330ccff548b056e95a5d4","name":"moacir","image":{"@type":"ImageObject","inLanguage":"pt-BR","@id":"https:\/\/franciscanos.org.br\/noticias\/#\/schema\/person\/image\/","url":"https:\/\/secure.gravatar.com\/avatar\/d08aa2ce4c8dd416d4479aa8536fcf64?s=96&d=mm&r=g","contentUrl":"https:\/\/secure.gravatar.com\/avatar\/d08aa2ce4c8dd416d4479aa8536fcf64?s=96&d=mm&r=g","caption":"moacir"},"url":"https:\/\/franciscanos.org.br\/noticias\/author\/moacir"}]}},"_links":{"self":[{"href":"https:\/\/franciscanos.org.br\/noticias\/wp-json\/wp\/v2\/posts\/232270"}],"collection":[{"href":"https:\/\/franciscanos.org.br\/noticias\/wp-json\/wp\/v2\/posts"}],"about":[{"href":"https:\/\/franciscanos.org.br\/noticias\/wp-json\/wp\/v2\/types\/post"}],"author":[{"embeddable":true,"href":"https:\/\/franciscanos.org.br\/noticias\/wp-json\/wp\/v2\/users\/3"}],"replies":[{"embeddable":true,"href":"https:\/\/franciscanos.org.br\/noticias\/wp-json\/wp\/v2\/comments?post=232270"}],"version-history":[{"count":3,"href":"https:\/\/franciscanos.org.br\/noticias\/wp-json\/wp\/v2\/posts\/232270\/revisions"}],"predecessor-version":[{"id":232284,"href":"https:\/\/franciscanos.org.br\/noticias\/wp-json\/wp\/v2\/posts\/232270\/revisions\/232284"}],"wp:featuredmedia":[{"embeddable":true,"href":"https:\/\/franciscanos.org.br\/noticias\/wp-json\/wp\/v2\/media\/232283"}],"wp:attachment":[{"href":"https:\/\/franciscanos.org.br\/noticias\/wp-json\/wp\/v2\/media?parent=232270"}],"wp:term":[{"taxonomy":"category","embeddable":true,"href":"https:\/\/franciscanos.org.br\/noticias\/wp-json\/wp\/v2\/categories?post=232270"},{"taxonomy":"post_tag","embeddable":true,"href":"https:\/\/franciscanos.org.br\/noticias\/wp-json\/wp\/v2\/tags?post=232270"}],"curies":[{"name":"wp","href":"https:\/\/api.w.org\/{rel}","templated":true}]}}