{"id":232253,"date":"2021-06-02T19:46:38","date_gmt":"2021-06-02T22:46:38","guid":{"rendered":"https:\/\/franciscanos.org.br\/noticias\/?p=232253"},"modified":"2021-06-02T19:46:38","modified_gmt":"2021-06-02T22:46:38","slug":"organizacoes-catolicas-pedem-ao-congresso-nacional-compromissos-audaciosos-para-promover-justica-socioambiental","status":"publish","type":"post","link":"https:\/\/franciscanos.org.br\/noticias\/organizacoes-catolicas-pedem-ao-congresso-nacional-compromissos-audaciosos-para-promover-justica-socioambiental.html","title":{"rendered":"Organiza\u00e7\u00f5es cat\u00f3licas pedem ao Congresso Nacional compromissos audaciosos para promover justi\u00e7a socioambiental"},"content":{"rendered":"<div id=\"attachment_232255\" style=\"width: 1290px\" class=\"wp-caption alignnone\"><img aria-describedby=\"caption-attachment-232255\" loading=\"lazy\" class=\"wp-image-232255 size-full\" src=\"https:\/\/franciscanos.org.br\/noticias\/wp-content\/uploads\/2021\/06\/carta_02.png\" alt=\"\" width=\"1280\" height=\"691\" srcset=\"https:\/\/franciscanos.org.br\/noticias\/wp-content\/uploads\/2021\/06\/carta_02.png 1280w, https:\/\/franciscanos.org.br\/noticias\/wp-content\/uploads\/2021\/06\/carta_02-450x243.png 450w, https:\/\/franciscanos.org.br\/noticias\/wp-content\/uploads\/2021\/06\/carta_02-1024x553.png 1024w, https:\/\/franciscanos.org.br\/noticias\/wp-content\/uploads\/2021\/06\/carta_02-768x415.png 768w, https:\/\/franciscanos.org.br\/noticias\/wp-content\/uploads\/2021\/06\/carta_02-150x81.png 150w\" sizes=\"(max-width: 1280px) 100vw, 1280px\" \/><p id=\"caption-attachment-232255\" class=\"wp-caption-text\">\u00a0 \u00a0 \u00a0 \u00a0 \u00a0 \u00a0 \u00a0 \u00a0 \u00a0 \u00a0 \u00a0 \u00a0 \u00a0 \u00a0 \u00a0 \u00a0 \u00a0 \u00a0 \u00a0 \u00a0 \u00a0 \u00a0 \u00a0 \u00a0 \u00a0 \u00a0 \u00a0 \u00a0 \u00a0 \u00a0 \u00a0 \u00a0 \u00a0 \u00a0 \u00a0 \u00a0 \u00a0 \u00a0<em> \u00a0 \u00a0Imagem ilustrativa: Canva (<a href=\"https:\/\/www.canva.com\/pt_br\/modelos\/\">www.canva.com\/pt_br\/modelos<\/a>)<\/em><\/p><\/div>\n<p><em>Em carta aos presidentes da C\u00e2mara dos Deputados e do Senado, inspirada na Economia de Francisco e Clara, organiza\u00e7\u00f5es exigem um compromisso urgente para a prote\u00e7\u00e3o do meio ambiente dos direitos de povos e comunidades tradicionais. O documento \u00e9 inspirado no chamado do Papa Francisco para o movimento da Economia de Francisco e Clara.<\/em><\/p>\n<p>Na manh\u00e3 de ter\u00e7a-feira (25\/05\/2021), mais de 25 organiza\u00e7\u00f5es cat\u00f3licas, ecum\u00eanicas e da sociedade civil, enviaram aos presidentes da C\u00e2mara dos Deputados e do Senado Federal uma carta onde manifestam suas preocupa\u00e7\u00f5es sobre a gravidade da situa\u00e7\u00e3o ambiental, o desrespeito e viol\u00eancia contra os povos tradicionais, as amea\u00e7as aos biomas em crescente desmatamento e a necessidade de ado\u00e7\u00e3o urgente de medidas para proteger integralmente o meio ambiente.<\/p>\n<p>A carta retoma reflex\u00f5es do Papa Francisco na Enc\u00edclica <em>Laudato Si&#8217;,<\/em> no S\u00ednodo da Amaz\u00f4nia, mas foi inspirada no chamado do Pont\u00edfice para o Encontro Economia de Francisco. \u201cA Economia de Francisco e Clara n\u00e3o \u00e9 apenas uma agenda econ\u00f4mica, dentro da perspectiva do senso comum e dos grandes mercados, que trata a economia apenas como espa\u00e7o de circula\u00e7\u00e3o de moedas e produtos. Para \u201crealmar\u201d a Economia, como pede o Papa Francisco, \u00e9 preciso um olhar integral que reconhe\u00e7a as crises (pol\u00edtica, social, econ\u00f4mica e ambiental) de forma conectada\u201d, assinala o documento.<\/p>\n<p>Nas \u00faltimas semanas, a C\u00e2mara e o Senado colocaram em debate alguns Projetos de Lei que desfiguram \u00f3rg\u00e3os e procedimentos de prote\u00e7\u00e3o do meio ambiente e n\u00e3o promovem justi\u00e7a e dignidade aos povos tradicionais. Na carta, as organiza\u00e7\u00f5es afirmam que o Congresso Nacional \u201cn\u00e3o pode ser conivente com projetos econ\u00f4micos, projetos de lei e demais dispositivos sociais, jur\u00eddicos e legislativos que devastam o meio ambiente, sendo necess\u00e1ria a cria\u00e7\u00e3o de um canal de di\u00e1logo desta Casa com o discurso apontado pelo Pont\u00edfice para uma economia que deve estar centrada na supera\u00e7\u00e3o das injusti\u00e7as sociais.\u201d<\/p>\n<p>Para Igor Bastos, do Movimento Cat\u00f3lico Global pelo Clima (GCCM), essa carta reafirma a urg\u00eancia de medidas para proteger o meio ambiente, porque n\u00e3o temos mais tempo a perder. \u201cHoje tamb\u00e9m \u00e9 o encerramento da Semana <em>Laudato Si&#8217;,<\/em> esse documento robusto que o Papa Francisco nos deu em 2015. Por isso, a carta enviada ao Congresso est\u00e1 em sintonia com o pedido do Papa na Enc\u00edclica, chamando \u00e0 responsabilidade dos governos para cuidar da Casa Comum, para promover os direitos de popula\u00e7\u00f5es tradicionais e n\u00e3o desfigurar ainda mais a Cria\u00e7\u00e3o com projetos de morte\u201d, afirma Bastos.<\/p>\n<p>Por isso, a carta pede ainda: a suspens\u00e3o imediata de tramita\u00e7\u00e3o do PL 2633\/2020, PL 510\/2021 (sobre a regulariza\u00e7\u00e3o fundi\u00e1ria), PL 3729 (sobre a flexibiliza\u00e7\u00e3o do licenciamento ambiental), PL 191\/2020 (de autoria do governo federal, que permite a minera\u00e7\u00e3o em terras ind\u00edgenas). E exige das duas casas legislativas a ado\u00e7\u00e3o de medidas concretas, audaciosas e mensur\u00e1veis em vistas ao enfrentamento das mudan\u00e7as clim\u00e1ticas, que tem atingido de forma violenta comunidades e povos em seus territ\u00f3rios tradicionais.<\/p>\n<p style=\"padding-left: 40px;\">O documento \u00e9 assinado por organiza\u00e7\u00f5es como o Movimento Cat\u00f3lico Global pelo Clima (GCCM), organismos da CNBB como a Rede Eclesial Pan-Amaz\u00f4nica (REPAM-Brasil), C\u00e1ritas Brasileira, Comiss\u00e3o Brasileira de Justi\u00e7a e Paz (CBJP), Conselho Indigenista Mission\u00e1rio (CIMI), 6\u00aa Semana Social Brasileira, Confer\u00eancia dos Frades Menores do Brasil e do Cone Sul, Conselho Nacional do Laicato no Brasil (CNLB), tamb\u00e9m por institui\u00e7\u00f5es ecum\u00eanicas como o Conselho Nacional de Igrejas Crist\u00e3s do Brasil (CONIC), bem como a Comiss\u00e3o de Justi\u00e7a, Paz e Integridade da Cria\u00e7\u00e3o (JPIC) dos Frades Capuchinhos do Brasil. A Articula\u00e7\u00e3o Brasileira pela Economia de Francisco e Clara (ABEFC), tamb\u00e9m \u00e9 signat\u00e1ria, apoiado ainda por organiza\u00e7\u00f5es da sociedade civil.<\/p>\n<p>Essa iniciativa tem o acompanhamento do Laborat\u00f3rio de Clima da Purpose Brasil, uma organiza\u00e7\u00e3o que atua em projetos e campanhas, mobilizando pessoas para tornar o mundo um lugar justo e habit\u00e1vel.<\/p>\n<hr \/>\n<p><img loading=\"lazy\" class=\"alignnone wp-image-232254 size-full\" src=\"https:\/\/franciscanos.org.br\/noticias\/wp-content\/uploads\/2021\/06\/logos.jpg\" alt=\"\" width=\"890\" height=\"169\" srcset=\"https:\/\/franciscanos.org.br\/noticias\/wp-content\/uploads\/2021\/06\/logos.jpg 890w, https:\/\/franciscanos.org.br\/noticias\/wp-content\/uploads\/2021\/06\/logos-450x85.jpg 450w, https:\/\/franciscanos.org.br\/noticias\/wp-content\/uploads\/2021\/06\/logos-768x146.jpg 768w, https:\/\/franciscanos.org.br\/noticias\/wp-content\/uploads\/2021\/06\/logos-150x28.jpg 150w\" sizes=\"(max-width: 890px) 100vw, 890px\" \/><\/p>\n<p>Ao Excelent\u00edssimo Presidente da C\u00e2mara dos Deputados,<br \/>\n<strong>Sr. Arthur Lira<\/strong><br \/>\nExcelent\u00edssimo Senhor Presidente,<\/p>\n<p>Na qualidade de organiza\u00e7\u00f5es cat\u00f3licas com atua\u00e7\u00e3o no campo da justi\u00e7a socioambiental, promo\u00e7\u00e3o e defesa dos direitos humanos, em comunh\u00e3o com o <strong>Magist\u00e9rio do Papa Francisco<\/strong>, que tem inspirado a\u00e7\u00f5es em defesa da vida, da humanidade e de todo o Planeta, manifestamos uma vez mais a esta Casa posicionamentos que devem inspirar a atua\u00e7\u00e3o pelo bem comum, especialmente dos povos violentados por pol\u00edticas e ataques \u00e0s suas formas tradicionais de vida. Apresentamos, portanto, reflex\u00f5es sobre a prote\u00e7\u00e3o integral do meio ambiente, a ainda mais urgente supera\u00e7\u00e3o das desigualdades sociais e a promo\u00e7\u00e3o de economias justas e solid\u00e1rias.<\/p>\n<p>Pedimos um compromisso urgente da C\u00e2mara dos Deputados em transformar sua atua\u00e7\u00e3o com vistas \u00e0 constru\u00e7\u00e3o de novos caminhos para a solu\u00e7\u00e3o dos problemas sociais e econ\u00f4micos estruturais do Brasil, levando em conta sempre a prote\u00e7\u00e3o do meio ambiente e a prote\u00e7\u00e3o dos direitos de povos e comunidades tradicionais.<\/p>\n<p>Tais considera\u00e7\u00f5es t\u00eam fundamento na convoca\u00e7\u00e3o de <strong>Sua Santidade o Papa Francisco<\/strong> para um encontro com representantes de 115 pa\u00edses para tratar de uma nova economia, chamada de <strong>\u201cEconomia de Francisco e Clara\u201d<\/strong>. Este movimento \u00e9 inspirado na vida de S\u00e3o Francisco de Assis, que dedicou sua vida para cuidar e garantir dignidade humana aos empobrecidos, e do trabalho de <strong>Santa Clara de Assis,<\/strong> em construir pontes e di\u00e1logos entre os povos.<\/p>\n<p>Em sua mensagem aos jovens (1), o Papa Francisco os conclama a repensar a economia existente, e de humanizar a economia de amanh\u00e3, do qual se destaca o seguinte trecho:<\/p>\n<p style=\"padding-left: 40px;\">\u201cA hist\u00f3ria ensina-nos que n\u00e3o existem sistemas nem crises que possam anular completamente a capacidade, o engenho e a criatividade que Deus n\u00e3o cessa de suscitar nos cora\u00e7\u00f5es. Com dedica\u00e7\u00e3o e fidelidade aos vossos povos, ao vosso presente e futuro, podeis unir-vos aos outros para tecer um novo modo de fazer a hist\u00f3ria. N\u00e3o tenhais medo de vos envolver e de tocar a alma das cidades com o olhar de Jesus; n\u00e3o tenhais medo de habitar corajosamente os conflitos e as encruzilhadas da hist\u00f3ria, para os ungir com o aroma das bem-aventuran\u00e7as. N\u00e3o tenhais medo, pois ningu\u00e9m se salva sozinho. Ningu\u00e9m se salva sozinho! A v\u00f3s jovens, provenientes de 115 pa\u00edses, dirijo o convite para reconhecer que precisamos uns dos outros para dar vida a esta cultura econ\u00f3mica, capaz de \u201cfazer germinar sonhos, suscitar profecias e vis\u00f5es, fazer florescer a esperan\u00e7a, estimular confian\u00e7a, faixar feridas, entran\u00e7ar rela\u00e7\u00f5es, ressuscitar uma aurora de esperan\u00e7a, aprender uns dos outros, e criar um imagin\u00e1rio positivo que ilumine as mentes, aque\u00e7a os cora\u00e7\u00f5es, restitua for\u00e7a \u00e0s m\u00e3os e inspire aos jovens \u2014 a todos os jovens, sem excluir nenhum \u2014 a vis\u00e3o de um futuro repleto da alegria do Evangelho\u201d (2)<\/p>\n<p>Em novembro de 2020, foi realizado um encontro virtual com jovens provenientes de 115 pa\u00edses em que refletiram e aprofundaram o debate sobre modelos econ\u00f4micos que beneficiem a todos e todas e tenham uma abordagem estrutural centrada no desenvolvimento humano integral, como elaborado pela Doutrina Social da Igreja.<\/p>\n<p>Tamb\u00e9m, no S\u00ednodo para a Amaz\u00f4nia, convocado pelo <strong>Papa Francisco<\/strong> e realizado em outubro de 2019, os participantes e o pr\u00f3prio Pont\u00edfice reafirmaram, no documento final (3), a urg\u00eancia em promover pol\u00edticas p\u00fablicas de prote\u00e7\u00e3o integral da Amaz\u00f4nia, o combate ao desmatamento, queimadas e o cuidado com toda biodiversidade. Segundo o<strong> Papa,<\/strong> a Amaz\u00f4nia \u00e9 \u201co cora\u00e7\u00e3o biol\u00f3gico do Planeta\u201d, e por isso deve ser prioridade nas pr\u00e1ticas governamentais e de toda sociedade. As mudan\u00e7as clim\u00e1ticas e os danos irrevers\u00edveis neste bioma colocam em risco a continuidade da vida em todo o Planeta, j\u00e1 que a Amaz\u00f4nia \u00e9 apontada pelos estudiosos como um dos nove pontos cr\u00edticos para a luta contra o aquecimento global. (4)<\/p>\n<p>Por isso, a <strong>C\u00e2mara dos Deputados<\/strong> n\u00e3o pode ser conivente com projetos econ\u00f4micos, projetos de lei e demais dispositivos sociais, jur\u00eddicos e legislativos que devastam o meio ambiente, sendo necess\u00e1ria a cria\u00e7\u00e3o de um canal de di\u00e1logo desta <strong>Casa<\/strong> com o discurso apontado pelo <strong>Pont\u00edfice<\/strong> para uma economia que deve estar centrada na supera\u00e7\u00e3o das injusti\u00e7as sociais, e para isso deve superar os atuais modelos de desenvolvimento pautados na explora\u00e7\u00e3o dos recursos e na expropria\u00e7\u00e3o dos povos tradicionais de seus territ\u00f3rios.<\/p>\n<p>\u00c9 preciso mudar essa atitude perversa de continuarmos com uma economia baseada no uso intensivo de carbono e negar os efeitos das mudan\u00e7as clim\u00e1ticas na vida do planeta. Se essa l\u00f3gica perversa n\u00e3o for radicalmente transformada, as presentes e futuras gera\u00e7\u00f5es do Brasil ser\u00e3o impactadas com experi\u00eancias sem precedentes, que colocam em risco a pr\u00f3pria continuidade da vida.<\/p>\n<p>O <strong>Papa Francisco<\/strong> vem trazendo, em suas mensagens, apelos a toda humanidade diante da irresponsabilidade de nossa gera\u00e7\u00e3o:<\/p>\n<p style=\"padding-left: 40px;\">\u201cAs gera\u00e7\u00f5es futuras v\u00e3o herdar um mundo grandemente deteriorado. Nossos filhos e netos n\u00e3o tem de pagar o pre\u00e7o da irresponsabilidade de nossa gera\u00e7\u00e3o\u201d.<\/p>\n<p>\u00c9 preciso ressaltar que tamb\u00e9m as presentes gera\u00e7\u00f5es j\u00e1 sentem as consequ\u00eancias desastrosas das mudan\u00e7as clim\u00e1ticas, da destrui\u00e7\u00e3o sistem\u00e1tica das florestas, das queimadas na Amaz\u00f4nia e da polui\u00e7\u00e3o das \u00e1guas. Povos e comunidades inteiras s\u00e3o for\u00e7adas a migrar, pois seus territ\u00f3rios tradicionais se tornam lugares in\u00f3spitos, suscet\u00edveis a enchentes, secas e outras transforma\u00e7\u00f5es decorrentes das altera\u00e7\u00f5es do clima. Mas tamb\u00e9m porque s\u00e3o amea\u00e7ados por projetos econ\u00f4micos explorat\u00f3rios, que sugam todos os recursos socioambientais e deixam despidos de vida os espa\u00e7os carregados de s\u00edmbolos e hist\u00f3rias.<\/p>\n<p>A <strong>Carta Brasileira pela Economia de Francisco e Clara<\/strong> (5) , constru\u00edda a partir de uma ampla mobiliza\u00e7\u00e3o coletiva com a finalidade de apresentar a resposta do Brasil ao chamado do Papa para \u201crealmar a economia\u201d e trilharmos o caminho da transi\u00e7\u00e3o para a um novo paradigma socioecon\u00f4mico, tamb\u00e9m mostra que \u00e9 preciso ser implementada uma agenda de justi\u00e7a clim\u00e1tica e socioambiental \u00e0 luz da Economia de<strong> Francisco e Clara<\/strong>. Veja-se:<\/p>\n<p style=\"padding-left: 40px;\">\u201cPelos jovens, pelas crian\u00e7as, pelo futuro dos animais e todos os seres que habitam o planeta, a Economia de Francisco s\u00f3 ter\u00e1 sentido se incorporar firmemente a decis\u00e3o de manter os combust\u00edveis f\u00f3sseis no subsolo, reduzindo sua extra\u00e7\u00e3o at\u00e9 serem plenamente substitu\u00eddos. A natureza levou milh\u00f5es de anos para transformar formas vivas em petr\u00f3leo, capturando carbono e colocando-o no fundo da terra; \u00e9 il\u00f3gico, e criminoso, expeli-lo em menos de duzentos anos, quase que de uma s\u00f3 vez, em termos de tempo geol\u00f3gico.\u201d<\/p>\n<p>Nesse sentido, a <strong>Economia de Francisco e Clara<\/strong> n\u00e3o \u00e9 apenas uma agenda econ\u00f4mica, dentro da perspectiva do senso comum e dos grandes mercados, que trata a economia apenas como espa\u00e7o de circula\u00e7\u00e3o de moedas e produtos. Para \u201crealmar\u201d a Economia, como pede o <strong>Papa Francisco,<\/strong> \u00e9 preciso um olhar integral que reconhe\u00e7a as crises (pol\u00edtica, social, econ\u00f4mica e ambiental) de forma conectada.<\/p>\n<p>Portanto, pedimos que a condu\u00e7\u00e3o dos trabalhos e a defini\u00e7\u00e3o da pauta de vota\u00e7\u00e3o da C\u00e2mara dos Deputados tenham como perspectiva solu\u00e7\u00f5es que incorporem alternativas para que a economia, a pol\u00edtica e o meio ambiente sejam gestadas e geridas pelo respeito \u00e0 dignidade dos povos e pelo cuidado com toda a Casa Comum, espa\u00e7o em que vivemos humanos e todos os seres vivos.<\/p>\n<p>N\u00e3o obstante, pedimos ainda:<\/p>\n<p style=\"padding-left: 40px;\">&#8211; A suspens\u00e3o imediata da tramita\u00e7\u00e3o do Projeto de Lei n.\u00ba 2.633\/2020 que trata sobre a regulariza\u00e7\u00e3o fundi\u00e1ria e amea\u00e7am a vida de povos, comunidades tradicionais e a preserva\u00e7\u00e3o da biodiversidade. Pois se aprovado, esse projeto vai acirrar ainda mais os conflitos socioambientais e a viol\u00eancia no campo, al\u00e9m de n\u00e3o promover a distribui\u00e7\u00e3o justa da terra e a preserva\u00e7\u00e3o integral do meio ambiente;<\/p>\n<p style=\"padding-left: 40px;\">&#8211; A suspens\u00e3o imediata da tramita\u00e7\u00e3o do Projeto de Lei n\u00ba 191\/2020, de autoria do Poder Executivo, que libera a minera\u00e7\u00e3o em terras ind\u00edgenas e retira desses povos o direito \u00e0 livre consulta, consentimento e veto. A n\u00e3o aprova\u00e7\u00e3o deste projeto \u00e9 fundamental para a prote\u00e7\u00e3o dos territ\u00f3rios ind\u00edgenas amea\u00e7ados e\/ou invadidos por garimpeiros, especialmente na Amaz\u00f4nia Legal brasileira;<\/p>\n<p style=\"padding-left: 40px;\">&#8211; A suspens\u00e3o imediata da tramita\u00e7\u00e3o do Projeto de Lei n\u00ba 490\/2007, que modifica a compet\u00eancia para demarca\u00e7\u00e3o de terras ind\u00edgenas do Governo Federal para o Congresso Nacional, al\u00e9m de rever as \u00e1reas j\u00e1 demarcadas e de proibir a amplia\u00e7\u00e3o das reservas j\u00e1 existentes;<\/p>\n<p style=\"padding-left: 40px;\">&#8211; A ado\u00e7\u00e3o de medidas concretas, audaciosas e mensur\u00e1veis no combate \u00e0s mudan\u00e7as clim\u00e1ticas e na defesa da biodiversidade, principalmente no combate ao desmatamento e na defesa dos povos tradicionais, tendo em vista as metas no Acordo de Paris e em prepara\u00e7\u00e3o para a COP15 (Confer\u00eancia das Partes da Conven\u00e7\u00e3o da Diversidade Biol\u00f3gica) e COP26 (Confer\u00eancia da ONU sobre o Clima).<\/p>\n<p>Diante do exposto e diante das atribui\u00e7\u00f5es do Presidente da C\u00e2mara dos Deputados em conduzir os trabalhos da Casa e definir a pauta de vota\u00e7\u00f5es do Plen\u00e1rio, as entidades aqui signat\u00e1rias, prop\u00f5em a este Excelent\u00edssimo Presidente, que ao enfrentar quest\u00f5es relacionadas \u00e0 justi\u00e7a clim\u00e1tica e socioambiental, esteja atento \u00e0s mensagens do <strong>Papa Francisco<\/strong> sobre o tema, incorpore a agenda trazida pela <strong>Economia de Francisco e Clara<\/strong>, atenda aos pedidos espec\u00edficos trazidos na presente carta e estabele\u00e7a um canal de di\u00e1logo franco e produtivo com jovens, organiza\u00e7\u00f5es, movimentos sociais, acad\u00eamicos e outras lideran\u00e7as que est\u00e3o se mobilizando para \u201cfazer germinar sonhos, suscitar profecias e vis\u00f5es, fazer florescer a esperan\u00e7a, estimular confian\u00e7a, faixar feridas, entran\u00e7ar rela\u00e7\u00f5es, ressuscitar uma aurora de esperan\u00e7a, aprender uns dos outros, e criar um imagin\u00e1rio positivo\u201d por meio de uma nova economia.<\/p>\n<p><strong>Entidades signat\u00e1rias<\/strong><\/p>\n<p>Rede Eclesial Pan-Amaz\u00f4nica (REPAM-Brasil)<br \/>\nC\u00e1ritas Brasileira<br \/>\nMovimento Cat\u00f3lico Global pelo Clima (GCCM)<br \/>\nArticula\u00e7\u00e3o Brasileira pela Economia de Francisco e Clara (ABEFC)<br \/>\n6\u00aa Semana Social Brasileira (6\u00aaSSB-CNBB)<br \/>\nComiss\u00e3o Episcopal pela Ecologia Integral e Minera\u00e7\u00e3o da CNBB<br \/>\nConselho Indigenista Mission\u00e1rio (CIMI)<br \/>\nConselho Nacional do Laicato do Brasil (CNLB)<br \/>\nComiss\u00e3o Brasileira de Justi\u00e7a e Paz (CBJP \u2013 CNBB)<br \/>\nComiss\u00e3o de Justi\u00e7a e Paz de S\u00e3o Paulo &#8211; SP<br \/>\nComiss\u00e3o de Justi\u00e7a e Paz &#8211; CNBB Regional Sul 1<br \/>\nConselho Nacional de Igrejas Crist\u00e3s do Brasil (CONIC)<br \/>\nObservat\u00f3rio Nacional de Justi\u00e7a Socioambiental Luciano Mendes de Almeida (OLMA)<br \/>\nServi\u00e7o Amaz\u00f4nico de A\u00e7\u00e3o, Reflex\u00e3o e Educa\u00e7\u00e3o Socioambiental (SARES)<br \/>\nA\u00e7\u00e3o Franciscana de Ecologia e Solidariedade (AFES)<br \/>\nServi\u00e7o Interfranciscano de Justi\u00e7a, Paz e Ecologia<br \/>\nJuventude Franciscana do Brasil (JUFRA-Brasil)<br \/>\nConfer\u00eancia dos Frades Menores do Brasil e do Cone Sul<br \/>\nComiss\u00e3o Justi\u00e7a, Paz e Integridade da Cria\u00e7\u00e3o dos Frades Capuchinhos do Brasil<br \/>\nIrmandade dos M\u00e1rtires da Caminhada<br \/>\nCentro de Forma\u00e7\u00e3o, Assessoria e Pesquisa em Juventudes (CAJUEIRO)<br \/>\nPastoral da Juventude Nacional (PJ)<\/p>\n<p><strong>Organiza\u00e7\u00f5es da sociedade civil que apoiam o documento<\/strong><br \/>\nCentral de Cooperativas e Empreendimentos Solid\u00e1rios (UNISOL BRASIL)<br \/>\nUni\u00e3o Nacional de Catadores e Catadoras de Materiais Recicl\u00e1veis do Brasil<br \/>\n(UNICATADORES)<br \/>\nMovimento Nacional de Catadores e Catadoras de Materiais Recicl\u00e1veis (MNCR)<br \/>\nIncubadora de Economia Solid\u00e1ria da UTFPR Curitiba (TECSOL)<\/p>\n<hr \/>\n<p style=\"padding-left: 40px;\">1 Mensagem em v\u00eddeo do Santo Padre por ocasi\u00e3o do evento internacional &#8220;The Economy of Francesco&#8221; [Bas\u00edlica de S\u00e3o Francisco de Assis, 19-21 de novembro de 2020] (21 de novembro de 2020) | (vatican.va)<br \/>\n2 Discurso no in\u00edcio do S\u00ednodo dedicado aos jovens (3 de outubro de 2018).<br \/>\n3 Dispon\u00edvel em Documento Final S\u00ednodo Amaz\u00f4nico (synod.va)<br \/>\n4 Climate tipping points \u2014 too risky to bet against. Dispon\u00edvel em:<br \/>\nhttps:\/\/www.nature.com\/articles\/d41586-019-03595-0#ref-CR1<br \/>\n5 Dispon\u00edvel em Carta de Clara e Francisco. Direto do Brasil para o Encontro Mundial em Assis &#8211;<br \/>\nInstituto Humanitas Unisinos &#8211; IHU<\/p>\n","protected":false},"excerpt":{"rendered":"<p>carta aos presidentes da C\u00e2mara dos Deputados e do Senado<\/p>\n","protected":false},"author":3,"featured_media":232256,"comment_status":"open","ping_status":"open","sticky":false,"template":"","format":"standard","meta":[],"categories":[1],"tags":[701,801],"acf":[],"yoast_head":"<!-- This site is optimized with the Yoast SEO plugin v19.2 - https:\/\/yoast.com\/wordpress\/plugins\/seo\/ -->\n<title>Organiza\u00e7\u00f5es cat\u00f3licas pedem ao Congresso Nacional compromissos audaciosos para promover justi\u00e7a socioambiental - Not\u00edcias - Franciscanos<\/title>\n<meta name=\"robots\" content=\"index, follow, max-snippet:-1, max-image-preview:large, max-video-preview:-1\" \/>\n<link rel=\"canonical\" href=\"https:\/\/franciscanos.org.br\/noticias\/organizacoes-catolicas-pedem-ao-congresso-nacional-compromissos-audaciosos-para-promover-justica-socioambiental.html\" \/>\n<meta property=\"og:locale\" content=\"pt_BR\" \/>\n<meta property=\"og:type\" content=\"article\" \/>\n<meta property=\"og:title\" content=\"Organiza\u00e7\u00f5es cat\u00f3licas pedem ao Congresso Nacional compromissos audaciosos para promover justi\u00e7a socioambiental - Not\u00edcias - Franciscanos\" \/>\n<meta property=\"og:description\" content=\"carta aos presidentes da C\u00e2mara dos Deputados e do Senado\" \/>\n<meta property=\"og:url\" content=\"https:\/\/franciscanos.org.br\/noticias\/organizacoes-catolicas-pedem-ao-congresso-nacional-compromissos-audaciosos-para-promover-justica-socioambiental.html\" \/>\n<meta property=\"og:site_name\" content=\"Not\u00edcias - Franciscanos\" \/>\n<meta property=\"article:published_time\" content=\"2021-06-02T22:46:38+00:00\" \/>\n<meta property=\"og:image\" content=\"https:\/\/franciscanos.org.br\/noticias\/wp-content\/uploads\/2021\/06\/carta_02d.png\" \/>\n\t<meta property=\"og:image:width\" content=\"800\" \/>\n\t<meta property=\"og:image:height\" content=\"550\" \/>\n\t<meta property=\"og:image:type\" content=\"image\/png\" \/>\n<meta name=\"author\" content=\"moacir\" \/>\n<meta name=\"twitter:card\" content=\"summary_large_image\" \/>\n<meta name=\"twitter:label1\" content=\"Escrito por\" \/>\n\t<meta name=\"twitter:data1\" content=\"moacir\" \/>\n\t<meta name=\"twitter:label2\" content=\"Est. tempo de leitura\" \/>\n\t<meta name=\"twitter:data2\" content=\"14 minutos\" \/>\n<script type=\"application\/ld+json\" class=\"yoast-schema-graph\">{\"@context\":\"https:\/\/schema.org\",\"@graph\":[{\"@type\":\"WebSite\",\"@id\":\"https:\/\/franciscanos.org.br\/noticias\/#website\",\"url\":\"https:\/\/franciscanos.org.br\/noticias\/\",\"name\":\"Not\u00edcias - Franciscanos\",\"description\":\"Prov\u00edncia Franciscana da Imaculada Concei\u00e7\u00e3o do Brasil - Ordem dos Frades Menores - OFM\",\"potentialAction\":[{\"@type\":\"SearchAction\",\"target\":{\"@type\":\"EntryPoint\",\"urlTemplate\":\"https:\/\/franciscanos.org.br\/noticias\/?s={search_term_string}\"},\"query-input\":\"required name=search_term_string\"}],\"inLanguage\":\"pt-BR\"},{\"@type\":\"ImageObject\",\"inLanguage\":\"pt-BR\",\"@id\":\"https:\/\/franciscanos.org.br\/noticias\/organizacoes-catolicas-pedem-ao-congresso-nacional-compromissos-audaciosos-para-promover-justica-socioambiental.html#primaryimage\",\"url\":\"https:\/\/franciscanos.org.br\/noticias\/wp-content\/uploads\/2021\/06\/carta_02d.png\",\"contentUrl\":\"https:\/\/franciscanos.org.br\/noticias\/wp-content\/uploads\/2021\/06\/carta_02d.png\",\"width\":800,\"height\":550},{\"@type\":\"WebPage\",\"@id\":\"https:\/\/franciscanos.org.br\/noticias\/organizacoes-catolicas-pedem-ao-congresso-nacional-compromissos-audaciosos-para-promover-justica-socioambiental.html#webpage\",\"url\":\"https:\/\/franciscanos.org.br\/noticias\/organizacoes-catolicas-pedem-ao-congresso-nacional-compromissos-audaciosos-para-promover-justica-socioambiental.html\",\"name\":\"Organiza\u00e7\u00f5es cat\u00f3licas pedem ao Congresso Nacional compromissos audaciosos para promover justi\u00e7a socioambiental - Not\u00edcias - Franciscanos\",\"isPartOf\":{\"@id\":\"https:\/\/franciscanos.org.br\/noticias\/#website\"},\"primaryImageOfPage\":{\"@id\":\"https:\/\/franciscanos.org.br\/noticias\/organizacoes-catolicas-pedem-ao-congresso-nacional-compromissos-audaciosos-para-promover-justica-socioambiental.html#primaryimage\"},\"datePublished\":\"2021-06-02T22:46:38+00:00\",\"dateModified\":\"2021-06-02T22:46:38+00:00\",\"author\":{\"@id\":\"https:\/\/franciscanos.org.br\/noticias\/#\/schema\/person\/b5c8cba458c330ccff548b056e95a5d4\"},\"breadcrumb\":{\"@id\":\"https:\/\/franciscanos.org.br\/noticias\/organizacoes-catolicas-pedem-ao-congresso-nacional-compromissos-audaciosos-para-promover-justica-socioambiental.html#breadcrumb\"},\"inLanguage\":\"pt-BR\",\"potentialAction\":[{\"@type\":\"ReadAction\",\"target\":[\"https:\/\/franciscanos.org.br\/noticias\/organizacoes-catolicas-pedem-ao-congresso-nacional-compromissos-audaciosos-para-promover-justica-socioambiental.html\"]}]},{\"@type\":\"BreadcrumbList\",\"@id\":\"https:\/\/franciscanos.org.br\/noticias\/organizacoes-catolicas-pedem-ao-congresso-nacional-compromissos-audaciosos-para-promover-justica-socioambiental.html#breadcrumb\",\"itemListElement\":[{\"@type\":\"ListItem\",\"position\":1,\"name\":\"Home\",\"item\":\"https:\/\/franciscanos.org.br\/noticias\"},{\"@type\":\"ListItem\",\"position\":2,\"name\":\"Organiza\u00e7\u00f5es cat\u00f3licas pedem ao Congresso Nacional compromissos audaciosos para promover justi\u00e7a socioambiental\"}]},{\"@type\":\"Person\",\"@id\":\"https:\/\/franciscanos.org.br\/noticias\/#\/schema\/person\/b5c8cba458c330ccff548b056e95a5d4\",\"name\":\"moacir\",\"image\":{\"@type\":\"ImageObject\",\"inLanguage\":\"pt-BR\",\"@id\":\"https:\/\/franciscanos.org.br\/noticias\/#\/schema\/person\/image\/\",\"url\":\"https:\/\/secure.gravatar.com\/avatar\/d08aa2ce4c8dd416d4479aa8536fcf64?s=96&d=mm&r=g\",\"contentUrl\":\"https:\/\/secure.gravatar.com\/avatar\/d08aa2ce4c8dd416d4479aa8536fcf64?s=96&d=mm&r=g\",\"caption\":\"moacir\"},\"url\":\"https:\/\/franciscanos.org.br\/noticias\/author\/moacir\"}]}<\/script>\n<!-- \/ Yoast SEO plugin. -->","yoast_head_json":{"title":"Organiza\u00e7\u00f5es cat\u00f3licas pedem ao Congresso Nacional compromissos audaciosos para promover justi\u00e7a socioambiental - Not\u00edcias - Franciscanos","robots":{"index":"index","follow":"follow","max-snippet":"max-snippet:-1","max-image-preview":"max-image-preview:large","max-video-preview":"max-video-preview:-1"},"canonical":"https:\/\/franciscanos.org.br\/noticias\/organizacoes-catolicas-pedem-ao-congresso-nacional-compromissos-audaciosos-para-promover-justica-socioambiental.html","og_locale":"pt_BR","og_type":"article","og_title":"Organiza\u00e7\u00f5es cat\u00f3licas pedem ao Congresso Nacional compromissos audaciosos para promover justi\u00e7a socioambiental - Not\u00edcias - Franciscanos","og_description":"carta aos presidentes da C\u00e2mara dos Deputados e do Senado","og_url":"https:\/\/franciscanos.org.br\/noticias\/organizacoes-catolicas-pedem-ao-congresso-nacional-compromissos-audaciosos-para-promover-justica-socioambiental.html","og_site_name":"Not\u00edcias - Franciscanos","article_published_time":"2021-06-02T22:46:38+00:00","og_image":[{"width":800,"height":550,"url":"https:\/\/franciscanos.org.br\/noticias\/wp-content\/uploads\/2021\/06\/carta_02d.png","type":"image\/png"}],"author":"moacir","twitter_card":"summary_large_image","twitter_misc":{"Escrito por":"moacir","Est. tempo de leitura":"14 minutos"},"schema":{"@context":"https:\/\/schema.org","@graph":[{"@type":"WebSite","@id":"https:\/\/franciscanos.org.br\/noticias\/#website","url":"https:\/\/franciscanos.org.br\/noticias\/","name":"Not\u00edcias - Franciscanos","description":"Prov\u00edncia Franciscana da Imaculada Concei\u00e7\u00e3o do Brasil - Ordem dos Frades Menores - OFM","potentialAction":[{"@type":"SearchAction","target":{"@type":"EntryPoint","urlTemplate":"https:\/\/franciscanos.org.br\/noticias\/?s={search_term_string}"},"query-input":"required name=search_term_string"}],"inLanguage":"pt-BR"},{"@type":"ImageObject","inLanguage":"pt-BR","@id":"https:\/\/franciscanos.org.br\/noticias\/organizacoes-catolicas-pedem-ao-congresso-nacional-compromissos-audaciosos-para-promover-justica-socioambiental.html#primaryimage","url":"https:\/\/franciscanos.org.br\/noticias\/wp-content\/uploads\/2021\/06\/carta_02d.png","contentUrl":"https:\/\/franciscanos.org.br\/noticias\/wp-content\/uploads\/2021\/06\/carta_02d.png","width":800,"height":550},{"@type":"WebPage","@id":"https:\/\/franciscanos.org.br\/noticias\/organizacoes-catolicas-pedem-ao-congresso-nacional-compromissos-audaciosos-para-promover-justica-socioambiental.html#webpage","url":"https:\/\/franciscanos.org.br\/noticias\/organizacoes-catolicas-pedem-ao-congresso-nacional-compromissos-audaciosos-para-promover-justica-socioambiental.html","name":"Organiza\u00e7\u00f5es cat\u00f3licas pedem ao Congresso Nacional compromissos audaciosos para promover justi\u00e7a socioambiental - Not\u00edcias - Franciscanos","isPartOf":{"@id":"https:\/\/franciscanos.org.br\/noticias\/#website"},"primaryImageOfPage":{"@id":"https:\/\/franciscanos.org.br\/noticias\/organizacoes-catolicas-pedem-ao-congresso-nacional-compromissos-audaciosos-para-promover-justica-socioambiental.html#primaryimage"},"datePublished":"2021-06-02T22:46:38+00:00","dateModified":"2021-06-02T22:46:38+00:00","author":{"@id":"https:\/\/franciscanos.org.br\/noticias\/#\/schema\/person\/b5c8cba458c330ccff548b056e95a5d4"},"breadcrumb":{"@id":"https:\/\/franciscanos.org.br\/noticias\/organizacoes-catolicas-pedem-ao-congresso-nacional-compromissos-audaciosos-para-promover-justica-socioambiental.html#breadcrumb"},"inLanguage":"pt-BR","potentialAction":[{"@type":"ReadAction","target":["https:\/\/franciscanos.org.br\/noticias\/organizacoes-catolicas-pedem-ao-congresso-nacional-compromissos-audaciosos-para-promover-justica-socioambiental.html"]}]},{"@type":"BreadcrumbList","@id":"https:\/\/franciscanos.org.br\/noticias\/organizacoes-catolicas-pedem-ao-congresso-nacional-compromissos-audaciosos-para-promover-justica-socioambiental.html#breadcrumb","itemListElement":[{"@type":"ListItem","position":1,"name":"Home","item":"https:\/\/franciscanos.org.br\/noticias"},{"@type":"ListItem","position":2,"name":"Organiza\u00e7\u00f5es cat\u00f3licas pedem ao Congresso Nacional compromissos audaciosos para promover justi\u00e7a socioambiental"}]},{"@type":"Person","@id":"https:\/\/franciscanos.org.br\/noticias\/#\/schema\/person\/b5c8cba458c330ccff548b056e95a5d4","name":"moacir","image":{"@type":"ImageObject","inLanguage":"pt-BR","@id":"https:\/\/franciscanos.org.br\/noticias\/#\/schema\/person\/image\/","url":"https:\/\/secure.gravatar.com\/avatar\/d08aa2ce4c8dd416d4479aa8536fcf64?s=96&d=mm&r=g","contentUrl":"https:\/\/secure.gravatar.com\/avatar\/d08aa2ce4c8dd416d4479aa8536fcf64?s=96&d=mm&r=g","caption":"moacir"},"url":"https:\/\/franciscanos.org.br\/noticias\/author\/moacir"}]}},"_links":{"self":[{"href":"https:\/\/franciscanos.org.br\/noticias\/wp-json\/wp\/v2\/posts\/232253"}],"collection":[{"href":"https:\/\/franciscanos.org.br\/noticias\/wp-json\/wp\/v2\/posts"}],"about":[{"href":"https:\/\/franciscanos.org.br\/noticias\/wp-json\/wp\/v2\/types\/post"}],"author":[{"embeddable":true,"href":"https:\/\/franciscanos.org.br\/noticias\/wp-json\/wp\/v2\/users\/3"}],"replies":[{"embeddable":true,"href":"https:\/\/franciscanos.org.br\/noticias\/wp-json\/wp\/v2\/comments?post=232253"}],"version-history":[{"count":1,"href":"https:\/\/franciscanos.org.br\/noticias\/wp-json\/wp\/v2\/posts\/232253\/revisions"}],"predecessor-version":[{"id":232257,"href":"https:\/\/franciscanos.org.br\/noticias\/wp-json\/wp\/v2\/posts\/232253\/revisions\/232257"}],"wp:featuredmedia":[{"embeddable":true,"href":"https:\/\/franciscanos.org.br\/noticias\/wp-json\/wp\/v2\/media\/232256"}],"wp:attachment":[{"href":"https:\/\/franciscanos.org.br\/noticias\/wp-json\/wp\/v2\/media?parent=232253"}],"wp:term":[{"taxonomy":"category","embeddable":true,"href":"https:\/\/franciscanos.org.br\/noticias\/wp-json\/wp\/v2\/categories?post=232253"},{"taxonomy":"post_tag","embeddable":true,"href":"https:\/\/franciscanos.org.br\/noticias\/wp-json\/wp\/v2\/tags?post=232253"}],"curies":[{"name":"wp","href":"https:\/\/api.w.org\/{rel}","templated":true}]}}