{"id":232243,"date":"2021-06-02T08:42:10","date_gmt":"2021-06-02T11:42:10","guid":{"rendered":"https:\/\/franciscanos.org.br\/noticias\/?p=232243"},"modified":"2021-06-02T10:47:10","modified_gmt":"2021-06-02T13:47:10","slug":"ain-karem-a-festa-da-visita-de-maria","status":"publish","type":"post","link":"https:\/\/franciscanos.org.br\/noticias\/ain-karem-a-festa-da-visita-de-maria.html","title":{"rendered":"Ain Karem: a festa da Visita de Maria"},"content":{"rendered":"<div id=\"attachment_232244\" style=\"width: 900px\" class=\"wp-caption alignnone\"><img aria-describedby=\"caption-attachment-232244\" loading=\"lazy\" class=\"wp-image-232244 size-full\" src=\"https:\/\/franciscanos.org.br\/noticias\/wp-content\/uploads\/2021\/06\/visitacao.jpg\" alt=\"\" width=\"890\" height=\"573\" srcset=\"https:\/\/franciscanos.org.br\/noticias\/wp-content\/uploads\/2021\/06\/visitacao.jpg 890w, https:\/\/franciscanos.org.br\/noticias\/wp-content\/uploads\/2021\/06\/visitacao-450x290.jpg 450w, https:\/\/franciscanos.org.br\/noticias\/wp-content\/uploads\/2021\/06\/visitacao-768x494.jpg 768w, https:\/\/franciscanos.org.br\/noticias\/wp-content\/uploads\/2021\/06\/visitacao-150x97.jpg 150w\" sizes=\"(max-width: 890px) 100vw, 890px\" \/><p id=\"caption-attachment-232244\" class=\"wp-caption-text\"><em>\u00a0 \u00a0 \u00a0 \u00a0 \u00a0 \u00a0 \u00a0 \u00a0 \u00a0 \u00a0 \u00a0 \u00a0 \u00a0 \u00a0 \u00a0 \u00a0 \u00a0 \u00a0 \u00a0 \u00a0 \u00a0 \u00a0 \u00a0 \u00a0 \u00a0 \u00a0 \u00a0 \u00a0 \u00a0 \u00a0 \u00a0 \u00a0 \u00a0 \u00a0 \u00a0 \u00a0 \u00a0 \u00a0 \u00a0 Imagens: Nadim Asfour\/Cust\u00f3dia da Terra Santa<\/em><\/p><\/div>\n<p>Quando a Virgem Maria fez uma visita \u00e0 sua prima Isabel e essa ouviu a sauda\u00e7\u00e3o de Maria, acrian\u00e7a exultou em seu seio e ela bendisse Maria. A m\u00e3e de Jesus, ent\u00e3o, pronunciou a c\u00e9lebre ora\u00e7\u00e3o do Magnificat (Lc 1,39-56). Esse epis\u00f3dio evang\u00e9lico, segundo a tradi\u00e7\u00e3o, \u00e9 colocado em Ain Karem, vilarejo de sacerdotes perto de Jerusal\u00e9m, no qual habitava a fam\u00edlia do esposo de Isabel, Zacarias. Precisamente, o c\u00e2ntico Magnificat, nas diversas l\u00ednguas, enfeita ingresso do santu\u00e1rio de Ain Karem, no qual os Frades franciscanos celebraram a Missa Solene no dia 31 de maio, por ocasi\u00e3o da Festa da Visita\u00e7\u00e3o.<\/p>\n<p>Durante a celebra\u00e7\u00e3o dois Frades da Cust\u00f3dia da Terra Santa receberam o minist\u00e9rio do Leitorado e outros quatorze receberam o minist\u00e9rio do Acolitado.<\/p>\n<p>\u201cConsiderai uma gra\u00e7a de poder receber esses minist\u00e9rios, ligados \u00e0 Palavra e \u00e0 Eucaristia, na festa da visita de Maria Sant\u00edssima \u00e0 Santa Isabel\u2013disse o Cust\u00f3dio da Terra Santa em sua homilia -. Na verdade, a jovem Maria, que foi com pressa \u00e0 sua prima Isabel, \u00e9 exemplo e forte imagem daquilo que significa acolher a Palavra de Deus para que se fa\u00e7a carne, mas tamb\u00e9m daquilo que significa transmitir e dar com alegria a palavra de Deus que se fez carne. Seja no servi\u00e7o de Leitores, seja no servi\u00e7o de Ac\u00f3litos, aprendei-o de Maria\u201d. O momento em que Maria sa\u00fada Isabel, segundo o Cust\u00f3dio da Terra Santa, n\u00e3o \u00e9 momento de sauda\u00e7\u00e3o formal e convencional, mas o verbo grego, usado para dizer que Maria Sa\u00fada a prima Isabel (\u1f00\u03c3\u03c0\u03ac\u03b6\u03bf\u03bc\u03b1\u03b9),tem a dimens\u00e3o f\u00edsica: nos diz que a sauda\u00e7\u00e3o aconteceu com um abra\u00e7o entre duas pessoas.<\/p>\n<p>\u201cSe quiserdes servir o Senhor, lembrai-vos disso e aprende isso: Maria se levanta e se p\u00f5e a caminho com pressa e permanece em servi\u00e7o de maneira prolongada: N\u00e3o sede pregui\u00e7osos, por isso, no servir\u201d, acrescentou Fr. Patton.<\/p>\n<p><img loading=\"lazy\" class=\"alignnone wp-image-232247 size-full\" src=\"https:\/\/franciscanos.org.br\/noticias\/wp-content\/uploads\/2021\/06\/VISITACAO_2.jpg\" alt=\"\" width=\"890\" height=\"593\" srcset=\"https:\/\/franciscanos.org.br\/noticias\/wp-content\/uploads\/2021\/06\/VISITACAO_2.jpg 890w, https:\/\/franciscanos.org.br\/noticias\/wp-content\/uploads\/2021\/06\/VISITACAO_2-450x300.jpg 450w, https:\/\/franciscanos.org.br\/noticias\/wp-content\/uploads\/2021\/06\/VISITACAO_2-768x512.jpg 768w, https:\/\/franciscanos.org.br\/noticias\/wp-content\/uploads\/2021\/06\/VISITACAO_2-150x100.jpg 150w\" sizes=\"(max-width: 890px) 100vw, 890px\" \/><\/p>\n<p>O lugar em que a tradi\u00e7\u00e3o coloca a casa de Zacarias e Isabel, onde Maria encontrou sua prima, acha-se hoje na cripta da igreja da Visita\u00e7\u00e3o, uma pequena gruta com afrescos que contam tr\u00eas epis\u00f3dios dos Evangelhos, ligados a esse lugar. Um dos afrescos nos narra-que tamb\u00e9m Jo\u00e3o Batista teria corrido o perigo de ser morto pelo Rei Herodes e, a fim de escapar do massacre, escondeu-se coma m\u00e3e numa rocha meio-escavada na parede direita da gruta. Precisamente nesse lugar, na cripta da igreja, dirigiram-se em prociss\u00e3o os Frades e os fi\u00e9is, no fim da Missa solene da Visita\u00e7\u00e3o.<\/p>\n<p>Na Terra Santa h\u00e1 durante trinta anos e superior no convento da Visita\u00e7\u00e3o durante tr\u00eas anos, Fr. Nicol\u00e1s Marqu\u00e9z-Guti\u00e9rrez narrou uma particularidade deste ano: \u201cApesar de que a Pandemia esteja ainda presente no mundo, aqui a situa\u00e7\u00e3o \u00e9 diferente e isso possibilitou que, como igreja local, pudemos celebrar a festa deste ano com tanta solenidade e com bom n\u00famero de fi\u00e9is\u201d. Depois de longo fechamento por causa da epidemia Covid-19, hoje, o Santu\u00e1rio da Visita\u00e7\u00e3o est\u00e1 de novo aberto aos peregrinos e visitantes, mas observando o hor\u00e1rio reduzido de ter\u00e7a-feira a domingo, das 09h \u00e0s 12h.<\/p>\n<p>J\u00e1 mantido pelos monges arm\u00eanios no s\u00e9culo d\u00e9cimo quarto, o santu\u00e1rio foi adquirido pelos Franciscanos em 1679. Entre 1938 e 1940, o Arquiteto Ant\u00f4nio Barluzzi construiu a atual igreja superior, cuja fachada decorada por mosaicos (obra de B. Biagetti) brilha ainda hoje aos raios do sol.<\/p>\n<p>Veja tamb\u00e9m not\u00edcias no canal do <strong><a href=\"https:\/\/www.youtube.com\/c\/ChristianMediaCenterPortugu%C3%AAs\">Christian Media Center no Youtube<\/a><\/strong>.<\/p>\n<hr \/>\n<p><em>Fonte: https:\/\/www.custodia.org\/pt (texto de Beatrice Guarrera)<\/em><\/p>\n","protected":false},"excerpt":{"rendered":"<p>Cust\u00f3dia da Terra Santa<\/p>\n","protected":false},"author":3,"featured_media":232245,"comment_status":"open","ping_status":"open","sticky":false,"template":"","format":"standard","meta":[],"categories":[1],"tags":[1429],"acf":[],"yoast_head":"<!-- This site is optimized with the Yoast SEO plugin v19.2 - https:\/\/yoast.com\/wordpress\/plugins\/seo\/ -->\n<title>Ain Karem: a festa da Visita de Maria - Not\u00edcias - Franciscanos<\/title>\n<meta name=\"robots\" content=\"index, follow, max-snippet:-1, max-image-preview:large, max-video-preview:-1\" \/>\n<link rel=\"canonical\" href=\"https:\/\/franciscanos.org.br\/noticias\/ain-karem-a-festa-da-visita-de-maria.html\" \/>\n<meta property=\"og:locale\" content=\"pt_BR\" \/>\n<meta property=\"og:type\" content=\"article\" \/>\n<meta property=\"og:title\" content=\"Ain Karem: a festa da Visita de Maria - Not\u00edcias - Franciscanos\" \/>\n<meta property=\"og:description\" content=\"Cust\u00f3dia da Terra Santa\" \/>\n<meta property=\"og:url\" content=\"https:\/\/franciscanos.org.br\/noticias\/ain-karem-a-festa-da-visita-de-maria.html\" \/>\n<meta property=\"og:site_name\" content=\"Not\u00edcias - Franciscanos\" \/>\n<meta property=\"article:published_time\" content=\"2021-06-02T11:42:10+00:00\" \/>\n<meta property=\"article:modified_time\" content=\"2021-06-02T13:47:10+00:00\" \/>\n<meta property=\"og:image\" content=\"https:\/\/franciscanos.org.br\/noticias\/wp-content\/uploads\/2021\/06\/visitacao_d.jpg\" \/>\n\t<meta property=\"og:image:width\" content=\"800\" \/>\n\t<meta property=\"og:image:height\" content=\"550\" \/>\n\t<meta property=\"og:image:type\" content=\"image\/jpeg\" \/>\n<meta name=\"author\" content=\"moacir\" \/>\n<meta name=\"twitter:card\" content=\"summary_large_image\" \/>\n<meta name=\"twitter:label1\" content=\"Escrito por\" \/>\n\t<meta name=\"twitter:data1\" content=\"moacir\" \/>\n\t<meta name=\"twitter:label2\" content=\"Est. tempo de leitura\" \/>\n\t<meta name=\"twitter:data2\" content=\"3 minutos\" \/>\n<script type=\"application\/ld+json\" class=\"yoast-schema-graph\">{\"@context\":\"https:\/\/schema.org\",\"@graph\":[{\"@type\":\"WebSite\",\"@id\":\"https:\/\/franciscanos.org.br\/noticias\/#website\",\"url\":\"https:\/\/franciscanos.org.br\/noticias\/\",\"name\":\"Not\u00edcias - Franciscanos\",\"description\":\"Prov\u00edncia Franciscana da Imaculada Concei\u00e7\u00e3o do Brasil - Ordem dos Frades Menores - OFM\",\"potentialAction\":[{\"@type\":\"SearchAction\",\"target\":{\"@type\":\"EntryPoint\",\"urlTemplate\":\"https:\/\/franciscanos.org.br\/noticias\/?s={search_term_string}\"},\"query-input\":\"required name=search_term_string\"}],\"inLanguage\":\"pt-BR\"},{\"@type\":\"ImageObject\",\"inLanguage\":\"pt-BR\",\"@id\":\"https:\/\/franciscanos.org.br\/noticias\/ain-karem-a-festa-da-visita-de-maria.html#primaryimage\",\"url\":\"https:\/\/franciscanos.org.br\/noticias\/wp-content\/uploads\/2021\/06\/visitacao_d.jpg\",\"contentUrl\":\"https:\/\/franciscanos.org.br\/noticias\/wp-content\/uploads\/2021\/06\/visitacao_d.jpg\",\"width\":800,\"height\":550},{\"@type\":\"WebPage\",\"@id\":\"https:\/\/franciscanos.org.br\/noticias\/ain-karem-a-festa-da-visita-de-maria.html#webpage\",\"url\":\"https:\/\/franciscanos.org.br\/noticias\/ain-karem-a-festa-da-visita-de-maria.html\",\"name\":\"Ain Karem: a festa da Visita de Maria - Not\u00edcias - Franciscanos\",\"isPartOf\":{\"@id\":\"https:\/\/franciscanos.org.br\/noticias\/#website\"},\"primaryImageOfPage\":{\"@id\":\"https:\/\/franciscanos.org.br\/noticias\/ain-karem-a-festa-da-visita-de-maria.html#primaryimage\"},\"datePublished\":\"2021-06-02T11:42:10+00:00\",\"dateModified\":\"2021-06-02T13:47:10+00:00\",\"author\":{\"@id\":\"https:\/\/franciscanos.org.br\/noticias\/#\/schema\/person\/b5c8cba458c330ccff548b056e95a5d4\"},\"breadcrumb\":{\"@id\":\"https:\/\/franciscanos.org.br\/noticias\/ain-karem-a-festa-da-visita-de-maria.html#breadcrumb\"},\"inLanguage\":\"pt-BR\",\"potentialAction\":[{\"@type\":\"ReadAction\",\"target\":[\"https:\/\/franciscanos.org.br\/noticias\/ain-karem-a-festa-da-visita-de-maria.html\"]}]},{\"@type\":\"BreadcrumbList\",\"@id\":\"https:\/\/franciscanos.org.br\/noticias\/ain-karem-a-festa-da-visita-de-maria.html#breadcrumb\",\"itemListElement\":[{\"@type\":\"ListItem\",\"position\":1,\"name\":\"Home\",\"item\":\"https:\/\/franciscanos.org.br\/noticias\"},{\"@type\":\"ListItem\",\"position\":2,\"name\":\"Ain Karem: a festa da Visita de Maria\"}]},{\"@type\":\"Person\",\"@id\":\"https:\/\/franciscanos.org.br\/noticias\/#\/schema\/person\/b5c8cba458c330ccff548b056e95a5d4\",\"name\":\"moacir\",\"image\":{\"@type\":\"ImageObject\",\"inLanguage\":\"pt-BR\",\"@id\":\"https:\/\/franciscanos.org.br\/noticias\/#\/schema\/person\/image\/\",\"url\":\"https:\/\/secure.gravatar.com\/avatar\/d08aa2ce4c8dd416d4479aa8536fcf64?s=96&d=mm&r=g\",\"contentUrl\":\"https:\/\/secure.gravatar.com\/avatar\/d08aa2ce4c8dd416d4479aa8536fcf64?s=96&d=mm&r=g\",\"caption\":\"moacir\"},\"url\":\"https:\/\/franciscanos.org.br\/noticias\/author\/moacir\"}]}<\/script>\n<!-- \/ Yoast SEO plugin. -->","yoast_head_json":{"title":"Ain Karem: a festa da Visita de Maria - Not\u00edcias - Franciscanos","robots":{"index":"index","follow":"follow","max-snippet":"max-snippet:-1","max-image-preview":"max-image-preview:large","max-video-preview":"max-video-preview:-1"},"canonical":"https:\/\/franciscanos.org.br\/noticias\/ain-karem-a-festa-da-visita-de-maria.html","og_locale":"pt_BR","og_type":"article","og_title":"Ain Karem: a festa da Visita de Maria - Not\u00edcias - Franciscanos","og_description":"Cust\u00f3dia da Terra Santa","og_url":"https:\/\/franciscanos.org.br\/noticias\/ain-karem-a-festa-da-visita-de-maria.html","og_site_name":"Not\u00edcias - Franciscanos","article_published_time":"2021-06-02T11:42:10+00:00","article_modified_time":"2021-06-02T13:47:10+00:00","og_image":[{"width":800,"height":550,"url":"https:\/\/franciscanos.org.br\/noticias\/wp-content\/uploads\/2021\/06\/visitacao_d.jpg","type":"image\/jpeg"}],"author":"moacir","twitter_card":"summary_large_image","twitter_misc":{"Escrito por":"moacir","Est. tempo de leitura":"3 minutos"},"schema":{"@context":"https:\/\/schema.org","@graph":[{"@type":"WebSite","@id":"https:\/\/franciscanos.org.br\/noticias\/#website","url":"https:\/\/franciscanos.org.br\/noticias\/","name":"Not\u00edcias - Franciscanos","description":"Prov\u00edncia Franciscana da Imaculada Concei\u00e7\u00e3o do Brasil - Ordem dos Frades Menores - OFM","potentialAction":[{"@type":"SearchAction","target":{"@type":"EntryPoint","urlTemplate":"https:\/\/franciscanos.org.br\/noticias\/?s={search_term_string}"},"query-input":"required name=search_term_string"}],"inLanguage":"pt-BR"},{"@type":"ImageObject","inLanguage":"pt-BR","@id":"https:\/\/franciscanos.org.br\/noticias\/ain-karem-a-festa-da-visita-de-maria.html#primaryimage","url":"https:\/\/franciscanos.org.br\/noticias\/wp-content\/uploads\/2021\/06\/visitacao_d.jpg","contentUrl":"https:\/\/franciscanos.org.br\/noticias\/wp-content\/uploads\/2021\/06\/visitacao_d.jpg","width":800,"height":550},{"@type":"WebPage","@id":"https:\/\/franciscanos.org.br\/noticias\/ain-karem-a-festa-da-visita-de-maria.html#webpage","url":"https:\/\/franciscanos.org.br\/noticias\/ain-karem-a-festa-da-visita-de-maria.html","name":"Ain Karem: a festa da Visita de Maria - Not\u00edcias - Franciscanos","isPartOf":{"@id":"https:\/\/franciscanos.org.br\/noticias\/#website"},"primaryImageOfPage":{"@id":"https:\/\/franciscanos.org.br\/noticias\/ain-karem-a-festa-da-visita-de-maria.html#primaryimage"},"datePublished":"2021-06-02T11:42:10+00:00","dateModified":"2021-06-02T13:47:10+00:00","author":{"@id":"https:\/\/franciscanos.org.br\/noticias\/#\/schema\/person\/b5c8cba458c330ccff548b056e95a5d4"},"breadcrumb":{"@id":"https:\/\/franciscanos.org.br\/noticias\/ain-karem-a-festa-da-visita-de-maria.html#breadcrumb"},"inLanguage":"pt-BR","potentialAction":[{"@type":"ReadAction","target":["https:\/\/franciscanos.org.br\/noticias\/ain-karem-a-festa-da-visita-de-maria.html"]}]},{"@type":"BreadcrumbList","@id":"https:\/\/franciscanos.org.br\/noticias\/ain-karem-a-festa-da-visita-de-maria.html#breadcrumb","itemListElement":[{"@type":"ListItem","position":1,"name":"Home","item":"https:\/\/franciscanos.org.br\/noticias"},{"@type":"ListItem","position":2,"name":"Ain Karem: a festa da Visita de Maria"}]},{"@type":"Person","@id":"https:\/\/franciscanos.org.br\/noticias\/#\/schema\/person\/b5c8cba458c330ccff548b056e95a5d4","name":"moacir","image":{"@type":"ImageObject","inLanguage":"pt-BR","@id":"https:\/\/franciscanos.org.br\/noticias\/#\/schema\/person\/image\/","url":"https:\/\/secure.gravatar.com\/avatar\/d08aa2ce4c8dd416d4479aa8536fcf64?s=96&d=mm&r=g","contentUrl":"https:\/\/secure.gravatar.com\/avatar\/d08aa2ce4c8dd416d4479aa8536fcf64?s=96&d=mm&r=g","caption":"moacir"},"url":"https:\/\/franciscanos.org.br\/noticias\/author\/moacir"}]}},"_links":{"self":[{"href":"https:\/\/franciscanos.org.br\/noticias\/wp-json\/wp\/v2\/posts\/232243"}],"collection":[{"href":"https:\/\/franciscanos.org.br\/noticias\/wp-json\/wp\/v2\/posts"}],"about":[{"href":"https:\/\/franciscanos.org.br\/noticias\/wp-json\/wp\/v2\/types\/post"}],"author":[{"embeddable":true,"href":"https:\/\/franciscanos.org.br\/noticias\/wp-json\/wp\/v2\/users\/3"}],"replies":[{"embeddable":true,"href":"https:\/\/franciscanos.org.br\/noticias\/wp-json\/wp\/v2\/comments?post=232243"}],"version-history":[{"count":4,"href":"https:\/\/franciscanos.org.br\/noticias\/wp-json\/wp\/v2\/posts\/232243\/revisions"}],"predecessor-version":[{"id":232250,"href":"https:\/\/franciscanos.org.br\/noticias\/wp-json\/wp\/v2\/posts\/232243\/revisions\/232250"}],"wp:featuredmedia":[{"embeddable":true,"href":"https:\/\/franciscanos.org.br\/noticias\/wp-json\/wp\/v2\/media\/232245"}],"wp:attachment":[{"href":"https:\/\/franciscanos.org.br\/noticias\/wp-json\/wp\/v2\/media?parent=232243"}],"wp:term":[{"taxonomy":"category","embeddable":true,"href":"https:\/\/franciscanos.org.br\/noticias\/wp-json\/wp\/v2\/categories?post=232243"},{"taxonomy":"post_tag","embeddable":true,"href":"https:\/\/franciscanos.org.br\/noticias\/wp-json\/wp\/v2\/tags?post=232243"}],"curies":[{"name":"wp","href":"https:\/\/api.w.org\/{rel}","templated":true}]}}