{"id":232230,"date":"2021-06-01T10:56:36","date_gmt":"2021-06-01T13:56:36","guid":{"rendered":"https:\/\/franciscanos.org.br\/noticias\/?p=232230"},"modified":"2021-06-01T13:37:10","modified_gmt":"2021-06-01T16:37:10","slug":"aos-98-anos-falece-frei-ciriaco-em-braganca-paulista","status":"publish","type":"post","link":"https:\/\/franciscanos.org.br\/noticias\/aos-98-anos-falece-frei-ciriaco-em-braganca-paulista.html","title":{"rendered":"Aos 98 anos, falece Frei Cir\u00edaco em Bragan\u00e7a Paulista  \u00a0"},"content":{"rendered":"<p><strong><img loading=\"lazy\" class=\"size-medium wp-image-232231 alignleft\" src=\"https:\/\/franciscanos.org.br\/noticias\/wp-content\/uploads\/2021\/06\/ciriaco_0106-386x450.jpg\" alt=\"\" width=\"386\" height=\"450\" srcset=\"https:\/\/franciscanos.org.br\/noticias\/wp-content\/uploads\/2021\/06\/ciriaco_0106-386x450.jpg 386w, https:\/\/franciscanos.org.br\/noticias\/wp-content\/uploads\/2021\/06\/ciriaco_0106-150x175.jpg 150w, https:\/\/franciscanos.org.br\/noticias\/wp-content\/uploads\/2021\/06\/ciriaco_0106.jpg 600w\" sizes=\"(max-width: 386px) 100vw, 386px\" \/>* 28\/07\/1922 +01\/06\/2021<\/strong><\/p>\n<p>Faleceu na manh\u00e3 desta ter\u00e7a-feira, dia 1\u00ba de junho, por volta das 6h30, em Bragan\u00e7a Paulista, SP, Frei Cir\u00edaco Tokarski, aos 98 anos. Segundo o guardi\u00e3o da Fraternidade, Frei Carlos K\u00f6rber, Frei Cir\u00edaco vinha apresentando queda vis\u00edvel em seu estado geral. Na \u00faltima semana, esteve muito silencioso e passava a maior parte do tempo deitado. \u201cNesta manh\u00e3, de forma serena, entregou sua vida a Deus\u201d, descreveu Frei Carlos.\u00a0 Quanto \u00e0s cerim\u00f4nias de despedida, \u00e0s 13h15, est\u00e1 prevista a Celebra\u00e7\u00e3o Eucar\u00edstica no Convento de Bragan\u00e7a e, logo ap\u00f3s, o corpo segue para S\u00e3o Paulo, onde haver\u00e1 o sepultamento, previsto para as 15h30, no Cemit\u00e9rio do Sant\u00edssimo Sacramento, na capital paulista, \u00e0 Rua Dr. Arnaldo, 1200, no bairro do Sumar\u00e9.<\/p>\n<p><strong>Dados pessoais, forma\u00e7\u00e3o e atividades<\/strong><\/p>\n<p><strong>28\/07\/1922<\/strong> \u2013 Nascimento em Contenda, Paran\u00e1 (<strong>98 anos)<\/strong><br \/>\n<strong>08\/03\/1938<\/strong> \u2013 Semin\u00e1rio S\u00e3o Lu\u00eds de Tolosa, Rio Negro, PR<br \/>\n<strong>20\/12\/1943<\/strong> \u2013 Ingresso no Noviciado Franciscano em Rodeio, SC<br \/>\n<strong>21\/12\/1944<\/strong> \u2013 Primeira Profiss\u00e3o na Ordem dos Frades Menores <strong>(76 anos de Vida Religiosa)<\/strong><br \/>\n<strong>21\/12\/1947<\/strong> \u2013 Profiss\u00e3o Solene<br \/>\n<strong>26\/07\/1951<\/strong> \u2013 Ordena\u00e7\u00e3o Presbiteral (<strong>69 anos de Sacerd\u00f3cio)\u00a0<\/strong><\/p>\n<p><strong>Atividades na Evangeliza\u00e7\u00e3o<\/strong><\/p>\n<p><strong>13\/01\/1953<\/strong> \u2013 Porto Uni\u00e3o, SC<br \/>\n<strong>18\/01\/1962<\/strong> &#8211; Porto Uni\u00e3o, SC, guardi\u00e3o e p\u00e1roco<br \/>\n<strong>28\/01\/1968<\/strong> &#8211; Gaspar, SC, vig\u00e1rio coadjutor<br \/>\n<strong>15\/01\/1971<\/strong> &#8211; Rodeio, SC, vig\u00e1rio do convento e vice-mestre<br \/>\n<strong>12\/12\/1972<\/strong> &#8211; Joa\u00e7aba, SC, vig\u00e1rio coadjutor<br \/>\n<strong>10\/06\/1974<\/strong> &#8211; Campos do Jord\u00e3o, SP, vig\u00e1rio conventual<br \/>\n<strong>23\/12\/1986<\/strong> &#8211; Londrina, PR, vig\u00e1rio paroquial<br \/>\n<strong>17\/01\/1992<\/strong> &#8211; Canoinhas, SC, vig\u00e1rio paroquial e vig\u00e1rio da casa<br \/>\n<strong>07\/07\/1993<\/strong> &#8211; Florian\u00f3polis, SC, vig\u00e1rio paroquial<br \/>\n<strong>29\/11\/1997<\/strong> &#8211; Guaratinguet\u00e1, SP, Postulantado, atendente conventual<br \/>\n<strong>27\/11\/2014<\/strong> &#8211; Bragan\u00e7a Paulista, SP, tratamento de sa\u00fade<\/p>\n<p><strong>O frade menor<\/strong><\/p>\n<p>Frei Cir\u00edaco nasceu em Catanduva, no munic\u00edpio de Contenda, no Paran\u00e1, no dia 28 de julho de 1922, recebendo o nome de Batismo de Inocente Tokarski. Filho dos emigrantes poloneses Alberto Tokarski e Josepha Lesniovski, foi o 8\u00ba de 12 filhos, 6 homens e 6 mulheres. Dentre as lembran\u00e7as mais marcantes da vida em fam\u00edlia, recorda a religiosidade e a honestidade dos pais. &#8220;N\u00e3o perdiam a Santa Missa, comungavam e confessavam com frequ\u00eancia&#8221;, escreveu na sua ficha autobiogr\u00e1fica, contando tamb\u00e9m que eram muito amigos dos frades franciscanos, que sempre almo\u00e7avam em sua casa. Segundo o frade, seu pai era muito estimado pelo povo e chegou a ser suplente de vereador. &#8220;Ambos n\u00e3o tinham muita forma\u00e7\u00e3o, mas educaram bem os filhos, tanto assim que todos foram cat\u00f3licos comprometidos com sua comunidade&#8221;, revelou. Al\u00e9m dele, a fam\u00edlia tamb\u00e9m teve uma filha religiosa, que ingressou nas Filhas de Caridade de S\u00e3o Vicente de Paulo. A fam\u00edlia residiu em Catanduva at\u00e9 Frei Cir\u00edaco completar 5 anos de idade, mas teve que se mudar \u00e0s pressas para Canoinhas, SC, porque as tropas de Get\u00falio Vargas chegariam na cidade e o pai era do partido opositor.<\/p>\n<p>Seu discernimento vocacional se deu quando, diariamente, fazia um percurso de 3 quil\u00f4metros at\u00e9 o Convento dos Franciscanos para entregar leite. &#8220;Assim, dia a dia, me encontrava com os frades ou com um mo\u00e7o que trabalhava no convento. Encantei-me com o modo de viver e ser deles. Fui perguntado diversas vezes se queria ser padre, mas n\u00e3o dizia &#8216;sim&#8217;, embora meu desejo fosse loucamente grande&#8221;, revelou. Segundo ele, era uma crian\u00e7a doentia. &#8220;Aos 3 anos de idade, meus pais me consideravam candidato certo de morte bem pr\u00f3xima (viveu at\u00e9 98 anos). Sofria dos intestinos. Com medicamentos de ervas, um homem experimentado do campo em doen\u00e7as, preparou-me um rem\u00e9dio que me curou at\u00e9 os 16 anos. Depois disso, continuei sempre meio &#8216;encrencado'&#8221;, brincava. Segundo ele, era franzino e sofria para trabalhar na lavoura, cria\u00e7\u00e3o de gado e na madeireira. T\u00edmido, dizia que tinha facilidade nas ci\u00eancias exatas. &#8220;Qualquer trabalho, fa\u00e7o-o dentro de minhas for\u00e7as&#8221;, disse. &#8220;Tive desgostos, desaforos, momentos amargos e duros, mas que n\u00e3o me fizeram perder o \u00e2nimo&#8221;, revelou. Para ele, o que marca diariamente a sua vida \u00e9 a gra\u00e7a de ser religioso e servir a Deus como sacerdote.<\/p>\n<p>&#8220;Sinto-me feliz de poder ser fiel aos meus ideais, apesar das fraquezas e defici\u00eancias, e de ter contribu\u00eddo como instrumento nas m\u00e3os do Senhor para espalhar a gra\u00e7a a tantos que cruzaram na minha vida de religioso e sacerdote&#8221;, celebrou em vida. &#8220;O que me seduz, encanta e sustenta humanamente \u00e9 o conv\u00edvio dos irm\u00e3os&#8221;, disse sobre a vida religiosa franciscana que escolheu.<\/p>\n<p><strong>Depoimento de Frei Fid\u00eancio<\/strong><\/p>\n<p>O ex-Ministro Provincial, Frei Fid\u00eancio Vanboemmel, conviveu com Frei Cir\u00edaco no in\u00edcio de sua vida sacerdotal. &#8220;Eu tenho uma grata recorda\u00e7\u00e3o do Frei Cir\u00edaco porque, sem d\u00favida alguma, ele foi um frade referencial ao lado do falecido Frei Bruno Kreling, durante a minha primeira transfer\u00eancia para a Par\u00f3quia Santa Terezinha, em Campos do Jord\u00e3o, SP&#8221;, recorda Frei Fid\u00eancio. &#8220;A Fraternidade de Campos do Jord\u00e3o me acolheu e Frei Cir\u00edaco foi aquela pessoa muito pr\u00f3xima, muito atenciosa, principalmente para quem era &#8216;marinheiro de primeira viagem&#8217;. E os cinco anos que convivi com ele &#8211; de janeiro de 1981 at\u00e9 final 1985 &#8211; foram anos muito bonitos. Chamava a aten\u00e7\u00e3o o cuidado que ele tinha. Um homem muito zeloso no cuidado pastoral, mesmo com a idade, estava envolvido na pastoral com os jovens. Ele tinha um grupo da Jufra na Igreja de S\u00e3o Benedito. Esse zelo ele tamb\u00e9m mostrava dentro de casa, com a fraternidade. Ele era o ec\u00f4nomo da Fraternidade, muito s\u00f3brio, muito justo, muito honesto e transparente. N\u00e3o deixava faltar nada na Fraternidade. N\u00e3o como exagero, mas dentro do esp\u00edrito de pobreza, em que cada irm\u00e3o pudesse se sentir bem. Foram cinco anos de gratas recorda\u00e7\u00f5es&#8221;, avalia Frei Fid\u00eancio.<\/p>\n<p>&#8220;Ele sempre se dizia um homem fr\u00e1gil, doente, tinha suas dietas, mas se cuidando chegou \u00e0 idade de praticamente 99 anos. Eu, pessoalmente, sou muito grato a Deus por ele ter sido essa for\u00e7a fraterna, presen\u00e7a amiga, como um pai nos primeiros anos de vida sacerdotal. Depois morei com ele uma segunda vez quando era mestre dos postulantes em Guaratinguet\u00e1, entre os anos de 1998 a 2000. Frei Cir\u00edaco, um homem um pouco mais envelhecido, continuava sendo essa presen\u00e7a agrad\u00e1vel, fraterna. Destacava o zelo que ele tinha no atendimento das confiss\u00f5es, muito fiel e pontual. Era o mesmo homem que conheci em Campos do Jord\u00e3o, com as mesmas caracter\u00edsticas, os mesmos jeitinhos, os mesmos pensamentos. Sempre foi uma pessoa referencial e quando ia visit\u00e1-lo em Bragan\u00e7a, dizia: &#8216;Saudades dos tempos de Campos do Jord\u00e3o!&#8217;. Ele dizia: &#8216;\u00c9, bons tempos!&#8217; O seu jeito simples de ser e viver marcou muito minha vida&#8221;, completou.<\/p>\n<p><em>R.I.P<\/em><\/p>\n<p><strong>Da Secretaria Provincial<\/strong><\/p>\n","protected":false},"excerpt":{"rendered":"<p>Prov\u00edncia de luto<\/p>\n","protected":false},"author":3,"featured_media":232232,"comment_status":"open","ping_status":"open","sticky":false,"template":"","format":"standard","meta":[],"categories":[1],"tags":[1160],"acf":[],"yoast_head":"<!-- This site is optimized with the Yoast SEO plugin v19.2 - https:\/\/yoast.com\/wordpress\/plugins\/seo\/ -->\n<title>Aos 98 anos, falece Frei Cir\u00edaco em Bragan\u00e7a Paulista \u00a0 - Not\u00edcias - Franciscanos<\/title>\n<meta name=\"robots\" content=\"index, follow, max-snippet:-1, max-image-preview:large, max-video-preview:-1\" \/>\n<link rel=\"canonical\" href=\"https:\/\/franciscanos.org.br\/noticias\/aos-98-anos-falece-frei-ciriaco-em-braganca-paulista.html\" \/>\n<meta property=\"og:locale\" content=\"pt_BR\" \/>\n<meta property=\"og:type\" content=\"article\" \/>\n<meta property=\"og:title\" content=\"Aos 98 anos, falece Frei Cir\u00edaco em Bragan\u00e7a Paulista \u00a0 - Not\u00edcias - Franciscanos\" \/>\n<meta property=\"og:description\" content=\"Prov\u00edncia de luto\" \/>\n<meta property=\"og:url\" content=\"https:\/\/franciscanos.org.br\/noticias\/aos-98-anos-falece-frei-ciriaco-em-braganca-paulista.html\" \/>\n<meta property=\"og:site_name\" content=\"Not\u00edcias - Franciscanos\" \/>\n<meta property=\"article:published_time\" content=\"2021-06-01T13:56:36+00:00\" \/>\n<meta property=\"article:modified_time\" content=\"2021-06-01T16:37:10+00:00\" \/>\n<meta property=\"og:image\" content=\"https:\/\/franciscanos.org.br\/noticias\/wp-content\/uploads\/2021\/06\/ciriaco_0106d.jpg\" \/>\n\t<meta property=\"og:image:width\" content=\"800\" \/>\n\t<meta property=\"og:image:height\" content=\"549\" \/>\n\t<meta property=\"og:image:type\" content=\"image\/jpeg\" \/>\n<meta name=\"author\" content=\"moacir\" \/>\n<meta name=\"twitter:card\" content=\"summary_large_image\" \/>\n<meta name=\"twitter:label1\" content=\"Escrito por\" \/>\n\t<meta name=\"twitter:data1\" content=\"moacir\" \/>\n\t<meta name=\"twitter:label2\" content=\"Est. tempo de leitura\" \/>\n\t<meta name=\"twitter:data2\" content=\"6 minutos\" \/>\n<script type=\"application\/ld+json\" class=\"yoast-schema-graph\">{\"@context\":\"https:\/\/schema.org\",\"@graph\":[{\"@type\":\"WebSite\",\"@id\":\"https:\/\/franciscanos.org.br\/noticias\/#website\",\"url\":\"https:\/\/franciscanos.org.br\/noticias\/\",\"name\":\"Not\u00edcias - Franciscanos\",\"description\":\"Prov\u00edncia Franciscana da Imaculada Concei\u00e7\u00e3o do Brasil - Ordem dos Frades Menores - OFM\",\"potentialAction\":[{\"@type\":\"SearchAction\",\"target\":{\"@type\":\"EntryPoint\",\"urlTemplate\":\"https:\/\/franciscanos.org.br\/noticias\/?s={search_term_string}\"},\"query-input\":\"required name=search_term_string\"}],\"inLanguage\":\"pt-BR\"},{\"@type\":\"ImageObject\",\"inLanguage\":\"pt-BR\",\"@id\":\"https:\/\/franciscanos.org.br\/noticias\/aos-98-anos-falece-frei-ciriaco-em-braganca-paulista.html#primaryimage\",\"url\":\"https:\/\/franciscanos.org.br\/noticias\/wp-content\/uploads\/2021\/06\/ciriaco_0106d.jpg\",\"contentUrl\":\"https:\/\/franciscanos.org.br\/noticias\/wp-content\/uploads\/2021\/06\/ciriaco_0106d.jpg\",\"width\":800,\"height\":549},{\"@type\":\"WebPage\",\"@id\":\"https:\/\/franciscanos.org.br\/noticias\/aos-98-anos-falece-frei-ciriaco-em-braganca-paulista.html#webpage\",\"url\":\"https:\/\/franciscanos.org.br\/noticias\/aos-98-anos-falece-frei-ciriaco-em-braganca-paulista.html\",\"name\":\"Aos 98 anos, falece Frei Cir\u00edaco em Bragan\u00e7a Paulista \u00a0 - Not\u00edcias - Franciscanos\",\"isPartOf\":{\"@id\":\"https:\/\/franciscanos.org.br\/noticias\/#website\"},\"primaryImageOfPage\":{\"@id\":\"https:\/\/franciscanos.org.br\/noticias\/aos-98-anos-falece-frei-ciriaco-em-braganca-paulista.html#primaryimage\"},\"datePublished\":\"2021-06-01T13:56:36+00:00\",\"dateModified\":\"2021-06-01T16:37:10+00:00\",\"author\":{\"@id\":\"https:\/\/franciscanos.org.br\/noticias\/#\/schema\/person\/b5c8cba458c330ccff548b056e95a5d4\"},\"breadcrumb\":{\"@id\":\"https:\/\/franciscanos.org.br\/noticias\/aos-98-anos-falece-frei-ciriaco-em-braganca-paulista.html#breadcrumb\"},\"inLanguage\":\"pt-BR\",\"potentialAction\":[{\"@type\":\"ReadAction\",\"target\":[\"https:\/\/franciscanos.org.br\/noticias\/aos-98-anos-falece-frei-ciriaco-em-braganca-paulista.html\"]}]},{\"@type\":\"BreadcrumbList\",\"@id\":\"https:\/\/franciscanos.org.br\/noticias\/aos-98-anos-falece-frei-ciriaco-em-braganca-paulista.html#breadcrumb\",\"itemListElement\":[{\"@type\":\"ListItem\",\"position\":1,\"name\":\"Home\",\"item\":\"https:\/\/franciscanos.org.br\/noticias\"},{\"@type\":\"ListItem\",\"position\":2,\"name\":\"Aos 98 anos, falece Frei Cir\u00edaco em Bragan\u00e7a Paulista \u00a0\"}]},{\"@type\":\"Person\",\"@id\":\"https:\/\/franciscanos.org.br\/noticias\/#\/schema\/person\/b5c8cba458c330ccff548b056e95a5d4\",\"name\":\"moacir\",\"image\":{\"@type\":\"ImageObject\",\"inLanguage\":\"pt-BR\",\"@id\":\"https:\/\/franciscanos.org.br\/noticias\/#\/schema\/person\/image\/\",\"url\":\"https:\/\/secure.gravatar.com\/avatar\/d08aa2ce4c8dd416d4479aa8536fcf64?s=96&d=mm&r=g\",\"contentUrl\":\"https:\/\/secure.gravatar.com\/avatar\/d08aa2ce4c8dd416d4479aa8536fcf64?s=96&d=mm&r=g\",\"caption\":\"moacir\"},\"url\":\"https:\/\/franciscanos.org.br\/noticias\/author\/moacir\"}]}<\/script>\n<!-- \/ Yoast SEO plugin. -->","yoast_head_json":{"title":"Aos 98 anos, falece Frei Cir\u00edaco em Bragan\u00e7a Paulista \u00a0 - Not\u00edcias - Franciscanos","robots":{"index":"index","follow":"follow","max-snippet":"max-snippet:-1","max-image-preview":"max-image-preview:large","max-video-preview":"max-video-preview:-1"},"canonical":"https:\/\/franciscanos.org.br\/noticias\/aos-98-anos-falece-frei-ciriaco-em-braganca-paulista.html","og_locale":"pt_BR","og_type":"article","og_title":"Aos 98 anos, falece Frei Cir\u00edaco em Bragan\u00e7a Paulista \u00a0 - Not\u00edcias - Franciscanos","og_description":"Prov\u00edncia de luto","og_url":"https:\/\/franciscanos.org.br\/noticias\/aos-98-anos-falece-frei-ciriaco-em-braganca-paulista.html","og_site_name":"Not\u00edcias - Franciscanos","article_published_time":"2021-06-01T13:56:36+00:00","article_modified_time":"2021-06-01T16:37:10+00:00","og_image":[{"width":800,"height":549,"url":"https:\/\/franciscanos.org.br\/noticias\/wp-content\/uploads\/2021\/06\/ciriaco_0106d.jpg","type":"image\/jpeg"}],"author":"moacir","twitter_card":"summary_large_image","twitter_misc":{"Escrito por":"moacir","Est. tempo de leitura":"6 minutos"},"schema":{"@context":"https:\/\/schema.org","@graph":[{"@type":"WebSite","@id":"https:\/\/franciscanos.org.br\/noticias\/#website","url":"https:\/\/franciscanos.org.br\/noticias\/","name":"Not\u00edcias - Franciscanos","description":"Prov\u00edncia Franciscana da Imaculada Concei\u00e7\u00e3o do Brasil - Ordem dos Frades Menores - OFM","potentialAction":[{"@type":"SearchAction","target":{"@type":"EntryPoint","urlTemplate":"https:\/\/franciscanos.org.br\/noticias\/?s={search_term_string}"},"query-input":"required name=search_term_string"}],"inLanguage":"pt-BR"},{"@type":"ImageObject","inLanguage":"pt-BR","@id":"https:\/\/franciscanos.org.br\/noticias\/aos-98-anos-falece-frei-ciriaco-em-braganca-paulista.html#primaryimage","url":"https:\/\/franciscanos.org.br\/noticias\/wp-content\/uploads\/2021\/06\/ciriaco_0106d.jpg","contentUrl":"https:\/\/franciscanos.org.br\/noticias\/wp-content\/uploads\/2021\/06\/ciriaco_0106d.jpg","width":800,"height":549},{"@type":"WebPage","@id":"https:\/\/franciscanos.org.br\/noticias\/aos-98-anos-falece-frei-ciriaco-em-braganca-paulista.html#webpage","url":"https:\/\/franciscanos.org.br\/noticias\/aos-98-anos-falece-frei-ciriaco-em-braganca-paulista.html","name":"Aos 98 anos, falece Frei Cir\u00edaco em Bragan\u00e7a Paulista \u00a0 - Not\u00edcias - Franciscanos","isPartOf":{"@id":"https:\/\/franciscanos.org.br\/noticias\/#website"},"primaryImageOfPage":{"@id":"https:\/\/franciscanos.org.br\/noticias\/aos-98-anos-falece-frei-ciriaco-em-braganca-paulista.html#primaryimage"},"datePublished":"2021-06-01T13:56:36+00:00","dateModified":"2021-06-01T16:37:10+00:00","author":{"@id":"https:\/\/franciscanos.org.br\/noticias\/#\/schema\/person\/b5c8cba458c330ccff548b056e95a5d4"},"breadcrumb":{"@id":"https:\/\/franciscanos.org.br\/noticias\/aos-98-anos-falece-frei-ciriaco-em-braganca-paulista.html#breadcrumb"},"inLanguage":"pt-BR","potentialAction":[{"@type":"ReadAction","target":["https:\/\/franciscanos.org.br\/noticias\/aos-98-anos-falece-frei-ciriaco-em-braganca-paulista.html"]}]},{"@type":"BreadcrumbList","@id":"https:\/\/franciscanos.org.br\/noticias\/aos-98-anos-falece-frei-ciriaco-em-braganca-paulista.html#breadcrumb","itemListElement":[{"@type":"ListItem","position":1,"name":"Home","item":"https:\/\/franciscanos.org.br\/noticias"},{"@type":"ListItem","position":2,"name":"Aos 98 anos, falece Frei Cir\u00edaco em Bragan\u00e7a Paulista \u00a0"}]},{"@type":"Person","@id":"https:\/\/franciscanos.org.br\/noticias\/#\/schema\/person\/b5c8cba458c330ccff548b056e95a5d4","name":"moacir","image":{"@type":"ImageObject","inLanguage":"pt-BR","@id":"https:\/\/franciscanos.org.br\/noticias\/#\/schema\/person\/image\/","url":"https:\/\/secure.gravatar.com\/avatar\/d08aa2ce4c8dd416d4479aa8536fcf64?s=96&d=mm&r=g","contentUrl":"https:\/\/secure.gravatar.com\/avatar\/d08aa2ce4c8dd416d4479aa8536fcf64?s=96&d=mm&r=g","caption":"moacir"},"url":"https:\/\/franciscanos.org.br\/noticias\/author\/moacir"}]}},"_links":{"self":[{"href":"https:\/\/franciscanos.org.br\/noticias\/wp-json\/wp\/v2\/posts\/232230"}],"collection":[{"href":"https:\/\/franciscanos.org.br\/noticias\/wp-json\/wp\/v2\/posts"}],"about":[{"href":"https:\/\/franciscanos.org.br\/noticias\/wp-json\/wp\/v2\/types\/post"}],"author":[{"embeddable":true,"href":"https:\/\/franciscanos.org.br\/noticias\/wp-json\/wp\/v2\/users\/3"}],"replies":[{"embeddable":true,"href":"https:\/\/franciscanos.org.br\/noticias\/wp-json\/wp\/v2\/comments?post=232230"}],"version-history":[{"count":4,"href":"https:\/\/franciscanos.org.br\/noticias\/wp-json\/wp\/v2\/posts\/232230\/revisions"}],"predecessor-version":[{"id":232236,"href":"https:\/\/franciscanos.org.br\/noticias\/wp-json\/wp\/v2\/posts\/232230\/revisions\/232236"}],"wp:featuredmedia":[{"embeddable":true,"href":"https:\/\/franciscanos.org.br\/noticias\/wp-json\/wp\/v2\/media\/232232"}],"wp:attachment":[{"href":"https:\/\/franciscanos.org.br\/noticias\/wp-json\/wp\/v2\/media?parent=232230"}],"wp:term":[{"taxonomy":"category","embeddable":true,"href":"https:\/\/franciscanos.org.br\/noticias\/wp-json\/wp\/v2\/categories?post=232230"},{"taxonomy":"post_tag","embeddable":true,"href":"https:\/\/franciscanos.org.br\/noticias\/wp-json\/wp\/v2\/tags?post=232230"}],"curies":[{"name":"wp","href":"https:\/\/api.w.org\/{rel}","templated":true}]}}